{"id":24748,"date":"2025-06-12T15:30:22","date_gmt":"2025-06-12T21:30:22","guid":{"rendered":"https:\/\/conexionnacional.mx\/?p=24748"},"modified":"2025-06-12T15:30:25","modified_gmt":"2025-06-12T21:30:25","slug":"captan-primeras-imagenes-jamas-obtenidas-del-polo-sur-solar","status":"publish","type":"post","link":"https:\/\/conexionnacional.mx\/index.php\/2025\/06\/12\/captan-primeras-imagenes-jamas-obtenidas-del-polo-sur-solar\/","title":{"rendered":"Captan primeras im\u00e1genes jam\u00e1s obtenidas del polo sur solar"},"content":{"rendered":"\n<p>Gracias a su nueva \u00f3rbita inclinada alrededor del Sol, la sonda&nbsp;<em>Solar Orbiter<\/em>&nbsp;(sat\u00e9lite cient\u00edfico de observaci\u00f3n solar) de la ESA\/NASA es la primera en obtener im\u00e1genes de los polos solares desde fuera del plano ecl\u00edptico.<\/p>\n\n\n\n<p>El \u00e1ngulo de visi\u00f3n \u00fanico del sat\u00e9lite de observaci\u00f3n cambiar\u00e1 nuestra comprensi\u00f3n del campo magn\u00e9tico y ciclo solares, as\u00ed como el funcionamiento de la meteorolog\u00eda espacial, seg\u00fan un comunicado de la ESA.<\/p>\n\n\n\n<p>Toda imagen del astro se tom\u00f3 hasta ahora desde el ecuador solar. Esto se debe a que la Tierra, los otros planetas y todas las dem\u00e1s sondas espaciales operativas orbitan el astro dentro de un disco plano llamado plano ecl\u00edptico. Al inclinar su \u00f3rbita respecto a este plano,&nbsp;<em>Solar Orbiter&nbsp;<\/em>revela el Sol desde un \u00e1ngulo completamente nuevo.<\/p>\n\n\n\n<p>Un video de la ESA compara la vista de&nbsp;<em>Solar Orbiter<\/em>&nbsp;(en amarillo) con la vista desde la Tierra (en gris), el pasado 23 de marzo. En ese momento, la sonda observaba el Sol desde un \u00e1ngulo de 17 grados por debajo del ecuador solar, suficiente para ver directamente el polo sur solar. En los pr\u00f3ximos a\u00f1os, la nave espacial inclinar\u00e1 a\u00fan m\u00e1s su \u00f3rbita, por lo que las mejores vistas a\u00fan est\u00e1n por llegar.<\/p>\n\n\n\n<p>Hoy revelamos las primeras im\u00e1genes jam\u00e1s obtenidas por la humanidad del polo solar, afirma la profesora Carole Mundell, directora cient\u00edfica de la ESA. \u201cEl Sol es nuestra estrella m\u00e1s cercana, fuente de vida y un potencial disruptor de los sistemas energ\u00e9ticos espaciales y terrestres modernos, por lo que es imperativo que comprendamos su funcionamiento y aprendamos a predecir su comportamiento. Estas nuevas im\u00e1genes \u00fanicas de nuestra misi\u00f3n&nbsp;<em>Solar Orbiter<\/em>&nbsp;marcan el comienzo de una nueva era en la ciencia solar\u201d.<\/p>\n\n\n\n<p>Las im\u00e1genes fueron tomadas por tres instrumentos cient\u00edficos de&nbsp;<em>Solar Orbiter<\/em>: el Polarimetric and Helioseismic Imager (PHI), el Extreme Ultraviolet Imager y el Spectral Imaging of the Coronal Environment.<\/p>\n\n\n\n<p>Al comparar y analizar las observaciones complementarias realizadas por estos tres instrumentos de imagen, se puede comprender c\u00f3mo se mueve la materia en las capas externas del Sol. Esto podr\u00eda revelar patrones inesperados, como v\u00f3rtices polares (gas en remolino) similares a los observados alrededor de los polos de Venus y Saturno.<\/p>\n\n\n\n<p>Seg\u00fan la ESA, estas innovadoras observaciones tambi\u00e9n son claves para comprender el campo magn\u00e9tico del Sol y por qu\u00e9 cambia aproximadamente cada 11 a\u00f1os, coincidiendo con un pico de actividad solar. Los modelos y predicciones actuales del ciclo solar de 11 a\u00f1os no logran predecir con exactitud cu\u00e1ndo y con qu\u00e9 intensidad el Sol alcanzar\u00e1 su estado m\u00e1s activo.<\/p>\n\n\n\n<p><strong>Magnetismo desordenado<\/strong><\/p>\n\n\n\n<p>Uno de los primeros hallazgos cient\u00edficos de las observaciones polares de&nbsp;<em>Solar Orbiter<\/em>&nbsp;es el descubrimiento de que, en el polo sur, el campo magn\u00e9tico del Sol es actualmente desordenado. Mientras un im\u00e1n normal tiene polos norte y sur bien definidos, las mediciones del campo magn\u00e9tico del instrumento PHI muestran que en el polo sur del Sol existen campos magn\u00e9ticos de polaridad norte y sur.<\/p>\n\n\n\n<p>Esto ocurre s\u00f3lo en un breve periodo de tiempo durante cada ciclo solar, en el m\u00e1ximo solar, cuando el campo magn\u00e9tico de la estrella invierte su actividad. Tras la inversi\u00f3n del campo, deber\u00eda formarse lentamente una \u00fanica polaridad que tomar\u00e1 el control en los polos solares. Dentro de cinco o seis a\u00f1os, el Sol alcanzar\u00e1 su pr\u00f3ximo m\u00ednimo solar, durante el cual su campo magn\u00e9tico alcanzar\u00e1 su nivel m\u00e1s ordenado y mostrar\u00e1 sus niveles m\u00e1s bajos de actividad.<\/p>\n\n\n\n<p>\u201cA\u00fan no se comprende completamente c\u00f3mo se produce esta acumulaci\u00f3n, por lo que&nbsp;<em>Solar Orbiter&nbsp;<\/em>ha alcanzado latitudes altas en el momento justo para seguir todo el proceso desde su perspectiva \u00fanica y ventajosa\u201d, se\u00f1ala Sami.<\/p>\n","protected":false},"excerpt":{"rendered":"<p>Gracias a su nueva \u00f3rbita inclinada alrededor del Sol, la sonda&nbsp;Solar Orbiter&nbsp;(sat\u00e9lite cient\u00edfico de observaci\u00f3n solar) de la ESA\/NASA es la primera en obtener im\u00e1genes de los polos solares desde fuera del plano ecl\u00edptico. El \u00e1ngulo de visi\u00f3n \u00fanico del sat\u00e9lite de observaci\u00f3n cambiar\u00e1 nuestra comprensi\u00f3n del campo magn\u00e9tico y ciclo solares, as\u00ed como el [&hellip;]<\/p>\n","protected":false},"author":1,"featured_media":24749,"comment_status":"closed","ping_status":"closed","sticky":false,"template":"","format":"aside","meta":{"googlesitekit_rrm_CAowytPeCw:productID":"","footnotes":""},"categories":[24],"tags":[9004],"class_list":["post-24748","post","type-post","status-publish","format-aside","has-post-thumbnail","hentry","category-ciencia-y-tecnologia","tag-polo-sur-solar","post_format-post-format-aside"],"yoast_head":"<!-- This site is optimized with the Yoast SEO plugin v27.4 - https:\/\/yoast.com\/product\/yoast-seo-wordpress\/ -->\n<title>Captan primeras im\u00e1genes jam\u00e1s obtenidas del polo sur solar |<\/title>\n<meta name=\"robots\" content=\"index, follow, max-snippet:-1, max-image-preview:large, max-video-preview:-1\" \/>\n<link rel=\"canonical\" href=\"https:\/\/conexionnacional.mx\/index.php\/2025\/06\/12\/captan-primeras-imagenes-jamas-obtenidas-del-polo-sur-solar\/\" \/>\n<meta property=\"og:locale\" content=\"es_MX\" \/>\n<meta property=\"og:type\" content=\"article\" \/>\n<meta property=\"og:title\" content=\"Captan primeras im\u00e1genes jam\u00e1s obtenidas del polo sur solar |\" \/>\n<meta property=\"og:description\" content=\"Gracias a su nueva \u00f3rbita inclinada alrededor del Sol, la sonda&nbsp;Solar Orbiter&nbsp;(sat\u00e9lite cient\u00edfico de observaci\u00f3n solar) de la ESA\/NASA es la primera en obtener im\u00e1genes de los polos solares desde fuera del plano ecl\u00edptico. El \u00e1ngulo de visi\u00f3n \u00fanico del sat\u00e9lite de observaci\u00f3n cambiar\u00e1 nuestra comprensi\u00f3n del campo magn\u00e9tico y ciclo solares, as\u00ed como el [&hellip;]\" \/>\n<meta property=\"og:url\" content=\"https:\/\/conexionnacional.mx\/index.php\/2025\/06\/12\/captan-primeras-imagenes-jamas-obtenidas-del-polo-sur-solar\/\" \/>\n<meta property=\"og:site_name\" content=\"Conexi\u00f3n Nacional\" \/>\n<meta property=\"article:publisher\" content=\"https:\/\/www.facebook.com\/cnmxradio\" \/>\n<meta property=\"article:published_time\" content=\"2025-06-12T21:30:22+00:00\" \/>\n<meta property=\"article:modified_time\" content=\"2025-06-12T21:30:25+00:00\" \/>\n<meta property=\"og:image\" content=\"https:\/\/conexionnacional.mx\/wp-content\/uploads\/2025\/06\/captan-primeras-imagenes-jamas-o.jpg\" \/>\n\t<meta property=\"og:image:width\" content=\"1132\" \/>\n\t<meta property=\"og:image:height\" content=\"607\" \/>\n\t<meta property=\"og:image:type\" content=\"image\/jpeg\" \/>\n<meta name=\"author\" content=\"Conexi\u00f3n Nacional\" \/>\n<meta name=\"twitter:card\" content=\"summary_large_image\" \/>\n<meta name=\"twitter:label1\" content=\"Escrito por\" \/>\n\t<meta name=\"twitter:data1\" content=\"Conexi\u00f3n Nacional\" \/>\n\t<meta name=\"twitter:label2\" content=\"Tiempo de lectura\" \/>\n\t<meta name=\"twitter:data2\" content=\"3 minutos\" \/>\n<script type=\"application\/ld+json\" class=\"yoast-schema-graph\">{\"@context\":\"https:\\\/\\\/schema.org\",\"@graph\":[{\"@type\":\"Article\",\"@id\":\"https:\\\/\\\/conexionnacional.mx\\\/index.php\\\/2025\\\/06\\\/12\\\/captan-primeras-imagenes-jamas-obtenidas-del-polo-sur-solar\\\/#article\",\"isPartOf\":{\"@id\":\"https:\\\/\\\/conexionnacional.mx\\\/index.php\\\/2025\\\/06\\\/12\\\/captan-primeras-imagenes-jamas-obtenidas-del-polo-sur-solar\\\/\"},\"author\":{\"name\":\"Conexi\u00f3n Nacional\",\"@id\":\"https:\\\/\\\/conexionnacional.mx\\\/#\\\/schema\\\/person\\\/dd14aeda902120f5e0e021903fdb6931\"},\"headline\":\"Captan primeras im\u00e1genes jam\u00e1s obtenidas del polo sur solar\",\"datePublished\":\"2025-06-12T21:30:22+00:00\",\"dateModified\":\"2025-06-12T21:30:25+00:00\",\"mainEntityOfPage\":{\"@id\":\"https:\\\/\\\/conexionnacional.mx\\\/index.php\\\/2025\\\/06\\\/12\\\/captan-primeras-imagenes-jamas-obtenidas-del-polo-sur-solar\\\/\"},\"wordCount\":681,\"publisher\":{\"@id\":\"https:\\\/\\\/conexionnacional.mx\\\/#organization\"},\"image\":{\"@id\":\"https:\\\/\\\/conexionnacional.mx\\\/index.php\\\/2025\\\/06\\\/12\\\/captan-primeras-imagenes-jamas-obtenidas-del-polo-sur-solar\\\/#primaryimage\"},\"thumbnailUrl\":\"https:\\\/\\\/conexionnacional.mx\\\/wp-content\\\/uploads\\\/2025\\\/06\\\/captan-primeras-imagenes-jamas-o.jpg\",\"keywords\":[\"polo sur solar\"],\"articleSection\":[\"Ciencia y Tecnolog\u00eda\"],\"inLanguage\":\"es\"},{\"@type\":\"WebPage\",\"@id\":\"https:\\\/\\\/conexionnacional.mx\\\/index.php\\\/2025\\\/06\\\/12\\\/captan-primeras-imagenes-jamas-obtenidas-del-polo-sur-solar\\\/\",\"url\":\"https:\\\/\\\/conexionnacional.mx\\\/index.php\\\/2025\\\/06\\\/12\\\/captan-primeras-imagenes-jamas-obtenidas-del-polo-sur-solar\\\/\",\"name\":\"Captan primeras im\u00e1genes jam\u00e1s obtenidas del polo sur solar |\",\"isPartOf\":{\"@id\":\"https:\\\/\\\/conexionnacional.mx\\\/#website\"},\"primaryImageOfPage\":{\"@id\":\"https:\\\/\\\/conexionnacional.mx\\\/index.php\\\/2025\\\/06\\\/12\\\/captan-primeras-imagenes-jamas-obtenidas-del-polo-sur-solar\\\/#primaryimage\"},\"image\":{\"@id\":\"https:\\\/\\\/conexionnacional.mx\\\/index.php\\\/2025\\\/06\\\/12\\\/captan-primeras-imagenes-jamas-obtenidas-del-polo-sur-solar\\\/#primaryimage\"},\"thumbnailUrl\":\"https:\\\/\\\/conexionnacional.mx\\\/wp-content\\\/uploads\\\/2025\\\/06\\\/captan-primeras-imagenes-jamas-o.jpg\",\"datePublished\":\"2025-06-12T21:30:22+00:00\",\"dateModified\":\"2025-06-12T21:30:25+00:00\",\"breadcrumb\":{\"@id\":\"https:\\\/\\\/conexionnacional.mx\\\/index.php\\\/2025\\\/06\\\/12\\\/captan-primeras-imagenes-jamas-obtenidas-del-polo-sur-solar\\\/#breadcrumb\"},\"inLanguage\":\"es\",\"potentialAction\":[{\"@type\":\"ReadAction\",\"target\":[\"https:\\\/\\\/conexionnacional.mx\\\/index.php\\\/2025\\\/06\\\/12\\\/captan-primeras-imagenes-jamas-obtenidas-del-polo-sur-solar\\\/\"]}]},{\"@type\":\"ImageObject\",\"inLanguage\":\"es\",\"@id\":\"https:\\\/\\\/conexionnacional.mx\\\/index.php\\\/2025\\\/06\\\/12\\\/captan-primeras-imagenes-jamas-obtenidas-del-polo-sur-solar\\\/#primaryimage\",\"url\":\"https:\\\/\\\/conexionnacional.mx\\\/wp-content\\\/uploads\\\/2025\\\/06\\\/captan-primeras-imagenes-jamas-o.jpg\",\"contentUrl\":\"https:\\\/\\\/conexionnacional.mx\\\/wp-content\\\/uploads\\\/2025\\\/06\\\/captan-primeras-imagenes-jamas-o.jpg\",\"width\":1132,\"height\":607},{\"@type\":\"BreadcrumbList\",\"@id\":\"https:\\\/\\\/conexionnacional.mx\\\/index.php\\\/2025\\\/06\\\/12\\\/captan-primeras-imagenes-jamas-obtenidas-del-polo-sur-solar\\\/#breadcrumb\",\"itemListElement\":[{\"@type\":\"ListItem\",\"position\":1,\"name\":\"Inicio\",\"item\":\"https:\\\/\\\/conexionnacional.mx\\\/\"},{\"@type\":\"ListItem\",\"position\":2,\"name\":\"Captan primeras im\u00e1genes jam\u00e1s obtenidas del polo sur solar\"}]},{\"@type\":\"WebSite\",\"@id\":\"https:\\\/\\\/conexionnacional.mx\\\/#website\",\"url\":\"https:\\\/\\\/conexionnacional.mx\\\/\",\"name\":\"Conexi\u00f3n Nacional\",\"description\":\"Noticias al momento\",\"publisher\":{\"@id\":\"https:\\\/\\\/conexionnacional.mx\\\/#organization\"},\"alternateName\":\"Noticias nacionales\",\"potentialAction\":[{\"@type\":\"SearchAction\",\"target\":{\"@type\":\"EntryPoint\",\"urlTemplate\":\"https:\\\/\\\/conexionnacional.mx\\\/?s={search_term_string}\"},\"query-input\":{\"@type\":\"PropertyValueSpecification\",\"valueRequired\":true,\"valueName\":\"search_term_string\"}}],\"inLanguage\":\"es\"},{\"@type\":\"Organization\",\"@id\":\"https:\\\/\\\/conexionnacional.mx\\\/#organization\",\"name\":\"Conexi\u00f3n Nacional\",\"url\":\"https:\\\/\\\/conexionnacional.mx\\\/\",\"logo\":{\"@type\":\"ImageObject\",\"inLanguage\":\"es\",\"@id\":\"https:\\\/\\\/conexionnacional.mx\\\/#\\\/schema\\\/logo\\\/image\\\/\",\"url\":\"https:\\\/\\\/conexionnacional.mx\\\/wp-content\\\/uploads\\\/2022\\\/09\\\/conexion_nacional.png\",\"contentUrl\":\"https:\\\/\\\/conexionnacional.mx\\\/wp-content\\\/uploads\\\/2022\\\/09\\\/conexion_nacional.png\",\"width\":2964,\"height\":1173,\"caption\":\"Conexi\u00f3n Nacional\"},\"image\":{\"@id\":\"https:\\\/\\\/conexionnacional.mx\\\/#\\\/schema\\\/logo\\\/image\\\/\"},\"sameAs\":[\"https:\\\/\\\/www.facebook.com\\\/cnmxradio\"]},{\"@type\":\"Person\",\"@id\":\"https:\\\/\\\/conexionnacional.mx\\\/#\\\/schema\\\/person\\\/dd14aeda902120f5e0e021903fdb6931\",\"name\":\"Conexi\u00f3n Nacional\",\"image\":{\"@type\":\"ImageObject\",\"inLanguage\":\"es\",\"@id\":\"https:\\\/\\\/secure.gravatar.com\\\/avatar\\\/e523100f284110b2ecca7e17b2be9cf140a5e8f35294c9ec0543e6916cc1f9be?s=96&d=blank&r=g\",\"url\":\"https:\\\/\\\/secure.gravatar.com\\\/avatar\\\/e523100f284110b2ecca7e17b2be9cf140a5e8f35294c9ec0543e6916cc1f9be?s=96&d=blank&r=g\",\"contentUrl\":\"https:\\\/\\\/secure.gravatar.com\\\/avatar\\\/e523100f284110b2ecca7e17b2be9cf140a5e8f35294c9ec0543e6916cc1f9be?s=96&d=blank&r=g\",\"caption\":\"Conexi\u00f3n Nacional\"},\"sameAs\":[\"https:\\\/\\\/conexionnacional.mx\"],\"url\":\"https:\\\/\\\/conexionnacional.mx\\\/index.php\\\/author\\\/administrador\\\/\"}]}<\/script>\n<!-- \/ Yoast SEO plugin. -->","yoast_head_json":{"title":"Captan primeras im\u00e1genes jam\u00e1s obtenidas del polo sur solar |","robots":{"index":"index","follow":"follow","max-snippet":"max-snippet:-1","max-image-preview":"max-image-preview:large","max-video-preview":"max-video-preview:-1"},"canonical":"https:\/\/conexionnacional.mx\/index.php\/2025\/06\/12\/captan-primeras-imagenes-jamas-obtenidas-del-polo-sur-solar\/","og_locale":"es_MX","og_type":"article","og_title":"Captan primeras im\u00e1genes jam\u00e1s obtenidas del polo sur solar |","og_description":"Gracias a su nueva \u00f3rbita inclinada alrededor del Sol, la sonda&nbsp;Solar Orbiter&nbsp;(sat\u00e9lite cient\u00edfico de observaci\u00f3n solar) de la ESA\/NASA es la primera en obtener im\u00e1genes de los polos solares desde fuera del plano ecl\u00edptico. El \u00e1ngulo de visi\u00f3n \u00fanico del sat\u00e9lite de observaci\u00f3n cambiar\u00e1 nuestra comprensi\u00f3n del campo magn\u00e9tico y ciclo solares, as\u00ed como el [&hellip;]","og_url":"https:\/\/conexionnacional.mx\/index.php\/2025\/06\/12\/captan-primeras-imagenes-jamas-obtenidas-del-polo-sur-solar\/","og_site_name":"Conexi\u00f3n Nacional","article_publisher":"https:\/\/www.facebook.com\/cnmxradio","article_published_time":"2025-06-12T21:30:22+00:00","article_modified_time":"2025-06-12T21:30:25+00:00","og_image":[{"width":1132,"height":607,"url":"https:\/\/conexionnacional.mx\/wp-content\/uploads\/2025\/06\/captan-primeras-imagenes-jamas-o.jpg","type":"image\/jpeg"}],"author":"Conexi\u00f3n Nacional","twitter_card":"summary_large_image","twitter_misc":{"Escrito por":"Conexi\u00f3n Nacional","Tiempo de lectura":"3 minutos"},"schema":{"@context":"https:\/\/schema.org","@graph":[{"@type":"Article","@id":"https:\/\/conexionnacional.mx\/index.php\/2025\/06\/12\/captan-primeras-imagenes-jamas-obtenidas-del-polo-sur-solar\/#article","isPartOf":{"@id":"https:\/\/conexionnacional.mx\/index.php\/2025\/06\/12\/captan-primeras-imagenes-jamas-obtenidas-del-polo-sur-solar\/"},"author":{"name":"Conexi\u00f3n Nacional","@id":"https:\/\/conexionnacional.mx\/#\/schema\/person\/dd14aeda902120f5e0e021903fdb6931"},"headline":"Captan primeras im\u00e1genes jam\u00e1s obtenidas del polo sur solar","datePublished":"2025-06-12T21:30:22+00:00","dateModified":"2025-06-12T21:30:25+00:00","mainEntityOfPage":{"@id":"https:\/\/conexionnacional.mx\/index.php\/2025\/06\/12\/captan-primeras-imagenes-jamas-obtenidas-del-polo-sur-solar\/"},"wordCount":681,"publisher":{"@id":"https:\/\/conexionnacional.mx\/#organization"},"image":{"@id":"https:\/\/conexionnacional.mx\/index.php\/2025\/06\/12\/captan-primeras-imagenes-jamas-obtenidas-del-polo-sur-solar\/#primaryimage"},"thumbnailUrl":"https:\/\/conexionnacional.mx\/wp-content\/uploads\/2025\/06\/captan-primeras-imagenes-jamas-o.jpg","keywords":["polo sur solar"],"articleSection":["Ciencia y Tecnolog\u00eda"],"inLanguage":"es"},{"@type":"WebPage","@id":"https:\/\/conexionnacional.mx\/index.php\/2025\/06\/12\/captan-primeras-imagenes-jamas-obtenidas-del-polo-sur-solar\/","url":"https:\/\/conexionnacional.mx\/index.php\/2025\/06\/12\/captan-primeras-imagenes-jamas-obtenidas-del-polo-sur-solar\/","name":"Captan primeras im\u00e1genes jam\u00e1s obtenidas del polo sur solar |","isPartOf":{"@id":"https:\/\/conexionnacional.mx\/#website"},"primaryImageOfPage":{"@id":"https:\/\/conexionnacional.mx\/index.php\/2025\/06\/12\/captan-primeras-imagenes-jamas-obtenidas-del-polo-sur-solar\/#primaryimage"},"image":{"@id":"https:\/\/conexionnacional.mx\/index.php\/2025\/06\/12\/captan-primeras-imagenes-jamas-obtenidas-del-polo-sur-solar\/#primaryimage"},"thumbnailUrl":"https:\/\/conexionnacional.mx\/wp-content\/uploads\/2025\/06\/captan-primeras-imagenes-jamas-o.jpg","datePublished":"2025-06-12T21:30:22+00:00","dateModified":"2025-06-12T21:30:25+00:00","breadcrumb":{"@id":"https:\/\/conexionnacional.mx\/index.php\/2025\/06\/12\/captan-primeras-imagenes-jamas-obtenidas-del-polo-sur-solar\/#breadcrumb"},"inLanguage":"es","potentialAction":[{"@type":"ReadAction","target":["https:\/\/conexionnacional.mx\/index.php\/2025\/06\/12\/captan-primeras-imagenes-jamas-obtenidas-del-polo-sur-solar\/"]}]},{"@type":"ImageObject","inLanguage":"es","@id":"https:\/\/conexionnacional.mx\/index.php\/2025\/06\/12\/captan-primeras-imagenes-jamas-obtenidas-del-polo-sur-solar\/#primaryimage","url":"https:\/\/conexionnacional.mx\/wp-content\/uploads\/2025\/06\/captan-primeras-imagenes-jamas-o.jpg","contentUrl":"https:\/\/conexionnacional.mx\/wp-content\/uploads\/2025\/06\/captan-primeras-imagenes-jamas-o.jpg","width":1132,"height":607},{"@type":"BreadcrumbList","@id":"https:\/\/conexionnacional.mx\/index.php\/2025\/06\/12\/captan-primeras-imagenes-jamas-obtenidas-del-polo-sur-solar\/#breadcrumb","itemListElement":[{"@type":"ListItem","position":1,"name":"Inicio","item":"https:\/\/conexionnacional.mx\/"},{"@type":"ListItem","position":2,"name":"Captan primeras im\u00e1genes jam\u00e1s obtenidas del polo sur solar"}]},{"@type":"WebSite","@id":"https:\/\/conexionnacional.mx\/#website","url":"https:\/\/conexionnacional.mx\/","name":"Conexi\u00f3n Nacional","description":"Noticias al momento","publisher":{"@id":"https:\/\/conexionnacional.mx\/#organization"},"alternateName":"Noticias nacionales","potentialAction":[{"@type":"SearchAction","target":{"@type":"EntryPoint","urlTemplate":"https:\/\/conexionnacional.mx\/?s={search_term_string}"},"query-input":{"@type":"PropertyValueSpecification","valueRequired":true,"valueName":"search_term_string"}}],"inLanguage":"es"},{"@type":"Organization","@id":"https:\/\/conexionnacional.mx\/#organization","name":"Conexi\u00f3n Nacional","url":"https:\/\/conexionnacional.mx\/","logo":{"@type":"ImageObject","inLanguage":"es","@id":"https:\/\/conexionnacional.mx\/#\/schema\/logo\/image\/","url":"https:\/\/conexionnacional.mx\/wp-content\/uploads\/2022\/09\/conexion_nacional.png","contentUrl":"https:\/\/conexionnacional.mx\/wp-content\/uploads\/2022\/09\/conexion_nacional.png","width":2964,"height":1173,"caption":"Conexi\u00f3n Nacional"},"image":{"@id":"https:\/\/conexionnacional.mx\/#\/schema\/logo\/image\/"},"sameAs":["https:\/\/www.facebook.com\/cnmxradio"]},{"@type":"Person","@id":"https:\/\/conexionnacional.mx\/#\/schema\/person\/dd14aeda902120f5e0e021903fdb6931","name":"Conexi\u00f3n Nacional","image":{"@type":"ImageObject","inLanguage":"es","@id":"https:\/\/secure.gravatar.com\/avatar\/e523100f284110b2ecca7e17b2be9cf140a5e8f35294c9ec0543e6916cc1f9be?s=96&d=blank&r=g","url":"https:\/\/secure.gravatar.com\/avatar\/e523100f284110b2ecca7e17b2be9cf140a5e8f35294c9ec0543e6916cc1f9be?s=96&d=blank&r=g","contentUrl":"https:\/\/secure.gravatar.com\/avatar\/e523100f284110b2ecca7e17b2be9cf140a5e8f35294c9ec0543e6916cc1f9be?s=96&d=blank&r=g","caption":"Conexi\u00f3n Nacional"},"sameAs":["https:\/\/conexionnacional.mx"],"url":"https:\/\/conexionnacional.mx\/index.php\/author\/administrador\/"}]}},"_links":{"self":[{"href":"https:\/\/conexionnacional.mx\/index.php\/wp-json\/wp\/v2\/posts\/24748","targetHints":{"allow":["GET"]}}],"collection":[{"href":"https:\/\/conexionnacional.mx\/index.php\/wp-json\/wp\/v2\/posts"}],"about":[{"href":"https:\/\/conexionnacional.mx\/index.php\/wp-json\/wp\/v2\/types\/post"}],"author":[{"embeddable":true,"href":"https:\/\/conexionnacional.mx\/index.php\/wp-json\/wp\/v2\/users\/1"}],"replies":[{"embeddable":true,"href":"https:\/\/conexionnacional.mx\/index.php\/wp-json\/wp\/v2\/comments?post=24748"}],"version-history":[{"count":1,"href":"https:\/\/conexionnacional.mx\/index.php\/wp-json\/wp\/v2\/posts\/24748\/revisions"}],"predecessor-version":[{"id":24750,"href":"https:\/\/conexionnacional.mx\/index.php\/wp-json\/wp\/v2\/posts\/24748\/revisions\/24750"}],"wp:featuredmedia":[{"embeddable":true,"href":"https:\/\/conexionnacional.mx\/index.php\/wp-json\/wp\/v2\/media\/24749"}],"wp:attachment":[{"href":"https:\/\/conexionnacional.mx\/index.php\/wp-json\/wp\/v2\/media?parent=24748"}],"wp:term":[{"taxonomy":"category","embeddable":true,"href":"https:\/\/conexionnacional.mx\/index.php\/wp-json\/wp\/v2\/categories?post=24748"},{"taxonomy":"post_tag","embeddable":true,"href":"https:\/\/conexionnacional.mx\/index.php\/wp-json\/wp\/v2\/tags?post=24748"}],"curies":[{"name":"wp","href":"https:\/\/api.w.org\/{rel}","templated":true}]}}