{"id":24735,"date":"2025-06-10T13:12:39","date_gmt":"2025-06-10T19:12:39","guid":{"rendered":"https:\/\/conexionnacional.mx\/?p=24735"},"modified":"2025-06-10T13:12:42","modified_gmt":"2025-06-10T19:12:42","slug":"disminuyeron-33-4-los-homicidios-en-el-pais-reporta-snsp","status":"publish","type":"post","link":"https:\/\/conexionnacional.mx\/index.php\/2025\/06\/10\/disminuyeron-33-4-los-homicidios-en-el-pais-reporta-snsp\/","title":{"rendered":"Disminuyeron 33.4% los homicidios en el pa\u00eds, reporta SNSP"},"content":{"rendered":"\n<p>Al dar a conocer la evoluci\u00f3n de los homicidios en el pa\u00eds, la titular del secretariado ejecutivo del Sistema Nacional de Seguridad P\u00fablica, Marcela Figueroa, asever\u00f3 que entre mayo de 2018 y mayo de este a\u00f1o la incidencia de este delito pas\u00f3 de 100.5 a 71.3 , esto es, una reducci\u00f3n de 33.4 por ciento.<\/p>\n\n\n\n<p>Por su parte, la presidenta Claudia Sheinbaum destac\u00f3 la relevancia de que, de septiembre de 2024 a mayo se ha reducido 25.8 homicidios menos, esto es, 22 personas que no perdieron la vida.<\/p>\n\n\n\n<p>Por otro lado, descart\u00f3 hacer caso a aquellos que piden el uso de una mano dura y un retorno a la estrategia de guerra al narcotr\u00e1fico. \u201cNo creemos en ejecuciones extrajudiciales sino en el Estado de derecho\u201d, destacando que la estrategia de fortalecimiento de la Guardia Nacional, atenci\u00f3n a las causas, mayor inteligencia y coordinaci\u00f3n est\u00e1 dando resultados.<\/p>\n\n\n\n<p>-\u00bf Regresar\u00eda usted a la estrategia de abrazos no balazos?<\/p>\n\n\n\n<p>-Ah\u00ed est\u00e1n los resultados 86.9 asesinatos en septiembre y 64.5 en mayo. Va a seguir la estrategia porque est\u00e1n dando resultados. Esta idea de expresar ideas de mano dura no funciona, es resultado de estrategia e inteligencia, atenci\u00f3n a las causas, cero impunidad.<\/p>\n\n\n\n<p>Durante la conferencia presidencial, Figueroa destac\u00f3 que siete estados concentran 51 por ciento de asesinatos: Guanajuato, Baja California, Estado de M\u00e9xico, Chihuahua, Sinaloa, Guerrero y Jalisco.<\/p>\n\n\n\n<p>Figueroa destac\u00f3 que en el caso de Guanajuato, que registr\u00f3 una tendencia de 34 por ciento al alza entre septiembre de 2024 y febrero de 2025. Sin embargo, a partir de ese mes, como resultado de diversos operativos y aprehensiones a generadores de violencia se logr\u00f3 reducir en 55.6 por ciento, por lo que pas\u00f3 de 12.7 homicidios diarios a 5.65 en mayo pasado.<\/p>\n\n\n\n<p>Por su parte, el secretario de Seguridad P\u00fablica y Protecci\u00f3n Ciudadana, Omar Garc\u00eda Harfuch, inform\u00f3 que en lo que va de la actual administraci\u00f3n se han detenido a 23 mil 417 personas de organizaciones delictivas y m\u00e1s de 12 mil armas. Asimismo, se han desmantelado 994 laboratorios clandestinos para elaborar drogas qu\u00edmicas Asimismo, como parte del operativo Frontera Norte se han detenido a 4 mil 180 personas, se han incautado 3 mil 400 armas.<\/p>\n\n\n\n<p>Por otro lado, dijo que mediante un operativo en Michoac\u00e1n se detuvieron a 12 personas de nacionalidad colombiana que estaban relacionados con el estallamiento de una mina que provoc\u00f3 la muerte de soldados de\u201d Ej\u00e9rcito. Dijo que nueve de ellos son ex militares de Colombia y tres m\u00e1s con formaci\u00f3n militar.<\/p>\n","protected":false},"excerpt":{"rendered":"<p>Al dar a conocer la evoluci\u00f3n de los homicidios en el pa\u00eds, la titular del secretariado ejecutivo del Sistema Nacional de Seguridad P\u00fablica, Marcela Figueroa, asever\u00f3 que entre mayo de 2018 y mayo de este a\u00f1o la incidencia de este delito pas\u00f3 de 100.5 a 71.3 , esto es, una reducci\u00f3n de 33.4 por ciento. [&hellip;]<\/p>\n","protected":false},"author":1,"featured_media":24736,"comment_status":"closed","ping_status":"closed","sticky":false,"template":"","format":"aside","meta":{"googlesitekit_rrm_CAowytPeCw:productID":"","footnotes":""},"categories":[3],"tags":[87],"class_list":["post-24735","post","type-post","status-publish","format-aside","has-post-thumbnail","hentry","category-nacional","tag-homicidios","post_format-post-format-aside"],"yoast_head":"<!-- This site is optimized with the Yoast SEO plugin v27.5 - https:\/\/yoast.com\/product\/yoast-seo-wordpress\/ -->\n<title>Disminuyeron 33.4% los homicidios en el pa\u00eds, reporta SNSP |<\/title>\n<meta name=\"robots\" content=\"index, follow, max-snippet:-1, max-image-preview:large, max-video-preview:-1\" \/>\n<link rel=\"canonical\" href=\"https:\/\/conexionnacional.mx\/index.php\/2025\/06\/10\/disminuyeron-33-4-los-homicidios-en-el-pais-reporta-snsp\/\" \/>\n<meta property=\"og:locale\" content=\"es_MX\" \/>\n<meta property=\"og:type\" content=\"article\" \/>\n<meta property=\"og:title\" content=\"Disminuyeron 33.4% los homicidios en el pa\u00eds, reporta SNSP |\" \/>\n<meta property=\"og:description\" content=\"Al dar a conocer la evoluci\u00f3n de los homicidios en el pa\u00eds, la titular del secretariado ejecutivo del Sistema Nacional de Seguridad P\u00fablica, Marcela Figueroa, asever\u00f3 que entre mayo de 2018 y mayo de este a\u00f1o la incidencia de este delito pas\u00f3 de 100.5 a 71.3 , esto es, una reducci\u00f3n de 33.4 por ciento. [&hellip;]\" \/>\n<meta property=\"og:url\" content=\"https:\/\/conexionnacional.mx\/index.php\/2025\/06\/10\/disminuyeron-33-4-los-homicidios-en-el-pais-reporta-snsp\/\" \/>\n<meta property=\"og:site_name\" content=\"Conexi\u00f3n Nacional\" \/>\n<meta property=\"article:publisher\" content=\"https:\/\/www.facebook.com\/cnmxradio\" \/>\n<meta property=\"article:published_time\" content=\"2025-06-10T19:12:39+00:00\" \/>\n<meta property=\"article:modified_time\" content=\"2025-06-10T19:12:42+00:00\" \/>\n<meta property=\"og:image\" content=\"https:\/\/conexionnacional.mx\/wp-content\/uploads\/2025\/06\/disminuyeron-334-los-homicidios.jpg\" \/>\n\t<meta property=\"og:image:width\" content=\"1082\" \/>\n\t<meta property=\"og:image:height\" content=\"720\" \/>\n\t<meta property=\"og:image:type\" content=\"image\/jpeg\" \/>\n<meta name=\"author\" content=\"Conexi\u00f3n Nacional\" \/>\n<meta name=\"twitter:card\" content=\"summary_large_image\" \/>\n<meta name=\"twitter:label1\" content=\"Escrito por\" \/>\n\t<meta name=\"twitter:data1\" content=\"Conexi\u00f3n Nacional\" \/>\n\t<meta name=\"twitter:label2\" content=\"Tiempo de lectura\" \/>\n\t<meta name=\"twitter:data2\" content=\"3 minutos\" \/>\n<script type=\"application\/ld+json\" class=\"yoast-schema-graph\">{\"@context\":\"https:\\\/\\\/schema.org\",\"@graph\":[{\"@type\":\"Article\",\"@id\":\"https:\\\/\\\/conexionnacional.mx\\\/index.php\\\/2025\\\/06\\\/10\\\/disminuyeron-33-4-los-homicidios-en-el-pais-reporta-snsp\\\/#article\",\"isPartOf\":{\"@id\":\"https:\\\/\\\/conexionnacional.mx\\\/index.php\\\/2025\\\/06\\\/10\\\/disminuyeron-33-4-los-homicidios-en-el-pais-reporta-snsp\\\/\"},\"author\":{\"name\":\"Conexi\u00f3n Nacional\",\"@id\":\"https:\\\/\\\/conexionnacional.mx\\\/#\\\/schema\\\/person\\\/dd14aeda902120f5e0e021903fdb6931\"},\"headline\":\"Disminuyeron 33.4% los homicidios en el pa\u00eds, reporta SNSP\",\"datePublished\":\"2025-06-10T19:12:39+00:00\",\"dateModified\":\"2025-06-10T19:12:42+00:00\",\"mainEntityOfPage\":{\"@id\":\"https:\\\/\\\/conexionnacional.mx\\\/index.php\\\/2025\\\/06\\\/10\\\/disminuyeron-33-4-los-homicidios-en-el-pais-reporta-snsp\\\/\"},\"wordCount\":420,\"publisher\":{\"@id\":\"https:\\\/\\\/conexionnacional.mx\\\/#organization\"},\"image\":{\"@id\":\"https:\\\/\\\/conexionnacional.mx\\\/index.php\\\/2025\\\/06\\\/10\\\/disminuyeron-33-4-los-homicidios-en-el-pais-reporta-snsp\\\/#primaryimage\"},\"thumbnailUrl\":\"https:\\\/\\\/conexionnacional.mx\\\/wp-content\\\/uploads\\\/2025\\\/06\\\/disminuyeron-334-los-homicidios.jpg\",\"keywords\":[\"homicidios\"],\"articleSection\":[\"Nacional\"],\"inLanguage\":\"es\"},{\"@type\":\"WebPage\",\"@id\":\"https:\\\/\\\/conexionnacional.mx\\\/index.php\\\/2025\\\/06\\\/10\\\/disminuyeron-33-4-los-homicidios-en-el-pais-reporta-snsp\\\/\",\"url\":\"https:\\\/\\\/conexionnacional.mx\\\/index.php\\\/2025\\\/06\\\/10\\\/disminuyeron-33-4-los-homicidios-en-el-pais-reporta-snsp\\\/\",\"name\":\"Disminuyeron 33.4% los homicidios en el pa\u00eds, reporta SNSP |\",\"isPartOf\":{\"@id\":\"https:\\\/\\\/conexionnacional.mx\\\/#website\"},\"primaryImageOfPage\":{\"@id\":\"https:\\\/\\\/conexionnacional.mx\\\/index.php\\\/2025\\\/06\\\/10\\\/disminuyeron-33-4-los-homicidios-en-el-pais-reporta-snsp\\\/#primaryimage\"},\"image\":{\"@id\":\"https:\\\/\\\/conexionnacional.mx\\\/index.php\\\/2025\\\/06\\\/10\\\/disminuyeron-33-4-los-homicidios-en-el-pais-reporta-snsp\\\/#primaryimage\"},\"thumbnailUrl\":\"https:\\\/\\\/conexionnacional.mx\\\/wp-content\\\/uploads\\\/2025\\\/06\\\/disminuyeron-334-los-homicidios.jpg\",\"datePublished\":\"2025-06-10T19:12:39+00:00\",\"dateModified\":\"2025-06-10T19:12:42+00:00\",\"breadcrumb\":{\"@id\":\"https:\\\/\\\/conexionnacional.mx\\\/index.php\\\/2025\\\/06\\\/10\\\/disminuyeron-33-4-los-homicidios-en-el-pais-reporta-snsp\\\/#breadcrumb\"},\"inLanguage\":\"es\",\"potentialAction\":[{\"@type\":\"ReadAction\",\"target\":[\"https:\\\/\\\/conexionnacional.mx\\\/index.php\\\/2025\\\/06\\\/10\\\/disminuyeron-33-4-los-homicidios-en-el-pais-reporta-snsp\\\/\"]}]},{\"@type\":\"ImageObject\",\"inLanguage\":\"es\",\"@id\":\"https:\\\/\\\/conexionnacional.mx\\\/index.php\\\/2025\\\/06\\\/10\\\/disminuyeron-33-4-los-homicidios-en-el-pais-reporta-snsp\\\/#primaryimage\",\"url\":\"https:\\\/\\\/conexionnacional.mx\\\/wp-content\\\/uploads\\\/2025\\\/06\\\/disminuyeron-334-los-homicidios.jpg\",\"contentUrl\":\"https:\\\/\\\/conexionnacional.mx\\\/wp-content\\\/uploads\\\/2025\\\/06\\\/disminuyeron-334-los-homicidios.jpg\",\"width\":1082,\"height\":720},{\"@type\":\"BreadcrumbList\",\"@id\":\"https:\\\/\\\/conexionnacional.mx\\\/index.php\\\/2025\\\/06\\\/10\\\/disminuyeron-33-4-los-homicidios-en-el-pais-reporta-snsp\\\/#breadcrumb\",\"itemListElement\":[{\"@type\":\"ListItem\",\"position\":1,\"name\":\"Inicio\",\"item\":\"https:\\\/\\\/conexionnacional.mx\\\/\"},{\"@type\":\"ListItem\",\"position\":2,\"name\":\"Disminuyeron 33.4% los homicidios en el pa\u00eds, reporta SNSP\"}]},{\"@type\":\"WebSite\",\"@id\":\"https:\\\/\\\/conexionnacional.mx\\\/#website\",\"url\":\"https:\\\/\\\/conexionnacional.mx\\\/\",\"name\":\"Conexi\u00f3n Nacional\",\"description\":\"Noticias al momento\",\"publisher\":{\"@id\":\"https:\\\/\\\/conexionnacional.mx\\\/#organization\"},\"alternateName\":\"Noticias nacionales\",\"potentialAction\":[{\"@type\":\"SearchAction\",\"target\":{\"@type\":\"EntryPoint\",\"urlTemplate\":\"https:\\\/\\\/conexionnacional.mx\\\/?s={search_term_string}\"},\"query-input\":{\"@type\":\"PropertyValueSpecification\",\"valueRequired\":true,\"valueName\":\"search_term_string\"}}],\"inLanguage\":\"es\"},{\"@type\":\"Organization\",\"@id\":\"https:\\\/\\\/conexionnacional.mx\\\/#organization\",\"name\":\"Conexi\u00f3n Nacional\",\"url\":\"https:\\\/\\\/conexionnacional.mx\\\/\",\"logo\":{\"@type\":\"ImageObject\",\"inLanguage\":\"es\",\"@id\":\"https:\\\/\\\/conexionnacional.mx\\\/#\\\/schema\\\/logo\\\/image\\\/\",\"url\":\"https:\\\/\\\/conexionnacional.mx\\\/wp-content\\\/uploads\\\/2022\\\/09\\\/conexion_nacional.png\",\"contentUrl\":\"https:\\\/\\\/conexionnacional.mx\\\/wp-content\\\/uploads\\\/2022\\\/09\\\/conexion_nacional.png\",\"width\":2964,\"height\":1173,\"caption\":\"Conexi\u00f3n Nacional\"},\"image\":{\"@id\":\"https:\\\/\\\/conexionnacional.mx\\\/#\\\/schema\\\/logo\\\/image\\\/\"},\"sameAs\":[\"https:\\\/\\\/www.facebook.com\\\/cnmxradio\"]},{\"@type\":\"Person\",\"@id\":\"https:\\\/\\\/conexionnacional.mx\\\/#\\\/schema\\\/person\\\/dd14aeda902120f5e0e021903fdb6931\",\"name\":\"Conexi\u00f3n Nacional\",\"image\":{\"@type\":\"ImageObject\",\"inLanguage\":\"es\",\"@id\":\"https:\\\/\\\/secure.gravatar.com\\\/avatar\\\/e523100f284110b2ecca7e17b2be9cf140a5e8f35294c9ec0543e6916cc1f9be?s=96&d=blank&r=g\",\"url\":\"https:\\\/\\\/secure.gravatar.com\\\/avatar\\\/e523100f284110b2ecca7e17b2be9cf140a5e8f35294c9ec0543e6916cc1f9be?s=96&d=blank&r=g\",\"contentUrl\":\"https:\\\/\\\/secure.gravatar.com\\\/avatar\\\/e523100f284110b2ecca7e17b2be9cf140a5e8f35294c9ec0543e6916cc1f9be?s=96&d=blank&r=g\",\"caption\":\"Conexi\u00f3n Nacional\"},\"sameAs\":[\"https:\\\/\\\/conexionnacional.mx\"],\"url\":\"https:\\\/\\\/conexionnacional.mx\\\/index.php\\\/author\\\/administrador\\\/\"}]}<\/script>\n<!-- \/ Yoast SEO plugin. -->","yoast_head_json":{"title":"Disminuyeron 33.4% los homicidios en el pa\u00eds, reporta SNSP |","robots":{"index":"index","follow":"follow","max-snippet":"max-snippet:-1","max-image-preview":"max-image-preview:large","max-video-preview":"max-video-preview:-1"},"canonical":"https:\/\/conexionnacional.mx\/index.php\/2025\/06\/10\/disminuyeron-33-4-los-homicidios-en-el-pais-reporta-snsp\/","og_locale":"es_MX","og_type":"article","og_title":"Disminuyeron 33.4% los homicidios en el pa\u00eds, reporta SNSP |","og_description":"Al dar a conocer la evoluci\u00f3n de los homicidios en el pa\u00eds, la titular del secretariado ejecutivo del Sistema Nacional de Seguridad P\u00fablica, Marcela Figueroa, asever\u00f3 que entre mayo de 2018 y mayo de este a\u00f1o la incidencia de este delito pas\u00f3 de 100.5 a 71.3 , esto es, una reducci\u00f3n de 33.4 por ciento. [&hellip;]","og_url":"https:\/\/conexionnacional.mx\/index.php\/2025\/06\/10\/disminuyeron-33-4-los-homicidios-en-el-pais-reporta-snsp\/","og_site_name":"Conexi\u00f3n Nacional","article_publisher":"https:\/\/www.facebook.com\/cnmxradio","article_published_time":"2025-06-10T19:12:39+00:00","article_modified_time":"2025-06-10T19:12:42+00:00","og_image":[{"width":1082,"height":720,"url":"https:\/\/conexionnacional.mx\/wp-content\/uploads\/2025\/06\/disminuyeron-334-los-homicidios.jpg","type":"image\/jpeg"}],"author":"Conexi\u00f3n Nacional","twitter_card":"summary_large_image","twitter_misc":{"Escrito por":"Conexi\u00f3n Nacional","Tiempo de lectura":"3 minutos"},"schema":{"@context":"https:\/\/schema.org","@graph":[{"@type":"Article","@id":"https:\/\/conexionnacional.mx\/index.php\/2025\/06\/10\/disminuyeron-33-4-los-homicidios-en-el-pais-reporta-snsp\/#article","isPartOf":{"@id":"https:\/\/conexionnacional.mx\/index.php\/2025\/06\/10\/disminuyeron-33-4-los-homicidios-en-el-pais-reporta-snsp\/"},"author":{"name":"Conexi\u00f3n Nacional","@id":"https:\/\/conexionnacional.mx\/#\/schema\/person\/dd14aeda902120f5e0e021903fdb6931"},"headline":"Disminuyeron 33.4% los homicidios en el pa\u00eds, reporta SNSP","datePublished":"2025-06-10T19:12:39+00:00","dateModified":"2025-06-10T19:12:42+00:00","mainEntityOfPage":{"@id":"https:\/\/conexionnacional.mx\/index.php\/2025\/06\/10\/disminuyeron-33-4-los-homicidios-en-el-pais-reporta-snsp\/"},"wordCount":420,"publisher":{"@id":"https:\/\/conexionnacional.mx\/#organization"},"image":{"@id":"https:\/\/conexionnacional.mx\/index.php\/2025\/06\/10\/disminuyeron-33-4-los-homicidios-en-el-pais-reporta-snsp\/#primaryimage"},"thumbnailUrl":"https:\/\/conexionnacional.mx\/wp-content\/uploads\/2025\/06\/disminuyeron-334-los-homicidios.jpg","keywords":["homicidios"],"articleSection":["Nacional"],"inLanguage":"es"},{"@type":"WebPage","@id":"https:\/\/conexionnacional.mx\/index.php\/2025\/06\/10\/disminuyeron-33-4-los-homicidios-en-el-pais-reporta-snsp\/","url":"https:\/\/conexionnacional.mx\/index.php\/2025\/06\/10\/disminuyeron-33-4-los-homicidios-en-el-pais-reporta-snsp\/","name":"Disminuyeron 33.4% los homicidios en el pa\u00eds, reporta SNSP |","isPartOf":{"@id":"https:\/\/conexionnacional.mx\/#website"},"primaryImageOfPage":{"@id":"https:\/\/conexionnacional.mx\/index.php\/2025\/06\/10\/disminuyeron-33-4-los-homicidios-en-el-pais-reporta-snsp\/#primaryimage"},"image":{"@id":"https:\/\/conexionnacional.mx\/index.php\/2025\/06\/10\/disminuyeron-33-4-los-homicidios-en-el-pais-reporta-snsp\/#primaryimage"},"thumbnailUrl":"https:\/\/conexionnacional.mx\/wp-content\/uploads\/2025\/06\/disminuyeron-334-los-homicidios.jpg","datePublished":"2025-06-10T19:12:39+00:00","dateModified":"2025-06-10T19:12:42+00:00","breadcrumb":{"@id":"https:\/\/conexionnacional.mx\/index.php\/2025\/06\/10\/disminuyeron-33-4-los-homicidios-en-el-pais-reporta-snsp\/#breadcrumb"},"inLanguage":"es","potentialAction":[{"@type":"ReadAction","target":["https:\/\/conexionnacional.mx\/index.php\/2025\/06\/10\/disminuyeron-33-4-los-homicidios-en-el-pais-reporta-snsp\/"]}]},{"@type":"ImageObject","inLanguage":"es","@id":"https:\/\/conexionnacional.mx\/index.php\/2025\/06\/10\/disminuyeron-33-4-los-homicidios-en-el-pais-reporta-snsp\/#primaryimage","url":"https:\/\/conexionnacional.mx\/wp-content\/uploads\/2025\/06\/disminuyeron-334-los-homicidios.jpg","contentUrl":"https:\/\/conexionnacional.mx\/wp-content\/uploads\/2025\/06\/disminuyeron-334-los-homicidios.jpg","width":1082,"height":720},{"@type":"BreadcrumbList","@id":"https:\/\/conexionnacional.mx\/index.php\/2025\/06\/10\/disminuyeron-33-4-los-homicidios-en-el-pais-reporta-snsp\/#breadcrumb","itemListElement":[{"@type":"ListItem","position":1,"name":"Inicio","item":"https:\/\/conexionnacional.mx\/"},{"@type":"ListItem","position":2,"name":"Disminuyeron 33.4% los homicidios en el pa\u00eds, reporta SNSP"}]},{"@type":"WebSite","@id":"https:\/\/conexionnacional.mx\/#website","url":"https:\/\/conexionnacional.mx\/","name":"Conexi\u00f3n Nacional","description":"Noticias al momento","publisher":{"@id":"https:\/\/conexionnacional.mx\/#organization"},"alternateName":"Noticias nacionales","potentialAction":[{"@type":"SearchAction","target":{"@type":"EntryPoint","urlTemplate":"https:\/\/conexionnacional.mx\/?s={search_term_string}"},"query-input":{"@type":"PropertyValueSpecification","valueRequired":true,"valueName":"search_term_string"}}],"inLanguage":"es"},{"@type":"Organization","@id":"https:\/\/conexionnacional.mx\/#organization","name":"Conexi\u00f3n Nacional","url":"https:\/\/conexionnacional.mx\/","logo":{"@type":"ImageObject","inLanguage":"es","@id":"https:\/\/conexionnacional.mx\/#\/schema\/logo\/image\/","url":"https:\/\/conexionnacional.mx\/wp-content\/uploads\/2022\/09\/conexion_nacional.png","contentUrl":"https:\/\/conexionnacional.mx\/wp-content\/uploads\/2022\/09\/conexion_nacional.png","width":2964,"height":1173,"caption":"Conexi\u00f3n Nacional"},"image":{"@id":"https:\/\/conexionnacional.mx\/#\/schema\/logo\/image\/"},"sameAs":["https:\/\/www.facebook.com\/cnmxradio"]},{"@type":"Person","@id":"https:\/\/conexionnacional.mx\/#\/schema\/person\/dd14aeda902120f5e0e021903fdb6931","name":"Conexi\u00f3n Nacional","image":{"@type":"ImageObject","inLanguage":"es","@id":"https:\/\/secure.gravatar.com\/avatar\/e523100f284110b2ecca7e17b2be9cf140a5e8f35294c9ec0543e6916cc1f9be?s=96&d=blank&r=g","url":"https:\/\/secure.gravatar.com\/avatar\/e523100f284110b2ecca7e17b2be9cf140a5e8f35294c9ec0543e6916cc1f9be?s=96&d=blank&r=g","contentUrl":"https:\/\/secure.gravatar.com\/avatar\/e523100f284110b2ecca7e17b2be9cf140a5e8f35294c9ec0543e6916cc1f9be?s=96&d=blank&r=g","caption":"Conexi\u00f3n Nacional"},"sameAs":["https:\/\/conexionnacional.mx"],"url":"https:\/\/conexionnacional.mx\/index.php\/author\/administrador\/"}]}},"_links":{"self":[{"href":"https:\/\/conexionnacional.mx\/index.php\/wp-json\/wp\/v2\/posts\/24735","targetHints":{"allow":["GET"]}}],"collection":[{"href":"https:\/\/conexionnacional.mx\/index.php\/wp-json\/wp\/v2\/posts"}],"about":[{"href":"https:\/\/conexionnacional.mx\/index.php\/wp-json\/wp\/v2\/types\/post"}],"author":[{"embeddable":true,"href":"https:\/\/conexionnacional.mx\/index.php\/wp-json\/wp\/v2\/users\/1"}],"replies":[{"embeddable":true,"href":"https:\/\/conexionnacional.mx\/index.php\/wp-json\/wp\/v2\/comments?post=24735"}],"version-history":[{"count":1,"href":"https:\/\/conexionnacional.mx\/index.php\/wp-json\/wp\/v2\/posts\/24735\/revisions"}],"predecessor-version":[{"id":24737,"href":"https:\/\/conexionnacional.mx\/index.php\/wp-json\/wp\/v2\/posts\/24735\/revisions\/24737"}],"wp:featuredmedia":[{"embeddable":true,"href":"https:\/\/conexionnacional.mx\/index.php\/wp-json\/wp\/v2\/media\/24736"}],"wp:attachment":[{"href":"https:\/\/conexionnacional.mx\/index.php\/wp-json\/wp\/v2\/media?parent=24735"}],"wp:term":[{"taxonomy":"category","embeddable":true,"href":"https:\/\/conexionnacional.mx\/index.php\/wp-json\/wp\/v2\/categories?post=24735"},{"taxonomy":"post_tag","embeddable":true,"href":"https:\/\/conexionnacional.mx\/index.php\/wp-json\/wp\/v2\/tags?post=24735"}],"curies":[{"name":"wp","href":"https:\/\/api.w.org\/{rel}","templated":true}]}}