{"id":24732,"date":"2025-06-10T12:12:22","date_gmt":"2025-06-10T18:12:22","guid":{"rendered":"https:\/\/conexionnacional.mx\/?p=24732"},"modified":"2025-06-10T12:12:28","modified_gmt":"2025-06-10T18:12:28","slug":"trump-vs-newsom-redadas-y-protestas-reprimidas-esta-eu-ante-un-giro-autoritario","status":"publish","type":"post","link":"https:\/\/conexionnacional.mx\/index.php\/2025\/06\/10\/trump-vs-newsom-redadas-y-protestas-reprimidas-esta-eu-ante-un-giro-autoritario\/","title":{"rendered":"Trump vs. Newsom, redadas y protestas reprimidas \u00bfEst\u00e1 EU ante un giro autoritario?"},"content":{"rendered":"\n<p>El viernes por la noche, cuando los helic\u00f3pteros de la Patrulla de Carreteras\u00a0<strong>sobrevolaban el centro de la ciudad y agentes federales deten\u00edan a 44 migrantes<\/strong>, el presidente Donald Trump firm\u00f3 un memorando para desplegar 4 mil\u00a0miembros de la Guardia Nacional y 700 marines en la segunda urbe m\u00e1s poblada del pa\u00eds.\u00a0\u201cSi no hubiese enviado las tropas a Los \u00c1ngeles\u2026 esta ciudad estar\u00eda ardiendo\u201d, escribi\u00f3 d\u00edas despu\u00e9s en Truth Social.<\/p>\n\n\n\n<p>El gobernador de California, Gavin Newsom, calific\u00f3 la medida de \u201cun paso inequ\u00edvoco hacia el autoritarismo\u201d.\u2075<\/p>\n\n\n\n<p>Durante el fin de semana, veh\u00edculos de Waymo ardieron, la autopista 101 qued\u00f3 bloqueada por manifestantes y las ventanas del Ayuntamiento aparecieron astilladas. Pero, a pocas millas (kil\u00f3metros(, los Dodgers segu\u00edan jugando b\u00e9isbol y turistas paseaban en botes con forma de cisne en Echo Park.<\/p>\n\n\n\n<p>\u00bfEs este contraste la normalidad de una ciudad grande o el tel\u00f3n de fondo de un ensayo de poder presidencial? Las acciones de Trump \u2014y la reacci\u00f3n de California\u2014 reavivan un debate sobre los l\u00edmites de la autoridad federal y la posibilidad de un viraje autoritario en Estados Unidos.<\/p>\n\n\n\n<figure class=\"wp-block-image\"><img decoding=\"async\" src=\"data:image\/gif;base64,R0lGODlhAQABAAAAACH5BAEKAAEALAAAAAABAAEAAAICTAEAOw==\" data-src=\"https:\/\/www.excelsior.com.mx\/660x440\/filters:format(webp):quality(75)\/\/media\/inside-the-note\/pictures\/2025\/06\/10\/000_49ql369.jpg\" alt=\"Imagen intermedia\" class=\"lazyload\" title=\"Imagen Intermedia\"\/><\/figure>\n\n\n\n<h2 class=\"wp-block-heading\">\u00bfC\u00f3mo justifica Trump la presencia militar?<\/h2>\n\n\n\n<p><strong>El presidente sostiene que Los \u00c1ngeles enfrenta una \u201cinvasi\u00f3n migratoria\u201d y \u201cdisturbios\u201d&nbsp;<\/strong>comparables a los incendios forestales que arrasaron barrios de la ciudad en enero.&nbsp;Para contener esa supuesta emergencia, invoc\u00f3 estatutos dispersos que permiten federalizar tropas sin el consentimiento del gobernador, una prerrogativa que ning\u00fan mandatario hab\u00eda empleado en seis d\u00e9cadas.\u2074<\/p>\n\n\n\n<p>Sin embargo, especialistas como el profesor Ilya Somin al New York Times argumentan que \u201cest\u00e1 declarando emergencias completamente falsas con el fin de expandir su poder y destruir las libertades civiles\u201d.&nbsp;Frank O. Bowman, de la Universidad de Missouri, a\u00f1ade al Times que \u201cdeclarar todo en emergencia nos encamina hacia la violencia del gobierno contra personas que no nos agradan\u201d.<\/p>\n\n\n\n<p>Newsom y la alcaldesa Angelena, Karen Bass, rechazan la tesis de una ciudad fuera de control. \u201cLas acusaciones de que Los \u00c1ngeles se ha sumido en la anarqu\u00eda simplemente no eran ciertas\u201d, declar\u00f3 Bass.&nbsp;El gobernador present\u00f3 una demanda contra la Casa Blanca al considerar que los criterios constitucionales \u2014invasi\u00f3n extranjera, rebeli\u00f3n o incapacidad para ejecutar leyes federales\u2014 no se cumplen.<\/p>\n\n\n\n<p>En paralelo, Newsom denunci\u00f3 la amenaza de arresto lanzada por Trump:&nbsp;<strong>\u201cEso es lo que vemos en reg\u00edmenes autoritarios\u201d<\/strong>.&nbsp;La Casa Blanca respondi\u00f3 que \u201cnadie\u2026 est\u00e1 por encima de la ley\u201d.&nbsp;Hasta el momento, el mandatario no ha precisado qu\u00e9 delito habr\u00eda cometido el gobernador.<\/p>\n\n\n\n<h2 class=\"wp-block-heading\">\u00bfQui\u00e9n controla las calles de Los \u00c1ngeles?<\/h2>\n\n\n\n<p>La ciudad dispone de casi 9 mil&nbsp;agentes del Departamento de Polic\u00eda de Los \u00c1ngeles y otros 66 mil&nbsp;uniformados estatales y locales, cifras que&nbsp;bastar\u00edan para contener \u201cdocenas de agitadores\u201d.&nbsp;Aun as\u00ed, el secretario de Defensa, Pete Hegseth, prometi\u00f3 enviar marines \u201csi fuera necesario\u201d, y el Pent\u00e1gono confirm\u00f3 la movilizaci\u00f3n.<\/p>\n\n\n\n<p>La escena en el terreno es dual. En Spring Street, David Madrick pasea a su perro entre grafitis anti-ICE y vidrios rotos: \u201cEsto no es normal\u2026 Es agotador\u201d dijo al Washington Post.&nbsp;A ocho millas (12 kil\u00f3metros), en el Farmers Market, MaryAnne Kennedy, de 82 a\u00f1os, se declara \u201cavergonzada\u201d de la pol\u00edtica presidencial.<\/p>\n\n\n\n<figure class=\"wp-block-image\"><img decoding=\"async\" src=\"data:image\/gif;base64,R0lGODlhAQABAAAAACH5BAEKAAEALAAAAAABAAEAAAICTAEAOw==\" data-src=\"https:\/\/www.excelsior.com.mx\/660x439\/filters:format(webp):quality(75)\/\/media\/inside-the-note\/pictures\/2025\/06\/10\/000_49qc8wa.jpg\" alt=\"Imagen intermedia\" class=\"lazyload\" title=\"Imagen Intermedia\"\/><\/figure>\n\n\n\n<h2 class=\"wp-block-heading\">\u00bfSe gesta una estrategia electoral?<\/h2>\n\n\n\n<p><strong>David Frum, en The Atlantic, advierte de un posible guion de tres pasos:<\/strong>&nbsp;provocar disturbios televisivos, declarar emergencia, tomar control de operaciones locales \u2014incluida la votaci\u00f3n de medio mandato de 2026\u2014 o retrasarla en distritos dem\u00f3cratas.\u00b3 La idea no es nueva: partidarios de Trump la insinuaron tras las elecciones de 2020. Hoy, con un Departamento de Defensa y un DHS dirigidos por leales al presidente,&nbsp;<strong>la ejecuci\u00f3n ser\u00eda m\u00e1s viable, argumenta Frum.<\/strong><\/p>\n\n\n\n<p>El c\u00e1lculo pol\u00edtico tiene antecedentes. En 2024, Trump sum\u00f3 44 mil&nbsp;votos en el condado de Los \u00c1ngeles frente a su resultado de 2020.&nbsp;Un mensaje de \u201cley y orden\u201d amplificado por tropas y disturbios podr\u00eda movilizar a su base, aun a costa de mayores tensiones institucionales.<\/p>\n\n\n\n<p>Hasta ahora, jueces federales han rechazado varias invocaciones de emergencias por parte de Trump.&nbsp;Un magistrado designado por Clinton desestim\u00f3 la aplicaci\u00f3n de la Ley de Enemigos Extranjeros contra una banda venezolana: \u201cEso es un asunto criminal, no una invasi\u00f3n\u201d.&nbsp;La Corte Suprema, que en 2018 aval\u00f3 la prohibici\u00f3n de viajes de pa\u00edses musulmanes, pero fren\u00f3 a Biden en su plan de condonaci\u00f3n estudiantil, a\u00fan no se pronuncia sobre las recientes \u00f3rdenes del presidente.<\/p>\n\n\n\n<p><strong>Stephen Miller ha sugerido suspender el habeas corpus<\/strong>&nbsp;\u2014recurso que s\u00f3lo puede anularse en caso de invasi\u00f3n o rebeli\u00f3n\u2014 si los tribunales bloquean las medidas presidenciales.\u00b2 La declaraci\u00f3n enciende alarmas hist\u00f3ricas: la carta magna menciona la suspensi\u00f3n \u00fanicamente durante la Guerra de Secesi\u00f3n.<\/p>\n\n\n\n<p>La historia estadunidense ofrece advertencias. En 1952, el fallo Youngstown Sheet &amp; Tube fren\u00f3 a Truman cuando intent\u00f3 estatizar acereras apelando a la Guerra de Corea; la Corte record\u00f3 que los redactores de la Constituci\u00f3n \u201cconoc\u00edan las presiones que generan para la acci\u00f3n autoritaria\u201d.&nbsp;Hoy, la pregunta es si la expansi\u00f3n de poderes de emergencia de Trump encontrar\u00e1 un l\u00edmite similar o si los contrapesos \u2014Congreso, tribunales, opini\u00f3n p\u00fablica\u2014 ceder\u00e1n ante la ret\u00f3rica de \u201cciudad en llamas\u201d.<\/p>\n\n\n\n<h2 class=\"wp-block-heading\">\u00bfC\u00f3mo reaccionan los angelinos?<\/h2>\n\n\n\n<p>En Boyle Heights, la Plaza del Mariachi luce vac\u00eda. Jaime Valdivia, m\u00fasico, dice al Washington Post que los conciertos se cancelan por miedo a atraer a ICE.&nbsp;Stephanie Mendoza, hija de inmigrantes hondure\u00f1os, protesta \u201cpara la gente que conocemos que no lo es\u201d y admite cargar con el temor de su familia.<\/p>\n\n\n\n<p>Otros respaldan la presencia militar. James Young, residente del Este, opina que los manifestantes \u201csimplemente destrozan cosas\u201d y que la Guardia Nacional puede disuadirlos.\u2074 La polarizaci\u00f3n se siente en cada esquina donde conviven banderas mexicanas, carteles de \u201cBack the Blue\u201d y soldados con fusiles desprovistos de cargador visible.<\/p>\n\n\n\n<figure class=\"wp-block-image\"><img decoding=\"async\" src=\"data:image\/gif;base64,R0lGODlhAQABAAAAACH5BAEKAAEALAAAAAABAAEAAAICTAEAOw==\" data-src=\"https:\/\/www.excelsior.com.mx\/660x440\/filters:format(webp):quality(75)\/\/media\/inside-the-note\/pictures\/2025\/06\/10\/000_49ql36v.jpg\" alt=\"Imagen intermedia\" class=\"lazyload\" title=\"Imagen Intermedia\"\/><\/figure>\n\n\n\n<h2 class=\"wp-block-heading\">\u00bfQu\u00e9 viene ahora?<\/h2>\n\n\n\n<p>El litigio de California contra la federalizaci\u00f3n avanza mientras periodistas cuentan 134 millones de d\u00f3lares de costo estimado para el despliegue.&nbsp;Manifestantes planean nuevas marchas; el caf\u00e9 de Minerva Villa espera recuperar clientela; mariachis aguardan contratos pospuestos. En Sacramento, Newsom dice no cerrar la puerta al di\u00e1logo, pero advierte que&nbsp;<strong>\u201cTrump es un presidente muy diferente a su primera incursi\u00f3n en el cargo\u201d.<\/strong><\/p>\n\n\n\n<p>En Washington, los asesores del presidente sostienen<strong>&nbsp;que la inacci\u00f3n dem\u00f3crata \u201cha resultado en graves crisis\u201d y que Trump \u201cusa leg\u00edtimamente su autoridad ejecutiva<\/strong>\u2026 para brindar resoluci\u00f3n al pueblo estadounidense\u201d.\u00b2 La Casa Blanca insiste en que Los \u00c1ngeles est\u00e1 \u201cinvadida y ocupada\u201d y que la colaboraci\u00f3n militar continuar\u00e1 \u201cante las amenazas a agentes y edificios federales\u201d.\u2075<\/p>\n\n\n\n<p>La pugna, de momento, queda en suspenso, pero su desenlace podr\u00eda marcar el precedente sobre cu\u00e1nta fuerza puede concentrar un presidente en nombre de la seguridad \u2014y cu\u00e1nta autonom\u00eda le resta a los estados para gobernar sus propias calles. Mientras tanto, en Sunset Boulevard, los neones siguen encendidos, la Guardia Nacional patrulla y el tambor de DJ Yoon resuena bajo pancartas que preguntan: \u00bfde qui\u00e9n es esta ciudad?<\/p>\n","protected":false},"excerpt":{"rendered":"<p>El viernes por la noche, cuando los helic\u00f3pteros de la Patrulla de Carreteras\u00a0sobrevolaban el centro de la ciudad y agentes federales deten\u00edan a 44 migrantes, el presidente Donald Trump firm\u00f3 un memorando para desplegar 4 mil\u00a0miembros de la Guardia Nacional y 700 marines en la segunda urbe m\u00e1s poblada del pa\u00eds.\u00a0\u201cSi no hubiese enviado las [&hellip;]<\/p>\n","protected":false},"author":1,"featured_media":24733,"comment_status":"closed","ping_status":"closed","sticky":false,"template":"","format":"aside","meta":{"googlesitekit_rrm_CAowytPeCw:productID":"","footnotes":""},"categories":[8],"tags":[2508],"class_list":["post-24732","post","type-post","status-publish","format-aside","has-post-thumbnail","hentry","category-internacional","tag-trump","post_format-post-format-aside"],"yoast_head":"<!-- This site is optimized with the Yoast SEO plugin v27.5 - https:\/\/yoast.com\/product\/yoast-seo-wordpress\/ -->\n<title>Trump vs. Newsom, redadas y protestas reprimidas \u00bfEst\u00e1 EU ante un giro autoritario? |<\/title>\n<meta name=\"robots\" content=\"index, follow, max-snippet:-1, max-image-preview:large, max-video-preview:-1\" \/>\n<link rel=\"canonical\" href=\"https:\/\/conexionnacional.mx\/index.php\/2025\/06\/10\/trump-vs-newsom-redadas-y-protestas-reprimidas-esta-eu-ante-un-giro-autoritario\/\" \/>\n<meta property=\"og:locale\" content=\"es_MX\" \/>\n<meta property=\"og:type\" content=\"article\" \/>\n<meta property=\"og:title\" content=\"Trump vs. Newsom, redadas y protestas reprimidas \u00bfEst\u00e1 EU ante un giro autoritario? |\" \/>\n<meta property=\"og:description\" content=\"El viernes por la noche, cuando los helic\u00f3pteros de la Patrulla de Carreteras\u00a0sobrevolaban el centro de la ciudad y agentes federales deten\u00edan a 44 migrantes, el presidente Donald Trump firm\u00f3 un memorando para desplegar 4 mil\u00a0miembros de la Guardia Nacional y 700 marines en la segunda urbe m\u00e1s poblada del pa\u00eds.\u00a0\u201cSi no hubiese enviado las [&hellip;]\" \/>\n<meta property=\"og:url\" content=\"https:\/\/conexionnacional.mx\/index.php\/2025\/06\/10\/trump-vs-newsom-redadas-y-protestas-reprimidas-esta-eu-ante-un-giro-autoritario\/\" \/>\n<meta property=\"og:site_name\" content=\"Conexi\u00f3n Nacional\" \/>\n<meta property=\"article:publisher\" content=\"https:\/\/www.facebook.com\/cnmxradio\" \/>\n<meta property=\"article:published_time\" content=\"2025-06-10T18:12:22+00:00\" \/>\n<meta property=\"article:modified_time\" content=\"2025-06-10T18:12:28+00:00\" \/>\n<meta property=\"og:image\" content=\"https:\/\/conexionnacional.mx\/wp-content\/uploads\/2025\/06\/3321940.jpg\" \/>\n\t<meta property=\"og:image:width\" content=\"640\" \/>\n\t<meta property=\"og:image:height\" content=\"480\" \/>\n\t<meta property=\"og:image:type\" content=\"image\/jpeg\" \/>\n<meta name=\"author\" content=\"Conexi\u00f3n Nacional\" \/>\n<meta name=\"twitter:card\" content=\"summary_large_image\" \/>\n<meta name=\"twitter:label1\" content=\"Escrito por\" \/>\n\t<meta name=\"twitter:data1\" content=\"Conexi\u00f3n Nacional\" \/>\n\t<meta name=\"twitter:label2\" content=\"Tiempo de lectura\" \/>\n\t<meta name=\"twitter:data2\" content=\"6 minutos\" \/>\n<script type=\"application\/ld+json\" class=\"yoast-schema-graph\">{\"@context\":\"https:\\\/\\\/schema.org\",\"@graph\":[{\"@type\":\"Article\",\"@id\":\"https:\\\/\\\/conexionnacional.mx\\\/index.php\\\/2025\\\/06\\\/10\\\/trump-vs-newsom-redadas-y-protestas-reprimidas-esta-eu-ante-un-giro-autoritario\\\/#article\",\"isPartOf\":{\"@id\":\"https:\\\/\\\/conexionnacional.mx\\\/index.php\\\/2025\\\/06\\\/10\\\/trump-vs-newsom-redadas-y-protestas-reprimidas-esta-eu-ante-un-giro-autoritario\\\/\"},\"author\":{\"name\":\"Conexi\u00f3n Nacional\",\"@id\":\"https:\\\/\\\/conexionnacional.mx\\\/#\\\/schema\\\/person\\\/dd14aeda902120f5e0e021903fdb6931\"},\"headline\":\"Trump vs. Newsom, redadas y protestas reprimidas \u00bfEst\u00e1 EU ante un giro autoritario?\",\"datePublished\":\"2025-06-10T18:12:22+00:00\",\"dateModified\":\"2025-06-10T18:12:28+00:00\",\"mainEntityOfPage\":{\"@id\":\"https:\\\/\\\/conexionnacional.mx\\\/index.php\\\/2025\\\/06\\\/10\\\/trump-vs-newsom-redadas-y-protestas-reprimidas-esta-eu-ante-un-giro-autoritario\\\/\"},\"wordCount\":1233,\"publisher\":{\"@id\":\"https:\\\/\\\/conexionnacional.mx\\\/#organization\"},\"image\":{\"@id\":\"https:\\\/\\\/conexionnacional.mx\\\/index.php\\\/2025\\\/06\\\/10\\\/trump-vs-newsom-redadas-y-protestas-reprimidas-esta-eu-ante-un-giro-autoritario\\\/#primaryimage\"},\"thumbnailUrl\":\"https:\\\/\\\/conexionnacional.mx\\\/wp-content\\\/uploads\\\/2025\\\/06\\\/3321940.jpg\",\"keywords\":[\"Trump\"],\"articleSection\":[\"Internacional\"],\"inLanguage\":\"es\"},{\"@type\":\"WebPage\",\"@id\":\"https:\\\/\\\/conexionnacional.mx\\\/index.php\\\/2025\\\/06\\\/10\\\/trump-vs-newsom-redadas-y-protestas-reprimidas-esta-eu-ante-un-giro-autoritario\\\/\",\"url\":\"https:\\\/\\\/conexionnacional.mx\\\/index.php\\\/2025\\\/06\\\/10\\\/trump-vs-newsom-redadas-y-protestas-reprimidas-esta-eu-ante-un-giro-autoritario\\\/\",\"name\":\"Trump vs. Newsom, redadas y protestas reprimidas \u00bfEst\u00e1 EU ante un giro autoritario? |\",\"isPartOf\":{\"@id\":\"https:\\\/\\\/conexionnacional.mx\\\/#website\"},\"primaryImageOfPage\":{\"@id\":\"https:\\\/\\\/conexionnacional.mx\\\/index.php\\\/2025\\\/06\\\/10\\\/trump-vs-newsom-redadas-y-protestas-reprimidas-esta-eu-ante-un-giro-autoritario\\\/#primaryimage\"},\"image\":{\"@id\":\"https:\\\/\\\/conexionnacional.mx\\\/index.php\\\/2025\\\/06\\\/10\\\/trump-vs-newsom-redadas-y-protestas-reprimidas-esta-eu-ante-un-giro-autoritario\\\/#primaryimage\"},\"thumbnailUrl\":\"https:\\\/\\\/conexionnacional.mx\\\/wp-content\\\/uploads\\\/2025\\\/06\\\/3321940.jpg\",\"datePublished\":\"2025-06-10T18:12:22+00:00\",\"dateModified\":\"2025-06-10T18:12:28+00:00\",\"breadcrumb\":{\"@id\":\"https:\\\/\\\/conexionnacional.mx\\\/index.php\\\/2025\\\/06\\\/10\\\/trump-vs-newsom-redadas-y-protestas-reprimidas-esta-eu-ante-un-giro-autoritario\\\/#breadcrumb\"},\"inLanguage\":\"es\",\"potentialAction\":[{\"@type\":\"ReadAction\",\"target\":[\"https:\\\/\\\/conexionnacional.mx\\\/index.php\\\/2025\\\/06\\\/10\\\/trump-vs-newsom-redadas-y-protestas-reprimidas-esta-eu-ante-un-giro-autoritario\\\/\"]}]},{\"@type\":\"ImageObject\",\"inLanguage\":\"es\",\"@id\":\"https:\\\/\\\/conexionnacional.mx\\\/index.php\\\/2025\\\/06\\\/10\\\/trump-vs-newsom-redadas-y-protestas-reprimidas-esta-eu-ante-un-giro-autoritario\\\/#primaryimage\",\"url\":\"https:\\\/\\\/conexionnacional.mx\\\/wp-content\\\/uploads\\\/2025\\\/06\\\/3321940.jpg\",\"contentUrl\":\"https:\\\/\\\/conexionnacional.mx\\\/wp-content\\\/uploads\\\/2025\\\/06\\\/3321940.jpg\",\"width\":640,\"height\":480},{\"@type\":\"BreadcrumbList\",\"@id\":\"https:\\\/\\\/conexionnacional.mx\\\/index.php\\\/2025\\\/06\\\/10\\\/trump-vs-newsom-redadas-y-protestas-reprimidas-esta-eu-ante-un-giro-autoritario\\\/#breadcrumb\",\"itemListElement\":[{\"@type\":\"ListItem\",\"position\":1,\"name\":\"Inicio\",\"item\":\"https:\\\/\\\/conexionnacional.mx\\\/\"},{\"@type\":\"ListItem\",\"position\":2,\"name\":\"Trump vs. Newsom, redadas y protestas reprimidas \u00bfEst\u00e1 EU ante un giro autoritario?\"}]},{\"@type\":\"WebSite\",\"@id\":\"https:\\\/\\\/conexionnacional.mx\\\/#website\",\"url\":\"https:\\\/\\\/conexionnacional.mx\\\/\",\"name\":\"Conexi\u00f3n Nacional\",\"description\":\"Noticias al momento\",\"publisher\":{\"@id\":\"https:\\\/\\\/conexionnacional.mx\\\/#organization\"},\"alternateName\":\"Noticias nacionales\",\"potentialAction\":[{\"@type\":\"SearchAction\",\"target\":{\"@type\":\"EntryPoint\",\"urlTemplate\":\"https:\\\/\\\/conexionnacional.mx\\\/?s={search_term_string}\"},\"query-input\":{\"@type\":\"PropertyValueSpecification\",\"valueRequired\":true,\"valueName\":\"search_term_string\"}}],\"inLanguage\":\"es\"},{\"@type\":\"Organization\",\"@id\":\"https:\\\/\\\/conexionnacional.mx\\\/#organization\",\"name\":\"Conexi\u00f3n Nacional\",\"url\":\"https:\\\/\\\/conexionnacional.mx\\\/\",\"logo\":{\"@type\":\"ImageObject\",\"inLanguage\":\"es\",\"@id\":\"https:\\\/\\\/conexionnacional.mx\\\/#\\\/schema\\\/logo\\\/image\\\/\",\"url\":\"https:\\\/\\\/conexionnacional.mx\\\/wp-content\\\/uploads\\\/2022\\\/09\\\/conexion_nacional.png\",\"contentUrl\":\"https:\\\/\\\/conexionnacional.mx\\\/wp-content\\\/uploads\\\/2022\\\/09\\\/conexion_nacional.png\",\"width\":2964,\"height\":1173,\"caption\":\"Conexi\u00f3n Nacional\"},\"image\":{\"@id\":\"https:\\\/\\\/conexionnacional.mx\\\/#\\\/schema\\\/logo\\\/image\\\/\"},\"sameAs\":[\"https:\\\/\\\/www.facebook.com\\\/cnmxradio\"]},{\"@type\":\"Person\",\"@id\":\"https:\\\/\\\/conexionnacional.mx\\\/#\\\/schema\\\/person\\\/dd14aeda902120f5e0e021903fdb6931\",\"name\":\"Conexi\u00f3n Nacional\",\"image\":{\"@type\":\"ImageObject\",\"inLanguage\":\"es\",\"@id\":\"https:\\\/\\\/secure.gravatar.com\\\/avatar\\\/e523100f284110b2ecca7e17b2be9cf140a5e8f35294c9ec0543e6916cc1f9be?s=96&d=blank&r=g\",\"url\":\"https:\\\/\\\/secure.gravatar.com\\\/avatar\\\/e523100f284110b2ecca7e17b2be9cf140a5e8f35294c9ec0543e6916cc1f9be?s=96&d=blank&r=g\",\"contentUrl\":\"https:\\\/\\\/secure.gravatar.com\\\/avatar\\\/e523100f284110b2ecca7e17b2be9cf140a5e8f35294c9ec0543e6916cc1f9be?s=96&d=blank&r=g\",\"caption\":\"Conexi\u00f3n Nacional\"},\"sameAs\":[\"https:\\\/\\\/conexionnacional.mx\"],\"url\":\"https:\\\/\\\/conexionnacional.mx\\\/index.php\\\/author\\\/administrador\\\/\"}]}<\/script>\n<!-- \/ Yoast SEO plugin. -->","yoast_head_json":{"title":"Trump vs. Newsom, redadas y protestas reprimidas \u00bfEst\u00e1 EU ante un giro autoritario? |","robots":{"index":"index","follow":"follow","max-snippet":"max-snippet:-1","max-image-preview":"max-image-preview:large","max-video-preview":"max-video-preview:-1"},"canonical":"https:\/\/conexionnacional.mx\/index.php\/2025\/06\/10\/trump-vs-newsom-redadas-y-protestas-reprimidas-esta-eu-ante-un-giro-autoritario\/","og_locale":"es_MX","og_type":"article","og_title":"Trump vs. Newsom, redadas y protestas reprimidas \u00bfEst\u00e1 EU ante un giro autoritario? |","og_description":"El viernes por la noche, cuando los helic\u00f3pteros de la Patrulla de Carreteras\u00a0sobrevolaban el centro de la ciudad y agentes federales deten\u00edan a 44 migrantes, el presidente Donald Trump firm\u00f3 un memorando para desplegar 4 mil\u00a0miembros de la Guardia Nacional y 700 marines en la segunda urbe m\u00e1s poblada del pa\u00eds.\u00a0\u201cSi no hubiese enviado las [&hellip;]","og_url":"https:\/\/conexionnacional.mx\/index.php\/2025\/06\/10\/trump-vs-newsom-redadas-y-protestas-reprimidas-esta-eu-ante-un-giro-autoritario\/","og_site_name":"Conexi\u00f3n Nacional","article_publisher":"https:\/\/www.facebook.com\/cnmxradio","article_published_time":"2025-06-10T18:12:22+00:00","article_modified_time":"2025-06-10T18:12:28+00:00","og_image":[{"width":640,"height":480,"url":"https:\/\/conexionnacional.mx\/wp-content\/uploads\/2025\/06\/3321940.jpg","type":"image\/jpeg"}],"author":"Conexi\u00f3n Nacional","twitter_card":"summary_large_image","twitter_misc":{"Escrito por":"Conexi\u00f3n Nacional","Tiempo de lectura":"6 minutos"},"schema":{"@context":"https:\/\/schema.org","@graph":[{"@type":"Article","@id":"https:\/\/conexionnacional.mx\/index.php\/2025\/06\/10\/trump-vs-newsom-redadas-y-protestas-reprimidas-esta-eu-ante-un-giro-autoritario\/#article","isPartOf":{"@id":"https:\/\/conexionnacional.mx\/index.php\/2025\/06\/10\/trump-vs-newsom-redadas-y-protestas-reprimidas-esta-eu-ante-un-giro-autoritario\/"},"author":{"name":"Conexi\u00f3n Nacional","@id":"https:\/\/conexionnacional.mx\/#\/schema\/person\/dd14aeda902120f5e0e021903fdb6931"},"headline":"Trump vs. Newsom, redadas y protestas reprimidas \u00bfEst\u00e1 EU ante un giro autoritario?","datePublished":"2025-06-10T18:12:22+00:00","dateModified":"2025-06-10T18:12:28+00:00","mainEntityOfPage":{"@id":"https:\/\/conexionnacional.mx\/index.php\/2025\/06\/10\/trump-vs-newsom-redadas-y-protestas-reprimidas-esta-eu-ante-un-giro-autoritario\/"},"wordCount":1233,"publisher":{"@id":"https:\/\/conexionnacional.mx\/#organization"},"image":{"@id":"https:\/\/conexionnacional.mx\/index.php\/2025\/06\/10\/trump-vs-newsom-redadas-y-protestas-reprimidas-esta-eu-ante-un-giro-autoritario\/#primaryimage"},"thumbnailUrl":"https:\/\/conexionnacional.mx\/wp-content\/uploads\/2025\/06\/3321940.jpg","keywords":["Trump"],"articleSection":["Internacional"],"inLanguage":"es"},{"@type":"WebPage","@id":"https:\/\/conexionnacional.mx\/index.php\/2025\/06\/10\/trump-vs-newsom-redadas-y-protestas-reprimidas-esta-eu-ante-un-giro-autoritario\/","url":"https:\/\/conexionnacional.mx\/index.php\/2025\/06\/10\/trump-vs-newsom-redadas-y-protestas-reprimidas-esta-eu-ante-un-giro-autoritario\/","name":"Trump vs. Newsom, redadas y protestas reprimidas \u00bfEst\u00e1 EU ante un giro autoritario? |","isPartOf":{"@id":"https:\/\/conexionnacional.mx\/#website"},"primaryImageOfPage":{"@id":"https:\/\/conexionnacional.mx\/index.php\/2025\/06\/10\/trump-vs-newsom-redadas-y-protestas-reprimidas-esta-eu-ante-un-giro-autoritario\/#primaryimage"},"image":{"@id":"https:\/\/conexionnacional.mx\/index.php\/2025\/06\/10\/trump-vs-newsom-redadas-y-protestas-reprimidas-esta-eu-ante-un-giro-autoritario\/#primaryimage"},"thumbnailUrl":"https:\/\/conexionnacional.mx\/wp-content\/uploads\/2025\/06\/3321940.jpg","datePublished":"2025-06-10T18:12:22+00:00","dateModified":"2025-06-10T18:12:28+00:00","breadcrumb":{"@id":"https:\/\/conexionnacional.mx\/index.php\/2025\/06\/10\/trump-vs-newsom-redadas-y-protestas-reprimidas-esta-eu-ante-un-giro-autoritario\/#breadcrumb"},"inLanguage":"es","potentialAction":[{"@type":"ReadAction","target":["https:\/\/conexionnacional.mx\/index.php\/2025\/06\/10\/trump-vs-newsom-redadas-y-protestas-reprimidas-esta-eu-ante-un-giro-autoritario\/"]}]},{"@type":"ImageObject","inLanguage":"es","@id":"https:\/\/conexionnacional.mx\/index.php\/2025\/06\/10\/trump-vs-newsom-redadas-y-protestas-reprimidas-esta-eu-ante-un-giro-autoritario\/#primaryimage","url":"https:\/\/conexionnacional.mx\/wp-content\/uploads\/2025\/06\/3321940.jpg","contentUrl":"https:\/\/conexionnacional.mx\/wp-content\/uploads\/2025\/06\/3321940.jpg","width":640,"height":480},{"@type":"BreadcrumbList","@id":"https:\/\/conexionnacional.mx\/index.php\/2025\/06\/10\/trump-vs-newsom-redadas-y-protestas-reprimidas-esta-eu-ante-un-giro-autoritario\/#breadcrumb","itemListElement":[{"@type":"ListItem","position":1,"name":"Inicio","item":"https:\/\/conexionnacional.mx\/"},{"@type":"ListItem","position":2,"name":"Trump vs. Newsom, redadas y protestas reprimidas \u00bfEst\u00e1 EU ante un giro autoritario?"}]},{"@type":"WebSite","@id":"https:\/\/conexionnacional.mx\/#website","url":"https:\/\/conexionnacional.mx\/","name":"Conexi\u00f3n Nacional","description":"Noticias al momento","publisher":{"@id":"https:\/\/conexionnacional.mx\/#organization"},"alternateName":"Noticias nacionales","potentialAction":[{"@type":"SearchAction","target":{"@type":"EntryPoint","urlTemplate":"https:\/\/conexionnacional.mx\/?s={search_term_string}"},"query-input":{"@type":"PropertyValueSpecification","valueRequired":true,"valueName":"search_term_string"}}],"inLanguage":"es"},{"@type":"Organization","@id":"https:\/\/conexionnacional.mx\/#organization","name":"Conexi\u00f3n Nacional","url":"https:\/\/conexionnacional.mx\/","logo":{"@type":"ImageObject","inLanguage":"es","@id":"https:\/\/conexionnacional.mx\/#\/schema\/logo\/image\/","url":"https:\/\/conexionnacional.mx\/wp-content\/uploads\/2022\/09\/conexion_nacional.png","contentUrl":"https:\/\/conexionnacional.mx\/wp-content\/uploads\/2022\/09\/conexion_nacional.png","width":2964,"height":1173,"caption":"Conexi\u00f3n Nacional"},"image":{"@id":"https:\/\/conexionnacional.mx\/#\/schema\/logo\/image\/"},"sameAs":["https:\/\/www.facebook.com\/cnmxradio"]},{"@type":"Person","@id":"https:\/\/conexionnacional.mx\/#\/schema\/person\/dd14aeda902120f5e0e021903fdb6931","name":"Conexi\u00f3n Nacional","image":{"@type":"ImageObject","inLanguage":"es","@id":"https:\/\/secure.gravatar.com\/avatar\/e523100f284110b2ecca7e17b2be9cf140a5e8f35294c9ec0543e6916cc1f9be?s=96&d=blank&r=g","url":"https:\/\/secure.gravatar.com\/avatar\/e523100f284110b2ecca7e17b2be9cf140a5e8f35294c9ec0543e6916cc1f9be?s=96&d=blank&r=g","contentUrl":"https:\/\/secure.gravatar.com\/avatar\/e523100f284110b2ecca7e17b2be9cf140a5e8f35294c9ec0543e6916cc1f9be?s=96&d=blank&r=g","caption":"Conexi\u00f3n Nacional"},"sameAs":["https:\/\/conexionnacional.mx"],"url":"https:\/\/conexionnacional.mx\/index.php\/author\/administrador\/"}]}},"_links":{"self":[{"href":"https:\/\/conexionnacional.mx\/index.php\/wp-json\/wp\/v2\/posts\/24732","targetHints":{"allow":["GET"]}}],"collection":[{"href":"https:\/\/conexionnacional.mx\/index.php\/wp-json\/wp\/v2\/posts"}],"about":[{"href":"https:\/\/conexionnacional.mx\/index.php\/wp-json\/wp\/v2\/types\/post"}],"author":[{"embeddable":true,"href":"https:\/\/conexionnacional.mx\/index.php\/wp-json\/wp\/v2\/users\/1"}],"replies":[{"embeddable":true,"href":"https:\/\/conexionnacional.mx\/index.php\/wp-json\/wp\/v2\/comments?post=24732"}],"version-history":[{"count":1,"href":"https:\/\/conexionnacional.mx\/index.php\/wp-json\/wp\/v2\/posts\/24732\/revisions"}],"predecessor-version":[{"id":24734,"href":"https:\/\/conexionnacional.mx\/index.php\/wp-json\/wp\/v2\/posts\/24732\/revisions\/24734"}],"wp:featuredmedia":[{"embeddable":true,"href":"https:\/\/conexionnacional.mx\/index.php\/wp-json\/wp\/v2\/media\/24733"}],"wp:attachment":[{"href":"https:\/\/conexionnacional.mx\/index.php\/wp-json\/wp\/v2\/media?parent=24732"}],"wp:term":[{"taxonomy":"category","embeddable":true,"href":"https:\/\/conexionnacional.mx\/index.php\/wp-json\/wp\/v2\/categories?post=24732"},{"taxonomy":"post_tag","embeddable":true,"href":"https:\/\/conexionnacional.mx\/index.php\/wp-json\/wp\/v2\/tags?post=24732"}],"curies":[{"name":"wp","href":"https:\/\/api.w.org\/{rel}","templated":true}]}}