{"id":24559,"date":"2025-05-16T13:29:35","date_gmt":"2025-05-16T19:29:35","guid":{"rendered":"https:\/\/conexionnacional.mx\/?p=24559"},"modified":"2025-05-16T13:29:38","modified_gmt":"2025-05-16T19:29:38","slug":"te-voy-a-echar-cal-amenaza-previa-en-caso-valeria-marquez-genera-sospechas","status":"publish","type":"post","link":"https:\/\/conexionnacional.mx\/index.php\/2025\/05\/16\/te-voy-a-echar-cal-amenaza-previa-en-caso-valeria-marquez-genera-sospechas\/","title":{"rendered":"&#8220;Te voy a echar cal&#8221;: amenaza previa en caso Valeria M\u00e1rquez genera sospechas"},"content":{"rendered":"\n<p>El brutal asesinato de la&nbsp;<strong>influencer Valeria M\u00e1rquez<\/strong>&nbsp;ha causado conmoci\u00f3n a nivel nacional, especialmente porque el crimen qued\u00f3 registrado en tiempo real durante una<strong>&nbsp;transmisi\u00f3n en vivo que realizaba en TikTok.<\/strong>&nbsp;Los hechos ocurrieron el pasado 13 de mayo alrededor de las 18:30 horas, dentro de su propio sal\u00f3n de belleza, ubicado sobre la Avenida Servidor P\u00fablico, en la colonia Real del Carmen, municipio de Zapopan, Jalisco.<\/p>\n\n\n\n<p>Con m\u00e1s de 367 mil seguidores en Instagram,&nbsp;<strong>Valeria<\/strong>&nbsp;tambi\u00e9n manejaba un canal de difusi\u00f3n llamado&nbsp;<strong>\u201cAmigas Personales\u201d<\/strong>, donde compart\u00eda reflexiones, fotos cotidianas, y actualizaciones para avisar a sus seguidoras sobre sus transmisiones en vivo.<\/p>\n\n\n\n<p>Este espacio estaba dirigido&nbsp;<strong>principalmente a mujeres<\/strong>, muchas de las cuales formaban parte de su comunidad activa.<\/p>\n\n\n\n<h2 class=\"wp-block-heading\"><strong>Un chat previo que despierta sospechas<\/strong><\/h2>\n\n\n\n<p>En medio del dolor y la incertidumbre, ha comenzado a circular en redes&nbsp;<strong>una captura de pantalla<\/strong>&nbsp;que ha generado nuevas preguntas sobre el caso. Se trata de una supuesta conversaci\u00f3n entre&nbsp;<strong>Valeria M\u00e1rquez&nbsp;<\/strong>y otra usuaria identificada como<strong>&nbsp;<a href=\"https:\/\/www.excelsior.com.mx\/nacional\/fiscalia-de-jalisco-no-investiga-vivian-de-la-torre-en-caso-valeria-marquez\/1716097\" target=\"_blank\" rel=\"noreferrer noopener\">Vivian de la Torre<\/a><\/strong>, donde intercambian mensajes con un tono hostil.<\/p>\n\n\n\n<blockquote class=\"wp-block-quote is-layout-flow wp-block-quote-is-layout-flow\">\n<p>En la conversaci\u00f3n,&nbsp;<a href=\"https:\/\/www.excelsior.com.mx\/trending\/quien-es-vivian-de-la-torre-influencer-senalada-tras-feminicidio-de-valeria-marquez\/1715911\" target=\"_blank\" rel=\"noreferrer noopener\"><strong>Vivian<\/strong><\/a>&nbsp;le habr\u00eda escrito:&nbsp;<strong>\u201cTe voy a echar cal\u201d,<\/strong>&nbsp;a lo que Valeria respondi\u00f3: \u201cNi una subidita de muerto nada\u201d.<\/p>\n<\/blockquote>\n\n\n\n<blockquote class=\"wp-block-quote is-layout-flow wp-block-quote-is-layout-flow\">\n<p><strong>Vivian<\/strong>, por su parte, contest\u00f3: \u201cLa \u00fanica que te visita soy yo, tu santa y tus t\u00edos\u201d.<\/p>\n<\/blockquote>\n\n\n\n<figure class=\"wp-block-image\"><img decoding=\"async\" src=\"data:image\/gif;base64,R0lGODlhAQABAAAAACH5BAEKAAEALAAAAAABAAEAAAICTAEAOw==\" data-src=\"https:\/\/www.excelsior.com.mx\/540x540\/filters:format(webp):quality(75)\/\/media\/inside-the-note\/pictures\/2025\/05\/16\/vivian_de_la_torre_le_dice_a_valentina_marquez_que_le_echara_cal.jpg\" alt=\"Imagen intermedia\" class=\"lazyload\" title=\"Imagen Intermedia\"\/><\/figure>\n\n\n\n<p><strong>Foto: @v___marquez.<\/strong><\/p>\n\n\n\n<p>Este intercambio ha sido interpretado por algunos como&nbsp;<strong>una amenaza velada<\/strong>, lo que ha intensificado la presi\u00f3n en redes sociales para que las autoridades investiguen todos los v\u00ednculos y posibles&nbsp;<strong>m\u00f3viles detr\u00e1s del feminicidio.<\/strong><\/p>\n\n\n\n<p>La tragedia ha sacudido tanto a su comunidad digital como a la sociedad en general, que&nbsp;<strong>exige justicia y esclarecimiento total de los hechos.&nbsp;<\/strong>Mientras tanto, la Fiscal\u00eda contin\u00faa las indagatorias.<\/p>\n","protected":false},"excerpt":{"rendered":"<p>El brutal asesinato de la&nbsp;influencer Valeria M\u00e1rquez&nbsp;ha causado conmoci\u00f3n a nivel nacional, especialmente porque el crimen qued\u00f3 registrado en tiempo real durante una&nbsp;transmisi\u00f3n en vivo que realizaba en TikTok.&nbsp;Los hechos ocurrieron el pasado 13 de mayo alrededor de las 18:30 horas, dentro de su propio sal\u00f3n de belleza, ubicado sobre la Avenida Servidor P\u00fablico, en [&hellip;]<\/p>\n","protected":false},"author":1,"featured_media":24560,"comment_status":"closed","ping_status":"closed","sticky":false,"template":"","format":"aside","meta":{"googlesitekit_rrm_CAowytPeCw:productID":"","footnotes":""},"categories":[3],"tags":[8991],"class_list":["post-24559","post","type-post","status-publish","format-aside","has-post-thumbnail","hentry","category-nacional","tag-valeria-marquez","post_format-post-format-aside"],"yoast_head":"<!-- This site is optimized with the Yoast SEO plugin v27.4 - https:\/\/yoast.com\/product\/yoast-seo-wordpress\/ -->\n<title>&quot;Te voy a echar cal&quot;: amenaza previa en caso Valeria M\u00e1rquez genera sospechas |<\/title>\n<meta name=\"robots\" content=\"index, follow, max-snippet:-1, max-image-preview:large, max-video-preview:-1\" \/>\n<link rel=\"canonical\" href=\"https:\/\/conexionnacional.mx\/index.php\/2025\/05\/16\/te-voy-a-echar-cal-amenaza-previa-en-caso-valeria-marquez-genera-sospechas\/\" \/>\n<meta property=\"og:locale\" content=\"es_MX\" \/>\n<meta property=\"og:type\" content=\"article\" \/>\n<meta property=\"og:title\" content=\"&quot;Te voy a echar cal&quot;: amenaza previa en caso Valeria M\u00e1rquez genera sospechas |\" \/>\n<meta property=\"og:description\" content=\"El brutal asesinato de la&nbsp;influencer Valeria M\u00e1rquez&nbsp;ha causado conmoci\u00f3n a nivel nacional, especialmente porque el crimen qued\u00f3 registrado en tiempo real durante una&nbsp;transmisi\u00f3n en vivo que realizaba en TikTok.&nbsp;Los hechos ocurrieron el pasado 13 de mayo alrededor de las 18:30 horas, dentro de su propio sal\u00f3n de belleza, ubicado sobre la Avenida Servidor P\u00fablico, en [&hellip;]\" \/>\n<meta property=\"og:url\" content=\"https:\/\/conexionnacional.mx\/index.php\/2025\/05\/16\/te-voy-a-echar-cal-amenaza-previa-en-caso-valeria-marquez-genera-sospechas\/\" \/>\n<meta property=\"og:site_name\" content=\"Conexi\u00f3n Nacional\" \/>\n<meta property=\"article:publisher\" content=\"https:\/\/www.facebook.com\/cnmxradio\" \/>\n<meta property=\"article:published_time\" content=\"2025-05-16T19:29:35+00:00\" \/>\n<meta property=\"article:modified_time\" content=\"2025-05-16T19:29:38+00:00\" \/>\n<meta property=\"og:image\" content=\"https:\/\/conexionnacional.mx\/wp-content\/uploads\/2025\/05\/3308426.jpg\" \/>\n\t<meta property=\"og:image:width\" content=\"800\" \/>\n\t<meta property=\"og:image:height\" content=\"600\" \/>\n\t<meta property=\"og:image:type\" content=\"image\/jpeg\" \/>\n<meta name=\"author\" content=\"Conexi\u00f3n Nacional\" \/>\n<meta name=\"twitter:card\" content=\"summary_large_image\" \/>\n<meta name=\"twitter:label1\" content=\"Escrito por\" \/>\n\t<meta name=\"twitter:data1\" content=\"Conexi\u00f3n Nacional\" \/>\n\t<meta name=\"twitter:label2\" content=\"Tiempo de lectura\" \/>\n\t<meta name=\"twitter:data2\" content=\"2 minutos\" \/>\n<script type=\"application\/ld+json\" class=\"yoast-schema-graph\">{\"@context\":\"https:\\\/\\\/schema.org\",\"@graph\":[{\"@type\":\"Article\",\"@id\":\"https:\\\/\\\/conexionnacional.mx\\\/index.php\\\/2025\\\/05\\\/16\\\/te-voy-a-echar-cal-amenaza-previa-en-caso-valeria-marquez-genera-sospechas\\\/#article\",\"isPartOf\":{\"@id\":\"https:\\\/\\\/conexionnacional.mx\\\/index.php\\\/2025\\\/05\\\/16\\\/te-voy-a-echar-cal-amenaza-previa-en-caso-valeria-marquez-genera-sospechas\\\/\"},\"author\":{\"name\":\"Conexi\u00f3n Nacional\",\"@id\":\"https:\\\/\\\/conexionnacional.mx\\\/#\\\/schema\\\/person\\\/dd14aeda902120f5e0e021903fdb6931\"},\"headline\":\"&#8220;Te voy a echar cal&#8221;: amenaza previa en caso Valeria M\u00e1rquez genera sospechas\",\"datePublished\":\"2025-05-16T19:29:35+00:00\",\"dateModified\":\"2025-05-16T19:29:38+00:00\",\"mainEntityOfPage\":{\"@id\":\"https:\\\/\\\/conexionnacional.mx\\\/index.php\\\/2025\\\/05\\\/16\\\/te-voy-a-echar-cal-amenaza-previa-en-caso-valeria-marquez-genera-sospechas\\\/\"},\"wordCount\":336,\"publisher\":{\"@id\":\"https:\\\/\\\/conexionnacional.mx\\\/#organization\"},\"image\":{\"@id\":\"https:\\\/\\\/conexionnacional.mx\\\/index.php\\\/2025\\\/05\\\/16\\\/te-voy-a-echar-cal-amenaza-previa-en-caso-valeria-marquez-genera-sospechas\\\/#primaryimage\"},\"thumbnailUrl\":\"https:\\\/\\\/conexionnacional.mx\\\/wp-content\\\/uploads\\\/2025\\\/05\\\/3308426.jpg\",\"keywords\":[\"Valeria M\u00e1rquez\"],\"articleSection\":[\"Nacional\"],\"inLanguage\":\"es\"},{\"@type\":\"WebPage\",\"@id\":\"https:\\\/\\\/conexionnacional.mx\\\/index.php\\\/2025\\\/05\\\/16\\\/te-voy-a-echar-cal-amenaza-previa-en-caso-valeria-marquez-genera-sospechas\\\/\",\"url\":\"https:\\\/\\\/conexionnacional.mx\\\/index.php\\\/2025\\\/05\\\/16\\\/te-voy-a-echar-cal-amenaza-previa-en-caso-valeria-marquez-genera-sospechas\\\/\",\"name\":\"\\\"Te voy a echar cal\\\": amenaza previa en caso Valeria M\u00e1rquez genera sospechas |\",\"isPartOf\":{\"@id\":\"https:\\\/\\\/conexionnacional.mx\\\/#website\"},\"primaryImageOfPage\":{\"@id\":\"https:\\\/\\\/conexionnacional.mx\\\/index.php\\\/2025\\\/05\\\/16\\\/te-voy-a-echar-cal-amenaza-previa-en-caso-valeria-marquez-genera-sospechas\\\/#primaryimage\"},\"image\":{\"@id\":\"https:\\\/\\\/conexionnacional.mx\\\/index.php\\\/2025\\\/05\\\/16\\\/te-voy-a-echar-cal-amenaza-previa-en-caso-valeria-marquez-genera-sospechas\\\/#primaryimage\"},\"thumbnailUrl\":\"https:\\\/\\\/conexionnacional.mx\\\/wp-content\\\/uploads\\\/2025\\\/05\\\/3308426.jpg\",\"datePublished\":\"2025-05-16T19:29:35+00:00\",\"dateModified\":\"2025-05-16T19:29:38+00:00\",\"breadcrumb\":{\"@id\":\"https:\\\/\\\/conexionnacional.mx\\\/index.php\\\/2025\\\/05\\\/16\\\/te-voy-a-echar-cal-amenaza-previa-en-caso-valeria-marquez-genera-sospechas\\\/#breadcrumb\"},\"inLanguage\":\"es\",\"potentialAction\":[{\"@type\":\"ReadAction\",\"target\":[\"https:\\\/\\\/conexionnacional.mx\\\/index.php\\\/2025\\\/05\\\/16\\\/te-voy-a-echar-cal-amenaza-previa-en-caso-valeria-marquez-genera-sospechas\\\/\"]}]},{\"@type\":\"ImageObject\",\"inLanguage\":\"es\",\"@id\":\"https:\\\/\\\/conexionnacional.mx\\\/index.php\\\/2025\\\/05\\\/16\\\/te-voy-a-echar-cal-amenaza-previa-en-caso-valeria-marquez-genera-sospechas\\\/#primaryimage\",\"url\":\"https:\\\/\\\/conexionnacional.mx\\\/wp-content\\\/uploads\\\/2025\\\/05\\\/3308426.jpg\",\"contentUrl\":\"https:\\\/\\\/conexionnacional.mx\\\/wp-content\\\/uploads\\\/2025\\\/05\\\/3308426.jpg\",\"width\":800,\"height\":600},{\"@type\":\"BreadcrumbList\",\"@id\":\"https:\\\/\\\/conexionnacional.mx\\\/index.php\\\/2025\\\/05\\\/16\\\/te-voy-a-echar-cal-amenaza-previa-en-caso-valeria-marquez-genera-sospechas\\\/#breadcrumb\",\"itemListElement\":[{\"@type\":\"ListItem\",\"position\":1,\"name\":\"Inicio\",\"item\":\"https:\\\/\\\/conexionnacional.mx\\\/\"},{\"@type\":\"ListItem\",\"position\":2,\"name\":\"&#8220;Te voy a echar cal&#8221;: amenaza previa en caso Valeria M\u00e1rquez genera sospechas\"}]},{\"@type\":\"WebSite\",\"@id\":\"https:\\\/\\\/conexionnacional.mx\\\/#website\",\"url\":\"https:\\\/\\\/conexionnacional.mx\\\/\",\"name\":\"Conexi\u00f3n Nacional\",\"description\":\"Noticias al momento\",\"publisher\":{\"@id\":\"https:\\\/\\\/conexionnacional.mx\\\/#organization\"},\"alternateName\":\"Noticias nacionales\",\"potentialAction\":[{\"@type\":\"SearchAction\",\"target\":{\"@type\":\"EntryPoint\",\"urlTemplate\":\"https:\\\/\\\/conexionnacional.mx\\\/?s={search_term_string}\"},\"query-input\":{\"@type\":\"PropertyValueSpecification\",\"valueRequired\":true,\"valueName\":\"search_term_string\"}}],\"inLanguage\":\"es\"},{\"@type\":\"Organization\",\"@id\":\"https:\\\/\\\/conexionnacional.mx\\\/#organization\",\"name\":\"Conexi\u00f3n Nacional\",\"url\":\"https:\\\/\\\/conexionnacional.mx\\\/\",\"logo\":{\"@type\":\"ImageObject\",\"inLanguage\":\"es\",\"@id\":\"https:\\\/\\\/conexionnacional.mx\\\/#\\\/schema\\\/logo\\\/image\\\/\",\"url\":\"https:\\\/\\\/conexionnacional.mx\\\/wp-content\\\/uploads\\\/2022\\\/09\\\/conexion_nacional.png\",\"contentUrl\":\"https:\\\/\\\/conexionnacional.mx\\\/wp-content\\\/uploads\\\/2022\\\/09\\\/conexion_nacional.png\",\"width\":2964,\"height\":1173,\"caption\":\"Conexi\u00f3n Nacional\"},\"image\":{\"@id\":\"https:\\\/\\\/conexionnacional.mx\\\/#\\\/schema\\\/logo\\\/image\\\/\"},\"sameAs\":[\"https:\\\/\\\/www.facebook.com\\\/cnmxradio\"]},{\"@type\":\"Person\",\"@id\":\"https:\\\/\\\/conexionnacional.mx\\\/#\\\/schema\\\/person\\\/dd14aeda902120f5e0e021903fdb6931\",\"name\":\"Conexi\u00f3n Nacional\",\"image\":{\"@type\":\"ImageObject\",\"inLanguage\":\"es\",\"@id\":\"https:\\\/\\\/secure.gravatar.com\\\/avatar\\\/e523100f284110b2ecca7e17b2be9cf140a5e8f35294c9ec0543e6916cc1f9be?s=96&d=blank&r=g\",\"url\":\"https:\\\/\\\/secure.gravatar.com\\\/avatar\\\/e523100f284110b2ecca7e17b2be9cf140a5e8f35294c9ec0543e6916cc1f9be?s=96&d=blank&r=g\",\"contentUrl\":\"https:\\\/\\\/secure.gravatar.com\\\/avatar\\\/e523100f284110b2ecca7e17b2be9cf140a5e8f35294c9ec0543e6916cc1f9be?s=96&d=blank&r=g\",\"caption\":\"Conexi\u00f3n Nacional\"},\"sameAs\":[\"https:\\\/\\\/conexionnacional.mx\"],\"url\":\"https:\\\/\\\/conexionnacional.mx\\\/index.php\\\/author\\\/administrador\\\/\"}]}<\/script>\n<!-- \/ Yoast SEO plugin. -->","yoast_head_json":{"title":"\"Te voy a echar cal\": amenaza previa en caso Valeria M\u00e1rquez genera sospechas |","robots":{"index":"index","follow":"follow","max-snippet":"max-snippet:-1","max-image-preview":"max-image-preview:large","max-video-preview":"max-video-preview:-1"},"canonical":"https:\/\/conexionnacional.mx\/index.php\/2025\/05\/16\/te-voy-a-echar-cal-amenaza-previa-en-caso-valeria-marquez-genera-sospechas\/","og_locale":"es_MX","og_type":"article","og_title":"\"Te voy a echar cal\": amenaza previa en caso Valeria M\u00e1rquez genera sospechas |","og_description":"El brutal asesinato de la&nbsp;influencer Valeria M\u00e1rquez&nbsp;ha causado conmoci\u00f3n a nivel nacional, especialmente porque el crimen qued\u00f3 registrado en tiempo real durante una&nbsp;transmisi\u00f3n en vivo que realizaba en TikTok.&nbsp;Los hechos ocurrieron el pasado 13 de mayo alrededor de las 18:30 horas, dentro de su propio sal\u00f3n de belleza, ubicado sobre la Avenida Servidor P\u00fablico, en [&hellip;]","og_url":"https:\/\/conexionnacional.mx\/index.php\/2025\/05\/16\/te-voy-a-echar-cal-amenaza-previa-en-caso-valeria-marquez-genera-sospechas\/","og_site_name":"Conexi\u00f3n Nacional","article_publisher":"https:\/\/www.facebook.com\/cnmxradio","article_published_time":"2025-05-16T19:29:35+00:00","article_modified_time":"2025-05-16T19:29:38+00:00","og_image":[{"width":800,"height":600,"url":"https:\/\/conexionnacional.mx\/wp-content\/uploads\/2025\/05\/3308426.jpg","type":"image\/jpeg"}],"author":"Conexi\u00f3n Nacional","twitter_card":"summary_large_image","twitter_misc":{"Escrito por":"Conexi\u00f3n Nacional","Tiempo de lectura":"2 minutos"},"schema":{"@context":"https:\/\/schema.org","@graph":[{"@type":"Article","@id":"https:\/\/conexionnacional.mx\/index.php\/2025\/05\/16\/te-voy-a-echar-cal-amenaza-previa-en-caso-valeria-marquez-genera-sospechas\/#article","isPartOf":{"@id":"https:\/\/conexionnacional.mx\/index.php\/2025\/05\/16\/te-voy-a-echar-cal-amenaza-previa-en-caso-valeria-marquez-genera-sospechas\/"},"author":{"name":"Conexi\u00f3n Nacional","@id":"https:\/\/conexionnacional.mx\/#\/schema\/person\/dd14aeda902120f5e0e021903fdb6931"},"headline":"&#8220;Te voy a echar cal&#8221;: amenaza previa en caso Valeria M\u00e1rquez genera sospechas","datePublished":"2025-05-16T19:29:35+00:00","dateModified":"2025-05-16T19:29:38+00:00","mainEntityOfPage":{"@id":"https:\/\/conexionnacional.mx\/index.php\/2025\/05\/16\/te-voy-a-echar-cal-amenaza-previa-en-caso-valeria-marquez-genera-sospechas\/"},"wordCount":336,"publisher":{"@id":"https:\/\/conexionnacional.mx\/#organization"},"image":{"@id":"https:\/\/conexionnacional.mx\/index.php\/2025\/05\/16\/te-voy-a-echar-cal-amenaza-previa-en-caso-valeria-marquez-genera-sospechas\/#primaryimage"},"thumbnailUrl":"https:\/\/conexionnacional.mx\/wp-content\/uploads\/2025\/05\/3308426.jpg","keywords":["Valeria M\u00e1rquez"],"articleSection":["Nacional"],"inLanguage":"es"},{"@type":"WebPage","@id":"https:\/\/conexionnacional.mx\/index.php\/2025\/05\/16\/te-voy-a-echar-cal-amenaza-previa-en-caso-valeria-marquez-genera-sospechas\/","url":"https:\/\/conexionnacional.mx\/index.php\/2025\/05\/16\/te-voy-a-echar-cal-amenaza-previa-en-caso-valeria-marquez-genera-sospechas\/","name":"\"Te voy a echar cal\": amenaza previa en caso Valeria M\u00e1rquez genera sospechas |","isPartOf":{"@id":"https:\/\/conexionnacional.mx\/#website"},"primaryImageOfPage":{"@id":"https:\/\/conexionnacional.mx\/index.php\/2025\/05\/16\/te-voy-a-echar-cal-amenaza-previa-en-caso-valeria-marquez-genera-sospechas\/#primaryimage"},"image":{"@id":"https:\/\/conexionnacional.mx\/index.php\/2025\/05\/16\/te-voy-a-echar-cal-amenaza-previa-en-caso-valeria-marquez-genera-sospechas\/#primaryimage"},"thumbnailUrl":"https:\/\/conexionnacional.mx\/wp-content\/uploads\/2025\/05\/3308426.jpg","datePublished":"2025-05-16T19:29:35+00:00","dateModified":"2025-05-16T19:29:38+00:00","breadcrumb":{"@id":"https:\/\/conexionnacional.mx\/index.php\/2025\/05\/16\/te-voy-a-echar-cal-amenaza-previa-en-caso-valeria-marquez-genera-sospechas\/#breadcrumb"},"inLanguage":"es","potentialAction":[{"@type":"ReadAction","target":["https:\/\/conexionnacional.mx\/index.php\/2025\/05\/16\/te-voy-a-echar-cal-amenaza-previa-en-caso-valeria-marquez-genera-sospechas\/"]}]},{"@type":"ImageObject","inLanguage":"es","@id":"https:\/\/conexionnacional.mx\/index.php\/2025\/05\/16\/te-voy-a-echar-cal-amenaza-previa-en-caso-valeria-marquez-genera-sospechas\/#primaryimage","url":"https:\/\/conexionnacional.mx\/wp-content\/uploads\/2025\/05\/3308426.jpg","contentUrl":"https:\/\/conexionnacional.mx\/wp-content\/uploads\/2025\/05\/3308426.jpg","width":800,"height":600},{"@type":"BreadcrumbList","@id":"https:\/\/conexionnacional.mx\/index.php\/2025\/05\/16\/te-voy-a-echar-cal-amenaza-previa-en-caso-valeria-marquez-genera-sospechas\/#breadcrumb","itemListElement":[{"@type":"ListItem","position":1,"name":"Inicio","item":"https:\/\/conexionnacional.mx\/"},{"@type":"ListItem","position":2,"name":"&#8220;Te voy a echar cal&#8221;: amenaza previa en caso Valeria M\u00e1rquez genera sospechas"}]},{"@type":"WebSite","@id":"https:\/\/conexionnacional.mx\/#website","url":"https:\/\/conexionnacional.mx\/","name":"Conexi\u00f3n Nacional","description":"Noticias al momento","publisher":{"@id":"https:\/\/conexionnacional.mx\/#organization"},"alternateName":"Noticias nacionales","potentialAction":[{"@type":"SearchAction","target":{"@type":"EntryPoint","urlTemplate":"https:\/\/conexionnacional.mx\/?s={search_term_string}"},"query-input":{"@type":"PropertyValueSpecification","valueRequired":true,"valueName":"search_term_string"}}],"inLanguage":"es"},{"@type":"Organization","@id":"https:\/\/conexionnacional.mx\/#organization","name":"Conexi\u00f3n Nacional","url":"https:\/\/conexionnacional.mx\/","logo":{"@type":"ImageObject","inLanguage":"es","@id":"https:\/\/conexionnacional.mx\/#\/schema\/logo\/image\/","url":"https:\/\/conexionnacional.mx\/wp-content\/uploads\/2022\/09\/conexion_nacional.png","contentUrl":"https:\/\/conexionnacional.mx\/wp-content\/uploads\/2022\/09\/conexion_nacional.png","width":2964,"height":1173,"caption":"Conexi\u00f3n Nacional"},"image":{"@id":"https:\/\/conexionnacional.mx\/#\/schema\/logo\/image\/"},"sameAs":["https:\/\/www.facebook.com\/cnmxradio"]},{"@type":"Person","@id":"https:\/\/conexionnacional.mx\/#\/schema\/person\/dd14aeda902120f5e0e021903fdb6931","name":"Conexi\u00f3n Nacional","image":{"@type":"ImageObject","inLanguage":"es","@id":"https:\/\/secure.gravatar.com\/avatar\/e523100f284110b2ecca7e17b2be9cf140a5e8f35294c9ec0543e6916cc1f9be?s=96&d=blank&r=g","url":"https:\/\/secure.gravatar.com\/avatar\/e523100f284110b2ecca7e17b2be9cf140a5e8f35294c9ec0543e6916cc1f9be?s=96&d=blank&r=g","contentUrl":"https:\/\/secure.gravatar.com\/avatar\/e523100f284110b2ecca7e17b2be9cf140a5e8f35294c9ec0543e6916cc1f9be?s=96&d=blank&r=g","caption":"Conexi\u00f3n Nacional"},"sameAs":["https:\/\/conexionnacional.mx"],"url":"https:\/\/conexionnacional.mx\/index.php\/author\/administrador\/"}]}},"_links":{"self":[{"href":"https:\/\/conexionnacional.mx\/index.php\/wp-json\/wp\/v2\/posts\/24559","targetHints":{"allow":["GET"]}}],"collection":[{"href":"https:\/\/conexionnacional.mx\/index.php\/wp-json\/wp\/v2\/posts"}],"about":[{"href":"https:\/\/conexionnacional.mx\/index.php\/wp-json\/wp\/v2\/types\/post"}],"author":[{"embeddable":true,"href":"https:\/\/conexionnacional.mx\/index.php\/wp-json\/wp\/v2\/users\/1"}],"replies":[{"embeddable":true,"href":"https:\/\/conexionnacional.mx\/index.php\/wp-json\/wp\/v2\/comments?post=24559"}],"version-history":[{"count":1,"href":"https:\/\/conexionnacional.mx\/index.php\/wp-json\/wp\/v2\/posts\/24559\/revisions"}],"predecessor-version":[{"id":24561,"href":"https:\/\/conexionnacional.mx\/index.php\/wp-json\/wp\/v2\/posts\/24559\/revisions\/24561"}],"wp:featuredmedia":[{"embeddable":true,"href":"https:\/\/conexionnacional.mx\/index.php\/wp-json\/wp\/v2\/media\/24560"}],"wp:attachment":[{"href":"https:\/\/conexionnacional.mx\/index.php\/wp-json\/wp\/v2\/media?parent=24559"}],"wp:term":[{"taxonomy":"category","embeddable":true,"href":"https:\/\/conexionnacional.mx\/index.php\/wp-json\/wp\/v2\/categories?post=24559"},{"taxonomy":"post_tag","embeddable":true,"href":"https:\/\/conexionnacional.mx\/index.php\/wp-json\/wp\/v2\/tags?post=24559"}],"curies":[{"name":"wp","href":"https:\/\/api.w.org\/{rel}","templated":true}]}}