{"id":24556,"date":"2025-05-16T12:21:51","date_gmt":"2025-05-16T18:21:51","guid":{"rendered":"https:\/\/conexionnacional.mx\/?p=24556"},"modified":"2025-05-16T12:21:54","modified_gmt":"2025-05-16T18:21:54","slug":"gobierno-de-sheinbaum-afirma-que-impuesto-a-remesas-afectaria-economia-de-eeuu-asi-defendera-a-mexico","status":"publish","type":"post","link":"https:\/\/conexionnacional.mx\/index.php\/2025\/05\/16\/gobierno-de-sheinbaum-afirma-que-impuesto-a-remesas-afectaria-economia-de-eeuu-asi-defendera-a-mexico\/","title":{"rendered":"Gobierno de Sheinbaum afirma que impuesto a remesas afectar\u00eda econom\u00eda de EEUU: as\u00ed defender\u00e1 a M\u00e9xico"},"content":{"rendered":"\n<p>La presidenta<strong>&nbsp;Claudia Sheinbaum<\/strong>&nbsp;afirm\u00f3 que la iniciativa del Congreso de Estados Unidos para imponer un impuesto del 5% adicional a las remesas,&nbsp;<strong>afectar\u00eda la econom\u00eda&nbsp;<\/strong>de ese pa\u00eds; sin embargo, inform\u00f3 que su gobierno realiza&nbsp;<strong>una serie de acciones&nbsp;<\/strong>para evitar que la ley se apruebe.<\/p>\n\n\n\n<p>En su conferencia ma\u00f1anera, la mandataria mostr\u00f3 un video con testimonios de migrantes mexicanos, quienes consideraron la propuesta del impuesto como algo \u201cdevastador\u201d.<\/p>\n\n\n\n<p>No obstante, en el mismo video, record\u00f3 que los migrantes mexicanos aportan 2.1 billones de d\u00f3lares al PIB de Estados Unidos, se\u00f1alando que de aprobarse la medida los migrantes dejar\u00edan de consumir hasta 100 mil millones de d\u00f3lares.<\/p>\n\n\n\n<p>Precis\u00f3 que el impuesto se aplicar\u00eda para los migrantes de todas las nacionalidades que habitan en Estados Unidos, pero destac\u00f3 que en el caso de M\u00e9xico, la medida<strong>&nbsp;incumplir\u00eda diversos tratados vigentes&nbsp;<\/strong>entre ambos pa\u00edses.<\/p>\n\n\n\n<p>\u201cEn este momento en qu\u00e9 estamos concentrados, en el tema de las remesas, por que eso s\u00ed afecta a los que menos tienen y afecta a nuestros paisanos, adem\u00e1s es injusto y viola tratados conjuntos, en este momento es de nuestro mayor inter\u00e9s que eso no ocurra e informar a los congresistas de Estados Unidos que es discriminatorio\u201d, dijo en Palacio Nacional.<\/p>\n\n\n\n<h2 class=\"wp-block-heading\">Impuesto a remesas viola Tratado para evitar doble tributaci\u00f3n<\/h2>\n\n\n\n<p>Edgar Amador Zamora, secretario de Hacienda y Cr\u00e9dito P\u00fablico, explic\u00f3 que el impuesto sobre remesas violar\u00eda el principio de no discriminaci\u00f3n del Tratado para Evitar la Doble Tributaci\u00f3n entre M\u00e9xico y Estados Unidos, el cual establece que ning\u00fan extranjero debe recibir un trato fiscal m\u00e1s gravoso que el de un ciudadano en condiciones similares.<\/p>\n\n\n\n<p>Resalt\u00f3 que las remesas hacia M\u00e9xico sumaron 64 mil 700 millones de d\u00f3lares en 2024, equivalentes al 3.5% del PIB.<\/p>\n\n\n\n<p>Coment\u00f3 que el 97% de las remesas desde Estados Unidos provienen principalmente de California, con un 33%; Texas, con un 14%; y Colorado, con 4%, mientras que los estados que m\u00e1s las reciben en M\u00e9xico son Michoac\u00e1n, Guanajuato y Jalisco, donde representan m\u00e1s del 20% del ingreso familiar.<\/p>\n\n\n\n<h2 class=\"wp-block-heading\">Gobierno de Sheinbaum env\u00eda carta a Congreso de EEUU<\/h2>\n\n\n\n<p>Juan Ram\u00f3n de la Fuente, secretario de Relaciones Exteriores (SRE), inform\u00f3 que el gobierno federal envi\u00f3 una carta a los legisladores del Congreso de Estados Unidos, para expresar que no est\u00e1n de acuerdo con la iniciativa.<\/p>\n\n\n\n<p>Resalt\u00f3 que en la misiva tambi\u00e9n se exponen los argumentos por los que la medidas se considerar\u00edan una discriminaci\u00f3n en t\u00e9rminos fiscales y una violaci\u00f3n a los tratados.<\/p>\n","protected":false},"excerpt":{"rendered":"<p>La presidenta&nbsp;Claudia Sheinbaum&nbsp;afirm\u00f3 que la iniciativa del Congreso de Estados Unidos para imponer un impuesto del 5% adicional a las remesas,&nbsp;afectar\u00eda la econom\u00eda&nbsp;de ese pa\u00eds; sin embargo, inform\u00f3 que su gobierno realiza&nbsp;una serie de acciones&nbsp;para evitar que la ley se apruebe. En su conferencia ma\u00f1anera, la mandataria mostr\u00f3 un video con testimonios de migrantes mexicanos, [&hellip;]<\/p>\n","protected":false},"author":1,"featured_media":24557,"comment_status":"closed","ping_status":"closed","sticky":false,"template":"","format":"aside","meta":{"googlesitekit_rrm_CAowytPeCw:productID":"","footnotes":""},"categories":[3],"tags":[1964],"class_list":["post-24556","post","type-post","status-publish","format-aside","has-post-thumbnail","hentry","category-nacional","tag-claudia-sheinbaum","post_format-post-format-aside"],"yoast_head":"<!-- This site is optimized with the Yoast SEO plugin v27.4 - https:\/\/yoast.com\/product\/yoast-seo-wordpress\/ -->\n<title>Gobierno de Sheinbaum afirma que impuesto a remesas afectar\u00eda econom\u00eda de EEUU: as\u00ed defender\u00e1 a M\u00e9xico |<\/title>\n<meta name=\"robots\" content=\"index, follow, max-snippet:-1, max-image-preview:large, max-video-preview:-1\" \/>\n<link rel=\"canonical\" href=\"https:\/\/conexionnacional.mx\/index.php\/2025\/05\/16\/gobierno-de-sheinbaum-afirma-que-impuesto-a-remesas-afectaria-economia-de-eeuu-asi-defendera-a-mexico\/\" \/>\n<meta property=\"og:locale\" content=\"es_MX\" \/>\n<meta property=\"og:type\" content=\"article\" \/>\n<meta property=\"og:title\" content=\"Gobierno de Sheinbaum afirma que impuesto a remesas afectar\u00eda econom\u00eda de EEUU: as\u00ed defender\u00e1 a M\u00e9xico |\" \/>\n<meta property=\"og:description\" content=\"La presidenta&nbsp;Claudia Sheinbaum&nbsp;afirm\u00f3 que la iniciativa del Congreso de Estados Unidos para imponer un impuesto del 5% adicional a las remesas,&nbsp;afectar\u00eda la econom\u00eda&nbsp;de ese pa\u00eds; sin embargo, inform\u00f3 que su gobierno realiza&nbsp;una serie de acciones&nbsp;para evitar que la ley se apruebe. En su conferencia ma\u00f1anera, la mandataria mostr\u00f3 un video con testimonios de migrantes mexicanos, [&hellip;]\" \/>\n<meta property=\"og:url\" content=\"https:\/\/conexionnacional.mx\/index.php\/2025\/05\/16\/gobierno-de-sheinbaum-afirma-que-impuesto-a-remesas-afectaria-economia-de-eeuu-asi-defendera-a-mexico\/\" \/>\n<meta property=\"og:site_name\" content=\"Conexi\u00f3n Nacional\" \/>\n<meta property=\"article:publisher\" content=\"https:\/\/www.facebook.com\/cnmxradio\" \/>\n<meta property=\"article:published_time\" content=\"2025-05-16T18:21:51+00:00\" \/>\n<meta property=\"article:modified_time\" content=\"2025-05-16T18:21:54+00:00\" \/>\n<meta property=\"og:image\" content=\"https:\/\/conexionnacional.mx\/wp-content\/uploads\/2025\/05\/WVDYC5VZBBAU3OGIGIF4NTFQ7M.jpg\" \/>\n\t<meta property=\"og:image:width\" content=\"992\" \/>\n\t<meta property=\"og:image:height\" content=\"558\" \/>\n\t<meta property=\"og:image:type\" content=\"image\/jpeg\" \/>\n<meta name=\"author\" content=\"Conexi\u00f3n Nacional\" \/>\n<meta name=\"twitter:card\" content=\"summary_large_image\" \/>\n<meta name=\"twitter:label1\" content=\"Escrito por\" \/>\n\t<meta name=\"twitter:data1\" content=\"Conexi\u00f3n Nacional\" \/>\n\t<meta name=\"twitter:label2\" content=\"Tiempo de lectura\" \/>\n\t<meta name=\"twitter:data2\" content=\"3 minutos\" \/>\n<script type=\"application\/ld+json\" class=\"yoast-schema-graph\">{\"@context\":\"https:\\\/\\\/schema.org\",\"@graph\":[{\"@type\":\"Article\",\"@id\":\"https:\\\/\\\/conexionnacional.mx\\\/index.php\\\/2025\\\/05\\\/16\\\/gobierno-de-sheinbaum-afirma-que-impuesto-a-remesas-afectaria-economia-de-eeuu-asi-defendera-a-mexico\\\/#article\",\"isPartOf\":{\"@id\":\"https:\\\/\\\/conexionnacional.mx\\\/index.php\\\/2025\\\/05\\\/16\\\/gobierno-de-sheinbaum-afirma-que-impuesto-a-remesas-afectaria-economia-de-eeuu-asi-defendera-a-mexico\\\/\"},\"author\":{\"name\":\"Conexi\u00f3n Nacional\",\"@id\":\"https:\\\/\\\/conexionnacional.mx\\\/#\\\/schema\\\/person\\\/dd14aeda902120f5e0e021903fdb6931\"},\"headline\":\"Gobierno de Sheinbaum afirma que impuesto a remesas afectar\u00eda econom\u00eda de EEUU: as\u00ed defender\u00e1 a M\u00e9xico\",\"datePublished\":\"2025-05-16T18:21:51+00:00\",\"dateModified\":\"2025-05-16T18:21:54+00:00\",\"mainEntityOfPage\":{\"@id\":\"https:\\\/\\\/conexionnacional.mx\\\/index.php\\\/2025\\\/05\\\/16\\\/gobierno-de-sheinbaum-afirma-que-impuesto-a-remesas-afectaria-economia-de-eeuu-asi-defendera-a-mexico\\\/\"},\"wordCount\":461,\"publisher\":{\"@id\":\"https:\\\/\\\/conexionnacional.mx\\\/#organization\"},\"image\":{\"@id\":\"https:\\\/\\\/conexionnacional.mx\\\/index.php\\\/2025\\\/05\\\/16\\\/gobierno-de-sheinbaum-afirma-que-impuesto-a-remesas-afectaria-economia-de-eeuu-asi-defendera-a-mexico\\\/#primaryimage\"},\"thumbnailUrl\":\"https:\\\/\\\/conexionnacional.mx\\\/wp-content\\\/uploads\\\/2025\\\/05\\\/WVDYC5VZBBAU3OGIGIF4NTFQ7M.jpg\",\"keywords\":[\"Claudia Sheinbaum\"],\"articleSection\":[\"Nacional\"],\"inLanguage\":\"es\"},{\"@type\":\"WebPage\",\"@id\":\"https:\\\/\\\/conexionnacional.mx\\\/index.php\\\/2025\\\/05\\\/16\\\/gobierno-de-sheinbaum-afirma-que-impuesto-a-remesas-afectaria-economia-de-eeuu-asi-defendera-a-mexico\\\/\",\"url\":\"https:\\\/\\\/conexionnacional.mx\\\/index.php\\\/2025\\\/05\\\/16\\\/gobierno-de-sheinbaum-afirma-que-impuesto-a-remesas-afectaria-economia-de-eeuu-asi-defendera-a-mexico\\\/\",\"name\":\"Gobierno de Sheinbaum afirma que impuesto a remesas afectar\u00eda econom\u00eda de EEUU: as\u00ed defender\u00e1 a M\u00e9xico |\",\"isPartOf\":{\"@id\":\"https:\\\/\\\/conexionnacional.mx\\\/#website\"},\"primaryImageOfPage\":{\"@id\":\"https:\\\/\\\/conexionnacional.mx\\\/index.php\\\/2025\\\/05\\\/16\\\/gobierno-de-sheinbaum-afirma-que-impuesto-a-remesas-afectaria-economia-de-eeuu-asi-defendera-a-mexico\\\/#primaryimage\"},\"image\":{\"@id\":\"https:\\\/\\\/conexionnacional.mx\\\/index.php\\\/2025\\\/05\\\/16\\\/gobierno-de-sheinbaum-afirma-que-impuesto-a-remesas-afectaria-economia-de-eeuu-asi-defendera-a-mexico\\\/#primaryimage\"},\"thumbnailUrl\":\"https:\\\/\\\/conexionnacional.mx\\\/wp-content\\\/uploads\\\/2025\\\/05\\\/WVDYC5VZBBAU3OGIGIF4NTFQ7M.jpg\",\"datePublished\":\"2025-05-16T18:21:51+00:00\",\"dateModified\":\"2025-05-16T18:21:54+00:00\",\"breadcrumb\":{\"@id\":\"https:\\\/\\\/conexionnacional.mx\\\/index.php\\\/2025\\\/05\\\/16\\\/gobierno-de-sheinbaum-afirma-que-impuesto-a-remesas-afectaria-economia-de-eeuu-asi-defendera-a-mexico\\\/#breadcrumb\"},\"inLanguage\":\"es\",\"potentialAction\":[{\"@type\":\"ReadAction\",\"target\":[\"https:\\\/\\\/conexionnacional.mx\\\/index.php\\\/2025\\\/05\\\/16\\\/gobierno-de-sheinbaum-afirma-que-impuesto-a-remesas-afectaria-economia-de-eeuu-asi-defendera-a-mexico\\\/\"]}]},{\"@type\":\"ImageObject\",\"inLanguage\":\"es\",\"@id\":\"https:\\\/\\\/conexionnacional.mx\\\/index.php\\\/2025\\\/05\\\/16\\\/gobierno-de-sheinbaum-afirma-que-impuesto-a-remesas-afectaria-economia-de-eeuu-asi-defendera-a-mexico\\\/#primaryimage\",\"url\":\"https:\\\/\\\/conexionnacional.mx\\\/wp-content\\\/uploads\\\/2025\\\/05\\\/WVDYC5VZBBAU3OGIGIF4NTFQ7M.jpg\",\"contentUrl\":\"https:\\\/\\\/conexionnacional.mx\\\/wp-content\\\/uploads\\\/2025\\\/05\\\/WVDYC5VZBBAU3OGIGIF4NTFQ7M.jpg\",\"width\":992,\"height\":558},{\"@type\":\"BreadcrumbList\",\"@id\":\"https:\\\/\\\/conexionnacional.mx\\\/index.php\\\/2025\\\/05\\\/16\\\/gobierno-de-sheinbaum-afirma-que-impuesto-a-remesas-afectaria-economia-de-eeuu-asi-defendera-a-mexico\\\/#breadcrumb\",\"itemListElement\":[{\"@type\":\"ListItem\",\"position\":1,\"name\":\"Inicio\",\"item\":\"https:\\\/\\\/conexionnacional.mx\\\/\"},{\"@type\":\"ListItem\",\"position\":2,\"name\":\"Gobierno de Sheinbaum afirma que impuesto a remesas afectar\u00eda econom\u00eda de EEUU: as\u00ed defender\u00e1 a M\u00e9xico\"}]},{\"@type\":\"WebSite\",\"@id\":\"https:\\\/\\\/conexionnacional.mx\\\/#website\",\"url\":\"https:\\\/\\\/conexionnacional.mx\\\/\",\"name\":\"Conexi\u00f3n Nacional\",\"description\":\"Noticias al momento\",\"publisher\":{\"@id\":\"https:\\\/\\\/conexionnacional.mx\\\/#organization\"},\"alternateName\":\"Noticias nacionales\",\"potentialAction\":[{\"@type\":\"SearchAction\",\"target\":{\"@type\":\"EntryPoint\",\"urlTemplate\":\"https:\\\/\\\/conexionnacional.mx\\\/?s={search_term_string}\"},\"query-input\":{\"@type\":\"PropertyValueSpecification\",\"valueRequired\":true,\"valueName\":\"search_term_string\"}}],\"inLanguage\":\"es\"},{\"@type\":\"Organization\",\"@id\":\"https:\\\/\\\/conexionnacional.mx\\\/#organization\",\"name\":\"Conexi\u00f3n Nacional\",\"url\":\"https:\\\/\\\/conexionnacional.mx\\\/\",\"logo\":{\"@type\":\"ImageObject\",\"inLanguage\":\"es\",\"@id\":\"https:\\\/\\\/conexionnacional.mx\\\/#\\\/schema\\\/logo\\\/image\\\/\",\"url\":\"https:\\\/\\\/conexionnacional.mx\\\/wp-content\\\/uploads\\\/2022\\\/09\\\/conexion_nacional.png\",\"contentUrl\":\"https:\\\/\\\/conexionnacional.mx\\\/wp-content\\\/uploads\\\/2022\\\/09\\\/conexion_nacional.png\",\"width\":2964,\"height\":1173,\"caption\":\"Conexi\u00f3n Nacional\"},\"image\":{\"@id\":\"https:\\\/\\\/conexionnacional.mx\\\/#\\\/schema\\\/logo\\\/image\\\/\"},\"sameAs\":[\"https:\\\/\\\/www.facebook.com\\\/cnmxradio\"]},{\"@type\":\"Person\",\"@id\":\"https:\\\/\\\/conexionnacional.mx\\\/#\\\/schema\\\/person\\\/dd14aeda902120f5e0e021903fdb6931\",\"name\":\"Conexi\u00f3n Nacional\",\"image\":{\"@type\":\"ImageObject\",\"inLanguage\":\"es\",\"@id\":\"https:\\\/\\\/secure.gravatar.com\\\/avatar\\\/e523100f284110b2ecca7e17b2be9cf140a5e8f35294c9ec0543e6916cc1f9be?s=96&d=blank&r=g\",\"url\":\"https:\\\/\\\/secure.gravatar.com\\\/avatar\\\/e523100f284110b2ecca7e17b2be9cf140a5e8f35294c9ec0543e6916cc1f9be?s=96&d=blank&r=g\",\"contentUrl\":\"https:\\\/\\\/secure.gravatar.com\\\/avatar\\\/e523100f284110b2ecca7e17b2be9cf140a5e8f35294c9ec0543e6916cc1f9be?s=96&d=blank&r=g\",\"caption\":\"Conexi\u00f3n Nacional\"},\"sameAs\":[\"https:\\\/\\\/conexionnacional.mx\"],\"url\":\"https:\\\/\\\/conexionnacional.mx\\\/index.php\\\/author\\\/administrador\\\/\"}]}<\/script>\n<!-- \/ Yoast SEO plugin. -->","yoast_head_json":{"title":"Gobierno de Sheinbaum afirma que impuesto a remesas afectar\u00eda econom\u00eda de EEUU: as\u00ed defender\u00e1 a M\u00e9xico |","robots":{"index":"index","follow":"follow","max-snippet":"max-snippet:-1","max-image-preview":"max-image-preview:large","max-video-preview":"max-video-preview:-1"},"canonical":"https:\/\/conexionnacional.mx\/index.php\/2025\/05\/16\/gobierno-de-sheinbaum-afirma-que-impuesto-a-remesas-afectaria-economia-de-eeuu-asi-defendera-a-mexico\/","og_locale":"es_MX","og_type":"article","og_title":"Gobierno de Sheinbaum afirma que impuesto a remesas afectar\u00eda econom\u00eda de EEUU: as\u00ed defender\u00e1 a M\u00e9xico |","og_description":"La presidenta&nbsp;Claudia Sheinbaum&nbsp;afirm\u00f3 que la iniciativa del Congreso de Estados Unidos para imponer un impuesto del 5% adicional a las remesas,&nbsp;afectar\u00eda la econom\u00eda&nbsp;de ese pa\u00eds; sin embargo, inform\u00f3 que su gobierno realiza&nbsp;una serie de acciones&nbsp;para evitar que la ley se apruebe. En su conferencia ma\u00f1anera, la mandataria mostr\u00f3 un video con testimonios de migrantes mexicanos, [&hellip;]","og_url":"https:\/\/conexionnacional.mx\/index.php\/2025\/05\/16\/gobierno-de-sheinbaum-afirma-que-impuesto-a-remesas-afectaria-economia-de-eeuu-asi-defendera-a-mexico\/","og_site_name":"Conexi\u00f3n Nacional","article_publisher":"https:\/\/www.facebook.com\/cnmxradio","article_published_time":"2025-05-16T18:21:51+00:00","article_modified_time":"2025-05-16T18:21:54+00:00","og_image":[{"width":992,"height":558,"url":"https:\/\/conexionnacional.mx\/wp-content\/uploads\/2025\/05\/WVDYC5VZBBAU3OGIGIF4NTFQ7M.jpg","type":"image\/jpeg"}],"author":"Conexi\u00f3n Nacional","twitter_card":"summary_large_image","twitter_misc":{"Escrito por":"Conexi\u00f3n Nacional","Tiempo de lectura":"3 minutos"},"schema":{"@context":"https:\/\/schema.org","@graph":[{"@type":"Article","@id":"https:\/\/conexionnacional.mx\/index.php\/2025\/05\/16\/gobierno-de-sheinbaum-afirma-que-impuesto-a-remesas-afectaria-economia-de-eeuu-asi-defendera-a-mexico\/#article","isPartOf":{"@id":"https:\/\/conexionnacional.mx\/index.php\/2025\/05\/16\/gobierno-de-sheinbaum-afirma-que-impuesto-a-remesas-afectaria-economia-de-eeuu-asi-defendera-a-mexico\/"},"author":{"name":"Conexi\u00f3n Nacional","@id":"https:\/\/conexionnacional.mx\/#\/schema\/person\/dd14aeda902120f5e0e021903fdb6931"},"headline":"Gobierno de Sheinbaum afirma que impuesto a remesas afectar\u00eda econom\u00eda de EEUU: as\u00ed defender\u00e1 a M\u00e9xico","datePublished":"2025-05-16T18:21:51+00:00","dateModified":"2025-05-16T18:21:54+00:00","mainEntityOfPage":{"@id":"https:\/\/conexionnacional.mx\/index.php\/2025\/05\/16\/gobierno-de-sheinbaum-afirma-que-impuesto-a-remesas-afectaria-economia-de-eeuu-asi-defendera-a-mexico\/"},"wordCount":461,"publisher":{"@id":"https:\/\/conexionnacional.mx\/#organization"},"image":{"@id":"https:\/\/conexionnacional.mx\/index.php\/2025\/05\/16\/gobierno-de-sheinbaum-afirma-que-impuesto-a-remesas-afectaria-economia-de-eeuu-asi-defendera-a-mexico\/#primaryimage"},"thumbnailUrl":"https:\/\/conexionnacional.mx\/wp-content\/uploads\/2025\/05\/WVDYC5VZBBAU3OGIGIF4NTFQ7M.jpg","keywords":["Claudia Sheinbaum"],"articleSection":["Nacional"],"inLanguage":"es"},{"@type":"WebPage","@id":"https:\/\/conexionnacional.mx\/index.php\/2025\/05\/16\/gobierno-de-sheinbaum-afirma-que-impuesto-a-remesas-afectaria-economia-de-eeuu-asi-defendera-a-mexico\/","url":"https:\/\/conexionnacional.mx\/index.php\/2025\/05\/16\/gobierno-de-sheinbaum-afirma-que-impuesto-a-remesas-afectaria-economia-de-eeuu-asi-defendera-a-mexico\/","name":"Gobierno de Sheinbaum afirma que impuesto a remesas afectar\u00eda econom\u00eda de EEUU: as\u00ed defender\u00e1 a M\u00e9xico |","isPartOf":{"@id":"https:\/\/conexionnacional.mx\/#website"},"primaryImageOfPage":{"@id":"https:\/\/conexionnacional.mx\/index.php\/2025\/05\/16\/gobierno-de-sheinbaum-afirma-que-impuesto-a-remesas-afectaria-economia-de-eeuu-asi-defendera-a-mexico\/#primaryimage"},"image":{"@id":"https:\/\/conexionnacional.mx\/index.php\/2025\/05\/16\/gobierno-de-sheinbaum-afirma-que-impuesto-a-remesas-afectaria-economia-de-eeuu-asi-defendera-a-mexico\/#primaryimage"},"thumbnailUrl":"https:\/\/conexionnacional.mx\/wp-content\/uploads\/2025\/05\/WVDYC5VZBBAU3OGIGIF4NTFQ7M.jpg","datePublished":"2025-05-16T18:21:51+00:00","dateModified":"2025-05-16T18:21:54+00:00","breadcrumb":{"@id":"https:\/\/conexionnacional.mx\/index.php\/2025\/05\/16\/gobierno-de-sheinbaum-afirma-que-impuesto-a-remesas-afectaria-economia-de-eeuu-asi-defendera-a-mexico\/#breadcrumb"},"inLanguage":"es","potentialAction":[{"@type":"ReadAction","target":["https:\/\/conexionnacional.mx\/index.php\/2025\/05\/16\/gobierno-de-sheinbaum-afirma-que-impuesto-a-remesas-afectaria-economia-de-eeuu-asi-defendera-a-mexico\/"]}]},{"@type":"ImageObject","inLanguage":"es","@id":"https:\/\/conexionnacional.mx\/index.php\/2025\/05\/16\/gobierno-de-sheinbaum-afirma-que-impuesto-a-remesas-afectaria-economia-de-eeuu-asi-defendera-a-mexico\/#primaryimage","url":"https:\/\/conexionnacional.mx\/wp-content\/uploads\/2025\/05\/WVDYC5VZBBAU3OGIGIF4NTFQ7M.jpg","contentUrl":"https:\/\/conexionnacional.mx\/wp-content\/uploads\/2025\/05\/WVDYC5VZBBAU3OGIGIF4NTFQ7M.jpg","width":992,"height":558},{"@type":"BreadcrumbList","@id":"https:\/\/conexionnacional.mx\/index.php\/2025\/05\/16\/gobierno-de-sheinbaum-afirma-que-impuesto-a-remesas-afectaria-economia-de-eeuu-asi-defendera-a-mexico\/#breadcrumb","itemListElement":[{"@type":"ListItem","position":1,"name":"Inicio","item":"https:\/\/conexionnacional.mx\/"},{"@type":"ListItem","position":2,"name":"Gobierno de Sheinbaum afirma que impuesto a remesas afectar\u00eda econom\u00eda de EEUU: as\u00ed defender\u00e1 a M\u00e9xico"}]},{"@type":"WebSite","@id":"https:\/\/conexionnacional.mx\/#website","url":"https:\/\/conexionnacional.mx\/","name":"Conexi\u00f3n Nacional","description":"Noticias al momento","publisher":{"@id":"https:\/\/conexionnacional.mx\/#organization"},"alternateName":"Noticias nacionales","potentialAction":[{"@type":"SearchAction","target":{"@type":"EntryPoint","urlTemplate":"https:\/\/conexionnacional.mx\/?s={search_term_string}"},"query-input":{"@type":"PropertyValueSpecification","valueRequired":true,"valueName":"search_term_string"}}],"inLanguage":"es"},{"@type":"Organization","@id":"https:\/\/conexionnacional.mx\/#organization","name":"Conexi\u00f3n Nacional","url":"https:\/\/conexionnacional.mx\/","logo":{"@type":"ImageObject","inLanguage":"es","@id":"https:\/\/conexionnacional.mx\/#\/schema\/logo\/image\/","url":"https:\/\/conexionnacional.mx\/wp-content\/uploads\/2022\/09\/conexion_nacional.png","contentUrl":"https:\/\/conexionnacional.mx\/wp-content\/uploads\/2022\/09\/conexion_nacional.png","width":2964,"height":1173,"caption":"Conexi\u00f3n Nacional"},"image":{"@id":"https:\/\/conexionnacional.mx\/#\/schema\/logo\/image\/"},"sameAs":["https:\/\/www.facebook.com\/cnmxradio"]},{"@type":"Person","@id":"https:\/\/conexionnacional.mx\/#\/schema\/person\/dd14aeda902120f5e0e021903fdb6931","name":"Conexi\u00f3n Nacional","image":{"@type":"ImageObject","inLanguage":"es","@id":"https:\/\/secure.gravatar.com\/avatar\/e523100f284110b2ecca7e17b2be9cf140a5e8f35294c9ec0543e6916cc1f9be?s=96&d=blank&r=g","url":"https:\/\/secure.gravatar.com\/avatar\/e523100f284110b2ecca7e17b2be9cf140a5e8f35294c9ec0543e6916cc1f9be?s=96&d=blank&r=g","contentUrl":"https:\/\/secure.gravatar.com\/avatar\/e523100f284110b2ecca7e17b2be9cf140a5e8f35294c9ec0543e6916cc1f9be?s=96&d=blank&r=g","caption":"Conexi\u00f3n Nacional"},"sameAs":["https:\/\/conexionnacional.mx"],"url":"https:\/\/conexionnacional.mx\/index.php\/author\/administrador\/"}]}},"_links":{"self":[{"href":"https:\/\/conexionnacional.mx\/index.php\/wp-json\/wp\/v2\/posts\/24556","targetHints":{"allow":["GET"]}}],"collection":[{"href":"https:\/\/conexionnacional.mx\/index.php\/wp-json\/wp\/v2\/posts"}],"about":[{"href":"https:\/\/conexionnacional.mx\/index.php\/wp-json\/wp\/v2\/types\/post"}],"author":[{"embeddable":true,"href":"https:\/\/conexionnacional.mx\/index.php\/wp-json\/wp\/v2\/users\/1"}],"replies":[{"embeddable":true,"href":"https:\/\/conexionnacional.mx\/index.php\/wp-json\/wp\/v2\/comments?post=24556"}],"version-history":[{"count":1,"href":"https:\/\/conexionnacional.mx\/index.php\/wp-json\/wp\/v2\/posts\/24556\/revisions"}],"predecessor-version":[{"id":24558,"href":"https:\/\/conexionnacional.mx\/index.php\/wp-json\/wp\/v2\/posts\/24556\/revisions\/24558"}],"wp:featuredmedia":[{"embeddable":true,"href":"https:\/\/conexionnacional.mx\/index.php\/wp-json\/wp\/v2\/media\/24557"}],"wp:attachment":[{"href":"https:\/\/conexionnacional.mx\/index.php\/wp-json\/wp\/v2\/media?parent=24556"}],"wp:term":[{"taxonomy":"category","embeddable":true,"href":"https:\/\/conexionnacional.mx\/index.php\/wp-json\/wp\/v2\/categories?post=24556"},{"taxonomy":"post_tag","embeddable":true,"href":"https:\/\/conexionnacional.mx\/index.php\/wp-json\/wp\/v2\/tags?post=24556"}],"curies":[{"name":"wp","href":"https:\/\/api.w.org\/{rel}","templated":true}]}}