{"id":24148,"date":"2025-03-21T13:38:26","date_gmt":"2025-03-21T19:38:26","guid":{"rendered":"https:\/\/conexionnacional.mx\/?p=24148"},"modified":"2025-03-21T13:38:28","modified_gmt":"2025-03-21T19:38:28","slug":"pide-sheinbaum-respeto-para-mexico-tras-opinion-de-bukele-sobre-seguridad","status":"publish","type":"post","link":"https:\/\/conexionnacional.mx\/index.php\/2025\/03\/21\/pide-sheinbaum-respeto-para-mexico-tras-opinion-de-bukele-sobre-seguridad\/","title":{"rendered":"Pide Sheinbaum respeto para M\u00e9xico tras opini\u00f3n de Bukele sobre seguridad"},"content":{"rendered":"\n<p>La presidenta Claudia Sheinbaum Pardo pidi\u00f3 respeto para M\u00e9xico, luego de que el presidente salvadore\u00f1o Nayib Bukele, opin\u00f3 sobre la situaci\u00f3n de seguridad en el pa\u00eds.<\/p>\n\n\n\n<p>Cuestionada este viernes en su rueda de prensa diaria en Palacio Nacional sobre los dichos del mandatario centroamericano, Sheinbaum Pardo dijo que no entrar\u00e1 en debate con \u00e9l.<\/p>\n\n\n\n<p>\u201cSiempre pedimos respeto para M\u00e9xico, siempre respeto a lo que hacemos en nuestro pa\u00eds\u201d, se\u00f1al\u00f3 la jefa del Ejecutivo.<\/p>\n","protected":false},"excerpt":{"rendered":"<p>La presidenta Claudia Sheinbaum Pardo pidi\u00f3 respeto para M\u00e9xico, luego de que el presidente salvadore\u00f1o Nayib Bukele, opin\u00f3 sobre la situaci\u00f3n de seguridad en el pa\u00eds. Cuestionada este viernes en su rueda de prensa diaria en Palacio Nacional sobre los dichos del mandatario centroamericano, Sheinbaum Pardo dijo que no entrar\u00e1 en debate con \u00e9l. \u201cSiempre [&hellip;]<\/p>\n","protected":false},"author":1,"featured_media":24149,"comment_status":"closed","ping_status":"closed","sticky":false,"template":"","format":"aside","meta":{"googlesitekit_rrm_CAowytPeCw:productID":"","footnotes":""},"categories":[8531],"tags":[6483],"class_list":["post-24148","post","type-post","status-publish","format-aside","has-post-thumbnail","hentry","category-claudia-sheinbaum","tag-nayib-bukele","post_format-post-format-aside"],"yoast_head":"<!-- This site is optimized with the Yoast SEO plugin v27.4 - https:\/\/yoast.com\/product\/yoast-seo-wordpress\/ -->\n<title>Pide Sheinbaum respeto para M\u00e9xico tras opini\u00f3n de Bukele sobre seguridad |<\/title>\n<meta name=\"robots\" content=\"index, follow, max-snippet:-1, max-image-preview:large, max-video-preview:-1\" \/>\n<link rel=\"canonical\" href=\"https:\/\/conexionnacional.mx\/index.php\/2025\/03\/21\/pide-sheinbaum-respeto-para-mexico-tras-opinion-de-bukele-sobre-seguridad\/\" \/>\n<meta property=\"og:locale\" content=\"es_MX\" \/>\n<meta property=\"og:type\" content=\"article\" \/>\n<meta property=\"og:title\" content=\"Pide Sheinbaum respeto para M\u00e9xico tras opini\u00f3n de Bukele sobre seguridad |\" \/>\n<meta property=\"og:description\" content=\"La presidenta Claudia Sheinbaum Pardo pidi\u00f3 respeto para M\u00e9xico, luego de que el presidente salvadore\u00f1o Nayib Bukele, opin\u00f3 sobre la situaci\u00f3n de seguridad en el pa\u00eds. Cuestionada este viernes en su rueda de prensa diaria en Palacio Nacional sobre los dichos del mandatario centroamericano, Sheinbaum Pardo dijo que no entrar\u00e1 en debate con \u00e9l. \u201cSiempre [&hellip;]\" \/>\n<meta property=\"og:url\" content=\"https:\/\/conexionnacional.mx\/index.php\/2025\/03\/21\/pide-sheinbaum-respeto-para-mexico-tras-opinion-de-bukele-sobre-seguridad\/\" \/>\n<meta property=\"og:site_name\" content=\"Conexi\u00f3n Nacional\" \/>\n<meta property=\"article:publisher\" content=\"https:\/\/www.facebook.com\/cnmxradio\" \/>\n<meta property=\"article:published_time\" content=\"2025-03-21T19:38:26+00:00\" \/>\n<meta property=\"article:modified_time\" content=\"2025-03-21T19:38:28+00:00\" \/>\n<meta property=\"og:image\" content=\"https:\/\/conexionnacional.mx\/wp-content\/uploads\/2025\/03\/pide-sheinbaum-respeto-para-mexi.jpg\" \/>\n\t<meta property=\"og:image:width\" content=\"792\" \/>\n\t<meta property=\"og:image:height\" content=\"528\" \/>\n\t<meta property=\"og:image:type\" content=\"image\/jpeg\" \/>\n<meta name=\"author\" content=\"Conexi\u00f3n Nacional\" \/>\n<meta name=\"twitter:card\" content=\"summary_large_image\" \/>\n<meta name=\"twitter:label1\" content=\"Escrito por\" \/>\n\t<meta name=\"twitter:data1\" content=\"Conexi\u00f3n Nacional\" \/>\n\t<meta name=\"twitter:label2\" content=\"Tiempo de lectura\" \/>\n\t<meta name=\"twitter:data2\" content=\"1 minuto\" \/>\n<script type=\"application\/ld+json\" class=\"yoast-schema-graph\">{\"@context\":\"https:\\\/\\\/schema.org\",\"@graph\":[{\"@type\":\"Article\",\"@id\":\"https:\\\/\\\/conexionnacional.mx\\\/index.php\\\/2025\\\/03\\\/21\\\/pide-sheinbaum-respeto-para-mexico-tras-opinion-de-bukele-sobre-seguridad\\\/#article\",\"isPartOf\":{\"@id\":\"https:\\\/\\\/conexionnacional.mx\\\/index.php\\\/2025\\\/03\\\/21\\\/pide-sheinbaum-respeto-para-mexico-tras-opinion-de-bukele-sobre-seguridad\\\/\"},\"author\":{\"name\":\"Conexi\u00f3n Nacional\",\"@id\":\"https:\\\/\\\/conexionnacional.mx\\\/#\\\/schema\\\/person\\\/dd14aeda902120f5e0e021903fdb6931\"},\"headline\":\"Pide Sheinbaum respeto para M\u00e9xico tras opini\u00f3n de Bukele sobre seguridad\",\"datePublished\":\"2025-03-21T19:38:26+00:00\",\"dateModified\":\"2025-03-21T19:38:28+00:00\",\"mainEntityOfPage\":{\"@id\":\"https:\\\/\\\/conexionnacional.mx\\\/index.php\\\/2025\\\/03\\\/21\\\/pide-sheinbaum-respeto-para-mexico-tras-opinion-de-bukele-sobre-seguridad\\\/\"},\"wordCount\":93,\"publisher\":{\"@id\":\"https:\\\/\\\/conexionnacional.mx\\\/#organization\"},\"image\":{\"@id\":\"https:\\\/\\\/conexionnacional.mx\\\/index.php\\\/2025\\\/03\\\/21\\\/pide-sheinbaum-respeto-para-mexico-tras-opinion-de-bukele-sobre-seguridad\\\/#primaryimage\"},\"thumbnailUrl\":\"https:\\\/\\\/conexionnacional.mx\\\/wp-content\\\/uploads\\\/2025\\\/03\\\/pide-sheinbaum-respeto-para-mexi.jpg\",\"keywords\":[\"Nayib Bukele\"],\"articleSection\":[\"Claudia Sheinbaum\"],\"inLanguage\":\"es\"},{\"@type\":\"WebPage\",\"@id\":\"https:\\\/\\\/conexionnacional.mx\\\/index.php\\\/2025\\\/03\\\/21\\\/pide-sheinbaum-respeto-para-mexico-tras-opinion-de-bukele-sobre-seguridad\\\/\",\"url\":\"https:\\\/\\\/conexionnacional.mx\\\/index.php\\\/2025\\\/03\\\/21\\\/pide-sheinbaum-respeto-para-mexico-tras-opinion-de-bukele-sobre-seguridad\\\/\",\"name\":\"Pide Sheinbaum respeto para M\u00e9xico tras opini\u00f3n de Bukele sobre seguridad |\",\"isPartOf\":{\"@id\":\"https:\\\/\\\/conexionnacional.mx\\\/#website\"},\"primaryImageOfPage\":{\"@id\":\"https:\\\/\\\/conexionnacional.mx\\\/index.php\\\/2025\\\/03\\\/21\\\/pide-sheinbaum-respeto-para-mexico-tras-opinion-de-bukele-sobre-seguridad\\\/#primaryimage\"},\"image\":{\"@id\":\"https:\\\/\\\/conexionnacional.mx\\\/index.php\\\/2025\\\/03\\\/21\\\/pide-sheinbaum-respeto-para-mexico-tras-opinion-de-bukele-sobre-seguridad\\\/#primaryimage\"},\"thumbnailUrl\":\"https:\\\/\\\/conexionnacional.mx\\\/wp-content\\\/uploads\\\/2025\\\/03\\\/pide-sheinbaum-respeto-para-mexi.jpg\",\"datePublished\":\"2025-03-21T19:38:26+00:00\",\"dateModified\":\"2025-03-21T19:38:28+00:00\",\"breadcrumb\":{\"@id\":\"https:\\\/\\\/conexionnacional.mx\\\/index.php\\\/2025\\\/03\\\/21\\\/pide-sheinbaum-respeto-para-mexico-tras-opinion-de-bukele-sobre-seguridad\\\/#breadcrumb\"},\"inLanguage\":\"es\",\"potentialAction\":[{\"@type\":\"ReadAction\",\"target\":[\"https:\\\/\\\/conexionnacional.mx\\\/index.php\\\/2025\\\/03\\\/21\\\/pide-sheinbaum-respeto-para-mexico-tras-opinion-de-bukele-sobre-seguridad\\\/\"]}]},{\"@type\":\"ImageObject\",\"inLanguage\":\"es\",\"@id\":\"https:\\\/\\\/conexionnacional.mx\\\/index.php\\\/2025\\\/03\\\/21\\\/pide-sheinbaum-respeto-para-mexico-tras-opinion-de-bukele-sobre-seguridad\\\/#primaryimage\",\"url\":\"https:\\\/\\\/conexionnacional.mx\\\/wp-content\\\/uploads\\\/2025\\\/03\\\/pide-sheinbaum-respeto-para-mexi.jpg\",\"contentUrl\":\"https:\\\/\\\/conexionnacional.mx\\\/wp-content\\\/uploads\\\/2025\\\/03\\\/pide-sheinbaum-respeto-para-mexi.jpg\",\"width\":792,\"height\":528},{\"@type\":\"BreadcrumbList\",\"@id\":\"https:\\\/\\\/conexionnacional.mx\\\/index.php\\\/2025\\\/03\\\/21\\\/pide-sheinbaum-respeto-para-mexico-tras-opinion-de-bukele-sobre-seguridad\\\/#breadcrumb\",\"itemListElement\":[{\"@type\":\"ListItem\",\"position\":1,\"name\":\"Inicio\",\"item\":\"https:\\\/\\\/conexionnacional.mx\\\/\"},{\"@type\":\"ListItem\",\"position\":2,\"name\":\"Pide Sheinbaum respeto para M\u00e9xico tras opini\u00f3n de Bukele sobre seguridad\"}]},{\"@type\":\"WebSite\",\"@id\":\"https:\\\/\\\/conexionnacional.mx\\\/#website\",\"url\":\"https:\\\/\\\/conexionnacional.mx\\\/\",\"name\":\"Conexi\u00f3n Nacional\",\"description\":\"Noticias al momento\",\"publisher\":{\"@id\":\"https:\\\/\\\/conexionnacional.mx\\\/#organization\"},\"alternateName\":\"Noticias nacionales\",\"potentialAction\":[{\"@type\":\"SearchAction\",\"target\":{\"@type\":\"EntryPoint\",\"urlTemplate\":\"https:\\\/\\\/conexionnacional.mx\\\/?s={search_term_string}\"},\"query-input\":{\"@type\":\"PropertyValueSpecification\",\"valueRequired\":true,\"valueName\":\"search_term_string\"}}],\"inLanguage\":\"es\"},{\"@type\":\"Organization\",\"@id\":\"https:\\\/\\\/conexionnacional.mx\\\/#organization\",\"name\":\"Conexi\u00f3n Nacional\",\"url\":\"https:\\\/\\\/conexionnacional.mx\\\/\",\"logo\":{\"@type\":\"ImageObject\",\"inLanguage\":\"es\",\"@id\":\"https:\\\/\\\/conexionnacional.mx\\\/#\\\/schema\\\/logo\\\/image\\\/\",\"url\":\"https:\\\/\\\/conexionnacional.mx\\\/wp-content\\\/uploads\\\/2022\\\/09\\\/conexion_nacional.png\",\"contentUrl\":\"https:\\\/\\\/conexionnacional.mx\\\/wp-content\\\/uploads\\\/2022\\\/09\\\/conexion_nacional.png\",\"width\":2964,\"height\":1173,\"caption\":\"Conexi\u00f3n Nacional\"},\"image\":{\"@id\":\"https:\\\/\\\/conexionnacional.mx\\\/#\\\/schema\\\/logo\\\/image\\\/\"},\"sameAs\":[\"https:\\\/\\\/www.facebook.com\\\/cnmxradio\"]},{\"@type\":\"Person\",\"@id\":\"https:\\\/\\\/conexionnacional.mx\\\/#\\\/schema\\\/person\\\/dd14aeda902120f5e0e021903fdb6931\",\"name\":\"Conexi\u00f3n Nacional\",\"image\":{\"@type\":\"ImageObject\",\"inLanguage\":\"es\",\"@id\":\"https:\\\/\\\/secure.gravatar.com\\\/avatar\\\/e523100f284110b2ecca7e17b2be9cf140a5e8f35294c9ec0543e6916cc1f9be?s=96&d=blank&r=g\",\"url\":\"https:\\\/\\\/secure.gravatar.com\\\/avatar\\\/e523100f284110b2ecca7e17b2be9cf140a5e8f35294c9ec0543e6916cc1f9be?s=96&d=blank&r=g\",\"contentUrl\":\"https:\\\/\\\/secure.gravatar.com\\\/avatar\\\/e523100f284110b2ecca7e17b2be9cf140a5e8f35294c9ec0543e6916cc1f9be?s=96&d=blank&r=g\",\"caption\":\"Conexi\u00f3n Nacional\"},\"sameAs\":[\"https:\\\/\\\/conexionnacional.mx\"],\"url\":\"https:\\\/\\\/conexionnacional.mx\\\/index.php\\\/author\\\/administrador\\\/\"}]}<\/script>\n<!-- \/ Yoast SEO plugin. -->","yoast_head_json":{"title":"Pide Sheinbaum respeto para M\u00e9xico tras opini\u00f3n de Bukele sobre seguridad |","robots":{"index":"index","follow":"follow","max-snippet":"max-snippet:-1","max-image-preview":"max-image-preview:large","max-video-preview":"max-video-preview:-1"},"canonical":"https:\/\/conexionnacional.mx\/index.php\/2025\/03\/21\/pide-sheinbaum-respeto-para-mexico-tras-opinion-de-bukele-sobre-seguridad\/","og_locale":"es_MX","og_type":"article","og_title":"Pide Sheinbaum respeto para M\u00e9xico tras opini\u00f3n de Bukele sobre seguridad |","og_description":"La presidenta Claudia Sheinbaum Pardo pidi\u00f3 respeto para M\u00e9xico, luego de que el presidente salvadore\u00f1o Nayib Bukele, opin\u00f3 sobre la situaci\u00f3n de seguridad en el pa\u00eds. Cuestionada este viernes en su rueda de prensa diaria en Palacio Nacional sobre los dichos del mandatario centroamericano, Sheinbaum Pardo dijo que no entrar\u00e1 en debate con \u00e9l. \u201cSiempre [&hellip;]","og_url":"https:\/\/conexionnacional.mx\/index.php\/2025\/03\/21\/pide-sheinbaum-respeto-para-mexico-tras-opinion-de-bukele-sobre-seguridad\/","og_site_name":"Conexi\u00f3n Nacional","article_publisher":"https:\/\/www.facebook.com\/cnmxradio","article_published_time":"2025-03-21T19:38:26+00:00","article_modified_time":"2025-03-21T19:38:28+00:00","og_image":[{"width":792,"height":528,"url":"https:\/\/conexionnacional.mx\/wp-content\/uploads\/2025\/03\/pide-sheinbaum-respeto-para-mexi.jpg","type":"image\/jpeg"}],"author":"Conexi\u00f3n Nacional","twitter_card":"summary_large_image","twitter_misc":{"Escrito por":"Conexi\u00f3n Nacional","Tiempo de lectura":"1 minuto"},"schema":{"@context":"https:\/\/schema.org","@graph":[{"@type":"Article","@id":"https:\/\/conexionnacional.mx\/index.php\/2025\/03\/21\/pide-sheinbaum-respeto-para-mexico-tras-opinion-de-bukele-sobre-seguridad\/#article","isPartOf":{"@id":"https:\/\/conexionnacional.mx\/index.php\/2025\/03\/21\/pide-sheinbaum-respeto-para-mexico-tras-opinion-de-bukele-sobre-seguridad\/"},"author":{"name":"Conexi\u00f3n Nacional","@id":"https:\/\/conexionnacional.mx\/#\/schema\/person\/dd14aeda902120f5e0e021903fdb6931"},"headline":"Pide Sheinbaum respeto para M\u00e9xico tras opini\u00f3n de Bukele sobre seguridad","datePublished":"2025-03-21T19:38:26+00:00","dateModified":"2025-03-21T19:38:28+00:00","mainEntityOfPage":{"@id":"https:\/\/conexionnacional.mx\/index.php\/2025\/03\/21\/pide-sheinbaum-respeto-para-mexico-tras-opinion-de-bukele-sobre-seguridad\/"},"wordCount":93,"publisher":{"@id":"https:\/\/conexionnacional.mx\/#organization"},"image":{"@id":"https:\/\/conexionnacional.mx\/index.php\/2025\/03\/21\/pide-sheinbaum-respeto-para-mexico-tras-opinion-de-bukele-sobre-seguridad\/#primaryimage"},"thumbnailUrl":"https:\/\/conexionnacional.mx\/wp-content\/uploads\/2025\/03\/pide-sheinbaum-respeto-para-mexi.jpg","keywords":["Nayib Bukele"],"articleSection":["Claudia Sheinbaum"],"inLanguage":"es"},{"@type":"WebPage","@id":"https:\/\/conexionnacional.mx\/index.php\/2025\/03\/21\/pide-sheinbaum-respeto-para-mexico-tras-opinion-de-bukele-sobre-seguridad\/","url":"https:\/\/conexionnacional.mx\/index.php\/2025\/03\/21\/pide-sheinbaum-respeto-para-mexico-tras-opinion-de-bukele-sobre-seguridad\/","name":"Pide Sheinbaum respeto para M\u00e9xico tras opini\u00f3n de Bukele sobre seguridad |","isPartOf":{"@id":"https:\/\/conexionnacional.mx\/#website"},"primaryImageOfPage":{"@id":"https:\/\/conexionnacional.mx\/index.php\/2025\/03\/21\/pide-sheinbaum-respeto-para-mexico-tras-opinion-de-bukele-sobre-seguridad\/#primaryimage"},"image":{"@id":"https:\/\/conexionnacional.mx\/index.php\/2025\/03\/21\/pide-sheinbaum-respeto-para-mexico-tras-opinion-de-bukele-sobre-seguridad\/#primaryimage"},"thumbnailUrl":"https:\/\/conexionnacional.mx\/wp-content\/uploads\/2025\/03\/pide-sheinbaum-respeto-para-mexi.jpg","datePublished":"2025-03-21T19:38:26+00:00","dateModified":"2025-03-21T19:38:28+00:00","breadcrumb":{"@id":"https:\/\/conexionnacional.mx\/index.php\/2025\/03\/21\/pide-sheinbaum-respeto-para-mexico-tras-opinion-de-bukele-sobre-seguridad\/#breadcrumb"},"inLanguage":"es","potentialAction":[{"@type":"ReadAction","target":["https:\/\/conexionnacional.mx\/index.php\/2025\/03\/21\/pide-sheinbaum-respeto-para-mexico-tras-opinion-de-bukele-sobre-seguridad\/"]}]},{"@type":"ImageObject","inLanguage":"es","@id":"https:\/\/conexionnacional.mx\/index.php\/2025\/03\/21\/pide-sheinbaum-respeto-para-mexico-tras-opinion-de-bukele-sobre-seguridad\/#primaryimage","url":"https:\/\/conexionnacional.mx\/wp-content\/uploads\/2025\/03\/pide-sheinbaum-respeto-para-mexi.jpg","contentUrl":"https:\/\/conexionnacional.mx\/wp-content\/uploads\/2025\/03\/pide-sheinbaum-respeto-para-mexi.jpg","width":792,"height":528},{"@type":"BreadcrumbList","@id":"https:\/\/conexionnacional.mx\/index.php\/2025\/03\/21\/pide-sheinbaum-respeto-para-mexico-tras-opinion-de-bukele-sobre-seguridad\/#breadcrumb","itemListElement":[{"@type":"ListItem","position":1,"name":"Inicio","item":"https:\/\/conexionnacional.mx\/"},{"@type":"ListItem","position":2,"name":"Pide Sheinbaum respeto para M\u00e9xico tras opini\u00f3n de Bukele sobre seguridad"}]},{"@type":"WebSite","@id":"https:\/\/conexionnacional.mx\/#website","url":"https:\/\/conexionnacional.mx\/","name":"Conexi\u00f3n Nacional","description":"Noticias al momento","publisher":{"@id":"https:\/\/conexionnacional.mx\/#organization"},"alternateName":"Noticias nacionales","potentialAction":[{"@type":"SearchAction","target":{"@type":"EntryPoint","urlTemplate":"https:\/\/conexionnacional.mx\/?s={search_term_string}"},"query-input":{"@type":"PropertyValueSpecification","valueRequired":true,"valueName":"search_term_string"}}],"inLanguage":"es"},{"@type":"Organization","@id":"https:\/\/conexionnacional.mx\/#organization","name":"Conexi\u00f3n Nacional","url":"https:\/\/conexionnacional.mx\/","logo":{"@type":"ImageObject","inLanguage":"es","@id":"https:\/\/conexionnacional.mx\/#\/schema\/logo\/image\/","url":"https:\/\/conexionnacional.mx\/wp-content\/uploads\/2022\/09\/conexion_nacional.png","contentUrl":"https:\/\/conexionnacional.mx\/wp-content\/uploads\/2022\/09\/conexion_nacional.png","width":2964,"height":1173,"caption":"Conexi\u00f3n Nacional"},"image":{"@id":"https:\/\/conexionnacional.mx\/#\/schema\/logo\/image\/"},"sameAs":["https:\/\/www.facebook.com\/cnmxradio"]},{"@type":"Person","@id":"https:\/\/conexionnacional.mx\/#\/schema\/person\/dd14aeda902120f5e0e021903fdb6931","name":"Conexi\u00f3n Nacional","image":{"@type":"ImageObject","inLanguage":"es","@id":"https:\/\/secure.gravatar.com\/avatar\/e523100f284110b2ecca7e17b2be9cf140a5e8f35294c9ec0543e6916cc1f9be?s=96&d=blank&r=g","url":"https:\/\/secure.gravatar.com\/avatar\/e523100f284110b2ecca7e17b2be9cf140a5e8f35294c9ec0543e6916cc1f9be?s=96&d=blank&r=g","contentUrl":"https:\/\/secure.gravatar.com\/avatar\/e523100f284110b2ecca7e17b2be9cf140a5e8f35294c9ec0543e6916cc1f9be?s=96&d=blank&r=g","caption":"Conexi\u00f3n Nacional"},"sameAs":["https:\/\/conexionnacional.mx"],"url":"https:\/\/conexionnacional.mx\/index.php\/author\/administrador\/"}]}},"_links":{"self":[{"href":"https:\/\/conexionnacional.mx\/index.php\/wp-json\/wp\/v2\/posts\/24148","targetHints":{"allow":["GET"]}}],"collection":[{"href":"https:\/\/conexionnacional.mx\/index.php\/wp-json\/wp\/v2\/posts"}],"about":[{"href":"https:\/\/conexionnacional.mx\/index.php\/wp-json\/wp\/v2\/types\/post"}],"author":[{"embeddable":true,"href":"https:\/\/conexionnacional.mx\/index.php\/wp-json\/wp\/v2\/users\/1"}],"replies":[{"embeddable":true,"href":"https:\/\/conexionnacional.mx\/index.php\/wp-json\/wp\/v2\/comments?post=24148"}],"version-history":[{"count":1,"href":"https:\/\/conexionnacional.mx\/index.php\/wp-json\/wp\/v2\/posts\/24148\/revisions"}],"predecessor-version":[{"id":24150,"href":"https:\/\/conexionnacional.mx\/index.php\/wp-json\/wp\/v2\/posts\/24148\/revisions\/24150"}],"wp:featuredmedia":[{"embeddable":true,"href":"https:\/\/conexionnacional.mx\/index.php\/wp-json\/wp\/v2\/media\/24149"}],"wp:attachment":[{"href":"https:\/\/conexionnacional.mx\/index.php\/wp-json\/wp\/v2\/media?parent=24148"}],"wp:term":[{"taxonomy":"category","embeddable":true,"href":"https:\/\/conexionnacional.mx\/index.php\/wp-json\/wp\/v2\/categories?post=24148"},{"taxonomy":"post_tag","embeddable":true,"href":"https:\/\/conexionnacional.mx\/index.php\/wp-json\/wp\/v2\/tags?post=24148"}],"curies":[{"name":"wp","href":"https:\/\/api.w.org\/{rel}","templated":true}]}}