{"id":23862,"date":"2025-02-17T10:09:26","date_gmt":"2025-02-17T16:09:26","guid":{"rendered":"https:\/\/conexionnacional.mx\/?p=23862"},"modified":"2025-02-17T10:09:28","modified_gmt":"2025-02-17T16:09:28","slug":"ataque-de-piratas-a-plataforma-petrolera-en-campeche-deja-2-personas-heridas-de-gravedad","status":"publish","type":"post","link":"https:\/\/conexionnacional.mx\/index.php\/2025\/02\/17\/ataque-de-piratas-a-plataforma-petrolera-en-campeche-deja-2-personas-heridas-de-gravedad\/","title":{"rendered":"Ataque de \u201cpiratas\u201d a plataforma petrolera en Campeche deja 2 personas heridas de gravedad"},"content":{"rendered":"\n<p>San Francisco, Campeche.- Trabajadores de la plataforma petrolera Zaap Delta, ubicada en la Sonda de Campeche, fueron asaltados por &#8220;<strong>piratas<\/strong>&#8220;, que los\u00a0<strong>despojaron de sus pertenencias<\/strong>\u00a0y agredieron f\u00edsicamente a varios de ellos, resultando dos con heridas de gravedad.<\/p>\n\n\n\n<p>De acuerdo con una denuncia de V\u00edctor Hern\u00e1ndez Colunga, l\u00edder de la secci\u00f3n 47 del Sindicato de Trabajadores Petroleros de la Rep\u00fablica Mexicana (<strong>STPRM<\/strong>) el asalto ocurri\u00f3 durante la noche del 14 de febrero, cuando un\u00a0<strong>grupo armado\u00a0<\/strong>tom\u00f3 control de la plataforma, parte del complejo Ku-Maloob-Zaap.<\/p>\n\n\n\n<p>Se\u00f1al\u00f3 que un grupo de hombres armados abord\u00f3 la plataforma la noche del viernes y pr\u00e1cticamente tom\u00f3 el control de la instalaci\u00f3n, la cual produce el 40% de los 1.68 millones de barriles diarios de\u00a0<strong>petr\u00f3leo crudo<\/strong> que aporta al pa\u00eds.<\/p>\n\n\n\n<p><img decoding=\"async\" width=\"0\" height=\"620\" src=\"data:image\/gif;base64,R0lGODlhAQABAAAAACH5BAEKAAEALAAAAAABAAEAAAICTAEAOw==\" data-src=\"https:\/\/www.eluniversal.com.mx\/resizer\/v2\/YFXA4PDIWNH3XGDYSLM26Z36IM.jpg?auth=dce6b0dd1419e20cc698aab691bdaf9db780a17bcd47a44b0c16c25e75309e04&amp;smart=true&amp;height=620\" class=\"lazyload\" alt=\"Asaltan \u201cpiratas\u201d plataforma petrolera en Yucat\u00e1n (16\/02\/2025). Foto: Especial\"><\/p>\n\n\n\n<figure class=\"wp-block-image size-full\"><img fetchpriority=\"high\" decoding=\"async\" width=\"1006\" height=\"620\" src=\"data:image\/gif;base64,R0lGODlhAQABAAAAACH5BAEKAAEALAAAAAABAAEAAAICTAEAOw==\" data-src=\"https:\/\/conexionnacional.mx\/wp-content\/uploads\/2025\/02\/image-6.png\" alt=\"\" class=\"wp-image-23863 lazyload\" data-sizes=\"auto\" data-srcset=\"https:\/\/conexionnacional.mx\/wp-content\/uploads\/2025\/02\/image-6.png 1006w, https:\/\/conexionnacional.mx\/wp-content\/uploads\/2025\/02\/image-6-768x473.png 768w\" sizes=\"(max-width: 1006px) 100vw, 1006px\" \/><\/figure>\n\n\n\n<p>Asaltan \u201cpiratas\u201d plataforma petrolera en Yucat\u00e1n (16\/02\/2025). Foto: Especial<\/p>\n\n\n\n<p>Indic\u00f3 que el grupo delictivo se mantuvo en la plataforma hasta la madrugada de ayer s\u00e1bado pese a los llamados de auxilio que el personal realiz\u00f3 cuando los &#8220;piratas&#8221; realizaban el&nbsp;<strong>atraco<\/strong>.<\/p>\n\n\n\n<p>\u201cLos trabajadores petroleros fueron sometidos, despojados de todos sus objetos de valor, varios fueron&nbsp;<strong>golpeados&nbsp;<\/strong>y dos resultaron con heridas serias\u201d, afirm\u00f3.<\/p>\n\n\n\n<p>Declar\u00f3 que los trabajadores lesionados fueron trasladados al Hospital General de Pemex en Ciudad del Carmen para recibir atenci\u00f3n m\u00e9dica.<\/p>\n\n\n\n<p><\/p>\n\n\n\n<p><a href=\"https:\/\/www.eluniversal.com.mx\/estados\/hombres-armados-atacan-a-balazos-residencial-en-culiacan-sinaloa\/\"><\/a><\/p>\n","protected":false},"excerpt":{"rendered":"<p>San Francisco, Campeche.- Trabajadores de la plataforma petrolera Zaap Delta, ubicada en la Sonda de Campeche, fueron asaltados por &#8220;piratas&#8220;, que los\u00a0despojaron de sus pertenencias\u00a0y agredieron f\u00edsicamente a varios de ellos, resultando dos con heridas de gravedad. De acuerdo con una denuncia de V\u00edctor Hern\u00e1ndez Colunga, l\u00edder de la secci\u00f3n 47 del Sindicato de Trabajadores [&hellip;]<\/p>\n","protected":false},"author":1,"featured_media":23864,"comment_status":"closed","ping_status":"closed","sticky":false,"template":"","format":"aside","meta":{"googlesitekit_rrm_CAowytPeCw:productID":"","footnotes":""},"categories":[3],"tags":[],"class_list":["post-23862","post","type-post","status-publish","format-aside","has-post-thumbnail","hentry","category-nacional","post_format-post-format-aside"],"yoast_head":"<!-- This site is optimized with the Yoast SEO plugin v27.4 - https:\/\/yoast.com\/product\/yoast-seo-wordpress\/ -->\n<title>Ataque de \u201cpiratas\u201d a plataforma petrolera en Campeche deja 2 personas heridas de gravedad |<\/title>\n<meta name=\"robots\" content=\"index, follow, max-snippet:-1, max-image-preview:large, max-video-preview:-1\" \/>\n<link rel=\"canonical\" href=\"https:\/\/conexionnacional.mx\/index.php\/2025\/02\/17\/ataque-de-piratas-a-plataforma-petrolera-en-campeche-deja-2-personas-heridas-de-gravedad\/\" \/>\n<meta property=\"og:locale\" content=\"es_MX\" \/>\n<meta property=\"og:type\" content=\"article\" \/>\n<meta property=\"og:title\" content=\"Ataque de \u201cpiratas\u201d a plataforma petrolera en Campeche deja 2 personas heridas de gravedad |\" \/>\n<meta property=\"og:description\" content=\"San Francisco, Campeche.- Trabajadores de la plataforma petrolera Zaap Delta, ubicada en la Sonda de Campeche, fueron asaltados por &#8220;piratas&#8220;, que los\u00a0despojaron de sus pertenencias\u00a0y agredieron f\u00edsicamente a varios de ellos, resultando dos con heridas de gravedad. De acuerdo con una denuncia de V\u00edctor Hern\u00e1ndez Colunga, l\u00edder de la secci\u00f3n 47 del Sindicato de Trabajadores [&hellip;]\" \/>\n<meta property=\"og:url\" content=\"https:\/\/conexionnacional.mx\/index.php\/2025\/02\/17\/ataque-de-piratas-a-plataforma-petrolera-en-campeche-deja-2-personas-heridas-de-gravedad\/\" \/>\n<meta property=\"og:site_name\" content=\"Conexi\u00f3n Nacional\" \/>\n<meta property=\"article:publisher\" content=\"https:\/\/www.facebook.com\/cnmxradio\" \/>\n<meta property=\"article:published_time\" content=\"2025-02-17T16:09:26+00:00\" \/>\n<meta property=\"article:modified_time\" content=\"2025-02-17T16:09:28+00:00\" \/>\n<meta property=\"og:image\" content=\"https:\/\/conexionnacional.mx\/wp-content\/uploads\/2025\/02\/T6WXJ224O5HVTG3NJRMTMFQXGA.jpg\" \/>\n\t<meta property=\"og:image:width\" content=\"1100\" \/>\n\t<meta property=\"og:image:height\" content=\"666\" \/>\n\t<meta property=\"og:image:type\" content=\"image\/jpeg\" \/>\n<meta name=\"author\" content=\"Conexi\u00f3n Nacional\" \/>\n<meta name=\"twitter:card\" content=\"summary_large_image\" \/>\n<meta name=\"twitter:label1\" content=\"Escrito por\" \/>\n\t<meta name=\"twitter:data1\" content=\"Conexi\u00f3n Nacional\" \/>\n\t<meta name=\"twitter:label2\" content=\"Tiempo de lectura\" \/>\n\t<meta name=\"twitter:data2\" content=\"2 minutos\" \/>\n<script type=\"application\/ld+json\" class=\"yoast-schema-graph\">{\"@context\":\"https:\\\/\\\/schema.org\",\"@graph\":[{\"@type\":\"Article\",\"@id\":\"https:\\\/\\\/conexionnacional.mx\\\/index.php\\\/2025\\\/02\\\/17\\\/ataque-de-piratas-a-plataforma-petrolera-en-campeche-deja-2-personas-heridas-de-gravedad\\\/#article\",\"isPartOf\":{\"@id\":\"https:\\\/\\\/conexionnacional.mx\\\/index.php\\\/2025\\\/02\\\/17\\\/ataque-de-piratas-a-plataforma-petrolera-en-campeche-deja-2-personas-heridas-de-gravedad\\\/\"},\"author\":{\"name\":\"Conexi\u00f3n Nacional\",\"@id\":\"https:\\\/\\\/conexionnacional.mx\\\/#\\\/schema\\\/person\\\/dd14aeda902120f5e0e021903fdb6931\"},\"headline\":\"Ataque de \u201cpiratas\u201d a plataforma petrolera en Campeche deja 2 personas heridas de gravedad\",\"datePublished\":\"2025-02-17T16:09:26+00:00\",\"dateModified\":\"2025-02-17T16:09:28+00:00\",\"mainEntityOfPage\":{\"@id\":\"https:\\\/\\\/conexionnacional.mx\\\/index.php\\\/2025\\\/02\\\/17\\\/ataque-de-piratas-a-plataforma-petrolera-en-campeche-deja-2-personas-heridas-de-gravedad\\\/\"},\"wordCount\":237,\"publisher\":{\"@id\":\"https:\\\/\\\/conexionnacional.mx\\\/#organization\"},\"image\":{\"@id\":\"https:\\\/\\\/conexionnacional.mx\\\/index.php\\\/2025\\\/02\\\/17\\\/ataque-de-piratas-a-plataforma-petrolera-en-campeche-deja-2-personas-heridas-de-gravedad\\\/#primaryimage\"},\"thumbnailUrl\":\"https:\\\/\\\/conexionnacional.mx\\\/wp-content\\\/uploads\\\/2025\\\/02\\\/T6WXJ224O5HVTG3NJRMTMFQXGA.jpg\",\"articleSection\":[\"Nacional\"],\"inLanguage\":\"es\"},{\"@type\":\"WebPage\",\"@id\":\"https:\\\/\\\/conexionnacional.mx\\\/index.php\\\/2025\\\/02\\\/17\\\/ataque-de-piratas-a-plataforma-petrolera-en-campeche-deja-2-personas-heridas-de-gravedad\\\/\",\"url\":\"https:\\\/\\\/conexionnacional.mx\\\/index.php\\\/2025\\\/02\\\/17\\\/ataque-de-piratas-a-plataforma-petrolera-en-campeche-deja-2-personas-heridas-de-gravedad\\\/\",\"name\":\"Ataque de \u201cpiratas\u201d a plataforma petrolera en Campeche deja 2 personas heridas de gravedad |\",\"isPartOf\":{\"@id\":\"https:\\\/\\\/conexionnacional.mx\\\/#website\"},\"primaryImageOfPage\":{\"@id\":\"https:\\\/\\\/conexionnacional.mx\\\/index.php\\\/2025\\\/02\\\/17\\\/ataque-de-piratas-a-plataforma-petrolera-en-campeche-deja-2-personas-heridas-de-gravedad\\\/#primaryimage\"},\"image\":{\"@id\":\"https:\\\/\\\/conexionnacional.mx\\\/index.php\\\/2025\\\/02\\\/17\\\/ataque-de-piratas-a-plataforma-petrolera-en-campeche-deja-2-personas-heridas-de-gravedad\\\/#primaryimage\"},\"thumbnailUrl\":\"https:\\\/\\\/conexionnacional.mx\\\/wp-content\\\/uploads\\\/2025\\\/02\\\/T6WXJ224O5HVTG3NJRMTMFQXGA.jpg\",\"datePublished\":\"2025-02-17T16:09:26+00:00\",\"dateModified\":\"2025-02-17T16:09:28+00:00\",\"breadcrumb\":{\"@id\":\"https:\\\/\\\/conexionnacional.mx\\\/index.php\\\/2025\\\/02\\\/17\\\/ataque-de-piratas-a-plataforma-petrolera-en-campeche-deja-2-personas-heridas-de-gravedad\\\/#breadcrumb\"},\"inLanguage\":\"es\",\"potentialAction\":[{\"@type\":\"ReadAction\",\"target\":[\"https:\\\/\\\/conexionnacional.mx\\\/index.php\\\/2025\\\/02\\\/17\\\/ataque-de-piratas-a-plataforma-petrolera-en-campeche-deja-2-personas-heridas-de-gravedad\\\/\"]}]},{\"@type\":\"ImageObject\",\"inLanguage\":\"es\",\"@id\":\"https:\\\/\\\/conexionnacional.mx\\\/index.php\\\/2025\\\/02\\\/17\\\/ataque-de-piratas-a-plataforma-petrolera-en-campeche-deja-2-personas-heridas-de-gravedad\\\/#primaryimage\",\"url\":\"https:\\\/\\\/conexionnacional.mx\\\/wp-content\\\/uploads\\\/2025\\\/02\\\/T6WXJ224O5HVTG3NJRMTMFQXGA.jpg\",\"contentUrl\":\"https:\\\/\\\/conexionnacional.mx\\\/wp-content\\\/uploads\\\/2025\\\/02\\\/T6WXJ224O5HVTG3NJRMTMFQXGA.jpg\",\"width\":1100,\"height\":666},{\"@type\":\"BreadcrumbList\",\"@id\":\"https:\\\/\\\/conexionnacional.mx\\\/index.php\\\/2025\\\/02\\\/17\\\/ataque-de-piratas-a-plataforma-petrolera-en-campeche-deja-2-personas-heridas-de-gravedad\\\/#breadcrumb\",\"itemListElement\":[{\"@type\":\"ListItem\",\"position\":1,\"name\":\"Inicio\",\"item\":\"https:\\\/\\\/conexionnacional.mx\\\/\"},{\"@type\":\"ListItem\",\"position\":2,\"name\":\"Ataque de \u201cpiratas\u201d a plataforma petrolera en Campeche deja 2 personas heridas de gravedad\"}]},{\"@type\":\"WebSite\",\"@id\":\"https:\\\/\\\/conexionnacional.mx\\\/#website\",\"url\":\"https:\\\/\\\/conexionnacional.mx\\\/\",\"name\":\"Conexi\u00f3n Nacional\",\"description\":\"Noticias al momento\",\"publisher\":{\"@id\":\"https:\\\/\\\/conexionnacional.mx\\\/#organization\"},\"alternateName\":\"Noticias nacionales\",\"potentialAction\":[{\"@type\":\"SearchAction\",\"target\":{\"@type\":\"EntryPoint\",\"urlTemplate\":\"https:\\\/\\\/conexionnacional.mx\\\/?s={search_term_string}\"},\"query-input\":{\"@type\":\"PropertyValueSpecification\",\"valueRequired\":true,\"valueName\":\"search_term_string\"}}],\"inLanguage\":\"es\"},{\"@type\":\"Organization\",\"@id\":\"https:\\\/\\\/conexionnacional.mx\\\/#organization\",\"name\":\"Conexi\u00f3n Nacional\",\"url\":\"https:\\\/\\\/conexionnacional.mx\\\/\",\"logo\":{\"@type\":\"ImageObject\",\"inLanguage\":\"es\",\"@id\":\"https:\\\/\\\/conexionnacional.mx\\\/#\\\/schema\\\/logo\\\/image\\\/\",\"url\":\"https:\\\/\\\/conexionnacional.mx\\\/wp-content\\\/uploads\\\/2022\\\/09\\\/conexion_nacional.png\",\"contentUrl\":\"https:\\\/\\\/conexionnacional.mx\\\/wp-content\\\/uploads\\\/2022\\\/09\\\/conexion_nacional.png\",\"width\":2964,\"height\":1173,\"caption\":\"Conexi\u00f3n Nacional\"},\"image\":{\"@id\":\"https:\\\/\\\/conexionnacional.mx\\\/#\\\/schema\\\/logo\\\/image\\\/\"},\"sameAs\":[\"https:\\\/\\\/www.facebook.com\\\/cnmxradio\"]},{\"@type\":\"Person\",\"@id\":\"https:\\\/\\\/conexionnacional.mx\\\/#\\\/schema\\\/person\\\/dd14aeda902120f5e0e021903fdb6931\",\"name\":\"Conexi\u00f3n Nacional\",\"image\":{\"@type\":\"ImageObject\",\"inLanguage\":\"es\",\"@id\":\"https:\\\/\\\/secure.gravatar.com\\\/avatar\\\/e523100f284110b2ecca7e17b2be9cf140a5e8f35294c9ec0543e6916cc1f9be?s=96&d=blank&r=g\",\"url\":\"https:\\\/\\\/secure.gravatar.com\\\/avatar\\\/e523100f284110b2ecca7e17b2be9cf140a5e8f35294c9ec0543e6916cc1f9be?s=96&d=blank&r=g\",\"contentUrl\":\"https:\\\/\\\/secure.gravatar.com\\\/avatar\\\/e523100f284110b2ecca7e17b2be9cf140a5e8f35294c9ec0543e6916cc1f9be?s=96&d=blank&r=g\",\"caption\":\"Conexi\u00f3n Nacional\"},\"sameAs\":[\"https:\\\/\\\/conexionnacional.mx\"],\"url\":\"https:\\\/\\\/conexionnacional.mx\\\/index.php\\\/author\\\/administrador\\\/\"}]}<\/script>\n<!-- \/ Yoast SEO plugin. -->","yoast_head_json":{"title":"Ataque de \u201cpiratas\u201d a plataforma petrolera en Campeche deja 2 personas heridas de gravedad |","robots":{"index":"index","follow":"follow","max-snippet":"max-snippet:-1","max-image-preview":"max-image-preview:large","max-video-preview":"max-video-preview:-1"},"canonical":"https:\/\/conexionnacional.mx\/index.php\/2025\/02\/17\/ataque-de-piratas-a-plataforma-petrolera-en-campeche-deja-2-personas-heridas-de-gravedad\/","og_locale":"es_MX","og_type":"article","og_title":"Ataque de \u201cpiratas\u201d a plataforma petrolera en Campeche deja 2 personas heridas de gravedad |","og_description":"San Francisco, Campeche.- Trabajadores de la plataforma petrolera Zaap Delta, ubicada en la Sonda de Campeche, fueron asaltados por &#8220;piratas&#8220;, que los\u00a0despojaron de sus pertenencias\u00a0y agredieron f\u00edsicamente a varios de ellos, resultando dos con heridas de gravedad. De acuerdo con una denuncia de V\u00edctor Hern\u00e1ndez Colunga, l\u00edder de la secci\u00f3n 47 del Sindicato de Trabajadores [&hellip;]","og_url":"https:\/\/conexionnacional.mx\/index.php\/2025\/02\/17\/ataque-de-piratas-a-plataforma-petrolera-en-campeche-deja-2-personas-heridas-de-gravedad\/","og_site_name":"Conexi\u00f3n Nacional","article_publisher":"https:\/\/www.facebook.com\/cnmxradio","article_published_time":"2025-02-17T16:09:26+00:00","article_modified_time":"2025-02-17T16:09:28+00:00","og_image":[{"width":1100,"height":666,"url":"https:\/\/conexionnacional.mx\/wp-content\/uploads\/2025\/02\/T6WXJ224O5HVTG3NJRMTMFQXGA.jpg","type":"image\/jpeg"}],"author":"Conexi\u00f3n Nacional","twitter_card":"summary_large_image","twitter_misc":{"Escrito por":"Conexi\u00f3n Nacional","Tiempo de lectura":"2 minutos"},"schema":{"@context":"https:\/\/schema.org","@graph":[{"@type":"Article","@id":"https:\/\/conexionnacional.mx\/index.php\/2025\/02\/17\/ataque-de-piratas-a-plataforma-petrolera-en-campeche-deja-2-personas-heridas-de-gravedad\/#article","isPartOf":{"@id":"https:\/\/conexionnacional.mx\/index.php\/2025\/02\/17\/ataque-de-piratas-a-plataforma-petrolera-en-campeche-deja-2-personas-heridas-de-gravedad\/"},"author":{"name":"Conexi\u00f3n Nacional","@id":"https:\/\/conexionnacional.mx\/#\/schema\/person\/dd14aeda902120f5e0e021903fdb6931"},"headline":"Ataque de \u201cpiratas\u201d a plataforma petrolera en Campeche deja 2 personas heridas de gravedad","datePublished":"2025-02-17T16:09:26+00:00","dateModified":"2025-02-17T16:09:28+00:00","mainEntityOfPage":{"@id":"https:\/\/conexionnacional.mx\/index.php\/2025\/02\/17\/ataque-de-piratas-a-plataforma-petrolera-en-campeche-deja-2-personas-heridas-de-gravedad\/"},"wordCount":237,"publisher":{"@id":"https:\/\/conexionnacional.mx\/#organization"},"image":{"@id":"https:\/\/conexionnacional.mx\/index.php\/2025\/02\/17\/ataque-de-piratas-a-plataforma-petrolera-en-campeche-deja-2-personas-heridas-de-gravedad\/#primaryimage"},"thumbnailUrl":"https:\/\/conexionnacional.mx\/wp-content\/uploads\/2025\/02\/T6WXJ224O5HVTG3NJRMTMFQXGA.jpg","articleSection":["Nacional"],"inLanguage":"es"},{"@type":"WebPage","@id":"https:\/\/conexionnacional.mx\/index.php\/2025\/02\/17\/ataque-de-piratas-a-plataforma-petrolera-en-campeche-deja-2-personas-heridas-de-gravedad\/","url":"https:\/\/conexionnacional.mx\/index.php\/2025\/02\/17\/ataque-de-piratas-a-plataforma-petrolera-en-campeche-deja-2-personas-heridas-de-gravedad\/","name":"Ataque de \u201cpiratas\u201d a plataforma petrolera en Campeche deja 2 personas heridas de gravedad |","isPartOf":{"@id":"https:\/\/conexionnacional.mx\/#website"},"primaryImageOfPage":{"@id":"https:\/\/conexionnacional.mx\/index.php\/2025\/02\/17\/ataque-de-piratas-a-plataforma-petrolera-en-campeche-deja-2-personas-heridas-de-gravedad\/#primaryimage"},"image":{"@id":"https:\/\/conexionnacional.mx\/index.php\/2025\/02\/17\/ataque-de-piratas-a-plataforma-petrolera-en-campeche-deja-2-personas-heridas-de-gravedad\/#primaryimage"},"thumbnailUrl":"https:\/\/conexionnacional.mx\/wp-content\/uploads\/2025\/02\/T6WXJ224O5HVTG3NJRMTMFQXGA.jpg","datePublished":"2025-02-17T16:09:26+00:00","dateModified":"2025-02-17T16:09:28+00:00","breadcrumb":{"@id":"https:\/\/conexionnacional.mx\/index.php\/2025\/02\/17\/ataque-de-piratas-a-plataforma-petrolera-en-campeche-deja-2-personas-heridas-de-gravedad\/#breadcrumb"},"inLanguage":"es","potentialAction":[{"@type":"ReadAction","target":["https:\/\/conexionnacional.mx\/index.php\/2025\/02\/17\/ataque-de-piratas-a-plataforma-petrolera-en-campeche-deja-2-personas-heridas-de-gravedad\/"]}]},{"@type":"ImageObject","inLanguage":"es","@id":"https:\/\/conexionnacional.mx\/index.php\/2025\/02\/17\/ataque-de-piratas-a-plataforma-petrolera-en-campeche-deja-2-personas-heridas-de-gravedad\/#primaryimage","url":"https:\/\/conexionnacional.mx\/wp-content\/uploads\/2025\/02\/T6WXJ224O5HVTG3NJRMTMFQXGA.jpg","contentUrl":"https:\/\/conexionnacional.mx\/wp-content\/uploads\/2025\/02\/T6WXJ224O5HVTG3NJRMTMFQXGA.jpg","width":1100,"height":666},{"@type":"BreadcrumbList","@id":"https:\/\/conexionnacional.mx\/index.php\/2025\/02\/17\/ataque-de-piratas-a-plataforma-petrolera-en-campeche-deja-2-personas-heridas-de-gravedad\/#breadcrumb","itemListElement":[{"@type":"ListItem","position":1,"name":"Inicio","item":"https:\/\/conexionnacional.mx\/"},{"@type":"ListItem","position":2,"name":"Ataque de \u201cpiratas\u201d a plataforma petrolera en Campeche deja 2 personas heridas de gravedad"}]},{"@type":"WebSite","@id":"https:\/\/conexionnacional.mx\/#website","url":"https:\/\/conexionnacional.mx\/","name":"Conexi\u00f3n Nacional","description":"Noticias al momento","publisher":{"@id":"https:\/\/conexionnacional.mx\/#organization"},"alternateName":"Noticias nacionales","potentialAction":[{"@type":"SearchAction","target":{"@type":"EntryPoint","urlTemplate":"https:\/\/conexionnacional.mx\/?s={search_term_string}"},"query-input":{"@type":"PropertyValueSpecification","valueRequired":true,"valueName":"search_term_string"}}],"inLanguage":"es"},{"@type":"Organization","@id":"https:\/\/conexionnacional.mx\/#organization","name":"Conexi\u00f3n Nacional","url":"https:\/\/conexionnacional.mx\/","logo":{"@type":"ImageObject","inLanguage":"es","@id":"https:\/\/conexionnacional.mx\/#\/schema\/logo\/image\/","url":"https:\/\/conexionnacional.mx\/wp-content\/uploads\/2022\/09\/conexion_nacional.png","contentUrl":"https:\/\/conexionnacional.mx\/wp-content\/uploads\/2022\/09\/conexion_nacional.png","width":2964,"height":1173,"caption":"Conexi\u00f3n Nacional"},"image":{"@id":"https:\/\/conexionnacional.mx\/#\/schema\/logo\/image\/"},"sameAs":["https:\/\/www.facebook.com\/cnmxradio"]},{"@type":"Person","@id":"https:\/\/conexionnacional.mx\/#\/schema\/person\/dd14aeda902120f5e0e021903fdb6931","name":"Conexi\u00f3n Nacional","image":{"@type":"ImageObject","inLanguage":"es","@id":"https:\/\/secure.gravatar.com\/avatar\/e523100f284110b2ecca7e17b2be9cf140a5e8f35294c9ec0543e6916cc1f9be?s=96&d=blank&r=g","url":"https:\/\/secure.gravatar.com\/avatar\/e523100f284110b2ecca7e17b2be9cf140a5e8f35294c9ec0543e6916cc1f9be?s=96&d=blank&r=g","contentUrl":"https:\/\/secure.gravatar.com\/avatar\/e523100f284110b2ecca7e17b2be9cf140a5e8f35294c9ec0543e6916cc1f9be?s=96&d=blank&r=g","caption":"Conexi\u00f3n Nacional"},"sameAs":["https:\/\/conexionnacional.mx"],"url":"https:\/\/conexionnacional.mx\/index.php\/author\/administrador\/"}]}},"_links":{"self":[{"href":"https:\/\/conexionnacional.mx\/index.php\/wp-json\/wp\/v2\/posts\/23862","targetHints":{"allow":["GET"]}}],"collection":[{"href":"https:\/\/conexionnacional.mx\/index.php\/wp-json\/wp\/v2\/posts"}],"about":[{"href":"https:\/\/conexionnacional.mx\/index.php\/wp-json\/wp\/v2\/types\/post"}],"author":[{"embeddable":true,"href":"https:\/\/conexionnacional.mx\/index.php\/wp-json\/wp\/v2\/users\/1"}],"replies":[{"embeddable":true,"href":"https:\/\/conexionnacional.mx\/index.php\/wp-json\/wp\/v2\/comments?post=23862"}],"version-history":[{"count":1,"href":"https:\/\/conexionnacional.mx\/index.php\/wp-json\/wp\/v2\/posts\/23862\/revisions"}],"predecessor-version":[{"id":23865,"href":"https:\/\/conexionnacional.mx\/index.php\/wp-json\/wp\/v2\/posts\/23862\/revisions\/23865"}],"wp:featuredmedia":[{"embeddable":true,"href":"https:\/\/conexionnacional.mx\/index.php\/wp-json\/wp\/v2\/media\/23864"}],"wp:attachment":[{"href":"https:\/\/conexionnacional.mx\/index.php\/wp-json\/wp\/v2\/media?parent=23862"}],"wp:term":[{"taxonomy":"category","embeddable":true,"href":"https:\/\/conexionnacional.mx\/index.php\/wp-json\/wp\/v2\/categories?post=23862"},{"taxonomy":"post_tag","embeddable":true,"href":"https:\/\/conexionnacional.mx\/index.php\/wp-json\/wp\/v2\/tags?post=23862"}],"curies":[{"name":"wp","href":"https:\/\/api.w.org\/{rel}","templated":true}]}}