{"id":23859,"date":"2025-02-17T10:03:35","date_gmt":"2025-02-17T16:03:35","guid":{"rendered":"https:\/\/conexionnacional.mx\/?p=23859"},"modified":"2025-02-17T10:03:37","modified_gmt":"2025-02-17T16:03:37","slug":"hombre-mata-a-su-cunado-a-machetazos-por-golpear-a-su-hermana","status":"publish","type":"post","link":"https:\/\/conexionnacional.mx\/index.php\/2025\/02\/17\/hombre-mata-a-su-cunado-a-machetazos-por-golpear-a-su-hermana\/","title":{"rendered":"Hombre mata a su cu\u00f1ado a machetazos por golpear a su hermana"},"content":{"rendered":"\n<p>Un hombre mat\u00f3 a machetazos a su cu\u00f1ado durante una ri\u00f1a familiar, en la colonia\u00a0<strong>Lomas de San Miguel\u00a0<\/strong>de la ciudad de Puebla. La v\u00edctima fue identificada como<strong>\u00a0Luis Antonio N<\/strong>., de 39 a\u00f1os y el presunto homicida, Marco, de 43 a\u00f1os de edad, fue detenido por la polic\u00eda municipal.\u00a0<\/p>\n\n\n\n<p>Los hechos ocurrieron en el interior de una vivienda que se ubica en la calle Tenochtitl\u00e1n, cuando una mujer se comunic\u00f3 al n\u00famero de emergencias 911 y report\u00f3 que su pareja hab\u00eda atacado con un machete a su hermano, por lo que pidi\u00f3 la intervenci\u00f3n de las autoridades.&nbsp;<\/p>\n\n\n\n<p>Al lugar acudieron agentes de la Polic\u00eda Municipal y param\u00e9dicos del&nbsp;<strong>Sistema de Urgencias M\u00e9dicas Avanzadas (SUMA). &nbsp;<\/strong><\/p>\n\n\n\n<figure class=\"wp-block-image\"><img decoding=\"async\" src=\"data:image\/gif;base64,R0lGODlhAQABAAAAACH5BAEKAAEALAAAAAABAAEAAAICTAEAOw==\" data-src=\"https:\/\/heraldodemexico.com.mx\/u\/fotografias\/m\/2025\/2\/16\/f768x400-1086543_1130446_5050.jpg\" class=\"lazyload\" alt=\"\"\/><figcaption class=\"wp-element-caption\">Mata a su cu\u00f1ado a machetazos. Foto: Cuartoscuro<\/figcaption><\/figure>\n\n\n\n<h2 class=\"wp-block-heading\">M\u00e9dico valoraron a la v\u00edctima quien ya se encontraba sin signos vitales<\/h2>\n\n\n\n<p>Los t\u00e9cnicos en urgencias m\u00e9dicas valoraron al var\u00f3n y confirmaron el deceso del hombre debido a las heridas que sufri\u00f3 que un arma punzocortante.&nbsp;&nbsp;<\/p>\n\n\n\n<p>Los uniformados detuvieron al agresor quien qued\u00f3 a disposici\u00f3n del agente del Ministerio P\u00fablico. Seg\u00fan las primeras pesquisas, Luis Antonio defendi\u00f3 a su hermana, pues hab\u00eda tenido una discusi\u00f3n con su novio Marco, quien la hab\u00eda dejado en el Perif\u00e9rico Ecol\u00f3gico.&nbsp;<\/p>\n\n\n\n<p>Despu\u00e9s, vio a su hermana quien indic\u00f3 que hab\u00eda sido golpeada por su pareja, por lo que acudi\u00f3 a su domicilio para reclamarle donde se registr\u00f3 la ri\u00f1a y homicidio.&nbsp;<\/p>\n","protected":false},"excerpt":{"rendered":"<p>Un hombre mat\u00f3 a machetazos a su cu\u00f1ado durante una ri\u00f1a familiar, en la colonia\u00a0Lomas de San Miguel\u00a0de la ciudad de Puebla. La v\u00edctima fue identificada como\u00a0Luis Antonio N., de 39 a\u00f1os y el presunto homicida, Marco, de 43 a\u00f1os de edad, fue detenido por la polic\u00eda municipal.\u00a0 Los hechos ocurrieron en el interior de [&hellip;]<\/p>\n","protected":false},"author":1,"featured_media":23860,"comment_status":"closed","ping_status":"closed","sticky":false,"template":"","format":"aside","meta":{"googlesitekit_rrm_CAowytPeCw:productID":"","footnotes":""},"categories":[3],"tags":[8925],"class_list":["post-23859","post","type-post","status-publish","format-aside","has-post-thumbnail","hentry","category-nacional","tag-machetazos","post_format-post-format-aside"],"yoast_head":"<!-- This site is optimized with the Yoast SEO plugin v27.4 - https:\/\/yoast.com\/product\/yoast-seo-wordpress\/ -->\n<title>Hombre mata a su cu\u00f1ado a machetazos por golpear a su hermana |<\/title>\n<meta name=\"robots\" content=\"index, follow, max-snippet:-1, max-image-preview:large, max-video-preview:-1\" \/>\n<link rel=\"canonical\" href=\"https:\/\/conexionnacional.mx\/index.php\/2025\/02\/17\/hombre-mata-a-su-cunado-a-machetazos-por-golpear-a-su-hermana\/\" \/>\n<meta property=\"og:locale\" content=\"es_MX\" \/>\n<meta property=\"og:type\" content=\"article\" \/>\n<meta property=\"og:title\" content=\"Hombre mata a su cu\u00f1ado a machetazos por golpear a su hermana |\" \/>\n<meta property=\"og:description\" content=\"Un hombre mat\u00f3 a machetazos a su cu\u00f1ado durante una ri\u00f1a familiar, en la colonia\u00a0Lomas de San Miguel\u00a0de la ciudad de Puebla. La v\u00edctima fue identificada como\u00a0Luis Antonio N., de 39 a\u00f1os y el presunto homicida, Marco, de 43 a\u00f1os de edad, fue detenido por la polic\u00eda municipal.\u00a0 Los hechos ocurrieron en el interior de [&hellip;]\" \/>\n<meta property=\"og:url\" content=\"https:\/\/conexionnacional.mx\/index.php\/2025\/02\/17\/hombre-mata-a-su-cunado-a-machetazos-por-golpear-a-su-hermana\/\" \/>\n<meta property=\"og:site_name\" content=\"Conexi\u00f3n Nacional\" \/>\n<meta property=\"article:publisher\" content=\"https:\/\/www.facebook.com\/cnmxradio\" \/>\n<meta property=\"article:published_time\" content=\"2025-02-17T16:03:35+00:00\" \/>\n<meta property=\"article:modified_time\" content=\"2025-02-17T16:03:37+00:00\" \/>\n<meta property=\"og:image\" content=\"https:\/\/conexionnacional.mx\/wp-content\/uploads\/2025\/02\/f848x477-1086521_1144324_5050.jpg\" \/>\n\t<meta property=\"og:image:width\" content=\"848\" \/>\n\t<meta property=\"og:image:height\" content=\"477\" \/>\n\t<meta property=\"og:image:type\" content=\"image\/jpeg\" \/>\n<meta name=\"author\" content=\"Conexi\u00f3n Nacional\" \/>\n<meta name=\"twitter:card\" content=\"summary_large_image\" \/>\n<meta name=\"twitter:label1\" content=\"Escrito por\" \/>\n\t<meta name=\"twitter:data1\" content=\"Conexi\u00f3n Nacional\" \/>\n\t<meta name=\"twitter:label2\" content=\"Tiempo de lectura\" \/>\n\t<meta name=\"twitter:data2\" content=\"2 minutos\" \/>\n<script type=\"application\/ld+json\" class=\"yoast-schema-graph\">{\"@context\":\"https:\\\/\\\/schema.org\",\"@graph\":[{\"@type\":\"Article\",\"@id\":\"https:\\\/\\\/conexionnacional.mx\\\/index.php\\\/2025\\\/02\\\/17\\\/hombre-mata-a-su-cunado-a-machetazos-por-golpear-a-su-hermana\\\/#article\",\"isPartOf\":{\"@id\":\"https:\\\/\\\/conexionnacional.mx\\\/index.php\\\/2025\\\/02\\\/17\\\/hombre-mata-a-su-cunado-a-machetazos-por-golpear-a-su-hermana\\\/\"},\"author\":{\"name\":\"Conexi\u00f3n Nacional\",\"@id\":\"https:\\\/\\\/conexionnacional.mx\\\/#\\\/schema\\\/person\\\/dd14aeda902120f5e0e021903fdb6931\"},\"headline\":\"Hombre mata a su cu\u00f1ado a machetazos por golpear a su hermana\",\"datePublished\":\"2025-02-17T16:03:35+00:00\",\"dateModified\":\"2025-02-17T16:03:37+00:00\",\"mainEntityOfPage\":{\"@id\":\"https:\\\/\\\/conexionnacional.mx\\\/index.php\\\/2025\\\/02\\\/17\\\/hombre-mata-a-su-cunado-a-machetazos-por-golpear-a-su-hermana\\\/\"},\"wordCount\":278,\"publisher\":{\"@id\":\"https:\\\/\\\/conexionnacional.mx\\\/#organization\"},\"image\":{\"@id\":\"https:\\\/\\\/conexionnacional.mx\\\/index.php\\\/2025\\\/02\\\/17\\\/hombre-mata-a-su-cunado-a-machetazos-por-golpear-a-su-hermana\\\/#primaryimage\"},\"thumbnailUrl\":\"https:\\\/\\\/conexionnacional.mx\\\/wp-content\\\/uploads\\\/2025\\\/02\\\/f848x477-1086521_1144324_5050.jpg\",\"keywords\":[\"machetazos\"],\"articleSection\":[\"Nacional\"],\"inLanguage\":\"es\"},{\"@type\":\"WebPage\",\"@id\":\"https:\\\/\\\/conexionnacional.mx\\\/index.php\\\/2025\\\/02\\\/17\\\/hombre-mata-a-su-cunado-a-machetazos-por-golpear-a-su-hermana\\\/\",\"url\":\"https:\\\/\\\/conexionnacional.mx\\\/index.php\\\/2025\\\/02\\\/17\\\/hombre-mata-a-su-cunado-a-machetazos-por-golpear-a-su-hermana\\\/\",\"name\":\"Hombre mata a su cu\u00f1ado a machetazos por golpear a su hermana |\",\"isPartOf\":{\"@id\":\"https:\\\/\\\/conexionnacional.mx\\\/#website\"},\"primaryImageOfPage\":{\"@id\":\"https:\\\/\\\/conexionnacional.mx\\\/index.php\\\/2025\\\/02\\\/17\\\/hombre-mata-a-su-cunado-a-machetazos-por-golpear-a-su-hermana\\\/#primaryimage\"},\"image\":{\"@id\":\"https:\\\/\\\/conexionnacional.mx\\\/index.php\\\/2025\\\/02\\\/17\\\/hombre-mata-a-su-cunado-a-machetazos-por-golpear-a-su-hermana\\\/#primaryimage\"},\"thumbnailUrl\":\"https:\\\/\\\/conexionnacional.mx\\\/wp-content\\\/uploads\\\/2025\\\/02\\\/f848x477-1086521_1144324_5050.jpg\",\"datePublished\":\"2025-02-17T16:03:35+00:00\",\"dateModified\":\"2025-02-17T16:03:37+00:00\",\"breadcrumb\":{\"@id\":\"https:\\\/\\\/conexionnacional.mx\\\/index.php\\\/2025\\\/02\\\/17\\\/hombre-mata-a-su-cunado-a-machetazos-por-golpear-a-su-hermana\\\/#breadcrumb\"},\"inLanguage\":\"es\",\"potentialAction\":[{\"@type\":\"ReadAction\",\"target\":[\"https:\\\/\\\/conexionnacional.mx\\\/index.php\\\/2025\\\/02\\\/17\\\/hombre-mata-a-su-cunado-a-machetazos-por-golpear-a-su-hermana\\\/\"]}]},{\"@type\":\"ImageObject\",\"inLanguage\":\"es\",\"@id\":\"https:\\\/\\\/conexionnacional.mx\\\/index.php\\\/2025\\\/02\\\/17\\\/hombre-mata-a-su-cunado-a-machetazos-por-golpear-a-su-hermana\\\/#primaryimage\",\"url\":\"https:\\\/\\\/conexionnacional.mx\\\/wp-content\\\/uploads\\\/2025\\\/02\\\/f848x477-1086521_1144324_5050.jpg\",\"contentUrl\":\"https:\\\/\\\/conexionnacional.mx\\\/wp-content\\\/uploads\\\/2025\\\/02\\\/f848x477-1086521_1144324_5050.jpg\",\"width\":848,\"height\":477},{\"@type\":\"BreadcrumbList\",\"@id\":\"https:\\\/\\\/conexionnacional.mx\\\/index.php\\\/2025\\\/02\\\/17\\\/hombre-mata-a-su-cunado-a-machetazos-por-golpear-a-su-hermana\\\/#breadcrumb\",\"itemListElement\":[{\"@type\":\"ListItem\",\"position\":1,\"name\":\"Inicio\",\"item\":\"https:\\\/\\\/conexionnacional.mx\\\/\"},{\"@type\":\"ListItem\",\"position\":2,\"name\":\"Hombre mata a su cu\u00f1ado a machetazos por golpear a su hermana\"}]},{\"@type\":\"WebSite\",\"@id\":\"https:\\\/\\\/conexionnacional.mx\\\/#website\",\"url\":\"https:\\\/\\\/conexionnacional.mx\\\/\",\"name\":\"Conexi\u00f3n Nacional\",\"description\":\"Noticias al momento\",\"publisher\":{\"@id\":\"https:\\\/\\\/conexionnacional.mx\\\/#organization\"},\"alternateName\":\"Noticias nacionales\",\"potentialAction\":[{\"@type\":\"SearchAction\",\"target\":{\"@type\":\"EntryPoint\",\"urlTemplate\":\"https:\\\/\\\/conexionnacional.mx\\\/?s={search_term_string}\"},\"query-input\":{\"@type\":\"PropertyValueSpecification\",\"valueRequired\":true,\"valueName\":\"search_term_string\"}}],\"inLanguage\":\"es\"},{\"@type\":\"Organization\",\"@id\":\"https:\\\/\\\/conexionnacional.mx\\\/#organization\",\"name\":\"Conexi\u00f3n Nacional\",\"url\":\"https:\\\/\\\/conexionnacional.mx\\\/\",\"logo\":{\"@type\":\"ImageObject\",\"inLanguage\":\"es\",\"@id\":\"https:\\\/\\\/conexionnacional.mx\\\/#\\\/schema\\\/logo\\\/image\\\/\",\"url\":\"https:\\\/\\\/conexionnacional.mx\\\/wp-content\\\/uploads\\\/2022\\\/09\\\/conexion_nacional.png\",\"contentUrl\":\"https:\\\/\\\/conexionnacional.mx\\\/wp-content\\\/uploads\\\/2022\\\/09\\\/conexion_nacional.png\",\"width\":2964,\"height\":1173,\"caption\":\"Conexi\u00f3n Nacional\"},\"image\":{\"@id\":\"https:\\\/\\\/conexionnacional.mx\\\/#\\\/schema\\\/logo\\\/image\\\/\"},\"sameAs\":[\"https:\\\/\\\/www.facebook.com\\\/cnmxradio\"]},{\"@type\":\"Person\",\"@id\":\"https:\\\/\\\/conexionnacional.mx\\\/#\\\/schema\\\/person\\\/dd14aeda902120f5e0e021903fdb6931\",\"name\":\"Conexi\u00f3n Nacional\",\"image\":{\"@type\":\"ImageObject\",\"inLanguage\":\"es\",\"@id\":\"https:\\\/\\\/secure.gravatar.com\\\/avatar\\\/e523100f284110b2ecca7e17b2be9cf140a5e8f35294c9ec0543e6916cc1f9be?s=96&d=blank&r=g\",\"url\":\"https:\\\/\\\/secure.gravatar.com\\\/avatar\\\/e523100f284110b2ecca7e17b2be9cf140a5e8f35294c9ec0543e6916cc1f9be?s=96&d=blank&r=g\",\"contentUrl\":\"https:\\\/\\\/secure.gravatar.com\\\/avatar\\\/e523100f284110b2ecca7e17b2be9cf140a5e8f35294c9ec0543e6916cc1f9be?s=96&d=blank&r=g\",\"caption\":\"Conexi\u00f3n Nacional\"},\"sameAs\":[\"https:\\\/\\\/conexionnacional.mx\"],\"url\":\"https:\\\/\\\/conexionnacional.mx\\\/index.php\\\/author\\\/administrador\\\/\"}]}<\/script>\n<!-- \/ Yoast SEO plugin. -->","yoast_head_json":{"title":"Hombre mata a su cu\u00f1ado a machetazos por golpear a su hermana |","robots":{"index":"index","follow":"follow","max-snippet":"max-snippet:-1","max-image-preview":"max-image-preview:large","max-video-preview":"max-video-preview:-1"},"canonical":"https:\/\/conexionnacional.mx\/index.php\/2025\/02\/17\/hombre-mata-a-su-cunado-a-machetazos-por-golpear-a-su-hermana\/","og_locale":"es_MX","og_type":"article","og_title":"Hombre mata a su cu\u00f1ado a machetazos por golpear a su hermana |","og_description":"Un hombre mat\u00f3 a machetazos a su cu\u00f1ado durante una ri\u00f1a familiar, en la colonia\u00a0Lomas de San Miguel\u00a0de la ciudad de Puebla. La v\u00edctima fue identificada como\u00a0Luis Antonio N., de 39 a\u00f1os y el presunto homicida, Marco, de 43 a\u00f1os de edad, fue detenido por la polic\u00eda municipal.\u00a0 Los hechos ocurrieron en el interior de [&hellip;]","og_url":"https:\/\/conexionnacional.mx\/index.php\/2025\/02\/17\/hombre-mata-a-su-cunado-a-machetazos-por-golpear-a-su-hermana\/","og_site_name":"Conexi\u00f3n Nacional","article_publisher":"https:\/\/www.facebook.com\/cnmxradio","article_published_time":"2025-02-17T16:03:35+00:00","article_modified_time":"2025-02-17T16:03:37+00:00","og_image":[{"width":848,"height":477,"url":"https:\/\/conexionnacional.mx\/wp-content\/uploads\/2025\/02\/f848x477-1086521_1144324_5050.jpg","type":"image\/jpeg"}],"author":"Conexi\u00f3n Nacional","twitter_card":"summary_large_image","twitter_misc":{"Escrito por":"Conexi\u00f3n Nacional","Tiempo de lectura":"2 minutos"},"schema":{"@context":"https:\/\/schema.org","@graph":[{"@type":"Article","@id":"https:\/\/conexionnacional.mx\/index.php\/2025\/02\/17\/hombre-mata-a-su-cunado-a-machetazos-por-golpear-a-su-hermana\/#article","isPartOf":{"@id":"https:\/\/conexionnacional.mx\/index.php\/2025\/02\/17\/hombre-mata-a-su-cunado-a-machetazos-por-golpear-a-su-hermana\/"},"author":{"name":"Conexi\u00f3n Nacional","@id":"https:\/\/conexionnacional.mx\/#\/schema\/person\/dd14aeda902120f5e0e021903fdb6931"},"headline":"Hombre mata a su cu\u00f1ado a machetazos por golpear a su hermana","datePublished":"2025-02-17T16:03:35+00:00","dateModified":"2025-02-17T16:03:37+00:00","mainEntityOfPage":{"@id":"https:\/\/conexionnacional.mx\/index.php\/2025\/02\/17\/hombre-mata-a-su-cunado-a-machetazos-por-golpear-a-su-hermana\/"},"wordCount":278,"publisher":{"@id":"https:\/\/conexionnacional.mx\/#organization"},"image":{"@id":"https:\/\/conexionnacional.mx\/index.php\/2025\/02\/17\/hombre-mata-a-su-cunado-a-machetazos-por-golpear-a-su-hermana\/#primaryimage"},"thumbnailUrl":"https:\/\/conexionnacional.mx\/wp-content\/uploads\/2025\/02\/f848x477-1086521_1144324_5050.jpg","keywords":["machetazos"],"articleSection":["Nacional"],"inLanguage":"es"},{"@type":"WebPage","@id":"https:\/\/conexionnacional.mx\/index.php\/2025\/02\/17\/hombre-mata-a-su-cunado-a-machetazos-por-golpear-a-su-hermana\/","url":"https:\/\/conexionnacional.mx\/index.php\/2025\/02\/17\/hombre-mata-a-su-cunado-a-machetazos-por-golpear-a-su-hermana\/","name":"Hombre mata a su cu\u00f1ado a machetazos por golpear a su hermana |","isPartOf":{"@id":"https:\/\/conexionnacional.mx\/#website"},"primaryImageOfPage":{"@id":"https:\/\/conexionnacional.mx\/index.php\/2025\/02\/17\/hombre-mata-a-su-cunado-a-machetazos-por-golpear-a-su-hermana\/#primaryimage"},"image":{"@id":"https:\/\/conexionnacional.mx\/index.php\/2025\/02\/17\/hombre-mata-a-su-cunado-a-machetazos-por-golpear-a-su-hermana\/#primaryimage"},"thumbnailUrl":"https:\/\/conexionnacional.mx\/wp-content\/uploads\/2025\/02\/f848x477-1086521_1144324_5050.jpg","datePublished":"2025-02-17T16:03:35+00:00","dateModified":"2025-02-17T16:03:37+00:00","breadcrumb":{"@id":"https:\/\/conexionnacional.mx\/index.php\/2025\/02\/17\/hombre-mata-a-su-cunado-a-machetazos-por-golpear-a-su-hermana\/#breadcrumb"},"inLanguage":"es","potentialAction":[{"@type":"ReadAction","target":["https:\/\/conexionnacional.mx\/index.php\/2025\/02\/17\/hombre-mata-a-su-cunado-a-machetazos-por-golpear-a-su-hermana\/"]}]},{"@type":"ImageObject","inLanguage":"es","@id":"https:\/\/conexionnacional.mx\/index.php\/2025\/02\/17\/hombre-mata-a-su-cunado-a-machetazos-por-golpear-a-su-hermana\/#primaryimage","url":"https:\/\/conexionnacional.mx\/wp-content\/uploads\/2025\/02\/f848x477-1086521_1144324_5050.jpg","contentUrl":"https:\/\/conexionnacional.mx\/wp-content\/uploads\/2025\/02\/f848x477-1086521_1144324_5050.jpg","width":848,"height":477},{"@type":"BreadcrumbList","@id":"https:\/\/conexionnacional.mx\/index.php\/2025\/02\/17\/hombre-mata-a-su-cunado-a-machetazos-por-golpear-a-su-hermana\/#breadcrumb","itemListElement":[{"@type":"ListItem","position":1,"name":"Inicio","item":"https:\/\/conexionnacional.mx\/"},{"@type":"ListItem","position":2,"name":"Hombre mata a su cu\u00f1ado a machetazos por golpear a su hermana"}]},{"@type":"WebSite","@id":"https:\/\/conexionnacional.mx\/#website","url":"https:\/\/conexionnacional.mx\/","name":"Conexi\u00f3n Nacional","description":"Noticias al momento","publisher":{"@id":"https:\/\/conexionnacional.mx\/#organization"},"alternateName":"Noticias nacionales","potentialAction":[{"@type":"SearchAction","target":{"@type":"EntryPoint","urlTemplate":"https:\/\/conexionnacional.mx\/?s={search_term_string}"},"query-input":{"@type":"PropertyValueSpecification","valueRequired":true,"valueName":"search_term_string"}}],"inLanguage":"es"},{"@type":"Organization","@id":"https:\/\/conexionnacional.mx\/#organization","name":"Conexi\u00f3n Nacional","url":"https:\/\/conexionnacional.mx\/","logo":{"@type":"ImageObject","inLanguage":"es","@id":"https:\/\/conexionnacional.mx\/#\/schema\/logo\/image\/","url":"https:\/\/conexionnacional.mx\/wp-content\/uploads\/2022\/09\/conexion_nacional.png","contentUrl":"https:\/\/conexionnacional.mx\/wp-content\/uploads\/2022\/09\/conexion_nacional.png","width":2964,"height":1173,"caption":"Conexi\u00f3n Nacional"},"image":{"@id":"https:\/\/conexionnacional.mx\/#\/schema\/logo\/image\/"},"sameAs":["https:\/\/www.facebook.com\/cnmxradio"]},{"@type":"Person","@id":"https:\/\/conexionnacional.mx\/#\/schema\/person\/dd14aeda902120f5e0e021903fdb6931","name":"Conexi\u00f3n Nacional","image":{"@type":"ImageObject","inLanguage":"es","@id":"https:\/\/secure.gravatar.com\/avatar\/e523100f284110b2ecca7e17b2be9cf140a5e8f35294c9ec0543e6916cc1f9be?s=96&d=blank&r=g","url":"https:\/\/secure.gravatar.com\/avatar\/e523100f284110b2ecca7e17b2be9cf140a5e8f35294c9ec0543e6916cc1f9be?s=96&d=blank&r=g","contentUrl":"https:\/\/secure.gravatar.com\/avatar\/e523100f284110b2ecca7e17b2be9cf140a5e8f35294c9ec0543e6916cc1f9be?s=96&d=blank&r=g","caption":"Conexi\u00f3n Nacional"},"sameAs":["https:\/\/conexionnacional.mx"],"url":"https:\/\/conexionnacional.mx\/index.php\/author\/administrador\/"}]}},"_links":{"self":[{"href":"https:\/\/conexionnacional.mx\/index.php\/wp-json\/wp\/v2\/posts\/23859","targetHints":{"allow":["GET"]}}],"collection":[{"href":"https:\/\/conexionnacional.mx\/index.php\/wp-json\/wp\/v2\/posts"}],"about":[{"href":"https:\/\/conexionnacional.mx\/index.php\/wp-json\/wp\/v2\/types\/post"}],"author":[{"embeddable":true,"href":"https:\/\/conexionnacional.mx\/index.php\/wp-json\/wp\/v2\/users\/1"}],"replies":[{"embeddable":true,"href":"https:\/\/conexionnacional.mx\/index.php\/wp-json\/wp\/v2\/comments?post=23859"}],"version-history":[{"count":1,"href":"https:\/\/conexionnacional.mx\/index.php\/wp-json\/wp\/v2\/posts\/23859\/revisions"}],"predecessor-version":[{"id":23861,"href":"https:\/\/conexionnacional.mx\/index.php\/wp-json\/wp\/v2\/posts\/23859\/revisions\/23861"}],"wp:featuredmedia":[{"embeddable":true,"href":"https:\/\/conexionnacional.mx\/index.php\/wp-json\/wp\/v2\/media\/23860"}],"wp:attachment":[{"href":"https:\/\/conexionnacional.mx\/index.php\/wp-json\/wp\/v2\/media?parent=23859"}],"wp:term":[{"taxonomy":"category","embeddable":true,"href":"https:\/\/conexionnacional.mx\/index.php\/wp-json\/wp\/v2\/categories?post=23859"},{"taxonomy":"post_tag","embeddable":true,"href":"https:\/\/conexionnacional.mx\/index.php\/wp-json\/wp\/v2\/tags?post=23859"}],"curies":[{"name":"wp","href":"https:\/\/api.w.org\/{rel}","templated":true}]}}