{"id":23856,"date":"2025-02-17T09:54:56","date_gmt":"2025-02-17T15:54:56","guid":{"rendered":"https:\/\/conexionnacional.mx\/?p=23856"},"modified":"2025-02-17T09:54:58","modified_gmt":"2025-02-17T15:54:58","slug":"padres-de-bebe-abandonado-en-tultitlan-son-detenidos-por-tentativa-de-homicidio","status":"publish","type":"post","link":"https:\/\/conexionnacional.mx\/index.php\/2025\/02\/17\/padres-de-bebe-abandonado-en-tultitlan-son-detenidos-por-tentativa-de-homicidio\/","title":{"rendered":"Padres de beb\u00e9 abandonado en Tultitl\u00e1n son detenidos por tentativa de homicidio"},"content":{"rendered":"\n<p>El caso del&nbsp;<strong>beb\u00e9 abandonado en Tultitl\u00e1n&nbsp;<\/strong>ha sacudido al pa\u00eds entero. Ya te platicamos sobre esta lamentable historia&nbsp;<a href=\"https:\/\/www.sopitas.com\/noticias\/bebe-abandonado-tultitlan-lucio-fiscalia-edomex\/\" target=\"_blank\" rel=\"noreferrer noopener\">por ac\u00e1<\/a>, pero surge nueva informaci\u00f3n, pues&nbsp;<strong>tanto Lucio como Diana, padre y madre del peque\u00f1o, recibieron \u00f3rdenes de aprehensi\u00f3n por tentativa de homicidio.<\/strong><\/p>\n\n\n\n<figure class=\"wp-block-image\"><img decoding=\"async\" src=\"data:image\/gif;base64,R0lGODlhAQABAAAAACH5BAEKAAEALAAAAAABAAEAAAICTAEAOw==\" data-src=\"https:\/\/www.sopitas.com\/wp-content\/uploads\/2025\/02\/lucio-abandono-bebe-tultitlan.jpg?resize=1024,530\" alt=\"Imagen del abandono del beb\u00e9 en Tultitl\u00e1n\" class=\"wp-image-1785769 lazyload\"\/><figcaption class=\"wp-element-caption\">Imagen del abandono del beb\u00e9 en Tultitl\u00e1n \/ Captura de pantalla<\/figcaption><\/figure>\n\n\n\n<h2 class=\"wp-block-heading\" id=\"h-orden-de-aprehension-por-tentativa-de-homicidio-a-padres-del-bebe-abandonado-en-tultitlan\">Orden de aprehensi\u00f3n por tentativa de homicidio a padres del beb\u00e9 abandonado en Tultitl\u00e1n<\/h2>\n\n\n\n<p>Fue la noche de este viernes, 14 de febrero, que tanto Lucio \u201cN\u201d como Diana \u201cN\u201d fueron trasladados a diferentes penales. El padre del beb\u00e9 fue llevado al&nbsp;<strong>Centro Preventivo y de Reinserci\u00f3n Social<\/strong>&nbsp;de&nbsp;<strong>Cuautitl\u00e1n M\u00e9xico<\/strong>.<\/p>\n\n\n\n<p><strong>Lucio David<\/strong>&nbsp;fue grabado dejando al beb\u00e9 en una bolsa de pl\u00e1stico en calles de Tultitl\u00e1n y permaneci\u00f3 48 horas en el Centro de Justicia de Cuautitl\u00e1n Izcalli.<\/p>\n\n\n\n<p><strong>Diana Jaciel&nbsp;<\/strong>fue aprendida tambi\u00e9n por la noche y posteriormente llevada al penal de Tlalnepantla. La Fiscal\u00eda del Edomex&nbsp;<a href=\"https:\/\/x.com\/FiscaliaEdomex\/status\/1890621042533487028\" target=\"_blank\" rel=\"noreferrer noopener\">inform\u00f3&nbsp;<\/a>que, formalmente,&nbsp;<strong>el delito que enfrentan es homicidio en grado de tentativa en agravio de un reci\u00e9n nacido.<\/strong><\/p>\n\n\n\n<p>La madre del<strong>&nbsp;beb\u00e9 abandonado en Tultitl\u00e1n&nbsp;<\/strong>estaba siendo atendida en el hospital, antes de ser llevada al Centro de Justicia para Mujeres de Cuautitl\u00e1n y finalmente trasladada al penal de Tlalnepantla.&nbsp;<em>\u201cSe presumen inocentes, mientras no se declare su responsabilidad por la autoridad penal\u201d.<\/em><\/p>\n\n\n\n<figure class=\"wp-block-image\"><img decoding=\"async\" src=\"data:image\/gif;base64,R0lGODlhAQABAAAAACH5BAEKAAEALAAAAAABAAEAAAICTAEAOw==\" data-src=\"https:\/\/www.sopitas.com\/wp-content\/uploads\/2025\/02\/bebe-abandonado-tultitlan.jpeg?resize=1024,799\" alt=\"Dan orden de aprehensi\u00f3n a padre y madre de beb\u00e9 abandonado en Tultitl\u00e1n\" class=\"wp-image-1786085 lazyload\"\/><figcaption class=\"wp-element-caption\">Lucio y Diana reciben orden de aprehensi\u00f3n<\/figcaption><\/figure>\n\n\n\n<h2 class=\"wp-block-heading\" id=\"h-bebe-abandonado-en-tultitlan-se-esta-recuperando\">Beb\u00e9 abandonado en Tultitl\u00e1n se est\u00e1 recuperando<\/h2>\n\n\n\n<p><strong>Fue el 11 de febrero cuando el beb\u00e9 fue abandonado en calles de Tultitl\u00e1n, en la colonia Fuentes del Valle, lo cual qued\u00f3 registrado en video<\/strong>. Por fortuna el beb\u00e9 fue rescatado a tiempo y se recupera favorablemente en el&nbsp;<strong>Hospital Regional de Alta Especialidad \u201cBicentenario de la Independencia<\/strong>\u201c.<\/p>\n\n\n\n<p>El ISSSTE se\u00f1ala en una Tarjeta Informativa que el menor se mantiene con signos vitales estables y en buenas condiciones f\u00edsicas. A\u00fan no se determina si ser\u00eda llevado al DIF una vez que sea dado de alta o quedar\u00e1 bajo custodia de alg\u00fan familiar.<\/p>\n\n\n\n<figure class=\"wp-block-image\"><img decoding=\"async\" src=\"data:image\/gif;base64,R0lGODlhAQABAAAAACH5BAEKAAEALAAAAAABAAEAAAICTAEAOw==\" data-src=\"https:\/\/www.sopitas.com\/wp-content\/uploads\/2025\/02\/bebe-abandonado-tultitlan-1.jpeg?resize=1024,1024\" alt=\"Dan orden de aprehensi\u00f3n a padre y madre de beb\u00e9 abandonado en Tultitl\u00e1n\" class=\"wp-image-1786086 lazyload\"\/><figcaption class=\"wp-element-caption\">Beb\u00e9 abandonado en Tultitl\u00e1n se est\u00e1 recuperando<\/figcaption><\/figure>\n","protected":false},"excerpt":{"rendered":"<p>El caso del&nbsp;beb\u00e9 abandonado en Tultitl\u00e1n&nbsp;ha sacudido al pa\u00eds entero. Ya te platicamos sobre esta lamentable historia&nbsp;por ac\u00e1, pero surge nueva informaci\u00f3n, pues&nbsp;tanto Lucio como Diana, padre y madre del peque\u00f1o, recibieron \u00f3rdenes de aprehensi\u00f3n por tentativa de homicidio. Orden de aprehensi\u00f3n por tentativa de homicidio a padres del beb\u00e9 abandonado en Tultitl\u00e1n Fue la [&hellip;]<\/p>\n","protected":false},"author":1,"featured_media":23857,"comment_status":"closed","ping_status":"closed","sticky":false,"template":"","format":"aside","meta":{"googlesitekit_rrm_CAowytPeCw:productID":"","footnotes":""},"categories":[3],"tags":[8921],"class_list":["post-23856","post","type-post","status-publish","format-aside","has-post-thumbnail","hentry","category-nacional","tag-bebe-abandonado","post_format-post-format-aside"],"yoast_head":"<!-- This site is optimized with the Yoast SEO plugin v27.4 - https:\/\/yoast.com\/product\/yoast-seo-wordpress\/ -->\n<title>Padres de beb\u00e9 abandonado en Tultitl\u00e1n son detenidos por tentativa de homicidio |<\/title>\n<meta name=\"robots\" content=\"index, follow, max-snippet:-1, max-image-preview:large, max-video-preview:-1\" \/>\n<link rel=\"canonical\" href=\"https:\/\/conexionnacional.mx\/index.php\/2025\/02\/17\/padres-de-bebe-abandonado-en-tultitlan-son-detenidos-por-tentativa-de-homicidio\/\" \/>\n<meta property=\"og:locale\" content=\"es_MX\" \/>\n<meta property=\"og:type\" content=\"article\" \/>\n<meta property=\"og:title\" content=\"Padres de beb\u00e9 abandonado en Tultitl\u00e1n son detenidos por tentativa de homicidio |\" \/>\n<meta property=\"og:description\" content=\"El caso del&nbsp;beb\u00e9 abandonado en Tultitl\u00e1n&nbsp;ha sacudido al pa\u00eds entero. Ya te platicamos sobre esta lamentable historia&nbsp;por ac\u00e1, pero surge nueva informaci\u00f3n, pues&nbsp;tanto Lucio como Diana, padre y madre del peque\u00f1o, recibieron \u00f3rdenes de aprehensi\u00f3n por tentativa de homicidio. Orden de aprehensi\u00f3n por tentativa de homicidio a padres del beb\u00e9 abandonado en Tultitl\u00e1n Fue la [&hellip;]\" \/>\n<meta property=\"og:url\" content=\"https:\/\/conexionnacional.mx\/index.php\/2025\/02\/17\/padres-de-bebe-abandonado-en-tultitlan-son-detenidos-por-tentativa-de-homicidio\/\" \/>\n<meta property=\"og:site_name\" content=\"Conexi\u00f3n Nacional\" \/>\n<meta property=\"article:publisher\" content=\"https:\/\/www.facebook.com\/cnmxradio\" \/>\n<meta property=\"article:published_time\" content=\"2025-02-17T15:54:56+00:00\" \/>\n<meta property=\"article:modified_time\" content=\"2025-02-17T15:54:58+00:00\" \/>\n<meta property=\"og:image\" content=\"https:\/\/conexionnacional.mx\/wp-content\/uploads\/2025\/02\/bebe-abandonado-tultitlan-padres.jpg\" \/>\n\t<meta property=\"og:image:width\" content=\"1120\" \/>\n\t<meta property=\"og:image:height\" content=\"581\" \/>\n\t<meta property=\"og:image:type\" content=\"image\/jpeg\" \/>\n<meta name=\"author\" content=\"Conexi\u00f3n Nacional\" \/>\n<meta name=\"twitter:card\" content=\"summary_large_image\" \/>\n<meta name=\"twitter:label1\" content=\"Escrito por\" \/>\n\t<meta name=\"twitter:data1\" content=\"Conexi\u00f3n Nacional\" \/>\n\t<meta name=\"twitter:label2\" content=\"Tiempo de lectura\" \/>\n\t<meta name=\"twitter:data2\" content=\"3 minutos\" \/>\n<script type=\"application\/ld+json\" class=\"yoast-schema-graph\">{\"@context\":\"https:\\\/\\\/schema.org\",\"@graph\":[{\"@type\":\"Article\",\"@id\":\"https:\\\/\\\/conexionnacional.mx\\\/index.php\\\/2025\\\/02\\\/17\\\/padres-de-bebe-abandonado-en-tultitlan-son-detenidos-por-tentativa-de-homicidio\\\/#article\",\"isPartOf\":{\"@id\":\"https:\\\/\\\/conexionnacional.mx\\\/index.php\\\/2025\\\/02\\\/17\\\/padres-de-bebe-abandonado-en-tultitlan-son-detenidos-por-tentativa-de-homicidio\\\/\"},\"author\":{\"name\":\"Conexi\u00f3n Nacional\",\"@id\":\"https:\\\/\\\/conexionnacional.mx\\\/#\\\/schema\\\/person\\\/dd14aeda902120f5e0e021903fdb6931\"},\"headline\":\"Padres de beb\u00e9 abandonado en Tultitl\u00e1n son detenidos por tentativa de homicidio\",\"datePublished\":\"2025-02-17T15:54:56+00:00\",\"dateModified\":\"2025-02-17T15:54:58+00:00\",\"mainEntityOfPage\":{\"@id\":\"https:\\\/\\\/conexionnacional.mx\\\/index.php\\\/2025\\\/02\\\/17\\\/padres-de-bebe-abandonado-en-tultitlan-son-detenidos-por-tentativa-de-homicidio\\\/\"},\"wordCount\":383,\"publisher\":{\"@id\":\"https:\\\/\\\/conexionnacional.mx\\\/#organization\"},\"image\":{\"@id\":\"https:\\\/\\\/conexionnacional.mx\\\/index.php\\\/2025\\\/02\\\/17\\\/padres-de-bebe-abandonado-en-tultitlan-son-detenidos-por-tentativa-de-homicidio\\\/#primaryimage\"},\"thumbnailUrl\":\"https:\\\/\\\/conexionnacional.mx\\\/wp-content\\\/uploads\\\/2025\\\/02\\\/bebe-abandonado-tultitlan-padres.jpg\",\"keywords\":[\"beb\u00e9 abandonado\"],\"articleSection\":[\"Nacional\"],\"inLanguage\":\"es\"},{\"@type\":\"WebPage\",\"@id\":\"https:\\\/\\\/conexionnacional.mx\\\/index.php\\\/2025\\\/02\\\/17\\\/padres-de-bebe-abandonado-en-tultitlan-son-detenidos-por-tentativa-de-homicidio\\\/\",\"url\":\"https:\\\/\\\/conexionnacional.mx\\\/index.php\\\/2025\\\/02\\\/17\\\/padres-de-bebe-abandonado-en-tultitlan-son-detenidos-por-tentativa-de-homicidio\\\/\",\"name\":\"Padres de beb\u00e9 abandonado en Tultitl\u00e1n son detenidos por tentativa de homicidio |\",\"isPartOf\":{\"@id\":\"https:\\\/\\\/conexionnacional.mx\\\/#website\"},\"primaryImageOfPage\":{\"@id\":\"https:\\\/\\\/conexionnacional.mx\\\/index.php\\\/2025\\\/02\\\/17\\\/padres-de-bebe-abandonado-en-tultitlan-son-detenidos-por-tentativa-de-homicidio\\\/#primaryimage\"},\"image\":{\"@id\":\"https:\\\/\\\/conexionnacional.mx\\\/index.php\\\/2025\\\/02\\\/17\\\/padres-de-bebe-abandonado-en-tultitlan-son-detenidos-por-tentativa-de-homicidio\\\/#primaryimage\"},\"thumbnailUrl\":\"https:\\\/\\\/conexionnacional.mx\\\/wp-content\\\/uploads\\\/2025\\\/02\\\/bebe-abandonado-tultitlan-padres.jpg\",\"datePublished\":\"2025-02-17T15:54:56+00:00\",\"dateModified\":\"2025-02-17T15:54:58+00:00\",\"breadcrumb\":{\"@id\":\"https:\\\/\\\/conexionnacional.mx\\\/index.php\\\/2025\\\/02\\\/17\\\/padres-de-bebe-abandonado-en-tultitlan-son-detenidos-por-tentativa-de-homicidio\\\/#breadcrumb\"},\"inLanguage\":\"es\",\"potentialAction\":[{\"@type\":\"ReadAction\",\"target\":[\"https:\\\/\\\/conexionnacional.mx\\\/index.php\\\/2025\\\/02\\\/17\\\/padres-de-bebe-abandonado-en-tultitlan-son-detenidos-por-tentativa-de-homicidio\\\/\"]}]},{\"@type\":\"ImageObject\",\"inLanguage\":\"es\",\"@id\":\"https:\\\/\\\/conexionnacional.mx\\\/index.php\\\/2025\\\/02\\\/17\\\/padres-de-bebe-abandonado-en-tultitlan-son-detenidos-por-tentativa-de-homicidio\\\/#primaryimage\",\"url\":\"https:\\\/\\\/conexionnacional.mx\\\/wp-content\\\/uploads\\\/2025\\\/02\\\/bebe-abandonado-tultitlan-padres.jpg\",\"contentUrl\":\"https:\\\/\\\/conexionnacional.mx\\\/wp-content\\\/uploads\\\/2025\\\/02\\\/bebe-abandonado-tultitlan-padres.jpg\",\"width\":1120,\"height\":581},{\"@type\":\"BreadcrumbList\",\"@id\":\"https:\\\/\\\/conexionnacional.mx\\\/index.php\\\/2025\\\/02\\\/17\\\/padres-de-bebe-abandonado-en-tultitlan-son-detenidos-por-tentativa-de-homicidio\\\/#breadcrumb\",\"itemListElement\":[{\"@type\":\"ListItem\",\"position\":1,\"name\":\"Inicio\",\"item\":\"https:\\\/\\\/conexionnacional.mx\\\/\"},{\"@type\":\"ListItem\",\"position\":2,\"name\":\"Padres de beb\u00e9 abandonado en Tultitl\u00e1n son detenidos por tentativa de homicidio\"}]},{\"@type\":\"WebSite\",\"@id\":\"https:\\\/\\\/conexionnacional.mx\\\/#website\",\"url\":\"https:\\\/\\\/conexionnacional.mx\\\/\",\"name\":\"Conexi\u00f3n Nacional\",\"description\":\"Noticias al momento\",\"publisher\":{\"@id\":\"https:\\\/\\\/conexionnacional.mx\\\/#organization\"},\"alternateName\":\"Noticias nacionales\",\"potentialAction\":[{\"@type\":\"SearchAction\",\"target\":{\"@type\":\"EntryPoint\",\"urlTemplate\":\"https:\\\/\\\/conexionnacional.mx\\\/?s={search_term_string}\"},\"query-input\":{\"@type\":\"PropertyValueSpecification\",\"valueRequired\":true,\"valueName\":\"search_term_string\"}}],\"inLanguage\":\"es\"},{\"@type\":\"Organization\",\"@id\":\"https:\\\/\\\/conexionnacional.mx\\\/#organization\",\"name\":\"Conexi\u00f3n Nacional\",\"url\":\"https:\\\/\\\/conexionnacional.mx\\\/\",\"logo\":{\"@type\":\"ImageObject\",\"inLanguage\":\"es\",\"@id\":\"https:\\\/\\\/conexionnacional.mx\\\/#\\\/schema\\\/logo\\\/image\\\/\",\"url\":\"https:\\\/\\\/conexionnacional.mx\\\/wp-content\\\/uploads\\\/2022\\\/09\\\/conexion_nacional.png\",\"contentUrl\":\"https:\\\/\\\/conexionnacional.mx\\\/wp-content\\\/uploads\\\/2022\\\/09\\\/conexion_nacional.png\",\"width\":2964,\"height\":1173,\"caption\":\"Conexi\u00f3n Nacional\"},\"image\":{\"@id\":\"https:\\\/\\\/conexionnacional.mx\\\/#\\\/schema\\\/logo\\\/image\\\/\"},\"sameAs\":[\"https:\\\/\\\/www.facebook.com\\\/cnmxradio\"]},{\"@type\":\"Person\",\"@id\":\"https:\\\/\\\/conexionnacional.mx\\\/#\\\/schema\\\/person\\\/dd14aeda902120f5e0e021903fdb6931\",\"name\":\"Conexi\u00f3n Nacional\",\"image\":{\"@type\":\"ImageObject\",\"inLanguage\":\"es\",\"@id\":\"https:\\\/\\\/secure.gravatar.com\\\/avatar\\\/e523100f284110b2ecca7e17b2be9cf140a5e8f35294c9ec0543e6916cc1f9be?s=96&d=blank&r=g\",\"url\":\"https:\\\/\\\/secure.gravatar.com\\\/avatar\\\/e523100f284110b2ecca7e17b2be9cf140a5e8f35294c9ec0543e6916cc1f9be?s=96&d=blank&r=g\",\"contentUrl\":\"https:\\\/\\\/secure.gravatar.com\\\/avatar\\\/e523100f284110b2ecca7e17b2be9cf140a5e8f35294c9ec0543e6916cc1f9be?s=96&d=blank&r=g\",\"caption\":\"Conexi\u00f3n Nacional\"},\"sameAs\":[\"https:\\\/\\\/conexionnacional.mx\"],\"url\":\"https:\\\/\\\/conexionnacional.mx\\\/index.php\\\/author\\\/administrador\\\/\"}]}<\/script>\n<!-- \/ Yoast SEO plugin. -->","yoast_head_json":{"title":"Padres de beb\u00e9 abandonado en Tultitl\u00e1n son detenidos por tentativa de homicidio |","robots":{"index":"index","follow":"follow","max-snippet":"max-snippet:-1","max-image-preview":"max-image-preview:large","max-video-preview":"max-video-preview:-1"},"canonical":"https:\/\/conexionnacional.mx\/index.php\/2025\/02\/17\/padres-de-bebe-abandonado-en-tultitlan-son-detenidos-por-tentativa-de-homicidio\/","og_locale":"es_MX","og_type":"article","og_title":"Padres de beb\u00e9 abandonado en Tultitl\u00e1n son detenidos por tentativa de homicidio |","og_description":"El caso del&nbsp;beb\u00e9 abandonado en Tultitl\u00e1n&nbsp;ha sacudido al pa\u00eds entero. Ya te platicamos sobre esta lamentable historia&nbsp;por ac\u00e1, pero surge nueva informaci\u00f3n, pues&nbsp;tanto Lucio como Diana, padre y madre del peque\u00f1o, recibieron \u00f3rdenes de aprehensi\u00f3n por tentativa de homicidio. Orden de aprehensi\u00f3n por tentativa de homicidio a padres del beb\u00e9 abandonado en Tultitl\u00e1n Fue la [&hellip;]","og_url":"https:\/\/conexionnacional.mx\/index.php\/2025\/02\/17\/padres-de-bebe-abandonado-en-tultitlan-son-detenidos-por-tentativa-de-homicidio\/","og_site_name":"Conexi\u00f3n Nacional","article_publisher":"https:\/\/www.facebook.com\/cnmxradio","article_published_time":"2025-02-17T15:54:56+00:00","article_modified_time":"2025-02-17T15:54:58+00:00","og_image":[{"width":1120,"height":581,"url":"https:\/\/conexionnacional.mx\/wp-content\/uploads\/2025\/02\/bebe-abandonado-tultitlan-padres.jpg","type":"image\/jpeg"}],"author":"Conexi\u00f3n Nacional","twitter_card":"summary_large_image","twitter_misc":{"Escrito por":"Conexi\u00f3n Nacional","Tiempo de lectura":"3 minutos"},"schema":{"@context":"https:\/\/schema.org","@graph":[{"@type":"Article","@id":"https:\/\/conexionnacional.mx\/index.php\/2025\/02\/17\/padres-de-bebe-abandonado-en-tultitlan-son-detenidos-por-tentativa-de-homicidio\/#article","isPartOf":{"@id":"https:\/\/conexionnacional.mx\/index.php\/2025\/02\/17\/padres-de-bebe-abandonado-en-tultitlan-son-detenidos-por-tentativa-de-homicidio\/"},"author":{"name":"Conexi\u00f3n Nacional","@id":"https:\/\/conexionnacional.mx\/#\/schema\/person\/dd14aeda902120f5e0e021903fdb6931"},"headline":"Padres de beb\u00e9 abandonado en Tultitl\u00e1n son detenidos por tentativa de homicidio","datePublished":"2025-02-17T15:54:56+00:00","dateModified":"2025-02-17T15:54:58+00:00","mainEntityOfPage":{"@id":"https:\/\/conexionnacional.mx\/index.php\/2025\/02\/17\/padres-de-bebe-abandonado-en-tultitlan-son-detenidos-por-tentativa-de-homicidio\/"},"wordCount":383,"publisher":{"@id":"https:\/\/conexionnacional.mx\/#organization"},"image":{"@id":"https:\/\/conexionnacional.mx\/index.php\/2025\/02\/17\/padres-de-bebe-abandonado-en-tultitlan-son-detenidos-por-tentativa-de-homicidio\/#primaryimage"},"thumbnailUrl":"https:\/\/conexionnacional.mx\/wp-content\/uploads\/2025\/02\/bebe-abandonado-tultitlan-padres.jpg","keywords":["beb\u00e9 abandonado"],"articleSection":["Nacional"],"inLanguage":"es"},{"@type":"WebPage","@id":"https:\/\/conexionnacional.mx\/index.php\/2025\/02\/17\/padres-de-bebe-abandonado-en-tultitlan-son-detenidos-por-tentativa-de-homicidio\/","url":"https:\/\/conexionnacional.mx\/index.php\/2025\/02\/17\/padres-de-bebe-abandonado-en-tultitlan-son-detenidos-por-tentativa-de-homicidio\/","name":"Padres de beb\u00e9 abandonado en Tultitl\u00e1n son detenidos por tentativa de homicidio |","isPartOf":{"@id":"https:\/\/conexionnacional.mx\/#website"},"primaryImageOfPage":{"@id":"https:\/\/conexionnacional.mx\/index.php\/2025\/02\/17\/padres-de-bebe-abandonado-en-tultitlan-son-detenidos-por-tentativa-de-homicidio\/#primaryimage"},"image":{"@id":"https:\/\/conexionnacional.mx\/index.php\/2025\/02\/17\/padres-de-bebe-abandonado-en-tultitlan-son-detenidos-por-tentativa-de-homicidio\/#primaryimage"},"thumbnailUrl":"https:\/\/conexionnacional.mx\/wp-content\/uploads\/2025\/02\/bebe-abandonado-tultitlan-padres.jpg","datePublished":"2025-02-17T15:54:56+00:00","dateModified":"2025-02-17T15:54:58+00:00","breadcrumb":{"@id":"https:\/\/conexionnacional.mx\/index.php\/2025\/02\/17\/padres-de-bebe-abandonado-en-tultitlan-son-detenidos-por-tentativa-de-homicidio\/#breadcrumb"},"inLanguage":"es","potentialAction":[{"@type":"ReadAction","target":["https:\/\/conexionnacional.mx\/index.php\/2025\/02\/17\/padres-de-bebe-abandonado-en-tultitlan-son-detenidos-por-tentativa-de-homicidio\/"]}]},{"@type":"ImageObject","inLanguage":"es","@id":"https:\/\/conexionnacional.mx\/index.php\/2025\/02\/17\/padres-de-bebe-abandonado-en-tultitlan-son-detenidos-por-tentativa-de-homicidio\/#primaryimage","url":"https:\/\/conexionnacional.mx\/wp-content\/uploads\/2025\/02\/bebe-abandonado-tultitlan-padres.jpg","contentUrl":"https:\/\/conexionnacional.mx\/wp-content\/uploads\/2025\/02\/bebe-abandonado-tultitlan-padres.jpg","width":1120,"height":581},{"@type":"BreadcrumbList","@id":"https:\/\/conexionnacional.mx\/index.php\/2025\/02\/17\/padres-de-bebe-abandonado-en-tultitlan-son-detenidos-por-tentativa-de-homicidio\/#breadcrumb","itemListElement":[{"@type":"ListItem","position":1,"name":"Inicio","item":"https:\/\/conexionnacional.mx\/"},{"@type":"ListItem","position":2,"name":"Padres de beb\u00e9 abandonado en Tultitl\u00e1n son detenidos por tentativa de homicidio"}]},{"@type":"WebSite","@id":"https:\/\/conexionnacional.mx\/#website","url":"https:\/\/conexionnacional.mx\/","name":"Conexi\u00f3n Nacional","description":"Noticias al momento","publisher":{"@id":"https:\/\/conexionnacional.mx\/#organization"},"alternateName":"Noticias nacionales","potentialAction":[{"@type":"SearchAction","target":{"@type":"EntryPoint","urlTemplate":"https:\/\/conexionnacional.mx\/?s={search_term_string}"},"query-input":{"@type":"PropertyValueSpecification","valueRequired":true,"valueName":"search_term_string"}}],"inLanguage":"es"},{"@type":"Organization","@id":"https:\/\/conexionnacional.mx\/#organization","name":"Conexi\u00f3n Nacional","url":"https:\/\/conexionnacional.mx\/","logo":{"@type":"ImageObject","inLanguage":"es","@id":"https:\/\/conexionnacional.mx\/#\/schema\/logo\/image\/","url":"https:\/\/conexionnacional.mx\/wp-content\/uploads\/2022\/09\/conexion_nacional.png","contentUrl":"https:\/\/conexionnacional.mx\/wp-content\/uploads\/2022\/09\/conexion_nacional.png","width":2964,"height":1173,"caption":"Conexi\u00f3n Nacional"},"image":{"@id":"https:\/\/conexionnacional.mx\/#\/schema\/logo\/image\/"},"sameAs":["https:\/\/www.facebook.com\/cnmxradio"]},{"@type":"Person","@id":"https:\/\/conexionnacional.mx\/#\/schema\/person\/dd14aeda902120f5e0e021903fdb6931","name":"Conexi\u00f3n Nacional","image":{"@type":"ImageObject","inLanguage":"es","@id":"https:\/\/secure.gravatar.com\/avatar\/e523100f284110b2ecca7e17b2be9cf140a5e8f35294c9ec0543e6916cc1f9be?s=96&d=blank&r=g","url":"https:\/\/secure.gravatar.com\/avatar\/e523100f284110b2ecca7e17b2be9cf140a5e8f35294c9ec0543e6916cc1f9be?s=96&d=blank&r=g","contentUrl":"https:\/\/secure.gravatar.com\/avatar\/e523100f284110b2ecca7e17b2be9cf140a5e8f35294c9ec0543e6916cc1f9be?s=96&d=blank&r=g","caption":"Conexi\u00f3n Nacional"},"sameAs":["https:\/\/conexionnacional.mx"],"url":"https:\/\/conexionnacional.mx\/index.php\/author\/administrador\/"}]}},"_links":{"self":[{"href":"https:\/\/conexionnacional.mx\/index.php\/wp-json\/wp\/v2\/posts\/23856","targetHints":{"allow":["GET"]}}],"collection":[{"href":"https:\/\/conexionnacional.mx\/index.php\/wp-json\/wp\/v2\/posts"}],"about":[{"href":"https:\/\/conexionnacional.mx\/index.php\/wp-json\/wp\/v2\/types\/post"}],"author":[{"embeddable":true,"href":"https:\/\/conexionnacional.mx\/index.php\/wp-json\/wp\/v2\/users\/1"}],"replies":[{"embeddable":true,"href":"https:\/\/conexionnacional.mx\/index.php\/wp-json\/wp\/v2\/comments?post=23856"}],"version-history":[{"count":1,"href":"https:\/\/conexionnacional.mx\/index.php\/wp-json\/wp\/v2\/posts\/23856\/revisions"}],"predecessor-version":[{"id":23858,"href":"https:\/\/conexionnacional.mx\/index.php\/wp-json\/wp\/v2\/posts\/23856\/revisions\/23858"}],"wp:featuredmedia":[{"embeddable":true,"href":"https:\/\/conexionnacional.mx\/index.php\/wp-json\/wp\/v2\/media\/23857"}],"wp:attachment":[{"href":"https:\/\/conexionnacional.mx\/index.php\/wp-json\/wp\/v2\/media?parent=23856"}],"wp:term":[{"taxonomy":"category","embeddable":true,"href":"https:\/\/conexionnacional.mx\/index.php\/wp-json\/wp\/v2\/categories?post=23856"},{"taxonomy":"post_tag","embeddable":true,"href":"https:\/\/conexionnacional.mx\/index.php\/wp-json\/wp\/v2\/tags?post=23856"}],"curies":[{"name":"wp","href":"https:\/\/api.w.org\/{rel}","templated":true}]}}