{"id":23853,"date":"2025-02-17T09:45:52","date_gmt":"2025-02-17T15:45:52","guid":{"rendered":"https:\/\/conexionnacional.mx\/?p=23853"},"modified":"2025-02-17T09:45:54","modified_gmt":"2025-02-17T15:45:54","slug":"bloqueos-de-transportistas-consulta-aqui-las-alternativas-viales-para-hoy-17-de-febrero-en-cdmx-y-edomex","status":"publish","type":"post","link":"https:\/\/conexionnacional.mx\/index.php\/2025\/02\/17\/bloqueos-de-transportistas-consulta-aqui-las-alternativas-viales-para-hoy-17-de-febrero-en-cdmx-y-edomex\/","title":{"rendered":"Bloqueos de transportistas; consulta aqu\u00ed las alternativas viales para hoy, 17 de febrero en CDMX y Edomex"},"content":{"rendered":"\n<p>Para el\u00a0<strong>lunes 17 de febrero<\/strong>\u00a0se prev\u00e9 un\u00a0bloqueo\u00a0de\u00a0<strong>autopistas<\/strong>\u00a0y\u00a0<strong>vialidades<\/strong>\u00a0que afectar\u00e1 la circulaci\u00f3n en el\u00a0Estado de M\u00e9xico\u00a0y la\u00a0Ciudad de M\u00e9xico<strong>,<\/strong>\u00a0el cu\u00e1l es convocado por integrantes de la\u00a0<strong>Uni\u00f3n de Transportistas, Comerciantes y Empresarios de la Rep\u00fablica Mexicana.<\/strong><\/p>\n\n\n\n<p>La&nbsp;<strong>marcha iniciar\u00e1 a partir de las 08:00 horas&nbsp;<\/strong>de diferentes puntos de la metr\u00f3poli&nbsp;<strong>hacia el Z\u00f3calo de la Ciudad de M\u00e9xico<\/strong>, con el fin de&nbsp;<strong>levantar la voz en contra de los abusos que afectan a los comerciantes, transportistas y empresarios,<\/strong>&nbsp;as\u00ed como para&nbsp;<strong>exigir mayor seguridad<\/strong>&nbsp;y un&nbsp;<strong>alto a las extorsiones<\/strong>.<\/p>\n\n\n\n<h2 class=\"wp-block-heading\">Cierres viales<\/h2>\n\n\n\n<p><strong>Los cierres est\u00e1n programados para las 8:00 de la ma\u00f1ana en:<\/strong><\/p>\n\n\n\n<ul class=\"wp-block-list\">\n<li>Entradas a los Aeropuertos de la CDMX y AIFA<\/li>\n\n\n\n<li>Perif\u00e9rico Norte en diferentes puntos<\/li>\n\n\n\n<li>Autopista Circuito Exterior Mexiquense<\/li>\n\n\n\n<li>Autopista M\u00e9xico-Pachuca.<\/li>\n\n\n\n<li>Autopista M\u00e9xico-Quer\u00e9taro.<\/li>\n\n\n\n<li>Autopista M\u00e9xico-Puebla.<\/li>\n\n\n\n<li>Autopista M\u00e9xico -Texcoco.<\/li>\n\n\n\n<li>Autopista M\u00e9xico-Toluca y Av. Tollocan.<\/li>\n\n\n\n<li>Carretera Texcoco-Lecher\u00eda .<\/li>\n\n\n\n<li>Av. Adolfo L\u00f3pez Mateos- Atizap\u00e1n.<\/li>\n\n\n\n<li>Av. Central -Ecatepec.<\/li>\n\n\n\n<li>Av. Gustavo Baz-Naucalpan.<\/li>\n\n\n\n<li>Av. Chimalhuac\u00e1n.<\/li>\n<\/ul>\n\n\n\n<h2 class=\"wp-block-heading\">Puntos de reuni\u00f3n de la marcha<\/h2>\n\n\n\n<p>La marcha est\u00e1 convocada en cinco puntos de reuni\u00f3n:<\/p>\n\n\n\n<ul class=\"wp-block-list\">\n<li>Puente de Fierro San Crist\u00f3bal, en direcci\u00f3n a la Carretera M\u00e9xico-Pachuca, con destino a CDMX.<\/li>\n\n\n\n<li>Caseta M\u00e9xico-Quer\u00e9taro a la altura de Tepotzotl\u00e1n.<\/li>\n\n\n\n<li>Caseta M\u00e9xico-Cuernavaca en direcci\u00f3n CDMX.<\/li>\n\n\n\n<li>Caseta Ignacio Zaragoza en Cabeza de Ju\u00e1rez.<\/li>\n\n\n\n<li>Caseta La Marquesa, M\u00e9xico-Toluca, direcci\u00f3n CDMX.<\/li>\n<\/ul>\n\n\n\n<h2 class=\"wp-block-heading\">\u00bfCu\u00e1les son las rutas alternas?<\/h2>\n\n\n\n<p>Aqu\u00ed te decimos cu\u00e1les ser\u00e1n las&nbsp;<a href=\"https:\/\/www.eluniversaledomex.com.mx\/seguridad\/operativo-pasajero-seguro-en-edomex-refuerzan-seguridad-en-transporte-publico\/\">alternativas viales<\/a>&nbsp;para evitar ser afectado por los bloqueos.<\/p>\n\n\n\n<h2 class=\"wp-block-heading\">1- V\u00eda Morelos y 1ro de mayo<\/h2>\n\n\n\n<ul class=\"wp-block-list\">\n<li>Av. Central<\/li>\n\n\n\n<li>Autopista Sirvo de la Naci\u00f3n<\/li>\n\n\n\n<li>V\u00eda Morelos, (Tramo Libreado)<\/li>\n\n\n\n<li>Calzada de la Viga<\/li>\n\n\n\n<li>Lic. \u00c1ngel Otero<\/li>\n\n\n\n<li>Circuito Exterior Mexiquense<\/li>\n<\/ul>\n\n\n\n<h2 class=\"wp-block-heading\">2- Av. Nacional y Av. Central<\/h2>\n\n\n\n<ul class=\"wp-block-list\">\n<li>Lecher\u00eda Texcoco.<\/li>\n\n\n\n<li>Av. Central.<\/li>\n\n\n\n<li>Autopista Sirvo de la Naci\u00f3n<\/li>\n\n\n\n<li>Circuito Exterior Mexiquense<\/li>\n\n\n\n<li>Av. de las palomas<\/li>\n<\/ul>\n\n\n\n<h2 class=\"wp-block-heading\">Metr\u00f3poli08:54 AM<\/h2>\n\n\n\n<h2 class=\"wp-block-heading\">Concentraci\u00f3n de transportistas paraliza la M\u00e9xico-Quer\u00e9taro en Tepotzotl\u00e1n<\/h2>\n\n\n\n<p>Cerca de 200 transportistas se concentraron esta ma\u00f1ana en la caseta de cobro de la autopista M\u00e9xico-Quer\u00e9taro en Tepotzotl\u00e1n.<br><br>Los transportistas, integrantes de la \u201cAAA\u201d Alianza de Autotransportistas Aut\u00f3nomos, obstruyen carriles laterales y centrales de la autopista M\u00e9xico Quer\u00e9taro, dejan libre s\u00f3lo un espacio para la circulaci\u00f3n que ya est\u00e1 paralizada a lo largo de varios kil\u00f3metros antes de llegar a la caseta de Tepotzotl\u00e1n con direcci\u00f3n a la Ciudad de M\u00e9xico.<br><br>\u201cPiperos de Coyotepec unidos contra la extorsi\u00f3n\u201d, \u201cComerciantes Unidos de Cuautitl\u00e1n Izcalli vs la extorsi\u00f3n\u201d y \u201cFuera Fiscal\u00eda por abusos\u201d, son algunas de las consignas de los transportistas y comerciantes de esta regi\u00f3n mexiquense.<\/p>\n","protected":false},"excerpt":{"rendered":"<p>Para el\u00a0lunes 17 de febrero\u00a0se prev\u00e9 un\u00a0bloqueo\u00a0de\u00a0autopistas\u00a0y\u00a0vialidades\u00a0que afectar\u00e1 la circulaci\u00f3n en el\u00a0Estado de M\u00e9xico\u00a0y la\u00a0Ciudad de M\u00e9xico,\u00a0el cu\u00e1l es convocado por integrantes de la\u00a0Uni\u00f3n de Transportistas, Comerciantes y Empresarios de la Rep\u00fablica Mexicana. La&nbsp;marcha iniciar\u00e1 a partir de las 08:00 horas&nbsp;de diferentes puntos de la metr\u00f3poli&nbsp;hacia el Z\u00f3calo de la Ciudad de M\u00e9xico, con el [&hellip;]<\/p>\n","protected":false},"author":1,"featured_media":23854,"comment_status":"closed","ping_status":"closed","sticky":false,"template":"","format":"aside","meta":{"googlesitekit_rrm_CAowytPeCw:productID":"","footnotes":""},"categories":[3],"tags":[2530],"class_list":["post-23853","post","type-post","status-publish","format-aside","has-post-thumbnail","hentry","category-nacional","tag-transportistas","post_format-post-format-aside"],"yoast_head":"<!-- This site is optimized with the Yoast SEO plugin v27.4 - https:\/\/yoast.com\/product\/yoast-seo-wordpress\/ -->\n<title>Bloqueos de transportistas; consulta aqu\u00ed las alternativas viales para hoy, 17 de febrero en CDMX y Edomex |<\/title>\n<meta name=\"robots\" content=\"index, follow, max-snippet:-1, max-image-preview:large, max-video-preview:-1\" \/>\n<link rel=\"canonical\" href=\"https:\/\/conexionnacional.mx\/index.php\/2025\/02\/17\/bloqueos-de-transportistas-consulta-aqui-las-alternativas-viales-para-hoy-17-de-febrero-en-cdmx-y-edomex\/\" \/>\n<meta property=\"og:locale\" content=\"es_MX\" \/>\n<meta property=\"og:type\" content=\"article\" \/>\n<meta property=\"og:title\" content=\"Bloqueos de transportistas; consulta aqu\u00ed las alternativas viales para hoy, 17 de febrero en CDMX y Edomex |\" \/>\n<meta property=\"og:description\" content=\"Para el\u00a0lunes 17 de febrero\u00a0se prev\u00e9 un\u00a0bloqueo\u00a0de\u00a0autopistas\u00a0y\u00a0vialidades\u00a0que afectar\u00e1 la circulaci\u00f3n en el\u00a0Estado de M\u00e9xico\u00a0y la\u00a0Ciudad de M\u00e9xico,\u00a0el cu\u00e1l es convocado por integrantes de la\u00a0Uni\u00f3n de Transportistas, Comerciantes y Empresarios de la Rep\u00fablica Mexicana. La&nbsp;marcha iniciar\u00e1 a partir de las 08:00 horas&nbsp;de diferentes puntos de la metr\u00f3poli&nbsp;hacia el Z\u00f3calo de la Ciudad de M\u00e9xico, con el [&hellip;]\" \/>\n<meta property=\"og:url\" content=\"https:\/\/conexionnacional.mx\/index.php\/2025\/02\/17\/bloqueos-de-transportistas-consulta-aqui-las-alternativas-viales-para-hoy-17-de-febrero-en-cdmx-y-edomex\/\" \/>\n<meta property=\"og:site_name\" content=\"Conexi\u00f3n Nacional\" \/>\n<meta property=\"article:publisher\" content=\"https:\/\/www.facebook.com\/cnmxradio\" \/>\n<meta property=\"article:published_time\" content=\"2025-02-17T15:45:52+00:00\" \/>\n<meta property=\"article:modified_time\" content=\"2025-02-17T15:45:54+00:00\" \/>\n<meta property=\"og:image\" content=\"https:\/\/conexionnacional.mx\/wp-content\/uploads\/2025\/02\/KDQEONNHY5GNXF3ZWWEAWDVUFU.jpg\" \/>\n\t<meta property=\"og:image:width\" content=\"1100\" \/>\n\t<meta property=\"og:image:height\" content=\"666\" \/>\n\t<meta property=\"og:image:type\" content=\"image\/jpeg\" \/>\n<meta name=\"author\" content=\"Conexi\u00f3n Nacional\" \/>\n<meta name=\"twitter:card\" content=\"summary_large_image\" \/>\n<meta name=\"twitter:label1\" content=\"Escrito por\" \/>\n\t<meta name=\"twitter:data1\" content=\"Conexi\u00f3n Nacional\" \/>\n\t<meta name=\"twitter:label2\" content=\"Tiempo de lectura\" \/>\n\t<meta name=\"twitter:data2\" content=\"3 minutos\" \/>\n<script type=\"application\/ld+json\" class=\"yoast-schema-graph\">{\"@context\":\"https:\\\/\\\/schema.org\",\"@graph\":[{\"@type\":\"Article\",\"@id\":\"https:\\\/\\\/conexionnacional.mx\\\/index.php\\\/2025\\\/02\\\/17\\\/bloqueos-de-transportistas-consulta-aqui-las-alternativas-viales-para-hoy-17-de-febrero-en-cdmx-y-edomex\\\/#article\",\"isPartOf\":{\"@id\":\"https:\\\/\\\/conexionnacional.mx\\\/index.php\\\/2025\\\/02\\\/17\\\/bloqueos-de-transportistas-consulta-aqui-las-alternativas-viales-para-hoy-17-de-febrero-en-cdmx-y-edomex\\\/\"},\"author\":{\"name\":\"Conexi\u00f3n Nacional\",\"@id\":\"https:\\\/\\\/conexionnacional.mx\\\/#\\\/schema\\\/person\\\/dd14aeda902120f5e0e021903fdb6931\"},\"headline\":\"Bloqueos de transportistas; consulta aqu\u00ed las alternativas viales para hoy, 17 de febrero en CDMX y Edomex\",\"datePublished\":\"2025-02-17T15:45:52+00:00\",\"dateModified\":\"2025-02-17T15:45:54+00:00\",\"mainEntityOfPage\":{\"@id\":\"https:\\\/\\\/conexionnacional.mx\\\/index.php\\\/2025\\\/02\\\/17\\\/bloqueos-de-transportistas-consulta-aqui-las-alternativas-viales-para-hoy-17-de-febrero-en-cdmx-y-edomex\\\/\"},\"wordCount\":490,\"publisher\":{\"@id\":\"https:\\\/\\\/conexionnacional.mx\\\/#organization\"},\"image\":{\"@id\":\"https:\\\/\\\/conexionnacional.mx\\\/index.php\\\/2025\\\/02\\\/17\\\/bloqueos-de-transportistas-consulta-aqui-las-alternativas-viales-para-hoy-17-de-febrero-en-cdmx-y-edomex\\\/#primaryimage\"},\"thumbnailUrl\":\"https:\\\/\\\/conexionnacional.mx\\\/wp-content\\\/uploads\\\/2025\\\/02\\\/KDQEONNHY5GNXF3ZWWEAWDVUFU.jpg\",\"keywords\":[\"Transportistas\"],\"articleSection\":[\"Nacional\"],\"inLanguage\":\"es\"},{\"@type\":\"WebPage\",\"@id\":\"https:\\\/\\\/conexionnacional.mx\\\/index.php\\\/2025\\\/02\\\/17\\\/bloqueos-de-transportistas-consulta-aqui-las-alternativas-viales-para-hoy-17-de-febrero-en-cdmx-y-edomex\\\/\",\"url\":\"https:\\\/\\\/conexionnacional.mx\\\/index.php\\\/2025\\\/02\\\/17\\\/bloqueos-de-transportistas-consulta-aqui-las-alternativas-viales-para-hoy-17-de-febrero-en-cdmx-y-edomex\\\/\",\"name\":\"Bloqueos de transportistas; consulta aqu\u00ed las alternativas viales para hoy, 17 de febrero en CDMX y Edomex |\",\"isPartOf\":{\"@id\":\"https:\\\/\\\/conexionnacional.mx\\\/#website\"},\"primaryImageOfPage\":{\"@id\":\"https:\\\/\\\/conexionnacional.mx\\\/index.php\\\/2025\\\/02\\\/17\\\/bloqueos-de-transportistas-consulta-aqui-las-alternativas-viales-para-hoy-17-de-febrero-en-cdmx-y-edomex\\\/#primaryimage\"},\"image\":{\"@id\":\"https:\\\/\\\/conexionnacional.mx\\\/index.php\\\/2025\\\/02\\\/17\\\/bloqueos-de-transportistas-consulta-aqui-las-alternativas-viales-para-hoy-17-de-febrero-en-cdmx-y-edomex\\\/#primaryimage\"},\"thumbnailUrl\":\"https:\\\/\\\/conexionnacional.mx\\\/wp-content\\\/uploads\\\/2025\\\/02\\\/KDQEONNHY5GNXF3ZWWEAWDVUFU.jpg\",\"datePublished\":\"2025-02-17T15:45:52+00:00\",\"dateModified\":\"2025-02-17T15:45:54+00:00\",\"breadcrumb\":{\"@id\":\"https:\\\/\\\/conexionnacional.mx\\\/index.php\\\/2025\\\/02\\\/17\\\/bloqueos-de-transportistas-consulta-aqui-las-alternativas-viales-para-hoy-17-de-febrero-en-cdmx-y-edomex\\\/#breadcrumb\"},\"inLanguage\":\"es\",\"potentialAction\":[{\"@type\":\"ReadAction\",\"target\":[\"https:\\\/\\\/conexionnacional.mx\\\/index.php\\\/2025\\\/02\\\/17\\\/bloqueos-de-transportistas-consulta-aqui-las-alternativas-viales-para-hoy-17-de-febrero-en-cdmx-y-edomex\\\/\"]}]},{\"@type\":\"ImageObject\",\"inLanguage\":\"es\",\"@id\":\"https:\\\/\\\/conexionnacional.mx\\\/index.php\\\/2025\\\/02\\\/17\\\/bloqueos-de-transportistas-consulta-aqui-las-alternativas-viales-para-hoy-17-de-febrero-en-cdmx-y-edomex\\\/#primaryimage\",\"url\":\"https:\\\/\\\/conexionnacional.mx\\\/wp-content\\\/uploads\\\/2025\\\/02\\\/KDQEONNHY5GNXF3ZWWEAWDVUFU.jpg\",\"contentUrl\":\"https:\\\/\\\/conexionnacional.mx\\\/wp-content\\\/uploads\\\/2025\\\/02\\\/KDQEONNHY5GNXF3ZWWEAWDVUFU.jpg\",\"width\":1100,\"height\":666},{\"@type\":\"BreadcrumbList\",\"@id\":\"https:\\\/\\\/conexionnacional.mx\\\/index.php\\\/2025\\\/02\\\/17\\\/bloqueos-de-transportistas-consulta-aqui-las-alternativas-viales-para-hoy-17-de-febrero-en-cdmx-y-edomex\\\/#breadcrumb\",\"itemListElement\":[{\"@type\":\"ListItem\",\"position\":1,\"name\":\"Inicio\",\"item\":\"https:\\\/\\\/conexionnacional.mx\\\/\"},{\"@type\":\"ListItem\",\"position\":2,\"name\":\"Bloqueos de transportistas; consulta aqu\u00ed las alternativas viales para hoy, 17 de febrero en CDMX y Edomex\"}]},{\"@type\":\"WebSite\",\"@id\":\"https:\\\/\\\/conexionnacional.mx\\\/#website\",\"url\":\"https:\\\/\\\/conexionnacional.mx\\\/\",\"name\":\"Conexi\u00f3n Nacional\",\"description\":\"Noticias al momento\",\"publisher\":{\"@id\":\"https:\\\/\\\/conexionnacional.mx\\\/#organization\"},\"alternateName\":\"Noticias nacionales\",\"potentialAction\":[{\"@type\":\"SearchAction\",\"target\":{\"@type\":\"EntryPoint\",\"urlTemplate\":\"https:\\\/\\\/conexionnacional.mx\\\/?s={search_term_string}\"},\"query-input\":{\"@type\":\"PropertyValueSpecification\",\"valueRequired\":true,\"valueName\":\"search_term_string\"}}],\"inLanguage\":\"es\"},{\"@type\":\"Organization\",\"@id\":\"https:\\\/\\\/conexionnacional.mx\\\/#organization\",\"name\":\"Conexi\u00f3n Nacional\",\"url\":\"https:\\\/\\\/conexionnacional.mx\\\/\",\"logo\":{\"@type\":\"ImageObject\",\"inLanguage\":\"es\",\"@id\":\"https:\\\/\\\/conexionnacional.mx\\\/#\\\/schema\\\/logo\\\/image\\\/\",\"url\":\"https:\\\/\\\/conexionnacional.mx\\\/wp-content\\\/uploads\\\/2022\\\/09\\\/conexion_nacional.png\",\"contentUrl\":\"https:\\\/\\\/conexionnacional.mx\\\/wp-content\\\/uploads\\\/2022\\\/09\\\/conexion_nacional.png\",\"width\":2964,\"height\":1173,\"caption\":\"Conexi\u00f3n Nacional\"},\"image\":{\"@id\":\"https:\\\/\\\/conexionnacional.mx\\\/#\\\/schema\\\/logo\\\/image\\\/\"},\"sameAs\":[\"https:\\\/\\\/www.facebook.com\\\/cnmxradio\"]},{\"@type\":\"Person\",\"@id\":\"https:\\\/\\\/conexionnacional.mx\\\/#\\\/schema\\\/person\\\/dd14aeda902120f5e0e021903fdb6931\",\"name\":\"Conexi\u00f3n Nacional\",\"image\":{\"@type\":\"ImageObject\",\"inLanguage\":\"es\",\"@id\":\"https:\\\/\\\/secure.gravatar.com\\\/avatar\\\/e523100f284110b2ecca7e17b2be9cf140a5e8f35294c9ec0543e6916cc1f9be?s=96&d=blank&r=g\",\"url\":\"https:\\\/\\\/secure.gravatar.com\\\/avatar\\\/e523100f284110b2ecca7e17b2be9cf140a5e8f35294c9ec0543e6916cc1f9be?s=96&d=blank&r=g\",\"contentUrl\":\"https:\\\/\\\/secure.gravatar.com\\\/avatar\\\/e523100f284110b2ecca7e17b2be9cf140a5e8f35294c9ec0543e6916cc1f9be?s=96&d=blank&r=g\",\"caption\":\"Conexi\u00f3n Nacional\"},\"sameAs\":[\"https:\\\/\\\/conexionnacional.mx\"],\"url\":\"https:\\\/\\\/conexionnacional.mx\\\/index.php\\\/author\\\/administrador\\\/\"}]}<\/script>\n<!-- \/ Yoast SEO plugin. -->","yoast_head_json":{"title":"Bloqueos de transportistas; consulta aqu\u00ed las alternativas viales para hoy, 17 de febrero en CDMX y Edomex |","robots":{"index":"index","follow":"follow","max-snippet":"max-snippet:-1","max-image-preview":"max-image-preview:large","max-video-preview":"max-video-preview:-1"},"canonical":"https:\/\/conexionnacional.mx\/index.php\/2025\/02\/17\/bloqueos-de-transportistas-consulta-aqui-las-alternativas-viales-para-hoy-17-de-febrero-en-cdmx-y-edomex\/","og_locale":"es_MX","og_type":"article","og_title":"Bloqueos de transportistas; consulta aqu\u00ed las alternativas viales para hoy, 17 de febrero en CDMX y Edomex |","og_description":"Para el\u00a0lunes 17 de febrero\u00a0se prev\u00e9 un\u00a0bloqueo\u00a0de\u00a0autopistas\u00a0y\u00a0vialidades\u00a0que afectar\u00e1 la circulaci\u00f3n en el\u00a0Estado de M\u00e9xico\u00a0y la\u00a0Ciudad de M\u00e9xico,\u00a0el cu\u00e1l es convocado por integrantes de la\u00a0Uni\u00f3n de Transportistas, Comerciantes y Empresarios de la Rep\u00fablica Mexicana. La&nbsp;marcha iniciar\u00e1 a partir de las 08:00 horas&nbsp;de diferentes puntos de la metr\u00f3poli&nbsp;hacia el Z\u00f3calo de la Ciudad de M\u00e9xico, con el [&hellip;]","og_url":"https:\/\/conexionnacional.mx\/index.php\/2025\/02\/17\/bloqueos-de-transportistas-consulta-aqui-las-alternativas-viales-para-hoy-17-de-febrero-en-cdmx-y-edomex\/","og_site_name":"Conexi\u00f3n Nacional","article_publisher":"https:\/\/www.facebook.com\/cnmxradio","article_published_time":"2025-02-17T15:45:52+00:00","article_modified_time":"2025-02-17T15:45:54+00:00","og_image":[{"width":1100,"height":666,"url":"https:\/\/conexionnacional.mx\/wp-content\/uploads\/2025\/02\/KDQEONNHY5GNXF3ZWWEAWDVUFU.jpg","type":"image\/jpeg"}],"author":"Conexi\u00f3n Nacional","twitter_card":"summary_large_image","twitter_misc":{"Escrito por":"Conexi\u00f3n Nacional","Tiempo de lectura":"3 minutos"},"schema":{"@context":"https:\/\/schema.org","@graph":[{"@type":"Article","@id":"https:\/\/conexionnacional.mx\/index.php\/2025\/02\/17\/bloqueos-de-transportistas-consulta-aqui-las-alternativas-viales-para-hoy-17-de-febrero-en-cdmx-y-edomex\/#article","isPartOf":{"@id":"https:\/\/conexionnacional.mx\/index.php\/2025\/02\/17\/bloqueos-de-transportistas-consulta-aqui-las-alternativas-viales-para-hoy-17-de-febrero-en-cdmx-y-edomex\/"},"author":{"name":"Conexi\u00f3n Nacional","@id":"https:\/\/conexionnacional.mx\/#\/schema\/person\/dd14aeda902120f5e0e021903fdb6931"},"headline":"Bloqueos de transportistas; consulta aqu\u00ed las alternativas viales para hoy, 17 de febrero en CDMX y Edomex","datePublished":"2025-02-17T15:45:52+00:00","dateModified":"2025-02-17T15:45:54+00:00","mainEntityOfPage":{"@id":"https:\/\/conexionnacional.mx\/index.php\/2025\/02\/17\/bloqueos-de-transportistas-consulta-aqui-las-alternativas-viales-para-hoy-17-de-febrero-en-cdmx-y-edomex\/"},"wordCount":490,"publisher":{"@id":"https:\/\/conexionnacional.mx\/#organization"},"image":{"@id":"https:\/\/conexionnacional.mx\/index.php\/2025\/02\/17\/bloqueos-de-transportistas-consulta-aqui-las-alternativas-viales-para-hoy-17-de-febrero-en-cdmx-y-edomex\/#primaryimage"},"thumbnailUrl":"https:\/\/conexionnacional.mx\/wp-content\/uploads\/2025\/02\/KDQEONNHY5GNXF3ZWWEAWDVUFU.jpg","keywords":["Transportistas"],"articleSection":["Nacional"],"inLanguage":"es"},{"@type":"WebPage","@id":"https:\/\/conexionnacional.mx\/index.php\/2025\/02\/17\/bloqueos-de-transportistas-consulta-aqui-las-alternativas-viales-para-hoy-17-de-febrero-en-cdmx-y-edomex\/","url":"https:\/\/conexionnacional.mx\/index.php\/2025\/02\/17\/bloqueos-de-transportistas-consulta-aqui-las-alternativas-viales-para-hoy-17-de-febrero-en-cdmx-y-edomex\/","name":"Bloqueos de transportistas; consulta aqu\u00ed las alternativas viales para hoy, 17 de febrero en CDMX y Edomex |","isPartOf":{"@id":"https:\/\/conexionnacional.mx\/#website"},"primaryImageOfPage":{"@id":"https:\/\/conexionnacional.mx\/index.php\/2025\/02\/17\/bloqueos-de-transportistas-consulta-aqui-las-alternativas-viales-para-hoy-17-de-febrero-en-cdmx-y-edomex\/#primaryimage"},"image":{"@id":"https:\/\/conexionnacional.mx\/index.php\/2025\/02\/17\/bloqueos-de-transportistas-consulta-aqui-las-alternativas-viales-para-hoy-17-de-febrero-en-cdmx-y-edomex\/#primaryimage"},"thumbnailUrl":"https:\/\/conexionnacional.mx\/wp-content\/uploads\/2025\/02\/KDQEONNHY5GNXF3ZWWEAWDVUFU.jpg","datePublished":"2025-02-17T15:45:52+00:00","dateModified":"2025-02-17T15:45:54+00:00","breadcrumb":{"@id":"https:\/\/conexionnacional.mx\/index.php\/2025\/02\/17\/bloqueos-de-transportistas-consulta-aqui-las-alternativas-viales-para-hoy-17-de-febrero-en-cdmx-y-edomex\/#breadcrumb"},"inLanguage":"es","potentialAction":[{"@type":"ReadAction","target":["https:\/\/conexionnacional.mx\/index.php\/2025\/02\/17\/bloqueos-de-transportistas-consulta-aqui-las-alternativas-viales-para-hoy-17-de-febrero-en-cdmx-y-edomex\/"]}]},{"@type":"ImageObject","inLanguage":"es","@id":"https:\/\/conexionnacional.mx\/index.php\/2025\/02\/17\/bloqueos-de-transportistas-consulta-aqui-las-alternativas-viales-para-hoy-17-de-febrero-en-cdmx-y-edomex\/#primaryimage","url":"https:\/\/conexionnacional.mx\/wp-content\/uploads\/2025\/02\/KDQEONNHY5GNXF3ZWWEAWDVUFU.jpg","contentUrl":"https:\/\/conexionnacional.mx\/wp-content\/uploads\/2025\/02\/KDQEONNHY5GNXF3ZWWEAWDVUFU.jpg","width":1100,"height":666},{"@type":"BreadcrumbList","@id":"https:\/\/conexionnacional.mx\/index.php\/2025\/02\/17\/bloqueos-de-transportistas-consulta-aqui-las-alternativas-viales-para-hoy-17-de-febrero-en-cdmx-y-edomex\/#breadcrumb","itemListElement":[{"@type":"ListItem","position":1,"name":"Inicio","item":"https:\/\/conexionnacional.mx\/"},{"@type":"ListItem","position":2,"name":"Bloqueos de transportistas; consulta aqu\u00ed las alternativas viales para hoy, 17 de febrero en CDMX y Edomex"}]},{"@type":"WebSite","@id":"https:\/\/conexionnacional.mx\/#website","url":"https:\/\/conexionnacional.mx\/","name":"Conexi\u00f3n Nacional","description":"Noticias al momento","publisher":{"@id":"https:\/\/conexionnacional.mx\/#organization"},"alternateName":"Noticias nacionales","potentialAction":[{"@type":"SearchAction","target":{"@type":"EntryPoint","urlTemplate":"https:\/\/conexionnacional.mx\/?s={search_term_string}"},"query-input":{"@type":"PropertyValueSpecification","valueRequired":true,"valueName":"search_term_string"}}],"inLanguage":"es"},{"@type":"Organization","@id":"https:\/\/conexionnacional.mx\/#organization","name":"Conexi\u00f3n Nacional","url":"https:\/\/conexionnacional.mx\/","logo":{"@type":"ImageObject","inLanguage":"es","@id":"https:\/\/conexionnacional.mx\/#\/schema\/logo\/image\/","url":"https:\/\/conexionnacional.mx\/wp-content\/uploads\/2022\/09\/conexion_nacional.png","contentUrl":"https:\/\/conexionnacional.mx\/wp-content\/uploads\/2022\/09\/conexion_nacional.png","width":2964,"height":1173,"caption":"Conexi\u00f3n Nacional"},"image":{"@id":"https:\/\/conexionnacional.mx\/#\/schema\/logo\/image\/"},"sameAs":["https:\/\/www.facebook.com\/cnmxradio"]},{"@type":"Person","@id":"https:\/\/conexionnacional.mx\/#\/schema\/person\/dd14aeda902120f5e0e021903fdb6931","name":"Conexi\u00f3n Nacional","image":{"@type":"ImageObject","inLanguage":"es","@id":"https:\/\/secure.gravatar.com\/avatar\/e523100f284110b2ecca7e17b2be9cf140a5e8f35294c9ec0543e6916cc1f9be?s=96&d=blank&r=g","url":"https:\/\/secure.gravatar.com\/avatar\/e523100f284110b2ecca7e17b2be9cf140a5e8f35294c9ec0543e6916cc1f9be?s=96&d=blank&r=g","contentUrl":"https:\/\/secure.gravatar.com\/avatar\/e523100f284110b2ecca7e17b2be9cf140a5e8f35294c9ec0543e6916cc1f9be?s=96&d=blank&r=g","caption":"Conexi\u00f3n Nacional"},"sameAs":["https:\/\/conexionnacional.mx"],"url":"https:\/\/conexionnacional.mx\/index.php\/author\/administrador\/"}]}},"_links":{"self":[{"href":"https:\/\/conexionnacional.mx\/index.php\/wp-json\/wp\/v2\/posts\/23853","targetHints":{"allow":["GET"]}}],"collection":[{"href":"https:\/\/conexionnacional.mx\/index.php\/wp-json\/wp\/v2\/posts"}],"about":[{"href":"https:\/\/conexionnacional.mx\/index.php\/wp-json\/wp\/v2\/types\/post"}],"author":[{"embeddable":true,"href":"https:\/\/conexionnacional.mx\/index.php\/wp-json\/wp\/v2\/users\/1"}],"replies":[{"embeddable":true,"href":"https:\/\/conexionnacional.mx\/index.php\/wp-json\/wp\/v2\/comments?post=23853"}],"version-history":[{"count":1,"href":"https:\/\/conexionnacional.mx\/index.php\/wp-json\/wp\/v2\/posts\/23853\/revisions"}],"predecessor-version":[{"id":23855,"href":"https:\/\/conexionnacional.mx\/index.php\/wp-json\/wp\/v2\/posts\/23853\/revisions\/23855"}],"wp:featuredmedia":[{"embeddable":true,"href":"https:\/\/conexionnacional.mx\/index.php\/wp-json\/wp\/v2\/media\/23854"}],"wp:attachment":[{"href":"https:\/\/conexionnacional.mx\/index.php\/wp-json\/wp\/v2\/media?parent=23853"}],"wp:term":[{"taxonomy":"category","embeddable":true,"href":"https:\/\/conexionnacional.mx\/index.php\/wp-json\/wp\/v2\/categories?post=23853"},{"taxonomy":"post_tag","embeddable":true,"href":"https:\/\/conexionnacional.mx\/index.php\/wp-json\/wp\/v2\/tags?post=23853"}],"curies":[{"name":"wp","href":"https:\/\/api.w.org\/{rel}","templated":true}]}}