{"id":23611,"date":"2025-01-27T10:06:23","date_gmt":"2025-01-27T16:06:23","guid":{"rendered":"https:\/\/conexionnacional.mx\/?p=23611"},"modified":"2025-01-27T10:06:25","modified_gmt":"2025-01-27T16:06:25","slug":"sheinbaum-dice-que-mexico-y-ee-uu-estan-obligados-a-tener-buena-relacion","status":"publish","type":"post","link":"https:\/\/conexionnacional.mx\/index.php\/2025\/01\/27\/sheinbaum-dice-que-mexico-y-ee-uu-estan-obligados-a-tener-buena-relacion\/","title":{"rendered":"Sheinbaum dice que M\u00e9xico y EE.UU. est\u00e1n \u201cobligados\u201d a tener buena relaci\u00f3n"},"content":{"rendered":"\n<p>La presidenta de M\u00e9xico, Claudia Sheinbaum, asever\u00f3 este domingo que siguen las conversaciones con el Gobierno de Estados Unidos, con quien, asegur\u00f3 \u201cestamos obligados por nuestros pueblos a tener buena relaci\u00f3n\u201d.<\/p>\n\n\n\n<p>Abordada por medios de comunicaci\u00f3n locales en Santiago Pinotepa Nacional, en el sure\u00f1o estado de Oaxaca, donde realiza una gira de trabajo, la mandataria se\u00f1al\u00f3 que a casi una semana del inicio de la gesti\u00f3n del presidente Donald Trump \u201csigue habiendo conversaciones\u201d.<\/p>\n\n\n\n<p>\u201cCon respeto a nuestra soberan\u00eda, y respeto entre los pueblos y las naciones, estamos obligados a tener una buena relaci\u00f3n\u201d, enfatiz\u00f3 la gobernante mexicana, quien el s\u00e1bado asegur\u00f3 que los migrantes mexicanos en Estados Unidos son quienes sostienen la econom\u00eda de aquel pa\u00eds.<\/p>\n\n\n\n<figure class=\"wp-block-image\"><img decoding=\"async\" src=\"data:image\/gif;base64,R0lGODlhAQABAAAAACH5BAEKAAEALAAAAAABAAEAAAICTAEAOw==\" data-src=\"https:\/\/i0.wp.com\/efe.com\/wp-content\/uploads\/2025\/01\/CRISIS-MIGRATORIA.jpg?resize=900%2C579&amp;ssl=1\" alt=\"\" class=\"wp-image-1627639 lazyload\"\/><figcaption class=\"wp-element-caption\">Personas hacen fila para resolver su situaci\u00f3n migratoria, en Tapachula en el estado de Chiapas (M\u00e9xico). EFE\/Juan Manuel Blanco<\/figcaption><\/figure>\n\n\n\n<h2 class=\"wp-block-heading\" id=\"h-sheinbaum-no-ve-una-guerra-comercial-con-ee-uu\">Sheinbaum no ve una guerra comercial con EE.UU.<\/h2>\n\n\n\n<p>Durante su primera semana de gesti\u00f3n, Trump ha desplegado miles de militares tras declarar una emergencia en la frontera com\u00fan, ha designado terroristas a los carteles del narcotr\u00e1fico en M\u00e9xico y ha comenzado las deportaciones al pa\u00eds vecino.<\/p>\n\n\n\n<p>Sin embargo, el republicano ha suavizado sus amenazas de imponer aranceles del 25 % a productos mexicanos, por lo que Sheinbaum asegur\u00f3 que no ve una\u00a0guerra comercial con EE.UU.,\u00a0especialmente tras la participaci\u00f3n de Trump, en el Foro Econ\u00f3mico Mundial en Davos, Suiza, donde asegur\u00f3 que los acuerdos \u00abvan muy bien\u00bb con M\u00e9xico.<\/p>\n\n\n\n<p>Finalmente, dijo que el lunes, durante su conferencia de prensa matutina, abordar\u00e1 el tema sobre el supuesto rechazo de un avi\u00f3n de migrantes deportados de Estados Unidos, as\u00ed como de las negociaciones sobre el Tratado comercial M\u00e9xico, Estados Unidos y Canad\u00e1 (T-MEC).<\/p>\n\n\n\n<p>\u201cMa\u00f1ana hablamos de eso\u201d, enfatiz\u00f3.<\/p>\n","protected":false},"excerpt":{"rendered":"<p>La presidenta de M\u00e9xico, Claudia Sheinbaum, asever\u00f3 este domingo que siguen las conversaciones con el Gobierno de Estados Unidos, con quien, asegur\u00f3 \u201cestamos obligados por nuestros pueblos a tener buena relaci\u00f3n\u201d. Abordada por medios de comunicaci\u00f3n locales en Santiago Pinotepa Nacional, en el sure\u00f1o estado de Oaxaca, donde realiza una gira de trabajo, la mandataria [&hellip;]<\/p>\n","protected":false},"author":1,"featured_media":23612,"comment_status":"closed","ping_status":"closed","sticky":false,"template":"","format":"aside","meta":{"googlesitekit_rrm_CAowytPeCw:productID":"","footnotes":""},"categories":[8531],"tags":[1964],"class_list":["post-23611","post","type-post","status-publish","format-aside","has-post-thumbnail","hentry","category-claudia-sheinbaum","tag-claudia-sheinbaum","post_format-post-format-aside"],"yoast_head":"<!-- This site is optimized with the Yoast SEO plugin v27.4 - https:\/\/yoast.com\/product\/yoast-seo-wordpress\/ -->\n<title>Sheinbaum dice que M\u00e9xico y EE.UU. est\u00e1n \u201cobligados\u201d a tener buena relaci\u00f3n |<\/title>\n<meta name=\"robots\" content=\"index, follow, max-snippet:-1, max-image-preview:large, max-video-preview:-1\" \/>\n<link rel=\"canonical\" href=\"https:\/\/conexionnacional.mx\/index.php\/2025\/01\/27\/sheinbaum-dice-que-mexico-y-ee-uu-estan-obligados-a-tener-buena-relacion\/\" \/>\n<meta property=\"og:locale\" content=\"es_MX\" \/>\n<meta property=\"og:type\" content=\"article\" \/>\n<meta property=\"og:title\" content=\"Sheinbaum dice que M\u00e9xico y EE.UU. est\u00e1n \u201cobligados\u201d a tener buena relaci\u00f3n |\" \/>\n<meta property=\"og:description\" content=\"La presidenta de M\u00e9xico, Claudia Sheinbaum, asever\u00f3 este domingo que siguen las conversaciones con el Gobierno de Estados Unidos, con quien, asegur\u00f3 \u201cestamos obligados por nuestros pueblos a tener buena relaci\u00f3n\u201d. Abordada por medios de comunicaci\u00f3n locales en Santiago Pinotepa Nacional, en el sure\u00f1o estado de Oaxaca, donde realiza una gira de trabajo, la mandataria [&hellip;]\" \/>\n<meta property=\"og:url\" content=\"https:\/\/conexionnacional.mx\/index.php\/2025\/01\/27\/sheinbaum-dice-que-mexico-y-ee-uu-estan-obligados-a-tener-buena-relacion\/\" \/>\n<meta property=\"og:site_name\" content=\"Conexi\u00f3n Nacional\" \/>\n<meta property=\"article:publisher\" content=\"https:\/\/www.facebook.com\/cnmxradio\" \/>\n<meta property=\"article:published_time\" content=\"2025-01-27T16:06:23+00:00\" \/>\n<meta property=\"article:modified_time\" content=\"2025-01-27T16:06:25+00:00\" \/>\n<meta property=\"og:image\" content=\"https:\/\/conexionnacional.mx\/wp-content\/uploads\/2025\/01\/Sheinbaum-EE.UU_-1.webp\" \/>\n\t<meta property=\"og:image:width\" content=\"900\" \/>\n\t<meta property=\"og:image:height\" content=\"600\" \/>\n\t<meta property=\"og:image:type\" content=\"image\/webp\" \/>\n<meta name=\"author\" content=\"Conexi\u00f3n Nacional\" \/>\n<meta name=\"twitter:card\" content=\"summary_large_image\" \/>\n<meta name=\"twitter:label1\" content=\"Escrito por\" \/>\n\t<meta name=\"twitter:data1\" content=\"Conexi\u00f3n Nacional\" \/>\n\t<meta name=\"twitter:label2\" content=\"Tiempo de lectura\" \/>\n\t<meta name=\"twitter:data2\" content=\"2 minutos\" \/>\n<script type=\"application\/ld+json\" class=\"yoast-schema-graph\">{\"@context\":\"https:\\\/\\\/schema.org\",\"@graph\":[{\"@type\":\"Article\",\"@id\":\"https:\\\/\\\/conexionnacional.mx\\\/index.php\\\/2025\\\/01\\\/27\\\/sheinbaum-dice-que-mexico-y-ee-uu-estan-obligados-a-tener-buena-relacion\\\/#article\",\"isPartOf\":{\"@id\":\"https:\\\/\\\/conexionnacional.mx\\\/index.php\\\/2025\\\/01\\\/27\\\/sheinbaum-dice-que-mexico-y-ee-uu-estan-obligados-a-tener-buena-relacion\\\/\"},\"author\":{\"name\":\"Conexi\u00f3n Nacional\",\"@id\":\"https:\\\/\\\/conexionnacional.mx\\\/#\\\/schema\\\/person\\\/dd14aeda902120f5e0e021903fdb6931\"},\"headline\":\"Sheinbaum dice que M\u00e9xico y EE.UU. est\u00e1n \u201cobligados\u201d a tener buena relaci\u00f3n\",\"datePublished\":\"2025-01-27T16:06:23+00:00\",\"dateModified\":\"2025-01-27T16:06:25+00:00\",\"mainEntityOfPage\":{\"@id\":\"https:\\\/\\\/conexionnacional.mx\\\/index.php\\\/2025\\\/01\\\/27\\\/sheinbaum-dice-que-mexico-y-ee-uu-estan-obligados-a-tener-buena-relacion\\\/\"},\"wordCount\":323,\"publisher\":{\"@id\":\"https:\\\/\\\/conexionnacional.mx\\\/#organization\"},\"image\":{\"@id\":\"https:\\\/\\\/conexionnacional.mx\\\/index.php\\\/2025\\\/01\\\/27\\\/sheinbaum-dice-que-mexico-y-ee-uu-estan-obligados-a-tener-buena-relacion\\\/#primaryimage\"},\"thumbnailUrl\":\"https:\\\/\\\/conexionnacional.mx\\\/wp-content\\\/uploads\\\/2025\\\/01\\\/Sheinbaum-EE.UU_-1.webp\",\"keywords\":[\"Claudia Sheinbaum\"],\"articleSection\":[\"Claudia Sheinbaum\"],\"inLanguage\":\"es\"},{\"@type\":\"WebPage\",\"@id\":\"https:\\\/\\\/conexionnacional.mx\\\/index.php\\\/2025\\\/01\\\/27\\\/sheinbaum-dice-que-mexico-y-ee-uu-estan-obligados-a-tener-buena-relacion\\\/\",\"url\":\"https:\\\/\\\/conexionnacional.mx\\\/index.php\\\/2025\\\/01\\\/27\\\/sheinbaum-dice-que-mexico-y-ee-uu-estan-obligados-a-tener-buena-relacion\\\/\",\"name\":\"Sheinbaum dice que M\u00e9xico y EE.UU. est\u00e1n \u201cobligados\u201d a tener buena relaci\u00f3n |\",\"isPartOf\":{\"@id\":\"https:\\\/\\\/conexionnacional.mx\\\/#website\"},\"primaryImageOfPage\":{\"@id\":\"https:\\\/\\\/conexionnacional.mx\\\/index.php\\\/2025\\\/01\\\/27\\\/sheinbaum-dice-que-mexico-y-ee-uu-estan-obligados-a-tener-buena-relacion\\\/#primaryimage\"},\"image\":{\"@id\":\"https:\\\/\\\/conexionnacional.mx\\\/index.php\\\/2025\\\/01\\\/27\\\/sheinbaum-dice-que-mexico-y-ee-uu-estan-obligados-a-tener-buena-relacion\\\/#primaryimage\"},\"thumbnailUrl\":\"https:\\\/\\\/conexionnacional.mx\\\/wp-content\\\/uploads\\\/2025\\\/01\\\/Sheinbaum-EE.UU_-1.webp\",\"datePublished\":\"2025-01-27T16:06:23+00:00\",\"dateModified\":\"2025-01-27T16:06:25+00:00\",\"breadcrumb\":{\"@id\":\"https:\\\/\\\/conexionnacional.mx\\\/index.php\\\/2025\\\/01\\\/27\\\/sheinbaum-dice-que-mexico-y-ee-uu-estan-obligados-a-tener-buena-relacion\\\/#breadcrumb\"},\"inLanguage\":\"es\",\"potentialAction\":[{\"@type\":\"ReadAction\",\"target\":[\"https:\\\/\\\/conexionnacional.mx\\\/index.php\\\/2025\\\/01\\\/27\\\/sheinbaum-dice-que-mexico-y-ee-uu-estan-obligados-a-tener-buena-relacion\\\/\"]}]},{\"@type\":\"ImageObject\",\"inLanguage\":\"es\",\"@id\":\"https:\\\/\\\/conexionnacional.mx\\\/index.php\\\/2025\\\/01\\\/27\\\/sheinbaum-dice-que-mexico-y-ee-uu-estan-obligados-a-tener-buena-relacion\\\/#primaryimage\",\"url\":\"https:\\\/\\\/conexionnacional.mx\\\/wp-content\\\/uploads\\\/2025\\\/01\\\/Sheinbaum-EE.UU_-1.webp\",\"contentUrl\":\"https:\\\/\\\/conexionnacional.mx\\\/wp-content\\\/uploads\\\/2025\\\/01\\\/Sheinbaum-EE.UU_-1.webp\",\"width\":900,\"height\":600},{\"@type\":\"BreadcrumbList\",\"@id\":\"https:\\\/\\\/conexionnacional.mx\\\/index.php\\\/2025\\\/01\\\/27\\\/sheinbaum-dice-que-mexico-y-ee-uu-estan-obligados-a-tener-buena-relacion\\\/#breadcrumb\",\"itemListElement\":[{\"@type\":\"ListItem\",\"position\":1,\"name\":\"Inicio\",\"item\":\"https:\\\/\\\/conexionnacional.mx\\\/\"},{\"@type\":\"ListItem\",\"position\":2,\"name\":\"Sheinbaum dice que M\u00e9xico y EE.UU. est\u00e1n \u201cobligados\u201d a tener buena relaci\u00f3n\"}]},{\"@type\":\"WebSite\",\"@id\":\"https:\\\/\\\/conexionnacional.mx\\\/#website\",\"url\":\"https:\\\/\\\/conexionnacional.mx\\\/\",\"name\":\"Conexi\u00f3n Nacional\",\"description\":\"Noticias al momento\",\"publisher\":{\"@id\":\"https:\\\/\\\/conexionnacional.mx\\\/#organization\"},\"alternateName\":\"Noticias nacionales\",\"potentialAction\":[{\"@type\":\"SearchAction\",\"target\":{\"@type\":\"EntryPoint\",\"urlTemplate\":\"https:\\\/\\\/conexionnacional.mx\\\/?s={search_term_string}\"},\"query-input\":{\"@type\":\"PropertyValueSpecification\",\"valueRequired\":true,\"valueName\":\"search_term_string\"}}],\"inLanguage\":\"es\"},{\"@type\":\"Organization\",\"@id\":\"https:\\\/\\\/conexionnacional.mx\\\/#organization\",\"name\":\"Conexi\u00f3n Nacional\",\"url\":\"https:\\\/\\\/conexionnacional.mx\\\/\",\"logo\":{\"@type\":\"ImageObject\",\"inLanguage\":\"es\",\"@id\":\"https:\\\/\\\/conexionnacional.mx\\\/#\\\/schema\\\/logo\\\/image\\\/\",\"url\":\"https:\\\/\\\/conexionnacional.mx\\\/wp-content\\\/uploads\\\/2022\\\/09\\\/conexion_nacional.png\",\"contentUrl\":\"https:\\\/\\\/conexionnacional.mx\\\/wp-content\\\/uploads\\\/2022\\\/09\\\/conexion_nacional.png\",\"width\":2964,\"height\":1173,\"caption\":\"Conexi\u00f3n Nacional\"},\"image\":{\"@id\":\"https:\\\/\\\/conexionnacional.mx\\\/#\\\/schema\\\/logo\\\/image\\\/\"},\"sameAs\":[\"https:\\\/\\\/www.facebook.com\\\/cnmxradio\"]},{\"@type\":\"Person\",\"@id\":\"https:\\\/\\\/conexionnacional.mx\\\/#\\\/schema\\\/person\\\/dd14aeda902120f5e0e021903fdb6931\",\"name\":\"Conexi\u00f3n Nacional\",\"image\":{\"@type\":\"ImageObject\",\"inLanguage\":\"es\",\"@id\":\"https:\\\/\\\/secure.gravatar.com\\\/avatar\\\/e523100f284110b2ecca7e17b2be9cf140a5e8f35294c9ec0543e6916cc1f9be?s=96&d=blank&r=g\",\"url\":\"https:\\\/\\\/secure.gravatar.com\\\/avatar\\\/e523100f284110b2ecca7e17b2be9cf140a5e8f35294c9ec0543e6916cc1f9be?s=96&d=blank&r=g\",\"contentUrl\":\"https:\\\/\\\/secure.gravatar.com\\\/avatar\\\/e523100f284110b2ecca7e17b2be9cf140a5e8f35294c9ec0543e6916cc1f9be?s=96&d=blank&r=g\",\"caption\":\"Conexi\u00f3n Nacional\"},\"sameAs\":[\"https:\\\/\\\/conexionnacional.mx\"],\"url\":\"https:\\\/\\\/conexionnacional.mx\\\/index.php\\\/author\\\/administrador\\\/\"}]}<\/script>\n<!-- \/ Yoast SEO plugin. -->","yoast_head_json":{"title":"Sheinbaum dice que M\u00e9xico y EE.UU. est\u00e1n \u201cobligados\u201d a tener buena relaci\u00f3n |","robots":{"index":"index","follow":"follow","max-snippet":"max-snippet:-1","max-image-preview":"max-image-preview:large","max-video-preview":"max-video-preview:-1"},"canonical":"https:\/\/conexionnacional.mx\/index.php\/2025\/01\/27\/sheinbaum-dice-que-mexico-y-ee-uu-estan-obligados-a-tener-buena-relacion\/","og_locale":"es_MX","og_type":"article","og_title":"Sheinbaum dice que M\u00e9xico y EE.UU. est\u00e1n \u201cobligados\u201d a tener buena relaci\u00f3n |","og_description":"La presidenta de M\u00e9xico, Claudia Sheinbaum, asever\u00f3 este domingo que siguen las conversaciones con el Gobierno de Estados Unidos, con quien, asegur\u00f3 \u201cestamos obligados por nuestros pueblos a tener buena relaci\u00f3n\u201d. Abordada por medios de comunicaci\u00f3n locales en Santiago Pinotepa Nacional, en el sure\u00f1o estado de Oaxaca, donde realiza una gira de trabajo, la mandataria [&hellip;]","og_url":"https:\/\/conexionnacional.mx\/index.php\/2025\/01\/27\/sheinbaum-dice-que-mexico-y-ee-uu-estan-obligados-a-tener-buena-relacion\/","og_site_name":"Conexi\u00f3n Nacional","article_publisher":"https:\/\/www.facebook.com\/cnmxradio","article_published_time":"2025-01-27T16:06:23+00:00","article_modified_time":"2025-01-27T16:06:25+00:00","og_image":[{"width":900,"height":600,"url":"https:\/\/conexionnacional.mx\/wp-content\/uploads\/2025\/01\/Sheinbaum-EE.UU_-1.webp","type":"image\/webp"}],"author":"Conexi\u00f3n Nacional","twitter_card":"summary_large_image","twitter_misc":{"Escrito por":"Conexi\u00f3n Nacional","Tiempo de lectura":"2 minutos"},"schema":{"@context":"https:\/\/schema.org","@graph":[{"@type":"Article","@id":"https:\/\/conexionnacional.mx\/index.php\/2025\/01\/27\/sheinbaum-dice-que-mexico-y-ee-uu-estan-obligados-a-tener-buena-relacion\/#article","isPartOf":{"@id":"https:\/\/conexionnacional.mx\/index.php\/2025\/01\/27\/sheinbaum-dice-que-mexico-y-ee-uu-estan-obligados-a-tener-buena-relacion\/"},"author":{"name":"Conexi\u00f3n Nacional","@id":"https:\/\/conexionnacional.mx\/#\/schema\/person\/dd14aeda902120f5e0e021903fdb6931"},"headline":"Sheinbaum dice que M\u00e9xico y EE.UU. est\u00e1n \u201cobligados\u201d a tener buena relaci\u00f3n","datePublished":"2025-01-27T16:06:23+00:00","dateModified":"2025-01-27T16:06:25+00:00","mainEntityOfPage":{"@id":"https:\/\/conexionnacional.mx\/index.php\/2025\/01\/27\/sheinbaum-dice-que-mexico-y-ee-uu-estan-obligados-a-tener-buena-relacion\/"},"wordCount":323,"publisher":{"@id":"https:\/\/conexionnacional.mx\/#organization"},"image":{"@id":"https:\/\/conexionnacional.mx\/index.php\/2025\/01\/27\/sheinbaum-dice-que-mexico-y-ee-uu-estan-obligados-a-tener-buena-relacion\/#primaryimage"},"thumbnailUrl":"https:\/\/conexionnacional.mx\/wp-content\/uploads\/2025\/01\/Sheinbaum-EE.UU_-1.webp","keywords":["Claudia Sheinbaum"],"articleSection":["Claudia Sheinbaum"],"inLanguage":"es"},{"@type":"WebPage","@id":"https:\/\/conexionnacional.mx\/index.php\/2025\/01\/27\/sheinbaum-dice-que-mexico-y-ee-uu-estan-obligados-a-tener-buena-relacion\/","url":"https:\/\/conexionnacional.mx\/index.php\/2025\/01\/27\/sheinbaum-dice-que-mexico-y-ee-uu-estan-obligados-a-tener-buena-relacion\/","name":"Sheinbaum dice que M\u00e9xico y EE.UU. est\u00e1n \u201cobligados\u201d a tener buena relaci\u00f3n |","isPartOf":{"@id":"https:\/\/conexionnacional.mx\/#website"},"primaryImageOfPage":{"@id":"https:\/\/conexionnacional.mx\/index.php\/2025\/01\/27\/sheinbaum-dice-que-mexico-y-ee-uu-estan-obligados-a-tener-buena-relacion\/#primaryimage"},"image":{"@id":"https:\/\/conexionnacional.mx\/index.php\/2025\/01\/27\/sheinbaum-dice-que-mexico-y-ee-uu-estan-obligados-a-tener-buena-relacion\/#primaryimage"},"thumbnailUrl":"https:\/\/conexionnacional.mx\/wp-content\/uploads\/2025\/01\/Sheinbaum-EE.UU_-1.webp","datePublished":"2025-01-27T16:06:23+00:00","dateModified":"2025-01-27T16:06:25+00:00","breadcrumb":{"@id":"https:\/\/conexionnacional.mx\/index.php\/2025\/01\/27\/sheinbaum-dice-que-mexico-y-ee-uu-estan-obligados-a-tener-buena-relacion\/#breadcrumb"},"inLanguage":"es","potentialAction":[{"@type":"ReadAction","target":["https:\/\/conexionnacional.mx\/index.php\/2025\/01\/27\/sheinbaum-dice-que-mexico-y-ee-uu-estan-obligados-a-tener-buena-relacion\/"]}]},{"@type":"ImageObject","inLanguage":"es","@id":"https:\/\/conexionnacional.mx\/index.php\/2025\/01\/27\/sheinbaum-dice-que-mexico-y-ee-uu-estan-obligados-a-tener-buena-relacion\/#primaryimage","url":"https:\/\/conexionnacional.mx\/wp-content\/uploads\/2025\/01\/Sheinbaum-EE.UU_-1.webp","contentUrl":"https:\/\/conexionnacional.mx\/wp-content\/uploads\/2025\/01\/Sheinbaum-EE.UU_-1.webp","width":900,"height":600},{"@type":"BreadcrumbList","@id":"https:\/\/conexionnacional.mx\/index.php\/2025\/01\/27\/sheinbaum-dice-que-mexico-y-ee-uu-estan-obligados-a-tener-buena-relacion\/#breadcrumb","itemListElement":[{"@type":"ListItem","position":1,"name":"Inicio","item":"https:\/\/conexionnacional.mx\/"},{"@type":"ListItem","position":2,"name":"Sheinbaum dice que M\u00e9xico y EE.UU. est\u00e1n \u201cobligados\u201d a tener buena relaci\u00f3n"}]},{"@type":"WebSite","@id":"https:\/\/conexionnacional.mx\/#website","url":"https:\/\/conexionnacional.mx\/","name":"Conexi\u00f3n Nacional","description":"Noticias al momento","publisher":{"@id":"https:\/\/conexionnacional.mx\/#organization"},"alternateName":"Noticias nacionales","potentialAction":[{"@type":"SearchAction","target":{"@type":"EntryPoint","urlTemplate":"https:\/\/conexionnacional.mx\/?s={search_term_string}"},"query-input":{"@type":"PropertyValueSpecification","valueRequired":true,"valueName":"search_term_string"}}],"inLanguage":"es"},{"@type":"Organization","@id":"https:\/\/conexionnacional.mx\/#organization","name":"Conexi\u00f3n Nacional","url":"https:\/\/conexionnacional.mx\/","logo":{"@type":"ImageObject","inLanguage":"es","@id":"https:\/\/conexionnacional.mx\/#\/schema\/logo\/image\/","url":"https:\/\/conexionnacional.mx\/wp-content\/uploads\/2022\/09\/conexion_nacional.png","contentUrl":"https:\/\/conexionnacional.mx\/wp-content\/uploads\/2022\/09\/conexion_nacional.png","width":2964,"height":1173,"caption":"Conexi\u00f3n Nacional"},"image":{"@id":"https:\/\/conexionnacional.mx\/#\/schema\/logo\/image\/"},"sameAs":["https:\/\/www.facebook.com\/cnmxradio"]},{"@type":"Person","@id":"https:\/\/conexionnacional.mx\/#\/schema\/person\/dd14aeda902120f5e0e021903fdb6931","name":"Conexi\u00f3n Nacional","image":{"@type":"ImageObject","inLanguage":"es","@id":"https:\/\/secure.gravatar.com\/avatar\/e523100f284110b2ecca7e17b2be9cf140a5e8f35294c9ec0543e6916cc1f9be?s=96&d=blank&r=g","url":"https:\/\/secure.gravatar.com\/avatar\/e523100f284110b2ecca7e17b2be9cf140a5e8f35294c9ec0543e6916cc1f9be?s=96&d=blank&r=g","contentUrl":"https:\/\/secure.gravatar.com\/avatar\/e523100f284110b2ecca7e17b2be9cf140a5e8f35294c9ec0543e6916cc1f9be?s=96&d=blank&r=g","caption":"Conexi\u00f3n Nacional"},"sameAs":["https:\/\/conexionnacional.mx"],"url":"https:\/\/conexionnacional.mx\/index.php\/author\/administrador\/"}]}},"_links":{"self":[{"href":"https:\/\/conexionnacional.mx\/index.php\/wp-json\/wp\/v2\/posts\/23611","targetHints":{"allow":["GET"]}}],"collection":[{"href":"https:\/\/conexionnacional.mx\/index.php\/wp-json\/wp\/v2\/posts"}],"about":[{"href":"https:\/\/conexionnacional.mx\/index.php\/wp-json\/wp\/v2\/types\/post"}],"author":[{"embeddable":true,"href":"https:\/\/conexionnacional.mx\/index.php\/wp-json\/wp\/v2\/users\/1"}],"replies":[{"embeddable":true,"href":"https:\/\/conexionnacional.mx\/index.php\/wp-json\/wp\/v2\/comments?post=23611"}],"version-history":[{"count":1,"href":"https:\/\/conexionnacional.mx\/index.php\/wp-json\/wp\/v2\/posts\/23611\/revisions"}],"predecessor-version":[{"id":23613,"href":"https:\/\/conexionnacional.mx\/index.php\/wp-json\/wp\/v2\/posts\/23611\/revisions\/23613"}],"wp:featuredmedia":[{"embeddable":true,"href":"https:\/\/conexionnacional.mx\/index.php\/wp-json\/wp\/v2\/media\/23612"}],"wp:attachment":[{"href":"https:\/\/conexionnacional.mx\/index.php\/wp-json\/wp\/v2\/media?parent=23611"}],"wp:term":[{"taxonomy":"category","embeddable":true,"href":"https:\/\/conexionnacional.mx\/index.php\/wp-json\/wp\/v2\/categories?post=23611"},{"taxonomy":"post_tag","embeddable":true,"href":"https:\/\/conexionnacional.mx\/index.php\/wp-json\/wp\/v2\/tags?post=23611"}],"curies":[{"name":"wp","href":"https:\/\/api.w.org\/{rel}","templated":true}]}}