{"id":23608,"date":"2025-01-24T17:30:26","date_gmt":"2025-01-24T23:30:26","guid":{"rendered":"https:\/\/conexionnacional.mx\/?p=23608"},"modified":"2025-01-24T17:30:28","modified_gmt":"2025-01-24T23:30:28","slug":"asesinan-en-culiacan-a-el-bob-esponja-integrante-de-los-chapitos-y-compadre-de-el-piyi","status":"publish","type":"post","link":"https:\/\/conexionnacional.mx\/index.php\/2025\/01\/24\/asesinan-en-culiacan-a-el-bob-esponja-integrante-de-los-chapitos-y-compadre-de-el-piyi\/","title":{"rendered":"Asesinan en Culiac\u00e1n a \u201cEl Bob Esponja\u201d, integrante de \u201cLos Chapitos\u201d y compadre de \u201cEl Piyi\u201d"},"content":{"rendered":"\n<p>Marco Antonio S\u00e1nchez Mu\u00f1oz, alias&nbsp;<strong>\u201cEl Bob Esponja\u201d<\/strong>, presunto miembro de&nbsp;<strong>\u201cLos Chapitos\u201d<\/strong>, fue encontrado muerto este jueves 23 de enero en el fraccionamiento Villa Bonita, al sur de Culiac\u00e1n, Sinaloa.<\/p>\n\n\n\n<p>Su cuerpo fue hallado con signos de tortura, esposado, con el rostro cubierto y con disparos de arma de fuego. Junto al cuerpo tambi\u00e9n dejaron un mensaje intimidatorio escrito en una cartulina blanca.<\/p>\n\n\n\n<p>S\u00e1nchez Mu\u00f1oz, de aproximadamente 45 a\u00f1os, resid\u00eda en el fraccionamiento Las Moras y fung\u00eda como fletero, transportando droga de los hijos de Joaqu\u00edn \u201cEl Chapo\u201d Guzm\u00e1n Loera. Asimismo, se dice que era compadre de&nbsp;<strong>Fernando P\u00e9rez Medina<\/strong>, alias<strong>&nbsp;\u201cEl Piyi\u201d,&nbsp;<\/strong>exjefe de seguridad de&nbsp;<strong>Iv\u00e1n Archivaldo Guzm\u00e1n Salazar,&nbsp;<\/strong>detenido el 19 de septiembre de 2024.<\/p>\n\n\n\n<p>Como se\u00f1as particulares, el cuerpo de \u201cEl Bob Esponja\u201d ten\u00eda diversos tatuajes, entre ellos uno de Jesucristo, un \u00e1ngel y la palabra \u201cfamilia\u201d. La v\u00edctima vest\u00eda una camisa negra y un pantal\u00f3n de mezclilla.<\/p>\n\n\n\n<h2 class=\"wp-block-heading\">Filtran su interrogatorio<\/h2>\n\n\n\n<p><img fetchpriority=\"high\" decoding=\"async\" alt=\"Tatuajes de &quot;El Bob Esponja&quot;.\" height=\"1080\" src=\"data:image\/gif;base64,R0lGODlhAQABAAAAACH5BAEKAAEALAAAAAABAAEAAAICTAEAOw==\" data-src=\"https:\/\/www.infobae.com\/resizer\/v2\/RB4YHHG3EZATVPVSACJK5H6CM4.jpg?auth=d0824fa12cdfae72eeed32d98e9a0f552489d3cbc70c4a5162be24fddae52882&amp;smart=true&amp;width=350&amp;height=197&amp;quality=85\" class=\"lazyload\" width=\"1920\">Tatuajes de &#8220;El Bob Esponja&#8221;. (Captura de pantalla)<\/p>\n\n\n\n<p>Horas antes de su muerte circul\u00f3 un video en redes sociales en el que S\u00e1nchez Mu\u00f1oz, con la camisa rota, esposado y visiblemente golpeado, era interrogado por presuntos integrantes de&nbsp;<strong>\u201cLa Mayiza\u201d<\/strong>, grupo rival de&nbsp;<strong>\u201cLos Chapitos\u201d<\/strong>.<\/p>\n\n\n\n<p>En la grabaci\u00f3n, de m\u00e1s de dos minutos, \u201cEl Bob Esponja\u201d respondi\u00f3 a preguntas sobre sus actividades delictivas y su relaci\u00f3n con l\u00edderes e integrantes de su facci\u00f3n.<\/p>\n\n\n\n<p>Durante el interrogatorio, confes\u00f3 ser compadre de \u201cEl Piyi<strong>\u201d,&nbsp;<\/strong>y revel\u00f3 detalles sobre la estructura y m\u00e9todos operativos de la facci\u00f3n.<\/p>\n\n\n\n<p>Cuando fue cuestionado sobre su conocimiento de otros integrantes, S\u00e1nchez Mu\u00f1oz mencion\u00f3 a&nbsp;<strong>\u201cKevin 29\u2033<\/strong>,&nbsp;<strong>\u201cEl Pel\u00f3n\u201d o \u201cEl Facundo\u201d<\/strong>, y&nbsp;<strong>\u201cWilliam\u201d<\/strong>, cu\u00f1ado de uno de ellos, adem\u00e1s de referirse a<strong>&nbsp;Jorge Humberto Figueroa, alias<\/strong>&nbsp;<strong>\u201cEl Perris\u201d<\/strong>, jefe de seguridad de Los Chapitos; y a&nbsp;<strong>\u201cEl Chava Acme\u201d<\/strong>, a quien identific\u00f3 como medio hermano de su mam\u00e1 y exfletero convertido en gatillero.<\/p>\n\n\n\n<p>Tambi\u00e9n se\u00f1al\u00f3 haber presenciado en reuniones y fiestas de la facci\u00f3n un plan para asesinar a aproximadamente diez personas que hab\u00edan traicionado a&nbsp;<strong>\u201cLos Chapitos\u201d<\/strong>&nbsp;al unirse al grupo rival.<\/p>\n\n\n\n<p>En el video, S\u00e1nchez Mu\u00f1oz declar\u00f3 que varios miembros de \u201cLos Chapitos\u201d operaban en su zona de residencia, identificando espec\u00edficamente a los hermanos de un hombre conocido como&nbsp;<strong>\u201cEl Picudo\u201d<\/strong>, quienes presuntamente eran responsables del control en el fraccionamiento \u201cLas Moras\u201d.<\/p>\n\n\n\n<h2 class=\"wp-block-heading\">El corrido de \u201cEl Bob Esponja\u201d<\/h2>\n\n\n\n<p><img decoding=\"async\" alt=\"El corrido de &quot;El Bob\" height=\"286\" src=\"data:image\/gif;base64,R0lGODlhAQABAAAAACH5BAEKAAEALAAAAAABAAEAAAICTAEAOw==\" data-src=\"https:\/\/www.infobae.com\/resizer\/v2\/D7RU4TTYRNERHCXOYTAQEBRQNM.png?auth=b91c21623243ea1525cf03ebdc6d22d92a67dff736a45f1493bb6b56b1a11f69&amp;smart=true&amp;width=350&amp;quality=85\" class=\"lazyload\" width=\"1031\">El corrido de &#8220;El Bob Esponja&#8221; de M\u00e1ximo Grado suma m\u00e1s de 2 millones de reproducciones. (Captura de pantalla)<\/p>\n\n\n\n<p>La figura de Marco Antonio S\u00e1nchez Mu\u00f1oz trascendi\u00f3 al mundo de la m\u00fasica regional mexicana a trav\u00e9s de un corrido interpretado por&nbsp;<strong>Grupo M\u00e1ximo Grado&nbsp;<\/strong>titulado como su apodo \u201cEl Bob Esponja\u201d.<\/p>\n\n\n\n<p>En la canci\u00f3n, se narran episodios de su vida ligados al narcotr\u00e1fico, su apodo y sus actividades en el \u00e1mbito criminal, destacando su car\u00e1cter discreto y su capacidad de respuesta ante conflictos.<\/p>\n\n\n\n<p>El corrido describe a S\u00e1nchez Mu\u00f1oz como un hombre \u201cbastante bueno y bondadoso\u201d, pero tambi\u00e9n \u201cbelicoso\u201d cuando la situaci\u00f3n lo requer\u00eda. Relata su origen en&nbsp;<strong>P\u00e9njamo, Guanajuato<\/strong>, su traslado a&nbsp;<strong>Sinaloa<\/strong>&nbsp;y su ascenso en el mundo del crimen, desde una juventud marcada por el vandalismo hasta convertirse en una figura relevante dentro de&nbsp;<strong>\u201cLos Chapitos\u201d<\/strong>.<\/p>\n\n\n\n<p>Entre los temas mencionados en la canci\u00f3n est\u00e1n su gusto por los carros modificados, las desveladas, las armas y la m\u00fasica, elementos que reflejan la vida de lujo y peligros que lo rodeaban. Asimismo, el corrido resalta su discreci\u00f3n y habilidad para mantenerse \u201cdesapercibido\u201d mientras consolidaba su carrera criminal.<\/p>\n\n\n\n<p><em>\u201cFum\u00e1ndome un cigarrito rojo<\/em><\/p>\n\n\n\n<p><em>Platicando de negocios con amigos y con socios<\/em><\/p>\n\n\n\n<p><em>As\u00ed, siempre desapercibido<\/em><\/p>\n\n\n\n<p><em>Con un porte distinguido y no la hago de misterioso<\/em><\/p>\n\n\n\n<p><em>verse<\/em><\/p>\n\n\n\n<p><em>Soy bastante bueno y bondadoso<\/em><\/p>\n\n\n\n<p><em>Pero si le topetean, soy bastante belicoso<\/em><\/p>\n\n\n\n<p><em>Me gustan mucho las desveladas<\/em><\/p>\n\n\n\n<p><em>Y con toditas las damas bastante caballeroso<\/em><\/p>\n\n\n\n<p><em>verse<\/em><\/p>\n\n\n\n<p><em>Me sal\u00ed muy plebe de mi rancho<\/em><\/p>\n\n\n\n<p><em>De P\u00e9njamo, Guanajuato y me les vine de inmediato<\/em><\/p>\n\n\n\n<p><em>Nunca me gust\u00f3 esa vida dura<\/em><\/p>\n\n\n\n<p><em>Y me vine a la calentura para empezar la aventura<\/em><\/p>\n\n\n\n<p><em>verse<\/em><\/p>\n\n\n\n<p><em>No sab\u00eda mucho de la doctrina<\/em><\/p>\n\n\n\n<p><em>Ustedes ya se imaginan de la vida malandrina<\/em><\/p>\n\n\n\n<p><em>Pero con esfuerzo y con trabajo<\/em><\/p>\n\n\n\n<p><em>Sube lo que estaba abajo y agradezco al que me trajo<\/em><\/p>\n\n\n\n<p><em>verse<\/em><\/p>\n\n\n\n<p><em>Carros, lujos y tambi\u00e9n dinero<\/em><\/p>\n\n\n\n<p><em>La m\u00fasica en el est\u00e9reo, ya se volvieron costumbre<\/em><\/p>\n\n\n\n<p><em>Antes andaba en mi patineta<\/em><\/p>\n\n\n\n<p><em>Y rayando en las banquetas en el vandalismo anduve<\/em><\/p>\n\n\n\n<p><em>verse<\/em><\/p>\n\n\n\n<p><em>Ahora me paseo con mis carros<\/em><\/p>\n\n\n\n<p><em>Me gustan los alterados con motor modificado<\/em><\/p>\n\n\n\n<p><em>Pero hay unos que son especiales<\/em><\/p>\n\n\n\n<p><em>Y tambi\u00e9n muy esenciales, los carros de la Volkswagen<\/em><\/p>\n\n\n\n<p><em>bridge<\/em><\/p>\n\n\n\n<p><em>Ah\u00ed venimos bien jalados<\/em><\/p>\n\n\n\n<p><em>Puro M\u00e1ximo Grado, ah\u00ed, tranquil\u00f3n, \u00a1juy!<\/em><\/p>\n\n\n\n<p><em>Eso<\/em><\/p>\n\n\n\n<p><em>verse<\/em><\/p>\n\n\n\n<p><em>Cuando destapo una Buchanan o un Tecate<\/em><\/p>\n\n\n\n<p><em>Se me viene a la cabeza personas muy importantes<\/em><\/p>\n\n\n\n<p><em>Mi primo, una persona tan fina<\/em><\/p>\n\n\n\n<p><em>Que si en oro lo mol\u00eda, pesaba muchos quilates<\/em><\/p>\n\n\n\n<p><em>verse<\/em><\/p>\n\n\n\n<p><em>Tolo se te quiere y se te extra\u00f1a<\/em><\/p>\n\n\n\n<p><em>Recuerdo la gran haza\u00f1a cuando no pis\u00e9 la c\u00e1rcel<\/em><\/p>\n\n\n\n<p><em>A mi madre doy gracias por esta vida<\/em><\/p>\n\n\n\n<p><em>Por ser tan buena conmigo y por sacarnos adelante<\/em><\/p>\n\n\n\n<p><em>verse<\/em><\/p>\n\n\n\n<p><em>Bob Esponja es mi clave y apodo<\/em><\/p>\n\n\n\n<p><em>Y no porque me miren solo piensen que no tengo apoyo<\/em><\/p>\n\n\n\n<p><em>No me gusta mostrar mi charola<\/em><\/p>\n\n\n\n<p><em>Pero cuando se requieren yo hago cuando algo se atora<\/em><\/p>\n\n\n\n<p><em>verse<\/em><\/p>\n\n\n\n<p><em>Me mirar\u00e1n siempre muy seguido<\/em><\/p>\n\n\n\n<p><em>Paseando en el Sinaloa, siempre vestido a la moda<\/em><\/p>\n\n\n\n<p><em>Nunca me gusta andar en problemas<\/em><\/p>\n\n\n\n<p><em>Pero cuando se requiere, tambi\u00e9n tengo mi pistola<\/em><\/p>\n\n\n\n<p><em>verse<\/em><\/p>\n\n\n\n<p><em>Fum\u00e1ndome un cigarrito rojo<\/em><\/p>\n\n\n\n<p><em>Mi mente la desalojo y me concentro en el negocio<\/em><\/p>\n\n\n\n<p><em>As\u00ed siempre desapercibido<\/em><\/p>\n\n\n\n<p><em>Sin hacerles tanto ruido paso por muchos caminos<\/em><\/p>\n\n\n\n<p><em>verse<\/em><\/p>\n\n\n\n<p><em>Siempre recuerdo que estuve abajo<\/em><\/p>\n\n\n\n<p><em>Pero ahorita lo que tengo es porque me cost\u00f3 trabajo<\/em><\/p>\n\n\n\n<p><em>Aqu\u00ed les dejo todos mis datos<\/em><\/p>\n\n\n\n<p><em>Y cuando quieran un trato menci\u00f3nenme por el Bob<\/em><\/p>\n\n\n\n<p><em>Por el Bob o el compa Marco\u201d.<\/em><\/p>\n","protected":false},"excerpt":{"rendered":"<p>Marco Antonio S\u00e1nchez Mu\u00f1oz, alias&nbsp;\u201cEl Bob Esponja\u201d, presunto miembro de&nbsp;\u201cLos Chapitos\u201d, fue encontrado muerto este jueves 23 de enero en el fraccionamiento Villa Bonita, al sur de Culiac\u00e1n, Sinaloa. Su cuerpo fue hallado con signos de tortura, esposado, con el rostro cubierto y con disparos de arma de fuego. Junto al cuerpo tambi\u00e9n dejaron un [&hellip;]<\/p>\n","protected":false},"author":1,"featured_media":23609,"comment_status":"closed","ping_status":"closed","sticky":false,"template":"","format":"aside","meta":{"googlesitekit_rrm_CAowytPeCw:productID":"","footnotes":""},"categories":[3],"tags":[527],"class_list":["post-23608","post","type-post","status-publish","format-aside","has-post-thumbnail","hentry","category-nacional","tag-culiacan","post_format-post-format-aside"],"yoast_head":"<!-- This site is optimized with the Yoast SEO plugin v27.4 - https:\/\/yoast.com\/product\/yoast-seo-wordpress\/ -->\n<title>Asesinan en Culiac\u00e1n a \u201cEl Bob Esponja\u201d, integrante de \u201cLos Chapitos\u201d y compadre de \u201cEl Piyi\u201d |<\/title>\n<meta name=\"robots\" content=\"index, follow, max-snippet:-1, max-image-preview:large, max-video-preview:-1\" \/>\n<link rel=\"canonical\" href=\"https:\/\/conexionnacional.mx\/index.php\/2025\/01\/24\/asesinan-en-culiacan-a-el-bob-esponja-integrante-de-los-chapitos-y-compadre-de-el-piyi\/\" \/>\n<meta property=\"og:locale\" content=\"es_MX\" \/>\n<meta property=\"og:type\" content=\"article\" \/>\n<meta property=\"og:title\" content=\"Asesinan en Culiac\u00e1n a \u201cEl Bob Esponja\u201d, integrante de \u201cLos Chapitos\u201d y compadre de \u201cEl Piyi\u201d |\" \/>\n<meta property=\"og:description\" content=\"Marco Antonio S\u00e1nchez Mu\u00f1oz, alias&nbsp;\u201cEl Bob Esponja\u201d, presunto miembro de&nbsp;\u201cLos Chapitos\u201d, fue encontrado muerto este jueves 23 de enero en el fraccionamiento Villa Bonita, al sur de Culiac\u00e1n, Sinaloa. Su cuerpo fue hallado con signos de tortura, esposado, con el rostro cubierto y con disparos de arma de fuego. Junto al cuerpo tambi\u00e9n dejaron un [&hellip;]\" \/>\n<meta property=\"og:url\" content=\"https:\/\/conexionnacional.mx\/index.php\/2025\/01\/24\/asesinan-en-culiacan-a-el-bob-esponja-integrante-de-los-chapitos-y-compadre-de-el-piyi\/\" \/>\n<meta property=\"og:site_name\" content=\"Conexi\u00f3n Nacional\" \/>\n<meta property=\"article:publisher\" content=\"https:\/\/www.facebook.com\/cnmxradio\" \/>\n<meta property=\"article:published_time\" content=\"2025-01-24T23:30:26+00:00\" \/>\n<meta property=\"article:modified_time\" content=\"2025-01-24T23:30:28+00:00\" \/>\n<meta name=\"author\" content=\"Conexi\u00f3n Nacional\" \/>\n<meta name=\"twitter:card\" content=\"summary_large_image\" \/>\n<meta name=\"twitter:label1\" content=\"Escrito por\" \/>\n\t<meta name=\"twitter:data1\" content=\"Conexi\u00f3n Nacional\" \/>\n\t<meta name=\"twitter:label2\" content=\"Tiempo de lectura\" \/>\n\t<meta name=\"twitter:data2\" content=\"5 minutos\" \/>\n<script type=\"application\/ld+json\" class=\"yoast-schema-graph\">{\"@context\":\"https:\\\/\\\/schema.org\",\"@graph\":[{\"@type\":\"Article\",\"@id\":\"https:\\\/\\\/conexionnacional.mx\\\/index.php\\\/2025\\\/01\\\/24\\\/asesinan-en-culiacan-a-el-bob-esponja-integrante-de-los-chapitos-y-compadre-de-el-piyi\\\/#article\",\"isPartOf\":{\"@id\":\"https:\\\/\\\/conexionnacional.mx\\\/index.php\\\/2025\\\/01\\\/24\\\/asesinan-en-culiacan-a-el-bob-esponja-integrante-de-los-chapitos-y-compadre-de-el-piyi\\\/\"},\"author\":{\"name\":\"Conexi\u00f3n Nacional\",\"@id\":\"https:\\\/\\\/conexionnacional.mx\\\/#\\\/schema\\\/person\\\/dd14aeda902120f5e0e021903fdb6931\"},\"headline\":\"Asesinan en Culiac\u00e1n a \u201cEl Bob Esponja\u201d, integrante de \u201cLos Chapitos\u201d y compadre de \u201cEl Piyi\u201d\",\"datePublished\":\"2025-01-24T23:30:26+00:00\",\"dateModified\":\"2025-01-24T23:30:28+00:00\",\"mainEntityOfPage\":{\"@id\":\"https:\\\/\\\/conexionnacional.mx\\\/index.php\\\/2025\\\/01\\\/24\\\/asesinan-en-culiacan-a-el-bob-esponja-integrante-de-los-chapitos-y-compadre-de-el-piyi\\\/\"},\"wordCount\":1070,\"publisher\":{\"@id\":\"https:\\\/\\\/conexionnacional.mx\\\/#organization\"},\"image\":{\"@id\":\"https:\\\/\\\/conexionnacional.mx\\\/index.php\\\/2025\\\/01\\\/24\\\/asesinan-en-culiacan-a-el-bob-esponja-integrante-de-los-chapitos-y-compadre-de-el-piyi\\\/#primaryimage\"},\"thumbnailUrl\":\"https:\\\/\\\/conexionnacional.mx\\\/wp-content\\\/uploads\\\/2025\\\/01\\\/E6UQ5Q7C7RDHTHNZZU5MQQBPSM.avif\",\"keywords\":[\"Culiac\u00e1n\"],\"articleSection\":[\"Nacional\"],\"inLanguage\":\"es\"},{\"@type\":\"WebPage\",\"@id\":\"https:\\\/\\\/conexionnacional.mx\\\/index.php\\\/2025\\\/01\\\/24\\\/asesinan-en-culiacan-a-el-bob-esponja-integrante-de-los-chapitos-y-compadre-de-el-piyi\\\/\",\"url\":\"https:\\\/\\\/conexionnacional.mx\\\/index.php\\\/2025\\\/01\\\/24\\\/asesinan-en-culiacan-a-el-bob-esponja-integrante-de-los-chapitos-y-compadre-de-el-piyi\\\/\",\"name\":\"Asesinan en Culiac\u00e1n a \u201cEl Bob Esponja\u201d, integrante de \u201cLos Chapitos\u201d y compadre de \u201cEl Piyi\u201d |\",\"isPartOf\":{\"@id\":\"https:\\\/\\\/conexionnacional.mx\\\/#website\"},\"primaryImageOfPage\":{\"@id\":\"https:\\\/\\\/conexionnacional.mx\\\/index.php\\\/2025\\\/01\\\/24\\\/asesinan-en-culiacan-a-el-bob-esponja-integrante-de-los-chapitos-y-compadre-de-el-piyi\\\/#primaryimage\"},\"image\":{\"@id\":\"https:\\\/\\\/conexionnacional.mx\\\/index.php\\\/2025\\\/01\\\/24\\\/asesinan-en-culiacan-a-el-bob-esponja-integrante-de-los-chapitos-y-compadre-de-el-piyi\\\/#primaryimage\"},\"thumbnailUrl\":\"https:\\\/\\\/conexionnacional.mx\\\/wp-content\\\/uploads\\\/2025\\\/01\\\/E6UQ5Q7C7RDHTHNZZU5MQQBPSM.avif\",\"datePublished\":\"2025-01-24T23:30:26+00:00\",\"dateModified\":\"2025-01-24T23:30:28+00:00\",\"breadcrumb\":{\"@id\":\"https:\\\/\\\/conexionnacional.mx\\\/index.php\\\/2025\\\/01\\\/24\\\/asesinan-en-culiacan-a-el-bob-esponja-integrante-de-los-chapitos-y-compadre-de-el-piyi\\\/#breadcrumb\"},\"inLanguage\":\"es\",\"potentialAction\":[{\"@type\":\"ReadAction\",\"target\":[\"https:\\\/\\\/conexionnacional.mx\\\/index.php\\\/2025\\\/01\\\/24\\\/asesinan-en-culiacan-a-el-bob-esponja-integrante-de-los-chapitos-y-compadre-de-el-piyi\\\/\"]}]},{\"@type\":\"ImageObject\",\"inLanguage\":\"es\",\"@id\":\"https:\\\/\\\/conexionnacional.mx\\\/index.php\\\/2025\\\/01\\\/24\\\/asesinan-en-culiacan-a-el-bob-esponja-integrante-de-los-chapitos-y-compadre-de-el-piyi\\\/#primaryimage\",\"url\":\"https:\\\/\\\/conexionnacional.mx\\\/wp-content\\\/uploads\\\/2025\\\/01\\\/E6UQ5Q7C7RDHTHNZZU5MQQBPSM.avif\",\"contentUrl\":\"https:\\\/\\\/conexionnacional.mx\\\/wp-content\\\/uploads\\\/2025\\\/01\\\/E6UQ5Q7C7RDHTHNZZU5MQQBPSM.avif\",\"width\":992,\"height\":558},{\"@type\":\"BreadcrumbList\",\"@id\":\"https:\\\/\\\/conexionnacional.mx\\\/index.php\\\/2025\\\/01\\\/24\\\/asesinan-en-culiacan-a-el-bob-esponja-integrante-de-los-chapitos-y-compadre-de-el-piyi\\\/#breadcrumb\",\"itemListElement\":[{\"@type\":\"ListItem\",\"position\":1,\"name\":\"Inicio\",\"item\":\"https:\\\/\\\/conexionnacional.mx\\\/\"},{\"@type\":\"ListItem\",\"position\":2,\"name\":\"Asesinan en Culiac\u00e1n a \u201cEl Bob Esponja\u201d, integrante de \u201cLos Chapitos\u201d y compadre de \u201cEl Piyi\u201d\"}]},{\"@type\":\"WebSite\",\"@id\":\"https:\\\/\\\/conexionnacional.mx\\\/#website\",\"url\":\"https:\\\/\\\/conexionnacional.mx\\\/\",\"name\":\"Conexi\u00f3n Nacional\",\"description\":\"Noticias al momento\",\"publisher\":{\"@id\":\"https:\\\/\\\/conexionnacional.mx\\\/#organization\"},\"alternateName\":\"Noticias nacionales\",\"potentialAction\":[{\"@type\":\"SearchAction\",\"target\":{\"@type\":\"EntryPoint\",\"urlTemplate\":\"https:\\\/\\\/conexionnacional.mx\\\/?s={search_term_string}\"},\"query-input\":{\"@type\":\"PropertyValueSpecification\",\"valueRequired\":true,\"valueName\":\"search_term_string\"}}],\"inLanguage\":\"es\"},{\"@type\":\"Organization\",\"@id\":\"https:\\\/\\\/conexionnacional.mx\\\/#organization\",\"name\":\"Conexi\u00f3n Nacional\",\"url\":\"https:\\\/\\\/conexionnacional.mx\\\/\",\"logo\":{\"@type\":\"ImageObject\",\"inLanguage\":\"es\",\"@id\":\"https:\\\/\\\/conexionnacional.mx\\\/#\\\/schema\\\/logo\\\/image\\\/\",\"url\":\"https:\\\/\\\/conexionnacional.mx\\\/wp-content\\\/uploads\\\/2022\\\/09\\\/conexion_nacional.png\",\"contentUrl\":\"https:\\\/\\\/conexionnacional.mx\\\/wp-content\\\/uploads\\\/2022\\\/09\\\/conexion_nacional.png\",\"width\":2964,\"height\":1173,\"caption\":\"Conexi\u00f3n Nacional\"},\"image\":{\"@id\":\"https:\\\/\\\/conexionnacional.mx\\\/#\\\/schema\\\/logo\\\/image\\\/\"},\"sameAs\":[\"https:\\\/\\\/www.facebook.com\\\/cnmxradio\"]},{\"@type\":\"Person\",\"@id\":\"https:\\\/\\\/conexionnacional.mx\\\/#\\\/schema\\\/person\\\/dd14aeda902120f5e0e021903fdb6931\",\"name\":\"Conexi\u00f3n Nacional\",\"image\":{\"@type\":\"ImageObject\",\"inLanguage\":\"es\",\"@id\":\"https:\\\/\\\/secure.gravatar.com\\\/avatar\\\/e523100f284110b2ecca7e17b2be9cf140a5e8f35294c9ec0543e6916cc1f9be?s=96&d=blank&r=g\",\"url\":\"https:\\\/\\\/secure.gravatar.com\\\/avatar\\\/e523100f284110b2ecca7e17b2be9cf140a5e8f35294c9ec0543e6916cc1f9be?s=96&d=blank&r=g\",\"contentUrl\":\"https:\\\/\\\/secure.gravatar.com\\\/avatar\\\/e523100f284110b2ecca7e17b2be9cf140a5e8f35294c9ec0543e6916cc1f9be?s=96&d=blank&r=g\",\"caption\":\"Conexi\u00f3n Nacional\"},\"sameAs\":[\"https:\\\/\\\/conexionnacional.mx\"],\"url\":\"https:\\\/\\\/conexionnacional.mx\\\/index.php\\\/author\\\/administrador\\\/\"}]}<\/script>\n<!-- \/ Yoast SEO plugin. -->","yoast_head_json":{"title":"Asesinan en Culiac\u00e1n a \u201cEl Bob Esponja\u201d, integrante de \u201cLos Chapitos\u201d y compadre de \u201cEl Piyi\u201d |","robots":{"index":"index","follow":"follow","max-snippet":"max-snippet:-1","max-image-preview":"max-image-preview:large","max-video-preview":"max-video-preview:-1"},"canonical":"https:\/\/conexionnacional.mx\/index.php\/2025\/01\/24\/asesinan-en-culiacan-a-el-bob-esponja-integrante-de-los-chapitos-y-compadre-de-el-piyi\/","og_locale":"es_MX","og_type":"article","og_title":"Asesinan en Culiac\u00e1n a \u201cEl Bob Esponja\u201d, integrante de \u201cLos Chapitos\u201d y compadre de \u201cEl Piyi\u201d |","og_description":"Marco Antonio S\u00e1nchez Mu\u00f1oz, alias&nbsp;\u201cEl Bob Esponja\u201d, presunto miembro de&nbsp;\u201cLos Chapitos\u201d, fue encontrado muerto este jueves 23 de enero en el fraccionamiento Villa Bonita, al sur de Culiac\u00e1n, Sinaloa. Su cuerpo fue hallado con signos de tortura, esposado, con el rostro cubierto y con disparos de arma de fuego. Junto al cuerpo tambi\u00e9n dejaron un [&hellip;]","og_url":"https:\/\/conexionnacional.mx\/index.php\/2025\/01\/24\/asesinan-en-culiacan-a-el-bob-esponja-integrante-de-los-chapitos-y-compadre-de-el-piyi\/","og_site_name":"Conexi\u00f3n Nacional","article_publisher":"https:\/\/www.facebook.com\/cnmxradio","article_published_time":"2025-01-24T23:30:26+00:00","article_modified_time":"2025-01-24T23:30:28+00:00","author":"Conexi\u00f3n Nacional","twitter_card":"summary_large_image","twitter_misc":{"Escrito por":"Conexi\u00f3n Nacional","Tiempo de lectura":"5 minutos"},"schema":{"@context":"https:\/\/schema.org","@graph":[{"@type":"Article","@id":"https:\/\/conexionnacional.mx\/index.php\/2025\/01\/24\/asesinan-en-culiacan-a-el-bob-esponja-integrante-de-los-chapitos-y-compadre-de-el-piyi\/#article","isPartOf":{"@id":"https:\/\/conexionnacional.mx\/index.php\/2025\/01\/24\/asesinan-en-culiacan-a-el-bob-esponja-integrante-de-los-chapitos-y-compadre-de-el-piyi\/"},"author":{"name":"Conexi\u00f3n Nacional","@id":"https:\/\/conexionnacional.mx\/#\/schema\/person\/dd14aeda902120f5e0e021903fdb6931"},"headline":"Asesinan en Culiac\u00e1n a \u201cEl Bob Esponja\u201d, integrante de \u201cLos Chapitos\u201d y compadre de \u201cEl Piyi\u201d","datePublished":"2025-01-24T23:30:26+00:00","dateModified":"2025-01-24T23:30:28+00:00","mainEntityOfPage":{"@id":"https:\/\/conexionnacional.mx\/index.php\/2025\/01\/24\/asesinan-en-culiacan-a-el-bob-esponja-integrante-de-los-chapitos-y-compadre-de-el-piyi\/"},"wordCount":1070,"publisher":{"@id":"https:\/\/conexionnacional.mx\/#organization"},"image":{"@id":"https:\/\/conexionnacional.mx\/index.php\/2025\/01\/24\/asesinan-en-culiacan-a-el-bob-esponja-integrante-de-los-chapitos-y-compadre-de-el-piyi\/#primaryimage"},"thumbnailUrl":"https:\/\/conexionnacional.mx\/wp-content\/uploads\/2025\/01\/E6UQ5Q7C7RDHTHNZZU5MQQBPSM.avif","keywords":["Culiac\u00e1n"],"articleSection":["Nacional"],"inLanguage":"es"},{"@type":"WebPage","@id":"https:\/\/conexionnacional.mx\/index.php\/2025\/01\/24\/asesinan-en-culiacan-a-el-bob-esponja-integrante-de-los-chapitos-y-compadre-de-el-piyi\/","url":"https:\/\/conexionnacional.mx\/index.php\/2025\/01\/24\/asesinan-en-culiacan-a-el-bob-esponja-integrante-de-los-chapitos-y-compadre-de-el-piyi\/","name":"Asesinan en Culiac\u00e1n a \u201cEl Bob Esponja\u201d, integrante de \u201cLos Chapitos\u201d y compadre de \u201cEl Piyi\u201d |","isPartOf":{"@id":"https:\/\/conexionnacional.mx\/#website"},"primaryImageOfPage":{"@id":"https:\/\/conexionnacional.mx\/index.php\/2025\/01\/24\/asesinan-en-culiacan-a-el-bob-esponja-integrante-de-los-chapitos-y-compadre-de-el-piyi\/#primaryimage"},"image":{"@id":"https:\/\/conexionnacional.mx\/index.php\/2025\/01\/24\/asesinan-en-culiacan-a-el-bob-esponja-integrante-de-los-chapitos-y-compadre-de-el-piyi\/#primaryimage"},"thumbnailUrl":"https:\/\/conexionnacional.mx\/wp-content\/uploads\/2025\/01\/E6UQ5Q7C7RDHTHNZZU5MQQBPSM.avif","datePublished":"2025-01-24T23:30:26+00:00","dateModified":"2025-01-24T23:30:28+00:00","breadcrumb":{"@id":"https:\/\/conexionnacional.mx\/index.php\/2025\/01\/24\/asesinan-en-culiacan-a-el-bob-esponja-integrante-de-los-chapitos-y-compadre-de-el-piyi\/#breadcrumb"},"inLanguage":"es","potentialAction":[{"@type":"ReadAction","target":["https:\/\/conexionnacional.mx\/index.php\/2025\/01\/24\/asesinan-en-culiacan-a-el-bob-esponja-integrante-de-los-chapitos-y-compadre-de-el-piyi\/"]}]},{"@type":"ImageObject","inLanguage":"es","@id":"https:\/\/conexionnacional.mx\/index.php\/2025\/01\/24\/asesinan-en-culiacan-a-el-bob-esponja-integrante-de-los-chapitos-y-compadre-de-el-piyi\/#primaryimage","url":"https:\/\/conexionnacional.mx\/wp-content\/uploads\/2025\/01\/E6UQ5Q7C7RDHTHNZZU5MQQBPSM.avif","contentUrl":"https:\/\/conexionnacional.mx\/wp-content\/uploads\/2025\/01\/E6UQ5Q7C7RDHTHNZZU5MQQBPSM.avif","width":992,"height":558},{"@type":"BreadcrumbList","@id":"https:\/\/conexionnacional.mx\/index.php\/2025\/01\/24\/asesinan-en-culiacan-a-el-bob-esponja-integrante-de-los-chapitos-y-compadre-de-el-piyi\/#breadcrumb","itemListElement":[{"@type":"ListItem","position":1,"name":"Inicio","item":"https:\/\/conexionnacional.mx\/"},{"@type":"ListItem","position":2,"name":"Asesinan en Culiac\u00e1n a \u201cEl Bob Esponja\u201d, integrante de \u201cLos Chapitos\u201d y compadre de \u201cEl Piyi\u201d"}]},{"@type":"WebSite","@id":"https:\/\/conexionnacional.mx\/#website","url":"https:\/\/conexionnacional.mx\/","name":"Conexi\u00f3n Nacional","description":"Noticias al momento","publisher":{"@id":"https:\/\/conexionnacional.mx\/#organization"},"alternateName":"Noticias nacionales","potentialAction":[{"@type":"SearchAction","target":{"@type":"EntryPoint","urlTemplate":"https:\/\/conexionnacional.mx\/?s={search_term_string}"},"query-input":{"@type":"PropertyValueSpecification","valueRequired":true,"valueName":"search_term_string"}}],"inLanguage":"es"},{"@type":"Organization","@id":"https:\/\/conexionnacional.mx\/#organization","name":"Conexi\u00f3n Nacional","url":"https:\/\/conexionnacional.mx\/","logo":{"@type":"ImageObject","inLanguage":"es","@id":"https:\/\/conexionnacional.mx\/#\/schema\/logo\/image\/","url":"https:\/\/conexionnacional.mx\/wp-content\/uploads\/2022\/09\/conexion_nacional.png","contentUrl":"https:\/\/conexionnacional.mx\/wp-content\/uploads\/2022\/09\/conexion_nacional.png","width":2964,"height":1173,"caption":"Conexi\u00f3n Nacional"},"image":{"@id":"https:\/\/conexionnacional.mx\/#\/schema\/logo\/image\/"},"sameAs":["https:\/\/www.facebook.com\/cnmxradio"]},{"@type":"Person","@id":"https:\/\/conexionnacional.mx\/#\/schema\/person\/dd14aeda902120f5e0e021903fdb6931","name":"Conexi\u00f3n Nacional","image":{"@type":"ImageObject","inLanguage":"es","@id":"https:\/\/secure.gravatar.com\/avatar\/e523100f284110b2ecca7e17b2be9cf140a5e8f35294c9ec0543e6916cc1f9be?s=96&d=blank&r=g","url":"https:\/\/secure.gravatar.com\/avatar\/e523100f284110b2ecca7e17b2be9cf140a5e8f35294c9ec0543e6916cc1f9be?s=96&d=blank&r=g","contentUrl":"https:\/\/secure.gravatar.com\/avatar\/e523100f284110b2ecca7e17b2be9cf140a5e8f35294c9ec0543e6916cc1f9be?s=96&d=blank&r=g","caption":"Conexi\u00f3n Nacional"},"sameAs":["https:\/\/conexionnacional.mx"],"url":"https:\/\/conexionnacional.mx\/index.php\/author\/administrador\/"}]}},"_links":{"self":[{"href":"https:\/\/conexionnacional.mx\/index.php\/wp-json\/wp\/v2\/posts\/23608","targetHints":{"allow":["GET"]}}],"collection":[{"href":"https:\/\/conexionnacional.mx\/index.php\/wp-json\/wp\/v2\/posts"}],"about":[{"href":"https:\/\/conexionnacional.mx\/index.php\/wp-json\/wp\/v2\/types\/post"}],"author":[{"embeddable":true,"href":"https:\/\/conexionnacional.mx\/index.php\/wp-json\/wp\/v2\/users\/1"}],"replies":[{"embeddable":true,"href":"https:\/\/conexionnacional.mx\/index.php\/wp-json\/wp\/v2\/comments?post=23608"}],"version-history":[{"count":1,"href":"https:\/\/conexionnacional.mx\/index.php\/wp-json\/wp\/v2\/posts\/23608\/revisions"}],"predecessor-version":[{"id":23610,"href":"https:\/\/conexionnacional.mx\/index.php\/wp-json\/wp\/v2\/posts\/23608\/revisions\/23610"}],"wp:featuredmedia":[{"embeddable":true,"href":"https:\/\/conexionnacional.mx\/index.php\/wp-json\/wp\/v2\/media\/23609"}],"wp:attachment":[{"href":"https:\/\/conexionnacional.mx\/index.php\/wp-json\/wp\/v2\/media?parent=23608"}],"wp:term":[{"taxonomy":"category","embeddable":true,"href":"https:\/\/conexionnacional.mx\/index.php\/wp-json\/wp\/v2\/categories?post=23608"},{"taxonomy":"post_tag","embeddable":true,"href":"https:\/\/conexionnacional.mx\/index.php\/wp-json\/wp\/v2\/tags?post=23608"}],"curies":[{"name":"wp","href":"https:\/\/api.w.org\/{rel}","templated":true}]}}