{"id":23605,"date":"2025-01-24T16:39:16","date_gmt":"2025-01-24T22:39:16","guid":{"rendered":"https:\/\/conexionnacional.mx\/?p=23605"},"modified":"2025-01-24T16:39:18","modified_gmt":"2025-01-24T22:39:18","slug":"brote-de-virus-coxsackie-obliga-a-suspender-clases-en-primaria-de-oaxaca","status":"publish","type":"post","link":"https:\/\/conexionnacional.mx\/index.php\/2025\/01\/24\/brote-de-virus-coxsackie-obliga-a-suspender-clases-en-primaria-de-oaxaca\/","title":{"rendered":"Brote de virus coxsackie obliga a suspender clases en primaria de Oaxaca"},"content":{"rendered":"\n<p>A causa de un&nbsp;<strong>brote del virus coxsackie, conocido como \u201cmano-pie-boca\u201d<\/strong>, que provoca llagas dolorosas en la boca y salpullido en manos y pies en menores de edad, la Escuela Primaria \u201cFrancisco J. M\u00fajica\u201d, ubicada en el Centro Hist\u00f3rico, suspendi\u00f3 clases ayer y hoy viernes.<\/p>\n\n\n\n<p>Minerva Alavez Gir\u00f3n, directora del plantel, inform\u00f3 que un grupo de estudiantes present\u00f3 s\u00edntomas del padecimiento, por lo que, como medida preventiva, se determin\u00f3 la suspensi\u00f3n de actividades para&nbsp;<strong>evitar la propagaci\u00f3n del virus.<\/strong><\/p>\n\n\n\n<p>Este viernes, el personal directivo, acad\u00e9mico y auxiliares de la escuela reciben asesor\u00eda de los<strong>&nbsp;Servicios de Salud de Oaxaca (SSO)<\/strong>&nbsp;y del \u00e1rea de Seguridad y Emergencia del Instituto Estatal de Educaci\u00f3n P\u00fablica de Oaxaca (IEEPO). La invitaci\u00f3n a participar en esta capacitaci\u00f3n fue extendida a padres y madres de familia.<\/p>\n\n\n\n<p>La profesora y directora exhort\u00f3 a los tutores a reforzar las medidas de higiene en casa, incluyendo:<\/p>\n\n\n\n<ul class=\"wp-block-list\">\n<li>Lavado constante de manos.<\/li>\n\n\n\n<li>Desinfecci\u00f3n de objetos de uso diario.<\/li>\n\n\n\n<li>Aislamiento de los casos sospechosos.<\/li>\n\n\n\n<li>Consulta m\u00e9dica inmediata.<\/li>\n<\/ul>\n\n\n\n<h2 class=\"wp-block-heading\"><strong>\u00bfQu\u00e9 es el virus coxsackie?<\/strong><\/h2>\n\n\n\n<p>El virus coxsackie se transmite de persona a persona, generalmente por la falta de lavado adecuado de manos y el contacto con superficies contaminadas con excremento, donde puede sobrevivir durante varios d\u00edas.<\/p>\n\n\n\n<p>En la mayor\u00eda de los casos, este virus provoca s\u00edntomas similares a los de la gripe, como fiebre, malestar general y salpullido. Aunque suelen desaparecer sin tratamiento, en ocasiones pueden derivar en infecciones m\u00e1s graves que requieren atenci\u00f3n m\u00e9dica.<\/p>\n","protected":false},"excerpt":{"rendered":"<p>A causa de un&nbsp;brote del virus coxsackie, conocido como \u201cmano-pie-boca\u201d, que provoca llagas dolorosas en la boca y salpullido en manos y pies en menores de edad, la Escuela Primaria \u201cFrancisco J. M\u00fajica\u201d, ubicada en el Centro Hist\u00f3rico, suspendi\u00f3 clases ayer y hoy viernes. Minerva Alavez Gir\u00f3n, directora del plantel, inform\u00f3 que un grupo de [&hellip;]<\/p>\n","protected":false},"author":1,"featured_media":23606,"comment_status":"closed","ping_status":"closed","sticky":false,"template":"","format":"aside","meta":{"googlesitekit_rrm_CAowytPeCw:productID":"","footnotes":""},"categories":[3],"tags":[8901],"class_list":["post-23605","post","type-post","status-publish","format-aside","has-post-thumbnail","hentry","category-nacional","tag-virus-coxsackie","post_format-post-format-aside"],"yoast_head":"<!-- This site is optimized with the Yoast SEO plugin v27.4 - https:\/\/yoast.com\/product\/yoast-seo-wordpress\/ -->\n<title>Brote de virus coxsackie obliga a suspender clases en primaria de Oaxaca |<\/title>\n<meta name=\"robots\" content=\"index, follow, max-snippet:-1, max-image-preview:large, max-video-preview:-1\" \/>\n<link rel=\"canonical\" href=\"https:\/\/conexionnacional.mx\/index.php\/2025\/01\/24\/brote-de-virus-coxsackie-obliga-a-suspender-clases-en-primaria-de-oaxaca\/\" \/>\n<meta property=\"og:locale\" content=\"es_MX\" \/>\n<meta property=\"og:type\" content=\"article\" \/>\n<meta property=\"og:title\" content=\"Brote de virus coxsackie obliga a suspender clases en primaria de Oaxaca |\" \/>\n<meta property=\"og:description\" content=\"A causa de un&nbsp;brote del virus coxsackie, conocido como \u201cmano-pie-boca\u201d, que provoca llagas dolorosas en la boca y salpullido en manos y pies en menores de edad, la Escuela Primaria \u201cFrancisco J. M\u00fajica\u201d, ubicada en el Centro Hist\u00f3rico, suspendi\u00f3 clases ayer y hoy viernes. Minerva Alavez Gir\u00f3n, directora del plantel, inform\u00f3 que un grupo de [&hellip;]\" \/>\n<meta property=\"og:url\" content=\"https:\/\/conexionnacional.mx\/index.php\/2025\/01\/24\/brote-de-virus-coxsackie-obliga-a-suspender-clases-en-primaria-de-oaxaca\/\" \/>\n<meta property=\"og:site_name\" content=\"Conexi\u00f3n Nacional\" \/>\n<meta property=\"article:publisher\" content=\"https:\/\/www.facebook.com\/cnmxradio\" \/>\n<meta property=\"article:published_time\" content=\"2025-01-24T22:39:16+00:00\" \/>\n<meta property=\"article:modified_time\" content=\"2025-01-24T22:39:18+00:00\" \/>\n<meta property=\"og:image\" content=\"https:\/\/conexionnacional.mx\/wp-content\/uploads\/2025\/01\/3247855.webp\" \/>\n\t<meta property=\"og:image:width\" content=\"800\" \/>\n\t<meta property=\"og:image:height\" content=\"600\" \/>\n\t<meta property=\"og:image:type\" content=\"image\/webp\" \/>\n<meta name=\"author\" content=\"Conexi\u00f3n Nacional\" \/>\n<meta name=\"twitter:card\" content=\"summary_large_image\" \/>\n<meta name=\"twitter:label1\" content=\"Escrito por\" \/>\n\t<meta name=\"twitter:data1\" content=\"Conexi\u00f3n Nacional\" \/>\n\t<meta name=\"twitter:label2\" content=\"Tiempo de lectura\" \/>\n\t<meta name=\"twitter:data2\" content=\"2 minutos\" \/>\n<script type=\"application\/ld+json\" class=\"yoast-schema-graph\">{\"@context\":\"https:\\\/\\\/schema.org\",\"@graph\":[{\"@type\":\"Article\",\"@id\":\"https:\\\/\\\/conexionnacional.mx\\\/index.php\\\/2025\\\/01\\\/24\\\/brote-de-virus-coxsackie-obliga-a-suspender-clases-en-primaria-de-oaxaca\\\/#article\",\"isPartOf\":{\"@id\":\"https:\\\/\\\/conexionnacional.mx\\\/index.php\\\/2025\\\/01\\\/24\\\/brote-de-virus-coxsackie-obliga-a-suspender-clases-en-primaria-de-oaxaca\\\/\"},\"author\":{\"name\":\"Conexi\u00f3n Nacional\",\"@id\":\"https:\\\/\\\/conexionnacional.mx\\\/#\\\/schema\\\/person\\\/dd14aeda902120f5e0e021903fdb6931\"},\"headline\":\"Brote de virus coxsackie obliga a suspender clases en primaria de Oaxaca\",\"datePublished\":\"2025-01-24T22:39:16+00:00\",\"dateModified\":\"2025-01-24T22:39:18+00:00\",\"mainEntityOfPage\":{\"@id\":\"https:\\\/\\\/conexionnacional.mx\\\/index.php\\\/2025\\\/01\\\/24\\\/brote-de-virus-coxsackie-obliga-a-suspender-clases-en-primaria-de-oaxaca\\\/\"},\"wordCount\":278,\"publisher\":{\"@id\":\"https:\\\/\\\/conexionnacional.mx\\\/#organization\"},\"image\":{\"@id\":\"https:\\\/\\\/conexionnacional.mx\\\/index.php\\\/2025\\\/01\\\/24\\\/brote-de-virus-coxsackie-obliga-a-suspender-clases-en-primaria-de-oaxaca\\\/#primaryimage\"},\"thumbnailUrl\":\"https:\\\/\\\/conexionnacional.mx\\\/wp-content\\\/uploads\\\/2025\\\/01\\\/3247855.webp\",\"keywords\":[\"virus coxsackie\"],\"articleSection\":[\"Nacional\"],\"inLanguage\":\"es\"},{\"@type\":\"WebPage\",\"@id\":\"https:\\\/\\\/conexionnacional.mx\\\/index.php\\\/2025\\\/01\\\/24\\\/brote-de-virus-coxsackie-obliga-a-suspender-clases-en-primaria-de-oaxaca\\\/\",\"url\":\"https:\\\/\\\/conexionnacional.mx\\\/index.php\\\/2025\\\/01\\\/24\\\/brote-de-virus-coxsackie-obliga-a-suspender-clases-en-primaria-de-oaxaca\\\/\",\"name\":\"Brote de virus coxsackie obliga a suspender clases en primaria de Oaxaca |\",\"isPartOf\":{\"@id\":\"https:\\\/\\\/conexionnacional.mx\\\/#website\"},\"primaryImageOfPage\":{\"@id\":\"https:\\\/\\\/conexionnacional.mx\\\/index.php\\\/2025\\\/01\\\/24\\\/brote-de-virus-coxsackie-obliga-a-suspender-clases-en-primaria-de-oaxaca\\\/#primaryimage\"},\"image\":{\"@id\":\"https:\\\/\\\/conexionnacional.mx\\\/index.php\\\/2025\\\/01\\\/24\\\/brote-de-virus-coxsackie-obliga-a-suspender-clases-en-primaria-de-oaxaca\\\/#primaryimage\"},\"thumbnailUrl\":\"https:\\\/\\\/conexionnacional.mx\\\/wp-content\\\/uploads\\\/2025\\\/01\\\/3247855.webp\",\"datePublished\":\"2025-01-24T22:39:16+00:00\",\"dateModified\":\"2025-01-24T22:39:18+00:00\",\"breadcrumb\":{\"@id\":\"https:\\\/\\\/conexionnacional.mx\\\/index.php\\\/2025\\\/01\\\/24\\\/brote-de-virus-coxsackie-obliga-a-suspender-clases-en-primaria-de-oaxaca\\\/#breadcrumb\"},\"inLanguage\":\"es\",\"potentialAction\":[{\"@type\":\"ReadAction\",\"target\":[\"https:\\\/\\\/conexionnacional.mx\\\/index.php\\\/2025\\\/01\\\/24\\\/brote-de-virus-coxsackie-obliga-a-suspender-clases-en-primaria-de-oaxaca\\\/\"]}]},{\"@type\":\"ImageObject\",\"inLanguage\":\"es\",\"@id\":\"https:\\\/\\\/conexionnacional.mx\\\/index.php\\\/2025\\\/01\\\/24\\\/brote-de-virus-coxsackie-obliga-a-suspender-clases-en-primaria-de-oaxaca\\\/#primaryimage\",\"url\":\"https:\\\/\\\/conexionnacional.mx\\\/wp-content\\\/uploads\\\/2025\\\/01\\\/3247855.webp\",\"contentUrl\":\"https:\\\/\\\/conexionnacional.mx\\\/wp-content\\\/uploads\\\/2025\\\/01\\\/3247855.webp\",\"width\":800,\"height\":600},{\"@type\":\"BreadcrumbList\",\"@id\":\"https:\\\/\\\/conexionnacional.mx\\\/index.php\\\/2025\\\/01\\\/24\\\/brote-de-virus-coxsackie-obliga-a-suspender-clases-en-primaria-de-oaxaca\\\/#breadcrumb\",\"itemListElement\":[{\"@type\":\"ListItem\",\"position\":1,\"name\":\"Inicio\",\"item\":\"https:\\\/\\\/conexionnacional.mx\\\/\"},{\"@type\":\"ListItem\",\"position\":2,\"name\":\"Brote de virus coxsackie obliga a suspender clases en primaria de Oaxaca\"}]},{\"@type\":\"WebSite\",\"@id\":\"https:\\\/\\\/conexionnacional.mx\\\/#website\",\"url\":\"https:\\\/\\\/conexionnacional.mx\\\/\",\"name\":\"Conexi\u00f3n Nacional\",\"description\":\"Noticias al momento\",\"publisher\":{\"@id\":\"https:\\\/\\\/conexionnacional.mx\\\/#organization\"},\"alternateName\":\"Noticias nacionales\",\"potentialAction\":[{\"@type\":\"SearchAction\",\"target\":{\"@type\":\"EntryPoint\",\"urlTemplate\":\"https:\\\/\\\/conexionnacional.mx\\\/?s={search_term_string}\"},\"query-input\":{\"@type\":\"PropertyValueSpecification\",\"valueRequired\":true,\"valueName\":\"search_term_string\"}}],\"inLanguage\":\"es\"},{\"@type\":\"Organization\",\"@id\":\"https:\\\/\\\/conexionnacional.mx\\\/#organization\",\"name\":\"Conexi\u00f3n Nacional\",\"url\":\"https:\\\/\\\/conexionnacional.mx\\\/\",\"logo\":{\"@type\":\"ImageObject\",\"inLanguage\":\"es\",\"@id\":\"https:\\\/\\\/conexionnacional.mx\\\/#\\\/schema\\\/logo\\\/image\\\/\",\"url\":\"https:\\\/\\\/conexionnacional.mx\\\/wp-content\\\/uploads\\\/2022\\\/09\\\/conexion_nacional.png\",\"contentUrl\":\"https:\\\/\\\/conexionnacional.mx\\\/wp-content\\\/uploads\\\/2022\\\/09\\\/conexion_nacional.png\",\"width\":2964,\"height\":1173,\"caption\":\"Conexi\u00f3n Nacional\"},\"image\":{\"@id\":\"https:\\\/\\\/conexionnacional.mx\\\/#\\\/schema\\\/logo\\\/image\\\/\"},\"sameAs\":[\"https:\\\/\\\/www.facebook.com\\\/cnmxradio\"]},{\"@type\":\"Person\",\"@id\":\"https:\\\/\\\/conexionnacional.mx\\\/#\\\/schema\\\/person\\\/dd14aeda902120f5e0e021903fdb6931\",\"name\":\"Conexi\u00f3n Nacional\",\"image\":{\"@type\":\"ImageObject\",\"inLanguage\":\"es\",\"@id\":\"https:\\\/\\\/secure.gravatar.com\\\/avatar\\\/e523100f284110b2ecca7e17b2be9cf140a5e8f35294c9ec0543e6916cc1f9be?s=96&d=blank&r=g\",\"url\":\"https:\\\/\\\/secure.gravatar.com\\\/avatar\\\/e523100f284110b2ecca7e17b2be9cf140a5e8f35294c9ec0543e6916cc1f9be?s=96&d=blank&r=g\",\"contentUrl\":\"https:\\\/\\\/secure.gravatar.com\\\/avatar\\\/e523100f284110b2ecca7e17b2be9cf140a5e8f35294c9ec0543e6916cc1f9be?s=96&d=blank&r=g\",\"caption\":\"Conexi\u00f3n Nacional\"},\"sameAs\":[\"https:\\\/\\\/conexionnacional.mx\"],\"url\":\"https:\\\/\\\/conexionnacional.mx\\\/index.php\\\/author\\\/administrador\\\/\"}]}<\/script>\n<!-- \/ Yoast SEO plugin. -->","yoast_head_json":{"title":"Brote de virus coxsackie obliga a suspender clases en primaria de Oaxaca |","robots":{"index":"index","follow":"follow","max-snippet":"max-snippet:-1","max-image-preview":"max-image-preview:large","max-video-preview":"max-video-preview:-1"},"canonical":"https:\/\/conexionnacional.mx\/index.php\/2025\/01\/24\/brote-de-virus-coxsackie-obliga-a-suspender-clases-en-primaria-de-oaxaca\/","og_locale":"es_MX","og_type":"article","og_title":"Brote de virus coxsackie obliga a suspender clases en primaria de Oaxaca |","og_description":"A causa de un&nbsp;brote del virus coxsackie, conocido como \u201cmano-pie-boca\u201d, que provoca llagas dolorosas en la boca y salpullido en manos y pies en menores de edad, la Escuela Primaria \u201cFrancisco J. M\u00fajica\u201d, ubicada en el Centro Hist\u00f3rico, suspendi\u00f3 clases ayer y hoy viernes. Minerva Alavez Gir\u00f3n, directora del plantel, inform\u00f3 que un grupo de [&hellip;]","og_url":"https:\/\/conexionnacional.mx\/index.php\/2025\/01\/24\/brote-de-virus-coxsackie-obliga-a-suspender-clases-en-primaria-de-oaxaca\/","og_site_name":"Conexi\u00f3n Nacional","article_publisher":"https:\/\/www.facebook.com\/cnmxradio","article_published_time":"2025-01-24T22:39:16+00:00","article_modified_time":"2025-01-24T22:39:18+00:00","og_image":[{"width":800,"height":600,"url":"https:\/\/conexionnacional.mx\/wp-content\/uploads\/2025\/01\/3247855.webp","type":"image\/webp"}],"author":"Conexi\u00f3n Nacional","twitter_card":"summary_large_image","twitter_misc":{"Escrito por":"Conexi\u00f3n Nacional","Tiempo de lectura":"2 minutos"},"schema":{"@context":"https:\/\/schema.org","@graph":[{"@type":"Article","@id":"https:\/\/conexionnacional.mx\/index.php\/2025\/01\/24\/brote-de-virus-coxsackie-obliga-a-suspender-clases-en-primaria-de-oaxaca\/#article","isPartOf":{"@id":"https:\/\/conexionnacional.mx\/index.php\/2025\/01\/24\/brote-de-virus-coxsackie-obliga-a-suspender-clases-en-primaria-de-oaxaca\/"},"author":{"name":"Conexi\u00f3n Nacional","@id":"https:\/\/conexionnacional.mx\/#\/schema\/person\/dd14aeda902120f5e0e021903fdb6931"},"headline":"Brote de virus coxsackie obliga a suspender clases en primaria de Oaxaca","datePublished":"2025-01-24T22:39:16+00:00","dateModified":"2025-01-24T22:39:18+00:00","mainEntityOfPage":{"@id":"https:\/\/conexionnacional.mx\/index.php\/2025\/01\/24\/brote-de-virus-coxsackie-obliga-a-suspender-clases-en-primaria-de-oaxaca\/"},"wordCount":278,"publisher":{"@id":"https:\/\/conexionnacional.mx\/#organization"},"image":{"@id":"https:\/\/conexionnacional.mx\/index.php\/2025\/01\/24\/brote-de-virus-coxsackie-obliga-a-suspender-clases-en-primaria-de-oaxaca\/#primaryimage"},"thumbnailUrl":"https:\/\/conexionnacional.mx\/wp-content\/uploads\/2025\/01\/3247855.webp","keywords":["virus coxsackie"],"articleSection":["Nacional"],"inLanguage":"es"},{"@type":"WebPage","@id":"https:\/\/conexionnacional.mx\/index.php\/2025\/01\/24\/brote-de-virus-coxsackie-obliga-a-suspender-clases-en-primaria-de-oaxaca\/","url":"https:\/\/conexionnacional.mx\/index.php\/2025\/01\/24\/brote-de-virus-coxsackie-obliga-a-suspender-clases-en-primaria-de-oaxaca\/","name":"Brote de virus coxsackie obliga a suspender clases en primaria de Oaxaca |","isPartOf":{"@id":"https:\/\/conexionnacional.mx\/#website"},"primaryImageOfPage":{"@id":"https:\/\/conexionnacional.mx\/index.php\/2025\/01\/24\/brote-de-virus-coxsackie-obliga-a-suspender-clases-en-primaria-de-oaxaca\/#primaryimage"},"image":{"@id":"https:\/\/conexionnacional.mx\/index.php\/2025\/01\/24\/brote-de-virus-coxsackie-obliga-a-suspender-clases-en-primaria-de-oaxaca\/#primaryimage"},"thumbnailUrl":"https:\/\/conexionnacional.mx\/wp-content\/uploads\/2025\/01\/3247855.webp","datePublished":"2025-01-24T22:39:16+00:00","dateModified":"2025-01-24T22:39:18+00:00","breadcrumb":{"@id":"https:\/\/conexionnacional.mx\/index.php\/2025\/01\/24\/brote-de-virus-coxsackie-obliga-a-suspender-clases-en-primaria-de-oaxaca\/#breadcrumb"},"inLanguage":"es","potentialAction":[{"@type":"ReadAction","target":["https:\/\/conexionnacional.mx\/index.php\/2025\/01\/24\/brote-de-virus-coxsackie-obliga-a-suspender-clases-en-primaria-de-oaxaca\/"]}]},{"@type":"ImageObject","inLanguage":"es","@id":"https:\/\/conexionnacional.mx\/index.php\/2025\/01\/24\/brote-de-virus-coxsackie-obliga-a-suspender-clases-en-primaria-de-oaxaca\/#primaryimage","url":"https:\/\/conexionnacional.mx\/wp-content\/uploads\/2025\/01\/3247855.webp","contentUrl":"https:\/\/conexionnacional.mx\/wp-content\/uploads\/2025\/01\/3247855.webp","width":800,"height":600},{"@type":"BreadcrumbList","@id":"https:\/\/conexionnacional.mx\/index.php\/2025\/01\/24\/brote-de-virus-coxsackie-obliga-a-suspender-clases-en-primaria-de-oaxaca\/#breadcrumb","itemListElement":[{"@type":"ListItem","position":1,"name":"Inicio","item":"https:\/\/conexionnacional.mx\/"},{"@type":"ListItem","position":2,"name":"Brote de virus coxsackie obliga a suspender clases en primaria de Oaxaca"}]},{"@type":"WebSite","@id":"https:\/\/conexionnacional.mx\/#website","url":"https:\/\/conexionnacional.mx\/","name":"Conexi\u00f3n Nacional","description":"Noticias al momento","publisher":{"@id":"https:\/\/conexionnacional.mx\/#organization"},"alternateName":"Noticias nacionales","potentialAction":[{"@type":"SearchAction","target":{"@type":"EntryPoint","urlTemplate":"https:\/\/conexionnacional.mx\/?s={search_term_string}"},"query-input":{"@type":"PropertyValueSpecification","valueRequired":true,"valueName":"search_term_string"}}],"inLanguage":"es"},{"@type":"Organization","@id":"https:\/\/conexionnacional.mx\/#organization","name":"Conexi\u00f3n Nacional","url":"https:\/\/conexionnacional.mx\/","logo":{"@type":"ImageObject","inLanguage":"es","@id":"https:\/\/conexionnacional.mx\/#\/schema\/logo\/image\/","url":"https:\/\/conexionnacional.mx\/wp-content\/uploads\/2022\/09\/conexion_nacional.png","contentUrl":"https:\/\/conexionnacional.mx\/wp-content\/uploads\/2022\/09\/conexion_nacional.png","width":2964,"height":1173,"caption":"Conexi\u00f3n Nacional"},"image":{"@id":"https:\/\/conexionnacional.mx\/#\/schema\/logo\/image\/"},"sameAs":["https:\/\/www.facebook.com\/cnmxradio"]},{"@type":"Person","@id":"https:\/\/conexionnacional.mx\/#\/schema\/person\/dd14aeda902120f5e0e021903fdb6931","name":"Conexi\u00f3n Nacional","image":{"@type":"ImageObject","inLanguage":"es","@id":"https:\/\/secure.gravatar.com\/avatar\/e523100f284110b2ecca7e17b2be9cf140a5e8f35294c9ec0543e6916cc1f9be?s=96&d=blank&r=g","url":"https:\/\/secure.gravatar.com\/avatar\/e523100f284110b2ecca7e17b2be9cf140a5e8f35294c9ec0543e6916cc1f9be?s=96&d=blank&r=g","contentUrl":"https:\/\/secure.gravatar.com\/avatar\/e523100f284110b2ecca7e17b2be9cf140a5e8f35294c9ec0543e6916cc1f9be?s=96&d=blank&r=g","caption":"Conexi\u00f3n Nacional"},"sameAs":["https:\/\/conexionnacional.mx"],"url":"https:\/\/conexionnacional.mx\/index.php\/author\/administrador\/"}]}},"_links":{"self":[{"href":"https:\/\/conexionnacional.mx\/index.php\/wp-json\/wp\/v2\/posts\/23605","targetHints":{"allow":["GET"]}}],"collection":[{"href":"https:\/\/conexionnacional.mx\/index.php\/wp-json\/wp\/v2\/posts"}],"about":[{"href":"https:\/\/conexionnacional.mx\/index.php\/wp-json\/wp\/v2\/types\/post"}],"author":[{"embeddable":true,"href":"https:\/\/conexionnacional.mx\/index.php\/wp-json\/wp\/v2\/users\/1"}],"replies":[{"embeddable":true,"href":"https:\/\/conexionnacional.mx\/index.php\/wp-json\/wp\/v2\/comments?post=23605"}],"version-history":[{"count":1,"href":"https:\/\/conexionnacional.mx\/index.php\/wp-json\/wp\/v2\/posts\/23605\/revisions"}],"predecessor-version":[{"id":23607,"href":"https:\/\/conexionnacional.mx\/index.php\/wp-json\/wp\/v2\/posts\/23605\/revisions\/23607"}],"wp:featuredmedia":[{"embeddable":true,"href":"https:\/\/conexionnacional.mx\/index.php\/wp-json\/wp\/v2\/media\/23606"}],"wp:attachment":[{"href":"https:\/\/conexionnacional.mx\/index.php\/wp-json\/wp\/v2\/media?parent=23605"}],"wp:term":[{"taxonomy":"category","embeddable":true,"href":"https:\/\/conexionnacional.mx\/index.php\/wp-json\/wp\/v2\/categories?post=23605"},{"taxonomy":"post_tag","embeddable":true,"href":"https:\/\/conexionnacional.mx\/index.php\/wp-json\/wp\/v2\/tags?post=23605"}],"curies":[{"name":"wp","href":"https:\/\/api.w.org\/{rel}","templated":true}]}}