{"id":23602,"date":"2025-01-24T11:40:55","date_gmt":"2025-01-24T17:40:55","guid":{"rendered":"https:\/\/conexionnacional.mx\/?p=23602"},"modified":"2025-01-24T11:40:57","modified_gmt":"2025-01-24T17:40:57","slug":"marino-mexicano-relata-como-vivio-su-secuestro-por-rebeldes-huties-en-yemen","status":"publish","type":"post","link":"https:\/\/conexionnacional.mx\/index.php\/2025\/01\/24\/marino-mexicano-relata-como-vivio-su-secuestro-por-rebeldes-huties-en-yemen\/","title":{"rendered":"Marino mexicano relata c\u00f3mo vivi\u00f3 su secuestro por rebeldes hut\u00edes en Yemen"},"content":{"rendered":"\n<p>El 19 de noviembre de 2023,&nbsp;<strong>Arturo Zacar\u00edas y Marcos G\u00f3mez<\/strong>, dos tripulantes del&nbsp;<strong>buque Galaxy Leader en el Mar Rojo<\/strong>, fueron secuestrados por rebeldes hut\u00edes de Yemen. En este nav\u00edo viajaban 25 personas de diferentes partes del mundo. Sin saber que su barco formar\u00eda&nbsp;<strong>parte de la guerra entre Israel y Ham\u00e1s<\/strong>, Arturo relat\u00f3 en informaci\u00f3n difundida&nbsp;en&nbsp;<strong>Imagen Noticias&nbsp;<\/strong>con&nbsp;<strong>Paco Zea&nbsp;<\/strong>lo que sucedi\u00f3 ese d\u00eda del secuestro:<\/p>\n\n\n\n<figure class=\"wp-block-embed is-type-video is-provider-youtube wp-block-embed-youtube wp-embed-aspect-16-9 wp-has-aspect-ratio\"><div class=\"wp-block-embed__wrapper\">\n<div class=\"jlvid_container \"><iframe title=\"Arturo Zacar\u00edas, marino mexicano, relata c\u00f3mo vivi\u00f3 su secuestro por rebeldes hut\u00edes\" width=\"1200\" height=\"675\" src=\"https:\/\/www.youtube.com\/embed\/3cRzPF2wu6Q?feature=oembed\" frameborder=\"0\" allow=\"accelerometer; autoplay; clipboard-write; encrypted-media; gyroscope; picture-in-picture; web-share\" referrerpolicy=\"strict-origin-when-cross-origin\" allowfullscreen><\/iframe><\/div>\n<\/div><\/figure>\n\n\n\n<blockquote class=\"wp-block-quote is-layout-flow wp-block-quote-is-layout-flow\">\n<p>&#8220;Fue muy feo los primeros d\u00edas porque nosotros no sab\u00edamos por qu\u00e9 estaba pasando. Nosotros no ten\u00edamos ninguna noticia. Al menos yo no sab\u00eda que hab\u00eda una guerra. Estaba embarcado ya desde cinco meses antes. Estaba viendo una serie cuando, de repente, se escuch\u00f3 un ruido\u2026 Y pues era un helic\u00f3ptero. Entonces el capit\u00e1n del barco nos dijo: \u2018j\u00f3venes, r\u00edndanse, no intenten nada, tenemos&#8230; no dijo la palabra piratas, dijo catchers\u2019. Lleg\u00f3 el helic\u00f3ptero y no pudimos hacer nada&#8221;.<\/p>\n<\/blockquote>\n\n\n\n<p>Arturo cont\u00f3 que los rebeldes movieron el barco y que subi\u00f3 m\u00e1s gente, entre ellos traductores, quienes les explicaron el porqu\u00e9 de la retenci\u00f3n.<\/p>\n\n\n\n<blockquote class=\"wp-block-quote is-layout-flow wp-block-quote-is-layout-flow\">\n<p>&#8220;Lo primero que nos dijeron fue: \u2018no somos piratas, somos del pa\u00eds de Yemen, del grupo de los hut\u00edes, no se preocupen, todo va a estar bien, s\u00f3lo necesitamos su cooperaci\u00f3n. Cuando se acabe la guerra, ustedes se van, porque est\u00e1n trabajando en un barco cuyo due\u00f1o es de Israel\u2019&#8221;.<\/p>\n<\/blockquote>\n\n\n\n<p>De inmediato, los hut\u00edes comenzaron sus operaciones.<\/p>\n\n\n\n<blockquote class=\"wp-block-quote is-layout-flow wp-block-quote-is-layout-flow\">\n<p>&#8220;A uno por uno nos entrevistaron, nos preguntaron de d\u00f3nde \u00e9ramos, cu\u00e1l era nuestro nombre, cu\u00e1l era nuestro trabajo en el barco, y si sab\u00edamos que el due\u00f1o de la empresa era israel\u00ed&#8221;, a\u00f1adi\u00f3 Arturo.<\/p>\n<\/blockquote>\n\n\n\n<p>De acuerdo con Arturo, dentro del barco&nbsp;<strong>el trato nunca fue violento.<\/strong><\/p>\n\n\n\n<blockquote class=\"wp-block-quote is-layout-flow wp-block-quote-is-layout-flow\">\n<p>&#8220;Nunca nos falt\u00f3 la comida, el agua, no nos trataron mal. All\u00e1 nos trataron como si siempre fu\u00e9ramos sus invitados. Nosotros no \u00e9ramos rehenes, no \u00e9ramos prisioneros, \u00e9ramos sus invitados. Nos llevaron algunos folletos y platicaron de la guerra que hab\u00eda en Palestina&#8221;.<\/p>\n<\/blockquote>\n\n\n\n<p>Aun as\u00ed, el evento para \u00e9l sigue siendo desagradable.<\/p>\n\n\n\n<blockquote class=\"wp-block-quote is-layout-flow wp-block-quote-is-layout-flow\">\n<p>&#8220;No puedo decir que nos trataron mal, pero el estar encerrados y no saber cu\u00e1ndo \u00edbamos a volver a casa, eso era lo que psicol\u00f3gicamente, mentalmente, nos torturaba all\u00e1&#8221;.<\/p>\n<\/blockquote>\n\n\n\n<p>Arturo y Marcos estuvieron m\u00e1s de un a\u00f1o en el buque, hasta que el acuerdo del cese al fuego en Gaza inici\u00f3 hace unos d\u00edas.<\/p>\n\n\n\n<blockquote class=\"wp-block-quote is-layout-flow wp-block-quote-is-layout-flow\">\n<p>&#8220;Cuando entr\u00f3 el domingo, resulta que se retrasa el cese al fuego dos horas\u2026 Ese fue otro sentimiento. Ya est\u00e1bamos bien contentos de que se iba a acabar la guerra. Es que no s\u00e9 qu\u00e9 sentir, no me cae el 20 de que ya nos vamos a ir a nuestras casas despu\u00e9s de un a\u00f1o y dos meses. Pues s\u00ed, era algo incre\u00edble&#8221;.<\/p>\n<\/blockquote>\n\n\n\n<p>Finalmente, Arturo agradeci\u00f3 a las autoridades mexicanas el \u00e9xito de los acuerdos para su liberaci\u00f3n y cont\u00f3 qu\u00e9 sigue tras este episodio amargo:<\/p>\n\n\n\n<blockquote class=\"wp-block-quote is-layout-flow wp-block-quote-is-layout-flow\">\n<p>&#8220;Por el momento quiero relajarme, no quiero pensar nada de esto que pas\u00f3. Para m\u00ed fue solamente un cap\u00edtulo de mi vida que no quiero recordar. Solamente me toc\u00f3 estar en el momento y lugar equivocado. Ya despu\u00e9s creo que seguir\u00e9 con la profesi\u00f3n, pero ya no por aquellos rumbos&#8221;, as\u00ed concluy\u00f3 la entrevista.<\/p>\n<\/blockquote>\n","protected":false},"excerpt":{"rendered":"<p>El 19 de noviembre de 2023,&nbsp;Arturo Zacar\u00edas y Marcos G\u00f3mez, dos tripulantes del&nbsp;buque Galaxy Leader en el Mar Rojo, fueron secuestrados por rebeldes hut\u00edes de Yemen. En este nav\u00edo viajaban 25 personas de diferentes partes del mundo. Sin saber que su barco formar\u00eda&nbsp;parte de la guerra entre Israel y Ham\u00e1s, Arturo relat\u00f3 en informaci\u00f3n difundida&nbsp;en&nbsp;Imagen [&hellip;]<\/p>\n","protected":false},"author":1,"featured_media":23603,"comment_status":"closed","ping_status":"closed","sticky":false,"template":"","format":"aside","meta":{"googlesitekit_rrm_CAowytPeCw:productID":"","footnotes":""},"categories":[3],"tags":[8900],"class_list":["post-23602","post","type-post","status-publish","format-aside","has-post-thumbnail","hentry","category-nacional","tag-marino-mexicano","post_format-post-format-aside"],"yoast_head":"<!-- This site is optimized with the Yoast SEO plugin v27.4 - https:\/\/yoast.com\/product\/yoast-seo-wordpress\/ -->\n<title>Marino mexicano relata c\u00f3mo vivi\u00f3 su secuestro por rebeldes hut\u00edes en Yemen |<\/title>\n<meta name=\"robots\" content=\"index, follow, max-snippet:-1, max-image-preview:large, max-video-preview:-1\" \/>\n<link rel=\"canonical\" href=\"https:\/\/conexionnacional.mx\/index.php\/2025\/01\/24\/marino-mexicano-relata-como-vivio-su-secuestro-por-rebeldes-huties-en-yemen\/\" \/>\n<meta property=\"og:locale\" content=\"es_MX\" \/>\n<meta property=\"og:type\" content=\"article\" \/>\n<meta property=\"og:title\" content=\"Marino mexicano relata c\u00f3mo vivi\u00f3 su secuestro por rebeldes hut\u00edes en Yemen |\" \/>\n<meta property=\"og:description\" content=\"El 19 de noviembre de 2023,&nbsp;Arturo Zacar\u00edas y Marcos G\u00f3mez, dos tripulantes del&nbsp;buque Galaxy Leader en el Mar Rojo, fueron secuestrados por rebeldes hut\u00edes de Yemen. En este nav\u00edo viajaban 25 personas de diferentes partes del mundo. Sin saber que su barco formar\u00eda&nbsp;parte de la guerra entre Israel y Ham\u00e1s, Arturo relat\u00f3 en informaci\u00f3n difundida&nbsp;en&nbsp;Imagen [&hellip;]\" \/>\n<meta property=\"og:url\" content=\"https:\/\/conexionnacional.mx\/index.php\/2025\/01\/24\/marino-mexicano-relata-como-vivio-su-secuestro-por-rebeldes-huties-en-yemen\/\" \/>\n<meta property=\"og:site_name\" content=\"Conexi\u00f3n Nacional\" \/>\n<meta property=\"article:publisher\" content=\"https:\/\/www.facebook.com\/cnmxradio\" \/>\n<meta property=\"article:published_time\" content=\"2025-01-24T17:40:55+00:00\" \/>\n<meta property=\"article:modified_time\" content=\"2025-01-24T17:40:57+00:00\" \/>\n<meta property=\"og:image\" content=\"https:\/\/conexionnacional.mx\/wp-content\/uploads\/2025\/01\/3247864.webp\" \/>\n\t<meta property=\"og:image:width\" content=\"800\" \/>\n\t<meta property=\"og:image:height\" content=\"600\" \/>\n\t<meta property=\"og:image:type\" content=\"image\/webp\" \/>\n<meta name=\"author\" content=\"Conexi\u00f3n Nacional\" \/>\n<meta name=\"twitter:card\" content=\"summary_large_image\" \/>\n<meta name=\"twitter:label1\" content=\"Escrito por\" \/>\n\t<meta name=\"twitter:data1\" content=\"Conexi\u00f3n Nacional\" \/>\n\t<meta name=\"twitter:label2\" content=\"Tiempo de lectura\" \/>\n\t<meta name=\"twitter:data2\" content=\"1 minuto\" \/>\n<script type=\"application\/ld+json\" class=\"yoast-schema-graph\">{\"@context\":\"https:\\\/\\\/schema.org\",\"@graph\":[{\"@type\":\"Article\",\"@id\":\"https:\\\/\\\/conexionnacional.mx\\\/index.php\\\/2025\\\/01\\\/24\\\/marino-mexicano-relata-como-vivio-su-secuestro-por-rebeldes-huties-en-yemen\\\/#article\",\"isPartOf\":{\"@id\":\"https:\\\/\\\/conexionnacional.mx\\\/index.php\\\/2025\\\/01\\\/24\\\/marino-mexicano-relata-como-vivio-su-secuestro-por-rebeldes-huties-en-yemen\\\/\"},\"author\":{\"name\":\"Conexi\u00f3n Nacional\",\"@id\":\"https:\\\/\\\/conexionnacional.mx\\\/#\\\/schema\\\/person\\\/dd14aeda902120f5e0e021903fdb6931\"},\"headline\":\"Marino mexicano relata c\u00f3mo vivi\u00f3 su secuestro por rebeldes hut\u00edes en Yemen\",\"datePublished\":\"2025-01-24T17:40:55+00:00\",\"dateModified\":\"2025-01-24T17:40:57+00:00\",\"mainEntityOfPage\":{\"@id\":\"https:\\\/\\\/conexionnacional.mx\\\/index.php\\\/2025\\\/01\\\/24\\\/marino-mexicano-relata-como-vivio-su-secuestro-por-rebeldes-huties-en-yemen\\\/\"},\"wordCount\":597,\"publisher\":{\"@id\":\"https:\\\/\\\/conexionnacional.mx\\\/#organization\"},\"image\":{\"@id\":\"https:\\\/\\\/conexionnacional.mx\\\/index.php\\\/2025\\\/01\\\/24\\\/marino-mexicano-relata-como-vivio-su-secuestro-por-rebeldes-huties-en-yemen\\\/#primaryimage\"},\"thumbnailUrl\":\"https:\\\/\\\/conexionnacional.mx\\\/wp-content\\\/uploads\\\/2025\\\/01\\\/3247864.webp\",\"keywords\":[\"Marino mexicano\"],\"articleSection\":[\"Nacional\"],\"inLanguage\":\"es\"},{\"@type\":\"WebPage\",\"@id\":\"https:\\\/\\\/conexionnacional.mx\\\/index.php\\\/2025\\\/01\\\/24\\\/marino-mexicano-relata-como-vivio-su-secuestro-por-rebeldes-huties-en-yemen\\\/\",\"url\":\"https:\\\/\\\/conexionnacional.mx\\\/index.php\\\/2025\\\/01\\\/24\\\/marino-mexicano-relata-como-vivio-su-secuestro-por-rebeldes-huties-en-yemen\\\/\",\"name\":\"Marino mexicano relata c\u00f3mo vivi\u00f3 su secuestro por rebeldes hut\u00edes en Yemen |\",\"isPartOf\":{\"@id\":\"https:\\\/\\\/conexionnacional.mx\\\/#website\"},\"primaryImageOfPage\":{\"@id\":\"https:\\\/\\\/conexionnacional.mx\\\/index.php\\\/2025\\\/01\\\/24\\\/marino-mexicano-relata-como-vivio-su-secuestro-por-rebeldes-huties-en-yemen\\\/#primaryimage\"},\"image\":{\"@id\":\"https:\\\/\\\/conexionnacional.mx\\\/index.php\\\/2025\\\/01\\\/24\\\/marino-mexicano-relata-como-vivio-su-secuestro-por-rebeldes-huties-en-yemen\\\/#primaryimage\"},\"thumbnailUrl\":\"https:\\\/\\\/conexionnacional.mx\\\/wp-content\\\/uploads\\\/2025\\\/01\\\/3247864.webp\",\"datePublished\":\"2025-01-24T17:40:55+00:00\",\"dateModified\":\"2025-01-24T17:40:57+00:00\",\"breadcrumb\":{\"@id\":\"https:\\\/\\\/conexionnacional.mx\\\/index.php\\\/2025\\\/01\\\/24\\\/marino-mexicano-relata-como-vivio-su-secuestro-por-rebeldes-huties-en-yemen\\\/#breadcrumb\"},\"inLanguage\":\"es\",\"potentialAction\":[{\"@type\":\"ReadAction\",\"target\":[\"https:\\\/\\\/conexionnacional.mx\\\/index.php\\\/2025\\\/01\\\/24\\\/marino-mexicano-relata-como-vivio-su-secuestro-por-rebeldes-huties-en-yemen\\\/\"]}]},{\"@type\":\"ImageObject\",\"inLanguage\":\"es\",\"@id\":\"https:\\\/\\\/conexionnacional.mx\\\/index.php\\\/2025\\\/01\\\/24\\\/marino-mexicano-relata-como-vivio-su-secuestro-por-rebeldes-huties-en-yemen\\\/#primaryimage\",\"url\":\"https:\\\/\\\/conexionnacional.mx\\\/wp-content\\\/uploads\\\/2025\\\/01\\\/3247864.webp\",\"contentUrl\":\"https:\\\/\\\/conexionnacional.mx\\\/wp-content\\\/uploads\\\/2025\\\/01\\\/3247864.webp\",\"width\":800,\"height\":600},{\"@type\":\"BreadcrumbList\",\"@id\":\"https:\\\/\\\/conexionnacional.mx\\\/index.php\\\/2025\\\/01\\\/24\\\/marino-mexicano-relata-como-vivio-su-secuestro-por-rebeldes-huties-en-yemen\\\/#breadcrumb\",\"itemListElement\":[{\"@type\":\"ListItem\",\"position\":1,\"name\":\"Inicio\",\"item\":\"https:\\\/\\\/conexionnacional.mx\\\/\"},{\"@type\":\"ListItem\",\"position\":2,\"name\":\"Marino mexicano relata c\u00f3mo vivi\u00f3 su secuestro por rebeldes hut\u00edes en Yemen\"}]},{\"@type\":\"WebSite\",\"@id\":\"https:\\\/\\\/conexionnacional.mx\\\/#website\",\"url\":\"https:\\\/\\\/conexionnacional.mx\\\/\",\"name\":\"Conexi\u00f3n Nacional\",\"description\":\"Noticias al momento\",\"publisher\":{\"@id\":\"https:\\\/\\\/conexionnacional.mx\\\/#organization\"},\"alternateName\":\"Noticias nacionales\",\"potentialAction\":[{\"@type\":\"SearchAction\",\"target\":{\"@type\":\"EntryPoint\",\"urlTemplate\":\"https:\\\/\\\/conexionnacional.mx\\\/?s={search_term_string}\"},\"query-input\":{\"@type\":\"PropertyValueSpecification\",\"valueRequired\":true,\"valueName\":\"search_term_string\"}}],\"inLanguage\":\"es\"},{\"@type\":\"Organization\",\"@id\":\"https:\\\/\\\/conexionnacional.mx\\\/#organization\",\"name\":\"Conexi\u00f3n Nacional\",\"url\":\"https:\\\/\\\/conexionnacional.mx\\\/\",\"logo\":{\"@type\":\"ImageObject\",\"inLanguage\":\"es\",\"@id\":\"https:\\\/\\\/conexionnacional.mx\\\/#\\\/schema\\\/logo\\\/image\\\/\",\"url\":\"https:\\\/\\\/conexionnacional.mx\\\/wp-content\\\/uploads\\\/2022\\\/09\\\/conexion_nacional.png\",\"contentUrl\":\"https:\\\/\\\/conexionnacional.mx\\\/wp-content\\\/uploads\\\/2022\\\/09\\\/conexion_nacional.png\",\"width\":2964,\"height\":1173,\"caption\":\"Conexi\u00f3n Nacional\"},\"image\":{\"@id\":\"https:\\\/\\\/conexionnacional.mx\\\/#\\\/schema\\\/logo\\\/image\\\/\"},\"sameAs\":[\"https:\\\/\\\/www.facebook.com\\\/cnmxradio\"]},{\"@type\":\"Person\",\"@id\":\"https:\\\/\\\/conexionnacional.mx\\\/#\\\/schema\\\/person\\\/dd14aeda902120f5e0e021903fdb6931\",\"name\":\"Conexi\u00f3n Nacional\",\"image\":{\"@type\":\"ImageObject\",\"inLanguage\":\"es\",\"@id\":\"https:\\\/\\\/secure.gravatar.com\\\/avatar\\\/e523100f284110b2ecca7e17b2be9cf140a5e8f35294c9ec0543e6916cc1f9be?s=96&d=blank&r=g\",\"url\":\"https:\\\/\\\/secure.gravatar.com\\\/avatar\\\/e523100f284110b2ecca7e17b2be9cf140a5e8f35294c9ec0543e6916cc1f9be?s=96&d=blank&r=g\",\"contentUrl\":\"https:\\\/\\\/secure.gravatar.com\\\/avatar\\\/e523100f284110b2ecca7e17b2be9cf140a5e8f35294c9ec0543e6916cc1f9be?s=96&d=blank&r=g\",\"caption\":\"Conexi\u00f3n Nacional\"},\"sameAs\":[\"https:\\\/\\\/conexionnacional.mx\"],\"url\":\"https:\\\/\\\/conexionnacional.mx\\\/index.php\\\/author\\\/administrador\\\/\"}]}<\/script>\n<!-- \/ Yoast SEO plugin. -->","yoast_head_json":{"title":"Marino mexicano relata c\u00f3mo vivi\u00f3 su secuestro por rebeldes hut\u00edes en Yemen |","robots":{"index":"index","follow":"follow","max-snippet":"max-snippet:-1","max-image-preview":"max-image-preview:large","max-video-preview":"max-video-preview:-1"},"canonical":"https:\/\/conexionnacional.mx\/index.php\/2025\/01\/24\/marino-mexicano-relata-como-vivio-su-secuestro-por-rebeldes-huties-en-yemen\/","og_locale":"es_MX","og_type":"article","og_title":"Marino mexicano relata c\u00f3mo vivi\u00f3 su secuestro por rebeldes hut\u00edes en Yemen |","og_description":"El 19 de noviembre de 2023,&nbsp;Arturo Zacar\u00edas y Marcos G\u00f3mez, dos tripulantes del&nbsp;buque Galaxy Leader en el Mar Rojo, fueron secuestrados por rebeldes hut\u00edes de Yemen. En este nav\u00edo viajaban 25 personas de diferentes partes del mundo. Sin saber que su barco formar\u00eda&nbsp;parte de la guerra entre Israel y Ham\u00e1s, Arturo relat\u00f3 en informaci\u00f3n difundida&nbsp;en&nbsp;Imagen [&hellip;]","og_url":"https:\/\/conexionnacional.mx\/index.php\/2025\/01\/24\/marino-mexicano-relata-como-vivio-su-secuestro-por-rebeldes-huties-en-yemen\/","og_site_name":"Conexi\u00f3n Nacional","article_publisher":"https:\/\/www.facebook.com\/cnmxradio","article_published_time":"2025-01-24T17:40:55+00:00","article_modified_time":"2025-01-24T17:40:57+00:00","og_image":[{"width":800,"height":600,"url":"https:\/\/conexionnacional.mx\/wp-content\/uploads\/2025\/01\/3247864.webp","type":"image\/webp"}],"author":"Conexi\u00f3n Nacional","twitter_card":"summary_large_image","twitter_misc":{"Escrito por":"Conexi\u00f3n Nacional","Tiempo de lectura":"1 minuto"},"schema":{"@context":"https:\/\/schema.org","@graph":[{"@type":"Article","@id":"https:\/\/conexionnacional.mx\/index.php\/2025\/01\/24\/marino-mexicano-relata-como-vivio-su-secuestro-por-rebeldes-huties-en-yemen\/#article","isPartOf":{"@id":"https:\/\/conexionnacional.mx\/index.php\/2025\/01\/24\/marino-mexicano-relata-como-vivio-su-secuestro-por-rebeldes-huties-en-yemen\/"},"author":{"name":"Conexi\u00f3n Nacional","@id":"https:\/\/conexionnacional.mx\/#\/schema\/person\/dd14aeda902120f5e0e021903fdb6931"},"headline":"Marino mexicano relata c\u00f3mo vivi\u00f3 su secuestro por rebeldes hut\u00edes en Yemen","datePublished":"2025-01-24T17:40:55+00:00","dateModified":"2025-01-24T17:40:57+00:00","mainEntityOfPage":{"@id":"https:\/\/conexionnacional.mx\/index.php\/2025\/01\/24\/marino-mexicano-relata-como-vivio-su-secuestro-por-rebeldes-huties-en-yemen\/"},"wordCount":597,"publisher":{"@id":"https:\/\/conexionnacional.mx\/#organization"},"image":{"@id":"https:\/\/conexionnacional.mx\/index.php\/2025\/01\/24\/marino-mexicano-relata-como-vivio-su-secuestro-por-rebeldes-huties-en-yemen\/#primaryimage"},"thumbnailUrl":"https:\/\/conexionnacional.mx\/wp-content\/uploads\/2025\/01\/3247864.webp","keywords":["Marino mexicano"],"articleSection":["Nacional"],"inLanguage":"es"},{"@type":"WebPage","@id":"https:\/\/conexionnacional.mx\/index.php\/2025\/01\/24\/marino-mexicano-relata-como-vivio-su-secuestro-por-rebeldes-huties-en-yemen\/","url":"https:\/\/conexionnacional.mx\/index.php\/2025\/01\/24\/marino-mexicano-relata-como-vivio-su-secuestro-por-rebeldes-huties-en-yemen\/","name":"Marino mexicano relata c\u00f3mo vivi\u00f3 su secuestro por rebeldes hut\u00edes en Yemen |","isPartOf":{"@id":"https:\/\/conexionnacional.mx\/#website"},"primaryImageOfPage":{"@id":"https:\/\/conexionnacional.mx\/index.php\/2025\/01\/24\/marino-mexicano-relata-como-vivio-su-secuestro-por-rebeldes-huties-en-yemen\/#primaryimage"},"image":{"@id":"https:\/\/conexionnacional.mx\/index.php\/2025\/01\/24\/marino-mexicano-relata-como-vivio-su-secuestro-por-rebeldes-huties-en-yemen\/#primaryimage"},"thumbnailUrl":"https:\/\/conexionnacional.mx\/wp-content\/uploads\/2025\/01\/3247864.webp","datePublished":"2025-01-24T17:40:55+00:00","dateModified":"2025-01-24T17:40:57+00:00","breadcrumb":{"@id":"https:\/\/conexionnacional.mx\/index.php\/2025\/01\/24\/marino-mexicano-relata-como-vivio-su-secuestro-por-rebeldes-huties-en-yemen\/#breadcrumb"},"inLanguage":"es","potentialAction":[{"@type":"ReadAction","target":["https:\/\/conexionnacional.mx\/index.php\/2025\/01\/24\/marino-mexicano-relata-como-vivio-su-secuestro-por-rebeldes-huties-en-yemen\/"]}]},{"@type":"ImageObject","inLanguage":"es","@id":"https:\/\/conexionnacional.mx\/index.php\/2025\/01\/24\/marino-mexicano-relata-como-vivio-su-secuestro-por-rebeldes-huties-en-yemen\/#primaryimage","url":"https:\/\/conexionnacional.mx\/wp-content\/uploads\/2025\/01\/3247864.webp","contentUrl":"https:\/\/conexionnacional.mx\/wp-content\/uploads\/2025\/01\/3247864.webp","width":800,"height":600},{"@type":"BreadcrumbList","@id":"https:\/\/conexionnacional.mx\/index.php\/2025\/01\/24\/marino-mexicano-relata-como-vivio-su-secuestro-por-rebeldes-huties-en-yemen\/#breadcrumb","itemListElement":[{"@type":"ListItem","position":1,"name":"Inicio","item":"https:\/\/conexionnacional.mx\/"},{"@type":"ListItem","position":2,"name":"Marino mexicano relata c\u00f3mo vivi\u00f3 su secuestro por rebeldes hut\u00edes en Yemen"}]},{"@type":"WebSite","@id":"https:\/\/conexionnacional.mx\/#website","url":"https:\/\/conexionnacional.mx\/","name":"Conexi\u00f3n Nacional","description":"Noticias al momento","publisher":{"@id":"https:\/\/conexionnacional.mx\/#organization"},"alternateName":"Noticias nacionales","potentialAction":[{"@type":"SearchAction","target":{"@type":"EntryPoint","urlTemplate":"https:\/\/conexionnacional.mx\/?s={search_term_string}"},"query-input":{"@type":"PropertyValueSpecification","valueRequired":true,"valueName":"search_term_string"}}],"inLanguage":"es"},{"@type":"Organization","@id":"https:\/\/conexionnacional.mx\/#organization","name":"Conexi\u00f3n Nacional","url":"https:\/\/conexionnacional.mx\/","logo":{"@type":"ImageObject","inLanguage":"es","@id":"https:\/\/conexionnacional.mx\/#\/schema\/logo\/image\/","url":"https:\/\/conexionnacional.mx\/wp-content\/uploads\/2022\/09\/conexion_nacional.png","contentUrl":"https:\/\/conexionnacional.mx\/wp-content\/uploads\/2022\/09\/conexion_nacional.png","width":2964,"height":1173,"caption":"Conexi\u00f3n Nacional"},"image":{"@id":"https:\/\/conexionnacional.mx\/#\/schema\/logo\/image\/"},"sameAs":["https:\/\/www.facebook.com\/cnmxradio"]},{"@type":"Person","@id":"https:\/\/conexionnacional.mx\/#\/schema\/person\/dd14aeda902120f5e0e021903fdb6931","name":"Conexi\u00f3n Nacional","image":{"@type":"ImageObject","inLanguage":"es","@id":"https:\/\/secure.gravatar.com\/avatar\/e523100f284110b2ecca7e17b2be9cf140a5e8f35294c9ec0543e6916cc1f9be?s=96&d=blank&r=g","url":"https:\/\/secure.gravatar.com\/avatar\/e523100f284110b2ecca7e17b2be9cf140a5e8f35294c9ec0543e6916cc1f9be?s=96&d=blank&r=g","contentUrl":"https:\/\/secure.gravatar.com\/avatar\/e523100f284110b2ecca7e17b2be9cf140a5e8f35294c9ec0543e6916cc1f9be?s=96&d=blank&r=g","caption":"Conexi\u00f3n Nacional"},"sameAs":["https:\/\/conexionnacional.mx"],"url":"https:\/\/conexionnacional.mx\/index.php\/author\/administrador\/"}]}},"_links":{"self":[{"href":"https:\/\/conexionnacional.mx\/index.php\/wp-json\/wp\/v2\/posts\/23602","targetHints":{"allow":["GET"]}}],"collection":[{"href":"https:\/\/conexionnacional.mx\/index.php\/wp-json\/wp\/v2\/posts"}],"about":[{"href":"https:\/\/conexionnacional.mx\/index.php\/wp-json\/wp\/v2\/types\/post"}],"author":[{"embeddable":true,"href":"https:\/\/conexionnacional.mx\/index.php\/wp-json\/wp\/v2\/users\/1"}],"replies":[{"embeddable":true,"href":"https:\/\/conexionnacional.mx\/index.php\/wp-json\/wp\/v2\/comments?post=23602"}],"version-history":[{"count":1,"href":"https:\/\/conexionnacional.mx\/index.php\/wp-json\/wp\/v2\/posts\/23602\/revisions"}],"predecessor-version":[{"id":23604,"href":"https:\/\/conexionnacional.mx\/index.php\/wp-json\/wp\/v2\/posts\/23602\/revisions\/23604"}],"wp:featuredmedia":[{"embeddable":true,"href":"https:\/\/conexionnacional.mx\/index.php\/wp-json\/wp\/v2\/media\/23603"}],"wp:attachment":[{"href":"https:\/\/conexionnacional.mx\/index.php\/wp-json\/wp\/v2\/media?parent=23602"}],"wp:term":[{"taxonomy":"category","embeddable":true,"href":"https:\/\/conexionnacional.mx\/index.php\/wp-json\/wp\/v2\/categories?post=23602"},{"taxonomy":"post_tag","embeddable":true,"href":"https:\/\/conexionnacional.mx\/index.php\/wp-json\/wp\/v2\/tags?post=23602"}],"curies":[{"name":"wp","href":"https:\/\/api.w.org\/{rel}","templated":true}]}}