{"id":23542,"date":"2025-01-14T12:00:40","date_gmt":"2025-01-14T18:00:40","guid":{"rendered":"https:\/\/conexionnacional.mx\/?p=23542"},"modified":"2025-01-14T12:00:42","modified_gmt":"2025-01-14T18:00:42","slug":"bad-bunny-arrasa-en-spotify-con-su-nuevo-disco-debi-tirar-mas-fotos","status":"publish","type":"post","link":"https:\/\/conexionnacional.mx\/index.php\/2025\/01\/14\/bad-bunny-arrasa-en-spotify-con-su-nuevo-disco-debi-tirar-mas-fotos\/","title":{"rendered":"Bad Bunny arrasa en Spotify con su nuevo disco, &#8220;Deb\u00ed tirar m\u00e1s fotos&#8221;"},"content":{"rendered":"\n<p>Las canciones del \u00faltimo \u00e1lbum de\u00a0Bad Bunny, &#8220;<strong>Deb\u00ed tirar m\u00e1s fotos<\/strong>&#8220;, que lanz\u00f3 hace apenas una semana como homenaje a Puerto Rico, han arrasado en las plataformas digitales, y es que ya forman parte de m\u00e1s de la mitad del top 10 global de<strong>\u00a0Spotify<\/strong>, anunci\u00f3 este lunes la plataforma.<\/p>\n\n\n\n<p>&#8220;El 11 de enero, su tema &#8220;DtMF&#8221; se convirti\u00f3 en la canci\u00f3n m\u00e1s escuchada de la lista global de Spotify. De hecho, m\u00e1s de la mitad del top 10 de Spotify Daily Top Songs pertenecen a su nuevo \u00e1lbum&#8221;, celebr\u00f3 en un comunicado.<\/p>\n\n\n\n<p>El disco ha logrado un \u00e9xito mundial inmediato fusionando reguet\u00f3n con salsa y plena.<\/p>\n\n\n\n<p>Asimismo, Spotify indic\u00f3 que Bad Bunny tambi\u00e9n ocupa el primer puesto en las listas &#8216;Daily and Weekly Top Artist&#8217;, y el \u00e1lbum es el n\u00famero 1 en la lista &#8216;Weekly Top Albums&#8217; de Spotify.<\/p>\n\n\n\n<p>El artista urbano anunci\u00f3 este lunes una hist\u00f3rica serie de 21 conciertos en el Coliseo de Puerto Rico, que comenzar\u00e1 en julio bajo el t\u00edtulo &#8216;No me quiero ir de aqu\u00ed&#8217;.<\/p>\n\n\n\n<p>Bad Bunny marca as\u00ed un r\u00e9cord de conciertos consecutivos en la principal sala de espect\u00e1culos de Puerto Rico, superando las 14 funciones del d\u00fao de reguet\u00f3n Wisin y Yandel.<\/p>\n\n\n\n<p>Producidos por Noah Assad Presents \/ Move Concerts, los conciertos arrancan el 11 de julio y se llevar\u00e1n a cabo todos los fines de semana, de viernes a domingo.<\/p>\n\n\n\n<p>En l\u00ednea con el emotivo homenaje a su isla que supone el disco, las primeras nueve funciones ser\u00e1n exclusivamente para residentes de Puerto Rico.<\/p>\n\n\n\n<p>Compuesto por 17 canciones, el sexto \u00e1lbum de estudio de Bad Bunny cuenta con las colaboraciones de Rainao en el tema &#8220;Perfumito nuevo&#8221;; Chuwi en &#8220;Weltita&#8221;; Dei V y Omar Courtz en &#8220;Veld\u00e1&#8221;, y Pleneros de la Cresta en &#8220;Caf\u00e9 con ron&#8221;.<\/p>\n\n\n\n<p>Otras de las canciones del disco son &#8220;Nuevayol&#8221;, &#8220;Voy a llevarte pa&#8217; PR&#8221;, &#8220;Baile inolvidable&#8221;, &#8220;El cl\u00fab&#8221;, &#8220;Pitorro de coco&#8221; y &#8220;Lo que le pas\u00f3 a Hawaii&#8221;.<\/p>\n\n\n\n<p>Los temas hablan de problemas que sufre Puerto Rico como la migraci\u00f3n a Estados Unidos y la gentrificaci\u00f3n, y ponen en valor ritmos musicales t\u00edpicos de la isla como la salsa y la plena.<\/p>\n\n\n\n<p><\/p>\n","protected":false},"excerpt":{"rendered":"<p>Las canciones del \u00faltimo \u00e1lbum de\u00a0Bad Bunny, &#8220;Deb\u00ed tirar m\u00e1s fotos&#8220;, que lanz\u00f3 hace apenas una semana como homenaje a Puerto Rico, han arrasado en las plataformas digitales, y es que ya forman parte de m\u00e1s de la mitad del top 10 global de\u00a0Spotify, anunci\u00f3 este lunes la plataforma. &#8220;El 11 de enero, su tema [&hellip;]<\/p>\n","protected":false},"author":1,"featured_media":23543,"comment_status":"closed","ping_status":"closed","sticky":false,"template":"","format":"aside","meta":{"googlesitekit_rrm_CAowytPeCw:productID":"","footnotes":""},"categories":[5063],"tags":[2619],"class_list":["post-23542","post","type-post","status-publish","format-aside","has-post-thumbnail","hentry","category-redes-sociales","tag-bad-bunny","post_format-post-format-aside"],"yoast_head":"<!-- This site is optimized with the Yoast SEO plugin v27.5 - https:\/\/yoast.com\/product\/yoast-seo-wordpress\/ -->\n<title>Bad Bunny arrasa en Spotify con su nuevo disco, &quot;Deb\u00ed tirar m\u00e1s fotos&quot; |<\/title>\n<meta name=\"robots\" content=\"index, follow, max-snippet:-1, max-image-preview:large, max-video-preview:-1\" \/>\n<link rel=\"canonical\" href=\"https:\/\/conexionnacional.mx\/index.php\/2025\/01\/14\/bad-bunny-arrasa-en-spotify-con-su-nuevo-disco-debi-tirar-mas-fotos\/\" \/>\n<meta property=\"og:locale\" content=\"es_MX\" \/>\n<meta property=\"og:type\" content=\"article\" \/>\n<meta property=\"og:title\" content=\"Bad Bunny arrasa en Spotify con su nuevo disco, &quot;Deb\u00ed tirar m\u00e1s fotos&quot; |\" \/>\n<meta property=\"og:description\" content=\"Las canciones del \u00faltimo \u00e1lbum de\u00a0Bad Bunny, &#8220;Deb\u00ed tirar m\u00e1s fotos&#8220;, que lanz\u00f3 hace apenas una semana como homenaje a Puerto Rico, han arrasado en las plataformas digitales, y es que ya forman parte de m\u00e1s de la mitad del top 10 global de\u00a0Spotify, anunci\u00f3 este lunes la plataforma. &#8220;El 11 de enero, su tema [&hellip;]\" \/>\n<meta property=\"og:url\" content=\"https:\/\/conexionnacional.mx\/index.php\/2025\/01\/14\/bad-bunny-arrasa-en-spotify-con-su-nuevo-disco-debi-tirar-mas-fotos\/\" \/>\n<meta property=\"og:site_name\" content=\"Conexi\u00f3n Nacional\" \/>\n<meta property=\"article:publisher\" content=\"https:\/\/www.facebook.com\/cnmxradio\" \/>\n<meta property=\"article:published_time\" content=\"2025-01-14T18:00:40+00:00\" \/>\n<meta property=\"article:modified_time\" content=\"2025-01-14T18:00:42+00:00\" \/>\n<meta name=\"author\" content=\"Conexi\u00f3n Nacional\" \/>\n<meta name=\"twitter:card\" content=\"summary_large_image\" \/>\n<meta name=\"twitter:label1\" content=\"Escrito por\" \/>\n\t<meta name=\"twitter:data1\" content=\"Conexi\u00f3n Nacional\" \/>\n\t<meta name=\"twitter:label2\" content=\"Tiempo de lectura\" \/>\n\t<meta name=\"twitter:data2\" content=\"2 minutos\" \/>\n<script type=\"application\/ld+json\" class=\"yoast-schema-graph\">{\"@context\":\"https:\\\/\\\/schema.org\",\"@graph\":[{\"@type\":\"Article\",\"@id\":\"https:\\\/\\\/conexionnacional.mx\\\/index.php\\\/2025\\\/01\\\/14\\\/bad-bunny-arrasa-en-spotify-con-su-nuevo-disco-debi-tirar-mas-fotos\\\/#article\",\"isPartOf\":{\"@id\":\"https:\\\/\\\/conexionnacional.mx\\\/index.php\\\/2025\\\/01\\\/14\\\/bad-bunny-arrasa-en-spotify-con-su-nuevo-disco-debi-tirar-mas-fotos\\\/\"},\"author\":{\"name\":\"Conexi\u00f3n Nacional\",\"@id\":\"https:\\\/\\\/conexionnacional.mx\\\/#\\\/schema\\\/person\\\/dd14aeda902120f5e0e021903fdb6931\"},\"headline\":\"Bad Bunny arrasa en Spotify con su nuevo disco, &#8220;Deb\u00ed tirar m\u00e1s fotos&#8221;\",\"datePublished\":\"2025-01-14T18:00:40+00:00\",\"dateModified\":\"2025-01-14T18:00:42+00:00\",\"mainEntityOfPage\":{\"@id\":\"https:\\\/\\\/conexionnacional.mx\\\/index.php\\\/2025\\\/01\\\/14\\\/bad-bunny-arrasa-en-spotify-con-su-nuevo-disco-debi-tirar-mas-fotos\\\/\"},\"wordCount\":384,\"publisher\":{\"@id\":\"https:\\\/\\\/conexionnacional.mx\\\/#organization\"},\"image\":{\"@id\":\"https:\\\/\\\/conexionnacional.mx\\\/index.php\\\/2025\\\/01\\\/14\\\/bad-bunny-arrasa-en-spotify-con-su-nuevo-disco-debi-tirar-mas-fotos\\\/#primaryimage\"},\"thumbnailUrl\":\"https:\\\/\\\/conexionnacional.mx\\\/wp-content\\\/uploads\\\/2025\\\/01\\\/J3TW2Y64HRBOLMVWMYTDD5MCD4.avif\",\"keywords\":[\"Bad Bunny\"],\"articleSection\":[\"Redes Sociales\"],\"inLanguage\":\"es\"},{\"@type\":\"WebPage\",\"@id\":\"https:\\\/\\\/conexionnacional.mx\\\/index.php\\\/2025\\\/01\\\/14\\\/bad-bunny-arrasa-en-spotify-con-su-nuevo-disco-debi-tirar-mas-fotos\\\/\",\"url\":\"https:\\\/\\\/conexionnacional.mx\\\/index.php\\\/2025\\\/01\\\/14\\\/bad-bunny-arrasa-en-spotify-con-su-nuevo-disco-debi-tirar-mas-fotos\\\/\",\"name\":\"Bad Bunny arrasa en Spotify con su nuevo disco, \\\"Deb\u00ed tirar m\u00e1s fotos\\\" |\",\"isPartOf\":{\"@id\":\"https:\\\/\\\/conexionnacional.mx\\\/#website\"},\"primaryImageOfPage\":{\"@id\":\"https:\\\/\\\/conexionnacional.mx\\\/index.php\\\/2025\\\/01\\\/14\\\/bad-bunny-arrasa-en-spotify-con-su-nuevo-disco-debi-tirar-mas-fotos\\\/#primaryimage\"},\"image\":{\"@id\":\"https:\\\/\\\/conexionnacional.mx\\\/index.php\\\/2025\\\/01\\\/14\\\/bad-bunny-arrasa-en-spotify-con-su-nuevo-disco-debi-tirar-mas-fotos\\\/#primaryimage\"},\"thumbnailUrl\":\"https:\\\/\\\/conexionnacional.mx\\\/wp-content\\\/uploads\\\/2025\\\/01\\\/J3TW2Y64HRBOLMVWMYTDD5MCD4.avif\",\"datePublished\":\"2025-01-14T18:00:40+00:00\",\"dateModified\":\"2025-01-14T18:00:42+00:00\",\"breadcrumb\":{\"@id\":\"https:\\\/\\\/conexionnacional.mx\\\/index.php\\\/2025\\\/01\\\/14\\\/bad-bunny-arrasa-en-spotify-con-su-nuevo-disco-debi-tirar-mas-fotos\\\/#breadcrumb\"},\"inLanguage\":\"es\",\"potentialAction\":[{\"@type\":\"ReadAction\",\"target\":[\"https:\\\/\\\/conexionnacional.mx\\\/index.php\\\/2025\\\/01\\\/14\\\/bad-bunny-arrasa-en-spotify-con-su-nuevo-disco-debi-tirar-mas-fotos\\\/\"]}]},{\"@type\":\"ImageObject\",\"inLanguage\":\"es\",\"@id\":\"https:\\\/\\\/conexionnacional.mx\\\/index.php\\\/2025\\\/01\\\/14\\\/bad-bunny-arrasa-en-spotify-con-su-nuevo-disco-debi-tirar-mas-fotos\\\/#primaryimage\",\"url\":\"https:\\\/\\\/conexionnacional.mx\\\/wp-content\\\/uploads\\\/2025\\\/01\\\/J3TW2Y64HRBOLMVWMYTDD5MCD4.avif\",\"contentUrl\":\"https:\\\/\\\/conexionnacional.mx\\\/wp-content\\\/uploads\\\/2025\\\/01\\\/J3TW2Y64HRBOLMVWMYTDD5MCD4.avif\",\"width\":1100,\"height\":666},{\"@type\":\"BreadcrumbList\",\"@id\":\"https:\\\/\\\/conexionnacional.mx\\\/index.php\\\/2025\\\/01\\\/14\\\/bad-bunny-arrasa-en-spotify-con-su-nuevo-disco-debi-tirar-mas-fotos\\\/#breadcrumb\",\"itemListElement\":[{\"@type\":\"ListItem\",\"position\":1,\"name\":\"Inicio\",\"item\":\"https:\\\/\\\/conexionnacional.mx\\\/\"},{\"@type\":\"ListItem\",\"position\":2,\"name\":\"Bad Bunny arrasa en Spotify con su nuevo disco, &#8220;Deb\u00ed tirar m\u00e1s fotos&#8221;\"}]},{\"@type\":\"WebSite\",\"@id\":\"https:\\\/\\\/conexionnacional.mx\\\/#website\",\"url\":\"https:\\\/\\\/conexionnacional.mx\\\/\",\"name\":\"Conexi\u00f3n Nacional\",\"description\":\"Noticias al momento\",\"publisher\":{\"@id\":\"https:\\\/\\\/conexionnacional.mx\\\/#organization\"},\"alternateName\":\"Noticias nacionales\",\"potentialAction\":[{\"@type\":\"SearchAction\",\"target\":{\"@type\":\"EntryPoint\",\"urlTemplate\":\"https:\\\/\\\/conexionnacional.mx\\\/?s={search_term_string}\"},\"query-input\":{\"@type\":\"PropertyValueSpecification\",\"valueRequired\":true,\"valueName\":\"search_term_string\"}}],\"inLanguage\":\"es\"},{\"@type\":\"Organization\",\"@id\":\"https:\\\/\\\/conexionnacional.mx\\\/#organization\",\"name\":\"Conexi\u00f3n Nacional\",\"url\":\"https:\\\/\\\/conexionnacional.mx\\\/\",\"logo\":{\"@type\":\"ImageObject\",\"inLanguage\":\"es\",\"@id\":\"https:\\\/\\\/conexionnacional.mx\\\/#\\\/schema\\\/logo\\\/image\\\/\",\"url\":\"https:\\\/\\\/conexionnacional.mx\\\/wp-content\\\/uploads\\\/2022\\\/09\\\/conexion_nacional.png\",\"contentUrl\":\"https:\\\/\\\/conexionnacional.mx\\\/wp-content\\\/uploads\\\/2022\\\/09\\\/conexion_nacional.png\",\"width\":2964,\"height\":1173,\"caption\":\"Conexi\u00f3n Nacional\"},\"image\":{\"@id\":\"https:\\\/\\\/conexionnacional.mx\\\/#\\\/schema\\\/logo\\\/image\\\/\"},\"sameAs\":[\"https:\\\/\\\/www.facebook.com\\\/cnmxradio\"]},{\"@type\":\"Person\",\"@id\":\"https:\\\/\\\/conexionnacional.mx\\\/#\\\/schema\\\/person\\\/dd14aeda902120f5e0e021903fdb6931\",\"name\":\"Conexi\u00f3n Nacional\",\"image\":{\"@type\":\"ImageObject\",\"inLanguage\":\"es\",\"@id\":\"https:\\\/\\\/secure.gravatar.com\\\/avatar\\\/e523100f284110b2ecca7e17b2be9cf140a5e8f35294c9ec0543e6916cc1f9be?s=96&d=blank&r=g\",\"url\":\"https:\\\/\\\/secure.gravatar.com\\\/avatar\\\/e523100f284110b2ecca7e17b2be9cf140a5e8f35294c9ec0543e6916cc1f9be?s=96&d=blank&r=g\",\"contentUrl\":\"https:\\\/\\\/secure.gravatar.com\\\/avatar\\\/e523100f284110b2ecca7e17b2be9cf140a5e8f35294c9ec0543e6916cc1f9be?s=96&d=blank&r=g\",\"caption\":\"Conexi\u00f3n Nacional\"},\"sameAs\":[\"https:\\\/\\\/conexionnacional.mx\"],\"url\":\"https:\\\/\\\/conexionnacional.mx\\\/index.php\\\/author\\\/administrador\\\/\"}]}<\/script>\n<!-- \/ Yoast SEO plugin. -->","yoast_head_json":{"title":"Bad Bunny arrasa en Spotify con su nuevo disco, \"Deb\u00ed tirar m\u00e1s fotos\" |","robots":{"index":"index","follow":"follow","max-snippet":"max-snippet:-1","max-image-preview":"max-image-preview:large","max-video-preview":"max-video-preview:-1"},"canonical":"https:\/\/conexionnacional.mx\/index.php\/2025\/01\/14\/bad-bunny-arrasa-en-spotify-con-su-nuevo-disco-debi-tirar-mas-fotos\/","og_locale":"es_MX","og_type":"article","og_title":"Bad Bunny arrasa en Spotify con su nuevo disco, \"Deb\u00ed tirar m\u00e1s fotos\" |","og_description":"Las canciones del \u00faltimo \u00e1lbum de\u00a0Bad Bunny, &#8220;Deb\u00ed tirar m\u00e1s fotos&#8220;, que lanz\u00f3 hace apenas una semana como homenaje a Puerto Rico, han arrasado en las plataformas digitales, y es que ya forman parte de m\u00e1s de la mitad del top 10 global de\u00a0Spotify, anunci\u00f3 este lunes la plataforma. &#8220;El 11 de enero, su tema [&hellip;]","og_url":"https:\/\/conexionnacional.mx\/index.php\/2025\/01\/14\/bad-bunny-arrasa-en-spotify-con-su-nuevo-disco-debi-tirar-mas-fotos\/","og_site_name":"Conexi\u00f3n Nacional","article_publisher":"https:\/\/www.facebook.com\/cnmxradio","article_published_time":"2025-01-14T18:00:40+00:00","article_modified_time":"2025-01-14T18:00:42+00:00","author":"Conexi\u00f3n Nacional","twitter_card":"summary_large_image","twitter_misc":{"Escrito por":"Conexi\u00f3n Nacional","Tiempo de lectura":"2 minutos"},"schema":{"@context":"https:\/\/schema.org","@graph":[{"@type":"Article","@id":"https:\/\/conexionnacional.mx\/index.php\/2025\/01\/14\/bad-bunny-arrasa-en-spotify-con-su-nuevo-disco-debi-tirar-mas-fotos\/#article","isPartOf":{"@id":"https:\/\/conexionnacional.mx\/index.php\/2025\/01\/14\/bad-bunny-arrasa-en-spotify-con-su-nuevo-disco-debi-tirar-mas-fotos\/"},"author":{"name":"Conexi\u00f3n Nacional","@id":"https:\/\/conexionnacional.mx\/#\/schema\/person\/dd14aeda902120f5e0e021903fdb6931"},"headline":"Bad Bunny arrasa en Spotify con su nuevo disco, &#8220;Deb\u00ed tirar m\u00e1s fotos&#8221;","datePublished":"2025-01-14T18:00:40+00:00","dateModified":"2025-01-14T18:00:42+00:00","mainEntityOfPage":{"@id":"https:\/\/conexionnacional.mx\/index.php\/2025\/01\/14\/bad-bunny-arrasa-en-spotify-con-su-nuevo-disco-debi-tirar-mas-fotos\/"},"wordCount":384,"publisher":{"@id":"https:\/\/conexionnacional.mx\/#organization"},"image":{"@id":"https:\/\/conexionnacional.mx\/index.php\/2025\/01\/14\/bad-bunny-arrasa-en-spotify-con-su-nuevo-disco-debi-tirar-mas-fotos\/#primaryimage"},"thumbnailUrl":"https:\/\/conexionnacional.mx\/wp-content\/uploads\/2025\/01\/J3TW2Y64HRBOLMVWMYTDD5MCD4.avif","keywords":["Bad Bunny"],"articleSection":["Redes Sociales"],"inLanguage":"es"},{"@type":"WebPage","@id":"https:\/\/conexionnacional.mx\/index.php\/2025\/01\/14\/bad-bunny-arrasa-en-spotify-con-su-nuevo-disco-debi-tirar-mas-fotos\/","url":"https:\/\/conexionnacional.mx\/index.php\/2025\/01\/14\/bad-bunny-arrasa-en-spotify-con-su-nuevo-disco-debi-tirar-mas-fotos\/","name":"Bad Bunny arrasa en Spotify con su nuevo disco, \"Deb\u00ed tirar m\u00e1s fotos\" |","isPartOf":{"@id":"https:\/\/conexionnacional.mx\/#website"},"primaryImageOfPage":{"@id":"https:\/\/conexionnacional.mx\/index.php\/2025\/01\/14\/bad-bunny-arrasa-en-spotify-con-su-nuevo-disco-debi-tirar-mas-fotos\/#primaryimage"},"image":{"@id":"https:\/\/conexionnacional.mx\/index.php\/2025\/01\/14\/bad-bunny-arrasa-en-spotify-con-su-nuevo-disco-debi-tirar-mas-fotos\/#primaryimage"},"thumbnailUrl":"https:\/\/conexionnacional.mx\/wp-content\/uploads\/2025\/01\/J3TW2Y64HRBOLMVWMYTDD5MCD4.avif","datePublished":"2025-01-14T18:00:40+00:00","dateModified":"2025-01-14T18:00:42+00:00","breadcrumb":{"@id":"https:\/\/conexionnacional.mx\/index.php\/2025\/01\/14\/bad-bunny-arrasa-en-spotify-con-su-nuevo-disco-debi-tirar-mas-fotos\/#breadcrumb"},"inLanguage":"es","potentialAction":[{"@type":"ReadAction","target":["https:\/\/conexionnacional.mx\/index.php\/2025\/01\/14\/bad-bunny-arrasa-en-spotify-con-su-nuevo-disco-debi-tirar-mas-fotos\/"]}]},{"@type":"ImageObject","inLanguage":"es","@id":"https:\/\/conexionnacional.mx\/index.php\/2025\/01\/14\/bad-bunny-arrasa-en-spotify-con-su-nuevo-disco-debi-tirar-mas-fotos\/#primaryimage","url":"https:\/\/conexionnacional.mx\/wp-content\/uploads\/2025\/01\/J3TW2Y64HRBOLMVWMYTDD5MCD4.avif","contentUrl":"https:\/\/conexionnacional.mx\/wp-content\/uploads\/2025\/01\/J3TW2Y64HRBOLMVWMYTDD5MCD4.avif","width":1100,"height":666},{"@type":"BreadcrumbList","@id":"https:\/\/conexionnacional.mx\/index.php\/2025\/01\/14\/bad-bunny-arrasa-en-spotify-con-su-nuevo-disco-debi-tirar-mas-fotos\/#breadcrumb","itemListElement":[{"@type":"ListItem","position":1,"name":"Inicio","item":"https:\/\/conexionnacional.mx\/"},{"@type":"ListItem","position":2,"name":"Bad Bunny arrasa en Spotify con su nuevo disco, &#8220;Deb\u00ed tirar m\u00e1s fotos&#8221;"}]},{"@type":"WebSite","@id":"https:\/\/conexionnacional.mx\/#website","url":"https:\/\/conexionnacional.mx\/","name":"Conexi\u00f3n Nacional","description":"Noticias al momento","publisher":{"@id":"https:\/\/conexionnacional.mx\/#organization"},"alternateName":"Noticias nacionales","potentialAction":[{"@type":"SearchAction","target":{"@type":"EntryPoint","urlTemplate":"https:\/\/conexionnacional.mx\/?s={search_term_string}"},"query-input":{"@type":"PropertyValueSpecification","valueRequired":true,"valueName":"search_term_string"}}],"inLanguage":"es"},{"@type":"Organization","@id":"https:\/\/conexionnacional.mx\/#organization","name":"Conexi\u00f3n Nacional","url":"https:\/\/conexionnacional.mx\/","logo":{"@type":"ImageObject","inLanguage":"es","@id":"https:\/\/conexionnacional.mx\/#\/schema\/logo\/image\/","url":"https:\/\/conexionnacional.mx\/wp-content\/uploads\/2022\/09\/conexion_nacional.png","contentUrl":"https:\/\/conexionnacional.mx\/wp-content\/uploads\/2022\/09\/conexion_nacional.png","width":2964,"height":1173,"caption":"Conexi\u00f3n Nacional"},"image":{"@id":"https:\/\/conexionnacional.mx\/#\/schema\/logo\/image\/"},"sameAs":["https:\/\/www.facebook.com\/cnmxradio"]},{"@type":"Person","@id":"https:\/\/conexionnacional.mx\/#\/schema\/person\/dd14aeda902120f5e0e021903fdb6931","name":"Conexi\u00f3n Nacional","image":{"@type":"ImageObject","inLanguage":"es","@id":"https:\/\/secure.gravatar.com\/avatar\/e523100f284110b2ecca7e17b2be9cf140a5e8f35294c9ec0543e6916cc1f9be?s=96&d=blank&r=g","url":"https:\/\/secure.gravatar.com\/avatar\/e523100f284110b2ecca7e17b2be9cf140a5e8f35294c9ec0543e6916cc1f9be?s=96&d=blank&r=g","contentUrl":"https:\/\/secure.gravatar.com\/avatar\/e523100f284110b2ecca7e17b2be9cf140a5e8f35294c9ec0543e6916cc1f9be?s=96&d=blank&r=g","caption":"Conexi\u00f3n Nacional"},"sameAs":["https:\/\/conexionnacional.mx"],"url":"https:\/\/conexionnacional.mx\/index.php\/author\/administrador\/"}]}},"_links":{"self":[{"href":"https:\/\/conexionnacional.mx\/index.php\/wp-json\/wp\/v2\/posts\/23542","targetHints":{"allow":["GET"]}}],"collection":[{"href":"https:\/\/conexionnacional.mx\/index.php\/wp-json\/wp\/v2\/posts"}],"about":[{"href":"https:\/\/conexionnacional.mx\/index.php\/wp-json\/wp\/v2\/types\/post"}],"author":[{"embeddable":true,"href":"https:\/\/conexionnacional.mx\/index.php\/wp-json\/wp\/v2\/users\/1"}],"replies":[{"embeddable":true,"href":"https:\/\/conexionnacional.mx\/index.php\/wp-json\/wp\/v2\/comments?post=23542"}],"version-history":[{"count":1,"href":"https:\/\/conexionnacional.mx\/index.php\/wp-json\/wp\/v2\/posts\/23542\/revisions"}],"predecessor-version":[{"id":23544,"href":"https:\/\/conexionnacional.mx\/index.php\/wp-json\/wp\/v2\/posts\/23542\/revisions\/23544"}],"wp:featuredmedia":[{"embeddable":true,"href":"https:\/\/conexionnacional.mx\/index.php\/wp-json\/wp\/v2\/media\/23543"}],"wp:attachment":[{"href":"https:\/\/conexionnacional.mx\/index.php\/wp-json\/wp\/v2\/media?parent=23542"}],"wp:term":[{"taxonomy":"category","embeddable":true,"href":"https:\/\/conexionnacional.mx\/index.php\/wp-json\/wp\/v2\/categories?post=23542"},{"taxonomy":"post_tag","embeddable":true,"href":"https:\/\/conexionnacional.mx\/index.php\/wp-json\/wp\/v2\/tags?post=23542"}],"curies":[{"name":"wp","href":"https:\/\/api.w.org\/{rel}","templated":true}]}}