{"id":23469,"date":"2024-12-23T11:55:51","date_gmt":"2024-12-23T17:55:51","guid":{"rendered":"https:\/\/conexionnacional.mx\/?p=23469"},"modified":"2024-12-23T11:55:53","modified_gmt":"2024-12-23T17:55:53","slug":"nissan-y-honda-inician-negociaciones-para-su-fusion-que-pasara-y-cuales-son-los-objetivos","status":"publish","type":"post","link":"https:\/\/conexionnacional.mx\/index.php\/2024\/12\/23\/nissan-y-honda-inician-negociaciones-para-su-fusion-que-pasara-y-cuales-son-los-objetivos\/","title":{"rendered":"Nissan y Honda inician negociaciones para su fusi\u00f3n; \u00bfqu\u00e9 pasar\u00e1 y cu\u00e1les son los objetivos?"},"content":{"rendered":"\n<p>Las compa\u00f1\u00edas automovil\u00edsticas japonesas<strong>\u00a0Nissan Motor y Honda Motor\u00a0<\/strong>comenzaron este lunes unas negociaciones para su fusi\u00f3n que esperan\u00a0<strong>concluir en junio de 2025,<\/strong>\u00a0con el &#8216;holding&#8217; saliendo a Bolsa en agosto de 2026, seg\u00fan anunciaron en una rueda de prensa conjunta.<\/p>\n\n\n\n<h2 class=\"wp-block-heading\">\u00bfCu\u00e1les son los objetivos de Nissan y Honda con su fusi\u00f3n?<\/h2>\n\n\n\n<p>Las compa\u00f1\u00edas automovil\u00edsticas japonesas Nissan y Honda han comenzado este lunes unas negociaciones que podr\u00edan dar lugar a una fusi\u00f3n hist\u00f3rica en la industria automotriz.&nbsp;<strong>El objetivo de las conversaciones es la creaci\u00f3n del tercer mayor fabricante mundial de veh\u00edculos por volumen de ventas,<\/strong>&nbsp;por detr\u00e1s de Toyota Motor y Volkswagen AG. Seg\u00fan anunciaron ambas empresas en una rueda de prensa conjunta en Tokio, esperan concluir las negociaciones para junio de 2025, con la salida a Bolsa de su nuevo holding prevista para agosto de 2026.<\/p>\n\n\n\n<figure class=\"wp-block-embed is-type-rich is-provider-twitter wp-block-embed-twitter\"><div class=\"wp-block-embed__wrapper\">\n<blockquote class=\"twitter-tweet\" data-width=\"550\" data-dnt=\"true\"><p lang=\"en\" dir=\"ltr\">Honda and Nissan have started talks toward a potential merger, a historic pivot for Japan&#39;s auto industry that underlines the threat Chinese EV makers now pose to some of the world&#39;s best known car makers <a href=\"https:\/\/t.co\/Uwv6BWFaOq\">https:\/\/t.co\/Uwv6BWFaOq<\/a> <a href=\"https:\/\/t.co\/lVKRF5btIx\">pic.twitter.com\/lVKRF5btIx<\/a><\/p>&mdash; Reuters (@Reuters) <a href=\"https:\/\/twitter.com\/Reuters\/status\/1871132363641811318?ref_src=twsrc%5Etfw\">December 23, 2024<\/a><\/blockquote><script async src=\"https:\/\/platform.twitter.com\/widgets.js\" charset=\"utf-8\"><\/script>\n<\/div><\/figure>\n\n\n\n<h2 class=\"wp-block-heading\">\u00bfCu\u00e1l es el beneficio principal de la uni\u00f3n&nbsp;entre&nbsp;Nissan y Honda?<\/h2>\n\n\n\n<p>Buscan combinar las fortalezas de ambas compa\u00f1\u00edas y reducir sus debilidades en un entorno de creciente competencia global. El presidente de Nissan, Makoto Uchida, explic\u00f3 que este acuerdo\u00a0<strong>permitir\u00e1 a las empresas unirse de forma estrat\u00e9gica para enfrentar los retos del sector,<\/strong>\u00a0especialmente en \u00e1reas clave como la electrificaci\u00f3n y los veh\u00edculos inteligentes. Adem\u00e1s, Mitsubishi Motors, de la cual Nissan posee un 34%, est\u00e1 considerando su participaci\u00f3n en esta uni\u00f3n, c<strong>on una respuesta definitiva esperada para finales de enero de 2025.<\/strong><\/p>\n\n\n\n<p>Toshihiro Mibe, presidente de Honda, destac\u00f3 la importancia de mejorar la cadena de valor y de incorporar nuevas tecnolog\u00edas en la producci\u00f3n de veh\u00edculos. Seg\u00fan Mibe,\u00a0<strong>esta fusi\u00f3n permitir\u00e1 generar sinergias que se traducir\u00e1n en un beneficio operativo significativo,<\/strong>\u00a0con la posibilidad de alcanzar hasta 3 billones de yenes (18.000 millones de euros) en el futuro. Mibe enfatiz\u00f3 que esta transformaci\u00f3n es crucial para que las empresas se mantengan competitivas frente a nuevos actores en la industria, especialmente en<strong>\u00a0mercados como China.<\/strong><\/p>\n\n\n\n<figure class=\"wp-block-image\"><img decoding=\"async\" src=\"data:image\/gif;base64,R0lGODlhAQABAAAAACH5BAEKAAEALAAAAAABAAEAAAICTAEAOw==\" data-src=\"https:\/\/mvsnoticias.com\/u\/fotografias\/m\/2024\/12\/23\/f768x1-670675_670802_5050.jpg\" class=\"lazyload\" alt=\"\"\/><figcaption class=\"wp-element-caption\">EFE.<\/figcaption><\/figure>\n\n\n\n<h2 class=\"wp-block-heading\">Una compa\u00f1\u00eda l\u00edder en tecnolog\u00eda automotriz<\/h2>\n\n\n\n<p>En este contexto, las conversaciones entre Nissan y Honda no solo buscan mejorar la competitividad de ambas compa\u00f1\u00edas, sino tambi\u00e9n&nbsp;<strong>posicionarlas mejor frente a las emergentes empresas tecnol\u00f3gicas<\/strong>&nbsp;que est\u00e1n redefiniendo el panorama de la movilidad. El objetivo es que la nueva empresa conjunta sea un l\u00edder en la industria automotriz, con el respaldo de la experiencia y los recursos combinados de ambas firmas.<\/p>\n\n\n\n<p>La informaci\u00f3n sobre esta posible fusi\u00f3n surge en un momento cr\u00edtico para la industria automovil\u00edstica nipona, que podr\u00eda quedar dividida en dos grandes bloques, con Toyota liderando una de las partes y la nueva uni\u00f3n de Nissan y Honda conformando la otra. Esta noticia tambi\u00e9n llega tras el inter\u00e9s expresado por el gigante taiwan\u00e9s Foxconn,\u00a0<strong>especializado en la fabricaci\u00f3n de componentes electr\u00f3nicos, por adquirir parte de Nissan.\u00a0<\/strong>Ante esta situaci\u00f3n, Nissan ha acelerado sus conversaciones con Honda para evitar una posible oferta de compra de la firma taiwanesa, interesada en su tecnolog\u00eda de veh\u00edculos el\u00e9ctricos y fabricaci\u00f3n.<\/p>\n\n\n\n<p>La fusi\u00f3n entre Nissan y Honda podr\u00eda cambiar el panorama de la industria automotriz global,&nbsp;<strong>creando un nuevo gigante capaz de competir de manera m\u00e1s efectiva&nbsp;<\/strong>en el mercado de los veh\u00edculos el\u00e9ctricos y otros desarrollos tecnol\u00f3gicos cruciales para el futuro del transporte.<\/p>\n\n\n\n<p><em><strong>Con informaci\u00f3n de EFE.<\/strong><\/em><\/p>\n","protected":false},"excerpt":{"rendered":"<p>Las compa\u00f1\u00edas automovil\u00edsticas japonesas\u00a0Nissan Motor y Honda Motor\u00a0comenzaron este lunes unas negociaciones para su fusi\u00f3n que esperan\u00a0concluir en junio de 2025,\u00a0con el &#8216;holding&#8217; saliendo a Bolsa en agosto de 2026, seg\u00fan anunciaron en una rueda de prensa conjunta. \u00bfCu\u00e1les son los objetivos de Nissan y Honda con su fusi\u00f3n? Las compa\u00f1\u00edas automovil\u00edsticas japonesas Nissan y [&hellip;]<\/p>\n","protected":false},"author":1,"featured_media":23470,"comment_status":"closed","ping_status":"closed","sticky":false,"template":"","format":"aside","meta":{"googlesitekit_rrm_CAowytPeCw:productID":"","footnotes":""},"categories":[8],"tags":[8887],"class_list":["post-23469","post","type-post","status-publish","format-aside","has-post-thumbnail","hentry","category-internacional","tag-nissan-y-honda","post_format-post-format-aside"],"yoast_head":"<!-- This site is optimized with the Yoast SEO plugin v27.5 - https:\/\/yoast.com\/product\/yoast-seo-wordpress\/ -->\n<title>Nissan y Honda inician negociaciones para su fusi\u00f3n; \u00bfqu\u00e9 pasar\u00e1 y cu\u00e1les son los objetivos? |<\/title>\n<meta name=\"robots\" content=\"index, follow, max-snippet:-1, max-image-preview:large, max-video-preview:-1\" \/>\n<link rel=\"canonical\" href=\"https:\/\/conexionnacional.mx\/index.php\/2024\/12\/23\/nissan-y-honda-inician-negociaciones-para-su-fusion-que-pasara-y-cuales-son-los-objetivos\/\" \/>\n<meta property=\"og:locale\" content=\"es_MX\" \/>\n<meta property=\"og:type\" content=\"article\" \/>\n<meta property=\"og:title\" content=\"Nissan y Honda inician negociaciones para su fusi\u00f3n; \u00bfqu\u00e9 pasar\u00e1 y cu\u00e1les son los objetivos? |\" \/>\n<meta property=\"og:description\" content=\"Las compa\u00f1\u00edas automovil\u00edsticas japonesas\u00a0Nissan Motor y Honda Motor\u00a0comenzaron este lunes unas negociaciones para su fusi\u00f3n que esperan\u00a0concluir en junio de 2025,\u00a0con el &#8216;holding&#8217; saliendo a Bolsa en agosto de 2026, seg\u00fan anunciaron en una rueda de prensa conjunta. \u00bfCu\u00e1les son los objetivos de Nissan y Honda con su fusi\u00f3n? Las compa\u00f1\u00edas automovil\u00edsticas japonesas Nissan y [&hellip;]\" \/>\n<meta property=\"og:url\" content=\"https:\/\/conexionnacional.mx\/index.php\/2024\/12\/23\/nissan-y-honda-inician-negociaciones-para-su-fusion-que-pasara-y-cuales-son-los-objetivos\/\" \/>\n<meta property=\"og:site_name\" content=\"Conexi\u00f3n Nacional\" \/>\n<meta property=\"article:publisher\" content=\"https:\/\/www.facebook.com\/cnmxradio\" \/>\n<meta property=\"article:published_time\" content=\"2024-12-23T17:55:51+00:00\" \/>\n<meta property=\"article:modified_time\" content=\"2024-12-23T17:55:53+00:00\" \/>\n<meta property=\"og:image\" content=\"https:\/\/conexionnacional.mx\/wp-content\/uploads\/2024\/12\/f960x540-670676_744751_5050-1.jpg\" \/>\n\t<meta property=\"og:image:width\" content=\"960\" \/>\n\t<meta property=\"og:image:height\" content=\"540\" \/>\n\t<meta property=\"og:image:type\" content=\"image\/jpeg\" \/>\n<meta name=\"author\" content=\"Conexi\u00f3n Nacional\" \/>\n<meta name=\"twitter:card\" content=\"summary_large_image\" \/>\n<meta name=\"twitter:label1\" content=\"Escrito por\" \/>\n\t<meta name=\"twitter:data1\" content=\"Conexi\u00f3n Nacional\" \/>\n\t<meta name=\"twitter:label2\" content=\"Tiempo de lectura\" \/>\n\t<meta name=\"twitter:data2\" content=\"3 minutos\" \/>\n<script type=\"application\/ld+json\" class=\"yoast-schema-graph\">{\"@context\":\"https:\\\/\\\/schema.org\",\"@graph\":[{\"@type\":\"Article\",\"@id\":\"https:\\\/\\\/conexionnacional.mx\\\/index.php\\\/2024\\\/12\\\/23\\\/nissan-y-honda-inician-negociaciones-para-su-fusion-que-pasara-y-cuales-son-los-objetivos\\\/#article\",\"isPartOf\":{\"@id\":\"https:\\\/\\\/conexionnacional.mx\\\/index.php\\\/2024\\\/12\\\/23\\\/nissan-y-honda-inician-negociaciones-para-su-fusion-que-pasara-y-cuales-son-los-objetivos\\\/\"},\"author\":{\"name\":\"Conexi\u00f3n Nacional\",\"@id\":\"https:\\\/\\\/conexionnacional.mx\\\/#\\\/schema\\\/person\\\/dd14aeda902120f5e0e021903fdb6931\"},\"headline\":\"Nissan y Honda inician negociaciones para su fusi\u00f3n; \u00bfqu\u00e9 pasar\u00e1 y cu\u00e1les son los objetivos?\",\"datePublished\":\"2024-12-23T17:55:51+00:00\",\"dateModified\":\"2024-12-23T17:55:53+00:00\",\"mainEntityOfPage\":{\"@id\":\"https:\\\/\\\/conexionnacional.mx\\\/index.php\\\/2024\\\/12\\\/23\\\/nissan-y-honda-inician-negociaciones-para-su-fusion-que-pasara-y-cuales-son-los-objetivos\\\/\"},\"wordCount\":643,\"publisher\":{\"@id\":\"https:\\\/\\\/conexionnacional.mx\\\/#organization\"},\"image\":{\"@id\":\"https:\\\/\\\/conexionnacional.mx\\\/index.php\\\/2024\\\/12\\\/23\\\/nissan-y-honda-inician-negociaciones-para-su-fusion-que-pasara-y-cuales-son-los-objetivos\\\/#primaryimage\"},\"thumbnailUrl\":\"https:\\\/\\\/conexionnacional.mx\\\/wp-content\\\/uploads\\\/2024\\\/12\\\/f960x540-670676_744751_5050-1.jpg\",\"keywords\":[\"Nissan y Honda\"],\"articleSection\":[\"Internacional\"],\"inLanguage\":\"es\"},{\"@type\":\"WebPage\",\"@id\":\"https:\\\/\\\/conexionnacional.mx\\\/index.php\\\/2024\\\/12\\\/23\\\/nissan-y-honda-inician-negociaciones-para-su-fusion-que-pasara-y-cuales-son-los-objetivos\\\/\",\"url\":\"https:\\\/\\\/conexionnacional.mx\\\/index.php\\\/2024\\\/12\\\/23\\\/nissan-y-honda-inician-negociaciones-para-su-fusion-que-pasara-y-cuales-son-los-objetivos\\\/\",\"name\":\"Nissan y Honda inician negociaciones para su fusi\u00f3n; \u00bfqu\u00e9 pasar\u00e1 y cu\u00e1les son los objetivos? |\",\"isPartOf\":{\"@id\":\"https:\\\/\\\/conexionnacional.mx\\\/#website\"},\"primaryImageOfPage\":{\"@id\":\"https:\\\/\\\/conexionnacional.mx\\\/index.php\\\/2024\\\/12\\\/23\\\/nissan-y-honda-inician-negociaciones-para-su-fusion-que-pasara-y-cuales-son-los-objetivos\\\/#primaryimage\"},\"image\":{\"@id\":\"https:\\\/\\\/conexionnacional.mx\\\/index.php\\\/2024\\\/12\\\/23\\\/nissan-y-honda-inician-negociaciones-para-su-fusion-que-pasara-y-cuales-son-los-objetivos\\\/#primaryimage\"},\"thumbnailUrl\":\"https:\\\/\\\/conexionnacional.mx\\\/wp-content\\\/uploads\\\/2024\\\/12\\\/f960x540-670676_744751_5050-1.jpg\",\"datePublished\":\"2024-12-23T17:55:51+00:00\",\"dateModified\":\"2024-12-23T17:55:53+00:00\",\"breadcrumb\":{\"@id\":\"https:\\\/\\\/conexionnacional.mx\\\/index.php\\\/2024\\\/12\\\/23\\\/nissan-y-honda-inician-negociaciones-para-su-fusion-que-pasara-y-cuales-son-los-objetivos\\\/#breadcrumb\"},\"inLanguage\":\"es\",\"potentialAction\":[{\"@type\":\"ReadAction\",\"target\":[\"https:\\\/\\\/conexionnacional.mx\\\/index.php\\\/2024\\\/12\\\/23\\\/nissan-y-honda-inician-negociaciones-para-su-fusion-que-pasara-y-cuales-son-los-objetivos\\\/\"]}]},{\"@type\":\"ImageObject\",\"inLanguage\":\"es\",\"@id\":\"https:\\\/\\\/conexionnacional.mx\\\/index.php\\\/2024\\\/12\\\/23\\\/nissan-y-honda-inician-negociaciones-para-su-fusion-que-pasara-y-cuales-son-los-objetivos\\\/#primaryimage\",\"url\":\"https:\\\/\\\/conexionnacional.mx\\\/wp-content\\\/uploads\\\/2024\\\/12\\\/f960x540-670676_744751_5050-1.jpg\",\"contentUrl\":\"https:\\\/\\\/conexionnacional.mx\\\/wp-content\\\/uploads\\\/2024\\\/12\\\/f960x540-670676_744751_5050-1.jpg\",\"width\":960,\"height\":540},{\"@type\":\"BreadcrumbList\",\"@id\":\"https:\\\/\\\/conexionnacional.mx\\\/index.php\\\/2024\\\/12\\\/23\\\/nissan-y-honda-inician-negociaciones-para-su-fusion-que-pasara-y-cuales-son-los-objetivos\\\/#breadcrumb\",\"itemListElement\":[{\"@type\":\"ListItem\",\"position\":1,\"name\":\"Inicio\",\"item\":\"https:\\\/\\\/conexionnacional.mx\\\/\"},{\"@type\":\"ListItem\",\"position\":2,\"name\":\"Nissan y Honda inician negociaciones para su fusi\u00f3n; \u00bfqu\u00e9 pasar\u00e1 y cu\u00e1les son los objetivos?\"}]},{\"@type\":\"WebSite\",\"@id\":\"https:\\\/\\\/conexionnacional.mx\\\/#website\",\"url\":\"https:\\\/\\\/conexionnacional.mx\\\/\",\"name\":\"Conexi\u00f3n Nacional\",\"description\":\"Noticias al momento\",\"publisher\":{\"@id\":\"https:\\\/\\\/conexionnacional.mx\\\/#organization\"},\"alternateName\":\"Noticias nacionales\",\"potentialAction\":[{\"@type\":\"SearchAction\",\"target\":{\"@type\":\"EntryPoint\",\"urlTemplate\":\"https:\\\/\\\/conexionnacional.mx\\\/?s={search_term_string}\"},\"query-input\":{\"@type\":\"PropertyValueSpecification\",\"valueRequired\":true,\"valueName\":\"search_term_string\"}}],\"inLanguage\":\"es\"},{\"@type\":\"Organization\",\"@id\":\"https:\\\/\\\/conexionnacional.mx\\\/#organization\",\"name\":\"Conexi\u00f3n Nacional\",\"url\":\"https:\\\/\\\/conexionnacional.mx\\\/\",\"logo\":{\"@type\":\"ImageObject\",\"inLanguage\":\"es\",\"@id\":\"https:\\\/\\\/conexionnacional.mx\\\/#\\\/schema\\\/logo\\\/image\\\/\",\"url\":\"https:\\\/\\\/conexionnacional.mx\\\/wp-content\\\/uploads\\\/2022\\\/09\\\/conexion_nacional.png\",\"contentUrl\":\"https:\\\/\\\/conexionnacional.mx\\\/wp-content\\\/uploads\\\/2022\\\/09\\\/conexion_nacional.png\",\"width\":2964,\"height\":1173,\"caption\":\"Conexi\u00f3n Nacional\"},\"image\":{\"@id\":\"https:\\\/\\\/conexionnacional.mx\\\/#\\\/schema\\\/logo\\\/image\\\/\"},\"sameAs\":[\"https:\\\/\\\/www.facebook.com\\\/cnmxradio\"]},{\"@type\":\"Person\",\"@id\":\"https:\\\/\\\/conexionnacional.mx\\\/#\\\/schema\\\/person\\\/dd14aeda902120f5e0e021903fdb6931\",\"name\":\"Conexi\u00f3n Nacional\",\"image\":{\"@type\":\"ImageObject\",\"inLanguage\":\"es\",\"@id\":\"https:\\\/\\\/secure.gravatar.com\\\/avatar\\\/e523100f284110b2ecca7e17b2be9cf140a5e8f35294c9ec0543e6916cc1f9be?s=96&d=blank&r=g\",\"url\":\"https:\\\/\\\/secure.gravatar.com\\\/avatar\\\/e523100f284110b2ecca7e17b2be9cf140a5e8f35294c9ec0543e6916cc1f9be?s=96&d=blank&r=g\",\"contentUrl\":\"https:\\\/\\\/secure.gravatar.com\\\/avatar\\\/e523100f284110b2ecca7e17b2be9cf140a5e8f35294c9ec0543e6916cc1f9be?s=96&d=blank&r=g\",\"caption\":\"Conexi\u00f3n Nacional\"},\"sameAs\":[\"https:\\\/\\\/conexionnacional.mx\"],\"url\":\"https:\\\/\\\/conexionnacional.mx\\\/index.php\\\/author\\\/administrador\\\/\"}]}<\/script>\n<!-- \/ Yoast SEO plugin. -->","yoast_head_json":{"title":"Nissan y Honda inician negociaciones para su fusi\u00f3n; \u00bfqu\u00e9 pasar\u00e1 y cu\u00e1les son los objetivos? |","robots":{"index":"index","follow":"follow","max-snippet":"max-snippet:-1","max-image-preview":"max-image-preview:large","max-video-preview":"max-video-preview:-1"},"canonical":"https:\/\/conexionnacional.mx\/index.php\/2024\/12\/23\/nissan-y-honda-inician-negociaciones-para-su-fusion-que-pasara-y-cuales-son-los-objetivos\/","og_locale":"es_MX","og_type":"article","og_title":"Nissan y Honda inician negociaciones para su fusi\u00f3n; \u00bfqu\u00e9 pasar\u00e1 y cu\u00e1les son los objetivos? |","og_description":"Las compa\u00f1\u00edas automovil\u00edsticas japonesas\u00a0Nissan Motor y Honda Motor\u00a0comenzaron este lunes unas negociaciones para su fusi\u00f3n que esperan\u00a0concluir en junio de 2025,\u00a0con el &#8216;holding&#8217; saliendo a Bolsa en agosto de 2026, seg\u00fan anunciaron en una rueda de prensa conjunta. \u00bfCu\u00e1les son los objetivos de Nissan y Honda con su fusi\u00f3n? Las compa\u00f1\u00edas automovil\u00edsticas japonesas Nissan y [&hellip;]","og_url":"https:\/\/conexionnacional.mx\/index.php\/2024\/12\/23\/nissan-y-honda-inician-negociaciones-para-su-fusion-que-pasara-y-cuales-son-los-objetivos\/","og_site_name":"Conexi\u00f3n Nacional","article_publisher":"https:\/\/www.facebook.com\/cnmxradio","article_published_time":"2024-12-23T17:55:51+00:00","article_modified_time":"2024-12-23T17:55:53+00:00","og_image":[{"width":960,"height":540,"url":"https:\/\/conexionnacional.mx\/wp-content\/uploads\/2024\/12\/f960x540-670676_744751_5050-1.jpg","type":"image\/jpeg"}],"author":"Conexi\u00f3n Nacional","twitter_card":"summary_large_image","twitter_misc":{"Escrito por":"Conexi\u00f3n Nacional","Tiempo de lectura":"3 minutos"},"schema":{"@context":"https:\/\/schema.org","@graph":[{"@type":"Article","@id":"https:\/\/conexionnacional.mx\/index.php\/2024\/12\/23\/nissan-y-honda-inician-negociaciones-para-su-fusion-que-pasara-y-cuales-son-los-objetivos\/#article","isPartOf":{"@id":"https:\/\/conexionnacional.mx\/index.php\/2024\/12\/23\/nissan-y-honda-inician-negociaciones-para-su-fusion-que-pasara-y-cuales-son-los-objetivos\/"},"author":{"name":"Conexi\u00f3n Nacional","@id":"https:\/\/conexionnacional.mx\/#\/schema\/person\/dd14aeda902120f5e0e021903fdb6931"},"headline":"Nissan y Honda inician negociaciones para su fusi\u00f3n; \u00bfqu\u00e9 pasar\u00e1 y cu\u00e1les son los objetivos?","datePublished":"2024-12-23T17:55:51+00:00","dateModified":"2024-12-23T17:55:53+00:00","mainEntityOfPage":{"@id":"https:\/\/conexionnacional.mx\/index.php\/2024\/12\/23\/nissan-y-honda-inician-negociaciones-para-su-fusion-que-pasara-y-cuales-son-los-objetivos\/"},"wordCount":643,"publisher":{"@id":"https:\/\/conexionnacional.mx\/#organization"},"image":{"@id":"https:\/\/conexionnacional.mx\/index.php\/2024\/12\/23\/nissan-y-honda-inician-negociaciones-para-su-fusion-que-pasara-y-cuales-son-los-objetivos\/#primaryimage"},"thumbnailUrl":"https:\/\/conexionnacional.mx\/wp-content\/uploads\/2024\/12\/f960x540-670676_744751_5050-1.jpg","keywords":["Nissan y Honda"],"articleSection":["Internacional"],"inLanguage":"es"},{"@type":"WebPage","@id":"https:\/\/conexionnacional.mx\/index.php\/2024\/12\/23\/nissan-y-honda-inician-negociaciones-para-su-fusion-que-pasara-y-cuales-son-los-objetivos\/","url":"https:\/\/conexionnacional.mx\/index.php\/2024\/12\/23\/nissan-y-honda-inician-negociaciones-para-su-fusion-que-pasara-y-cuales-son-los-objetivos\/","name":"Nissan y Honda inician negociaciones para su fusi\u00f3n; \u00bfqu\u00e9 pasar\u00e1 y cu\u00e1les son los objetivos? |","isPartOf":{"@id":"https:\/\/conexionnacional.mx\/#website"},"primaryImageOfPage":{"@id":"https:\/\/conexionnacional.mx\/index.php\/2024\/12\/23\/nissan-y-honda-inician-negociaciones-para-su-fusion-que-pasara-y-cuales-son-los-objetivos\/#primaryimage"},"image":{"@id":"https:\/\/conexionnacional.mx\/index.php\/2024\/12\/23\/nissan-y-honda-inician-negociaciones-para-su-fusion-que-pasara-y-cuales-son-los-objetivos\/#primaryimage"},"thumbnailUrl":"https:\/\/conexionnacional.mx\/wp-content\/uploads\/2024\/12\/f960x540-670676_744751_5050-1.jpg","datePublished":"2024-12-23T17:55:51+00:00","dateModified":"2024-12-23T17:55:53+00:00","breadcrumb":{"@id":"https:\/\/conexionnacional.mx\/index.php\/2024\/12\/23\/nissan-y-honda-inician-negociaciones-para-su-fusion-que-pasara-y-cuales-son-los-objetivos\/#breadcrumb"},"inLanguage":"es","potentialAction":[{"@type":"ReadAction","target":["https:\/\/conexionnacional.mx\/index.php\/2024\/12\/23\/nissan-y-honda-inician-negociaciones-para-su-fusion-que-pasara-y-cuales-son-los-objetivos\/"]}]},{"@type":"ImageObject","inLanguage":"es","@id":"https:\/\/conexionnacional.mx\/index.php\/2024\/12\/23\/nissan-y-honda-inician-negociaciones-para-su-fusion-que-pasara-y-cuales-son-los-objetivos\/#primaryimage","url":"https:\/\/conexionnacional.mx\/wp-content\/uploads\/2024\/12\/f960x540-670676_744751_5050-1.jpg","contentUrl":"https:\/\/conexionnacional.mx\/wp-content\/uploads\/2024\/12\/f960x540-670676_744751_5050-1.jpg","width":960,"height":540},{"@type":"BreadcrumbList","@id":"https:\/\/conexionnacional.mx\/index.php\/2024\/12\/23\/nissan-y-honda-inician-negociaciones-para-su-fusion-que-pasara-y-cuales-son-los-objetivos\/#breadcrumb","itemListElement":[{"@type":"ListItem","position":1,"name":"Inicio","item":"https:\/\/conexionnacional.mx\/"},{"@type":"ListItem","position":2,"name":"Nissan y Honda inician negociaciones para su fusi\u00f3n; \u00bfqu\u00e9 pasar\u00e1 y cu\u00e1les son los objetivos?"}]},{"@type":"WebSite","@id":"https:\/\/conexionnacional.mx\/#website","url":"https:\/\/conexionnacional.mx\/","name":"Conexi\u00f3n Nacional","description":"Noticias al momento","publisher":{"@id":"https:\/\/conexionnacional.mx\/#organization"},"alternateName":"Noticias nacionales","potentialAction":[{"@type":"SearchAction","target":{"@type":"EntryPoint","urlTemplate":"https:\/\/conexionnacional.mx\/?s={search_term_string}"},"query-input":{"@type":"PropertyValueSpecification","valueRequired":true,"valueName":"search_term_string"}}],"inLanguage":"es"},{"@type":"Organization","@id":"https:\/\/conexionnacional.mx\/#organization","name":"Conexi\u00f3n Nacional","url":"https:\/\/conexionnacional.mx\/","logo":{"@type":"ImageObject","inLanguage":"es","@id":"https:\/\/conexionnacional.mx\/#\/schema\/logo\/image\/","url":"https:\/\/conexionnacional.mx\/wp-content\/uploads\/2022\/09\/conexion_nacional.png","contentUrl":"https:\/\/conexionnacional.mx\/wp-content\/uploads\/2022\/09\/conexion_nacional.png","width":2964,"height":1173,"caption":"Conexi\u00f3n Nacional"},"image":{"@id":"https:\/\/conexionnacional.mx\/#\/schema\/logo\/image\/"},"sameAs":["https:\/\/www.facebook.com\/cnmxradio"]},{"@type":"Person","@id":"https:\/\/conexionnacional.mx\/#\/schema\/person\/dd14aeda902120f5e0e021903fdb6931","name":"Conexi\u00f3n Nacional","image":{"@type":"ImageObject","inLanguage":"es","@id":"https:\/\/secure.gravatar.com\/avatar\/e523100f284110b2ecca7e17b2be9cf140a5e8f35294c9ec0543e6916cc1f9be?s=96&d=blank&r=g","url":"https:\/\/secure.gravatar.com\/avatar\/e523100f284110b2ecca7e17b2be9cf140a5e8f35294c9ec0543e6916cc1f9be?s=96&d=blank&r=g","contentUrl":"https:\/\/secure.gravatar.com\/avatar\/e523100f284110b2ecca7e17b2be9cf140a5e8f35294c9ec0543e6916cc1f9be?s=96&d=blank&r=g","caption":"Conexi\u00f3n Nacional"},"sameAs":["https:\/\/conexionnacional.mx"],"url":"https:\/\/conexionnacional.mx\/index.php\/author\/administrador\/"}]}},"_links":{"self":[{"href":"https:\/\/conexionnacional.mx\/index.php\/wp-json\/wp\/v2\/posts\/23469","targetHints":{"allow":["GET"]}}],"collection":[{"href":"https:\/\/conexionnacional.mx\/index.php\/wp-json\/wp\/v2\/posts"}],"about":[{"href":"https:\/\/conexionnacional.mx\/index.php\/wp-json\/wp\/v2\/types\/post"}],"author":[{"embeddable":true,"href":"https:\/\/conexionnacional.mx\/index.php\/wp-json\/wp\/v2\/users\/1"}],"replies":[{"embeddable":true,"href":"https:\/\/conexionnacional.mx\/index.php\/wp-json\/wp\/v2\/comments?post=23469"}],"version-history":[{"count":1,"href":"https:\/\/conexionnacional.mx\/index.php\/wp-json\/wp\/v2\/posts\/23469\/revisions"}],"predecessor-version":[{"id":23471,"href":"https:\/\/conexionnacional.mx\/index.php\/wp-json\/wp\/v2\/posts\/23469\/revisions\/23471"}],"wp:featuredmedia":[{"embeddable":true,"href":"https:\/\/conexionnacional.mx\/index.php\/wp-json\/wp\/v2\/media\/23470"}],"wp:attachment":[{"href":"https:\/\/conexionnacional.mx\/index.php\/wp-json\/wp\/v2\/media?parent=23469"}],"wp:term":[{"taxonomy":"category","embeddable":true,"href":"https:\/\/conexionnacional.mx\/index.php\/wp-json\/wp\/v2\/categories?post=23469"},{"taxonomy":"post_tag","embeddable":true,"href":"https:\/\/conexionnacional.mx\/index.php\/wp-json\/wp\/v2\/tags?post=23469"}],"curies":[{"name":"wp","href":"https:\/\/api.w.org\/{rel}","templated":true}]}}