{"id":23455,"date":"2024-12-23T11:39:18","date_gmt":"2024-12-23T17:39:18","guid":{"rendered":"https:\/\/conexionnacional.mx\/?p=23455"},"modified":"2024-12-23T11:44:17","modified_gmt":"2024-12-23T17:44:17","slug":"armada-de-mexico-y-fgr-neutralizan-laboratorio-clandestino-en-sinaloa","status":"publish","type":"post","link":"https:\/\/conexionnacional.mx\/index.php\/2024\/12\/23\/armada-de-mexico-y-fgr-neutralizan-laboratorio-clandestino-en-sinaloa\/","title":{"rendered":"Armada de M\u00e9xico y FGR neutralizan laboratorio clandestino en Sinaloa"},"content":{"rendered":"\n<p>La\u00a0<strong>Secretar\u00eda de Marina<\/strong>, a trav\u00e9s de la Armada de M\u00e9xico, en coordinaci\u00f3n con la<strong>\u00a0Fiscal\u00eda General de la Rep\u00fablica<\/strong>\u00a0(FGR), localiz\u00f3 y desmantel\u00f3 un laboratorio clandestino presuntamente utilizado para la elaboraci\u00f3n de drogas sint\u00e9ticas en el poblado de Corral Viejo, Sinaloa, a 124 kil\u00f3metros al sur de la Octava Zona Naval.<\/p>\n\n\n\n<figure class=\"wp-block-image\"><img decoding=\"async\" src=\"data:image\/gif;base64,R0lGODlhAQABAAAAACH5BAEKAAEALAAAAAABAAEAAAICTAEAOw==\" data-src=\"https:\/\/www.excelsior.com.mx\/\/media\/inside-the-note\/pictures\/2024\/12\/23\/marina-y-fgr-da-golpe-al-narco-en-sinaloa.jpg\" alt=\"Marina y FGR dan golpe al narco en el poblado de Corral Viejo, Sinaloa. (Especial)\" class=\"lazyload\" title=\"Marina y FGR dan golpe al narco en el poblado de Corral Viejo, Sinaloa. (Especial)\"\/><\/figure>\n\n\n\n<p>En el sitio se aseguraron: una tonelada de producto terminado (mezclado), 300 litros de producto en cocimiento, 8,100 litros de&nbsp;<strong>precursores qu\u00edmicos<\/strong>, 3,500 litros de&nbsp;<strong>qu\u00edmicos esenciales<\/strong>, 5,750 litros y 5,360 kilos de sustancias de&nbsp;<strong>uso dual<\/strong>, adem\u00e1s de equipo diverso, tambos y bidones empleados en la elaboraci\u00f3n de drogas sint\u00e9ticas.<\/p>\n\n\n\n<figure class=\"wp-block-image\"><img decoding=\"async\" src=\"data:image\/gif;base64,R0lGODlhAQABAAAAACH5BAEKAAEALAAAAAABAAEAAAICTAEAOw==\" data-src=\"https:\/\/www.excelsior.com.mx\/\/media\/inside-the-note\/pictures\/2024\/12\/23\/desmantelan-narcolaboratorio-en-sinaloa.jpg\" alt=\"Marina y FGR desmantelan un narcolaboratorio en el poblado de Corral Viejo, Sinaloa. (Especial)\" class=\"lazyload\" title=\"Marina y FGR desmantelan un narcolaboratorio en el poblado de Corral Viejo, Sinaloa. (Especial)\"\/><\/figure>\n\n\n\n<p>El laboratorio y los materiales fueron destruidos en el lugar bajo supervisi\u00f3n de las autoridades competentes, evitando as\u00ed su utilizaci\u00f3n para la producci\u00f3n y&nbsp;<strong>distribuci\u00f3n de estupefacientes<\/strong>.<\/p>\n\n\n\n<p><\/p>\n","protected":false},"excerpt":{"rendered":"<p>La\u00a0Secretar\u00eda de Marina, a trav\u00e9s de la Armada de M\u00e9xico, en coordinaci\u00f3n con la\u00a0Fiscal\u00eda General de la Rep\u00fablica\u00a0(FGR), localiz\u00f3 y desmantel\u00f3 un laboratorio clandestino presuntamente utilizado para la elaboraci\u00f3n de drogas sint\u00e9ticas en el poblado de Corral Viejo, Sinaloa, a 124 kil\u00f3metros al sur de la Octava Zona Naval. En el sitio se aseguraron: una [&hellip;]<\/p>\n","protected":false},"author":1,"featured_media":23463,"comment_status":"closed","ping_status":"closed","sticky":false,"template":"","format":"aside","meta":{"googlesitekit_rrm_CAowytPeCw:productID":"","footnotes":""},"categories":[3],"tags":[8885],"class_list":["post-23455","post","type-post","status-publish","format-aside","has-post-thumbnail","hentry","category-nacional","tag-laboratorio-clandestino","post_format-post-format-aside"],"yoast_head":"<!-- This site is optimized with the Yoast SEO plugin v27.5 - https:\/\/yoast.com\/product\/yoast-seo-wordpress\/ -->\n<title>Armada de M\u00e9xico y FGR neutralizan laboratorio clandestino en Sinaloa |<\/title>\n<meta name=\"robots\" content=\"index, follow, max-snippet:-1, max-image-preview:large, max-video-preview:-1\" \/>\n<link rel=\"canonical\" href=\"https:\/\/conexionnacional.mx\/index.php\/2024\/12\/23\/armada-de-mexico-y-fgr-neutralizan-laboratorio-clandestino-en-sinaloa\/\" \/>\n<meta property=\"og:locale\" content=\"es_MX\" \/>\n<meta property=\"og:type\" content=\"article\" \/>\n<meta property=\"og:title\" content=\"Armada de M\u00e9xico y FGR neutralizan laboratorio clandestino en Sinaloa |\" \/>\n<meta property=\"og:description\" content=\"La\u00a0Secretar\u00eda de Marina, a trav\u00e9s de la Armada de M\u00e9xico, en coordinaci\u00f3n con la\u00a0Fiscal\u00eda General de la Rep\u00fablica\u00a0(FGR), localiz\u00f3 y desmantel\u00f3 un laboratorio clandestino presuntamente utilizado para la elaboraci\u00f3n de drogas sint\u00e9ticas en el poblado de Corral Viejo, Sinaloa, a 124 kil\u00f3metros al sur de la Octava Zona Naval. En el sitio se aseguraron: una [&hellip;]\" \/>\n<meta property=\"og:url\" content=\"https:\/\/conexionnacional.mx\/index.php\/2024\/12\/23\/armada-de-mexico-y-fgr-neutralizan-laboratorio-clandestino-en-sinaloa\/\" \/>\n<meta property=\"og:site_name\" content=\"Conexi\u00f3n Nacional\" \/>\n<meta property=\"article:publisher\" content=\"https:\/\/www.facebook.com\/cnmxradio\" \/>\n<meta property=\"article:published_time\" content=\"2024-12-23T17:39:18+00:00\" \/>\n<meta property=\"article:modified_time\" content=\"2024-12-23T17:44:17+00:00\" \/>\n<meta property=\"og:image\" content=\"https:\/\/conexionnacional.mx\/wp-content\/uploads\/2024\/12\/3232726.webp\" \/>\n\t<meta property=\"og:image:width\" content=\"800\" \/>\n\t<meta property=\"og:image:height\" content=\"600\" \/>\n\t<meta property=\"og:image:type\" content=\"image\/webp\" \/>\n<meta name=\"author\" content=\"Conexi\u00f3n Nacional\" \/>\n<meta name=\"twitter:card\" content=\"summary_large_image\" \/>\n<meta name=\"twitter:label1\" content=\"Escrito por\" \/>\n\t<meta name=\"twitter:data1\" content=\"Conexi\u00f3n Nacional\" \/>\n\t<meta name=\"twitter:label2\" content=\"Tiempo de lectura\" \/>\n\t<meta name=\"twitter:data2\" content=\"2 minutos\" \/>\n<script type=\"application\/ld+json\" class=\"yoast-schema-graph\">{\"@context\":\"https:\\\/\\\/schema.org\",\"@graph\":[{\"@type\":\"Article\",\"@id\":\"https:\\\/\\\/conexionnacional.mx\\\/index.php\\\/2024\\\/12\\\/23\\\/armada-de-mexico-y-fgr-neutralizan-laboratorio-clandestino-en-sinaloa\\\/#article\",\"isPartOf\":{\"@id\":\"https:\\\/\\\/conexionnacional.mx\\\/index.php\\\/2024\\\/12\\\/23\\\/armada-de-mexico-y-fgr-neutralizan-laboratorio-clandestino-en-sinaloa\\\/\"},\"author\":{\"name\":\"Conexi\u00f3n Nacional\",\"@id\":\"https:\\\/\\\/conexionnacional.mx\\\/#\\\/schema\\\/person\\\/dd14aeda902120f5e0e021903fdb6931\"},\"headline\":\"Armada de M\u00e9xico y FGR neutralizan laboratorio clandestino en Sinaloa\",\"datePublished\":\"2024-12-23T17:39:18+00:00\",\"dateModified\":\"2024-12-23T17:44:17+00:00\",\"mainEntityOfPage\":{\"@id\":\"https:\\\/\\\/conexionnacional.mx\\\/index.php\\\/2024\\\/12\\\/23\\\/armada-de-mexico-y-fgr-neutralizan-laboratorio-clandestino-en-sinaloa\\\/\"},\"wordCount\":157,\"publisher\":{\"@id\":\"https:\\\/\\\/conexionnacional.mx\\\/#organization\"},\"image\":{\"@id\":\"https:\\\/\\\/conexionnacional.mx\\\/index.php\\\/2024\\\/12\\\/23\\\/armada-de-mexico-y-fgr-neutralizan-laboratorio-clandestino-en-sinaloa\\\/#primaryimage\"},\"thumbnailUrl\":\"https:\\\/\\\/conexionnacional.mx\\\/wp-content\\\/uploads\\\/2024\\\/12\\\/3232726.webp\",\"keywords\":[\"laboratorio clandestino\"],\"articleSection\":[\"Nacional\"],\"inLanguage\":\"es\"},{\"@type\":\"WebPage\",\"@id\":\"https:\\\/\\\/conexionnacional.mx\\\/index.php\\\/2024\\\/12\\\/23\\\/armada-de-mexico-y-fgr-neutralizan-laboratorio-clandestino-en-sinaloa\\\/\",\"url\":\"https:\\\/\\\/conexionnacional.mx\\\/index.php\\\/2024\\\/12\\\/23\\\/armada-de-mexico-y-fgr-neutralizan-laboratorio-clandestino-en-sinaloa\\\/\",\"name\":\"Armada de M\u00e9xico y FGR neutralizan laboratorio clandestino en Sinaloa |\",\"isPartOf\":{\"@id\":\"https:\\\/\\\/conexionnacional.mx\\\/#website\"},\"primaryImageOfPage\":{\"@id\":\"https:\\\/\\\/conexionnacional.mx\\\/index.php\\\/2024\\\/12\\\/23\\\/armada-de-mexico-y-fgr-neutralizan-laboratorio-clandestino-en-sinaloa\\\/#primaryimage\"},\"image\":{\"@id\":\"https:\\\/\\\/conexionnacional.mx\\\/index.php\\\/2024\\\/12\\\/23\\\/armada-de-mexico-y-fgr-neutralizan-laboratorio-clandestino-en-sinaloa\\\/#primaryimage\"},\"thumbnailUrl\":\"https:\\\/\\\/conexionnacional.mx\\\/wp-content\\\/uploads\\\/2024\\\/12\\\/3232726.webp\",\"datePublished\":\"2024-12-23T17:39:18+00:00\",\"dateModified\":\"2024-12-23T17:44:17+00:00\",\"breadcrumb\":{\"@id\":\"https:\\\/\\\/conexionnacional.mx\\\/index.php\\\/2024\\\/12\\\/23\\\/armada-de-mexico-y-fgr-neutralizan-laboratorio-clandestino-en-sinaloa\\\/#breadcrumb\"},\"inLanguage\":\"es\",\"potentialAction\":[{\"@type\":\"ReadAction\",\"target\":[\"https:\\\/\\\/conexionnacional.mx\\\/index.php\\\/2024\\\/12\\\/23\\\/armada-de-mexico-y-fgr-neutralizan-laboratorio-clandestino-en-sinaloa\\\/\"]}]},{\"@type\":\"ImageObject\",\"inLanguage\":\"es\",\"@id\":\"https:\\\/\\\/conexionnacional.mx\\\/index.php\\\/2024\\\/12\\\/23\\\/armada-de-mexico-y-fgr-neutralizan-laboratorio-clandestino-en-sinaloa\\\/#primaryimage\",\"url\":\"https:\\\/\\\/conexionnacional.mx\\\/wp-content\\\/uploads\\\/2024\\\/12\\\/3232726.webp\",\"contentUrl\":\"https:\\\/\\\/conexionnacional.mx\\\/wp-content\\\/uploads\\\/2024\\\/12\\\/3232726.webp\",\"width\":800,\"height\":600},{\"@type\":\"BreadcrumbList\",\"@id\":\"https:\\\/\\\/conexionnacional.mx\\\/index.php\\\/2024\\\/12\\\/23\\\/armada-de-mexico-y-fgr-neutralizan-laboratorio-clandestino-en-sinaloa\\\/#breadcrumb\",\"itemListElement\":[{\"@type\":\"ListItem\",\"position\":1,\"name\":\"Inicio\",\"item\":\"https:\\\/\\\/conexionnacional.mx\\\/\"},{\"@type\":\"ListItem\",\"position\":2,\"name\":\"Armada de M\u00e9xico y FGR neutralizan laboratorio clandestino en Sinaloa\"}]},{\"@type\":\"WebSite\",\"@id\":\"https:\\\/\\\/conexionnacional.mx\\\/#website\",\"url\":\"https:\\\/\\\/conexionnacional.mx\\\/\",\"name\":\"Conexi\u00f3n Nacional\",\"description\":\"Noticias al momento\",\"publisher\":{\"@id\":\"https:\\\/\\\/conexionnacional.mx\\\/#organization\"},\"alternateName\":\"Noticias nacionales\",\"potentialAction\":[{\"@type\":\"SearchAction\",\"target\":{\"@type\":\"EntryPoint\",\"urlTemplate\":\"https:\\\/\\\/conexionnacional.mx\\\/?s={search_term_string}\"},\"query-input\":{\"@type\":\"PropertyValueSpecification\",\"valueRequired\":true,\"valueName\":\"search_term_string\"}}],\"inLanguage\":\"es\"},{\"@type\":\"Organization\",\"@id\":\"https:\\\/\\\/conexionnacional.mx\\\/#organization\",\"name\":\"Conexi\u00f3n Nacional\",\"url\":\"https:\\\/\\\/conexionnacional.mx\\\/\",\"logo\":{\"@type\":\"ImageObject\",\"inLanguage\":\"es\",\"@id\":\"https:\\\/\\\/conexionnacional.mx\\\/#\\\/schema\\\/logo\\\/image\\\/\",\"url\":\"https:\\\/\\\/conexionnacional.mx\\\/wp-content\\\/uploads\\\/2022\\\/09\\\/conexion_nacional.png\",\"contentUrl\":\"https:\\\/\\\/conexionnacional.mx\\\/wp-content\\\/uploads\\\/2022\\\/09\\\/conexion_nacional.png\",\"width\":2964,\"height\":1173,\"caption\":\"Conexi\u00f3n Nacional\"},\"image\":{\"@id\":\"https:\\\/\\\/conexionnacional.mx\\\/#\\\/schema\\\/logo\\\/image\\\/\"},\"sameAs\":[\"https:\\\/\\\/www.facebook.com\\\/cnmxradio\"]},{\"@type\":\"Person\",\"@id\":\"https:\\\/\\\/conexionnacional.mx\\\/#\\\/schema\\\/person\\\/dd14aeda902120f5e0e021903fdb6931\",\"name\":\"Conexi\u00f3n Nacional\",\"image\":{\"@type\":\"ImageObject\",\"inLanguage\":\"es\",\"@id\":\"https:\\\/\\\/secure.gravatar.com\\\/avatar\\\/e523100f284110b2ecca7e17b2be9cf140a5e8f35294c9ec0543e6916cc1f9be?s=96&d=blank&r=g\",\"url\":\"https:\\\/\\\/secure.gravatar.com\\\/avatar\\\/e523100f284110b2ecca7e17b2be9cf140a5e8f35294c9ec0543e6916cc1f9be?s=96&d=blank&r=g\",\"contentUrl\":\"https:\\\/\\\/secure.gravatar.com\\\/avatar\\\/e523100f284110b2ecca7e17b2be9cf140a5e8f35294c9ec0543e6916cc1f9be?s=96&d=blank&r=g\",\"caption\":\"Conexi\u00f3n Nacional\"},\"sameAs\":[\"https:\\\/\\\/conexionnacional.mx\"],\"url\":\"https:\\\/\\\/conexionnacional.mx\\\/index.php\\\/author\\\/administrador\\\/\"}]}<\/script>\n<!-- \/ Yoast SEO plugin. -->","yoast_head_json":{"title":"Armada de M\u00e9xico y FGR neutralizan laboratorio clandestino en Sinaloa |","robots":{"index":"index","follow":"follow","max-snippet":"max-snippet:-1","max-image-preview":"max-image-preview:large","max-video-preview":"max-video-preview:-1"},"canonical":"https:\/\/conexionnacional.mx\/index.php\/2024\/12\/23\/armada-de-mexico-y-fgr-neutralizan-laboratorio-clandestino-en-sinaloa\/","og_locale":"es_MX","og_type":"article","og_title":"Armada de M\u00e9xico y FGR neutralizan laboratorio clandestino en Sinaloa |","og_description":"La\u00a0Secretar\u00eda de Marina, a trav\u00e9s de la Armada de M\u00e9xico, en coordinaci\u00f3n con la\u00a0Fiscal\u00eda General de la Rep\u00fablica\u00a0(FGR), localiz\u00f3 y desmantel\u00f3 un laboratorio clandestino presuntamente utilizado para la elaboraci\u00f3n de drogas sint\u00e9ticas en el poblado de Corral Viejo, Sinaloa, a 124 kil\u00f3metros al sur de la Octava Zona Naval. En el sitio se aseguraron: una [&hellip;]","og_url":"https:\/\/conexionnacional.mx\/index.php\/2024\/12\/23\/armada-de-mexico-y-fgr-neutralizan-laboratorio-clandestino-en-sinaloa\/","og_site_name":"Conexi\u00f3n Nacional","article_publisher":"https:\/\/www.facebook.com\/cnmxradio","article_published_time":"2024-12-23T17:39:18+00:00","article_modified_time":"2024-12-23T17:44:17+00:00","og_image":[{"width":800,"height":600,"url":"https:\/\/conexionnacional.mx\/wp-content\/uploads\/2024\/12\/3232726.webp","type":"image\/webp"}],"author":"Conexi\u00f3n Nacional","twitter_card":"summary_large_image","twitter_misc":{"Escrito por":"Conexi\u00f3n Nacional","Tiempo de lectura":"2 minutos"},"schema":{"@context":"https:\/\/schema.org","@graph":[{"@type":"Article","@id":"https:\/\/conexionnacional.mx\/index.php\/2024\/12\/23\/armada-de-mexico-y-fgr-neutralizan-laboratorio-clandestino-en-sinaloa\/#article","isPartOf":{"@id":"https:\/\/conexionnacional.mx\/index.php\/2024\/12\/23\/armada-de-mexico-y-fgr-neutralizan-laboratorio-clandestino-en-sinaloa\/"},"author":{"name":"Conexi\u00f3n Nacional","@id":"https:\/\/conexionnacional.mx\/#\/schema\/person\/dd14aeda902120f5e0e021903fdb6931"},"headline":"Armada de M\u00e9xico y FGR neutralizan laboratorio clandestino en Sinaloa","datePublished":"2024-12-23T17:39:18+00:00","dateModified":"2024-12-23T17:44:17+00:00","mainEntityOfPage":{"@id":"https:\/\/conexionnacional.mx\/index.php\/2024\/12\/23\/armada-de-mexico-y-fgr-neutralizan-laboratorio-clandestino-en-sinaloa\/"},"wordCount":157,"publisher":{"@id":"https:\/\/conexionnacional.mx\/#organization"},"image":{"@id":"https:\/\/conexionnacional.mx\/index.php\/2024\/12\/23\/armada-de-mexico-y-fgr-neutralizan-laboratorio-clandestino-en-sinaloa\/#primaryimage"},"thumbnailUrl":"https:\/\/conexionnacional.mx\/wp-content\/uploads\/2024\/12\/3232726.webp","keywords":["laboratorio clandestino"],"articleSection":["Nacional"],"inLanguage":"es"},{"@type":"WebPage","@id":"https:\/\/conexionnacional.mx\/index.php\/2024\/12\/23\/armada-de-mexico-y-fgr-neutralizan-laboratorio-clandestino-en-sinaloa\/","url":"https:\/\/conexionnacional.mx\/index.php\/2024\/12\/23\/armada-de-mexico-y-fgr-neutralizan-laboratorio-clandestino-en-sinaloa\/","name":"Armada de M\u00e9xico y FGR neutralizan laboratorio clandestino en Sinaloa |","isPartOf":{"@id":"https:\/\/conexionnacional.mx\/#website"},"primaryImageOfPage":{"@id":"https:\/\/conexionnacional.mx\/index.php\/2024\/12\/23\/armada-de-mexico-y-fgr-neutralizan-laboratorio-clandestino-en-sinaloa\/#primaryimage"},"image":{"@id":"https:\/\/conexionnacional.mx\/index.php\/2024\/12\/23\/armada-de-mexico-y-fgr-neutralizan-laboratorio-clandestino-en-sinaloa\/#primaryimage"},"thumbnailUrl":"https:\/\/conexionnacional.mx\/wp-content\/uploads\/2024\/12\/3232726.webp","datePublished":"2024-12-23T17:39:18+00:00","dateModified":"2024-12-23T17:44:17+00:00","breadcrumb":{"@id":"https:\/\/conexionnacional.mx\/index.php\/2024\/12\/23\/armada-de-mexico-y-fgr-neutralizan-laboratorio-clandestino-en-sinaloa\/#breadcrumb"},"inLanguage":"es","potentialAction":[{"@type":"ReadAction","target":["https:\/\/conexionnacional.mx\/index.php\/2024\/12\/23\/armada-de-mexico-y-fgr-neutralizan-laboratorio-clandestino-en-sinaloa\/"]}]},{"@type":"ImageObject","inLanguage":"es","@id":"https:\/\/conexionnacional.mx\/index.php\/2024\/12\/23\/armada-de-mexico-y-fgr-neutralizan-laboratorio-clandestino-en-sinaloa\/#primaryimage","url":"https:\/\/conexionnacional.mx\/wp-content\/uploads\/2024\/12\/3232726.webp","contentUrl":"https:\/\/conexionnacional.mx\/wp-content\/uploads\/2024\/12\/3232726.webp","width":800,"height":600},{"@type":"BreadcrumbList","@id":"https:\/\/conexionnacional.mx\/index.php\/2024\/12\/23\/armada-de-mexico-y-fgr-neutralizan-laboratorio-clandestino-en-sinaloa\/#breadcrumb","itemListElement":[{"@type":"ListItem","position":1,"name":"Inicio","item":"https:\/\/conexionnacional.mx\/"},{"@type":"ListItem","position":2,"name":"Armada de M\u00e9xico y FGR neutralizan laboratorio clandestino en Sinaloa"}]},{"@type":"WebSite","@id":"https:\/\/conexionnacional.mx\/#website","url":"https:\/\/conexionnacional.mx\/","name":"Conexi\u00f3n Nacional","description":"Noticias al momento","publisher":{"@id":"https:\/\/conexionnacional.mx\/#organization"},"alternateName":"Noticias nacionales","potentialAction":[{"@type":"SearchAction","target":{"@type":"EntryPoint","urlTemplate":"https:\/\/conexionnacional.mx\/?s={search_term_string}"},"query-input":{"@type":"PropertyValueSpecification","valueRequired":true,"valueName":"search_term_string"}}],"inLanguage":"es"},{"@type":"Organization","@id":"https:\/\/conexionnacional.mx\/#organization","name":"Conexi\u00f3n Nacional","url":"https:\/\/conexionnacional.mx\/","logo":{"@type":"ImageObject","inLanguage":"es","@id":"https:\/\/conexionnacional.mx\/#\/schema\/logo\/image\/","url":"https:\/\/conexionnacional.mx\/wp-content\/uploads\/2022\/09\/conexion_nacional.png","contentUrl":"https:\/\/conexionnacional.mx\/wp-content\/uploads\/2022\/09\/conexion_nacional.png","width":2964,"height":1173,"caption":"Conexi\u00f3n Nacional"},"image":{"@id":"https:\/\/conexionnacional.mx\/#\/schema\/logo\/image\/"},"sameAs":["https:\/\/www.facebook.com\/cnmxradio"]},{"@type":"Person","@id":"https:\/\/conexionnacional.mx\/#\/schema\/person\/dd14aeda902120f5e0e021903fdb6931","name":"Conexi\u00f3n Nacional","image":{"@type":"ImageObject","inLanguage":"es","@id":"https:\/\/secure.gravatar.com\/avatar\/e523100f284110b2ecca7e17b2be9cf140a5e8f35294c9ec0543e6916cc1f9be?s=96&d=blank&r=g","url":"https:\/\/secure.gravatar.com\/avatar\/e523100f284110b2ecca7e17b2be9cf140a5e8f35294c9ec0543e6916cc1f9be?s=96&d=blank&r=g","contentUrl":"https:\/\/secure.gravatar.com\/avatar\/e523100f284110b2ecca7e17b2be9cf140a5e8f35294c9ec0543e6916cc1f9be?s=96&d=blank&r=g","caption":"Conexi\u00f3n Nacional"},"sameAs":["https:\/\/conexionnacional.mx"],"url":"https:\/\/conexionnacional.mx\/index.php\/author\/administrador\/"}]}},"_links":{"self":[{"href":"https:\/\/conexionnacional.mx\/index.php\/wp-json\/wp\/v2\/posts\/23455","targetHints":{"allow":["GET"]}}],"collection":[{"href":"https:\/\/conexionnacional.mx\/index.php\/wp-json\/wp\/v2\/posts"}],"about":[{"href":"https:\/\/conexionnacional.mx\/index.php\/wp-json\/wp\/v2\/types\/post"}],"author":[{"embeddable":true,"href":"https:\/\/conexionnacional.mx\/index.php\/wp-json\/wp\/v2\/users\/1"}],"replies":[{"embeddable":true,"href":"https:\/\/conexionnacional.mx\/index.php\/wp-json\/wp\/v2\/comments?post=23455"}],"version-history":[{"count":2,"href":"https:\/\/conexionnacional.mx\/index.php\/wp-json\/wp\/v2\/posts\/23455\/revisions"}],"predecessor-version":[{"id":23468,"href":"https:\/\/conexionnacional.mx\/index.php\/wp-json\/wp\/v2\/posts\/23455\/revisions\/23468"}],"wp:featuredmedia":[{"embeddable":true,"href":"https:\/\/conexionnacional.mx\/index.php\/wp-json\/wp\/v2\/media\/23463"}],"wp:attachment":[{"href":"https:\/\/conexionnacional.mx\/index.php\/wp-json\/wp\/v2\/media?parent=23455"}],"wp:term":[{"taxonomy":"category","embeddable":true,"href":"https:\/\/conexionnacional.mx\/index.php\/wp-json\/wp\/v2\/categories?post=23455"},{"taxonomy":"post_tag","embeddable":true,"href":"https:\/\/conexionnacional.mx\/index.php\/wp-json\/wp\/v2\/tags?post=23455"}],"curies":[{"name":"wp","href":"https:\/\/api.w.org\/{rel}","templated":true}]}}