{"id":23447,"date":"2024-12-20T17:42:06","date_gmt":"2024-12-20T23:42:06","guid":{"rendered":"https:\/\/conexionnacional.mx\/?p=23447"},"modified":"2024-12-20T17:42:08","modified_gmt":"2024-12-20T23:42:08","slug":"canelo-alvarez-se-compra-otro-ferrari-cuantos-millones-cuesta-su-nuevo-auto-de-lujo","status":"publish","type":"post","link":"https:\/\/conexionnacional.mx\/index.php\/2024\/12\/20\/canelo-alvarez-se-compra-otro-ferrari-cuantos-millones-cuesta-su-nuevo-auto-de-lujo\/","title":{"rendered":"Canelo \u00c1lvarez se compra otro Ferrari, \u00bfcu\u00e1ntos millones cuesta su nuevo auto de lujo?"},"content":{"rendered":"\n<p><strong>Canelo \u00c1lvarez<\/strong>\u00a0comparti\u00f3 recientemente en su cuenta de Instagram su\u00a0<strong>nueva adquisici\u00f3n<\/strong>: un<strong>\u00a0Ferrari Purosangue<\/strong>. El veh\u00edculo de lujo fabricado por la reconocida marca italiana, como era de esperarse, tiene un\u00a0<strong>alto coste base<\/strong>\u00a0que puede crecer dependiendo de c\u00f3mo se personalice.<\/p>\n\n\n\n<p>El Purosangue se une a la&nbsp;<strong>lista&nbsp;<\/strong>de&nbsp;<strong>Ferraris&nbsp;<\/strong>que tiene el pugilista mexicano, que, seg\u00fan un repaso de&nbsp;<em>El Universal<\/em>, contempla otros veh\u00edculos de alto valor del fabricante como LaFerrari, 458 Speciale, Purosangue Rojo y Testarossa.<\/p>\n\n\n\n<h2 class=\"wp-block-heading\">\u00bfCu\u00e1ntos millones cuesta el nuevo auto del Canelo \u00c1lvarez?<\/h2>\n\n\n\n<p><strong>Canelo \u00c1lvarez<\/strong>\u00a0<strong>presumi\u00f3\u00a0<\/strong>en sus historias de Instagram el\u00a0<strong>Ferrari\u00a0<\/strong>que se uni\u00f3 a su colecci\u00f3n, sin embargo, algunos internautas se preguntaron\u00a0<strong>cu\u00e1nto cuesta<\/strong>\u00a0un auto de lujo como el que ahora tiene el pugilista mexicano.<\/p>\n\n\n\n<p>De acuerdo con el medio especializado en autom\u00f3viles&nbsp;<em>Car and Driver<\/em>, el&nbsp;<strong>precio base&nbsp;<\/strong>del Ferrari Purosangue es ligeramente&nbsp;<strong>superior&nbsp;<\/strong>a los<strong>&nbsp;428 mil d\u00f3lares<\/strong>, alrededor de<strong>&nbsp;8.6 millones de pesos mexicanos<\/strong>.<\/p>\n\n\n\n<p>Este autom\u00f3vil&nbsp;<strong>puede personalizarse&nbsp;<\/strong>y por ello su&nbsp;<strong>costo&nbsp;<\/strong>puede&nbsp;<strong>crecer&nbsp;<\/strong>considerablemente. Como se\u00f1ala&nbsp;<em>Car and Driver<\/em>, el comprador tiene la opci\u00f3n de pagar m\u00e1s para que sus asientos delanteros den masaje o que el techo sea de vidrio.<\/p>\n\n\n\n<p>Para hacerlo un auto todav\u00eda m\u00e1s exquisito,&nbsp;<strong>Ferrari destaca&nbsp;<\/strong>en su p\u00e1gina que es el primero en su historia \u201ccon cuatro puertas y cuatro plazas\u201d. Asimismo, recalcaron que \u201crepresenta el m\u00e1s puro ADN del Cavallino Rampante donde&nbsp;<strong>prestaciones, placer de conducir y confort coexisten en perfecta armon\u00eda<\/strong>\u201d.<\/p>\n\n\n\n<figure class=\"wp-block-image\"><img decoding=\"async\" src=\"data:image\/gif;base64,R0lGODlhAQABAAAAACH5BAEKAAEALAAAAAABAAEAAAICTAEAOw==\" data-src=\"https:\/\/www.foxsports.com.mx\/resizer\/v2\/RXK7RT2FYBATFCT2MV27R3DLAU.png?auth=dc23c77b7caa6af7c6850b02e393779c618abe4444cf69d99f2876f8a144aafa&amp;width=800&amp;height=832\" class=\"lazyload\" alt=\"\"\/><figcaption class=\"wp-element-caption\">El nuevo carro de Canelo.&nbsp;(Captura &#8211; Instagram)<\/figcaption><\/figure>\n\n\n\n<h2 class=\"wp-block-heading\">\u00bfC\u00f3mo le fue a Canelo en su \u00faltima pelea?<\/h2>\n\n\n\n<p>Hasta el momento el pugilista\u00a0<strong>no ha develado qui\u00e9n ser\u00e1 su primer rival\u00a0<\/strong>en<strong>\u00a02025<\/strong>, pese a que gente como\u00a0Jake Paul, Bruno Surace o Terence Crawford desean enfrentarlo.<\/p>\n\n\n\n<p>En su&nbsp;<strong>\u00faltima batalla<\/strong>, el mexicano sali\u00f3&nbsp;<strong>vencedor<\/strong>. El pasado 14 de septiembre enfrent\u00f3 a Edgar Berlanga en la T-Mobile Arena e impuso su ley por medio de la decisi\u00f3n un\u00e1nime.<\/p>\n","protected":false},"excerpt":{"rendered":"<p>Canelo \u00c1lvarez\u00a0comparti\u00f3 recientemente en su cuenta de Instagram su\u00a0nueva adquisici\u00f3n: un\u00a0Ferrari Purosangue. El veh\u00edculo de lujo fabricado por la reconocida marca italiana, como era de esperarse, tiene un\u00a0alto coste base\u00a0que puede crecer dependiendo de c\u00f3mo se personalice. El Purosangue se une a la&nbsp;lista&nbsp;de&nbsp;Ferraris&nbsp;que tiene el pugilista mexicano, que, seg\u00fan un repaso de&nbsp;El Universal, contempla otros [&hellip;]<\/p>\n","protected":false},"author":1,"featured_media":23448,"comment_status":"closed","ping_status":"closed","sticky":false,"template":"","format":"aside","meta":{"googlesitekit_rrm_CAowytPeCw:productID":"","footnotes":""},"categories":[19],"tags":[3419,2513,594],"class_list":["post-23447","post","type-post","status-publish","format-aside","has-post-thumbnail","hentry","category-deportes","tag-canelo","tag-ferrari","tag-nuevo","post_format-post-format-aside"],"yoast_head":"<!-- This site is optimized with the Yoast SEO plugin v27.4 - https:\/\/yoast.com\/product\/yoast-seo-wordpress\/ -->\n<title>Canelo \u00c1lvarez se compra otro Ferrari, \u00bfcu\u00e1ntos millones cuesta su nuevo auto de lujo?<\/title>\n<meta name=\"description\" content=\"Canelo \u00c1lvarez\u00a0comparti\u00f3 recientemente en su cuenta de Instagram su\u00a0nueva adquisici\u00f3n: un\u00a0Ferrari Purosangue. El veh\u00edculo de lujo fabricado por la reconocida marca italiana, como era de esperarse, tiene un\u00a0alto coste base\u00a0que puede crecer dependiendo de c\u00f3mo se personalice.\" \/>\n<meta name=\"robots\" content=\"index, follow, max-snippet:-1, max-image-preview:large, max-video-preview:-1\" \/>\n<link rel=\"canonical\" href=\"https:\/\/conexionnacional.mx\/index.php\/2024\/12\/20\/canelo-alvarez-se-compra-otro-ferrari-cuantos-millones-cuesta-su-nuevo-auto-de-lujo\/\" \/>\n<meta property=\"og:locale\" content=\"es_MX\" \/>\n<meta property=\"og:type\" content=\"article\" \/>\n<meta property=\"og:title\" content=\"Canelo \u00c1lvarez se compra otro Ferrari, \u00bfcu\u00e1ntos millones cuesta su nuevo auto de lujo?\" \/>\n<meta property=\"og:description\" content=\"Canelo \u00c1lvarez\u00a0comparti\u00f3 recientemente en su cuenta de Instagram su\u00a0nueva adquisici\u00f3n: un\u00a0Ferrari Purosangue. El veh\u00edculo de lujo fabricado por la reconocida marca italiana, como era de esperarse, tiene un\u00a0alto coste base\u00a0que puede crecer dependiendo de c\u00f3mo se personalice.\" \/>\n<meta property=\"og:url\" content=\"https:\/\/conexionnacional.mx\/index.php\/2024\/12\/20\/canelo-alvarez-se-compra-otro-ferrari-cuantos-millones-cuesta-su-nuevo-auto-de-lujo\/\" \/>\n<meta property=\"og:site_name\" content=\"Conexi\u00f3n Nacional\" \/>\n<meta property=\"article:publisher\" content=\"https:\/\/www.facebook.com\/cnmxradio\" \/>\n<meta property=\"article:published_time\" content=\"2024-12-20T23:42:06+00:00\" \/>\n<meta property=\"article:modified_time\" content=\"2024-12-20T23:42:08+00:00\" \/>\n<meta property=\"og:image\" content=\"https:\/\/conexionnacional.mx\/wp-content\/uploads\/2024\/12\/images-2.jpg\" \/>\n\t<meta property=\"og:image:width\" content=\"300\" \/>\n\t<meta property=\"og:image:height\" content=\"168\" \/>\n\t<meta property=\"og:image:type\" content=\"image\/jpeg\" \/>\n<meta name=\"author\" content=\"Conexi\u00f3n Nacional\" \/>\n<meta name=\"twitter:card\" content=\"summary_large_image\" \/>\n<meta name=\"twitter:label1\" content=\"Escrito por\" \/>\n\t<meta name=\"twitter:data1\" content=\"Conexi\u00f3n Nacional\" \/>\n\t<meta name=\"twitter:label2\" content=\"Tiempo de lectura\" \/>\n\t<meta name=\"twitter:data2\" content=\"2 minutos\" \/>\n<script type=\"application\/ld+json\" class=\"yoast-schema-graph\">{\"@context\":\"https:\\\/\\\/schema.org\",\"@graph\":[{\"@type\":\"Article\",\"@id\":\"https:\\\/\\\/conexionnacional.mx\\\/index.php\\\/2024\\\/12\\\/20\\\/canelo-alvarez-se-compra-otro-ferrari-cuantos-millones-cuesta-su-nuevo-auto-de-lujo\\\/#article\",\"isPartOf\":{\"@id\":\"https:\\\/\\\/conexionnacional.mx\\\/index.php\\\/2024\\\/12\\\/20\\\/canelo-alvarez-se-compra-otro-ferrari-cuantos-millones-cuesta-su-nuevo-auto-de-lujo\\\/\"},\"author\":{\"name\":\"Conexi\u00f3n Nacional\",\"@id\":\"https:\\\/\\\/conexionnacional.mx\\\/#\\\/schema\\\/person\\\/dd14aeda902120f5e0e021903fdb6931\"},\"headline\":\"Canelo \u00c1lvarez se compra otro Ferrari, \u00bfcu\u00e1ntos millones cuesta su nuevo auto de lujo?\",\"datePublished\":\"2024-12-20T23:42:06+00:00\",\"dateModified\":\"2024-12-20T23:42:08+00:00\",\"mainEntityOfPage\":{\"@id\":\"https:\\\/\\\/conexionnacional.mx\\\/index.php\\\/2024\\\/12\\\/20\\\/canelo-alvarez-se-compra-otro-ferrari-cuantos-millones-cuesta-su-nuevo-auto-de-lujo\\\/\"},\"wordCount\":377,\"publisher\":{\"@id\":\"https:\\\/\\\/conexionnacional.mx\\\/#organization\"},\"image\":{\"@id\":\"https:\\\/\\\/conexionnacional.mx\\\/index.php\\\/2024\\\/12\\\/20\\\/canelo-alvarez-se-compra-otro-ferrari-cuantos-millones-cuesta-su-nuevo-auto-de-lujo\\\/#primaryimage\"},\"thumbnailUrl\":\"https:\\\/\\\/conexionnacional.mx\\\/wp-content\\\/uploads\\\/2024\\\/12\\\/images-2.jpg\",\"keywords\":[\"Canelo\",\"Ferrari\",\"Nuevo\"],\"articleSection\":[\"Deportes\"],\"inLanguage\":\"es\"},{\"@type\":\"WebPage\",\"@id\":\"https:\\\/\\\/conexionnacional.mx\\\/index.php\\\/2024\\\/12\\\/20\\\/canelo-alvarez-se-compra-otro-ferrari-cuantos-millones-cuesta-su-nuevo-auto-de-lujo\\\/\",\"url\":\"https:\\\/\\\/conexionnacional.mx\\\/index.php\\\/2024\\\/12\\\/20\\\/canelo-alvarez-se-compra-otro-ferrari-cuantos-millones-cuesta-su-nuevo-auto-de-lujo\\\/\",\"name\":\"Canelo \u00c1lvarez se compra otro Ferrari, \u00bfcu\u00e1ntos millones cuesta su nuevo auto de lujo?\",\"isPartOf\":{\"@id\":\"https:\\\/\\\/conexionnacional.mx\\\/#website\"},\"primaryImageOfPage\":{\"@id\":\"https:\\\/\\\/conexionnacional.mx\\\/index.php\\\/2024\\\/12\\\/20\\\/canelo-alvarez-se-compra-otro-ferrari-cuantos-millones-cuesta-su-nuevo-auto-de-lujo\\\/#primaryimage\"},\"image\":{\"@id\":\"https:\\\/\\\/conexionnacional.mx\\\/index.php\\\/2024\\\/12\\\/20\\\/canelo-alvarez-se-compra-otro-ferrari-cuantos-millones-cuesta-su-nuevo-auto-de-lujo\\\/#primaryimage\"},\"thumbnailUrl\":\"https:\\\/\\\/conexionnacional.mx\\\/wp-content\\\/uploads\\\/2024\\\/12\\\/images-2.jpg\",\"datePublished\":\"2024-12-20T23:42:06+00:00\",\"dateModified\":\"2024-12-20T23:42:08+00:00\",\"description\":\"Canelo \u00c1lvarez\u00a0comparti\u00f3 recientemente en su cuenta de Instagram su\u00a0nueva adquisici\u00f3n: un\u00a0Ferrari Purosangue. El veh\u00edculo de lujo fabricado por la reconocida marca italiana, como era de esperarse, tiene un\u00a0alto coste base\u00a0que puede crecer dependiendo de c\u00f3mo se personalice.\",\"breadcrumb\":{\"@id\":\"https:\\\/\\\/conexionnacional.mx\\\/index.php\\\/2024\\\/12\\\/20\\\/canelo-alvarez-se-compra-otro-ferrari-cuantos-millones-cuesta-su-nuevo-auto-de-lujo\\\/#breadcrumb\"},\"inLanguage\":\"es\",\"potentialAction\":[{\"@type\":\"ReadAction\",\"target\":[\"https:\\\/\\\/conexionnacional.mx\\\/index.php\\\/2024\\\/12\\\/20\\\/canelo-alvarez-se-compra-otro-ferrari-cuantos-millones-cuesta-su-nuevo-auto-de-lujo\\\/\"]}]},{\"@type\":\"ImageObject\",\"inLanguage\":\"es\",\"@id\":\"https:\\\/\\\/conexionnacional.mx\\\/index.php\\\/2024\\\/12\\\/20\\\/canelo-alvarez-se-compra-otro-ferrari-cuantos-millones-cuesta-su-nuevo-auto-de-lujo\\\/#primaryimage\",\"url\":\"https:\\\/\\\/conexionnacional.mx\\\/wp-content\\\/uploads\\\/2024\\\/12\\\/images-2.jpg\",\"contentUrl\":\"https:\\\/\\\/conexionnacional.mx\\\/wp-content\\\/uploads\\\/2024\\\/12\\\/images-2.jpg\",\"width\":300,\"height\":168},{\"@type\":\"BreadcrumbList\",\"@id\":\"https:\\\/\\\/conexionnacional.mx\\\/index.php\\\/2024\\\/12\\\/20\\\/canelo-alvarez-se-compra-otro-ferrari-cuantos-millones-cuesta-su-nuevo-auto-de-lujo\\\/#breadcrumb\",\"itemListElement\":[{\"@type\":\"ListItem\",\"position\":1,\"name\":\"Inicio\",\"item\":\"https:\\\/\\\/conexionnacional.mx\\\/\"},{\"@type\":\"ListItem\",\"position\":2,\"name\":\"Canelo \u00c1lvarez se compra otro Ferrari, \u00bfcu\u00e1ntos millones cuesta su nuevo auto de lujo?\"}]},{\"@type\":\"WebSite\",\"@id\":\"https:\\\/\\\/conexionnacional.mx\\\/#website\",\"url\":\"https:\\\/\\\/conexionnacional.mx\\\/\",\"name\":\"Conexi\u00f3n Nacional\",\"description\":\"Noticias al momento\",\"publisher\":{\"@id\":\"https:\\\/\\\/conexionnacional.mx\\\/#organization\"},\"alternateName\":\"Noticias nacionales\",\"potentialAction\":[{\"@type\":\"SearchAction\",\"target\":{\"@type\":\"EntryPoint\",\"urlTemplate\":\"https:\\\/\\\/conexionnacional.mx\\\/?s={search_term_string}\"},\"query-input\":{\"@type\":\"PropertyValueSpecification\",\"valueRequired\":true,\"valueName\":\"search_term_string\"}}],\"inLanguage\":\"es\"},{\"@type\":\"Organization\",\"@id\":\"https:\\\/\\\/conexionnacional.mx\\\/#organization\",\"name\":\"Conexi\u00f3n Nacional\",\"url\":\"https:\\\/\\\/conexionnacional.mx\\\/\",\"logo\":{\"@type\":\"ImageObject\",\"inLanguage\":\"es\",\"@id\":\"https:\\\/\\\/conexionnacional.mx\\\/#\\\/schema\\\/logo\\\/image\\\/\",\"url\":\"https:\\\/\\\/conexionnacional.mx\\\/wp-content\\\/uploads\\\/2022\\\/09\\\/conexion_nacional.png\",\"contentUrl\":\"https:\\\/\\\/conexionnacional.mx\\\/wp-content\\\/uploads\\\/2022\\\/09\\\/conexion_nacional.png\",\"width\":2964,\"height\":1173,\"caption\":\"Conexi\u00f3n Nacional\"},\"image\":{\"@id\":\"https:\\\/\\\/conexionnacional.mx\\\/#\\\/schema\\\/logo\\\/image\\\/\"},\"sameAs\":[\"https:\\\/\\\/www.facebook.com\\\/cnmxradio\"]},{\"@type\":\"Person\",\"@id\":\"https:\\\/\\\/conexionnacional.mx\\\/#\\\/schema\\\/person\\\/dd14aeda902120f5e0e021903fdb6931\",\"name\":\"Conexi\u00f3n Nacional\",\"image\":{\"@type\":\"ImageObject\",\"inLanguage\":\"es\",\"@id\":\"https:\\\/\\\/secure.gravatar.com\\\/avatar\\\/e523100f284110b2ecca7e17b2be9cf140a5e8f35294c9ec0543e6916cc1f9be?s=96&d=blank&r=g\",\"url\":\"https:\\\/\\\/secure.gravatar.com\\\/avatar\\\/e523100f284110b2ecca7e17b2be9cf140a5e8f35294c9ec0543e6916cc1f9be?s=96&d=blank&r=g\",\"contentUrl\":\"https:\\\/\\\/secure.gravatar.com\\\/avatar\\\/e523100f284110b2ecca7e17b2be9cf140a5e8f35294c9ec0543e6916cc1f9be?s=96&d=blank&r=g\",\"caption\":\"Conexi\u00f3n Nacional\"},\"sameAs\":[\"https:\\\/\\\/conexionnacional.mx\"],\"url\":\"https:\\\/\\\/conexionnacional.mx\\\/index.php\\\/author\\\/administrador\\\/\"}]}<\/script>\n<!-- \/ Yoast SEO plugin. -->","yoast_head_json":{"title":"Canelo \u00c1lvarez se compra otro Ferrari, \u00bfcu\u00e1ntos millones cuesta su nuevo auto de lujo?","description":"Canelo \u00c1lvarez\u00a0comparti\u00f3 recientemente en su cuenta de Instagram su\u00a0nueva adquisici\u00f3n: un\u00a0Ferrari Purosangue. El veh\u00edculo de lujo fabricado por la reconocida marca italiana, como era de esperarse, tiene un\u00a0alto coste base\u00a0que puede crecer dependiendo de c\u00f3mo se personalice.","robots":{"index":"index","follow":"follow","max-snippet":"max-snippet:-1","max-image-preview":"max-image-preview:large","max-video-preview":"max-video-preview:-1"},"canonical":"https:\/\/conexionnacional.mx\/index.php\/2024\/12\/20\/canelo-alvarez-se-compra-otro-ferrari-cuantos-millones-cuesta-su-nuevo-auto-de-lujo\/","og_locale":"es_MX","og_type":"article","og_title":"Canelo \u00c1lvarez se compra otro Ferrari, \u00bfcu\u00e1ntos millones cuesta su nuevo auto de lujo?","og_description":"Canelo \u00c1lvarez\u00a0comparti\u00f3 recientemente en su cuenta de Instagram su\u00a0nueva adquisici\u00f3n: un\u00a0Ferrari Purosangue. El veh\u00edculo de lujo fabricado por la reconocida marca italiana, como era de esperarse, tiene un\u00a0alto coste base\u00a0que puede crecer dependiendo de c\u00f3mo se personalice.","og_url":"https:\/\/conexionnacional.mx\/index.php\/2024\/12\/20\/canelo-alvarez-se-compra-otro-ferrari-cuantos-millones-cuesta-su-nuevo-auto-de-lujo\/","og_site_name":"Conexi\u00f3n Nacional","article_publisher":"https:\/\/www.facebook.com\/cnmxradio","article_published_time":"2024-12-20T23:42:06+00:00","article_modified_time":"2024-12-20T23:42:08+00:00","og_image":[{"width":300,"height":168,"url":"https:\/\/conexionnacional.mx\/wp-content\/uploads\/2024\/12\/images-2.jpg","type":"image\/jpeg"}],"author":"Conexi\u00f3n Nacional","twitter_card":"summary_large_image","twitter_misc":{"Escrito por":"Conexi\u00f3n Nacional","Tiempo de lectura":"2 minutos"},"schema":{"@context":"https:\/\/schema.org","@graph":[{"@type":"Article","@id":"https:\/\/conexionnacional.mx\/index.php\/2024\/12\/20\/canelo-alvarez-se-compra-otro-ferrari-cuantos-millones-cuesta-su-nuevo-auto-de-lujo\/#article","isPartOf":{"@id":"https:\/\/conexionnacional.mx\/index.php\/2024\/12\/20\/canelo-alvarez-se-compra-otro-ferrari-cuantos-millones-cuesta-su-nuevo-auto-de-lujo\/"},"author":{"name":"Conexi\u00f3n Nacional","@id":"https:\/\/conexionnacional.mx\/#\/schema\/person\/dd14aeda902120f5e0e021903fdb6931"},"headline":"Canelo \u00c1lvarez se compra otro Ferrari, \u00bfcu\u00e1ntos millones cuesta su nuevo auto de lujo?","datePublished":"2024-12-20T23:42:06+00:00","dateModified":"2024-12-20T23:42:08+00:00","mainEntityOfPage":{"@id":"https:\/\/conexionnacional.mx\/index.php\/2024\/12\/20\/canelo-alvarez-se-compra-otro-ferrari-cuantos-millones-cuesta-su-nuevo-auto-de-lujo\/"},"wordCount":377,"publisher":{"@id":"https:\/\/conexionnacional.mx\/#organization"},"image":{"@id":"https:\/\/conexionnacional.mx\/index.php\/2024\/12\/20\/canelo-alvarez-se-compra-otro-ferrari-cuantos-millones-cuesta-su-nuevo-auto-de-lujo\/#primaryimage"},"thumbnailUrl":"https:\/\/conexionnacional.mx\/wp-content\/uploads\/2024\/12\/images-2.jpg","keywords":["Canelo","Ferrari","Nuevo"],"articleSection":["Deportes"],"inLanguage":"es"},{"@type":"WebPage","@id":"https:\/\/conexionnacional.mx\/index.php\/2024\/12\/20\/canelo-alvarez-se-compra-otro-ferrari-cuantos-millones-cuesta-su-nuevo-auto-de-lujo\/","url":"https:\/\/conexionnacional.mx\/index.php\/2024\/12\/20\/canelo-alvarez-se-compra-otro-ferrari-cuantos-millones-cuesta-su-nuevo-auto-de-lujo\/","name":"Canelo \u00c1lvarez se compra otro Ferrari, \u00bfcu\u00e1ntos millones cuesta su nuevo auto de lujo?","isPartOf":{"@id":"https:\/\/conexionnacional.mx\/#website"},"primaryImageOfPage":{"@id":"https:\/\/conexionnacional.mx\/index.php\/2024\/12\/20\/canelo-alvarez-se-compra-otro-ferrari-cuantos-millones-cuesta-su-nuevo-auto-de-lujo\/#primaryimage"},"image":{"@id":"https:\/\/conexionnacional.mx\/index.php\/2024\/12\/20\/canelo-alvarez-se-compra-otro-ferrari-cuantos-millones-cuesta-su-nuevo-auto-de-lujo\/#primaryimage"},"thumbnailUrl":"https:\/\/conexionnacional.mx\/wp-content\/uploads\/2024\/12\/images-2.jpg","datePublished":"2024-12-20T23:42:06+00:00","dateModified":"2024-12-20T23:42:08+00:00","description":"Canelo \u00c1lvarez\u00a0comparti\u00f3 recientemente en su cuenta de Instagram su\u00a0nueva adquisici\u00f3n: un\u00a0Ferrari Purosangue. El veh\u00edculo de lujo fabricado por la reconocida marca italiana, como era de esperarse, tiene un\u00a0alto coste base\u00a0que puede crecer dependiendo de c\u00f3mo se personalice.","breadcrumb":{"@id":"https:\/\/conexionnacional.mx\/index.php\/2024\/12\/20\/canelo-alvarez-se-compra-otro-ferrari-cuantos-millones-cuesta-su-nuevo-auto-de-lujo\/#breadcrumb"},"inLanguage":"es","potentialAction":[{"@type":"ReadAction","target":["https:\/\/conexionnacional.mx\/index.php\/2024\/12\/20\/canelo-alvarez-se-compra-otro-ferrari-cuantos-millones-cuesta-su-nuevo-auto-de-lujo\/"]}]},{"@type":"ImageObject","inLanguage":"es","@id":"https:\/\/conexionnacional.mx\/index.php\/2024\/12\/20\/canelo-alvarez-se-compra-otro-ferrari-cuantos-millones-cuesta-su-nuevo-auto-de-lujo\/#primaryimage","url":"https:\/\/conexionnacional.mx\/wp-content\/uploads\/2024\/12\/images-2.jpg","contentUrl":"https:\/\/conexionnacional.mx\/wp-content\/uploads\/2024\/12\/images-2.jpg","width":300,"height":168},{"@type":"BreadcrumbList","@id":"https:\/\/conexionnacional.mx\/index.php\/2024\/12\/20\/canelo-alvarez-se-compra-otro-ferrari-cuantos-millones-cuesta-su-nuevo-auto-de-lujo\/#breadcrumb","itemListElement":[{"@type":"ListItem","position":1,"name":"Inicio","item":"https:\/\/conexionnacional.mx\/"},{"@type":"ListItem","position":2,"name":"Canelo \u00c1lvarez se compra otro Ferrari, \u00bfcu\u00e1ntos millones cuesta su nuevo auto de lujo?"}]},{"@type":"WebSite","@id":"https:\/\/conexionnacional.mx\/#website","url":"https:\/\/conexionnacional.mx\/","name":"Conexi\u00f3n Nacional","description":"Noticias al momento","publisher":{"@id":"https:\/\/conexionnacional.mx\/#organization"},"alternateName":"Noticias nacionales","potentialAction":[{"@type":"SearchAction","target":{"@type":"EntryPoint","urlTemplate":"https:\/\/conexionnacional.mx\/?s={search_term_string}"},"query-input":{"@type":"PropertyValueSpecification","valueRequired":true,"valueName":"search_term_string"}}],"inLanguage":"es"},{"@type":"Organization","@id":"https:\/\/conexionnacional.mx\/#organization","name":"Conexi\u00f3n Nacional","url":"https:\/\/conexionnacional.mx\/","logo":{"@type":"ImageObject","inLanguage":"es","@id":"https:\/\/conexionnacional.mx\/#\/schema\/logo\/image\/","url":"https:\/\/conexionnacional.mx\/wp-content\/uploads\/2022\/09\/conexion_nacional.png","contentUrl":"https:\/\/conexionnacional.mx\/wp-content\/uploads\/2022\/09\/conexion_nacional.png","width":2964,"height":1173,"caption":"Conexi\u00f3n Nacional"},"image":{"@id":"https:\/\/conexionnacional.mx\/#\/schema\/logo\/image\/"},"sameAs":["https:\/\/www.facebook.com\/cnmxradio"]},{"@type":"Person","@id":"https:\/\/conexionnacional.mx\/#\/schema\/person\/dd14aeda902120f5e0e021903fdb6931","name":"Conexi\u00f3n Nacional","image":{"@type":"ImageObject","inLanguage":"es","@id":"https:\/\/secure.gravatar.com\/avatar\/e523100f284110b2ecca7e17b2be9cf140a5e8f35294c9ec0543e6916cc1f9be?s=96&d=blank&r=g","url":"https:\/\/secure.gravatar.com\/avatar\/e523100f284110b2ecca7e17b2be9cf140a5e8f35294c9ec0543e6916cc1f9be?s=96&d=blank&r=g","contentUrl":"https:\/\/secure.gravatar.com\/avatar\/e523100f284110b2ecca7e17b2be9cf140a5e8f35294c9ec0543e6916cc1f9be?s=96&d=blank&r=g","caption":"Conexi\u00f3n Nacional"},"sameAs":["https:\/\/conexionnacional.mx"],"url":"https:\/\/conexionnacional.mx\/index.php\/author\/administrador\/"}]}},"_links":{"self":[{"href":"https:\/\/conexionnacional.mx\/index.php\/wp-json\/wp\/v2\/posts\/23447","targetHints":{"allow":["GET"]}}],"collection":[{"href":"https:\/\/conexionnacional.mx\/index.php\/wp-json\/wp\/v2\/posts"}],"about":[{"href":"https:\/\/conexionnacional.mx\/index.php\/wp-json\/wp\/v2\/types\/post"}],"author":[{"embeddable":true,"href":"https:\/\/conexionnacional.mx\/index.php\/wp-json\/wp\/v2\/users\/1"}],"replies":[{"embeddable":true,"href":"https:\/\/conexionnacional.mx\/index.php\/wp-json\/wp\/v2\/comments?post=23447"}],"version-history":[{"count":1,"href":"https:\/\/conexionnacional.mx\/index.php\/wp-json\/wp\/v2\/posts\/23447\/revisions"}],"predecessor-version":[{"id":23449,"href":"https:\/\/conexionnacional.mx\/index.php\/wp-json\/wp\/v2\/posts\/23447\/revisions\/23449"}],"wp:featuredmedia":[{"embeddable":true,"href":"https:\/\/conexionnacional.mx\/index.php\/wp-json\/wp\/v2\/media\/23448"}],"wp:attachment":[{"href":"https:\/\/conexionnacional.mx\/index.php\/wp-json\/wp\/v2\/media?parent=23447"}],"wp:term":[{"taxonomy":"category","embeddable":true,"href":"https:\/\/conexionnacional.mx\/index.php\/wp-json\/wp\/v2\/categories?post=23447"},{"taxonomy":"post_tag","embeddable":true,"href":"https:\/\/conexionnacional.mx\/index.php\/wp-json\/wp\/v2\/tags?post=23447"}],"curies":[{"name":"wp","href":"https:\/\/api.w.org\/{rel}","templated":true}]}}