{"id":23436,"date":"2024-12-20T17:32:26","date_gmt":"2024-12-20T23:32:26","guid":{"rendered":"https:\/\/conexionnacional.mx\/?p=23436"},"modified":"2024-12-20T17:32:28","modified_gmt":"2024-12-20T23:32:28","slug":"horner-explica-por-que-checo-perez-no-fue-opcion-para-correr-con-racing-bulls","status":"publish","type":"post","link":"https:\/\/conexionnacional.mx\/index.php\/2024\/12\/20\/horner-explica-por-que-checo-perez-no-fue-opcion-para-correr-con-racing-bulls\/","title":{"rendered":"Horner explica por qu\u00e9 Checo P\u00e9rez no fue opci\u00f3n para correr con Racing Bulls"},"content":{"rendered":"\n<p><strong>Christian Horner<\/strong>, jefe de Red Bull, asegur\u00f3 que\u00a0<strong>no contempl\u00f3 a Checo P\u00e9rez<\/strong>\u00a0como una\u00a0<strong>opci\u00f3n\u00a0<\/strong>para tomar el lugar que dej\u00f3 vacante Liam Lawson en\u00a0<strong>Racing Bulls<\/strong>, filial de la escuder\u00eda austriaca que tendr\u00e1 como pilotos a Isack Hadjar y Yuki Tsunoda en 2025.<\/p>\n\n\n\n<p>Hace d\u00edas, el<strong>&nbsp;mexicano&nbsp;<\/strong>anunci\u00f3 su&nbsp;<strong>salida de Red Bull<\/strong>&nbsp;pese a que ten\u00eda contrato hasta 2026. En la temporada 2024, Checo fue octavo en el Campeonato de Pilotos, mientras que su equipo se qued\u00f3 en la tercera posici\u00f3n en el de Constructores.<\/p>\n\n\n\n<p>Tras el anuncio, Horner apareci\u00f3 en&nbsp;<em>Sky Sports F1<\/em>, donde agradeci\u00f3 al tapat\u00edo por su aporte, que fue clave en la consecuci\u00f3n de dos Mundiales de Constructores (2022 y 2023). Adem\u00e1s, aprovech\u00f3 para&nbsp;<strong>esclarecer por qu\u00e9 no termin\u00f3 en Racing Bulls<\/strong>.<\/p>\n\n\n\n<h2 class=\"wp-block-heading\">\u00bfPor qu\u00e9 Checo P\u00e9rez no fue considerado para correr en Racing Bulls?<\/h2>\n\n\n\n<p>Christian Horner coment\u00f3 en su entrevista con&nbsp;<em>Sky Sports F1<\/em>&nbsp;que ni siquiera contempl\u00f3 a Checo para Racing Bulls porque ve al&nbsp;<strong>mexicano&nbsp;<\/strong>en un punto donde&nbsp;<strong>no le parecer\u00eda atractivo competir&nbsp;<\/strong>en un equipo como el&nbsp;<strong>filial de Red Bull<\/strong>.<\/p>\n\n\n\n<p><em>\u201cCreo que en la etapa de la carrera de Checo eso&nbsp;<\/em><em><strong>no habr\u00eda sido realmente una opci\u00f3n para \u00e9l<\/strong><\/em><em>\u201d<\/em>, se\u00f1al\u00f3 inicialmente el jefe de la escuder\u00eda.<\/p>\n\n\n\n<p>Posteriormente, el directivo brit\u00e1nico agreg\u00f3 que en<strong>\u00a0ning\u00fan momento habl\u00f3<\/strong>\u00a0con\u00a0P\u00e9rez\u00a0sobre la\u00a0<strong>posibilidad\u00a0<\/strong>de unirse a Racing Bulls, la cual se cerr\u00f3 por completo al saber que Checo no quer\u00eda correr en F1 durante 2025 para descansar.<\/p>\n\n\n\n<p><em>\u201c<\/em><em><strong>No es algo que hayamos discutido, ni siquiera hablado<\/strong><\/em><em>. As\u00ed que ahora (P\u00e9rez) ha tomado esta decisi\u00f3n y, obviamente, la apoyamos\u201d.<\/em><\/p>\n\n\n\n<figure class=\"wp-block-embed is-type-video is-provider-youtube wp-block-embed-youtube wp-embed-aspect-16-9 wp-has-aspect-ratio\"><div class=\"wp-block-embed__wrapper\">\n<div class=\"jlvid_container \"><iframe title=\"EXCLUSIVE! Christian Horner on Perez&#039;s exit and who could replace him \ud83d\udea8\" width=\"1200\" height=\"675\" src=\"https:\/\/www.youtube.com\/embed\/T5UF-NfFN3s?feature=oembed\" frameborder=\"0\" allow=\"accelerometer; autoplay; clipboard-write; encrypted-media; gyroscope; picture-in-picture; web-share\" referrerpolicy=\"strict-origin-when-cross-origin\" allowfullscreen><\/iframe><\/div>\n<\/div><\/figure>\n\n\n\n<h2 class=\"wp-block-heading\">Checo P\u00e9rez dej\u00f3 Red Bull para tomarse un a\u00f1o sab\u00e1tico, seg\u00fan Horner<\/h2>\n\n\n\n<p>En la misma entrevista, Horner devel\u00f3 que&nbsp;<strong>P\u00e9rez&nbsp;<\/strong>tom\u00f3 la&nbsp;<strong>decisi\u00f3n&nbsp;<\/strong>de&nbsp;<strong>abandonar Red Bull&nbsp;<\/strong>para alejarse por un a\u00f1o de la M\u00e1xima Categor\u00eda del automovilismo.<\/p>\n\n\n\n<p>\u201c<em>Reflexion\u00f3 despu\u00e9s de la temporada, y nos sentamos y discutimos la semana pasada sobre cu\u00e1les eran los pr\u00f3ximos pasos y \u00e9l\u00a0<strong>decidi\u00f3 que se va a tomar un poco de tiempo fuera (de la\u00a0F1)<\/strong>\u201d,\u00a0<\/em>comparti\u00f3 Christian Horner.<\/p>\n","protected":false},"excerpt":{"rendered":"<p>Christian Horner, jefe de Red Bull, asegur\u00f3 que\u00a0no contempl\u00f3 a Checo P\u00e9rez\u00a0como una\u00a0opci\u00f3n\u00a0para tomar el lugar que dej\u00f3 vacante Liam Lawson en\u00a0Racing Bulls, filial de la escuder\u00eda austriaca que tendr\u00e1 como pilotos a Isack Hadjar y Yuki Tsunoda en 2025. Hace d\u00edas, el&nbsp;mexicano&nbsp;anunci\u00f3 su&nbsp;salida de Red Bull&nbsp;pese a que ten\u00eda contrato hasta 2026. En la [&hellip;]<\/p>\n","protected":false},"author":1,"featured_media":23438,"comment_status":"closed","ping_status":"closed","sticky":false,"template":"","format":"aside","meta":{"googlesitekit_rrm_CAowytPeCw:productID":"","footnotes":""},"categories":[19],"tags":[3897,8879],"class_list":["post-23436","post","type-post","status-publish","format-aside","has-post-thumbnail","hentry","category-deportes","tag-checo-perez-2","tag-horner","post_format-post-format-aside"],"yoast_head":"<!-- This site is optimized with the Yoast SEO plugin v27.4 - https:\/\/yoast.com\/product\/yoast-seo-wordpress\/ -->\n<title>Horner explica por qu\u00e9 Checo P\u00e9rez no fue opci\u00f3n para correr con Racing Bulls<\/title>\n<meta name=\"description\" content=\"Christian Horner, jefe de Red Bull, asegur\u00f3 que\u00a0no contempl\u00f3 a Checo P\u00e9rez\u00a0como una\u00a0opci\u00f3n\u00a0para tomar el lugar que dej\u00f3 vacante Liam Lawson en\u00a0Racing Bulls, filial de la escuder\u00eda austriaca que tendr\u00e1 como pilotos a Isack Hadjar y Yuki Tsunoda en 2025.\" \/>\n<meta name=\"robots\" content=\"index, follow, max-snippet:-1, max-image-preview:large, max-video-preview:-1\" \/>\n<link rel=\"canonical\" href=\"https:\/\/conexionnacional.mx\/index.php\/2024\/12\/20\/horner-explica-por-que-checo-perez-no-fue-opcion-para-correr-con-racing-bulls\/\" \/>\n<meta property=\"og:locale\" content=\"es_MX\" \/>\n<meta property=\"og:type\" content=\"article\" \/>\n<meta property=\"og:title\" content=\"Horner explica por qu\u00e9 Checo P\u00e9rez no fue opci\u00f3n para correr con Racing Bulls\" \/>\n<meta property=\"og:description\" content=\"Christian Horner, jefe de Red Bull, asegur\u00f3 que\u00a0no contempl\u00f3 a Checo P\u00e9rez\u00a0como una\u00a0opci\u00f3n\u00a0para tomar el lugar que dej\u00f3 vacante Liam Lawson en\u00a0Racing Bulls, filial de la escuder\u00eda austriaca que tendr\u00e1 como pilotos a Isack Hadjar y Yuki Tsunoda en 2025.\" \/>\n<meta property=\"og:url\" content=\"https:\/\/conexionnacional.mx\/index.php\/2024\/12\/20\/horner-explica-por-que-checo-perez-no-fue-opcion-para-correr-con-racing-bulls\/\" \/>\n<meta property=\"og:site_name\" content=\"Conexi\u00f3n Nacional\" \/>\n<meta property=\"article:publisher\" content=\"https:\/\/www.facebook.com\/cnmxradio\" \/>\n<meta property=\"article:published_time\" content=\"2024-12-20T23:32:26+00:00\" \/>\n<meta property=\"article:modified_time\" content=\"2024-12-20T23:32:28+00:00\" \/>\n<meta property=\"og:image\" content=\"https:\/\/conexionnacional.mx\/wp-content\/uploads\/2024\/12\/chris-horner-explica-checo-perez.jpg\" \/>\n\t<meta property=\"og:image:width\" content=\"1200\" \/>\n\t<meta property=\"og:image:height\" content=\"678\" \/>\n\t<meta property=\"og:image:type\" content=\"image\/jpeg\" \/>\n<meta name=\"author\" content=\"Conexi\u00f3n Nacional\" \/>\n<meta name=\"twitter:card\" content=\"summary_large_image\" \/>\n<meta name=\"twitter:label1\" content=\"Escrito por\" \/>\n\t<meta name=\"twitter:data1\" content=\"Conexi\u00f3n Nacional\" \/>\n\t<meta name=\"twitter:label2\" content=\"Tiempo de lectura\" \/>\n\t<meta name=\"twitter:data2\" content=\"2 minutos\" \/>\n<script type=\"application\/ld+json\" class=\"yoast-schema-graph\">{\"@context\":\"https:\\\/\\\/schema.org\",\"@graph\":[{\"@type\":\"Article\",\"@id\":\"https:\\\/\\\/conexionnacional.mx\\\/index.php\\\/2024\\\/12\\\/20\\\/horner-explica-por-que-checo-perez-no-fue-opcion-para-correr-con-racing-bulls\\\/#article\",\"isPartOf\":{\"@id\":\"https:\\\/\\\/conexionnacional.mx\\\/index.php\\\/2024\\\/12\\\/20\\\/horner-explica-por-que-checo-perez-no-fue-opcion-para-correr-con-racing-bulls\\\/\"},\"author\":{\"name\":\"Conexi\u00f3n Nacional\",\"@id\":\"https:\\\/\\\/conexionnacional.mx\\\/#\\\/schema\\\/person\\\/dd14aeda902120f5e0e021903fdb6931\"},\"headline\":\"Horner explica por qu\u00e9 Checo P\u00e9rez no fue opci\u00f3n para correr con Racing Bulls\",\"datePublished\":\"2024-12-20T23:32:26+00:00\",\"dateModified\":\"2024-12-20T23:32:28+00:00\",\"mainEntityOfPage\":{\"@id\":\"https:\\\/\\\/conexionnacional.mx\\\/index.php\\\/2024\\\/12\\\/20\\\/horner-explica-por-que-checo-perez-no-fue-opcion-para-correr-con-racing-bulls\\\/\"},\"wordCount\":413,\"publisher\":{\"@id\":\"https:\\\/\\\/conexionnacional.mx\\\/#organization\"},\"image\":{\"@id\":\"https:\\\/\\\/conexionnacional.mx\\\/index.php\\\/2024\\\/12\\\/20\\\/horner-explica-por-que-checo-perez-no-fue-opcion-para-correr-con-racing-bulls\\\/#primaryimage\"},\"thumbnailUrl\":\"https:\\\/\\\/conexionnacional.mx\\\/wp-content\\\/uploads\\\/2024\\\/12\\\/chris-horner-explica-checo-perez.jpg\",\"keywords\":[\"Checo Perez\",\"Horner\"],\"articleSection\":[\"Deportes\"],\"inLanguage\":\"es\"},{\"@type\":\"WebPage\",\"@id\":\"https:\\\/\\\/conexionnacional.mx\\\/index.php\\\/2024\\\/12\\\/20\\\/horner-explica-por-que-checo-perez-no-fue-opcion-para-correr-con-racing-bulls\\\/\",\"url\":\"https:\\\/\\\/conexionnacional.mx\\\/index.php\\\/2024\\\/12\\\/20\\\/horner-explica-por-que-checo-perez-no-fue-opcion-para-correr-con-racing-bulls\\\/\",\"name\":\"Horner explica por qu\u00e9 Checo P\u00e9rez no fue opci\u00f3n para correr con Racing Bulls\",\"isPartOf\":{\"@id\":\"https:\\\/\\\/conexionnacional.mx\\\/#website\"},\"primaryImageOfPage\":{\"@id\":\"https:\\\/\\\/conexionnacional.mx\\\/index.php\\\/2024\\\/12\\\/20\\\/horner-explica-por-que-checo-perez-no-fue-opcion-para-correr-con-racing-bulls\\\/#primaryimage\"},\"image\":{\"@id\":\"https:\\\/\\\/conexionnacional.mx\\\/index.php\\\/2024\\\/12\\\/20\\\/horner-explica-por-que-checo-perez-no-fue-opcion-para-correr-con-racing-bulls\\\/#primaryimage\"},\"thumbnailUrl\":\"https:\\\/\\\/conexionnacional.mx\\\/wp-content\\\/uploads\\\/2024\\\/12\\\/chris-horner-explica-checo-perez.jpg\",\"datePublished\":\"2024-12-20T23:32:26+00:00\",\"dateModified\":\"2024-12-20T23:32:28+00:00\",\"description\":\"Christian Horner, jefe de Red Bull, asegur\u00f3 que\u00a0no contempl\u00f3 a Checo P\u00e9rez\u00a0como una\u00a0opci\u00f3n\u00a0para tomar el lugar que dej\u00f3 vacante Liam Lawson en\u00a0Racing Bulls, filial de la escuder\u00eda austriaca que tendr\u00e1 como pilotos a Isack Hadjar y Yuki Tsunoda en 2025.\",\"breadcrumb\":{\"@id\":\"https:\\\/\\\/conexionnacional.mx\\\/index.php\\\/2024\\\/12\\\/20\\\/horner-explica-por-que-checo-perez-no-fue-opcion-para-correr-con-racing-bulls\\\/#breadcrumb\"},\"inLanguage\":\"es\",\"potentialAction\":[{\"@type\":\"ReadAction\",\"target\":[\"https:\\\/\\\/conexionnacional.mx\\\/index.php\\\/2024\\\/12\\\/20\\\/horner-explica-por-que-checo-perez-no-fue-opcion-para-correr-con-racing-bulls\\\/\"]}]},{\"@type\":\"ImageObject\",\"inLanguage\":\"es\",\"@id\":\"https:\\\/\\\/conexionnacional.mx\\\/index.php\\\/2024\\\/12\\\/20\\\/horner-explica-por-que-checo-perez-no-fue-opcion-para-correr-con-racing-bulls\\\/#primaryimage\",\"url\":\"https:\\\/\\\/conexionnacional.mx\\\/wp-content\\\/uploads\\\/2024\\\/12\\\/chris-horner-explica-checo-perez.jpg\",\"contentUrl\":\"https:\\\/\\\/conexionnacional.mx\\\/wp-content\\\/uploads\\\/2024\\\/12\\\/chris-horner-explica-checo-perez.jpg\",\"width\":1200,\"height\":678},{\"@type\":\"BreadcrumbList\",\"@id\":\"https:\\\/\\\/conexionnacional.mx\\\/index.php\\\/2024\\\/12\\\/20\\\/horner-explica-por-que-checo-perez-no-fue-opcion-para-correr-con-racing-bulls\\\/#breadcrumb\",\"itemListElement\":[{\"@type\":\"ListItem\",\"position\":1,\"name\":\"Inicio\",\"item\":\"https:\\\/\\\/conexionnacional.mx\\\/\"},{\"@type\":\"ListItem\",\"position\":2,\"name\":\"Horner explica por qu\u00e9 Checo P\u00e9rez no fue opci\u00f3n para correr con Racing Bulls\"}]},{\"@type\":\"WebSite\",\"@id\":\"https:\\\/\\\/conexionnacional.mx\\\/#website\",\"url\":\"https:\\\/\\\/conexionnacional.mx\\\/\",\"name\":\"Conexi\u00f3n Nacional\",\"description\":\"Noticias al momento\",\"publisher\":{\"@id\":\"https:\\\/\\\/conexionnacional.mx\\\/#organization\"},\"alternateName\":\"Noticias nacionales\",\"potentialAction\":[{\"@type\":\"SearchAction\",\"target\":{\"@type\":\"EntryPoint\",\"urlTemplate\":\"https:\\\/\\\/conexionnacional.mx\\\/?s={search_term_string}\"},\"query-input\":{\"@type\":\"PropertyValueSpecification\",\"valueRequired\":true,\"valueName\":\"search_term_string\"}}],\"inLanguage\":\"es\"},{\"@type\":\"Organization\",\"@id\":\"https:\\\/\\\/conexionnacional.mx\\\/#organization\",\"name\":\"Conexi\u00f3n Nacional\",\"url\":\"https:\\\/\\\/conexionnacional.mx\\\/\",\"logo\":{\"@type\":\"ImageObject\",\"inLanguage\":\"es\",\"@id\":\"https:\\\/\\\/conexionnacional.mx\\\/#\\\/schema\\\/logo\\\/image\\\/\",\"url\":\"https:\\\/\\\/conexionnacional.mx\\\/wp-content\\\/uploads\\\/2022\\\/09\\\/conexion_nacional.png\",\"contentUrl\":\"https:\\\/\\\/conexionnacional.mx\\\/wp-content\\\/uploads\\\/2022\\\/09\\\/conexion_nacional.png\",\"width\":2964,\"height\":1173,\"caption\":\"Conexi\u00f3n Nacional\"},\"image\":{\"@id\":\"https:\\\/\\\/conexionnacional.mx\\\/#\\\/schema\\\/logo\\\/image\\\/\"},\"sameAs\":[\"https:\\\/\\\/www.facebook.com\\\/cnmxradio\"]},{\"@type\":\"Person\",\"@id\":\"https:\\\/\\\/conexionnacional.mx\\\/#\\\/schema\\\/person\\\/dd14aeda902120f5e0e021903fdb6931\",\"name\":\"Conexi\u00f3n Nacional\",\"image\":{\"@type\":\"ImageObject\",\"inLanguage\":\"es\",\"@id\":\"https:\\\/\\\/secure.gravatar.com\\\/avatar\\\/e523100f284110b2ecca7e17b2be9cf140a5e8f35294c9ec0543e6916cc1f9be?s=96&d=blank&r=g\",\"url\":\"https:\\\/\\\/secure.gravatar.com\\\/avatar\\\/e523100f284110b2ecca7e17b2be9cf140a5e8f35294c9ec0543e6916cc1f9be?s=96&d=blank&r=g\",\"contentUrl\":\"https:\\\/\\\/secure.gravatar.com\\\/avatar\\\/e523100f284110b2ecca7e17b2be9cf140a5e8f35294c9ec0543e6916cc1f9be?s=96&d=blank&r=g\",\"caption\":\"Conexi\u00f3n Nacional\"},\"sameAs\":[\"https:\\\/\\\/conexionnacional.mx\"],\"url\":\"https:\\\/\\\/conexionnacional.mx\\\/index.php\\\/author\\\/administrador\\\/\"}]}<\/script>\n<!-- \/ Yoast SEO plugin. -->","yoast_head_json":{"title":"Horner explica por qu\u00e9 Checo P\u00e9rez no fue opci\u00f3n para correr con Racing Bulls","description":"Christian Horner, jefe de Red Bull, asegur\u00f3 que\u00a0no contempl\u00f3 a Checo P\u00e9rez\u00a0como una\u00a0opci\u00f3n\u00a0para tomar el lugar que dej\u00f3 vacante Liam Lawson en\u00a0Racing Bulls, filial de la escuder\u00eda austriaca que tendr\u00e1 como pilotos a Isack Hadjar y Yuki Tsunoda en 2025.","robots":{"index":"index","follow":"follow","max-snippet":"max-snippet:-1","max-image-preview":"max-image-preview:large","max-video-preview":"max-video-preview:-1"},"canonical":"https:\/\/conexionnacional.mx\/index.php\/2024\/12\/20\/horner-explica-por-que-checo-perez-no-fue-opcion-para-correr-con-racing-bulls\/","og_locale":"es_MX","og_type":"article","og_title":"Horner explica por qu\u00e9 Checo P\u00e9rez no fue opci\u00f3n para correr con Racing Bulls","og_description":"Christian Horner, jefe de Red Bull, asegur\u00f3 que\u00a0no contempl\u00f3 a Checo P\u00e9rez\u00a0como una\u00a0opci\u00f3n\u00a0para tomar el lugar que dej\u00f3 vacante Liam Lawson en\u00a0Racing Bulls, filial de la escuder\u00eda austriaca que tendr\u00e1 como pilotos a Isack Hadjar y Yuki Tsunoda en 2025.","og_url":"https:\/\/conexionnacional.mx\/index.php\/2024\/12\/20\/horner-explica-por-que-checo-perez-no-fue-opcion-para-correr-con-racing-bulls\/","og_site_name":"Conexi\u00f3n Nacional","article_publisher":"https:\/\/www.facebook.com\/cnmxradio","article_published_time":"2024-12-20T23:32:26+00:00","article_modified_time":"2024-12-20T23:32:28+00:00","og_image":[{"width":1200,"height":678,"url":"https:\/\/conexionnacional.mx\/wp-content\/uploads\/2024\/12\/chris-horner-explica-checo-perez.jpg","type":"image\/jpeg"}],"author":"Conexi\u00f3n Nacional","twitter_card":"summary_large_image","twitter_misc":{"Escrito por":"Conexi\u00f3n Nacional","Tiempo de lectura":"2 minutos"},"schema":{"@context":"https:\/\/schema.org","@graph":[{"@type":"Article","@id":"https:\/\/conexionnacional.mx\/index.php\/2024\/12\/20\/horner-explica-por-que-checo-perez-no-fue-opcion-para-correr-con-racing-bulls\/#article","isPartOf":{"@id":"https:\/\/conexionnacional.mx\/index.php\/2024\/12\/20\/horner-explica-por-que-checo-perez-no-fue-opcion-para-correr-con-racing-bulls\/"},"author":{"name":"Conexi\u00f3n Nacional","@id":"https:\/\/conexionnacional.mx\/#\/schema\/person\/dd14aeda902120f5e0e021903fdb6931"},"headline":"Horner explica por qu\u00e9 Checo P\u00e9rez no fue opci\u00f3n para correr con Racing Bulls","datePublished":"2024-12-20T23:32:26+00:00","dateModified":"2024-12-20T23:32:28+00:00","mainEntityOfPage":{"@id":"https:\/\/conexionnacional.mx\/index.php\/2024\/12\/20\/horner-explica-por-que-checo-perez-no-fue-opcion-para-correr-con-racing-bulls\/"},"wordCount":413,"publisher":{"@id":"https:\/\/conexionnacional.mx\/#organization"},"image":{"@id":"https:\/\/conexionnacional.mx\/index.php\/2024\/12\/20\/horner-explica-por-que-checo-perez-no-fue-opcion-para-correr-con-racing-bulls\/#primaryimage"},"thumbnailUrl":"https:\/\/conexionnacional.mx\/wp-content\/uploads\/2024\/12\/chris-horner-explica-checo-perez.jpg","keywords":["Checo Perez","Horner"],"articleSection":["Deportes"],"inLanguage":"es"},{"@type":"WebPage","@id":"https:\/\/conexionnacional.mx\/index.php\/2024\/12\/20\/horner-explica-por-que-checo-perez-no-fue-opcion-para-correr-con-racing-bulls\/","url":"https:\/\/conexionnacional.mx\/index.php\/2024\/12\/20\/horner-explica-por-que-checo-perez-no-fue-opcion-para-correr-con-racing-bulls\/","name":"Horner explica por qu\u00e9 Checo P\u00e9rez no fue opci\u00f3n para correr con Racing Bulls","isPartOf":{"@id":"https:\/\/conexionnacional.mx\/#website"},"primaryImageOfPage":{"@id":"https:\/\/conexionnacional.mx\/index.php\/2024\/12\/20\/horner-explica-por-que-checo-perez-no-fue-opcion-para-correr-con-racing-bulls\/#primaryimage"},"image":{"@id":"https:\/\/conexionnacional.mx\/index.php\/2024\/12\/20\/horner-explica-por-que-checo-perez-no-fue-opcion-para-correr-con-racing-bulls\/#primaryimage"},"thumbnailUrl":"https:\/\/conexionnacional.mx\/wp-content\/uploads\/2024\/12\/chris-horner-explica-checo-perez.jpg","datePublished":"2024-12-20T23:32:26+00:00","dateModified":"2024-12-20T23:32:28+00:00","description":"Christian Horner, jefe de Red Bull, asegur\u00f3 que\u00a0no contempl\u00f3 a Checo P\u00e9rez\u00a0como una\u00a0opci\u00f3n\u00a0para tomar el lugar que dej\u00f3 vacante Liam Lawson en\u00a0Racing Bulls, filial de la escuder\u00eda austriaca que tendr\u00e1 como pilotos a Isack Hadjar y Yuki Tsunoda en 2025.","breadcrumb":{"@id":"https:\/\/conexionnacional.mx\/index.php\/2024\/12\/20\/horner-explica-por-que-checo-perez-no-fue-opcion-para-correr-con-racing-bulls\/#breadcrumb"},"inLanguage":"es","potentialAction":[{"@type":"ReadAction","target":["https:\/\/conexionnacional.mx\/index.php\/2024\/12\/20\/horner-explica-por-que-checo-perez-no-fue-opcion-para-correr-con-racing-bulls\/"]}]},{"@type":"ImageObject","inLanguage":"es","@id":"https:\/\/conexionnacional.mx\/index.php\/2024\/12\/20\/horner-explica-por-que-checo-perez-no-fue-opcion-para-correr-con-racing-bulls\/#primaryimage","url":"https:\/\/conexionnacional.mx\/wp-content\/uploads\/2024\/12\/chris-horner-explica-checo-perez.jpg","contentUrl":"https:\/\/conexionnacional.mx\/wp-content\/uploads\/2024\/12\/chris-horner-explica-checo-perez.jpg","width":1200,"height":678},{"@type":"BreadcrumbList","@id":"https:\/\/conexionnacional.mx\/index.php\/2024\/12\/20\/horner-explica-por-que-checo-perez-no-fue-opcion-para-correr-con-racing-bulls\/#breadcrumb","itemListElement":[{"@type":"ListItem","position":1,"name":"Inicio","item":"https:\/\/conexionnacional.mx\/"},{"@type":"ListItem","position":2,"name":"Horner explica por qu\u00e9 Checo P\u00e9rez no fue opci\u00f3n para correr con Racing Bulls"}]},{"@type":"WebSite","@id":"https:\/\/conexionnacional.mx\/#website","url":"https:\/\/conexionnacional.mx\/","name":"Conexi\u00f3n Nacional","description":"Noticias al momento","publisher":{"@id":"https:\/\/conexionnacional.mx\/#organization"},"alternateName":"Noticias nacionales","potentialAction":[{"@type":"SearchAction","target":{"@type":"EntryPoint","urlTemplate":"https:\/\/conexionnacional.mx\/?s={search_term_string}"},"query-input":{"@type":"PropertyValueSpecification","valueRequired":true,"valueName":"search_term_string"}}],"inLanguage":"es"},{"@type":"Organization","@id":"https:\/\/conexionnacional.mx\/#organization","name":"Conexi\u00f3n Nacional","url":"https:\/\/conexionnacional.mx\/","logo":{"@type":"ImageObject","inLanguage":"es","@id":"https:\/\/conexionnacional.mx\/#\/schema\/logo\/image\/","url":"https:\/\/conexionnacional.mx\/wp-content\/uploads\/2022\/09\/conexion_nacional.png","contentUrl":"https:\/\/conexionnacional.mx\/wp-content\/uploads\/2022\/09\/conexion_nacional.png","width":2964,"height":1173,"caption":"Conexi\u00f3n Nacional"},"image":{"@id":"https:\/\/conexionnacional.mx\/#\/schema\/logo\/image\/"},"sameAs":["https:\/\/www.facebook.com\/cnmxradio"]},{"@type":"Person","@id":"https:\/\/conexionnacional.mx\/#\/schema\/person\/dd14aeda902120f5e0e021903fdb6931","name":"Conexi\u00f3n Nacional","image":{"@type":"ImageObject","inLanguage":"es","@id":"https:\/\/secure.gravatar.com\/avatar\/e523100f284110b2ecca7e17b2be9cf140a5e8f35294c9ec0543e6916cc1f9be?s=96&d=blank&r=g","url":"https:\/\/secure.gravatar.com\/avatar\/e523100f284110b2ecca7e17b2be9cf140a5e8f35294c9ec0543e6916cc1f9be?s=96&d=blank&r=g","contentUrl":"https:\/\/secure.gravatar.com\/avatar\/e523100f284110b2ecca7e17b2be9cf140a5e8f35294c9ec0543e6916cc1f9be?s=96&d=blank&r=g","caption":"Conexi\u00f3n Nacional"},"sameAs":["https:\/\/conexionnacional.mx"],"url":"https:\/\/conexionnacional.mx\/index.php\/author\/administrador\/"}]}},"_links":{"self":[{"href":"https:\/\/conexionnacional.mx\/index.php\/wp-json\/wp\/v2\/posts\/23436","targetHints":{"allow":["GET"]}}],"collection":[{"href":"https:\/\/conexionnacional.mx\/index.php\/wp-json\/wp\/v2\/posts"}],"about":[{"href":"https:\/\/conexionnacional.mx\/index.php\/wp-json\/wp\/v2\/types\/post"}],"author":[{"embeddable":true,"href":"https:\/\/conexionnacional.mx\/index.php\/wp-json\/wp\/v2\/users\/1"}],"replies":[{"embeddable":true,"href":"https:\/\/conexionnacional.mx\/index.php\/wp-json\/wp\/v2\/comments?post=23436"}],"version-history":[{"count":1,"href":"https:\/\/conexionnacional.mx\/index.php\/wp-json\/wp\/v2\/posts\/23436\/revisions"}],"predecessor-version":[{"id":23439,"href":"https:\/\/conexionnacional.mx\/index.php\/wp-json\/wp\/v2\/posts\/23436\/revisions\/23439"}],"wp:featuredmedia":[{"embeddable":true,"href":"https:\/\/conexionnacional.mx\/index.php\/wp-json\/wp\/v2\/media\/23438"}],"wp:attachment":[{"href":"https:\/\/conexionnacional.mx\/index.php\/wp-json\/wp\/v2\/media?parent=23436"}],"wp:term":[{"taxonomy":"category","embeddable":true,"href":"https:\/\/conexionnacional.mx\/index.php\/wp-json\/wp\/v2\/categories?post=23436"},{"taxonomy":"post_tag","embeddable":true,"href":"https:\/\/conexionnacional.mx\/index.php\/wp-json\/wp\/v2\/tags?post=23436"}],"curies":[{"name":"wp","href":"https:\/\/api.w.org\/{rel}","templated":true}]}}