{"id":23433,"date":"2024-12-20T17:28:52","date_gmt":"2024-12-20T23:28:52","guid":{"rendered":"https:\/\/conexionnacional.mx\/?p=23433"},"modified":"2024-12-20T17:28:53","modified_gmt":"2024-12-20T23:28:53","slug":"trailer-embiste-a-varios-autos-y-deja-caos-vial","status":"publish","type":"post","link":"https:\/\/conexionnacional.mx\/index.php\/2024\/12\/20\/trailer-embiste-a-varios-autos-y-deja-caos-vial\/","title":{"rendered":"Accidente hoy en la M\u00e9xico-Toluca: Tr\u00e1iler embiste a varios autos y deja caos vial"},"content":{"rendered":"\n<p>Un\u00a0<strong>accidente\u00a0se registra en la autopista M\u00e9xico-Toluca\u00a0<\/strong>este viernes 20 de diciembre del 2024; un tr\u00e1iler impact\u00f3 a varios autos en la caseta de cobro y esto ha provocado\u00a0<strong>severo caos vial.\u00a0<\/strong><\/p>\n\n\n\n<p>En redes sociales circulan videos que dan cuenta del<strong>&nbsp;choque m\u00faltiple registrado hoy<\/strong>, a la altura del kil\u00f3metro 24.&nbsp;<\/p>\n\n\n\n<p>Por el accidente, hay gran movilizaci\u00f3n de equipos de emergencia que se dirigen al punto donde est\u00e1 el tr\u00e1iler y los autos impactados.&nbsp;<\/p>\n\n\n\n<h2 class=\"wp-block-heading\"><strong>Lesionados por choque en la M\u00e9xico-Toluca<\/strong><\/h2>\n\n\n\n<h2 class=\"wp-block-heading\"><img fetchpriority=\"high\" decoding=\"async\" alt=\"Choque en la M\u00e9xico-Toluca.\" src=\"data:image\/gif;base64,R0lGODlhAQABAAAAACH5BAEKAAEALAAAAAABAAEAAAICTAEAOw==\" data-src=\"https:\/\/www.excelsior.com.mx\/\/media\/inside-the-note\/pictures\/2024\/12\/20\/accidente_hoy_mexico_toluca_trailer_choca_varios_autos_caos_vial_2.jpg\" width=\"530\" class=\"lazyload\" height=\"295\"><\/h2>\n\n\n\n<p><strong>Bomberos de la Ciudad de M\u00e9xico&nbsp;<\/strong>se trasladaron a la zona para atender la emergencia.&nbsp;<\/p>\n\n\n\n<p>A trav\u00e9s de sus redes sociales oficiales, el Heroico Cuerpo de Bomberos inform\u00f3 que elementos de la corporaci\u00f3n atienden el choque m\u00faltiple de veh\u00edculos en la autopista M\u00e9xico-Toluca.&nbsp;<\/p>\n\n\n\n<p>Indicaron que la situaci\u00f3n se registra en&nbsp;<strong>colonia La Venta, en la alcald\u00eda de Cuajimalpa,<\/strong>&nbsp;de la CDMX.&nbsp;<\/p>\n\n\n\n<p>Detallaron que los&nbsp;<strong>lesionados<\/strong>&nbsp;por el choque m\u00faltiple, en donde est\u00e1 involucrado un tr\u00e1iler, son atendidos en el lugar por param\u00e9dicos del Escuadr\u00f3n de Rescate y Urgencias M\u00e9dicas (ERUM).&nbsp;<\/p>\n\n\n\n<p>No obstante, no indicaron cu\u00e1ntas fueron las personas que resultaron lesionadas por el accidente vial.\u00a0<\/p>\n\n\n\n<figure class=\"wp-block-embed is-type-rich is-provider-twitter wp-block-embed-twitter\"><div class=\"wp-block-embed__wrapper\">\n<blockquote class=\"twitter-tweet\" data-width=\"550\" data-dnt=\"true\"><p lang=\"es\" dir=\"ltr\">Atendemos choque m\u00faltiple de veh\u00edculos en Autopista M\u00e9xico Toluca, colonia La Venta, en <a href=\"https:\/\/twitter.com\/cuajimalpa_gob?ref_src=twsrc%5Etfw\">@cuajimalpa_gob<\/a>,  los lesionados son atendidos en el lugar por param\u00e9dicos de <a href=\"https:\/\/twitter.com\/hashtag\/ERUM?src=hash&amp;ref_src=twsrc%5Etfw\">#ERUM<\/a>. <a href=\"https:\/\/t.co\/ARvmOj4GiP\">pic.twitter.com\/ARvmOj4GiP<\/a><\/p>&mdash; Bomberos Ciudad de M\u00e9xico Oficial (@Bomberos_CDMX) <a href=\"https:\/\/twitter.com\/Bomberos_CDMX\/status\/1870196855595761703?ref_src=twsrc%5Etfw\">December 20, 2024<\/a><\/blockquote><script async src=\"https:\/\/platform.twitter.com\/widgets.js\" charset=\"utf-8\"><\/script>\n<\/div><\/figure>\n\n\n\n<h3 class=\"wp-block-heading\"><strong>\u00bfTr\u00e1iler se qued\u00f3 sin frenos?<\/strong><\/h3>\n\n\n\n<h3 class=\"wp-block-heading\"><img decoding=\"async\" alt=\"Choque en la M\u00e9xico-Toluca.\" src=\"data:image\/gif;base64,R0lGODlhAQABAAAAACH5BAEKAAEALAAAAAABAAEAAAICTAEAOw==\" data-src=\"https:\/\/www.excelsior.com.mx\/\/media\/inside-the-note\/pictures\/2024\/12\/20\/accidente_hoy_mexico_toluca_trailer_choca_varios_autos_caos_vial_3.jpg\" width=\"530\" class=\"lazyload\" height=\"391\"><\/h3>\n\n\n\n<p>Versiones extra oficiales apuntan que el tr\u00e1iler se qued\u00f3 sin frenos y&nbsp;<strong>embisti\u00f3 a m\u00e1s de 10 veh\u00edculos en la Caseta de La Venta,<\/strong>&nbsp;de la autopista M\u00e9xico-Toluca.&nbsp;<\/p>\n\n\n\n<p>Se espera que autoridades de la CDMX confirmen la versi\u00f3n anterior o den a conocer la causa del accidente vial.&nbsp;<\/p>\n","protected":false},"excerpt":{"rendered":"<p>Un\u00a0accidente\u00a0se registra en la autopista M\u00e9xico-Toluca\u00a0este viernes 20 de diciembre del 2024; un tr\u00e1iler impact\u00f3 a varios autos en la caseta de cobro y esto ha provocado\u00a0severo caos vial.\u00a0 En redes sociales circulan videos que dan cuenta del&nbsp;choque m\u00faltiple registrado hoy, a la altura del kil\u00f3metro 24.&nbsp; Por el accidente, hay gran movilizaci\u00f3n de equipos [&hellip;]<\/p>\n","protected":false},"author":1,"featured_media":23434,"comment_status":"closed","ping_status":"closed","sticky":false,"template":"","format":"aside","meta":{"googlesitekit_rrm_CAowytPeCw:productID":"","footnotes":""},"categories":[17],"tags":[2236,6702,593],"class_list":["post-23433","post","type-post","status-publish","format-aside","has-post-thumbnail","hentry","category-estados","tag-caos","tag-provoca","tag-trailer-2","post_format-post-format-aside"],"yoast_head":"<!-- This site is optimized with the Yoast SEO plugin v27.4 - https:\/\/yoast.com\/product\/yoast-seo-wordpress\/ -->\n<title>Tr\u00e1iler embiste a varios autos y deja caos vial<\/title>\n<meta name=\"description\" content=\"Un\u00a0accidente\u00a0se registra en la autopista M\u00e9xico-Toluca\u00a0este viernes 20 de diciembre del 2024; un tr\u00e1iler impact\u00f3 a varios autos en la caseta de cobro y esto ha provocado\u00a0severo caos vial.\u00a0\" \/>\n<meta name=\"robots\" content=\"index, follow, max-snippet:-1, max-image-preview:large, max-video-preview:-1\" \/>\n<link rel=\"canonical\" href=\"https:\/\/conexionnacional.mx\/index.php\/2024\/12\/20\/trailer-embiste-a-varios-autos-y-deja-caos-vial\/\" \/>\n<meta property=\"og:locale\" content=\"es_MX\" \/>\n<meta property=\"og:type\" content=\"article\" \/>\n<meta property=\"og:title\" content=\"Tr\u00e1iler embiste a varios autos y deja caos vial\" \/>\n<meta property=\"og:description\" content=\"Un\u00a0accidente\u00a0se registra en la autopista M\u00e9xico-Toluca\u00a0este viernes 20 de diciembre del 2024; un tr\u00e1iler impact\u00f3 a varios autos en la caseta de cobro y esto ha provocado\u00a0severo caos vial.\u00a0\" \/>\n<meta property=\"og:url\" content=\"https:\/\/conexionnacional.mx\/index.php\/2024\/12\/20\/trailer-embiste-a-varios-autos-y-deja-caos-vial\/\" \/>\n<meta property=\"og:site_name\" content=\"Conexi\u00f3n Nacional\" \/>\n<meta property=\"article:publisher\" content=\"https:\/\/www.facebook.com\/cnmxradio\" \/>\n<meta property=\"article:published_time\" content=\"2024-12-20T23:28:52+00:00\" \/>\n<meta property=\"article:modified_time\" content=\"2024-12-20T23:28:53+00:00\" \/>\n<meta property=\"og:image\" content=\"https:\/\/conexionnacional.mx\/wp-content\/uploads\/2024\/12\/3231762.webp\" \/>\n\t<meta property=\"og:image:width\" content=\"800\" \/>\n\t<meta property=\"og:image:height\" content=\"600\" \/>\n\t<meta property=\"og:image:type\" content=\"image\/webp\" \/>\n<meta name=\"author\" content=\"Conexi\u00f3n Nacional\" \/>\n<meta name=\"twitter:card\" content=\"summary_large_image\" \/>\n<meta name=\"twitter:label1\" content=\"Escrito por\" \/>\n\t<meta name=\"twitter:data1\" content=\"Conexi\u00f3n Nacional\" \/>\n\t<meta name=\"twitter:label2\" content=\"Tiempo de lectura\" \/>\n\t<meta name=\"twitter:data2\" content=\"2 minutos\" \/>\n<script type=\"application\/ld+json\" class=\"yoast-schema-graph\">{\"@context\":\"https:\\\/\\\/schema.org\",\"@graph\":[{\"@type\":\"Article\",\"@id\":\"https:\\\/\\\/conexionnacional.mx\\\/index.php\\\/2024\\\/12\\\/20\\\/trailer-embiste-a-varios-autos-y-deja-caos-vial\\\/#article\",\"isPartOf\":{\"@id\":\"https:\\\/\\\/conexionnacional.mx\\\/index.php\\\/2024\\\/12\\\/20\\\/trailer-embiste-a-varios-autos-y-deja-caos-vial\\\/\"},\"author\":{\"name\":\"Conexi\u00f3n Nacional\",\"@id\":\"https:\\\/\\\/conexionnacional.mx\\\/#\\\/schema\\\/person\\\/dd14aeda902120f5e0e021903fdb6931\"},\"headline\":\"Accidente hoy en la M\u00e9xico-Toluca: Tr\u00e1iler embiste a varios autos y deja caos vial\",\"datePublished\":\"2024-12-20T23:28:52+00:00\",\"dateModified\":\"2024-12-20T23:28:53+00:00\",\"mainEntityOfPage\":{\"@id\":\"https:\\\/\\\/conexionnacional.mx\\\/index.php\\\/2024\\\/12\\\/20\\\/trailer-embiste-a-varios-autos-y-deja-caos-vial\\\/\"},\"wordCount\":333,\"publisher\":{\"@id\":\"https:\\\/\\\/conexionnacional.mx\\\/#organization\"},\"image\":{\"@id\":\"https:\\\/\\\/conexionnacional.mx\\\/index.php\\\/2024\\\/12\\\/20\\\/trailer-embiste-a-varios-autos-y-deja-caos-vial\\\/#primaryimage\"},\"thumbnailUrl\":\"https:\\\/\\\/conexionnacional.mx\\\/wp-content\\\/uploads\\\/2024\\\/12\\\/3231762.webp\",\"keywords\":[\"caos\",\"Provoca\",\"Trailer\"],\"articleSection\":[\"Estados\"],\"inLanguage\":\"es\"},{\"@type\":\"WebPage\",\"@id\":\"https:\\\/\\\/conexionnacional.mx\\\/index.php\\\/2024\\\/12\\\/20\\\/trailer-embiste-a-varios-autos-y-deja-caos-vial\\\/\",\"url\":\"https:\\\/\\\/conexionnacional.mx\\\/index.php\\\/2024\\\/12\\\/20\\\/trailer-embiste-a-varios-autos-y-deja-caos-vial\\\/\",\"name\":\"Tr\u00e1iler embiste a varios autos y deja caos vial\",\"isPartOf\":{\"@id\":\"https:\\\/\\\/conexionnacional.mx\\\/#website\"},\"primaryImageOfPage\":{\"@id\":\"https:\\\/\\\/conexionnacional.mx\\\/index.php\\\/2024\\\/12\\\/20\\\/trailer-embiste-a-varios-autos-y-deja-caos-vial\\\/#primaryimage\"},\"image\":{\"@id\":\"https:\\\/\\\/conexionnacional.mx\\\/index.php\\\/2024\\\/12\\\/20\\\/trailer-embiste-a-varios-autos-y-deja-caos-vial\\\/#primaryimage\"},\"thumbnailUrl\":\"https:\\\/\\\/conexionnacional.mx\\\/wp-content\\\/uploads\\\/2024\\\/12\\\/3231762.webp\",\"datePublished\":\"2024-12-20T23:28:52+00:00\",\"dateModified\":\"2024-12-20T23:28:53+00:00\",\"description\":\"Un\u00a0accidente\u00a0se registra en la autopista M\u00e9xico-Toluca\u00a0este viernes 20 de diciembre del 2024; un tr\u00e1iler impact\u00f3 a varios autos en la caseta de cobro y esto ha provocado\u00a0severo caos vial.\u00a0\",\"breadcrumb\":{\"@id\":\"https:\\\/\\\/conexionnacional.mx\\\/index.php\\\/2024\\\/12\\\/20\\\/trailer-embiste-a-varios-autos-y-deja-caos-vial\\\/#breadcrumb\"},\"inLanguage\":\"es\",\"potentialAction\":[{\"@type\":\"ReadAction\",\"target\":[\"https:\\\/\\\/conexionnacional.mx\\\/index.php\\\/2024\\\/12\\\/20\\\/trailer-embiste-a-varios-autos-y-deja-caos-vial\\\/\"]}]},{\"@type\":\"ImageObject\",\"inLanguage\":\"es\",\"@id\":\"https:\\\/\\\/conexionnacional.mx\\\/index.php\\\/2024\\\/12\\\/20\\\/trailer-embiste-a-varios-autos-y-deja-caos-vial\\\/#primaryimage\",\"url\":\"https:\\\/\\\/conexionnacional.mx\\\/wp-content\\\/uploads\\\/2024\\\/12\\\/3231762.webp\",\"contentUrl\":\"https:\\\/\\\/conexionnacional.mx\\\/wp-content\\\/uploads\\\/2024\\\/12\\\/3231762.webp\",\"width\":800,\"height\":600},{\"@type\":\"BreadcrumbList\",\"@id\":\"https:\\\/\\\/conexionnacional.mx\\\/index.php\\\/2024\\\/12\\\/20\\\/trailer-embiste-a-varios-autos-y-deja-caos-vial\\\/#breadcrumb\",\"itemListElement\":[{\"@type\":\"ListItem\",\"position\":1,\"name\":\"Inicio\",\"item\":\"https:\\\/\\\/conexionnacional.mx\\\/\"},{\"@type\":\"ListItem\",\"position\":2,\"name\":\"Accidente hoy en la M\u00e9xico-Toluca: Tr\u00e1iler embiste a varios autos y deja caos vial\"}]},{\"@type\":\"WebSite\",\"@id\":\"https:\\\/\\\/conexionnacional.mx\\\/#website\",\"url\":\"https:\\\/\\\/conexionnacional.mx\\\/\",\"name\":\"Conexi\u00f3n Nacional\",\"description\":\"Noticias al momento\",\"publisher\":{\"@id\":\"https:\\\/\\\/conexionnacional.mx\\\/#organization\"},\"alternateName\":\"Noticias nacionales\",\"potentialAction\":[{\"@type\":\"SearchAction\",\"target\":{\"@type\":\"EntryPoint\",\"urlTemplate\":\"https:\\\/\\\/conexionnacional.mx\\\/?s={search_term_string}\"},\"query-input\":{\"@type\":\"PropertyValueSpecification\",\"valueRequired\":true,\"valueName\":\"search_term_string\"}}],\"inLanguage\":\"es\"},{\"@type\":\"Organization\",\"@id\":\"https:\\\/\\\/conexionnacional.mx\\\/#organization\",\"name\":\"Conexi\u00f3n Nacional\",\"url\":\"https:\\\/\\\/conexionnacional.mx\\\/\",\"logo\":{\"@type\":\"ImageObject\",\"inLanguage\":\"es\",\"@id\":\"https:\\\/\\\/conexionnacional.mx\\\/#\\\/schema\\\/logo\\\/image\\\/\",\"url\":\"https:\\\/\\\/conexionnacional.mx\\\/wp-content\\\/uploads\\\/2022\\\/09\\\/conexion_nacional.png\",\"contentUrl\":\"https:\\\/\\\/conexionnacional.mx\\\/wp-content\\\/uploads\\\/2022\\\/09\\\/conexion_nacional.png\",\"width\":2964,\"height\":1173,\"caption\":\"Conexi\u00f3n Nacional\"},\"image\":{\"@id\":\"https:\\\/\\\/conexionnacional.mx\\\/#\\\/schema\\\/logo\\\/image\\\/\"},\"sameAs\":[\"https:\\\/\\\/www.facebook.com\\\/cnmxradio\"]},{\"@type\":\"Person\",\"@id\":\"https:\\\/\\\/conexionnacional.mx\\\/#\\\/schema\\\/person\\\/dd14aeda902120f5e0e021903fdb6931\",\"name\":\"Conexi\u00f3n Nacional\",\"image\":{\"@type\":\"ImageObject\",\"inLanguage\":\"es\",\"@id\":\"https:\\\/\\\/secure.gravatar.com\\\/avatar\\\/e523100f284110b2ecca7e17b2be9cf140a5e8f35294c9ec0543e6916cc1f9be?s=96&d=blank&r=g\",\"url\":\"https:\\\/\\\/secure.gravatar.com\\\/avatar\\\/e523100f284110b2ecca7e17b2be9cf140a5e8f35294c9ec0543e6916cc1f9be?s=96&d=blank&r=g\",\"contentUrl\":\"https:\\\/\\\/secure.gravatar.com\\\/avatar\\\/e523100f284110b2ecca7e17b2be9cf140a5e8f35294c9ec0543e6916cc1f9be?s=96&d=blank&r=g\",\"caption\":\"Conexi\u00f3n Nacional\"},\"sameAs\":[\"https:\\\/\\\/conexionnacional.mx\"],\"url\":\"https:\\\/\\\/conexionnacional.mx\\\/index.php\\\/author\\\/administrador\\\/\"}]}<\/script>\n<!-- \/ Yoast SEO plugin. -->","yoast_head_json":{"title":"Tr\u00e1iler embiste a varios autos y deja caos vial","description":"Un\u00a0accidente\u00a0se registra en la autopista M\u00e9xico-Toluca\u00a0este viernes 20 de diciembre del 2024; un tr\u00e1iler impact\u00f3 a varios autos en la caseta de cobro y esto ha provocado\u00a0severo caos vial.\u00a0","robots":{"index":"index","follow":"follow","max-snippet":"max-snippet:-1","max-image-preview":"max-image-preview:large","max-video-preview":"max-video-preview:-1"},"canonical":"https:\/\/conexionnacional.mx\/index.php\/2024\/12\/20\/trailer-embiste-a-varios-autos-y-deja-caos-vial\/","og_locale":"es_MX","og_type":"article","og_title":"Tr\u00e1iler embiste a varios autos y deja caos vial","og_description":"Un\u00a0accidente\u00a0se registra en la autopista M\u00e9xico-Toluca\u00a0este viernes 20 de diciembre del 2024; un tr\u00e1iler impact\u00f3 a varios autos en la caseta de cobro y esto ha provocado\u00a0severo caos vial.\u00a0","og_url":"https:\/\/conexionnacional.mx\/index.php\/2024\/12\/20\/trailer-embiste-a-varios-autos-y-deja-caos-vial\/","og_site_name":"Conexi\u00f3n Nacional","article_publisher":"https:\/\/www.facebook.com\/cnmxradio","article_published_time":"2024-12-20T23:28:52+00:00","article_modified_time":"2024-12-20T23:28:53+00:00","og_image":[{"width":800,"height":600,"url":"https:\/\/conexionnacional.mx\/wp-content\/uploads\/2024\/12\/3231762.webp","type":"image\/webp"}],"author":"Conexi\u00f3n Nacional","twitter_card":"summary_large_image","twitter_misc":{"Escrito por":"Conexi\u00f3n Nacional","Tiempo de lectura":"2 minutos"},"schema":{"@context":"https:\/\/schema.org","@graph":[{"@type":"Article","@id":"https:\/\/conexionnacional.mx\/index.php\/2024\/12\/20\/trailer-embiste-a-varios-autos-y-deja-caos-vial\/#article","isPartOf":{"@id":"https:\/\/conexionnacional.mx\/index.php\/2024\/12\/20\/trailer-embiste-a-varios-autos-y-deja-caos-vial\/"},"author":{"name":"Conexi\u00f3n Nacional","@id":"https:\/\/conexionnacional.mx\/#\/schema\/person\/dd14aeda902120f5e0e021903fdb6931"},"headline":"Accidente hoy en la M\u00e9xico-Toluca: Tr\u00e1iler embiste a varios autos y deja caos vial","datePublished":"2024-12-20T23:28:52+00:00","dateModified":"2024-12-20T23:28:53+00:00","mainEntityOfPage":{"@id":"https:\/\/conexionnacional.mx\/index.php\/2024\/12\/20\/trailer-embiste-a-varios-autos-y-deja-caos-vial\/"},"wordCount":333,"publisher":{"@id":"https:\/\/conexionnacional.mx\/#organization"},"image":{"@id":"https:\/\/conexionnacional.mx\/index.php\/2024\/12\/20\/trailer-embiste-a-varios-autos-y-deja-caos-vial\/#primaryimage"},"thumbnailUrl":"https:\/\/conexionnacional.mx\/wp-content\/uploads\/2024\/12\/3231762.webp","keywords":["caos","Provoca","Trailer"],"articleSection":["Estados"],"inLanguage":"es"},{"@type":"WebPage","@id":"https:\/\/conexionnacional.mx\/index.php\/2024\/12\/20\/trailer-embiste-a-varios-autos-y-deja-caos-vial\/","url":"https:\/\/conexionnacional.mx\/index.php\/2024\/12\/20\/trailer-embiste-a-varios-autos-y-deja-caos-vial\/","name":"Tr\u00e1iler embiste a varios autos y deja caos vial","isPartOf":{"@id":"https:\/\/conexionnacional.mx\/#website"},"primaryImageOfPage":{"@id":"https:\/\/conexionnacional.mx\/index.php\/2024\/12\/20\/trailer-embiste-a-varios-autos-y-deja-caos-vial\/#primaryimage"},"image":{"@id":"https:\/\/conexionnacional.mx\/index.php\/2024\/12\/20\/trailer-embiste-a-varios-autos-y-deja-caos-vial\/#primaryimage"},"thumbnailUrl":"https:\/\/conexionnacional.mx\/wp-content\/uploads\/2024\/12\/3231762.webp","datePublished":"2024-12-20T23:28:52+00:00","dateModified":"2024-12-20T23:28:53+00:00","description":"Un\u00a0accidente\u00a0se registra en la autopista M\u00e9xico-Toluca\u00a0este viernes 20 de diciembre del 2024; un tr\u00e1iler impact\u00f3 a varios autos en la caseta de cobro y esto ha provocado\u00a0severo caos vial.\u00a0","breadcrumb":{"@id":"https:\/\/conexionnacional.mx\/index.php\/2024\/12\/20\/trailer-embiste-a-varios-autos-y-deja-caos-vial\/#breadcrumb"},"inLanguage":"es","potentialAction":[{"@type":"ReadAction","target":["https:\/\/conexionnacional.mx\/index.php\/2024\/12\/20\/trailer-embiste-a-varios-autos-y-deja-caos-vial\/"]}]},{"@type":"ImageObject","inLanguage":"es","@id":"https:\/\/conexionnacional.mx\/index.php\/2024\/12\/20\/trailer-embiste-a-varios-autos-y-deja-caos-vial\/#primaryimage","url":"https:\/\/conexionnacional.mx\/wp-content\/uploads\/2024\/12\/3231762.webp","contentUrl":"https:\/\/conexionnacional.mx\/wp-content\/uploads\/2024\/12\/3231762.webp","width":800,"height":600},{"@type":"BreadcrumbList","@id":"https:\/\/conexionnacional.mx\/index.php\/2024\/12\/20\/trailer-embiste-a-varios-autos-y-deja-caos-vial\/#breadcrumb","itemListElement":[{"@type":"ListItem","position":1,"name":"Inicio","item":"https:\/\/conexionnacional.mx\/"},{"@type":"ListItem","position":2,"name":"Accidente hoy en la M\u00e9xico-Toluca: Tr\u00e1iler embiste a varios autos y deja caos vial"}]},{"@type":"WebSite","@id":"https:\/\/conexionnacional.mx\/#website","url":"https:\/\/conexionnacional.mx\/","name":"Conexi\u00f3n Nacional","description":"Noticias al momento","publisher":{"@id":"https:\/\/conexionnacional.mx\/#organization"},"alternateName":"Noticias nacionales","potentialAction":[{"@type":"SearchAction","target":{"@type":"EntryPoint","urlTemplate":"https:\/\/conexionnacional.mx\/?s={search_term_string}"},"query-input":{"@type":"PropertyValueSpecification","valueRequired":true,"valueName":"search_term_string"}}],"inLanguage":"es"},{"@type":"Organization","@id":"https:\/\/conexionnacional.mx\/#organization","name":"Conexi\u00f3n Nacional","url":"https:\/\/conexionnacional.mx\/","logo":{"@type":"ImageObject","inLanguage":"es","@id":"https:\/\/conexionnacional.mx\/#\/schema\/logo\/image\/","url":"https:\/\/conexionnacional.mx\/wp-content\/uploads\/2022\/09\/conexion_nacional.png","contentUrl":"https:\/\/conexionnacional.mx\/wp-content\/uploads\/2022\/09\/conexion_nacional.png","width":2964,"height":1173,"caption":"Conexi\u00f3n Nacional"},"image":{"@id":"https:\/\/conexionnacional.mx\/#\/schema\/logo\/image\/"},"sameAs":["https:\/\/www.facebook.com\/cnmxradio"]},{"@type":"Person","@id":"https:\/\/conexionnacional.mx\/#\/schema\/person\/dd14aeda902120f5e0e021903fdb6931","name":"Conexi\u00f3n Nacional","image":{"@type":"ImageObject","inLanguage":"es","@id":"https:\/\/secure.gravatar.com\/avatar\/e523100f284110b2ecca7e17b2be9cf140a5e8f35294c9ec0543e6916cc1f9be?s=96&d=blank&r=g","url":"https:\/\/secure.gravatar.com\/avatar\/e523100f284110b2ecca7e17b2be9cf140a5e8f35294c9ec0543e6916cc1f9be?s=96&d=blank&r=g","contentUrl":"https:\/\/secure.gravatar.com\/avatar\/e523100f284110b2ecca7e17b2be9cf140a5e8f35294c9ec0543e6916cc1f9be?s=96&d=blank&r=g","caption":"Conexi\u00f3n Nacional"},"sameAs":["https:\/\/conexionnacional.mx"],"url":"https:\/\/conexionnacional.mx\/index.php\/author\/administrador\/"}]}},"_links":{"self":[{"href":"https:\/\/conexionnacional.mx\/index.php\/wp-json\/wp\/v2\/posts\/23433","targetHints":{"allow":["GET"]}}],"collection":[{"href":"https:\/\/conexionnacional.mx\/index.php\/wp-json\/wp\/v2\/posts"}],"about":[{"href":"https:\/\/conexionnacional.mx\/index.php\/wp-json\/wp\/v2\/types\/post"}],"author":[{"embeddable":true,"href":"https:\/\/conexionnacional.mx\/index.php\/wp-json\/wp\/v2\/users\/1"}],"replies":[{"embeddable":true,"href":"https:\/\/conexionnacional.mx\/index.php\/wp-json\/wp\/v2\/comments?post=23433"}],"version-history":[{"count":1,"href":"https:\/\/conexionnacional.mx\/index.php\/wp-json\/wp\/v2\/posts\/23433\/revisions"}],"predecessor-version":[{"id":23435,"href":"https:\/\/conexionnacional.mx\/index.php\/wp-json\/wp\/v2\/posts\/23433\/revisions\/23435"}],"wp:featuredmedia":[{"embeddable":true,"href":"https:\/\/conexionnacional.mx\/index.php\/wp-json\/wp\/v2\/media\/23434"}],"wp:attachment":[{"href":"https:\/\/conexionnacional.mx\/index.php\/wp-json\/wp\/v2\/media?parent=23433"}],"wp:term":[{"taxonomy":"category","embeddable":true,"href":"https:\/\/conexionnacional.mx\/index.php\/wp-json\/wp\/v2\/categories?post=23433"},{"taxonomy":"post_tag","embeddable":true,"href":"https:\/\/conexionnacional.mx\/index.php\/wp-json\/wp\/v2\/tags?post=23433"}],"curies":[{"name":"wp","href":"https:\/\/api.w.org\/{rel}","templated":true}]}}