{"id":23373,"date":"2024-12-19T12:15:25","date_gmt":"2024-12-19T18:15:25","guid":{"rendered":"https:\/\/conexionnacional.mx\/?p=23373"},"modified":"2024-12-19T12:15:27","modified_gmt":"2024-12-19T18:15:27","slug":"america-prepara-megadesfile-con-sus-aficionados-para-festejar-el-tricampeonato-de-liga-mx","status":"publish","type":"post","link":"https:\/\/conexionnacional.mx\/index.php\/2024\/12\/19\/america-prepara-megadesfile-con-sus-aficionados-para-festejar-el-tricampeonato-de-liga-mx\/","title":{"rendered":"Am\u00e9rica prepara MEGADESFILE con sus aficionados para festejar el TRICAMPEONATO de Liga MX"},"content":{"rendered":"\n<p><strong>Am\u00e9rica&nbsp;<\/strong>le dio las&nbsp;<strong>gracias a su afici\u00f3n<\/strong>&nbsp;luego de la consecuci\u00f3n del&nbsp;<strong>tricampeonato de Liga MX<\/strong>&nbsp;y partieron a vacaciones hasta enero del 2025. No obstante, muchos seguidores se preguntan si habr\u00e1 un&nbsp;<strong>festejo&nbsp;<\/strong>con los&nbsp;<strong>jugadores<\/strong>,&nbsp;<strong>cuerpo t\u00e9cnico<\/strong>&nbsp;y&nbsp;<strong>directiva<\/strong>.<\/p>\n\n\n\n<p>Aunque no hay nada confirmado, todo parece indicar que la intenci\u00f3n de las&nbsp;<strong>\u00c1guilas&nbsp;<\/strong>es cerrar calles importantes en la&nbsp;<strong>CDMX&nbsp;<\/strong>y armar un&nbsp;<strong>mega desfile<\/strong>&nbsp;al m\u00e1s&nbsp;<strong>puro estilo<\/strong>&nbsp;de los&nbsp;<strong>campeones en Europa<\/strong>.<\/p>\n\n\n\n<h2 class=\"wp-block-heading\"><strong>\u00a1Am\u00e9rica quiere festejar en grande el tricampeonato!<\/strong><\/h2>\n\n\n\n<p>Seg\u00fan informaci\u00f3n de&nbsp;<em>TUDN<\/em>, el&nbsp;<strong>tricampe\u00f3n del futbol mexicano&nbsp;<\/strong>tiene en mente un&nbsp;<strong>\u00e9pico festejo<\/strong>&nbsp;junto a su&nbsp;<strong>afici\u00f3n&nbsp;<\/strong>para conmemorar la \u201814\u2032, \u201815\u2032 y \u201816\u2032 de cara a&nbsp;<strong>buscar el tetracampeonato de Liga MX<\/strong>&nbsp;en el&nbsp;<strong>Clausura 2025<\/strong>.<\/p>\n\n\n\n<p><em>\u201cVa a haber una gran, pero una gran celebraci\u00f3n en enero de 2025, se est\u00e1 planeando en turib\u00fas con los tres trofeos. Pinta sabroso, lo que est\u00e1n buscando es cerrar Reforma un d\u00eda y que el turib\u00fas haga un recorrido, pasar por el \u00c1ngel al m\u00e1s puro estilo europeo. Ese es el plan, ojal\u00e1 que se concrete\u201d<\/em>, asegur\u00f3 el reportero Gibr\u00e1n Araige.<\/p>\n\n\n\n<figure class=\"wp-block-embed is-type-rich is-provider-twitter wp-block-embed-twitter\"><div class=\"wp-block-embed__wrapper\">\n<blockquote class=\"twitter-tweet\" data-width=\"550\" data-dnt=\"true\"><p lang=\"es\" dir=\"ltr\">Siempre siendo la mejor afici\u00f3n. \ud83d\udc99\ud83d\udc9b <a href=\"https:\/\/t.co\/dhtdduZPk7\">pic.twitter.com\/dhtdduZPk7<\/a><\/p>&mdash; Club Am\u00e9rica (@ClubAmerica) <a href=\"https:\/\/twitter.com\/ClubAmerica\/status\/1869512409150374290?ref_src=twsrc%5Etfw\">December 18, 2024<\/a><\/blockquote><script async src=\"https:\/\/platform.twitter.com\/widgets.js\" charset=\"utf-8\"><\/script>\n<\/div><\/figure>\n\n\n\n<h2 class=\"wp-block-heading\"><strong>\u00a1Am\u00e9rica ya disfruta dar las gracias a su afici\u00f3n!<\/strong><\/h2>\n\n\n\n<p>La cuenta oficial del&nbsp;<strong>Am\u00e9rica&nbsp;<\/strong>en redes sociales ha aprovechado al m\u00e1ximo que las&nbsp;<strong>\u00c1guilas&nbsp;<\/strong>hayan ganado su&nbsp;<strong>tercer t\u00edtulo de Liga MX<\/strong>&nbsp;<strong>de forma consecutiva<\/strong>, luego de muchos torneos de quedarse cerca, pero sin lograr el objetivo.<\/p>\n\n\n\n<p>Incluso, los mismos seguidores&nbsp;<strong>americanistas&nbsp;<\/strong>hac\u00edan burla sobre la \u00faltima publicaci\u00f3n de la temporada con el conocido: \u2018<strong>Gracias Afici\u00f3n<\/strong>\u2019. Pero ahora, y en los pasados&nbsp;<strong>campeonatos<\/strong>, no desaprovecharon la oportunidad para incluir el \u2018<strong>14<\/strong>\u2032, \u2018<strong>15<\/strong>\u2032, y \u2018<strong>16<\/strong>\u2032, respectivamente, refiri\u00e9ndose a sus&nbsp;<strong>\u00faltimos t\u00edtulos<\/strong>.<\/p>\n\n\n\n<p>Ahora, la directiva del tricampe\u00f3n del futbol mexicano busca darle gusto a su afici\u00f3n y festejar juntos los \u00faltimos tres t\u00edtulos de<strong>&nbsp;Liga MX<\/strong>.&nbsp;<strong>Am\u00e9rica&nbsp;<\/strong>pretende cerrar calles como&nbsp;<strong>Reforma&nbsp;<\/strong>y pasar por el&nbsp;<strong>\u00c1ngel&nbsp;<\/strong>en la&nbsp;<strong>CDMX&nbsp;<\/strong>para realizar un desfile pintado de azul y amarillo, presumiendo los tres trofeos del&nbsp;<strong>Apertura 2023<\/strong>,&nbsp;<strong>Clausura 2024&nbsp;<\/strong>y&nbsp;<strong>Apertura 2024<\/strong>.<\/p>\n\n\n\n<figure class=\"wp-block-embed is-type-rich is-provider-twitter wp-block-embed-twitter\"><div class=\"wp-block-embed__wrapper\">\n<blockquote class=\"twitter-tweet\" data-width=\"550\" data-dnt=\"true\"><p lang=\"es\" dir=\"ltr\">Ahora s\u00ed, sin perder la costumbre&#8230;<br><br>\u00a1Gracias, eternas gracias, afici\u00f3n, por su inconmensurable apoyo a lo largo de todo el torneo!<br><br>Sin ustedes, este cierre de a\u00f1o y torneo tan incre\u00edble no hubiera sido posible, son lo m\u00e1ximo. \ud83d\udc99\ud83d\udc9b<a href=\"https:\/\/twitter.com\/hashtag\/Grand3sDeCoraz%C3%B3n?src=hash&amp;ref_src=twsrc%5Etfw\">#Grand3sDeCoraz\u00f3n<\/a> <a href=\"https:\/\/t.co\/L0pgsZkDF0\">pic.twitter.com\/L0pgsZkDF0<\/a><\/p>&mdash; Club Am\u00e9rica (@ClubAmerica) <a href=\"https:\/\/twitter.com\/ClubAmerica\/status\/1868888116616216952?ref_src=twsrc%5Etfw\">December 17, 2024<\/a><\/blockquote><script async src=\"https:\/\/platform.twitter.com\/widgets.js\" charset=\"utf-8\"><\/script>\n<\/div><\/figure>\n","protected":false},"excerpt":{"rendered":"<p>Am\u00e9rica&nbsp;le dio las&nbsp;gracias a su afici\u00f3n&nbsp;luego de la consecuci\u00f3n del&nbsp;tricampeonato de Liga MX&nbsp;y partieron a vacaciones hasta enero del 2025. No obstante, muchos seguidores se preguntan si habr\u00e1 un&nbsp;festejo&nbsp;con los&nbsp;jugadores,&nbsp;cuerpo t\u00e9cnico&nbsp;y&nbsp;directiva. Aunque no hay nada confirmado, todo parece indicar que la intenci\u00f3n de las&nbsp;\u00c1guilas&nbsp;es cerrar calles importantes en la&nbsp;CDMX&nbsp;y armar un&nbsp;mega desfile&nbsp;al m\u00e1s&nbsp;puro estilo&nbsp;de los&nbsp;campeones [&hellip;]<\/p>\n","protected":false},"author":1,"featured_media":23374,"comment_status":"closed","ping_status":"closed","sticky":false,"template":"","format":"aside","meta":{"googlesitekit_rrm_CAowytPeCw:productID":"","footnotes":""},"categories":[19],"tags":[3965,8867],"class_list":["post-23373","post","type-post","status-publish","format-aside","has-post-thumbnail","hentry","category-deportes","tag-america-2","tag-megadesfile","post_format-post-format-aside"],"yoast_head":"<!-- This site is optimized with the Yoast SEO plugin v27.4 - https:\/\/yoast.com\/product\/yoast-seo-wordpress\/ -->\n<title>Am\u00e9rica prepara MEGADESFILE con sus aficionados para festejar el TRICAMPEONATO de Liga MX<\/title>\n<meta name=\"description\" content=\"Am\u00e9rica\u00a0le dio las\u00a0gracias a su afici\u00f3n\u00a0luego de la consecuci\u00f3n del\u00a0tricampeonato de Liga MX\u00a0y partieron a vacaciones hasta enero del 2025. No obstante, muchos seguidores se preguntan si habr\u00e1 un\u00a0festejo\u00a0con los\u00a0jugadores,\u00a0cuerpo t\u00e9cnico\u00a0y\u00a0directiva.\" \/>\n<meta name=\"robots\" content=\"index, follow, max-snippet:-1, max-image-preview:large, max-video-preview:-1\" \/>\n<link rel=\"canonical\" href=\"https:\/\/conexionnacional.mx\/index.php\/2024\/12\/19\/america-prepara-megadesfile-con-sus-aficionados-para-festejar-el-tricampeonato-de-liga-mx\/\" \/>\n<meta property=\"og:locale\" content=\"es_MX\" \/>\n<meta property=\"og:type\" content=\"article\" \/>\n<meta property=\"og:title\" content=\"Am\u00e9rica prepara MEGADESFILE con sus aficionados para festejar el TRICAMPEONATO de Liga MX\" \/>\n<meta property=\"og:description\" content=\"Am\u00e9rica\u00a0le dio las\u00a0gracias a su afici\u00f3n\u00a0luego de la consecuci\u00f3n del\u00a0tricampeonato de Liga MX\u00a0y partieron a vacaciones hasta enero del 2025. No obstante, muchos seguidores se preguntan si habr\u00e1 un\u00a0festejo\u00a0con los\u00a0jugadores,\u00a0cuerpo t\u00e9cnico\u00a0y\u00a0directiva.\" \/>\n<meta property=\"og:url\" content=\"https:\/\/conexionnacional.mx\/index.php\/2024\/12\/19\/america-prepara-megadesfile-con-sus-aficionados-para-festejar-el-tricampeonato-de-liga-mx\/\" \/>\n<meta property=\"og:site_name\" content=\"Conexi\u00f3n Nacional\" \/>\n<meta property=\"article:publisher\" content=\"https:\/\/www.facebook.com\/cnmxradio\" \/>\n<meta property=\"article:published_time\" content=\"2024-12-19T18:15:25+00:00\" \/>\n<meta property=\"article:modified_time\" content=\"2024-12-19T18:15:27+00:00\" \/>\n<meta property=\"og:image\" content=\"https:\/\/conexionnacional.mx\/wp-content\/uploads\/2024\/12\/images-29.jpg\" \/>\n\t<meta property=\"og:image:width\" content=\"284\" \/>\n\t<meta property=\"og:image:height\" content=\"177\" \/>\n\t<meta property=\"og:image:type\" content=\"image\/jpeg\" \/>\n<meta name=\"author\" content=\"Conexi\u00f3n Nacional\" \/>\n<meta name=\"twitter:card\" content=\"summary_large_image\" \/>\n<meta name=\"twitter:label1\" content=\"Escrito por\" \/>\n\t<meta name=\"twitter:data1\" content=\"Conexi\u00f3n Nacional\" \/>\n\t<meta name=\"twitter:label2\" content=\"Tiempo de lectura\" \/>\n\t<meta name=\"twitter:data2\" content=\"2 minutos\" \/>\n<script type=\"application\/ld+json\" class=\"yoast-schema-graph\">{\"@context\":\"https:\\\/\\\/schema.org\",\"@graph\":[{\"@type\":\"Article\",\"@id\":\"https:\\\/\\\/conexionnacional.mx\\\/index.php\\\/2024\\\/12\\\/19\\\/america-prepara-megadesfile-con-sus-aficionados-para-festejar-el-tricampeonato-de-liga-mx\\\/#article\",\"isPartOf\":{\"@id\":\"https:\\\/\\\/conexionnacional.mx\\\/index.php\\\/2024\\\/12\\\/19\\\/america-prepara-megadesfile-con-sus-aficionados-para-festejar-el-tricampeonato-de-liga-mx\\\/\"},\"author\":{\"name\":\"Conexi\u00f3n Nacional\",\"@id\":\"https:\\\/\\\/conexionnacional.mx\\\/#\\\/schema\\\/person\\\/dd14aeda902120f5e0e021903fdb6931\"},\"headline\":\"Am\u00e9rica prepara MEGADESFILE con sus aficionados para festejar el TRICAMPEONATO de Liga MX\",\"datePublished\":\"2024-12-19T18:15:25+00:00\",\"dateModified\":\"2024-12-19T18:15:27+00:00\",\"mainEntityOfPage\":{\"@id\":\"https:\\\/\\\/conexionnacional.mx\\\/index.php\\\/2024\\\/12\\\/19\\\/america-prepara-megadesfile-con-sus-aficionados-para-festejar-el-tricampeonato-de-liga-mx\\\/\"},\"wordCount\":501,\"publisher\":{\"@id\":\"https:\\\/\\\/conexionnacional.mx\\\/#organization\"},\"image\":{\"@id\":\"https:\\\/\\\/conexionnacional.mx\\\/index.php\\\/2024\\\/12\\\/19\\\/america-prepara-megadesfile-con-sus-aficionados-para-festejar-el-tricampeonato-de-liga-mx\\\/#primaryimage\"},\"thumbnailUrl\":\"https:\\\/\\\/conexionnacional.mx\\\/wp-content\\\/uploads\\\/2024\\\/12\\\/images-29.jpg\",\"keywords\":[\"america\",\"Megadesfile\"],\"articleSection\":[\"Deportes\"],\"inLanguage\":\"es\"},{\"@type\":\"WebPage\",\"@id\":\"https:\\\/\\\/conexionnacional.mx\\\/index.php\\\/2024\\\/12\\\/19\\\/america-prepara-megadesfile-con-sus-aficionados-para-festejar-el-tricampeonato-de-liga-mx\\\/\",\"url\":\"https:\\\/\\\/conexionnacional.mx\\\/index.php\\\/2024\\\/12\\\/19\\\/america-prepara-megadesfile-con-sus-aficionados-para-festejar-el-tricampeonato-de-liga-mx\\\/\",\"name\":\"Am\u00e9rica prepara MEGADESFILE con sus aficionados para festejar el TRICAMPEONATO de Liga MX\",\"isPartOf\":{\"@id\":\"https:\\\/\\\/conexionnacional.mx\\\/#website\"},\"primaryImageOfPage\":{\"@id\":\"https:\\\/\\\/conexionnacional.mx\\\/index.php\\\/2024\\\/12\\\/19\\\/america-prepara-megadesfile-con-sus-aficionados-para-festejar-el-tricampeonato-de-liga-mx\\\/#primaryimage\"},\"image\":{\"@id\":\"https:\\\/\\\/conexionnacional.mx\\\/index.php\\\/2024\\\/12\\\/19\\\/america-prepara-megadesfile-con-sus-aficionados-para-festejar-el-tricampeonato-de-liga-mx\\\/#primaryimage\"},\"thumbnailUrl\":\"https:\\\/\\\/conexionnacional.mx\\\/wp-content\\\/uploads\\\/2024\\\/12\\\/images-29.jpg\",\"datePublished\":\"2024-12-19T18:15:25+00:00\",\"dateModified\":\"2024-12-19T18:15:27+00:00\",\"description\":\"Am\u00e9rica\u00a0le dio las\u00a0gracias a su afici\u00f3n\u00a0luego de la consecuci\u00f3n del\u00a0tricampeonato de Liga MX\u00a0y partieron a vacaciones hasta enero del 2025. No obstante, muchos seguidores se preguntan si habr\u00e1 un\u00a0festejo\u00a0con los\u00a0jugadores,\u00a0cuerpo t\u00e9cnico\u00a0y\u00a0directiva.\",\"breadcrumb\":{\"@id\":\"https:\\\/\\\/conexionnacional.mx\\\/index.php\\\/2024\\\/12\\\/19\\\/america-prepara-megadesfile-con-sus-aficionados-para-festejar-el-tricampeonato-de-liga-mx\\\/#breadcrumb\"},\"inLanguage\":\"es\",\"potentialAction\":[{\"@type\":\"ReadAction\",\"target\":[\"https:\\\/\\\/conexionnacional.mx\\\/index.php\\\/2024\\\/12\\\/19\\\/america-prepara-megadesfile-con-sus-aficionados-para-festejar-el-tricampeonato-de-liga-mx\\\/\"]}]},{\"@type\":\"ImageObject\",\"inLanguage\":\"es\",\"@id\":\"https:\\\/\\\/conexionnacional.mx\\\/index.php\\\/2024\\\/12\\\/19\\\/america-prepara-megadesfile-con-sus-aficionados-para-festejar-el-tricampeonato-de-liga-mx\\\/#primaryimage\",\"url\":\"https:\\\/\\\/conexionnacional.mx\\\/wp-content\\\/uploads\\\/2024\\\/12\\\/images-29.jpg\",\"contentUrl\":\"https:\\\/\\\/conexionnacional.mx\\\/wp-content\\\/uploads\\\/2024\\\/12\\\/images-29.jpg\",\"width\":284,\"height\":177},{\"@type\":\"BreadcrumbList\",\"@id\":\"https:\\\/\\\/conexionnacional.mx\\\/index.php\\\/2024\\\/12\\\/19\\\/america-prepara-megadesfile-con-sus-aficionados-para-festejar-el-tricampeonato-de-liga-mx\\\/#breadcrumb\",\"itemListElement\":[{\"@type\":\"ListItem\",\"position\":1,\"name\":\"Inicio\",\"item\":\"https:\\\/\\\/conexionnacional.mx\\\/\"},{\"@type\":\"ListItem\",\"position\":2,\"name\":\"Am\u00e9rica prepara MEGADESFILE con sus aficionados para festejar el TRICAMPEONATO de Liga MX\"}]},{\"@type\":\"WebSite\",\"@id\":\"https:\\\/\\\/conexionnacional.mx\\\/#website\",\"url\":\"https:\\\/\\\/conexionnacional.mx\\\/\",\"name\":\"Conexi\u00f3n Nacional\",\"description\":\"Noticias al momento\",\"publisher\":{\"@id\":\"https:\\\/\\\/conexionnacional.mx\\\/#organization\"},\"alternateName\":\"Noticias nacionales\",\"potentialAction\":[{\"@type\":\"SearchAction\",\"target\":{\"@type\":\"EntryPoint\",\"urlTemplate\":\"https:\\\/\\\/conexionnacional.mx\\\/?s={search_term_string}\"},\"query-input\":{\"@type\":\"PropertyValueSpecification\",\"valueRequired\":true,\"valueName\":\"search_term_string\"}}],\"inLanguage\":\"es\"},{\"@type\":\"Organization\",\"@id\":\"https:\\\/\\\/conexionnacional.mx\\\/#organization\",\"name\":\"Conexi\u00f3n Nacional\",\"url\":\"https:\\\/\\\/conexionnacional.mx\\\/\",\"logo\":{\"@type\":\"ImageObject\",\"inLanguage\":\"es\",\"@id\":\"https:\\\/\\\/conexionnacional.mx\\\/#\\\/schema\\\/logo\\\/image\\\/\",\"url\":\"https:\\\/\\\/conexionnacional.mx\\\/wp-content\\\/uploads\\\/2022\\\/09\\\/conexion_nacional.png\",\"contentUrl\":\"https:\\\/\\\/conexionnacional.mx\\\/wp-content\\\/uploads\\\/2022\\\/09\\\/conexion_nacional.png\",\"width\":2964,\"height\":1173,\"caption\":\"Conexi\u00f3n Nacional\"},\"image\":{\"@id\":\"https:\\\/\\\/conexionnacional.mx\\\/#\\\/schema\\\/logo\\\/image\\\/\"},\"sameAs\":[\"https:\\\/\\\/www.facebook.com\\\/cnmxradio\"]},{\"@type\":\"Person\",\"@id\":\"https:\\\/\\\/conexionnacional.mx\\\/#\\\/schema\\\/person\\\/dd14aeda902120f5e0e021903fdb6931\",\"name\":\"Conexi\u00f3n Nacional\",\"image\":{\"@type\":\"ImageObject\",\"inLanguage\":\"es\",\"@id\":\"https:\\\/\\\/secure.gravatar.com\\\/avatar\\\/e523100f284110b2ecca7e17b2be9cf140a5e8f35294c9ec0543e6916cc1f9be?s=96&d=blank&r=g\",\"url\":\"https:\\\/\\\/secure.gravatar.com\\\/avatar\\\/e523100f284110b2ecca7e17b2be9cf140a5e8f35294c9ec0543e6916cc1f9be?s=96&d=blank&r=g\",\"contentUrl\":\"https:\\\/\\\/secure.gravatar.com\\\/avatar\\\/e523100f284110b2ecca7e17b2be9cf140a5e8f35294c9ec0543e6916cc1f9be?s=96&d=blank&r=g\",\"caption\":\"Conexi\u00f3n Nacional\"},\"sameAs\":[\"https:\\\/\\\/conexionnacional.mx\"],\"url\":\"https:\\\/\\\/conexionnacional.mx\\\/index.php\\\/author\\\/administrador\\\/\"}]}<\/script>\n<!-- \/ Yoast SEO plugin. -->","yoast_head_json":{"title":"Am\u00e9rica prepara MEGADESFILE con sus aficionados para festejar el TRICAMPEONATO de Liga MX","description":"Am\u00e9rica\u00a0le dio las\u00a0gracias a su afici\u00f3n\u00a0luego de la consecuci\u00f3n del\u00a0tricampeonato de Liga MX\u00a0y partieron a vacaciones hasta enero del 2025. No obstante, muchos seguidores se preguntan si habr\u00e1 un\u00a0festejo\u00a0con los\u00a0jugadores,\u00a0cuerpo t\u00e9cnico\u00a0y\u00a0directiva.","robots":{"index":"index","follow":"follow","max-snippet":"max-snippet:-1","max-image-preview":"max-image-preview:large","max-video-preview":"max-video-preview:-1"},"canonical":"https:\/\/conexionnacional.mx\/index.php\/2024\/12\/19\/america-prepara-megadesfile-con-sus-aficionados-para-festejar-el-tricampeonato-de-liga-mx\/","og_locale":"es_MX","og_type":"article","og_title":"Am\u00e9rica prepara MEGADESFILE con sus aficionados para festejar el TRICAMPEONATO de Liga MX","og_description":"Am\u00e9rica\u00a0le dio las\u00a0gracias a su afici\u00f3n\u00a0luego de la consecuci\u00f3n del\u00a0tricampeonato de Liga MX\u00a0y partieron a vacaciones hasta enero del 2025. No obstante, muchos seguidores se preguntan si habr\u00e1 un\u00a0festejo\u00a0con los\u00a0jugadores,\u00a0cuerpo t\u00e9cnico\u00a0y\u00a0directiva.","og_url":"https:\/\/conexionnacional.mx\/index.php\/2024\/12\/19\/america-prepara-megadesfile-con-sus-aficionados-para-festejar-el-tricampeonato-de-liga-mx\/","og_site_name":"Conexi\u00f3n Nacional","article_publisher":"https:\/\/www.facebook.com\/cnmxradio","article_published_time":"2024-12-19T18:15:25+00:00","article_modified_time":"2024-12-19T18:15:27+00:00","og_image":[{"width":284,"height":177,"url":"https:\/\/conexionnacional.mx\/wp-content\/uploads\/2024\/12\/images-29.jpg","type":"image\/jpeg"}],"author":"Conexi\u00f3n Nacional","twitter_card":"summary_large_image","twitter_misc":{"Escrito por":"Conexi\u00f3n Nacional","Tiempo de lectura":"2 minutos"},"schema":{"@context":"https:\/\/schema.org","@graph":[{"@type":"Article","@id":"https:\/\/conexionnacional.mx\/index.php\/2024\/12\/19\/america-prepara-megadesfile-con-sus-aficionados-para-festejar-el-tricampeonato-de-liga-mx\/#article","isPartOf":{"@id":"https:\/\/conexionnacional.mx\/index.php\/2024\/12\/19\/america-prepara-megadesfile-con-sus-aficionados-para-festejar-el-tricampeonato-de-liga-mx\/"},"author":{"name":"Conexi\u00f3n Nacional","@id":"https:\/\/conexionnacional.mx\/#\/schema\/person\/dd14aeda902120f5e0e021903fdb6931"},"headline":"Am\u00e9rica prepara MEGADESFILE con sus aficionados para festejar el TRICAMPEONATO de Liga MX","datePublished":"2024-12-19T18:15:25+00:00","dateModified":"2024-12-19T18:15:27+00:00","mainEntityOfPage":{"@id":"https:\/\/conexionnacional.mx\/index.php\/2024\/12\/19\/america-prepara-megadesfile-con-sus-aficionados-para-festejar-el-tricampeonato-de-liga-mx\/"},"wordCount":501,"publisher":{"@id":"https:\/\/conexionnacional.mx\/#organization"},"image":{"@id":"https:\/\/conexionnacional.mx\/index.php\/2024\/12\/19\/america-prepara-megadesfile-con-sus-aficionados-para-festejar-el-tricampeonato-de-liga-mx\/#primaryimage"},"thumbnailUrl":"https:\/\/conexionnacional.mx\/wp-content\/uploads\/2024\/12\/images-29.jpg","keywords":["america","Megadesfile"],"articleSection":["Deportes"],"inLanguage":"es"},{"@type":"WebPage","@id":"https:\/\/conexionnacional.mx\/index.php\/2024\/12\/19\/america-prepara-megadesfile-con-sus-aficionados-para-festejar-el-tricampeonato-de-liga-mx\/","url":"https:\/\/conexionnacional.mx\/index.php\/2024\/12\/19\/america-prepara-megadesfile-con-sus-aficionados-para-festejar-el-tricampeonato-de-liga-mx\/","name":"Am\u00e9rica prepara MEGADESFILE con sus aficionados para festejar el TRICAMPEONATO de Liga MX","isPartOf":{"@id":"https:\/\/conexionnacional.mx\/#website"},"primaryImageOfPage":{"@id":"https:\/\/conexionnacional.mx\/index.php\/2024\/12\/19\/america-prepara-megadesfile-con-sus-aficionados-para-festejar-el-tricampeonato-de-liga-mx\/#primaryimage"},"image":{"@id":"https:\/\/conexionnacional.mx\/index.php\/2024\/12\/19\/america-prepara-megadesfile-con-sus-aficionados-para-festejar-el-tricampeonato-de-liga-mx\/#primaryimage"},"thumbnailUrl":"https:\/\/conexionnacional.mx\/wp-content\/uploads\/2024\/12\/images-29.jpg","datePublished":"2024-12-19T18:15:25+00:00","dateModified":"2024-12-19T18:15:27+00:00","description":"Am\u00e9rica\u00a0le dio las\u00a0gracias a su afici\u00f3n\u00a0luego de la consecuci\u00f3n del\u00a0tricampeonato de Liga MX\u00a0y partieron a vacaciones hasta enero del 2025. No obstante, muchos seguidores se preguntan si habr\u00e1 un\u00a0festejo\u00a0con los\u00a0jugadores,\u00a0cuerpo t\u00e9cnico\u00a0y\u00a0directiva.","breadcrumb":{"@id":"https:\/\/conexionnacional.mx\/index.php\/2024\/12\/19\/america-prepara-megadesfile-con-sus-aficionados-para-festejar-el-tricampeonato-de-liga-mx\/#breadcrumb"},"inLanguage":"es","potentialAction":[{"@type":"ReadAction","target":["https:\/\/conexionnacional.mx\/index.php\/2024\/12\/19\/america-prepara-megadesfile-con-sus-aficionados-para-festejar-el-tricampeonato-de-liga-mx\/"]}]},{"@type":"ImageObject","inLanguage":"es","@id":"https:\/\/conexionnacional.mx\/index.php\/2024\/12\/19\/america-prepara-megadesfile-con-sus-aficionados-para-festejar-el-tricampeonato-de-liga-mx\/#primaryimage","url":"https:\/\/conexionnacional.mx\/wp-content\/uploads\/2024\/12\/images-29.jpg","contentUrl":"https:\/\/conexionnacional.mx\/wp-content\/uploads\/2024\/12\/images-29.jpg","width":284,"height":177},{"@type":"BreadcrumbList","@id":"https:\/\/conexionnacional.mx\/index.php\/2024\/12\/19\/america-prepara-megadesfile-con-sus-aficionados-para-festejar-el-tricampeonato-de-liga-mx\/#breadcrumb","itemListElement":[{"@type":"ListItem","position":1,"name":"Inicio","item":"https:\/\/conexionnacional.mx\/"},{"@type":"ListItem","position":2,"name":"Am\u00e9rica prepara MEGADESFILE con sus aficionados para festejar el TRICAMPEONATO de Liga MX"}]},{"@type":"WebSite","@id":"https:\/\/conexionnacional.mx\/#website","url":"https:\/\/conexionnacional.mx\/","name":"Conexi\u00f3n Nacional","description":"Noticias al momento","publisher":{"@id":"https:\/\/conexionnacional.mx\/#organization"},"alternateName":"Noticias nacionales","potentialAction":[{"@type":"SearchAction","target":{"@type":"EntryPoint","urlTemplate":"https:\/\/conexionnacional.mx\/?s={search_term_string}"},"query-input":{"@type":"PropertyValueSpecification","valueRequired":true,"valueName":"search_term_string"}}],"inLanguage":"es"},{"@type":"Organization","@id":"https:\/\/conexionnacional.mx\/#organization","name":"Conexi\u00f3n Nacional","url":"https:\/\/conexionnacional.mx\/","logo":{"@type":"ImageObject","inLanguage":"es","@id":"https:\/\/conexionnacional.mx\/#\/schema\/logo\/image\/","url":"https:\/\/conexionnacional.mx\/wp-content\/uploads\/2022\/09\/conexion_nacional.png","contentUrl":"https:\/\/conexionnacional.mx\/wp-content\/uploads\/2022\/09\/conexion_nacional.png","width":2964,"height":1173,"caption":"Conexi\u00f3n Nacional"},"image":{"@id":"https:\/\/conexionnacional.mx\/#\/schema\/logo\/image\/"},"sameAs":["https:\/\/www.facebook.com\/cnmxradio"]},{"@type":"Person","@id":"https:\/\/conexionnacional.mx\/#\/schema\/person\/dd14aeda902120f5e0e021903fdb6931","name":"Conexi\u00f3n Nacional","image":{"@type":"ImageObject","inLanguage":"es","@id":"https:\/\/secure.gravatar.com\/avatar\/e523100f284110b2ecca7e17b2be9cf140a5e8f35294c9ec0543e6916cc1f9be?s=96&d=blank&r=g","url":"https:\/\/secure.gravatar.com\/avatar\/e523100f284110b2ecca7e17b2be9cf140a5e8f35294c9ec0543e6916cc1f9be?s=96&d=blank&r=g","contentUrl":"https:\/\/secure.gravatar.com\/avatar\/e523100f284110b2ecca7e17b2be9cf140a5e8f35294c9ec0543e6916cc1f9be?s=96&d=blank&r=g","caption":"Conexi\u00f3n Nacional"},"sameAs":["https:\/\/conexionnacional.mx"],"url":"https:\/\/conexionnacional.mx\/index.php\/author\/administrador\/"}]}},"_links":{"self":[{"href":"https:\/\/conexionnacional.mx\/index.php\/wp-json\/wp\/v2\/posts\/23373","targetHints":{"allow":["GET"]}}],"collection":[{"href":"https:\/\/conexionnacional.mx\/index.php\/wp-json\/wp\/v2\/posts"}],"about":[{"href":"https:\/\/conexionnacional.mx\/index.php\/wp-json\/wp\/v2\/types\/post"}],"author":[{"embeddable":true,"href":"https:\/\/conexionnacional.mx\/index.php\/wp-json\/wp\/v2\/users\/1"}],"replies":[{"embeddable":true,"href":"https:\/\/conexionnacional.mx\/index.php\/wp-json\/wp\/v2\/comments?post=23373"}],"version-history":[{"count":1,"href":"https:\/\/conexionnacional.mx\/index.php\/wp-json\/wp\/v2\/posts\/23373\/revisions"}],"predecessor-version":[{"id":23375,"href":"https:\/\/conexionnacional.mx\/index.php\/wp-json\/wp\/v2\/posts\/23373\/revisions\/23375"}],"wp:featuredmedia":[{"embeddable":true,"href":"https:\/\/conexionnacional.mx\/index.php\/wp-json\/wp\/v2\/media\/23374"}],"wp:attachment":[{"href":"https:\/\/conexionnacional.mx\/index.php\/wp-json\/wp\/v2\/media?parent=23373"}],"wp:term":[{"taxonomy":"category","embeddable":true,"href":"https:\/\/conexionnacional.mx\/index.php\/wp-json\/wp\/v2\/categories?post=23373"},{"taxonomy":"post_tag","embeddable":true,"href":"https:\/\/conexionnacional.mx\/index.php\/wp-json\/wp\/v2\/tags?post=23373"}],"curies":[{"name":"wp","href":"https:\/\/api.w.org\/{rel}","templated":true}]}}