{"id":23370,"date":"2024-12-19T12:11:15","date_gmt":"2024-12-19T18:11:15","guid":{"rendered":"https:\/\/conexionnacional.mx\/?p=23370"},"modified":"2024-12-19T12:11:17","modified_gmt":"2024-12-19T18:11:17","slug":"santa-claus-y-el-grinch-protagonizan-epica-pelea-navidena","status":"publish","type":"post","link":"https:\/\/conexionnacional.mx\/index.php\/2024\/12\/19\/santa-claus-y-el-grinch-protagonizan-epica-pelea-navidena\/","title":{"rendered":"Santa Claus y \u201cEl Grinch\u201d protagonizan \u00e9pica pelea navide\u00f1a; video se vuelve viral"},"content":{"rendered":"\n<p>En el Centro Hist\u00f3rico de Aguascalientes, un enfrentamiento que parec\u00eda ser sacado de una pel\u00edcula, estuvo a punto de arruinar la&nbsp;<strong>Navidad&nbsp;<\/strong>para los ni\u00f1os que presenciaron una&nbsp;<strong>\u00e9pica pelea&nbsp;<\/strong>entre&nbsp;<strong>Santa Claus y \u201cEl Grinch\u201d<\/strong>.<\/p>\n\n\n\n<p>En plena \u00e9poca decembrina, dos sujetos disfrazados de dichos&nbsp;<strong>personajes&nbsp;<\/strong>posaban para fotos junto a las familias que transitaban por la calle a cambio de&nbsp;<strong>propinas<\/strong>, y ante la alta afluencia de gente, su deseo por ganar m\u00e1s&nbsp;<strong>dinero&nbsp;<\/strong>los hizo salirse de su papel, ya que comenzaron a&nbsp;<strong>insultarse<\/strong>&nbsp;al tener un mal entendido.<\/p>\n\n\n\n<h2 class=\"wp-block-heading\">Santa Claus y \u201cEl Grinch\u201d protagonizan \u00e9pica pelea navide\u00f1a<\/h2>\n\n\n\n<p>Entre el asombro de adultos y&nbsp;<strong>ni\u00f1os<\/strong>, el enfrentamiento escal\u00f3 r\u00e1pidamente hasta llegar a la&nbsp;<strong>violencia f\u00edsica<\/strong>, convirti\u00e9ndolos en protagonistas de una<strong>&nbsp;ri\u00f1a callejera<\/strong>&nbsp;que reuni\u00f3 a varias personas en la plaza p\u00fablica.<\/p>\n\n\n\n<p>El ins\u00f3lito combate&nbsp;<strong>se sali\u00f3 de control<\/strong>, por lo que elementos de la<strong>&nbsp;polic\u00eda municipal tuvieron<\/strong>&nbsp;que intervenir para separarlos.<\/p>\n\n\n\n<p>A trav\u00e9s de<strong>&nbsp;TikTok<\/strong>, un trabajador de la zona comparti\u00f3 el momento en en donde se observa a \u201c<strong>El Grinch<\/strong>\u201d ser esposado por las autoridades, mientras que<strong>&nbsp;Santa Claus<\/strong>&nbsp;se encontraba tirado en el suelo recuper\u00e1ndose de la golpiza.<\/p>\n\n\n\n<p>\u201cBueno, la&nbsp;<strong>Navidad&nbsp;<\/strong>lleg\u00f3. Aqu\u00ed est\u00e1 el&nbsp;<strong>Grinch<\/strong>, ya se lo llevan por andarse&nbsp;<strong>peleando&nbsp;<\/strong>con aquel&nbsp;<strong>Santa Claus<\/strong>&nbsp;que est\u00e1 ah\u00ed tirado, le dieron un&nbsp;<strong>descont\u00f3n<\/strong>. Andamos&nbsp;<strong>trabajando en la calle<\/strong>&nbsp;y por este tipo de compa\u00f1eros nos quitan los permisos o nos exigen o ya no nos dejan trabajar. \u00bfPor qu\u00e9 se pelean por el lugar? Se enojaron porque a uno le pusieron m\u00e1s dinero que al otro. Y vean, ya est\u00e1 el pedo, ya est\u00e1&nbsp;<strong>sangrando&nbsp;<\/strong>el Santa Claus\u201d, mencion\u00f3 el tiktoker.<\/p>\n\n\n\n<figure class=\"wp-block-embed is-type-rich is-provider-twitter wp-block-embed-twitter\"><div class=\"wp-block-embed__wrapper\">\n<blockquote class=\"twitter-tweet\" data-width=\"550\" data-dnt=\"true\"><p lang=\"es\" dir=\"ltr\">\u00a1Se dieron en su Merry Christmas! \ud83d\ude31<br><br>\u25b6\ufe0f &#39;Santa Claus&#39; y el &#39;Grinch&#39; se pelean y terminan detenidos en Aguascalientes \ud83c\udf85 \ud83c\udf84 <a href=\"https:\/\/t.co\/UHmnDbdxvR\">pic.twitter.com\/UHmnDbdxvR<\/a><\/p>&mdash; Metr\u00f3poli (@Univ_Metropoli) <a href=\"https:\/\/twitter.com\/Univ_Metropoli\/status\/1869512399113646463?ref_src=twsrc%5Etfw\">December 18, 2024<\/a><\/blockquote><script async src=\"https:\/\/platform.twitter.com\/widgets.js\" charset=\"utf-8\"><\/script>\n<\/div><\/figure>\n\n\n\n<p><\/p>\n","protected":false},"excerpt":{"rendered":"<p>En el Centro Hist\u00f3rico de Aguascalientes, un enfrentamiento que parec\u00eda ser sacado de una pel\u00edcula, estuvo a punto de arruinar la&nbsp;Navidad&nbsp;para los ni\u00f1os que presenciaron una&nbsp;\u00e9pica pelea&nbsp;entre&nbsp;Santa Claus y \u201cEl Grinch\u201d. En plena \u00e9poca decembrina, dos sujetos disfrazados de dichos&nbsp;personajes&nbsp;posaban para fotos junto a las familias que transitaban por la calle a cambio de&nbsp;propinas, y [&hellip;]<\/p>\n","protected":false},"author":1,"featured_media":23371,"comment_status":"closed","ping_status":"closed","sticky":false,"template":"","format":"aside","meta":{"googlesitekit_rrm_CAowytPeCw:productID":"","footnotes":""},"categories":[5063],"tags":[8866,349,6792],"class_list":["post-23370","post","type-post","status-publish","format-aside","has-post-thumbnail","hentry","category-redes-sociales","tag-el-grinch","tag-pelea","tag-santa-claus","post_format-post-format-aside"],"yoast_head":"<!-- This site is optimized with the Yoast SEO plugin v27.4 - https:\/\/yoast.com\/product\/yoast-seo-wordpress\/ -->\n<title>Santa Claus y \u201cEl Grinch\u201d protagonizan \u00e9pica pelea navide\u00f1a<\/title>\n<meta name=\"description\" content=\"En el Centro Hist\u00f3rico de Aguascalientes, un enfrentamiento que parec\u00eda ser sacado de una pel\u00edcula, estuvo a punto de arruinar la\u00a0Navidad\u00a0para los ni\u00f1os que presenciaron una\u00a0\u00e9pica pelea\u00a0entre\u00a0Santa Claus y \u201cEl Grinch\u201d.\" \/>\n<meta name=\"robots\" content=\"index, follow, max-snippet:-1, max-image-preview:large, max-video-preview:-1\" \/>\n<link rel=\"canonical\" href=\"https:\/\/conexionnacional.mx\/index.php\/2024\/12\/19\/santa-claus-y-el-grinch-protagonizan-epica-pelea-navidena\/\" \/>\n<meta property=\"og:locale\" content=\"es_MX\" \/>\n<meta property=\"og:type\" content=\"article\" \/>\n<meta property=\"og:title\" content=\"Santa Claus y \u201cEl Grinch\u201d protagonizan \u00e9pica pelea navide\u00f1a\" \/>\n<meta property=\"og:description\" content=\"En el Centro Hist\u00f3rico de Aguascalientes, un enfrentamiento que parec\u00eda ser sacado de una pel\u00edcula, estuvo a punto de arruinar la\u00a0Navidad\u00a0para los ni\u00f1os que presenciaron una\u00a0\u00e9pica pelea\u00a0entre\u00a0Santa Claus y \u201cEl Grinch\u201d.\" \/>\n<meta property=\"og:url\" content=\"https:\/\/conexionnacional.mx\/index.php\/2024\/12\/19\/santa-claus-y-el-grinch-protagonizan-epica-pelea-navidena\/\" \/>\n<meta property=\"og:site_name\" content=\"Conexi\u00f3n Nacional\" \/>\n<meta property=\"article:publisher\" content=\"https:\/\/www.facebook.com\/cnmxradio\" \/>\n<meta property=\"article:published_time\" content=\"2024-12-19T18:11:15+00:00\" \/>\n<meta property=\"article:modified_time\" content=\"2024-12-19T18:11:17+00:00\" \/>\n<meta property=\"og:image\" content=\"https:\/\/conexionnacional.mx\/wp-content\/uploads\/2024\/12\/descarga-12.jpg\" \/>\n\t<meta property=\"og:image:width\" content=\"289\" \/>\n\t<meta property=\"og:image:height\" content=\"175\" \/>\n\t<meta property=\"og:image:type\" content=\"image\/jpeg\" \/>\n<meta name=\"author\" content=\"Conexi\u00f3n Nacional\" \/>\n<meta name=\"twitter:card\" content=\"summary_large_image\" \/>\n<meta name=\"twitter:label1\" content=\"Escrito por\" \/>\n\t<meta name=\"twitter:data1\" content=\"Conexi\u00f3n Nacional\" \/>\n\t<meta name=\"twitter:label2\" content=\"Tiempo de lectura\" \/>\n\t<meta name=\"twitter:data2\" content=\"2 minutos\" \/>\n<script type=\"application\/ld+json\" class=\"yoast-schema-graph\">{\"@context\":\"https:\\\/\\\/schema.org\",\"@graph\":[{\"@type\":\"Article\",\"@id\":\"https:\\\/\\\/conexionnacional.mx\\\/index.php\\\/2024\\\/12\\\/19\\\/santa-claus-y-el-grinch-protagonizan-epica-pelea-navidena\\\/#article\",\"isPartOf\":{\"@id\":\"https:\\\/\\\/conexionnacional.mx\\\/index.php\\\/2024\\\/12\\\/19\\\/santa-claus-y-el-grinch-protagonizan-epica-pelea-navidena\\\/\"},\"author\":{\"name\":\"Conexi\u00f3n Nacional\",\"@id\":\"https:\\\/\\\/conexionnacional.mx\\\/#\\\/schema\\\/person\\\/dd14aeda902120f5e0e021903fdb6931\"},\"headline\":\"Santa Claus y \u201cEl Grinch\u201d protagonizan \u00e9pica pelea navide\u00f1a; video se vuelve viral\",\"datePublished\":\"2024-12-19T18:11:15+00:00\",\"dateModified\":\"2024-12-19T18:11:17+00:00\",\"mainEntityOfPage\":{\"@id\":\"https:\\\/\\\/conexionnacional.mx\\\/index.php\\\/2024\\\/12\\\/19\\\/santa-claus-y-el-grinch-protagonizan-epica-pelea-navidena\\\/\"},\"wordCount\":386,\"publisher\":{\"@id\":\"https:\\\/\\\/conexionnacional.mx\\\/#organization\"},\"image\":{\"@id\":\"https:\\\/\\\/conexionnacional.mx\\\/index.php\\\/2024\\\/12\\\/19\\\/santa-claus-y-el-grinch-protagonizan-epica-pelea-navidena\\\/#primaryimage\"},\"thumbnailUrl\":\"https:\\\/\\\/conexionnacional.mx\\\/wp-content\\\/uploads\\\/2024\\\/12\\\/descarga-12.jpg\",\"keywords\":[\"El grinch\",\"Pelea\",\"Santa Claus\"],\"articleSection\":[\"Redes Sociales\"],\"inLanguage\":\"es\"},{\"@type\":\"WebPage\",\"@id\":\"https:\\\/\\\/conexionnacional.mx\\\/index.php\\\/2024\\\/12\\\/19\\\/santa-claus-y-el-grinch-protagonizan-epica-pelea-navidena\\\/\",\"url\":\"https:\\\/\\\/conexionnacional.mx\\\/index.php\\\/2024\\\/12\\\/19\\\/santa-claus-y-el-grinch-protagonizan-epica-pelea-navidena\\\/\",\"name\":\"Santa Claus y \u201cEl Grinch\u201d protagonizan \u00e9pica pelea navide\u00f1a\",\"isPartOf\":{\"@id\":\"https:\\\/\\\/conexionnacional.mx\\\/#website\"},\"primaryImageOfPage\":{\"@id\":\"https:\\\/\\\/conexionnacional.mx\\\/index.php\\\/2024\\\/12\\\/19\\\/santa-claus-y-el-grinch-protagonizan-epica-pelea-navidena\\\/#primaryimage\"},\"image\":{\"@id\":\"https:\\\/\\\/conexionnacional.mx\\\/index.php\\\/2024\\\/12\\\/19\\\/santa-claus-y-el-grinch-protagonizan-epica-pelea-navidena\\\/#primaryimage\"},\"thumbnailUrl\":\"https:\\\/\\\/conexionnacional.mx\\\/wp-content\\\/uploads\\\/2024\\\/12\\\/descarga-12.jpg\",\"datePublished\":\"2024-12-19T18:11:15+00:00\",\"dateModified\":\"2024-12-19T18:11:17+00:00\",\"description\":\"En el Centro Hist\u00f3rico de Aguascalientes, un enfrentamiento que parec\u00eda ser sacado de una pel\u00edcula, estuvo a punto de arruinar la\u00a0Navidad\u00a0para los ni\u00f1os que presenciaron una\u00a0\u00e9pica pelea\u00a0entre\u00a0Santa Claus y \u201cEl Grinch\u201d.\",\"breadcrumb\":{\"@id\":\"https:\\\/\\\/conexionnacional.mx\\\/index.php\\\/2024\\\/12\\\/19\\\/santa-claus-y-el-grinch-protagonizan-epica-pelea-navidena\\\/#breadcrumb\"},\"inLanguage\":\"es\",\"potentialAction\":[{\"@type\":\"ReadAction\",\"target\":[\"https:\\\/\\\/conexionnacional.mx\\\/index.php\\\/2024\\\/12\\\/19\\\/santa-claus-y-el-grinch-protagonizan-epica-pelea-navidena\\\/\"]}]},{\"@type\":\"ImageObject\",\"inLanguage\":\"es\",\"@id\":\"https:\\\/\\\/conexionnacional.mx\\\/index.php\\\/2024\\\/12\\\/19\\\/santa-claus-y-el-grinch-protagonizan-epica-pelea-navidena\\\/#primaryimage\",\"url\":\"https:\\\/\\\/conexionnacional.mx\\\/wp-content\\\/uploads\\\/2024\\\/12\\\/descarga-12.jpg\",\"contentUrl\":\"https:\\\/\\\/conexionnacional.mx\\\/wp-content\\\/uploads\\\/2024\\\/12\\\/descarga-12.jpg\",\"width\":289,\"height\":175},{\"@type\":\"BreadcrumbList\",\"@id\":\"https:\\\/\\\/conexionnacional.mx\\\/index.php\\\/2024\\\/12\\\/19\\\/santa-claus-y-el-grinch-protagonizan-epica-pelea-navidena\\\/#breadcrumb\",\"itemListElement\":[{\"@type\":\"ListItem\",\"position\":1,\"name\":\"Inicio\",\"item\":\"https:\\\/\\\/conexionnacional.mx\\\/\"},{\"@type\":\"ListItem\",\"position\":2,\"name\":\"Santa Claus y \u201cEl Grinch\u201d protagonizan \u00e9pica pelea navide\u00f1a; video se vuelve viral\"}]},{\"@type\":\"WebSite\",\"@id\":\"https:\\\/\\\/conexionnacional.mx\\\/#website\",\"url\":\"https:\\\/\\\/conexionnacional.mx\\\/\",\"name\":\"Conexi\u00f3n Nacional\",\"description\":\"Noticias al momento\",\"publisher\":{\"@id\":\"https:\\\/\\\/conexionnacional.mx\\\/#organization\"},\"alternateName\":\"Noticias nacionales\",\"potentialAction\":[{\"@type\":\"SearchAction\",\"target\":{\"@type\":\"EntryPoint\",\"urlTemplate\":\"https:\\\/\\\/conexionnacional.mx\\\/?s={search_term_string}\"},\"query-input\":{\"@type\":\"PropertyValueSpecification\",\"valueRequired\":true,\"valueName\":\"search_term_string\"}}],\"inLanguage\":\"es\"},{\"@type\":\"Organization\",\"@id\":\"https:\\\/\\\/conexionnacional.mx\\\/#organization\",\"name\":\"Conexi\u00f3n Nacional\",\"url\":\"https:\\\/\\\/conexionnacional.mx\\\/\",\"logo\":{\"@type\":\"ImageObject\",\"inLanguage\":\"es\",\"@id\":\"https:\\\/\\\/conexionnacional.mx\\\/#\\\/schema\\\/logo\\\/image\\\/\",\"url\":\"https:\\\/\\\/conexionnacional.mx\\\/wp-content\\\/uploads\\\/2022\\\/09\\\/conexion_nacional.png\",\"contentUrl\":\"https:\\\/\\\/conexionnacional.mx\\\/wp-content\\\/uploads\\\/2022\\\/09\\\/conexion_nacional.png\",\"width\":2964,\"height\":1173,\"caption\":\"Conexi\u00f3n Nacional\"},\"image\":{\"@id\":\"https:\\\/\\\/conexionnacional.mx\\\/#\\\/schema\\\/logo\\\/image\\\/\"},\"sameAs\":[\"https:\\\/\\\/www.facebook.com\\\/cnmxradio\"]},{\"@type\":\"Person\",\"@id\":\"https:\\\/\\\/conexionnacional.mx\\\/#\\\/schema\\\/person\\\/dd14aeda902120f5e0e021903fdb6931\",\"name\":\"Conexi\u00f3n Nacional\",\"image\":{\"@type\":\"ImageObject\",\"inLanguage\":\"es\",\"@id\":\"https:\\\/\\\/secure.gravatar.com\\\/avatar\\\/e523100f284110b2ecca7e17b2be9cf140a5e8f35294c9ec0543e6916cc1f9be?s=96&d=blank&r=g\",\"url\":\"https:\\\/\\\/secure.gravatar.com\\\/avatar\\\/e523100f284110b2ecca7e17b2be9cf140a5e8f35294c9ec0543e6916cc1f9be?s=96&d=blank&r=g\",\"contentUrl\":\"https:\\\/\\\/secure.gravatar.com\\\/avatar\\\/e523100f284110b2ecca7e17b2be9cf140a5e8f35294c9ec0543e6916cc1f9be?s=96&d=blank&r=g\",\"caption\":\"Conexi\u00f3n Nacional\"},\"sameAs\":[\"https:\\\/\\\/conexionnacional.mx\"],\"url\":\"https:\\\/\\\/conexionnacional.mx\\\/index.php\\\/author\\\/administrador\\\/\"}]}<\/script>\n<!-- \/ Yoast SEO plugin. -->","yoast_head_json":{"title":"Santa Claus y \u201cEl Grinch\u201d protagonizan \u00e9pica pelea navide\u00f1a","description":"En el Centro Hist\u00f3rico de Aguascalientes, un enfrentamiento que parec\u00eda ser sacado de una pel\u00edcula, estuvo a punto de arruinar la\u00a0Navidad\u00a0para los ni\u00f1os que presenciaron una\u00a0\u00e9pica pelea\u00a0entre\u00a0Santa Claus y \u201cEl Grinch\u201d.","robots":{"index":"index","follow":"follow","max-snippet":"max-snippet:-1","max-image-preview":"max-image-preview:large","max-video-preview":"max-video-preview:-1"},"canonical":"https:\/\/conexionnacional.mx\/index.php\/2024\/12\/19\/santa-claus-y-el-grinch-protagonizan-epica-pelea-navidena\/","og_locale":"es_MX","og_type":"article","og_title":"Santa Claus y \u201cEl Grinch\u201d protagonizan \u00e9pica pelea navide\u00f1a","og_description":"En el Centro Hist\u00f3rico de Aguascalientes, un enfrentamiento que parec\u00eda ser sacado de una pel\u00edcula, estuvo a punto de arruinar la\u00a0Navidad\u00a0para los ni\u00f1os que presenciaron una\u00a0\u00e9pica pelea\u00a0entre\u00a0Santa Claus y \u201cEl Grinch\u201d.","og_url":"https:\/\/conexionnacional.mx\/index.php\/2024\/12\/19\/santa-claus-y-el-grinch-protagonizan-epica-pelea-navidena\/","og_site_name":"Conexi\u00f3n Nacional","article_publisher":"https:\/\/www.facebook.com\/cnmxradio","article_published_time":"2024-12-19T18:11:15+00:00","article_modified_time":"2024-12-19T18:11:17+00:00","og_image":[{"width":289,"height":175,"url":"https:\/\/conexionnacional.mx\/wp-content\/uploads\/2024\/12\/descarga-12.jpg","type":"image\/jpeg"}],"author":"Conexi\u00f3n Nacional","twitter_card":"summary_large_image","twitter_misc":{"Escrito por":"Conexi\u00f3n Nacional","Tiempo de lectura":"2 minutos"},"schema":{"@context":"https:\/\/schema.org","@graph":[{"@type":"Article","@id":"https:\/\/conexionnacional.mx\/index.php\/2024\/12\/19\/santa-claus-y-el-grinch-protagonizan-epica-pelea-navidena\/#article","isPartOf":{"@id":"https:\/\/conexionnacional.mx\/index.php\/2024\/12\/19\/santa-claus-y-el-grinch-protagonizan-epica-pelea-navidena\/"},"author":{"name":"Conexi\u00f3n Nacional","@id":"https:\/\/conexionnacional.mx\/#\/schema\/person\/dd14aeda902120f5e0e021903fdb6931"},"headline":"Santa Claus y \u201cEl Grinch\u201d protagonizan \u00e9pica pelea navide\u00f1a; video se vuelve viral","datePublished":"2024-12-19T18:11:15+00:00","dateModified":"2024-12-19T18:11:17+00:00","mainEntityOfPage":{"@id":"https:\/\/conexionnacional.mx\/index.php\/2024\/12\/19\/santa-claus-y-el-grinch-protagonizan-epica-pelea-navidena\/"},"wordCount":386,"publisher":{"@id":"https:\/\/conexionnacional.mx\/#organization"},"image":{"@id":"https:\/\/conexionnacional.mx\/index.php\/2024\/12\/19\/santa-claus-y-el-grinch-protagonizan-epica-pelea-navidena\/#primaryimage"},"thumbnailUrl":"https:\/\/conexionnacional.mx\/wp-content\/uploads\/2024\/12\/descarga-12.jpg","keywords":["El grinch","Pelea","Santa Claus"],"articleSection":["Redes Sociales"],"inLanguage":"es"},{"@type":"WebPage","@id":"https:\/\/conexionnacional.mx\/index.php\/2024\/12\/19\/santa-claus-y-el-grinch-protagonizan-epica-pelea-navidena\/","url":"https:\/\/conexionnacional.mx\/index.php\/2024\/12\/19\/santa-claus-y-el-grinch-protagonizan-epica-pelea-navidena\/","name":"Santa Claus y \u201cEl Grinch\u201d protagonizan \u00e9pica pelea navide\u00f1a","isPartOf":{"@id":"https:\/\/conexionnacional.mx\/#website"},"primaryImageOfPage":{"@id":"https:\/\/conexionnacional.mx\/index.php\/2024\/12\/19\/santa-claus-y-el-grinch-protagonizan-epica-pelea-navidena\/#primaryimage"},"image":{"@id":"https:\/\/conexionnacional.mx\/index.php\/2024\/12\/19\/santa-claus-y-el-grinch-protagonizan-epica-pelea-navidena\/#primaryimage"},"thumbnailUrl":"https:\/\/conexionnacional.mx\/wp-content\/uploads\/2024\/12\/descarga-12.jpg","datePublished":"2024-12-19T18:11:15+00:00","dateModified":"2024-12-19T18:11:17+00:00","description":"En el Centro Hist\u00f3rico de Aguascalientes, un enfrentamiento que parec\u00eda ser sacado de una pel\u00edcula, estuvo a punto de arruinar la\u00a0Navidad\u00a0para los ni\u00f1os que presenciaron una\u00a0\u00e9pica pelea\u00a0entre\u00a0Santa Claus y \u201cEl Grinch\u201d.","breadcrumb":{"@id":"https:\/\/conexionnacional.mx\/index.php\/2024\/12\/19\/santa-claus-y-el-grinch-protagonizan-epica-pelea-navidena\/#breadcrumb"},"inLanguage":"es","potentialAction":[{"@type":"ReadAction","target":["https:\/\/conexionnacional.mx\/index.php\/2024\/12\/19\/santa-claus-y-el-grinch-protagonizan-epica-pelea-navidena\/"]}]},{"@type":"ImageObject","inLanguage":"es","@id":"https:\/\/conexionnacional.mx\/index.php\/2024\/12\/19\/santa-claus-y-el-grinch-protagonizan-epica-pelea-navidena\/#primaryimage","url":"https:\/\/conexionnacional.mx\/wp-content\/uploads\/2024\/12\/descarga-12.jpg","contentUrl":"https:\/\/conexionnacional.mx\/wp-content\/uploads\/2024\/12\/descarga-12.jpg","width":289,"height":175},{"@type":"BreadcrumbList","@id":"https:\/\/conexionnacional.mx\/index.php\/2024\/12\/19\/santa-claus-y-el-grinch-protagonizan-epica-pelea-navidena\/#breadcrumb","itemListElement":[{"@type":"ListItem","position":1,"name":"Inicio","item":"https:\/\/conexionnacional.mx\/"},{"@type":"ListItem","position":2,"name":"Santa Claus y \u201cEl Grinch\u201d protagonizan \u00e9pica pelea navide\u00f1a; video se vuelve viral"}]},{"@type":"WebSite","@id":"https:\/\/conexionnacional.mx\/#website","url":"https:\/\/conexionnacional.mx\/","name":"Conexi\u00f3n Nacional","description":"Noticias al momento","publisher":{"@id":"https:\/\/conexionnacional.mx\/#organization"},"alternateName":"Noticias nacionales","potentialAction":[{"@type":"SearchAction","target":{"@type":"EntryPoint","urlTemplate":"https:\/\/conexionnacional.mx\/?s={search_term_string}"},"query-input":{"@type":"PropertyValueSpecification","valueRequired":true,"valueName":"search_term_string"}}],"inLanguage":"es"},{"@type":"Organization","@id":"https:\/\/conexionnacional.mx\/#organization","name":"Conexi\u00f3n Nacional","url":"https:\/\/conexionnacional.mx\/","logo":{"@type":"ImageObject","inLanguage":"es","@id":"https:\/\/conexionnacional.mx\/#\/schema\/logo\/image\/","url":"https:\/\/conexionnacional.mx\/wp-content\/uploads\/2022\/09\/conexion_nacional.png","contentUrl":"https:\/\/conexionnacional.mx\/wp-content\/uploads\/2022\/09\/conexion_nacional.png","width":2964,"height":1173,"caption":"Conexi\u00f3n Nacional"},"image":{"@id":"https:\/\/conexionnacional.mx\/#\/schema\/logo\/image\/"},"sameAs":["https:\/\/www.facebook.com\/cnmxradio"]},{"@type":"Person","@id":"https:\/\/conexionnacional.mx\/#\/schema\/person\/dd14aeda902120f5e0e021903fdb6931","name":"Conexi\u00f3n Nacional","image":{"@type":"ImageObject","inLanguage":"es","@id":"https:\/\/secure.gravatar.com\/avatar\/e523100f284110b2ecca7e17b2be9cf140a5e8f35294c9ec0543e6916cc1f9be?s=96&d=blank&r=g","url":"https:\/\/secure.gravatar.com\/avatar\/e523100f284110b2ecca7e17b2be9cf140a5e8f35294c9ec0543e6916cc1f9be?s=96&d=blank&r=g","contentUrl":"https:\/\/secure.gravatar.com\/avatar\/e523100f284110b2ecca7e17b2be9cf140a5e8f35294c9ec0543e6916cc1f9be?s=96&d=blank&r=g","caption":"Conexi\u00f3n Nacional"},"sameAs":["https:\/\/conexionnacional.mx"],"url":"https:\/\/conexionnacional.mx\/index.php\/author\/administrador\/"}]}},"_links":{"self":[{"href":"https:\/\/conexionnacional.mx\/index.php\/wp-json\/wp\/v2\/posts\/23370","targetHints":{"allow":["GET"]}}],"collection":[{"href":"https:\/\/conexionnacional.mx\/index.php\/wp-json\/wp\/v2\/posts"}],"about":[{"href":"https:\/\/conexionnacional.mx\/index.php\/wp-json\/wp\/v2\/types\/post"}],"author":[{"embeddable":true,"href":"https:\/\/conexionnacional.mx\/index.php\/wp-json\/wp\/v2\/users\/1"}],"replies":[{"embeddable":true,"href":"https:\/\/conexionnacional.mx\/index.php\/wp-json\/wp\/v2\/comments?post=23370"}],"version-history":[{"count":1,"href":"https:\/\/conexionnacional.mx\/index.php\/wp-json\/wp\/v2\/posts\/23370\/revisions"}],"predecessor-version":[{"id":23372,"href":"https:\/\/conexionnacional.mx\/index.php\/wp-json\/wp\/v2\/posts\/23370\/revisions\/23372"}],"wp:featuredmedia":[{"embeddable":true,"href":"https:\/\/conexionnacional.mx\/index.php\/wp-json\/wp\/v2\/media\/23371"}],"wp:attachment":[{"href":"https:\/\/conexionnacional.mx\/index.php\/wp-json\/wp\/v2\/media?parent=23370"}],"wp:term":[{"taxonomy":"category","embeddable":true,"href":"https:\/\/conexionnacional.mx\/index.php\/wp-json\/wp\/v2\/categories?post=23370"},{"taxonomy":"post_tag","embeddable":true,"href":"https:\/\/conexionnacional.mx\/index.php\/wp-json\/wp\/v2\/tags?post=23370"}],"curies":[{"name":"wp","href":"https:\/\/api.w.org\/{rel}","templated":true}]}}