{"id":23149,"date":"2024-12-13T10:17:20","date_gmt":"2024-12-13T16:17:20","guid":{"rendered":"https:\/\/conexionnacional.mx\/?p=23149"},"modified":"2024-12-13T10:17:21","modified_gmt":"2024-12-13T16:17:21","slug":"tecatito-exhibe-fuerte-corte-tras-la-final-ante-america","status":"publish","type":"post","link":"https:\/\/conexionnacional.mx\/index.php\/2024\/12\/13\/tecatito-exhibe-fuerte-corte-tras-la-final-ante-america\/","title":{"rendered":"\u2018Tecatito\u2019 exhibe fuerte corte tras la final ante Am\u00e9rica"},"content":{"rendered":"\n<p><strong>Jes\u00fas \u2018Tecatito\u2019 Corona<\/strong>\u00a0exhibi\u00f3 el corte que le qued\u00f3 cerca del tobillo tras una entrada durante el partido de la ida de la final del Apertura 2024 de la Liga MX, que gan\u00f3\u00a0Am\u00e9rica\u00a0por 2-1 ante\u00a0Monterrey\u00a0en el Estadio Cuauht\u00e9moc.<\/p>\n\n\n\n<p>\u2018Tecatito\u2019 comparti\u00f3 una foto en redes sociales del corte que tuvo. Instagram advirti\u00f3 que el \u201ccontenido era delicado. Esta foto podr\u00eda incluir contenido gr\u00e1fico o violento\u201d.<\/p>\n\n\n\n<figure class=\"wp-block-image\"><img decoding=\"async\" src=\"data:image\/gif;base64,R0lGODlhAQABAAAAACH5BAEKAAEALAAAAAABAAEAAAICTAEAOw==\" data-src=\"https:\/\/www.excelsior.com.mx\/media\/inside-the-note\/pictures\/2024\/12\/13\/tecatito-exhibe-fuerte-corte-americavsmonterrey-ligamx-1312243.jpg\" class=\"lazyload\" alt=\"Tecatito Corona\"\/><\/figure>\n\n\n\n<p>La situaci\u00f3n del&nbsp;<strong>\u201cTecatito\u201d<\/strong>&nbsp;fue explicada por el presidente de Monterrey, Jos\u00e9 Antonio Noriega, quien se neg\u00f3 a cuestionar al arbitraje.<\/p>\n\n\n\n<p>\u201cYo no estaba y del arbitraje no puedo hablar.&nbsp;<strong>La apertura es muy fuerte del tobillo<\/strong>, le tuvieron que coser no s\u00e9 cu\u00e1ntas puntadas, cuatro o cinco. Un golpe muy fuerte, me dice que le impidi\u00f3 continuar a partir de ese momento porque el dolor y el sangrado eran muy fuertes&nbsp;en ese instante\u201d, detall\u00f3.<\/p>\n\n\n\n<p><strong>\u201cTecatito\u201d<\/strong>\u00a0entr\u00f3 de cambio al minuto 65, en sustituci\u00f3n de Sergio Canales.<\/p>\n\n\n\n<figure class=\"wp-block-image\"><img decoding=\"async\" src=\"data:image\/gif;base64,R0lGODlhAQABAAAAACH5BAEKAAEALAAAAAABAAEAAAICTAEAOw==\" data-src=\"https:\/\/www.excelsior.com.mx\/media\/inside-the-note\/pictures\/2024\/12\/13\/tecatito-exhibe-fuerte-corte-americavsmonterrey-ligamx-1312244.jpg\" class=\"lazyload\" alt=\"Tecatito Corona\"\/><\/figure>\n\n\n\n<p>Para el partido de vuelta,&nbsp;<strong>Monterrey<\/strong>&nbsp;tendr\u00e1 que demostrar mayor efectividad y aseguran que dar\u00e1n todo para que el t\u00edtulo se quede en casa.<\/p>\n\n\n\n<p>\u201cNosotros seremos un Rayados muy eficiente, vamos a dejar todo en el campo porque, ganando nos pone campeones. Vamos a dar todo el esfuerzo en la cancha los 90 minutos o, si hay tiempo extra, 120 minutos, para que el t\u00edtulo se queda en Monterrey\u201d, indic\u00f3 Mart\u00edn Demichelis, t\u00e9cnico de los Rayados.<\/p>\n","protected":false},"excerpt":{"rendered":"<p>Jes\u00fas \u2018Tecatito\u2019 Corona\u00a0exhibi\u00f3 el corte que le qued\u00f3 cerca del tobillo tras una entrada durante el partido de la ida de la final del Apertura 2024 de la Liga MX, que gan\u00f3\u00a0Am\u00e9rica\u00a0por 2-1 ante\u00a0Monterrey\u00a0en el Estadio Cuauht\u00e9moc. \u2018Tecatito\u2019 comparti\u00f3 una foto en redes sociales del corte que tuvo. Instagram advirti\u00f3 que el \u201ccontenido era delicado. [&hellip;]<\/p>\n","protected":false},"author":1,"featured_media":23153,"comment_status":"closed","ping_status":"closed","sticky":false,"template":"","format":"aside","meta":{"googlesitekit_rrm_CAowytPeCw:productID":"","footnotes":""},"categories":[19],"tags":[111],"class_list":["post-23149","post","type-post","status-publish","format-aside","has-post-thumbnail","hentry","category-deportes","tag-america","post_format-post-format-aside"],"yoast_head":"<!-- This site is optimized with the Yoast SEO plugin v27.4 - https:\/\/yoast.com\/product\/yoast-seo-wordpress\/ -->\n<title>\u2018Tecatito\u2019 exhibe fuerte corte tras la final ante Am\u00e9rica |<\/title>\n<meta name=\"robots\" content=\"index, follow, max-snippet:-1, max-image-preview:large, max-video-preview:-1\" \/>\n<link rel=\"canonical\" href=\"https:\/\/conexionnacional.mx\/index.php\/2024\/12\/13\/tecatito-exhibe-fuerte-corte-tras-la-final-ante-america\/\" \/>\n<meta property=\"og:locale\" content=\"es_MX\" \/>\n<meta property=\"og:type\" content=\"article\" \/>\n<meta property=\"og:title\" content=\"\u2018Tecatito\u2019 exhibe fuerte corte tras la final ante Am\u00e9rica |\" \/>\n<meta property=\"og:description\" content=\"Jes\u00fas \u2018Tecatito\u2019 Corona\u00a0exhibi\u00f3 el corte que le qued\u00f3 cerca del tobillo tras una entrada durante el partido de la ida de la final del Apertura 2024 de la Liga MX, que gan\u00f3\u00a0Am\u00e9rica\u00a0por 2-1 ante\u00a0Monterrey\u00a0en el Estadio Cuauht\u00e9moc. \u2018Tecatito\u2019 comparti\u00f3 una foto en redes sociales del corte que tuvo. Instagram advirti\u00f3 que el \u201ccontenido era delicado. [&hellip;]\" \/>\n<meta property=\"og:url\" content=\"https:\/\/conexionnacional.mx\/index.php\/2024\/12\/13\/tecatito-exhibe-fuerte-corte-tras-la-final-ante-america\/\" \/>\n<meta property=\"og:site_name\" content=\"Conexi\u00f3n Nacional\" \/>\n<meta property=\"article:publisher\" content=\"https:\/\/www.facebook.com\/cnmxradio\" \/>\n<meta property=\"article:published_time\" content=\"2024-12-13T16:17:20+00:00\" \/>\n<meta property=\"article:modified_time\" content=\"2024-12-13T16:17:21+00:00\" \/>\n<meta property=\"og:image\" content=\"https:\/\/conexionnacional.mx\/wp-content\/uploads\/2024\/12\/3228156.jpg\" \/>\n\t<meta property=\"og:image:width\" content=\"1200\" \/>\n\t<meta property=\"og:image:height\" content=\"900\" \/>\n\t<meta property=\"og:image:type\" content=\"image\/jpeg\" \/>\n<meta name=\"author\" content=\"Conexi\u00f3n Nacional\" \/>\n<meta name=\"twitter:card\" content=\"summary_large_image\" \/>\n<meta name=\"twitter:label1\" content=\"Escrito por\" \/>\n\t<meta name=\"twitter:data1\" content=\"Conexi\u00f3n Nacional\" \/>\n\t<meta name=\"twitter:label2\" content=\"Tiempo de lectura\" \/>\n\t<meta name=\"twitter:data2\" content=\"2 minutos\" \/>\n<script type=\"application\/ld+json\" class=\"yoast-schema-graph\">{\"@context\":\"https:\\\/\\\/schema.org\",\"@graph\":[{\"@type\":\"Article\",\"@id\":\"https:\\\/\\\/conexionnacional.mx\\\/index.php\\\/2024\\\/12\\\/13\\\/tecatito-exhibe-fuerte-corte-tras-la-final-ante-america\\\/#article\",\"isPartOf\":{\"@id\":\"https:\\\/\\\/conexionnacional.mx\\\/index.php\\\/2024\\\/12\\\/13\\\/tecatito-exhibe-fuerte-corte-tras-la-final-ante-america\\\/\"},\"author\":{\"name\":\"Conexi\u00f3n Nacional\",\"@id\":\"https:\\\/\\\/conexionnacional.mx\\\/#\\\/schema\\\/person\\\/dd14aeda902120f5e0e021903fdb6931\"},\"headline\":\"\u2018Tecatito\u2019 exhibe fuerte corte tras la final ante Am\u00e9rica\",\"datePublished\":\"2024-12-13T16:17:20+00:00\",\"dateModified\":\"2024-12-13T16:17:21+00:00\",\"mainEntityOfPage\":{\"@id\":\"https:\\\/\\\/conexionnacional.mx\\\/index.php\\\/2024\\\/12\\\/13\\\/tecatito-exhibe-fuerte-corte-tras-la-final-ante-america\\\/\"},\"wordCount\":257,\"publisher\":{\"@id\":\"https:\\\/\\\/conexionnacional.mx\\\/#organization\"},\"image\":{\"@id\":\"https:\\\/\\\/conexionnacional.mx\\\/index.php\\\/2024\\\/12\\\/13\\\/tecatito-exhibe-fuerte-corte-tras-la-final-ante-america\\\/#primaryimage\"},\"thumbnailUrl\":\"https:\\\/\\\/conexionnacional.mx\\\/wp-content\\\/uploads\\\/2024\\\/12\\\/3228156.jpg\",\"keywords\":[\"Am\u00e9rica\"],\"articleSection\":[\"Deportes\"],\"inLanguage\":\"es\"},{\"@type\":\"WebPage\",\"@id\":\"https:\\\/\\\/conexionnacional.mx\\\/index.php\\\/2024\\\/12\\\/13\\\/tecatito-exhibe-fuerte-corte-tras-la-final-ante-america\\\/\",\"url\":\"https:\\\/\\\/conexionnacional.mx\\\/index.php\\\/2024\\\/12\\\/13\\\/tecatito-exhibe-fuerte-corte-tras-la-final-ante-america\\\/\",\"name\":\"\u2018Tecatito\u2019 exhibe fuerte corte tras la final ante Am\u00e9rica |\",\"isPartOf\":{\"@id\":\"https:\\\/\\\/conexionnacional.mx\\\/#website\"},\"primaryImageOfPage\":{\"@id\":\"https:\\\/\\\/conexionnacional.mx\\\/index.php\\\/2024\\\/12\\\/13\\\/tecatito-exhibe-fuerte-corte-tras-la-final-ante-america\\\/#primaryimage\"},\"image\":{\"@id\":\"https:\\\/\\\/conexionnacional.mx\\\/index.php\\\/2024\\\/12\\\/13\\\/tecatito-exhibe-fuerte-corte-tras-la-final-ante-america\\\/#primaryimage\"},\"thumbnailUrl\":\"https:\\\/\\\/conexionnacional.mx\\\/wp-content\\\/uploads\\\/2024\\\/12\\\/3228156.jpg\",\"datePublished\":\"2024-12-13T16:17:20+00:00\",\"dateModified\":\"2024-12-13T16:17:21+00:00\",\"breadcrumb\":{\"@id\":\"https:\\\/\\\/conexionnacional.mx\\\/index.php\\\/2024\\\/12\\\/13\\\/tecatito-exhibe-fuerte-corte-tras-la-final-ante-america\\\/#breadcrumb\"},\"inLanguage\":\"es\",\"potentialAction\":[{\"@type\":\"ReadAction\",\"target\":[\"https:\\\/\\\/conexionnacional.mx\\\/index.php\\\/2024\\\/12\\\/13\\\/tecatito-exhibe-fuerte-corte-tras-la-final-ante-america\\\/\"]}]},{\"@type\":\"ImageObject\",\"inLanguage\":\"es\",\"@id\":\"https:\\\/\\\/conexionnacional.mx\\\/index.php\\\/2024\\\/12\\\/13\\\/tecatito-exhibe-fuerte-corte-tras-la-final-ante-america\\\/#primaryimage\",\"url\":\"https:\\\/\\\/conexionnacional.mx\\\/wp-content\\\/uploads\\\/2024\\\/12\\\/3228156.jpg\",\"contentUrl\":\"https:\\\/\\\/conexionnacional.mx\\\/wp-content\\\/uploads\\\/2024\\\/12\\\/3228156.jpg\",\"width\":1200,\"height\":900},{\"@type\":\"BreadcrumbList\",\"@id\":\"https:\\\/\\\/conexionnacional.mx\\\/index.php\\\/2024\\\/12\\\/13\\\/tecatito-exhibe-fuerte-corte-tras-la-final-ante-america\\\/#breadcrumb\",\"itemListElement\":[{\"@type\":\"ListItem\",\"position\":1,\"name\":\"Inicio\",\"item\":\"https:\\\/\\\/conexionnacional.mx\\\/\"},{\"@type\":\"ListItem\",\"position\":2,\"name\":\"\u2018Tecatito\u2019 exhibe fuerte corte tras la final ante Am\u00e9rica\"}]},{\"@type\":\"WebSite\",\"@id\":\"https:\\\/\\\/conexionnacional.mx\\\/#website\",\"url\":\"https:\\\/\\\/conexionnacional.mx\\\/\",\"name\":\"Conexi\u00f3n Nacional\",\"description\":\"Noticias al momento\",\"publisher\":{\"@id\":\"https:\\\/\\\/conexionnacional.mx\\\/#organization\"},\"alternateName\":\"Noticias nacionales\",\"potentialAction\":[{\"@type\":\"SearchAction\",\"target\":{\"@type\":\"EntryPoint\",\"urlTemplate\":\"https:\\\/\\\/conexionnacional.mx\\\/?s={search_term_string}\"},\"query-input\":{\"@type\":\"PropertyValueSpecification\",\"valueRequired\":true,\"valueName\":\"search_term_string\"}}],\"inLanguage\":\"es\"},{\"@type\":\"Organization\",\"@id\":\"https:\\\/\\\/conexionnacional.mx\\\/#organization\",\"name\":\"Conexi\u00f3n Nacional\",\"url\":\"https:\\\/\\\/conexionnacional.mx\\\/\",\"logo\":{\"@type\":\"ImageObject\",\"inLanguage\":\"es\",\"@id\":\"https:\\\/\\\/conexionnacional.mx\\\/#\\\/schema\\\/logo\\\/image\\\/\",\"url\":\"https:\\\/\\\/conexionnacional.mx\\\/wp-content\\\/uploads\\\/2022\\\/09\\\/conexion_nacional.png\",\"contentUrl\":\"https:\\\/\\\/conexionnacional.mx\\\/wp-content\\\/uploads\\\/2022\\\/09\\\/conexion_nacional.png\",\"width\":2964,\"height\":1173,\"caption\":\"Conexi\u00f3n Nacional\"},\"image\":{\"@id\":\"https:\\\/\\\/conexionnacional.mx\\\/#\\\/schema\\\/logo\\\/image\\\/\"},\"sameAs\":[\"https:\\\/\\\/www.facebook.com\\\/cnmxradio\"]},{\"@type\":\"Person\",\"@id\":\"https:\\\/\\\/conexionnacional.mx\\\/#\\\/schema\\\/person\\\/dd14aeda902120f5e0e021903fdb6931\",\"name\":\"Conexi\u00f3n Nacional\",\"image\":{\"@type\":\"ImageObject\",\"inLanguage\":\"es\",\"@id\":\"https:\\\/\\\/secure.gravatar.com\\\/avatar\\\/e523100f284110b2ecca7e17b2be9cf140a5e8f35294c9ec0543e6916cc1f9be?s=96&d=blank&r=g\",\"url\":\"https:\\\/\\\/secure.gravatar.com\\\/avatar\\\/e523100f284110b2ecca7e17b2be9cf140a5e8f35294c9ec0543e6916cc1f9be?s=96&d=blank&r=g\",\"contentUrl\":\"https:\\\/\\\/secure.gravatar.com\\\/avatar\\\/e523100f284110b2ecca7e17b2be9cf140a5e8f35294c9ec0543e6916cc1f9be?s=96&d=blank&r=g\",\"caption\":\"Conexi\u00f3n Nacional\"},\"sameAs\":[\"https:\\\/\\\/conexionnacional.mx\"],\"url\":\"https:\\\/\\\/conexionnacional.mx\\\/index.php\\\/author\\\/administrador\\\/\"}]}<\/script>\n<!-- \/ Yoast SEO plugin. -->","yoast_head_json":{"title":"\u2018Tecatito\u2019 exhibe fuerte corte tras la final ante Am\u00e9rica |","robots":{"index":"index","follow":"follow","max-snippet":"max-snippet:-1","max-image-preview":"max-image-preview:large","max-video-preview":"max-video-preview:-1"},"canonical":"https:\/\/conexionnacional.mx\/index.php\/2024\/12\/13\/tecatito-exhibe-fuerte-corte-tras-la-final-ante-america\/","og_locale":"es_MX","og_type":"article","og_title":"\u2018Tecatito\u2019 exhibe fuerte corte tras la final ante Am\u00e9rica |","og_description":"Jes\u00fas \u2018Tecatito\u2019 Corona\u00a0exhibi\u00f3 el corte que le qued\u00f3 cerca del tobillo tras una entrada durante el partido de la ida de la final del Apertura 2024 de la Liga MX, que gan\u00f3\u00a0Am\u00e9rica\u00a0por 2-1 ante\u00a0Monterrey\u00a0en el Estadio Cuauht\u00e9moc. \u2018Tecatito\u2019 comparti\u00f3 una foto en redes sociales del corte que tuvo. Instagram advirti\u00f3 que el \u201ccontenido era delicado. [&hellip;]","og_url":"https:\/\/conexionnacional.mx\/index.php\/2024\/12\/13\/tecatito-exhibe-fuerte-corte-tras-la-final-ante-america\/","og_site_name":"Conexi\u00f3n Nacional","article_publisher":"https:\/\/www.facebook.com\/cnmxradio","article_published_time":"2024-12-13T16:17:20+00:00","article_modified_time":"2024-12-13T16:17:21+00:00","og_image":[{"width":1200,"height":900,"url":"https:\/\/conexionnacional.mx\/wp-content\/uploads\/2024\/12\/3228156.jpg","type":"image\/jpeg"}],"author":"Conexi\u00f3n Nacional","twitter_card":"summary_large_image","twitter_misc":{"Escrito por":"Conexi\u00f3n Nacional","Tiempo de lectura":"2 minutos"},"schema":{"@context":"https:\/\/schema.org","@graph":[{"@type":"Article","@id":"https:\/\/conexionnacional.mx\/index.php\/2024\/12\/13\/tecatito-exhibe-fuerte-corte-tras-la-final-ante-america\/#article","isPartOf":{"@id":"https:\/\/conexionnacional.mx\/index.php\/2024\/12\/13\/tecatito-exhibe-fuerte-corte-tras-la-final-ante-america\/"},"author":{"name":"Conexi\u00f3n Nacional","@id":"https:\/\/conexionnacional.mx\/#\/schema\/person\/dd14aeda902120f5e0e021903fdb6931"},"headline":"\u2018Tecatito\u2019 exhibe fuerte corte tras la final ante Am\u00e9rica","datePublished":"2024-12-13T16:17:20+00:00","dateModified":"2024-12-13T16:17:21+00:00","mainEntityOfPage":{"@id":"https:\/\/conexionnacional.mx\/index.php\/2024\/12\/13\/tecatito-exhibe-fuerte-corte-tras-la-final-ante-america\/"},"wordCount":257,"publisher":{"@id":"https:\/\/conexionnacional.mx\/#organization"},"image":{"@id":"https:\/\/conexionnacional.mx\/index.php\/2024\/12\/13\/tecatito-exhibe-fuerte-corte-tras-la-final-ante-america\/#primaryimage"},"thumbnailUrl":"https:\/\/conexionnacional.mx\/wp-content\/uploads\/2024\/12\/3228156.jpg","keywords":["Am\u00e9rica"],"articleSection":["Deportes"],"inLanguage":"es"},{"@type":"WebPage","@id":"https:\/\/conexionnacional.mx\/index.php\/2024\/12\/13\/tecatito-exhibe-fuerte-corte-tras-la-final-ante-america\/","url":"https:\/\/conexionnacional.mx\/index.php\/2024\/12\/13\/tecatito-exhibe-fuerte-corte-tras-la-final-ante-america\/","name":"\u2018Tecatito\u2019 exhibe fuerte corte tras la final ante Am\u00e9rica |","isPartOf":{"@id":"https:\/\/conexionnacional.mx\/#website"},"primaryImageOfPage":{"@id":"https:\/\/conexionnacional.mx\/index.php\/2024\/12\/13\/tecatito-exhibe-fuerte-corte-tras-la-final-ante-america\/#primaryimage"},"image":{"@id":"https:\/\/conexionnacional.mx\/index.php\/2024\/12\/13\/tecatito-exhibe-fuerte-corte-tras-la-final-ante-america\/#primaryimage"},"thumbnailUrl":"https:\/\/conexionnacional.mx\/wp-content\/uploads\/2024\/12\/3228156.jpg","datePublished":"2024-12-13T16:17:20+00:00","dateModified":"2024-12-13T16:17:21+00:00","breadcrumb":{"@id":"https:\/\/conexionnacional.mx\/index.php\/2024\/12\/13\/tecatito-exhibe-fuerte-corte-tras-la-final-ante-america\/#breadcrumb"},"inLanguage":"es","potentialAction":[{"@type":"ReadAction","target":["https:\/\/conexionnacional.mx\/index.php\/2024\/12\/13\/tecatito-exhibe-fuerte-corte-tras-la-final-ante-america\/"]}]},{"@type":"ImageObject","inLanguage":"es","@id":"https:\/\/conexionnacional.mx\/index.php\/2024\/12\/13\/tecatito-exhibe-fuerte-corte-tras-la-final-ante-america\/#primaryimage","url":"https:\/\/conexionnacional.mx\/wp-content\/uploads\/2024\/12\/3228156.jpg","contentUrl":"https:\/\/conexionnacional.mx\/wp-content\/uploads\/2024\/12\/3228156.jpg","width":1200,"height":900},{"@type":"BreadcrumbList","@id":"https:\/\/conexionnacional.mx\/index.php\/2024\/12\/13\/tecatito-exhibe-fuerte-corte-tras-la-final-ante-america\/#breadcrumb","itemListElement":[{"@type":"ListItem","position":1,"name":"Inicio","item":"https:\/\/conexionnacional.mx\/"},{"@type":"ListItem","position":2,"name":"\u2018Tecatito\u2019 exhibe fuerte corte tras la final ante Am\u00e9rica"}]},{"@type":"WebSite","@id":"https:\/\/conexionnacional.mx\/#website","url":"https:\/\/conexionnacional.mx\/","name":"Conexi\u00f3n Nacional","description":"Noticias al momento","publisher":{"@id":"https:\/\/conexionnacional.mx\/#organization"},"alternateName":"Noticias nacionales","potentialAction":[{"@type":"SearchAction","target":{"@type":"EntryPoint","urlTemplate":"https:\/\/conexionnacional.mx\/?s={search_term_string}"},"query-input":{"@type":"PropertyValueSpecification","valueRequired":true,"valueName":"search_term_string"}}],"inLanguage":"es"},{"@type":"Organization","@id":"https:\/\/conexionnacional.mx\/#organization","name":"Conexi\u00f3n Nacional","url":"https:\/\/conexionnacional.mx\/","logo":{"@type":"ImageObject","inLanguage":"es","@id":"https:\/\/conexionnacional.mx\/#\/schema\/logo\/image\/","url":"https:\/\/conexionnacional.mx\/wp-content\/uploads\/2022\/09\/conexion_nacional.png","contentUrl":"https:\/\/conexionnacional.mx\/wp-content\/uploads\/2022\/09\/conexion_nacional.png","width":2964,"height":1173,"caption":"Conexi\u00f3n Nacional"},"image":{"@id":"https:\/\/conexionnacional.mx\/#\/schema\/logo\/image\/"},"sameAs":["https:\/\/www.facebook.com\/cnmxradio"]},{"@type":"Person","@id":"https:\/\/conexionnacional.mx\/#\/schema\/person\/dd14aeda902120f5e0e021903fdb6931","name":"Conexi\u00f3n Nacional","image":{"@type":"ImageObject","inLanguage":"es","@id":"https:\/\/secure.gravatar.com\/avatar\/e523100f284110b2ecca7e17b2be9cf140a5e8f35294c9ec0543e6916cc1f9be?s=96&d=blank&r=g","url":"https:\/\/secure.gravatar.com\/avatar\/e523100f284110b2ecca7e17b2be9cf140a5e8f35294c9ec0543e6916cc1f9be?s=96&d=blank&r=g","contentUrl":"https:\/\/secure.gravatar.com\/avatar\/e523100f284110b2ecca7e17b2be9cf140a5e8f35294c9ec0543e6916cc1f9be?s=96&d=blank&r=g","caption":"Conexi\u00f3n Nacional"},"sameAs":["https:\/\/conexionnacional.mx"],"url":"https:\/\/conexionnacional.mx\/index.php\/author\/administrador\/"}]}},"_links":{"self":[{"href":"https:\/\/conexionnacional.mx\/index.php\/wp-json\/wp\/v2\/posts\/23149","targetHints":{"allow":["GET"]}}],"collection":[{"href":"https:\/\/conexionnacional.mx\/index.php\/wp-json\/wp\/v2\/posts"}],"about":[{"href":"https:\/\/conexionnacional.mx\/index.php\/wp-json\/wp\/v2\/types\/post"}],"author":[{"embeddable":true,"href":"https:\/\/conexionnacional.mx\/index.php\/wp-json\/wp\/v2\/users\/1"}],"replies":[{"embeddable":true,"href":"https:\/\/conexionnacional.mx\/index.php\/wp-json\/wp\/v2\/comments?post=23149"}],"version-history":[{"count":1,"href":"https:\/\/conexionnacional.mx\/index.php\/wp-json\/wp\/v2\/posts\/23149\/revisions"}],"predecessor-version":[{"id":23154,"href":"https:\/\/conexionnacional.mx\/index.php\/wp-json\/wp\/v2\/posts\/23149\/revisions\/23154"}],"wp:featuredmedia":[{"embeddable":true,"href":"https:\/\/conexionnacional.mx\/index.php\/wp-json\/wp\/v2\/media\/23153"}],"wp:attachment":[{"href":"https:\/\/conexionnacional.mx\/index.php\/wp-json\/wp\/v2\/media?parent=23149"}],"wp:term":[{"taxonomy":"category","embeddable":true,"href":"https:\/\/conexionnacional.mx\/index.php\/wp-json\/wp\/v2\/categories?post=23149"},{"taxonomy":"post_tag","embeddable":true,"href":"https:\/\/conexionnacional.mx\/index.php\/wp-json\/wp\/v2\/tags?post=23149"}],"curies":[{"name":"wp","href":"https:\/\/api.w.org\/{rel}","templated":true}]}}