{"id":23034,"date":"2024-12-10T11:02:00","date_gmt":"2024-12-10T17:02:00","guid":{"rendered":"https:\/\/conexionnacional.mx\/?p=23034"},"modified":"2024-12-10T11:02:03","modified_gmt":"2024-12-10T17:02:03","slug":"aficionados-de-cruz-azul-exigen-a-fifa-descalificar-al-america-basta-de-robos-y-corrupcion","status":"publish","type":"post","link":"https:\/\/conexionnacional.mx\/index.php\/2024\/12\/10\/aficionados-de-cruz-azul-exigen-a-fifa-descalificar-al-america-basta-de-robos-y-corrupcion\/","title":{"rendered":"Aficionados de Cruz Azul exigen a FIFA descalificar al Am\u00e9rica: \u2018Basta de robos y corrupci\u00f3n&#8217;"},"content":{"rendered":"\n<p>Para algunos ser\u00e1 un reclamo v\u00e1lido, para otros ya son patadas de ahogado y varios m\u00e1s lo ven como el colmo de las\u00a0<strong>\u201cCruzazuleadas\u201d<\/strong>. La reciente\u00a0<strong>eliminaci\u00f3n en Semifinales<\/strong>\u00a0como locales sigue calando hondo en los\u00a0<strong>fan\u00e1ticos de Cruz Azul<\/strong>, quienes han comenzado una especie de\u00a0<strong>campa\u00f1a<\/strong>\u00a0para exigir a la\u00a0<strong>FIFA<\/strong>\u00a0que\u00a0<strong>descalifiquen al Am\u00e9rica<\/strong>, luego de que -seg\u00fan ellos- les ganaron con un \u201crobo\u201d.<\/p>\n\n\n\n<p>Tras protagonizar uno de los partidos m\u00e1s vibrantes en la historia de la\u00a0<strong>Liguilla en la Liga MX<\/strong>, que se defini\u00f3\u00a0en favor de las \u00c1guilas con marcador de 4-3, los\u00a0<strong>seguidores de Cruz Azul<\/strong>\u00a0parecen buscar cualquier consuelo ante una nueva derrota frente a su verdugo. Esta vez, los reclamos los han llevado m\u00e1s all\u00e1 de M\u00e9xico y han\u00a0<strong>invadido el perfil oficial de la FIFA<\/strong>, dejando comentarios en los que piden un\u00a0<strong>castigo contra el Am\u00e9rica<\/strong>.<\/p>\n\n\n\n<hr class=\"wp-block-separator has-alpha-channel-opacity\"\/>\n\n\n\n<h2 class=\"wp-block-heading\">As\u00ed elimin\u00f3 Am\u00e9rica al Cruz Azul en Semifinales<\/h2>\n\n\n\n<p>Un juego de locos en el que\u00a0<strong>Am\u00e9rica lleg\u00f3 a estar arriba 3-1<\/strong>\u00a0en el segundo tiempo, pero\u00a0<strong>Cruz Azul logr\u00f3 el 3-3 en el minuto 86\u2019<\/strong>\u00a0que les daba el boleto a la Final, ya que ten\u00edan el criterio de desempate a su favor por la posici\u00f3n en la tabla. Parec\u00eda que por fin se sacud\u00edan la \u201cmaldici\u00f3n\u201d que los persigue cuando juegan contra los de amarillo, pero tan solo unos minutos despu\u00e9s,\u00a0<strong>Carlos Rotondi cometi\u00f3 un penal<\/strong>\u00a0que Rodrigo Aguirre marc\u00f3 para el\u00a0<strong>4-3<\/strong>\u00a0en el tiempo agregado, matando la ilusi\u00f3n celeste.<\/p>\n\n\n\n<p>A ra\u00edz de la decisi\u00f3n de\u00a0<strong>Adonai Escobedo<\/strong>\u00a0de pitar el penal, se desat\u00f3 una avalancha de conflictos dentro y fuera del campo. Los jugadores de Cruz Azul insultaron al \u00e1rbitro en la zona de vestidores,\u00a0hubo agresiones de miembros de la directiva contra un reportero, la jugada del penal ven\u00eda precedida de un saque de media cancha ilegal, en el que dos jugadores del\u00a0<strong>Am\u00e9rica<\/strong>\u00a0se adelantaron y, por si fuera poco, se exigi\u00f3 un penal sobre Guillermo Fern\u00e1ndez por un presunto empuj\u00f3n en el \u00e1rea americanista, que nunca se revis\u00f3 en el VAR.<\/p>\n\n\n\n<hr class=\"wp-block-separator has-alpha-channel-opacity\"\/>\n\n\n\n<h2 class=\"wp-block-heading\">Aficionados de Cruz Azul piden a FIFA que castiguen al Am\u00e9rica<\/h2>\n\n\n\n<p>Con todo ese c\u00famulo de emociones y pol\u00e9micas, la&nbsp;<strong>frustraci\u00f3n en Cruz Azul<\/strong>&nbsp;llev\u00f3 a todos a perder los papeles en varios momentos. Invadidos por la rabia de otra vez ser&nbsp;<strong>eliminados por el Am\u00e9rica<\/strong>, seg\u00fan ellos, de forma pol\u00e9mica, los&nbsp;<strong>seguidores de la M\u00e1quina publicaron mensajes en espa\u00f1ol e ingl\u00e9s en el Facebook oficial de la FIFA<\/strong>&nbsp;para que el organismo o su presidente, Gianni Infantino, hagan algo.<\/p>\n\n\n\n<ul class=\"wp-block-list\">\n<li>Ya, por favor, revisen o\u00a0<strong>investiguen a toda la comisi\u00f3n de \u00e1rbitros de M\u00e9xico<\/strong>. No es posible que ese equipo siga incurriendo en tantos delitos arbitrales y nadie pueda arreglarlos<\/li>\n\n\n\n<li>Ojito al futbol mexicano. Siempre,\u00a0<strong>siempre es lo mismo con el Am\u00e9rica<\/strong>. Si no es con AYUDITAS no hacen nada. Si esto sigue as\u00ed de que sirve tener liga si siempre es lo mismo<\/li>\n\n\n\n<li><strong>En M\u00e9xico ayudan descaradamente al Am\u00e9rica<\/strong>. Penal con invasi\u00f3n de cancha y un minuto despu\u00e9s, misma jugada y con pisot\u00f3n en la cara el \u00e1rbitro, y el VAR no marca nada. \u00a1Cu\u00e1ndo har\u00e1n algo contra Azc\u00e1rraga y su equipo que compra \u00e1rbitros!<\/li>\n\n\n\n<li>No puede ser que\u00a0<strong>siempre sea penal para el Am\u00e9rica<\/strong>, \u00bfde qu\u00e9 se trata FIFA?<\/li>\n\n\n\n<li><strong>Justicia para el f\u00fatbol mexicano<\/strong>, no es posible que el arbitraje siga pasando por alto semejantes bajezas.<\/li>\n<\/ul>\n\n\n\n<figure class=\"wp-block-image\"><img decoding=\"async\" src=\"data:image\/gif;base64,R0lGODlhAQABAAAAACH5BAEKAAEALAAAAAABAAEAAAICTAEAOw==\" data-src=\"https:\/\/www.foxsports.com.mx\/resizer\/v2\/G44RF4C27ZG7HAOSPWZSPUGRIE.PNG?auth=f7b94662340a5eff9243c561e0eee48bf8ea35bd4c732b71496da711388fd7a7&amp;width=800&amp;height=318\" class=\"lazyload\" alt=\"\"\/><figcaption class=\"wp-element-caption\">Aficionados de Cruz Azul exigen a FIFA hacer algo tras ser eliminados por Am\u00e9rica.<\/figcaption><\/figure>\n\n\n\n<figure class=\"wp-block-image\"><img decoding=\"async\" src=\"data:image\/gif;base64,R0lGODlhAQABAAAAACH5BAEKAAEALAAAAAABAAEAAAICTAEAOw==\" data-src=\"https:\/\/www.foxsports.com.mx\/resizer\/v2\/XKUTRR2BOJHFJOSKTS3GEZP7L4.PNG?auth=79beb05de1debedbe7000878460703ef9753dd6ff83cf24ce631db4de37e9df3&amp;width=800&amp;height=388\" class=\"lazyload\" alt=\"\"\/><figcaption class=\"wp-element-caption\">Aficionados de Cruz Azul exigen a FIFA hacer algo tras ser eliminados por Am\u00e9rica.<\/figcaption><\/figure>\n\n\n\n<figure class=\"wp-block-image\"><img decoding=\"async\" src=\"data:image\/gif;base64,R0lGODlhAQABAAAAACH5BAEKAAEALAAAAAABAAEAAAICTAEAOw==\" data-src=\"https:\/\/www.foxsports.com.mx\/resizer\/v2\/5QZUKD4LBZDLDCGQDGXOZYOTMM.PNG?auth=43fb2ef2d7c49d79d1042f2aa633d0224ee3d7eae77abc5582765bc11ac0006d&amp;width=800&amp;height=147\" class=\"lazyload\" alt=\"\"\/><figcaption class=\"wp-element-caption\">Aficionados de Cruz Azul exigen a FIFA hacer algo tras ser eliminados por Am\u00e9rica.<\/figcaption><\/figure>\n\n\n\n<figure class=\"wp-block-image\"><img decoding=\"async\" src=\"data:image\/gif;base64,R0lGODlhAQABAAAAACH5BAEKAAEALAAAAAABAAEAAAICTAEAOw==\" data-src=\"https:\/\/www.foxsports.com.mx\/resizer\/v2\/MF45GOKJHVAAVH45JSD3HGXR4A.PNG?auth=bbd919cc90d32e09c5eaded35c808391bde75002a261639682a12f387ffce2bc&amp;width=800&amp;height=370\" class=\"lazyload\" alt=\"\"\/><figcaption class=\"wp-element-caption\">Aficionados de Cruz Azul exigen a FIFA hacer algo tras ser eliminados por Am\u00e9rica.<\/figcaption><\/figure>\n\n\n\n<figure class=\"wp-block-image\"><img decoding=\"async\" src=\"data:image\/gif;base64,R0lGODlhAQABAAAAACH5BAEKAAEALAAAAAABAAEAAAICTAEAOw==\" data-src=\"https:\/\/www.foxsports.com.mx\/resizer\/v2\/KKJY6GS5OVEONKYH7335KNNIR4.PNG?auth=0ed54d91ccfdd3d518f87ef3d7989ffef0fcc1c8777fd9798c70c9a6cbcb68e9&amp;width=800&amp;height=342\" class=\"lazyload\" alt=\"\"\/><figcaption class=\"wp-element-caption\">Aficionados de Cruz Azul exigen a FIFA hacer algo tras ser eliminados por Am\u00e9rica.<\/figcaption><\/figure>\n\n\n\n<figure class=\"wp-block-image\"><img decoding=\"async\" src=\"data:image\/gif;base64,R0lGODlhAQABAAAAACH5BAEKAAEALAAAAAABAAEAAAICTAEAOw==\" data-src=\"https:\/\/www.foxsports.com.mx\/resizer\/v2\/E73ZW4XDO5CHFEQCLBEQHTQXPU.PNG?auth=9f4d72c77e2cb5b2017bf9ea54a158b934761d6be7771be9c50d06dff8b731aa&amp;width=800&amp;height=358\" class=\"lazyload\" alt=\"\"\/><figcaption class=\"wp-element-caption\">Aficionados de Cruz Azul exigen a FIFA hacer algo tras ser eliminados por Am\u00e9rica.<\/figcaption><\/figure>\n\n\n\n<figure class=\"wp-block-image\"><img decoding=\"async\" src=\"data:image\/gif;base64,R0lGODlhAQABAAAAACH5BAEKAAEALAAAAAABAAEAAAICTAEAOw==\" data-src=\"https:\/\/www.foxsports.com.mx\/resizer\/v2\/XU4S6N6DGRBE3FMIB7UZIDBTKQ.PNG?auth=b8e7c67438cd4d96ad47b525997c6d082db18faff723c0871f024551041da436&amp;width=800&amp;height=785\" class=\"lazyload\" alt=\"\"\/><figcaption class=\"wp-element-caption\">Aficionados de Cruz Azul exigen a FIFA hacer algo tras ser eliminados por Am\u00e9rica.<\/figcaption><\/figure>\n","protected":false},"excerpt":{"rendered":"<p>Para algunos ser\u00e1 un reclamo v\u00e1lido, para otros ya son patadas de ahogado y varios m\u00e1s lo ven como el colmo de las\u00a0\u201cCruzazuleadas\u201d. La reciente\u00a0eliminaci\u00f3n en Semifinales\u00a0como locales sigue calando hondo en los\u00a0fan\u00e1ticos de Cruz Azul, quienes han comenzado una especie de\u00a0campa\u00f1a\u00a0para exigir a la\u00a0FIFA\u00a0que\u00a0descalifiquen al Am\u00e9rica, luego de que -seg\u00fan ellos- les ganaron con [&hellip;]<\/p>\n","protected":false},"author":1,"featured_media":23035,"comment_status":"closed","ping_status":"closed","sticky":false,"template":"","format":"aside","meta":{"googlesitekit_rrm_CAowytPeCw:productID":"","footnotes":""},"categories":[19],"tags":[8788,184],"class_list":["post-23034","post","type-post","status-publish","format-aside","has-post-thumbnail","hentry","category-deportes","tag-aficionado","tag-fifa","post_format-post-format-aside"],"yoast_head":"<!-- This site is optimized with the Yoast SEO plugin v27.4 - https:\/\/yoast.com\/product\/yoast-seo-wordpress\/ -->\n<title>Aficionados de Cruz Azul exigen a FIFA descalificar al Am\u00e9rica: \u2018Basta de robos y corrupci\u00f3n&#039;<\/title>\n<meta name=\"description\" content=\"Para algunos ser\u00e1 un reclamo v\u00e1lido, para otros ya son patadas de ahogado y varios m\u00e1s lo ven como el colmo de las\u00a0\u201cCruzazuleadas\u201d.\" \/>\n<meta name=\"robots\" content=\"index, follow, max-snippet:-1, max-image-preview:large, max-video-preview:-1\" \/>\n<link rel=\"canonical\" href=\"https:\/\/conexionnacional.mx\/index.php\/2024\/12\/10\/aficionados-de-cruz-azul-exigen-a-fifa-descalificar-al-america-basta-de-robos-y-corrupcion\/\" \/>\n<meta property=\"og:locale\" content=\"es_MX\" \/>\n<meta property=\"og:type\" content=\"article\" \/>\n<meta property=\"og:title\" content=\"Aficionados de Cruz Azul exigen a FIFA descalificar al Am\u00e9rica: \u2018Basta de robos y corrupci\u00f3n&#039;\" \/>\n<meta property=\"og:description\" content=\"Para algunos ser\u00e1 un reclamo v\u00e1lido, para otros ya son patadas de ahogado y varios m\u00e1s lo ven como el colmo de las\u00a0\u201cCruzazuleadas\u201d.\" \/>\n<meta property=\"og:url\" content=\"https:\/\/conexionnacional.mx\/index.php\/2024\/12\/10\/aficionados-de-cruz-azul-exigen-a-fifa-descalificar-al-america-basta-de-robos-y-corrupcion\/\" \/>\n<meta property=\"og:site_name\" content=\"Conexi\u00f3n Nacional\" \/>\n<meta property=\"article:publisher\" content=\"https:\/\/www.facebook.com\/cnmxradio\" \/>\n<meta property=\"article:published_time\" content=\"2024-12-10T17:02:00+00:00\" \/>\n<meta property=\"article:modified_time\" content=\"2024-12-10T17:02:03+00:00\" \/>\n<meta property=\"og:image\" content=\"https:\/\/conexionnacional.mx\/wp-content\/uploads\/2024\/12\/images-9.jpg\" \/>\n\t<meta property=\"og:image:width\" content=\"310\" \/>\n\t<meta property=\"og:image:height\" content=\"163\" \/>\n\t<meta property=\"og:image:type\" content=\"image\/jpeg\" \/>\n<meta name=\"author\" content=\"Conexi\u00f3n Nacional\" \/>\n<meta name=\"twitter:card\" content=\"summary_large_image\" \/>\n<meta name=\"twitter:label1\" content=\"Escrito por\" \/>\n\t<meta name=\"twitter:data1\" content=\"Conexi\u00f3n Nacional\" \/>\n\t<meta name=\"twitter:label2\" content=\"Tiempo de lectura\" \/>\n\t<meta name=\"twitter:data2\" content=\"5 minutos\" \/>\n<script type=\"application\/ld+json\" class=\"yoast-schema-graph\">{\"@context\":\"https:\\\/\\\/schema.org\",\"@graph\":[{\"@type\":\"Article\",\"@id\":\"https:\\\/\\\/conexionnacional.mx\\\/index.php\\\/2024\\\/12\\\/10\\\/aficionados-de-cruz-azul-exigen-a-fifa-descalificar-al-america-basta-de-robos-y-corrupcion\\\/#article\",\"isPartOf\":{\"@id\":\"https:\\\/\\\/conexionnacional.mx\\\/index.php\\\/2024\\\/12\\\/10\\\/aficionados-de-cruz-azul-exigen-a-fifa-descalificar-al-america-basta-de-robos-y-corrupcion\\\/\"},\"author\":{\"name\":\"Conexi\u00f3n Nacional\",\"@id\":\"https:\\\/\\\/conexionnacional.mx\\\/#\\\/schema\\\/person\\\/dd14aeda902120f5e0e021903fdb6931\"},\"headline\":\"Aficionados de Cruz Azul exigen a FIFA descalificar al Am\u00e9rica: \u2018Basta de robos y corrupci\u00f3n&#8217;\",\"datePublished\":\"2024-12-10T17:02:00+00:00\",\"dateModified\":\"2024-12-10T17:02:03+00:00\",\"mainEntityOfPage\":{\"@id\":\"https:\\\/\\\/conexionnacional.mx\\\/index.php\\\/2024\\\/12\\\/10\\\/aficionados-de-cruz-azul-exigen-a-fifa-descalificar-al-america-basta-de-robos-y-corrupcion\\\/\"},\"wordCount\":734,\"publisher\":{\"@id\":\"https:\\\/\\\/conexionnacional.mx\\\/#organization\"},\"image\":{\"@id\":\"https:\\\/\\\/conexionnacional.mx\\\/index.php\\\/2024\\\/12\\\/10\\\/aficionados-de-cruz-azul-exigen-a-fifa-descalificar-al-america-basta-de-robos-y-corrupcion\\\/#primaryimage\"},\"thumbnailUrl\":\"https:\\\/\\\/conexionnacional.mx\\\/wp-content\\\/uploads\\\/2024\\\/12\\\/images-9.jpg\",\"keywords\":[\"Aficionado\",\"FIFA\"],\"articleSection\":[\"Deportes\"],\"inLanguage\":\"es\"},{\"@type\":\"WebPage\",\"@id\":\"https:\\\/\\\/conexionnacional.mx\\\/index.php\\\/2024\\\/12\\\/10\\\/aficionados-de-cruz-azul-exigen-a-fifa-descalificar-al-america-basta-de-robos-y-corrupcion\\\/\",\"url\":\"https:\\\/\\\/conexionnacional.mx\\\/index.php\\\/2024\\\/12\\\/10\\\/aficionados-de-cruz-azul-exigen-a-fifa-descalificar-al-america-basta-de-robos-y-corrupcion\\\/\",\"name\":\"Aficionados de Cruz Azul exigen a FIFA descalificar al Am\u00e9rica: \u2018Basta de robos y corrupci\u00f3n'\",\"isPartOf\":{\"@id\":\"https:\\\/\\\/conexionnacional.mx\\\/#website\"},\"primaryImageOfPage\":{\"@id\":\"https:\\\/\\\/conexionnacional.mx\\\/index.php\\\/2024\\\/12\\\/10\\\/aficionados-de-cruz-azul-exigen-a-fifa-descalificar-al-america-basta-de-robos-y-corrupcion\\\/#primaryimage\"},\"image\":{\"@id\":\"https:\\\/\\\/conexionnacional.mx\\\/index.php\\\/2024\\\/12\\\/10\\\/aficionados-de-cruz-azul-exigen-a-fifa-descalificar-al-america-basta-de-robos-y-corrupcion\\\/#primaryimage\"},\"thumbnailUrl\":\"https:\\\/\\\/conexionnacional.mx\\\/wp-content\\\/uploads\\\/2024\\\/12\\\/images-9.jpg\",\"datePublished\":\"2024-12-10T17:02:00+00:00\",\"dateModified\":\"2024-12-10T17:02:03+00:00\",\"description\":\"Para algunos ser\u00e1 un reclamo v\u00e1lido, para otros ya son patadas de ahogado y varios m\u00e1s lo ven como el colmo de las\u00a0\u201cCruzazuleadas\u201d.\",\"breadcrumb\":{\"@id\":\"https:\\\/\\\/conexionnacional.mx\\\/index.php\\\/2024\\\/12\\\/10\\\/aficionados-de-cruz-azul-exigen-a-fifa-descalificar-al-america-basta-de-robos-y-corrupcion\\\/#breadcrumb\"},\"inLanguage\":\"es\",\"potentialAction\":[{\"@type\":\"ReadAction\",\"target\":[\"https:\\\/\\\/conexionnacional.mx\\\/index.php\\\/2024\\\/12\\\/10\\\/aficionados-de-cruz-azul-exigen-a-fifa-descalificar-al-america-basta-de-robos-y-corrupcion\\\/\"]}]},{\"@type\":\"ImageObject\",\"inLanguage\":\"es\",\"@id\":\"https:\\\/\\\/conexionnacional.mx\\\/index.php\\\/2024\\\/12\\\/10\\\/aficionados-de-cruz-azul-exigen-a-fifa-descalificar-al-america-basta-de-robos-y-corrupcion\\\/#primaryimage\",\"url\":\"https:\\\/\\\/conexionnacional.mx\\\/wp-content\\\/uploads\\\/2024\\\/12\\\/images-9.jpg\",\"contentUrl\":\"https:\\\/\\\/conexionnacional.mx\\\/wp-content\\\/uploads\\\/2024\\\/12\\\/images-9.jpg\",\"width\":310,\"height\":163},{\"@type\":\"BreadcrumbList\",\"@id\":\"https:\\\/\\\/conexionnacional.mx\\\/index.php\\\/2024\\\/12\\\/10\\\/aficionados-de-cruz-azul-exigen-a-fifa-descalificar-al-america-basta-de-robos-y-corrupcion\\\/#breadcrumb\",\"itemListElement\":[{\"@type\":\"ListItem\",\"position\":1,\"name\":\"Inicio\",\"item\":\"https:\\\/\\\/conexionnacional.mx\\\/\"},{\"@type\":\"ListItem\",\"position\":2,\"name\":\"Aficionados de Cruz Azul exigen a FIFA descalificar al Am\u00e9rica: \u2018Basta de robos y corrupci\u00f3n&#8217;\"}]},{\"@type\":\"WebSite\",\"@id\":\"https:\\\/\\\/conexionnacional.mx\\\/#website\",\"url\":\"https:\\\/\\\/conexionnacional.mx\\\/\",\"name\":\"Conexi\u00f3n Nacional\",\"description\":\"Noticias al momento\",\"publisher\":{\"@id\":\"https:\\\/\\\/conexionnacional.mx\\\/#organization\"},\"alternateName\":\"Noticias nacionales\",\"potentialAction\":[{\"@type\":\"SearchAction\",\"target\":{\"@type\":\"EntryPoint\",\"urlTemplate\":\"https:\\\/\\\/conexionnacional.mx\\\/?s={search_term_string}\"},\"query-input\":{\"@type\":\"PropertyValueSpecification\",\"valueRequired\":true,\"valueName\":\"search_term_string\"}}],\"inLanguage\":\"es\"},{\"@type\":\"Organization\",\"@id\":\"https:\\\/\\\/conexionnacional.mx\\\/#organization\",\"name\":\"Conexi\u00f3n Nacional\",\"url\":\"https:\\\/\\\/conexionnacional.mx\\\/\",\"logo\":{\"@type\":\"ImageObject\",\"inLanguage\":\"es\",\"@id\":\"https:\\\/\\\/conexionnacional.mx\\\/#\\\/schema\\\/logo\\\/image\\\/\",\"url\":\"https:\\\/\\\/conexionnacional.mx\\\/wp-content\\\/uploads\\\/2022\\\/09\\\/conexion_nacional.png\",\"contentUrl\":\"https:\\\/\\\/conexionnacional.mx\\\/wp-content\\\/uploads\\\/2022\\\/09\\\/conexion_nacional.png\",\"width\":2964,\"height\":1173,\"caption\":\"Conexi\u00f3n Nacional\"},\"image\":{\"@id\":\"https:\\\/\\\/conexionnacional.mx\\\/#\\\/schema\\\/logo\\\/image\\\/\"},\"sameAs\":[\"https:\\\/\\\/www.facebook.com\\\/cnmxradio\"]},{\"@type\":\"Person\",\"@id\":\"https:\\\/\\\/conexionnacional.mx\\\/#\\\/schema\\\/person\\\/dd14aeda902120f5e0e021903fdb6931\",\"name\":\"Conexi\u00f3n Nacional\",\"image\":{\"@type\":\"ImageObject\",\"inLanguage\":\"es\",\"@id\":\"https:\\\/\\\/secure.gravatar.com\\\/avatar\\\/e523100f284110b2ecca7e17b2be9cf140a5e8f35294c9ec0543e6916cc1f9be?s=96&d=blank&r=g\",\"url\":\"https:\\\/\\\/secure.gravatar.com\\\/avatar\\\/e523100f284110b2ecca7e17b2be9cf140a5e8f35294c9ec0543e6916cc1f9be?s=96&d=blank&r=g\",\"contentUrl\":\"https:\\\/\\\/secure.gravatar.com\\\/avatar\\\/e523100f284110b2ecca7e17b2be9cf140a5e8f35294c9ec0543e6916cc1f9be?s=96&d=blank&r=g\",\"caption\":\"Conexi\u00f3n Nacional\"},\"sameAs\":[\"https:\\\/\\\/conexionnacional.mx\"],\"url\":\"https:\\\/\\\/conexionnacional.mx\\\/index.php\\\/author\\\/administrador\\\/\"}]}<\/script>\n<!-- \/ Yoast SEO plugin. -->","yoast_head_json":{"title":"Aficionados de Cruz Azul exigen a FIFA descalificar al Am\u00e9rica: \u2018Basta de robos y corrupci\u00f3n'","description":"Para algunos ser\u00e1 un reclamo v\u00e1lido, para otros ya son patadas de ahogado y varios m\u00e1s lo ven como el colmo de las\u00a0\u201cCruzazuleadas\u201d.","robots":{"index":"index","follow":"follow","max-snippet":"max-snippet:-1","max-image-preview":"max-image-preview:large","max-video-preview":"max-video-preview:-1"},"canonical":"https:\/\/conexionnacional.mx\/index.php\/2024\/12\/10\/aficionados-de-cruz-azul-exigen-a-fifa-descalificar-al-america-basta-de-robos-y-corrupcion\/","og_locale":"es_MX","og_type":"article","og_title":"Aficionados de Cruz Azul exigen a FIFA descalificar al Am\u00e9rica: \u2018Basta de robos y corrupci\u00f3n'","og_description":"Para algunos ser\u00e1 un reclamo v\u00e1lido, para otros ya son patadas de ahogado y varios m\u00e1s lo ven como el colmo de las\u00a0\u201cCruzazuleadas\u201d.","og_url":"https:\/\/conexionnacional.mx\/index.php\/2024\/12\/10\/aficionados-de-cruz-azul-exigen-a-fifa-descalificar-al-america-basta-de-robos-y-corrupcion\/","og_site_name":"Conexi\u00f3n Nacional","article_publisher":"https:\/\/www.facebook.com\/cnmxradio","article_published_time":"2024-12-10T17:02:00+00:00","article_modified_time":"2024-12-10T17:02:03+00:00","og_image":[{"width":310,"height":163,"url":"https:\/\/conexionnacional.mx\/wp-content\/uploads\/2024\/12\/images-9.jpg","type":"image\/jpeg"}],"author":"Conexi\u00f3n Nacional","twitter_card":"summary_large_image","twitter_misc":{"Escrito por":"Conexi\u00f3n Nacional","Tiempo de lectura":"5 minutos"},"schema":{"@context":"https:\/\/schema.org","@graph":[{"@type":"Article","@id":"https:\/\/conexionnacional.mx\/index.php\/2024\/12\/10\/aficionados-de-cruz-azul-exigen-a-fifa-descalificar-al-america-basta-de-robos-y-corrupcion\/#article","isPartOf":{"@id":"https:\/\/conexionnacional.mx\/index.php\/2024\/12\/10\/aficionados-de-cruz-azul-exigen-a-fifa-descalificar-al-america-basta-de-robos-y-corrupcion\/"},"author":{"name":"Conexi\u00f3n Nacional","@id":"https:\/\/conexionnacional.mx\/#\/schema\/person\/dd14aeda902120f5e0e021903fdb6931"},"headline":"Aficionados de Cruz Azul exigen a FIFA descalificar al Am\u00e9rica: \u2018Basta de robos y corrupci\u00f3n&#8217;","datePublished":"2024-12-10T17:02:00+00:00","dateModified":"2024-12-10T17:02:03+00:00","mainEntityOfPage":{"@id":"https:\/\/conexionnacional.mx\/index.php\/2024\/12\/10\/aficionados-de-cruz-azul-exigen-a-fifa-descalificar-al-america-basta-de-robos-y-corrupcion\/"},"wordCount":734,"publisher":{"@id":"https:\/\/conexionnacional.mx\/#organization"},"image":{"@id":"https:\/\/conexionnacional.mx\/index.php\/2024\/12\/10\/aficionados-de-cruz-azul-exigen-a-fifa-descalificar-al-america-basta-de-robos-y-corrupcion\/#primaryimage"},"thumbnailUrl":"https:\/\/conexionnacional.mx\/wp-content\/uploads\/2024\/12\/images-9.jpg","keywords":["Aficionado","FIFA"],"articleSection":["Deportes"],"inLanguage":"es"},{"@type":"WebPage","@id":"https:\/\/conexionnacional.mx\/index.php\/2024\/12\/10\/aficionados-de-cruz-azul-exigen-a-fifa-descalificar-al-america-basta-de-robos-y-corrupcion\/","url":"https:\/\/conexionnacional.mx\/index.php\/2024\/12\/10\/aficionados-de-cruz-azul-exigen-a-fifa-descalificar-al-america-basta-de-robos-y-corrupcion\/","name":"Aficionados de Cruz Azul exigen a FIFA descalificar al Am\u00e9rica: \u2018Basta de robos y corrupci\u00f3n'","isPartOf":{"@id":"https:\/\/conexionnacional.mx\/#website"},"primaryImageOfPage":{"@id":"https:\/\/conexionnacional.mx\/index.php\/2024\/12\/10\/aficionados-de-cruz-azul-exigen-a-fifa-descalificar-al-america-basta-de-robos-y-corrupcion\/#primaryimage"},"image":{"@id":"https:\/\/conexionnacional.mx\/index.php\/2024\/12\/10\/aficionados-de-cruz-azul-exigen-a-fifa-descalificar-al-america-basta-de-robos-y-corrupcion\/#primaryimage"},"thumbnailUrl":"https:\/\/conexionnacional.mx\/wp-content\/uploads\/2024\/12\/images-9.jpg","datePublished":"2024-12-10T17:02:00+00:00","dateModified":"2024-12-10T17:02:03+00:00","description":"Para algunos ser\u00e1 un reclamo v\u00e1lido, para otros ya son patadas de ahogado y varios m\u00e1s lo ven como el colmo de las\u00a0\u201cCruzazuleadas\u201d.","breadcrumb":{"@id":"https:\/\/conexionnacional.mx\/index.php\/2024\/12\/10\/aficionados-de-cruz-azul-exigen-a-fifa-descalificar-al-america-basta-de-robos-y-corrupcion\/#breadcrumb"},"inLanguage":"es","potentialAction":[{"@type":"ReadAction","target":["https:\/\/conexionnacional.mx\/index.php\/2024\/12\/10\/aficionados-de-cruz-azul-exigen-a-fifa-descalificar-al-america-basta-de-robos-y-corrupcion\/"]}]},{"@type":"ImageObject","inLanguage":"es","@id":"https:\/\/conexionnacional.mx\/index.php\/2024\/12\/10\/aficionados-de-cruz-azul-exigen-a-fifa-descalificar-al-america-basta-de-robos-y-corrupcion\/#primaryimage","url":"https:\/\/conexionnacional.mx\/wp-content\/uploads\/2024\/12\/images-9.jpg","contentUrl":"https:\/\/conexionnacional.mx\/wp-content\/uploads\/2024\/12\/images-9.jpg","width":310,"height":163},{"@type":"BreadcrumbList","@id":"https:\/\/conexionnacional.mx\/index.php\/2024\/12\/10\/aficionados-de-cruz-azul-exigen-a-fifa-descalificar-al-america-basta-de-robos-y-corrupcion\/#breadcrumb","itemListElement":[{"@type":"ListItem","position":1,"name":"Inicio","item":"https:\/\/conexionnacional.mx\/"},{"@type":"ListItem","position":2,"name":"Aficionados de Cruz Azul exigen a FIFA descalificar al Am\u00e9rica: \u2018Basta de robos y corrupci\u00f3n&#8217;"}]},{"@type":"WebSite","@id":"https:\/\/conexionnacional.mx\/#website","url":"https:\/\/conexionnacional.mx\/","name":"Conexi\u00f3n Nacional","description":"Noticias al momento","publisher":{"@id":"https:\/\/conexionnacional.mx\/#organization"},"alternateName":"Noticias nacionales","potentialAction":[{"@type":"SearchAction","target":{"@type":"EntryPoint","urlTemplate":"https:\/\/conexionnacional.mx\/?s={search_term_string}"},"query-input":{"@type":"PropertyValueSpecification","valueRequired":true,"valueName":"search_term_string"}}],"inLanguage":"es"},{"@type":"Organization","@id":"https:\/\/conexionnacional.mx\/#organization","name":"Conexi\u00f3n Nacional","url":"https:\/\/conexionnacional.mx\/","logo":{"@type":"ImageObject","inLanguage":"es","@id":"https:\/\/conexionnacional.mx\/#\/schema\/logo\/image\/","url":"https:\/\/conexionnacional.mx\/wp-content\/uploads\/2022\/09\/conexion_nacional.png","contentUrl":"https:\/\/conexionnacional.mx\/wp-content\/uploads\/2022\/09\/conexion_nacional.png","width":2964,"height":1173,"caption":"Conexi\u00f3n Nacional"},"image":{"@id":"https:\/\/conexionnacional.mx\/#\/schema\/logo\/image\/"},"sameAs":["https:\/\/www.facebook.com\/cnmxradio"]},{"@type":"Person","@id":"https:\/\/conexionnacional.mx\/#\/schema\/person\/dd14aeda902120f5e0e021903fdb6931","name":"Conexi\u00f3n Nacional","image":{"@type":"ImageObject","inLanguage":"es","@id":"https:\/\/secure.gravatar.com\/avatar\/e523100f284110b2ecca7e17b2be9cf140a5e8f35294c9ec0543e6916cc1f9be?s=96&d=blank&r=g","url":"https:\/\/secure.gravatar.com\/avatar\/e523100f284110b2ecca7e17b2be9cf140a5e8f35294c9ec0543e6916cc1f9be?s=96&d=blank&r=g","contentUrl":"https:\/\/secure.gravatar.com\/avatar\/e523100f284110b2ecca7e17b2be9cf140a5e8f35294c9ec0543e6916cc1f9be?s=96&d=blank&r=g","caption":"Conexi\u00f3n Nacional"},"sameAs":["https:\/\/conexionnacional.mx"],"url":"https:\/\/conexionnacional.mx\/index.php\/author\/administrador\/"}]}},"_links":{"self":[{"href":"https:\/\/conexionnacional.mx\/index.php\/wp-json\/wp\/v2\/posts\/23034","targetHints":{"allow":["GET"]}}],"collection":[{"href":"https:\/\/conexionnacional.mx\/index.php\/wp-json\/wp\/v2\/posts"}],"about":[{"href":"https:\/\/conexionnacional.mx\/index.php\/wp-json\/wp\/v2\/types\/post"}],"author":[{"embeddable":true,"href":"https:\/\/conexionnacional.mx\/index.php\/wp-json\/wp\/v2\/users\/1"}],"replies":[{"embeddable":true,"href":"https:\/\/conexionnacional.mx\/index.php\/wp-json\/wp\/v2\/comments?post=23034"}],"version-history":[{"count":1,"href":"https:\/\/conexionnacional.mx\/index.php\/wp-json\/wp\/v2\/posts\/23034\/revisions"}],"predecessor-version":[{"id":23036,"href":"https:\/\/conexionnacional.mx\/index.php\/wp-json\/wp\/v2\/posts\/23034\/revisions\/23036"}],"wp:featuredmedia":[{"embeddable":true,"href":"https:\/\/conexionnacional.mx\/index.php\/wp-json\/wp\/v2\/media\/23035"}],"wp:attachment":[{"href":"https:\/\/conexionnacional.mx\/index.php\/wp-json\/wp\/v2\/media?parent=23034"}],"wp:term":[{"taxonomy":"category","embeddable":true,"href":"https:\/\/conexionnacional.mx\/index.php\/wp-json\/wp\/v2\/categories?post=23034"},{"taxonomy":"post_tag","embeddable":true,"href":"https:\/\/conexionnacional.mx\/index.php\/wp-json\/wp\/v2\/tags?post=23034"}],"curies":[{"name":"wp","href":"https:\/\/api.w.org\/{rel}","templated":true}]}}