{"id":23028,"date":"2024-12-10T10:33:24","date_gmt":"2024-12-10T16:33:24","guid":{"rendered":"https:\/\/conexionnacional.mx\/?p=23028"},"modified":"2024-12-10T10:33:26","modified_gmt":"2024-12-10T16:33:26","slug":"la-boda-en-el-munal-y-la-renuncia-lo-que-sabemos-del-evento-diplomatico-que-simulo-martin-borrego","status":"publish","type":"post","link":"https:\/\/conexionnacional.mx\/index.php\/2024\/12\/10\/la-boda-en-el-munal-y-la-renuncia-lo-que-sabemos-del-evento-diplomatico-que-simulo-martin-borrego\/","title":{"rendered":"La boda en el MUNAL y la renuncia; lo que sabemos del evento diplom\u00e1tico que simul\u00f3 Mart\u00edn Borrego"},"content":{"rendered":"\n<p>La boda de\u00a0<strong>Mart\u00edn Borrego Llorente<\/strong>, quien fuera jefe de oficina de la Secretar\u00eda de Relaciones Exteriores (<strong>SRE<\/strong>) con la excanciller\u00a0<strong>Alicia B\u00e1rcena<\/strong>, ha causado controversia desde el pasado domingo.<\/p>\n\n\n\n<p>El acontecimiento trajo la renuncia del funcionario, quien hoy present\u00f3 a Alicia B\u00e1rcena su cese al cargo de Coordinador de Contacto con la Ciudadan\u00eda, plaza 15633, nivel M42.<\/p>\n\n\n\n<h2 class=\"wp-block-heading\">\u00bfQu\u00e9 pas\u00f3 en el MUNAL?<\/h2>\n\n\n\n<p>El domingo 8 de diciembre, el periodista\u00a0<strong>Claudio Ochoa Huerta<\/strong>\u00a0escribi\u00f3\u00a0\u201cLa (no) boda fif\u00ed en el MUNAL\u201d, columna en la que revel\u00f3 que el recinto cultural fue usado para festejar el evento nupcial.<\/p>\n\n\n\n<p>\u201cHubo cocteles y vino, no era boda. Hubo bocadillos, no era boda. Hubo arreglos florales, no era boda. Hubo sesi\u00f3n de fotos de los novios, no era boda. Hubo felicitaciones por parte de los invitados, no era boda. Hubo misa, no era boda.<\/p>\n\n\n\n<p>\u201cLleg\u00f3 el d\u00eda y para sorpresa de los empleados, el supuesto acto diplom\u00e1tico result\u00f3 ser la fachada para festejar la boda de&nbsp;<strong>Mart\u00edn Borrego Llorente<\/strong>, quien un par de d\u00edas atr\u00e1s, antes del cambio de gobierno, era el<strong>&nbsp;Jefe de Oficina de la SRE<\/strong>, y hoy comisionado de Semarnat. Mart\u00edn es un integrante del Servicio Exterior Mexicano que tuvo un ascenso mete\u00f3rico en la canciller\u00eda, auspiciado por la propia B\u00e1rcena, pero envidiado por otros miembros de carrera que consideraban que no ten\u00eda los m\u00e9ritos suficientes\u201d, escribi\u00f3 Claudio Ochoa Huerta en su columna.<\/p>\n\n\n\n<h2 class=\"wp-block-heading\">SRE investiga boda en el MUNAL<\/h2>\n\n\n\n<p>Ayer, un d\u00eda despu\u00e9s de darse a conocer el hecho, la Canciller\u00eda inform\u00f3 que el \u00d3rgano Interno de Control inici\u00f3 una investigaci\u00f3n.<\/p>\n\n\n\n<p>\u201cLa\u00a0<strong>Secretar\u00eda de Relaciones Exteriores<\/strong>\u00a0informa que, en relaci\u00f3n con las versiones que circulan en la opini\u00f3n p\u00fablica sobre funcionarios- o exfuncionarios- de esta dependencia que supuestamente hicieron\u00a0<strong>uso indebido de espacios p\u00fablicos<\/strong>, el \u00d3rgano Interno de Control de la Canciller\u00eda ha iniciado las\u00a0<strong>investigaciones\u00a0<\/strong>correspondientes\u201d, indic\u00f3 la SRE.<\/p>\n\n\n\n<h2 class=\"wp-block-heading\">Borrego Llorente da \u201cprecisiones\u201d sobre boda en el MUNAL<\/h2>\n\n\n\n<p>Ante la publicaci\u00f3n, Borrego Llorente public\u00f3 en sus redes sociales unas \u201cprecisiones en aras de la transparencia y la verdad\u201d.<\/p>\n\n\n\n<p>\u201cEl evento realizado el 4 de octubre no fue una boda privada, fue un evento diplom\u00e1tico bajo los protocolos institucionales del\u00a0<strong>MUNAL<\/strong>. No fue organizado por ning\u00fan ente p\u00fablico mexicano. \u2060Para la realizaci\u00f3n de dicho evento no se destinaron recursos p\u00fablicos. Por el contrario, fue cubierto con recursos privados\u201d, escribi\u00f3.<\/p>\n\n\n\n<p>\u201cComo es com\u00fan en cualquier recepci\u00f3n diplom\u00e1tica, se encontraban presentes actores relevantes de la Secretar\u00eda de Relaciones Exteriores y de la comunidad diplom\u00e1tica, quienes nutren diariamente la relaci\u00f3n entre ambos pa\u00edses\u201d, a\u00f1adi\u00f3.<\/p>\n\n\n\n<p>\u201c\u2060Si bien se trata de informaci\u00f3n privada, no omito destacar que mi matrimonio se efectu\u00f3 un mes antes de dicho evento, por lo cual no fue extra\u00f1o recibir felicitaciones y buenos deseos de los presentes durante esta recepci\u00f3n\u201d, asegur\u00f3 Borrego.<\/p>\n\n\n\n<h2 class=\"wp-block-heading\">Mart\u00edn Borrego Llorente presenta su renuncia<\/h2>\n\n\n\n<p>Hoy, Mart\u00edn Borrego Llorente present\u00f3 su&nbsp;<strong>renuncia a Semarnat<\/strong>, al reconocer que, \u201c<strong>este actuar no fue correcto&nbsp;<\/strong>para un funcionario p\u00fablico ni digno de la confianza que deposit\u00f3 en m\u00ed\u201d, se\u00f1ala el texto dirigido a la titular de la Semarnat, Alicia B\u00e1rcena.<\/p>\n\n\n\n<p>Tambi\u00e9n argument\u00f3 que, si bien el evento fue de car\u00e1cter privado \u201cacorde al protocolo establecido por el Museo y cubierto con recursos personales\u201d, fue impropio \u201chaber solicitado el espacio a trav\u00e9s de un correo institucional\u201d cuando se desempe\u00f1aba como su jefe de Oficina en la Secretar\u00eda de Relaciones Exteriores.<\/p>\n\n\n\n<h2 class=\"wp-block-heading\">Sheinbaum se pronuncia sobre controversia por boda en el MUNAL<\/h2>\n\n\n\n<p>Este martes en su conferencia matutina, la presidenta\u00a0<strong>Claudia Sheinbaum Pardo<\/strong>\u00a0se pronunci\u00f3 sobre la renuncia que present\u00f3 Mart\u00edn Borrego Llorente tras boda en el MUNAL.<\/p>\n\n\n\n<p>\u201cTiene que hacerse investigaci\u00f3n, Alicia B\u00e1rcena tiene que informar\u201d, dijo la Presidenta.<\/p>\n","protected":false},"excerpt":{"rendered":"<p>La boda de\u00a0Mart\u00edn Borrego Llorente, quien fuera jefe de oficina de la Secretar\u00eda de Relaciones Exteriores (SRE) con la excanciller\u00a0Alicia B\u00e1rcena, ha causado controversia desde el pasado domingo. El acontecimiento trajo la renuncia del funcionario, quien hoy present\u00f3 a Alicia B\u00e1rcena su cese al cargo de Coordinador de Contacto con la Ciudadan\u00eda, plaza 15633, nivel [&hellip;]<\/p>\n","protected":false},"author":1,"featured_media":23029,"comment_status":"closed","ping_status":"closed","sticky":false,"template":"","format":"aside","meta":{"googlesitekit_rrm_CAowytPeCw:productID":"","footnotes":""},"categories":[3],"tags":[8789],"class_list":["post-23028","post","type-post","status-publish","format-aside","has-post-thumbnail","hentry","category-nacional","tag-munal","post_format-post-format-aside"],"yoast_head":"<!-- This site is optimized with the Yoast SEO plugin v27.4 - https:\/\/yoast.com\/product\/yoast-seo-wordpress\/ -->\n<title>La boda en el MUNAL y la renuncia; lo que sabemos del evento diplom\u00e1tico que simul\u00f3 Mart\u00edn Borrego |<\/title>\n<meta name=\"robots\" content=\"index, follow, max-snippet:-1, max-image-preview:large, max-video-preview:-1\" \/>\n<link rel=\"canonical\" href=\"https:\/\/conexionnacional.mx\/index.php\/2024\/12\/10\/la-boda-en-el-munal-y-la-renuncia-lo-que-sabemos-del-evento-diplomatico-que-simulo-martin-borrego\/\" \/>\n<meta property=\"og:locale\" content=\"es_MX\" \/>\n<meta property=\"og:type\" content=\"article\" \/>\n<meta property=\"og:title\" content=\"La boda en el MUNAL y la renuncia; lo que sabemos del evento diplom\u00e1tico que simul\u00f3 Mart\u00edn Borrego |\" \/>\n<meta property=\"og:description\" content=\"La boda de\u00a0Mart\u00edn Borrego Llorente, quien fuera jefe de oficina de la Secretar\u00eda de Relaciones Exteriores (SRE) con la excanciller\u00a0Alicia B\u00e1rcena, ha causado controversia desde el pasado domingo. El acontecimiento trajo la renuncia del funcionario, quien hoy present\u00f3 a Alicia B\u00e1rcena su cese al cargo de Coordinador de Contacto con la Ciudadan\u00eda, plaza 15633, nivel [&hellip;]\" \/>\n<meta property=\"og:url\" content=\"https:\/\/conexionnacional.mx\/index.php\/2024\/12\/10\/la-boda-en-el-munal-y-la-renuncia-lo-que-sabemos-del-evento-diplomatico-que-simulo-martin-borrego\/\" \/>\n<meta property=\"og:site_name\" content=\"Conexi\u00f3n Nacional\" \/>\n<meta property=\"article:publisher\" content=\"https:\/\/www.facebook.com\/cnmxradio\" \/>\n<meta property=\"article:published_time\" content=\"2024-12-10T16:33:24+00:00\" \/>\n<meta property=\"article:modified_time\" content=\"2024-12-10T16:33:26+00:00\" \/>\n<meta name=\"author\" content=\"Conexi\u00f3n Nacional\" \/>\n<meta name=\"twitter:card\" content=\"summary_large_image\" \/>\n<meta name=\"twitter:label1\" content=\"Escrito por\" \/>\n\t<meta name=\"twitter:data1\" content=\"Conexi\u00f3n Nacional\" \/>\n\t<meta name=\"twitter:label2\" content=\"Tiempo de lectura\" \/>\n\t<meta name=\"twitter:data2\" content=\"3 minutos\" \/>\n<script type=\"application\/ld+json\" class=\"yoast-schema-graph\">{\"@context\":\"https:\\\/\\\/schema.org\",\"@graph\":[{\"@type\":\"Article\",\"@id\":\"https:\\\/\\\/conexionnacional.mx\\\/index.php\\\/2024\\\/12\\\/10\\\/la-boda-en-el-munal-y-la-renuncia-lo-que-sabemos-del-evento-diplomatico-que-simulo-martin-borrego\\\/#article\",\"isPartOf\":{\"@id\":\"https:\\\/\\\/conexionnacional.mx\\\/index.php\\\/2024\\\/12\\\/10\\\/la-boda-en-el-munal-y-la-renuncia-lo-que-sabemos-del-evento-diplomatico-que-simulo-martin-borrego\\\/\"},\"author\":{\"name\":\"Conexi\u00f3n Nacional\",\"@id\":\"https:\\\/\\\/conexionnacional.mx\\\/#\\\/schema\\\/person\\\/dd14aeda902120f5e0e021903fdb6931\"},\"headline\":\"La boda en el MUNAL y la renuncia; lo que sabemos del evento diplom\u00e1tico que simul\u00f3 Mart\u00edn Borrego\",\"datePublished\":\"2024-12-10T16:33:24+00:00\",\"dateModified\":\"2024-12-10T16:33:26+00:00\",\"mainEntityOfPage\":{\"@id\":\"https:\\\/\\\/conexionnacional.mx\\\/index.php\\\/2024\\\/12\\\/10\\\/la-boda-en-el-munal-y-la-renuncia-lo-que-sabemos-del-evento-diplomatico-que-simulo-martin-borrego\\\/\"},\"wordCount\":683,\"publisher\":{\"@id\":\"https:\\\/\\\/conexionnacional.mx\\\/#organization\"},\"image\":{\"@id\":\"https:\\\/\\\/conexionnacional.mx\\\/index.php\\\/2024\\\/12\\\/10\\\/la-boda-en-el-munal-y-la-renuncia-lo-que-sabemos-del-evento-diplomatico-que-simulo-martin-borrego\\\/#primaryimage\"},\"thumbnailUrl\":\"https:\\\/\\\/conexionnacional.mx\\\/wp-content\\\/uploads\\\/2024\\\/12\\\/ZL4ETUWDLRHR3K7GZ5YODGUDUY.avif\",\"keywords\":[\"MUNAL\"],\"articleSection\":[\"Nacional\"],\"inLanguage\":\"es\"},{\"@type\":\"WebPage\",\"@id\":\"https:\\\/\\\/conexionnacional.mx\\\/index.php\\\/2024\\\/12\\\/10\\\/la-boda-en-el-munal-y-la-renuncia-lo-que-sabemos-del-evento-diplomatico-que-simulo-martin-borrego\\\/\",\"url\":\"https:\\\/\\\/conexionnacional.mx\\\/index.php\\\/2024\\\/12\\\/10\\\/la-boda-en-el-munal-y-la-renuncia-lo-que-sabemos-del-evento-diplomatico-que-simulo-martin-borrego\\\/\",\"name\":\"La boda en el MUNAL y la renuncia; lo que sabemos del evento diplom\u00e1tico que simul\u00f3 Mart\u00edn Borrego |\",\"isPartOf\":{\"@id\":\"https:\\\/\\\/conexionnacional.mx\\\/#website\"},\"primaryImageOfPage\":{\"@id\":\"https:\\\/\\\/conexionnacional.mx\\\/index.php\\\/2024\\\/12\\\/10\\\/la-boda-en-el-munal-y-la-renuncia-lo-que-sabemos-del-evento-diplomatico-que-simulo-martin-borrego\\\/#primaryimage\"},\"image\":{\"@id\":\"https:\\\/\\\/conexionnacional.mx\\\/index.php\\\/2024\\\/12\\\/10\\\/la-boda-en-el-munal-y-la-renuncia-lo-que-sabemos-del-evento-diplomatico-que-simulo-martin-borrego\\\/#primaryimage\"},\"thumbnailUrl\":\"https:\\\/\\\/conexionnacional.mx\\\/wp-content\\\/uploads\\\/2024\\\/12\\\/ZL4ETUWDLRHR3K7GZ5YODGUDUY.avif\",\"datePublished\":\"2024-12-10T16:33:24+00:00\",\"dateModified\":\"2024-12-10T16:33:26+00:00\",\"breadcrumb\":{\"@id\":\"https:\\\/\\\/conexionnacional.mx\\\/index.php\\\/2024\\\/12\\\/10\\\/la-boda-en-el-munal-y-la-renuncia-lo-que-sabemos-del-evento-diplomatico-que-simulo-martin-borrego\\\/#breadcrumb\"},\"inLanguage\":\"es\",\"potentialAction\":[{\"@type\":\"ReadAction\",\"target\":[\"https:\\\/\\\/conexionnacional.mx\\\/index.php\\\/2024\\\/12\\\/10\\\/la-boda-en-el-munal-y-la-renuncia-lo-que-sabemos-del-evento-diplomatico-que-simulo-martin-borrego\\\/\"]}]},{\"@type\":\"ImageObject\",\"inLanguage\":\"es\",\"@id\":\"https:\\\/\\\/conexionnacional.mx\\\/index.php\\\/2024\\\/12\\\/10\\\/la-boda-en-el-munal-y-la-renuncia-lo-que-sabemos-del-evento-diplomatico-que-simulo-martin-borrego\\\/#primaryimage\",\"url\":\"https:\\\/\\\/conexionnacional.mx\\\/wp-content\\\/uploads\\\/2024\\\/12\\\/ZL4ETUWDLRHR3K7GZ5YODGUDUY.avif\",\"contentUrl\":\"https:\\\/\\\/conexionnacional.mx\\\/wp-content\\\/uploads\\\/2024\\\/12\\\/ZL4ETUWDLRHR3K7GZ5YODGUDUY.avif\",\"width\":1100,\"height\":666},{\"@type\":\"BreadcrumbList\",\"@id\":\"https:\\\/\\\/conexionnacional.mx\\\/index.php\\\/2024\\\/12\\\/10\\\/la-boda-en-el-munal-y-la-renuncia-lo-que-sabemos-del-evento-diplomatico-que-simulo-martin-borrego\\\/#breadcrumb\",\"itemListElement\":[{\"@type\":\"ListItem\",\"position\":1,\"name\":\"Inicio\",\"item\":\"https:\\\/\\\/conexionnacional.mx\\\/\"},{\"@type\":\"ListItem\",\"position\":2,\"name\":\"La boda en el MUNAL y la renuncia; lo que sabemos del evento diplom\u00e1tico que simul\u00f3 Mart\u00edn Borrego\"}]},{\"@type\":\"WebSite\",\"@id\":\"https:\\\/\\\/conexionnacional.mx\\\/#website\",\"url\":\"https:\\\/\\\/conexionnacional.mx\\\/\",\"name\":\"Conexi\u00f3n Nacional\",\"description\":\"Noticias al momento\",\"publisher\":{\"@id\":\"https:\\\/\\\/conexionnacional.mx\\\/#organization\"},\"alternateName\":\"Noticias nacionales\",\"potentialAction\":[{\"@type\":\"SearchAction\",\"target\":{\"@type\":\"EntryPoint\",\"urlTemplate\":\"https:\\\/\\\/conexionnacional.mx\\\/?s={search_term_string}\"},\"query-input\":{\"@type\":\"PropertyValueSpecification\",\"valueRequired\":true,\"valueName\":\"search_term_string\"}}],\"inLanguage\":\"es\"},{\"@type\":\"Organization\",\"@id\":\"https:\\\/\\\/conexionnacional.mx\\\/#organization\",\"name\":\"Conexi\u00f3n Nacional\",\"url\":\"https:\\\/\\\/conexionnacional.mx\\\/\",\"logo\":{\"@type\":\"ImageObject\",\"inLanguage\":\"es\",\"@id\":\"https:\\\/\\\/conexionnacional.mx\\\/#\\\/schema\\\/logo\\\/image\\\/\",\"url\":\"https:\\\/\\\/conexionnacional.mx\\\/wp-content\\\/uploads\\\/2022\\\/09\\\/conexion_nacional.png\",\"contentUrl\":\"https:\\\/\\\/conexionnacional.mx\\\/wp-content\\\/uploads\\\/2022\\\/09\\\/conexion_nacional.png\",\"width\":2964,\"height\":1173,\"caption\":\"Conexi\u00f3n Nacional\"},\"image\":{\"@id\":\"https:\\\/\\\/conexionnacional.mx\\\/#\\\/schema\\\/logo\\\/image\\\/\"},\"sameAs\":[\"https:\\\/\\\/www.facebook.com\\\/cnmxradio\"]},{\"@type\":\"Person\",\"@id\":\"https:\\\/\\\/conexionnacional.mx\\\/#\\\/schema\\\/person\\\/dd14aeda902120f5e0e021903fdb6931\",\"name\":\"Conexi\u00f3n Nacional\",\"image\":{\"@type\":\"ImageObject\",\"inLanguage\":\"es\",\"@id\":\"https:\\\/\\\/secure.gravatar.com\\\/avatar\\\/e523100f284110b2ecca7e17b2be9cf140a5e8f35294c9ec0543e6916cc1f9be?s=96&d=blank&r=g\",\"url\":\"https:\\\/\\\/secure.gravatar.com\\\/avatar\\\/e523100f284110b2ecca7e17b2be9cf140a5e8f35294c9ec0543e6916cc1f9be?s=96&d=blank&r=g\",\"contentUrl\":\"https:\\\/\\\/secure.gravatar.com\\\/avatar\\\/e523100f284110b2ecca7e17b2be9cf140a5e8f35294c9ec0543e6916cc1f9be?s=96&d=blank&r=g\",\"caption\":\"Conexi\u00f3n Nacional\"},\"sameAs\":[\"https:\\\/\\\/conexionnacional.mx\"],\"url\":\"https:\\\/\\\/conexionnacional.mx\\\/index.php\\\/author\\\/administrador\\\/\"}]}<\/script>\n<!-- \/ Yoast SEO plugin. -->","yoast_head_json":{"title":"La boda en el MUNAL y la renuncia; lo que sabemos del evento diplom\u00e1tico que simul\u00f3 Mart\u00edn Borrego |","robots":{"index":"index","follow":"follow","max-snippet":"max-snippet:-1","max-image-preview":"max-image-preview:large","max-video-preview":"max-video-preview:-1"},"canonical":"https:\/\/conexionnacional.mx\/index.php\/2024\/12\/10\/la-boda-en-el-munal-y-la-renuncia-lo-que-sabemos-del-evento-diplomatico-que-simulo-martin-borrego\/","og_locale":"es_MX","og_type":"article","og_title":"La boda en el MUNAL y la renuncia; lo que sabemos del evento diplom\u00e1tico que simul\u00f3 Mart\u00edn Borrego |","og_description":"La boda de\u00a0Mart\u00edn Borrego Llorente, quien fuera jefe de oficina de la Secretar\u00eda de Relaciones Exteriores (SRE) con la excanciller\u00a0Alicia B\u00e1rcena, ha causado controversia desde el pasado domingo. El acontecimiento trajo la renuncia del funcionario, quien hoy present\u00f3 a Alicia B\u00e1rcena su cese al cargo de Coordinador de Contacto con la Ciudadan\u00eda, plaza 15633, nivel [&hellip;]","og_url":"https:\/\/conexionnacional.mx\/index.php\/2024\/12\/10\/la-boda-en-el-munal-y-la-renuncia-lo-que-sabemos-del-evento-diplomatico-que-simulo-martin-borrego\/","og_site_name":"Conexi\u00f3n Nacional","article_publisher":"https:\/\/www.facebook.com\/cnmxradio","article_published_time":"2024-12-10T16:33:24+00:00","article_modified_time":"2024-12-10T16:33:26+00:00","author":"Conexi\u00f3n Nacional","twitter_card":"summary_large_image","twitter_misc":{"Escrito por":"Conexi\u00f3n Nacional","Tiempo de lectura":"3 minutos"},"schema":{"@context":"https:\/\/schema.org","@graph":[{"@type":"Article","@id":"https:\/\/conexionnacional.mx\/index.php\/2024\/12\/10\/la-boda-en-el-munal-y-la-renuncia-lo-que-sabemos-del-evento-diplomatico-que-simulo-martin-borrego\/#article","isPartOf":{"@id":"https:\/\/conexionnacional.mx\/index.php\/2024\/12\/10\/la-boda-en-el-munal-y-la-renuncia-lo-que-sabemos-del-evento-diplomatico-que-simulo-martin-borrego\/"},"author":{"name":"Conexi\u00f3n Nacional","@id":"https:\/\/conexionnacional.mx\/#\/schema\/person\/dd14aeda902120f5e0e021903fdb6931"},"headline":"La boda en el MUNAL y la renuncia; lo que sabemos del evento diplom\u00e1tico que simul\u00f3 Mart\u00edn Borrego","datePublished":"2024-12-10T16:33:24+00:00","dateModified":"2024-12-10T16:33:26+00:00","mainEntityOfPage":{"@id":"https:\/\/conexionnacional.mx\/index.php\/2024\/12\/10\/la-boda-en-el-munal-y-la-renuncia-lo-que-sabemos-del-evento-diplomatico-que-simulo-martin-borrego\/"},"wordCount":683,"publisher":{"@id":"https:\/\/conexionnacional.mx\/#organization"},"image":{"@id":"https:\/\/conexionnacional.mx\/index.php\/2024\/12\/10\/la-boda-en-el-munal-y-la-renuncia-lo-que-sabemos-del-evento-diplomatico-que-simulo-martin-borrego\/#primaryimage"},"thumbnailUrl":"https:\/\/conexionnacional.mx\/wp-content\/uploads\/2024\/12\/ZL4ETUWDLRHR3K7GZ5YODGUDUY.avif","keywords":["MUNAL"],"articleSection":["Nacional"],"inLanguage":"es"},{"@type":"WebPage","@id":"https:\/\/conexionnacional.mx\/index.php\/2024\/12\/10\/la-boda-en-el-munal-y-la-renuncia-lo-que-sabemos-del-evento-diplomatico-que-simulo-martin-borrego\/","url":"https:\/\/conexionnacional.mx\/index.php\/2024\/12\/10\/la-boda-en-el-munal-y-la-renuncia-lo-que-sabemos-del-evento-diplomatico-que-simulo-martin-borrego\/","name":"La boda en el MUNAL y la renuncia; lo que sabemos del evento diplom\u00e1tico que simul\u00f3 Mart\u00edn Borrego |","isPartOf":{"@id":"https:\/\/conexionnacional.mx\/#website"},"primaryImageOfPage":{"@id":"https:\/\/conexionnacional.mx\/index.php\/2024\/12\/10\/la-boda-en-el-munal-y-la-renuncia-lo-que-sabemos-del-evento-diplomatico-que-simulo-martin-borrego\/#primaryimage"},"image":{"@id":"https:\/\/conexionnacional.mx\/index.php\/2024\/12\/10\/la-boda-en-el-munal-y-la-renuncia-lo-que-sabemos-del-evento-diplomatico-que-simulo-martin-borrego\/#primaryimage"},"thumbnailUrl":"https:\/\/conexionnacional.mx\/wp-content\/uploads\/2024\/12\/ZL4ETUWDLRHR3K7GZ5YODGUDUY.avif","datePublished":"2024-12-10T16:33:24+00:00","dateModified":"2024-12-10T16:33:26+00:00","breadcrumb":{"@id":"https:\/\/conexionnacional.mx\/index.php\/2024\/12\/10\/la-boda-en-el-munal-y-la-renuncia-lo-que-sabemos-del-evento-diplomatico-que-simulo-martin-borrego\/#breadcrumb"},"inLanguage":"es","potentialAction":[{"@type":"ReadAction","target":["https:\/\/conexionnacional.mx\/index.php\/2024\/12\/10\/la-boda-en-el-munal-y-la-renuncia-lo-que-sabemos-del-evento-diplomatico-que-simulo-martin-borrego\/"]}]},{"@type":"ImageObject","inLanguage":"es","@id":"https:\/\/conexionnacional.mx\/index.php\/2024\/12\/10\/la-boda-en-el-munal-y-la-renuncia-lo-que-sabemos-del-evento-diplomatico-que-simulo-martin-borrego\/#primaryimage","url":"https:\/\/conexionnacional.mx\/wp-content\/uploads\/2024\/12\/ZL4ETUWDLRHR3K7GZ5YODGUDUY.avif","contentUrl":"https:\/\/conexionnacional.mx\/wp-content\/uploads\/2024\/12\/ZL4ETUWDLRHR3K7GZ5YODGUDUY.avif","width":1100,"height":666},{"@type":"BreadcrumbList","@id":"https:\/\/conexionnacional.mx\/index.php\/2024\/12\/10\/la-boda-en-el-munal-y-la-renuncia-lo-que-sabemos-del-evento-diplomatico-que-simulo-martin-borrego\/#breadcrumb","itemListElement":[{"@type":"ListItem","position":1,"name":"Inicio","item":"https:\/\/conexionnacional.mx\/"},{"@type":"ListItem","position":2,"name":"La boda en el MUNAL y la renuncia; lo que sabemos del evento diplom\u00e1tico que simul\u00f3 Mart\u00edn Borrego"}]},{"@type":"WebSite","@id":"https:\/\/conexionnacional.mx\/#website","url":"https:\/\/conexionnacional.mx\/","name":"Conexi\u00f3n Nacional","description":"Noticias al momento","publisher":{"@id":"https:\/\/conexionnacional.mx\/#organization"},"alternateName":"Noticias nacionales","potentialAction":[{"@type":"SearchAction","target":{"@type":"EntryPoint","urlTemplate":"https:\/\/conexionnacional.mx\/?s={search_term_string}"},"query-input":{"@type":"PropertyValueSpecification","valueRequired":true,"valueName":"search_term_string"}}],"inLanguage":"es"},{"@type":"Organization","@id":"https:\/\/conexionnacional.mx\/#organization","name":"Conexi\u00f3n Nacional","url":"https:\/\/conexionnacional.mx\/","logo":{"@type":"ImageObject","inLanguage":"es","@id":"https:\/\/conexionnacional.mx\/#\/schema\/logo\/image\/","url":"https:\/\/conexionnacional.mx\/wp-content\/uploads\/2022\/09\/conexion_nacional.png","contentUrl":"https:\/\/conexionnacional.mx\/wp-content\/uploads\/2022\/09\/conexion_nacional.png","width":2964,"height":1173,"caption":"Conexi\u00f3n Nacional"},"image":{"@id":"https:\/\/conexionnacional.mx\/#\/schema\/logo\/image\/"},"sameAs":["https:\/\/www.facebook.com\/cnmxradio"]},{"@type":"Person","@id":"https:\/\/conexionnacional.mx\/#\/schema\/person\/dd14aeda902120f5e0e021903fdb6931","name":"Conexi\u00f3n Nacional","image":{"@type":"ImageObject","inLanguage":"es","@id":"https:\/\/secure.gravatar.com\/avatar\/e523100f284110b2ecca7e17b2be9cf140a5e8f35294c9ec0543e6916cc1f9be?s=96&d=blank&r=g","url":"https:\/\/secure.gravatar.com\/avatar\/e523100f284110b2ecca7e17b2be9cf140a5e8f35294c9ec0543e6916cc1f9be?s=96&d=blank&r=g","contentUrl":"https:\/\/secure.gravatar.com\/avatar\/e523100f284110b2ecca7e17b2be9cf140a5e8f35294c9ec0543e6916cc1f9be?s=96&d=blank&r=g","caption":"Conexi\u00f3n Nacional"},"sameAs":["https:\/\/conexionnacional.mx"],"url":"https:\/\/conexionnacional.mx\/index.php\/author\/administrador\/"}]}},"_links":{"self":[{"href":"https:\/\/conexionnacional.mx\/index.php\/wp-json\/wp\/v2\/posts\/23028","targetHints":{"allow":["GET"]}}],"collection":[{"href":"https:\/\/conexionnacional.mx\/index.php\/wp-json\/wp\/v2\/posts"}],"about":[{"href":"https:\/\/conexionnacional.mx\/index.php\/wp-json\/wp\/v2\/types\/post"}],"author":[{"embeddable":true,"href":"https:\/\/conexionnacional.mx\/index.php\/wp-json\/wp\/v2\/users\/1"}],"replies":[{"embeddable":true,"href":"https:\/\/conexionnacional.mx\/index.php\/wp-json\/wp\/v2\/comments?post=23028"}],"version-history":[{"count":1,"href":"https:\/\/conexionnacional.mx\/index.php\/wp-json\/wp\/v2\/posts\/23028\/revisions"}],"predecessor-version":[{"id":23030,"href":"https:\/\/conexionnacional.mx\/index.php\/wp-json\/wp\/v2\/posts\/23028\/revisions\/23030"}],"wp:featuredmedia":[{"embeddable":true,"href":"https:\/\/conexionnacional.mx\/index.php\/wp-json\/wp\/v2\/media\/23029"}],"wp:attachment":[{"href":"https:\/\/conexionnacional.mx\/index.php\/wp-json\/wp\/v2\/media?parent=23028"}],"wp:term":[{"taxonomy":"category","embeddable":true,"href":"https:\/\/conexionnacional.mx\/index.php\/wp-json\/wp\/v2\/categories?post=23028"},{"taxonomy":"post_tag","embeddable":true,"href":"https:\/\/conexionnacional.mx\/index.php\/wp-json\/wp\/v2\/tags?post=23028"}],"curies":[{"name":"wp","href":"https:\/\/api.w.org\/{rel}","templated":true}]}}