{"id":23021,"date":"2024-12-09T18:05:16","date_gmt":"2024-12-10T00:05:16","guid":{"rendered":"https:\/\/conexionnacional.mx\/?p=23021"},"modified":"2024-12-09T18:05:18","modified_gmt":"2024-12-10T00:05:18","slug":"cartel-de-sinaloa-y-cjng-podrian-fusionarse-y-cambiar-su-nombre-montenegro","status":"publish","type":"post","link":"https:\/\/conexionnacional.mx\/index.php\/2024\/12\/09\/cartel-de-sinaloa-y-cjng-podrian-fusionarse-y-cambiar-su-nombre-montenegro\/","title":{"rendered":"C\u00e1rtel de Sinaloa y CJNG podr\u00edan fusionarse y cambiar su nombre: Montenegro"},"content":{"rendered":"\n<p>El periodista especializado en seguridad, Jos\u00e9 Luis Montenegro, apunt\u00f3 a que&nbsp;<strong>el C\u00e1rtel de Sinaloa y el C\u00e1rtel Jalisco Nueva Generaci\u00f3n (CJNG) van a fusionarse,<\/strong>&nbsp;pues trabajar juntos les dar\u00eda un ganar-ganar.<\/p>\n\n\n\n<p>\u201cYo dije, el Cartel Jalisco tiene que juntarse con \u2018Los Chapitos\u2019, que son, de alguna manera&nbsp;<strong>los m\u00e1s fuertes de la regi\u00f3n<\/strong>, y tener una convivencia para poder tener ese ganar-ganar entre ambos grupos, a pesar de que fue el Cartel Jalisco Nueva Generaci\u00f3n, de manera ir\u00f3nica, quien los secuestra en el a\u00f1o 2016 en el Bar la leche, entonces parecer\u00eda como inconexo, pero era parte de la caza\u201d, asever\u00f3 en<em>&nbsp;Aristegui En Vivo.<\/em><\/p>\n\n\n\n<p>Montenegro afirm\u00f3 que en su \u00faltimo libro,&nbsp;<em>\u2018Los Chapitos<\/em>\u2019, ya estaba apuntando sobre una alianza entre los hijos de \u2018El Chapo\u2019 Guzm\u00e1n y el C\u00e1rtel Jalisco Nueva Generaci\u00f3n, antes de que se diera la captura de Ismael \u2018El Mayo\u2019 Zambada.<\/p>\n\n\n\n<p>\u201cYo apunto a que la figura predominante del narcotr\u00e1fico mexicano se va a llamar<strong>&nbsp;Iv\u00e1n Archivaldo Guzm\u00e1n Salazar,<\/strong>&nbsp;\u00e9l va a quedar como el gran heredero del c\u00e1rtel por antonomasia, que ser\u00eda el de Sinaloa, pero probablemente le cambien el nombre: Cartel Sinaloa Nueva Generaci\u00f3n, Cartel Sinaloa-Jalisco, C\u00e1rtel del pac\u00edfico, algo as\u00ed va a pasar\u201d, explic\u00f3.<\/p>\n\n\n\n<p>Su \u00faltimo libro, el periodista se adentra en&nbsp;<strong>la vida \u00edntima de los hijos de Joaqu\u00edn \u2018El Chapo\u2019 Guzm\u00e1n:<\/strong>&nbsp;Ovidio Guzm\u00e1n L\u00f3pez, Joaqu\u00edn Guzm\u00e1n L\u00f3pez, Iv\u00e1n Archivaldo Guzm\u00e1n Salazar y Jes\u00fas Alfredo Guzm\u00e1n Salazar.<\/p>\n\n\n\n<p>\u201cEn este libro me adentro a las entra\u00f1as de la familia Guzm\u00e1n, revelo qui\u00e9nes son con nombre y apellido las personas que protegen esta red criminal, este andamiaje que opera no solamente en el estado de Sinaloa, sino en Durango, Baja California y&nbsp;<strong>muy recientemente en la Ciudad de M\u00e9xico<\/strong>\u201d, asever\u00f3.<\/p>\n\n\n\n<figure class=\"wp-block-embed is-type-video is-provider-youtube wp-block-embed-youtube wp-embed-aspect-16-9 wp-has-aspect-ratio\"><div class=\"wp-block-embed__wrapper\">\n<div class=\"jlvid_container \"><iframe title=\"Se est\u00e1 tejiendo una alianza entre el CJNG y Los Chapitos: Montenegro | Ent\u00e9rate\" width=\"1200\" height=\"675\" src=\"https:\/\/www.youtube.com\/embed\/6aMsDiXTSLM?feature=oembed\" frameborder=\"0\" allow=\"accelerometer; autoplay; clipboard-write; encrypted-media; gyroscope; picture-in-picture; web-share\" referrerpolicy=\"strict-origin-when-cross-origin\" allowfullscreen><\/iframe><\/div>\n<\/div><\/figure>\n\n\n\n<p>Adem\u00e1s, explic\u00f3 que en esta obra \u00e9l ya ve\u00eda el debilitamiento de&nbsp;<strong>La Mayiza<\/strong>&nbsp;y del&nbsp;<strong>C\u00e1rtel de Caborca.<\/strong><\/p>\n\n\n\n<p>\u201cVimos recientemente, hace unos meses el&nbsp;<strong>asesinato de uno de los sobrinos de Rafael Caro Quintero,<\/strong>&nbsp;justo en la Ciudad de M\u00e9xico, aqu\u00ed en Polanco, entonces yo ve\u00eda esa parte en la que Los Chapitos en alg\u00fan momento tendr\u00edan que aliarse como aquella federaci\u00f3n, como recordar\u00e1s por all\u00e1 de los a\u00f1os 2000, donde se juntaron todas las organizaciones para poder&nbsp;<strong>tener una paz narca<\/strong>&nbsp;y poder traficar droga\u201d, agreg\u00f3.<\/p>\n\n\n\n<p>El periodista especializado en seguridad dijo tambi\u00e9n que en algunas zonas de Sinaloa&nbsp;<strong>\u2018Los Chapitos\u2019 le van ganando a \u2018La Mayiza\u2019<\/strong>&nbsp;en la guerra que sostienen por el control del C\u00e1rtel de Sinaloa, tras la captura de Ismael \u2018El Mayo\u2019 Zambada.<\/p>\n\n\n\n<p>Asegur\u00f3 que la guerra no solo es por el control del C\u00e1rtel de Sinaloa, sino del propio estado, que representa&nbsp;<strong>quedarse con la marca de Sinaloa.<\/strong><\/p>\n\n\n\n<h2 class=\"wp-block-heading\">Ovidio Guzm\u00e1n vivi\u00f3 en CDMX tras \u2018Culiacanazo\u2019 y Harfuch no hizo nada para detenerlo: Montenegro<\/h2>\n\n\n\n<p>Por otro lado, el periodista especializado en seguridad, Jos\u00e9 Luis Montenegro, asegur\u00f3 que al menos en las \u00faltimas dos administraciones de gobierno, el&nbsp;<strong>C\u00e1rtel de Sinaloa se encuentra operando en la Ciudad de M\u00e9xico,<\/strong>&nbsp;adem\u00e1s, record\u00f3 que incluso&nbsp;<strong>Ovidio Guzm\u00e1n L\u00f3pez<\/strong>&nbsp;estuvo viviendo en la capital sin que fuera detenido.<\/p>\n\n\n\n<p>\u201cRecordemos que cuando Ovidio Guzm\u00e1n L\u00f3pez lo liberaron del primer Culiacanazo estuvo durante un largo periodo de tiempo viviendo la ciudad de M\u00e9xico, viv\u00eda en la zona sur, por donde nos encontramos, conviv\u00eda con amigos y familiares en las plazas como Parque Delta, entonces all\u00ed tambi\u00e9n el exsecretario de seguridad p\u00fablica, hoy secretario de seguridad federal,&nbsp;<strong>Omar Garc\u00eda Harfuch,<\/strong>&nbsp;no hizo absolutamente nada por detenerlo\u201d, a\u00f1adi\u00f3.<\/p>\n\n\n<div class=\"wp-block-image\">\n<figure class=\"aligncenter\"><a href=\"https:\/\/editorial.aristeguinoticias.com\/wp-content\/uploads\/2024\/07\/ovidio-guzman-2672024.jpg\"><img decoding=\"async\" src=\"data:image\/gif;base64,R0lGODlhAQABAAAAACH5BAEKAAEALAAAAAABAAEAAAICTAEAOw==\" data-src=\"https:\/\/editorial.aristeguinoticias.com\/wp-content\/uploads\/2024\/07\/ovidio-guzman-2672024-700x438.jpg\" alt=\"\" class=\"wp-image-1408699 lazyload\"\/><\/a><\/figure>\n<\/div>\n\n\n<p>Sostuvo que se le estuvo vigilando por meses y no lo capturaron, m\u00e1s bien se fueron contra&nbsp;<strong>personajes vinculados con la Uni\u00f3n Tepito y con el C\u00e1rtel Jalisco q<\/strong>ue quisieron atacar a Ovidio.<\/p>\n\n\n\n<p>\u201cHicieron operativos para incautar la droga, pero qui\u00e9n protege, tambi\u00e9n, a los hijos del Chapo, ese es otro caso interesante. Remidi\u00e9ndome a Omar Garc\u00eda Harfuch, que no hizo nada por mediar la estrategia de seguridad a nivel local\u201d, a\u00f1adi\u00f3.<\/p>\n\n\n\n<p>Mientras tanto, consider\u00f3 que el gobernador de Sinaloa, el morenista&nbsp;<strong>Rub\u00e9n Rocha Moya, podr\u00eda ser detenido si visita Estados Unidos,<\/strong>&nbsp;ante sus presuntos nexos con esa organizaci\u00f3n criminal.<\/p>\n\n\n\n<p>\u201cEl gobernador de Sinaloa, hoy d\u00eda, manteni\u00e9ndose en el cargo que deber\u00eda estar abierta una investigaci\u00f3n en contra de \u00e9l por sus nexos claros y simplemente la sospecha de que tuvo un indicio o un contubernio o una convivencia con el Cartel de Sinaloa,&nbsp;<strong>ya sea con El Mayo o Los Chupitos<\/strong>, representa que lo removieran del cargo, pero \u00e9l sigue ah\u00ed\u201d.<\/p>\n\n\n\n<p>\u201cS\u00ed \u00e9l quiere ir a Disney creo que va a tener que guardarse esas ganas porque en cuanto pise Estados Unidos es muy probable que lo capturen\u201d, agreg\u00f3.<\/p>\n\n\n\n<p>Sostuvo que la esfera pol\u00edtica le ha dado su respaldo para que no salga manchado, as\u00ed como que Morena no tenga este tinte de que&nbsp;<strong>tuvo financiamiento por parte de los c\u00e1rteles de la droga.<\/strong><\/p>\n\n\n\n<figure class=\"wp-block-embed is-type-video is-provider-youtube wp-block-embed-youtube wp-embed-aspect-16-9 wp-has-aspect-ratio\"><div class=\"wp-block-embed__wrapper\">\n<div class=\"jlvid_container \"><iframe title=\"Los Chapitos van ganando la guerra en zonas de Sinaloa: Montenegro\" width=\"1200\" height=\"675\" src=\"https:\/\/www.youtube.com\/embed\/ehW_V3mD4u8?feature=oembed\" frameborder=\"0\" allow=\"accelerometer; autoplay; clipboard-write; encrypted-media; gyroscope; picture-in-picture; web-share\" referrerpolicy=\"strict-origin-when-cross-origin\" allowfullscreen><\/iframe><\/div>\n<\/div><\/figure>\n","protected":false},"excerpt":{"rendered":"<p>El periodista especializado en seguridad, Jos\u00e9 Luis Montenegro, apunt\u00f3 a que&nbsp;el C\u00e1rtel de Sinaloa y el C\u00e1rtel Jalisco Nueva Generaci\u00f3n (CJNG) van a fusionarse,&nbsp;pues trabajar juntos les dar\u00eda un ganar-ganar. \u201cYo dije, el Cartel Jalisco tiene que juntarse con \u2018Los Chapitos\u2019, que son, de alguna manera&nbsp;los m\u00e1s fuertes de la regi\u00f3n, y tener una convivencia [&hellip;]<\/p>\n","protected":false},"author":1,"featured_media":23022,"comment_status":"closed","ping_status":"closed","sticky":false,"template":"","format":"aside","meta":{"googlesitekit_rrm_CAowytPeCw:productID":"","footnotes":""},"categories":[6894],"tags":[1550],"class_list":["post-23021","post","type-post","status-publish","format-aside","has-post-thumbnail","hentry","category-inseguridad","tag-cartel-de-sinaloa","post_format-post-format-aside"],"yoast_head":"<!-- This site is optimized with the Yoast SEO plugin v27.4 - https:\/\/yoast.com\/product\/yoast-seo-wordpress\/ -->\n<title>C\u00e1rtel de Sinaloa y CJNG podr\u00edan fusionarse y cambiar su nombre: Montenegro |<\/title>\n<meta name=\"robots\" content=\"index, follow, max-snippet:-1, max-image-preview:large, max-video-preview:-1\" \/>\n<link rel=\"canonical\" href=\"https:\/\/conexionnacional.mx\/index.php\/2024\/12\/09\/cartel-de-sinaloa-y-cjng-podrian-fusionarse-y-cambiar-su-nombre-montenegro\/\" \/>\n<meta property=\"og:locale\" content=\"es_MX\" \/>\n<meta property=\"og:type\" content=\"article\" \/>\n<meta property=\"og:title\" content=\"C\u00e1rtel de Sinaloa y CJNG podr\u00edan fusionarse y cambiar su nombre: Montenegro |\" \/>\n<meta property=\"og:description\" content=\"El periodista especializado en seguridad, Jos\u00e9 Luis Montenegro, apunt\u00f3 a que&nbsp;el C\u00e1rtel de Sinaloa y el C\u00e1rtel Jalisco Nueva Generaci\u00f3n (CJNG) van a fusionarse,&nbsp;pues trabajar juntos les dar\u00eda un ganar-ganar. \u201cYo dije, el Cartel Jalisco tiene que juntarse con \u2018Los Chapitos\u2019, que son, de alguna manera&nbsp;los m\u00e1s fuertes de la regi\u00f3n, y tener una convivencia [&hellip;]\" \/>\n<meta property=\"og:url\" content=\"https:\/\/conexionnacional.mx\/index.php\/2024\/12\/09\/cartel-de-sinaloa-y-cjng-podrian-fusionarse-y-cambiar-su-nombre-montenegro\/\" \/>\n<meta property=\"og:site_name\" content=\"Conexi\u00f3n Nacional\" \/>\n<meta property=\"article:publisher\" content=\"https:\/\/www.facebook.com\/cnmxradio\" \/>\n<meta property=\"article:published_time\" content=\"2024-12-10T00:05:16+00:00\" \/>\n<meta property=\"article:modified_time\" content=\"2024-12-10T00:05:18+00:00\" \/>\n<meta property=\"og:image\" content=\"https:\/\/conexionnacional.mx\/wp-content\/uploads\/2024\/12\/cartel-sinaloa-cjng-9122024.jpeg\" \/>\n\t<meta property=\"og:image:width\" content=\"1200\" \/>\n\t<meta property=\"og:image:height\" content=\"750\" \/>\n\t<meta property=\"og:image:type\" content=\"image\/jpeg\" \/>\n<meta name=\"author\" content=\"Conexi\u00f3n Nacional\" \/>\n<meta name=\"twitter:card\" content=\"summary_large_image\" \/>\n<meta name=\"twitter:label1\" content=\"Escrito por\" \/>\n\t<meta name=\"twitter:data1\" content=\"Conexi\u00f3n Nacional\" \/>\n\t<meta name=\"twitter:label2\" content=\"Tiempo de lectura\" \/>\n\t<meta name=\"twitter:data2\" content=\"5 minutos\" \/>\n<script type=\"application\/ld+json\" class=\"yoast-schema-graph\">{\"@context\":\"https:\\\/\\\/schema.org\",\"@graph\":[{\"@type\":\"Article\",\"@id\":\"https:\\\/\\\/conexionnacional.mx\\\/index.php\\\/2024\\\/12\\\/09\\\/cartel-de-sinaloa-y-cjng-podrian-fusionarse-y-cambiar-su-nombre-montenegro\\\/#article\",\"isPartOf\":{\"@id\":\"https:\\\/\\\/conexionnacional.mx\\\/index.php\\\/2024\\\/12\\\/09\\\/cartel-de-sinaloa-y-cjng-podrian-fusionarse-y-cambiar-su-nombre-montenegro\\\/\"},\"author\":{\"name\":\"Conexi\u00f3n Nacional\",\"@id\":\"https:\\\/\\\/conexionnacional.mx\\\/#\\\/schema\\\/person\\\/dd14aeda902120f5e0e021903fdb6931\"},\"headline\":\"C\u00e1rtel de Sinaloa y CJNG podr\u00edan fusionarse y cambiar su nombre: Montenegro\",\"datePublished\":\"2024-12-10T00:05:16+00:00\",\"dateModified\":\"2024-12-10T00:05:18+00:00\",\"mainEntityOfPage\":{\"@id\":\"https:\\\/\\\/conexionnacional.mx\\\/index.php\\\/2024\\\/12\\\/09\\\/cartel-de-sinaloa-y-cjng-podrian-fusionarse-y-cambiar-su-nombre-montenegro\\\/\"},\"wordCount\":933,\"publisher\":{\"@id\":\"https:\\\/\\\/conexionnacional.mx\\\/#organization\"},\"image\":{\"@id\":\"https:\\\/\\\/conexionnacional.mx\\\/index.php\\\/2024\\\/12\\\/09\\\/cartel-de-sinaloa-y-cjng-podrian-fusionarse-y-cambiar-su-nombre-montenegro\\\/#primaryimage\"},\"thumbnailUrl\":\"https:\\\/\\\/conexionnacional.mx\\\/wp-content\\\/uploads\\\/2024\\\/12\\\/cartel-sinaloa-cjng-9122024.jpeg\",\"keywords\":[\"C\u00e1rtel de Sinaloa\"],\"articleSection\":[\"Inseguridad\"],\"inLanguage\":\"es\"},{\"@type\":\"WebPage\",\"@id\":\"https:\\\/\\\/conexionnacional.mx\\\/index.php\\\/2024\\\/12\\\/09\\\/cartel-de-sinaloa-y-cjng-podrian-fusionarse-y-cambiar-su-nombre-montenegro\\\/\",\"url\":\"https:\\\/\\\/conexionnacional.mx\\\/index.php\\\/2024\\\/12\\\/09\\\/cartel-de-sinaloa-y-cjng-podrian-fusionarse-y-cambiar-su-nombre-montenegro\\\/\",\"name\":\"C\u00e1rtel de Sinaloa y CJNG podr\u00edan fusionarse y cambiar su nombre: Montenegro |\",\"isPartOf\":{\"@id\":\"https:\\\/\\\/conexionnacional.mx\\\/#website\"},\"primaryImageOfPage\":{\"@id\":\"https:\\\/\\\/conexionnacional.mx\\\/index.php\\\/2024\\\/12\\\/09\\\/cartel-de-sinaloa-y-cjng-podrian-fusionarse-y-cambiar-su-nombre-montenegro\\\/#primaryimage\"},\"image\":{\"@id\":\"https:\\\/\\\/conexionnacional.mx\\\/index.php\\\/2024\\\/12\\\/09\\\/cartel-de-sinaloa-y-cjng-podrian-fusionarse-y-cambiar-su-nombre-montenegro\\\/#primaryimage\"},\"thumbnailUrl\":\"https:\\\/\\\/conexionnacional.mx\\\/wp-content\\\/uploads\\\/2024\\\/12\\\/cartel-sinaloa-cjng-9122024.jpeg\",\"datePublished\":\"2024-12-10T00:05:16+00:00\",\"dateModified\":\"2024-12-10T00:05:18+00:00\",\"breadcrumb\":{\"@id\":\"https:\\\/\\\/conexionnacional.mx\\\/index.php\\\/2024\\\/12\\\/09\\\/cartel-de-sinaloa-y-cjng-podrian-fusionarse-y-cambiar-su-nombre-montenegro\\\/#breadcrumb\"},\"inLanguage\":\"es\",\"potentialAction\":[{\"@type\":\"ReadAction\",\"target\":[\"https:\\\/\\\/conexionnacional.mx\\\/index.php\\\/2024\\\/12\\\/09\\\/cartel-de-sinaloa-y-cjng-podrian-fusionarse-y-cambiar-su-nombre-montenegro\\\/\"]}]},{\"@type\":\"ImageObject\",\"inLanguage\":\"es\",\"@id\":\"https:\\\/\\\/conexionnacional.mx\\\/index.php\\\/2024\\\/12\\\/09\\\/cartel-de-sinaloa-y-cjng-podrian-fusionarse-y-cambiar-su-nombre-montenegro\\\/#primaryimage\",\"url\":\"https:\\\/\\\/conexionnacional.mx\\\/wp-content\\\/uploads\\\/2024\\\/12\\\/cartel-sinaloa-cjng-9122024.jpeg\",\"contentUrl\":\"https:\\\/\\\/conexionnacional.mx\\\/wp-content\\\/uploads\\\/2024\\\/12\\\/cartel-sinaloa-cjng-9122024.jpeg\",\"width\":1200,\"height\":750},{\"@type\":\"BreadcrumbList\",\"@id\":\"https:\\\/\\\/conexionnacional.mx\\\/index.php\\\/2024\\\/12\\\/09\\\/cartel-de-sinaloa-y-cjng-podrian-fusionarse-y-cambiar-su-nombre-montenegro\\\/#breadcrumb\",\"itemListElement\":[{\"@type\":\"ListItem\",\"position\":1,\"name\":\"Inicio\",\"item\":\"https:\\\/\\\/conexionnacional.mx\\\/\"},{\"@type\":\"ListItem\",\"position\":2,\"name\":\"C\u00e1rtel de Sinaloa y CJNG podr\u00edan fusionarse y cambiar su nombre: Montenegro\"}]},{\"@type\":\"WebSite\",\"@id\":\"https:\\\/\\\/conexionnacional.mx\\\/#website\",\"url\":\"https:\\\/\\\/conexionnacional.mx\\\/\",\"name\":\"Conexi\u00f3n Nacional\",\"description\":\"Noticias al momento\",\"publisher\":{\"@id\":\"https:\\\/\\\/conexionnacional.mx\\\/#organization\"},\"alternateName\":\"Noticias nacionales\",\"potentialAction\":[{\"@type\":\"SearchAction\",\"target\":{\"@type\":\"EntryPoint\",\"urlTemplate\":\"https:\\\/\\\/conexionnacional.mx\\\/?s={search_term_string}\"},\"query-input\":{\"@type\":\"PropertyValueSpecification\",\"valueRequired\":true,\"valueName\":\"search_term_string\"}}],\"inLanguage\":\"es\"},{\"@type\":\"Organization\",\"@id\":\"https:\\\/\\\/conexionnacional.mx\\\/#organization\",\"name\":\"Conexi\u00f3n Nacional\",\"url\":\"https:\\\/\\\/conexionnacional.mx\\\/\",\"logo\":{\"@type\":\"ImageObject\",\"inLanguage\":\"es\",\"@id\":\"https:\\\/\\\/conexionnacional.mx\\\/#\\\/schema\\\/logo\\\/image\\\/\",\"url\":\"https:\\\/\\\/conexionnacional.mx\\\/wp-content\\\/uploads\\\/2022\\\/09\\\/conexion_nacional.png\",\"contentUrl\":\"https:\\\/\\\/conexionnacional.mx\\\/wp-content\\\/uploads\\\/2022\\\/09\\\/conexion_nacional.png\",\"width\":2964,\"height\":1173,\"caption\":\"Conexi\u00f3n Nacional\"},\"image\":{\"@id\":\"https:\\\/\\\/conexionnacional.mx\\\/#\\\/schema\\\/logo\\\/image\\\/\"},\"sameAs\":[\"https:\\\/\\\/www.facebook.com\\\/cnmxradio\"]},{\"@type\":\"Person\",\"@id\":\"https:\\\/\\\/conexionnacional.mx\\\/#\\\/schema\\\/person\\\/dd14aeda902120f5e0e021903fdb6931\",\"name\":\"Conexi\u00f3n Nacional\",\"image\":{\"@type\":\"ImageObject\",\"inLanguage\":\"es\",\"@id\":\"https:\\\/\\\/secure.gravatar.com\\\/avatar\\\/e523100f284110b2ecca7e17b2be9cf140a5e8f35294c9ec0543e6916cc1f9be?s=96&d=blank&r=g\",\"url\":\"https:\\\/\\\/secure.gravatar.com\\\/avatar\\\/e523100f284110b2ecca7e17b2be9cf140a5e8f35294c9ec0543e6916cc1f9be?s=96&d=blank&r=g\",\"contentUrl\":\"https:\\\/\\\/secure.gravatar.com\\\/avatar\\\/e523100f284110b2ecca7e17b2be9cf140a5e8f35294c9ec0543e6916cc1f9be?s=96&d=blank&r=g\",\"caption\":\"Conexi\u00f3n Nacional\"},\"sameAs\":[\"https:\\\/\\\/conexionnacional.mx\"],\"url\":\"https:\\\/\\\/conexionnacional.mx\\\/index.php\\\/author\\\/administrador\\\/\"}]}<\/script>\n<!-- \/ Yoast SEO plugin. -->","yoast_head_json":{"title":"C\u00e1rtel de Sinaloa y CJNG podr\u00edan fusionarse y cambiar su nombre: Montenegro |","robots":{"index":"index","follow":"follow","max-snippet":"max-snippet:-1","max-image-preview":"max-image-preview:large","max-video-preview":"max-video-preview:-1"},"canonical":"https:\/\/conexionnacional.mx\/index.php\/2024\/12\/09\/cartel-de-sinaloa-y-cjng-podrian-fusionarse-y-cambiar-su-nombre-montenegro\/","og_locale":"es_MX","og_type":"article","og_title":"C\u00e1rtel de Sinaloa y CJNG podr\u00edan fusionarse y cambiar su nombre: Montenegro |","og_description":"El periodista especializado en seguridad, Jos\u00e9 Luis Montenegro, apunt\u00f3 a que&nbsp;el C\u00e1rtel de Sinaloa y el C\u00e1rtel Jalisco Nueva Generaci\u00f3n (CJNG) van a fusionarse,&nbsp;pues trabajar juntos les dar\u00eda un ganar-ganar. \u201cYo dije, el Cartel Jalisco tiene que juntarse con \u2018Los Chapitos\u2019, que son, de alguna manera&nbsp;los m\u00e1s fuertes de la regi\u00f3n, y tener una convivencia [&hellip;]","og_url":"https:\/\/conexionnacional.mx\/index.php\/2024\/12\/09\/cartel-de-sinaloa-y-cjng-podrian-fusionarse-y-cambiar-su-nombre-montenegro\/","og_site_name":"Conexi\u00f3n Nacional","article_publisher":"https:\/\/www.facebook.com\/cnmxradio","article_published_time":"2024-12-10T00:05:16+00:00","article_modified_time":"2024-12-10T00:05:18+00:00","og_image":[{"width":1200,"height":750,"url":"https:\/\/conexionnacional.mx\/wp-content\/uploads\/2024\/12\/cartel-sinaloa-cjng-9122024.jpeg","type":"image\/jpeg"}],"author":"Conexi\u00f3n Nacional","twitter_card":"summary_large_image","twitter_misc":{"Escrito por":"Conexi\u00f3n Nacional","Tiempo de lectura":"5 minutos"},"schema":{"@context":"https:\/\/schema.org","@graph":[{"@type":"Article","@id":"https:\/\/conexionnacional.mx\/index.php\/2024\/12\/09\/cartel-de-sinaloa-y-cjng-podrian-fusionarse-y-cambiar-su-nombre-montenegro\/#article","isPartOf":{"@id":"https:\/\/conexionnacional.mx\/index.php\/2024\/12\/09\/cartel-de-sinaloa-y-cjng-podrian-fusionarse-y-cambiar-su-nombre-montenegro\/"},"author":{"name":"Conexi\u00f3n Nacional","@id":"https:\/\/conexionnacional.mx\/#\/schema\/person\/dd14aeda902120f5e0e021903fdb6931"},"headline":"C\u00e1rtel de Sinaloa y CJNG podr\u00edan fusionarse y cambiar su nombre: Montenegro","datePublished":"2024-12-10T00:05:16+00:00","dateModified":"2024-12-10T00:05:18+00:00","mainEntityOfPage":{"@id":"https:\/\/conexionnacional.mx\/index.php\/2024\/12\/09\/cartel-de-sinaloa-y-cjng-podrian-fusionarse-y-cambiar-su-nombre-montenegro\/"},"wordCount":933,"publisher":{"@id":"https:\/\/conexionnacional.mx\/#organization"},"image":{"@id":"https:\/\/conexionnacional.mx\/index.php\/2024\/12\/09\/cartel-de-sinaloa-y-cjng-podrian-fusionarse-y-cambiar-su-nombre-montenegro\/#primaryimage"},"thumbnailUrl":"https:\/\/conexionnacional.mx\/wp-content\/uploads\/2024\/12\/cartel-sinaloa-cjng-9122024.jpeg","keywords":["C\u00e1rtel de Sinaloa"],"articleSection":["Inseguridad"],"inLanguage":"es"},{"@type":"WebPage","@id":"https:\/\/conexionnacional.mx\/index.php\/2024\/12\/09\/cartel-de-sinaloa-y-cjng-podrian-fusionarse-y-cambiar-su-nombre-montenegro\/","url":"https:\/\/conexionnacional.mx\/index.php\/2024\/12\/09\/cartel-de-sinaloa-y-cjng-podrian-fusionarse-y-cambiar-su-nombre-montenegro\/","name":"C\u00e1rtel de Sinaloa y CJNG podr\u00edan fusionarse y cambiar su nombre: Montenegro |","isPartOf":{"@id":"https:\/\/conexionnacional.mx\/#website"},"primaryImageOfPage":{"@id":"https:\/\/conexionnacional.mx\/index.php\/2024\/12\/09\/cartel-de-sinaloa-y-cjng-podrian-fusionarse-y-cambiar-su-nombre-montenegro\/#primaryimage"},"image":{"@id":"https:\/\/conexionnacional.mx\/index.php\/2024\/12\/09\/cartel-de-sinaloa-y-cjng-podrian-fusionarse-y-cambiar-su-nombre-montenegro\/#primaryimage"},"thumbnailUrl":"https:\/\/conexionnacional.mx\/wp-content\/uploads\/2024\/12\/cartel-sinaloa-cjng-9122024.jpeg","datePublished":"2024-12-10T00:05:16+00:00","dateModified":"2024-12-10T00:05:18+00:00","breadcrumb":{"@id":"https:\/\/conexionnacional.mx\/index.php\/2024\/12\/09\/cartel-de-sinaloa-y-cjng-podrian-fusionarse-y-cambiar-su-nombre-montenegro\/#breadcrumb"},"inLanguage":"es","potentialAction":[{"@type":"ReadAction","target":["https:\/\/conexionnacional.mx\/index.php\/2024\/12\/09\/cartel-de-sinaloa-y-cjng-podrian-fusionarse-y-cambiar-su-nombre-montenegro\/"]}]},{"@type":"ImageObject","inLanguage":"es","@id":"https:\/\/conexionnacional.mx\/index.php\/2024\/12\/09\/cartel-de-sinaloa-y-cjng-podrian-fusionarse-y-cambiar-su-nombre-montenegro\/#primaryimage","url":"https:\/\/conexionnacional.mx\/wp-content\/uploads\/2024\/12\/cartel-sinaloa-cjng-9122024.jpeg","contentUrl":"https:\/\/conexionnacional.mx\/wp-content\/uploads\/2024\/12\/cartel-sinaloa-cjng-9122024.jpeg","width":1200,"height":750},{"@type":"BreadcrumbList","@id":"https:\/\/conexionnacional.mx\/index.php\/2024\/12\/09\/cartel-de-sinaloa-y-cjng-podrian-fusionarse-y-cambiar-su-nombre-montenegro\/#breadcrumb","itemListElement":[{"@type":"ListItem","position":1,"name":"Inicio","item":"https:\/\/conexionnacional.mx\/"},{"@type":"ListItem","position":2,"name":"C\u00e1rtel de Sinaloa y CJNG podr\u00edan fusionarse y cambiar su nombre: Montenegro"}]},{"@type":"WebSite","@id":"https:\/\/conexionnacional.mx\/#website","url":"https:\/\/conexionnacional.mx\/","name":"Conexi\u00f3n Nacional","description":"Noticias al momento","publisher":{"@id":"https:\/\/conexionnacional.mx\/#organization"},"alternateName":"Noticias nacionales","potentialAction":[{"@type":"SearchAction","target":{"@type":"EntryPoint","urlTemplate":"https:\/\/conexionnacional.mx\/?s={search_term_string}"},"query-input":{"@type":"PropertyValueSpecification","valueRequired":true,"valueName":"search_term_string"}}],"inLanguage":"es"},{"@type":"Organization","@id":"https:\/\/conexionnacional.mx\/#organization","name":"Conexi\u00f3n Nacional","url":"https:\/\/conexionnacional.mx\/","logo":{"@type":"ImageObject","inLanguage":"es","@id":"https:\/\/conexionnacional.mx\/#\/schema\/logo\/image\/","url":"https:\/\/conexionnacional.mx\/wp-content\/uploads\/2022\/09\/conexion_nacional.png","contentUrl":"https:\/\/conexionnacional.mx\/wp-content\/uploads\/2022\/09\/conexion_nacional.png","width":2964,"height":1173,"caption":"Conexi\u00f3n Nacional"},"image":{"@id":"https:\/\/conexionnacional.mx\/#\/schema\/logo\/image\/"},"sameAs":["https:\/\/www.facebook.com\/cnmxradio"]},{"@type":"Person","@id":"https:\/\/conexionnacional.mx\/#\/schema\/person\/dd14aeda902120f5e0e021903fdb6931","name":"Conexi\u00f3n Nacional","image":{"@type":"ImageObject","inLanguage":"es","@id":"https:\/\/secure.gravatar.com\/avatar\/e523100f284110b2ecca7e17b2be9cf140a5e8f35294c9ec0543e6916cc1f9be?s=96&d=blank&r=g","url":"https:\/\/secure.gravatar.com\/avatar\/e523100f284110b2ecca7e17b2be9cf140a5e8f35294c9ec0543e6916cc1f9be?s=96&d=blank&r=g","contentUrl":"https:\/\/secure.gravatar.com\/avatar\/e523100f284110b2ecca7e17b2be9cf140a5e8f35294c9ec0543e6916cc1f9be?s=96&d=blank&r=g","caption":"Conexi\u00f3n Nacional"},"sameAs":["https:\/\/conexionnacional.mx"],"url":"https:\/\/conexionnacional.mx\/index.php\/author\/administrador\/"}]}},"_links":{"self":[{"href":"https:\/\/conexionnacional.mx\/index.php\/wp-json\/wp\/v2\/posts\/23021","targetHints":{"allow":["GET"]}}],"collection":[{"href":"https:\/\/conexionnacional.mx\/index.php\/wp-json\/wp\/v2\/posts"}],"about":[{"href":"https:\/\/conexionnacional.mx\/index.php\/wp-json\/wp\/v2\/types\/post"}],"author":[{"embeddable":true,"href":"https:\/\/conexionnacional.mx\/index.php\/wp-json\/wp\/v2\/users\/1"}],"replies":[{"embeddable":true,"href":"https:\/\/conexionnacional.mx\/index.php\/wp-json\/wp\/v2\/comments?post=23021"}],"version-history":[{"count":1,"href":"https:\/\/conexionnacional.mx\/index.php\/wp-json\/wp\/v2\/posts\/23021\/revisions"}],"predecessor-version":[{"id":23023,"href":"https:\/\/conexionnacional.mx\/index.php\/wp-json\/wp\/v2\/posts\/23021\/revisions\/23023"}],"wp:featuredmedia":[{"embeddable":true,"href":"https:\/\/conexionnacional.mx\/index.php\/wp-json\/wp\/v2\/media\/23022"}],"wp:attachment":[{"href":"https:\/\/conexionnacional.mx\/index.php\/wp-json\/wp\/v2\/media?parent=23021"}],"wp:term":[{"taxonomy":"category","embeddable":true,"href":"https:\/\/conexionnacional.mx\/index.php\/wp-json\/wp\/v2\/categories?post=23021"},{"taxonomy":"post_tag","embeddable":true,"href":"https:\/\/conexionnacional.mx\/index.php\/wp-json\/wp\/v2\/tags?post=23021"}],"curies":[{"name":"wp","href":"https:\/\/api.w.org\/{rel}","templated":true}]}}