{"id":23015,"date":"2024-12-09T17:58:06","date_gmt":"2024-12-09T23:58:06","guid":{"rendered":"https:\/\/conexionnacional.mx\/?p=23015"},"modified":"2024-12-09T17:58:08","modified_gmt":"2024-12-09T23:58:08","slug":"liga-mx-ya-hay-fechas-y-horarios-para-la-final-de-la-apertura-2024","status":"publish","type":"post","link":"https:\/\/conexionnacional.mx\/index.php\/2024\/12\/09\/liga-mx-ya-hay-fechas-y-horarios-para-la-final-de-la-apertura-2024\/","title":{"rendered":"Liga MX: \u00a1Ya hay fechas y horarios para la Final de la Apertura 2024!"},"content":{"rendered":"\n<p>La<strong>&nbsp;Liga MX dio a conocer las fechas y horarios oficiales&nbsp;<\/strong>de la&nbsp;<strong>Final&nbsp;<\/strong>del torneo&nbsp;<strong>Apertura 2024<\/strong>&nbsp;entre&nbsp;<strong>Rayados de Monterrey y Am\u00e9rica<\/strong>, manteni\u00e9ndose fieles a su costumbre de&nbsp;<strong>terminar el torneo en un domingo del mes de diciembre<\/strong>, conoce&nbsp;<strong>cu\u00e1ndo se jugar\u00e1n los partidos<\/strong>&nbsp;y en qu\u00e9&nbsp;<strong>canales de TV<\/strong>&nbsp;poder ver ambos juegos.<\/p>\n\n\n\n<h2 class=\"wp-block-heading\"><strong>\u00bfC\u00d3MO LLEGARON A LA FINAL DE LA APERTURA 2024?<\/strong><\/h2>\n\n\n\n<p>Los&nbsp;<strong>Rayados de Monterrey dejaron en el camino a los Pumas de la UNAM<\/strong>&nbsp;en los<strong>&nbsp;cuartos de final&nbsp;<\/strong>del certamen, para posteriormente<strong>&nbsp;dar cuenta de un sorprendente Atl\u00e9tico de San Luis<\/strong>&nbsp;en las&nbsp;<strong>semifinales<\/strong>, haciendo valer<strong>&nbsp;su condici\u00f3n de local en las dos series disputadas<\/strong>, algo que tratar\u00e1n de aprovechar tambi\u00e9n en la&nbsp;<strong>Final<\/strong>, tomando en cuenta que<strong>&nbsp;cerrar\u00e1n en casa<\/strong>.<\/p>\n\n\n\n<figure class=\"wp-block-image\"><img decoding=\"async\" src=\"data:image\/gif;base64,R0lGODlhAQABAAAAACH5BAEKAAEALAAAAAABAAEAAAICTAEAOw==\" data-src=\"https:\/\/www.excelsior.com.mx\/media\/styles\/imagen-embed-nota\/public\/inside-the-note\/pictures\/2024\/12\/09\/final-apertura-2024-monterrey-america-091224.jpg\" alt=\"Kevin \u00c1lvarez y Oliver Torres tras el bal\u00f3n. (Mexsport)\" class=\"lazyload\" title=\"Kevin \u00c1lvarez y Oliver Torres tras el bal\u00f3n. (Mexsport)\"\/><\/figure>\n\n\n\n<p>El&nbsp;<strong>conjunto del Am\u00e9rica se impuso sobre Xolos de Tijuana<\/strong>&nbsp;en el&nbsp;<strong>Play-In&nbsp;<\/strong>para conseguir su boleto a la Liguilla, ah\u00ed<strong>&nbsp;dio cuenta de los Diablos Rojos del Toluca en cuartos de final<\/strong>&nbsp;y&nbsp;<strong>tambi\u00e9n del superl\u00edder Cruz Azul en las semifinales<\/strong>, con su dosis de pol\u00e9mica, para tener la&nbsp;<strong>opci\u00f3n de conquistar el tricampeonato de la Liga MX<\/strong>, aunque ahora disputar\u00e1 la&nbsp;<strong>ida de la Final en Puebla<\/strong>.<\/p>\n\n\n\n<h2 class=\"wp-block-heading\"><strong>PARTIDO DE IDA DE LA FINAL<\/strong><\/h2>\n\n\n\n<p><em><strong>Am\u00e9rica vs Rayados de Monterrey<\/strong><\/em><br>Fecha: jueves 12 de diciembre<br>Sede: Estadio Cuauht\u00e9moc, Puebla<br>Horario: 20:00 horas<br>Canales de TV: Canal 5 y Azteca 7<\/p>\n\n\n\n<figure class=\"wp-block-embed is-type-rich is-provider-twitter wp-block-embed-twitter\"><div class=\"wp-block-embed__wrapper\">\n<blockquote class=\"twitter-tweet\" data-width=\"550\" data-dnt=\"true\"><p lang=\"es\" dir=\"ltr\">\ud83d\udea8 \u00a1ATENCI\u00d3N, ATENCI\u00d3N! \ud83d\udea8<br><br>\u00a1Tenemos horarios para la Gran Final de <a href=\"https:\/\/twitter.com\/hashtag\/NuestraFiesta?src=hash&amp;ref_src=twsrc%5Etfw\">#NuestraFiesta<\/a>! \u00bfQui\u00e9n ser\u00e1 el campe\u00f3n? \ud83c\udfc6<br><br>\u00a1Reg\u00edstrate ahora en <a href=\"https:\/\/twitter.com\/calientesports?ref_src=twsrc%5Etfw\">@calientesports<\/a> y RECIBE $1,000 DE REGALO para comenzar a apostar! \ud83d\udcf2  Da clic aqu\u00ed: <a href=\"https:\/\/t.co\/pBHvigM6CT\">https:\/\/t.co\/pBHvigM6CT<\/a> \ud83d\udd25<a href=\"https:\/\/twitter.com\/hashtag\/M%C3%A1sAcci%C3%B3nM%C3%A1sDiversi%C3%B3n?src=hash&amp;ref_src=twsrc%5Etfw\">#M\u00e1sAcci\u00f3nM\u00e1sDiversi\u00f3n<\/a> <a href=\"https:\/\/t.co\/RV8YqPQyfL\">pic.twitter.com\/RV8YqPQyfL<\/a><\/p>&mdash; Liga BBVA MX (@LigaBBVAMX) <a href=\"https:\/\/twitter.com\/LigaBBVAMX\/status\/1866191144830263669?ref_src=twsrc%5Etfw\">December 9, 2024<\/a><\/blockquote><script async src=\"https:\/\/platform.twitter.com\/widgets.js\" charset=\"utf-8\"><\/script>\n<\/div><\/figure>\n\n\n\n<h2 class=\"wp-block-heading\"><strong>PARTIDO DE VUELTA DE LA FINAL<\/strong><\/h2>\n\n\n\n<p><em><strong>Rayados de Monterrey vs Am\u00e9rica<\/strong><\/em><br>Fecha: domingo 15 de diciembre<br>Sede: Estadio BBVA, Guadalupe, Nuevo Le\u00f3n<br>Horario: 19:00 horas<br>Canales de TV: Canal 5 y Azteca 7<\/p>\n\n\n\n<p><\/p>\n","protected":false},"excerpt":{"rendered":"<p>La&nbsp;Liga MX dio a conocer las fechas y horarios oficiales&nbsp;de la&nbsp;Final&nbsp;del torneo&nbsp;Apertura 2024&nbsp;entre&nbsp;Rayados de Monterrey y Am\u00e9rica, manteni\u00e9ndose fieles a su costumbre de&nbsp;terminar el torneo en un domingo del mes de diciembre, conoce&nbsp;cu\u00e1ndo se jugar\u00e1n los partidos&nbsp;y en qu\u00e9&nbsp;canales de TV&nbsp;poder ver ambos juegos. \u00bfC\u00d3MO LLEGARON A LA FINAL DE LA APERTURA 2024? Los&nbsp;Rayados de [&hellip;]<\/p>\n","protected":false},"author":1,"featured_media":23016,"comment_status":"closed","ping_status":"closed","sticky":false,"template":"","format":"aside","meta":{"googlesitekit_rrm_CAowytPeCw:productID":"","footnotes":""},"categories":[19],"tags":[3932],"class_list":["post-23015","post","type-post","status-publish","format-aside","has-post-thumbnail","hentry","category-deportes","tag-liga-mx","post_format-post-format-aside"],"yoast_head":"<!-- This site is optimized with the Yoast SEO plugin v27.4 - https:\/\/yoast.com\/product\/yoast-seo-wordpress\/ -->\n<title>Liga MX: \u00a1Ya hay fechas y horarios para la Final de la Apertura 2024! |<\/title>\n<meta name=\"robots\" content=\"index, follow, max-snippet:-1, max-image-preview:large, max-video-preview:-1\" \/>\n<link rel=\"canonical\" href=\"https:\/\/conexionnacional.mx\/index.php\/2024\/12\/09\/liga-mx-ya-hay-fechas-y-horarios-para-la-final-de-la-apertura-2024\/\" \/>\n<meta property=\"og:locale\" content=\"es_MX\" \/>\n<meta property=\"og:type\" content=\"article\" \/>\n<meta property=\"og:title\" content=\"Liga MX: \u00a1Ya hay fechas y horarios para la Final de la Apertura 2024! |\" \/>\n<meta property=\"og:description\" content=\"La&nbsp;Liga MX dio a conocer las fechas y horarios oficiales&nbsp;de la&nbsp;Final&nbsp;del torneo&nbsp;Apertura 2024&nbsp;entre&nbsp;Rayados de Monterrey y Am\u00e9rica, manteni\u00e9ndose fieles a su costumbre de&nbsp;terminar el torneo en un domingo del mes de diciembre, conoce&nbsp;cu\u00e1ndo se jugar\u00e1n los partidos&nbsp;y en qu\u00e9&nbsp;canales de TV&nbsp;poder ver ambos juegos. \u00bfC\u00d3MO LLEGARON A LA FINAL DE LA APERTURA 2024? Los&nbsp;Rayados de [&hellip;]\" \/>\n<meta property=\"og:url\" content=\"https:\/\/conexionnacional.mx\/index.php\/2024\/12\/09\/liga-mx-ya-hay-fechas-y-horarios-para-la-final-de-la-apertura-2024\/\" \/>\n<meta property=\"og:site_name\" content=\"Conexi\u00f3n Nacional\" \/>\n<meta property=\"article:publisher\" content=\"https:\/\/www.facebook.com\/cnmxradio\" \/>\n<meta property=\"article:published_time\" content=\"2024-12-09T23:58:06+00:00\" \/>\n<meta property=\"article:modified_time\" content=\"2024-12-09T23:58:08+00:00\" \/>\n<meta property=\"og:image\" content=\"https:\/\/conexionnacional.mx\/wp-content\/uploads\/2024\/12\/3225580.jpg\" \/>\n\t<meta property=\"og:image:width\" content=\"1200\" \/>\n\t<meta property=\"og:image:height\" content=\"900\" \/>\n\t<meta property=\"og:image:type\" content=\"image\/jpeg\" \/>\n<meta name=\"author\" content=\"Conexi\u00f3n Nacional\" \/>\n<meta name=\"twitter:card\" content=\"summary_large_image\" \/>\n<meta name=\"twitter:label1\" content=\"Escrito por\" \/>\n\t<meta name=\"twitter:data1\" content=\"Conexi\u00f3n Nacional\" \/>\n\t<meta name=\"twitter:label2\" content=\"Tiempo de lectura\" \/>\n\t<meta name=\"twitter:data2\" content=\"2 minutos\" \/>\n<script type=\"application\/ld+json\" class=\"yoast-schema-graph\">{\"@context\":\"https:\\\/\\\/schema.org\",\"@graph\":[{\"@type\":\"Article\",\"@id\":\"https:\\\/\\\/conexionnacional.mx\\\/index.php\\\/2024\\\/12\\\/09\\\/liga-mx-ya-hay-fechas-y-horarios-para-la-final-de-la-apertura-2024\\\/#article\",\"isPartOf\":{\"@id\":\"https:\\\/\\\/conexionnacional.mx\\\/index.php\\\/2024\\\/12\\\/09\\\/liga-mx-ya-hay-fechas-y-horarios-para-la-final-de-la-apertura-2024\\\/\"},\"author\":{\"name\":\"Conexi\u00f3n Nacional\",\"@id\":\"https:\\\/\\\/conexionnacional.mx\\\/#\\\/schema\\\/person\\\/dd14aeda902120f5e0e021903fdb6931\"},\"headline\":\"Liga MX: \u00a1Ya hay fechas y horarios para la Final de la Apertura 2024!\",\"datePublished\":\"2024-12-09T23:58:06+00:00\",\"dateModified\":\"2024-12-09T23:58:08+00:00\",\"mainEntityOfPage\":{\"@id\":\"https:\\\/\\\/conexionnacional.mx\\\/index.php\\\/2024\\\/12\\\/09\\\/liga-mx-ya-hay-fechas-y-horarios-para-la-final-de-la-apertura-2024\\\/\"},\"wordCount\":346,\"publisher\":{\"@id\":\"https:\\\/\\\/conexionnacional.mx\\\/#organization\"},\"image\":{\"@id\":\"https:\\\/\\\/conexionnacional.mx\\\/index.php\\\/2024\\\/12\\\/09\\\/liga-mx-ya-hay-fechas-y-horarios-para-la-final-de-la-apertura-2024\\\/#primaryimage\"},\"thumbnailUrl\":\"https:\\\/\\\/conexionnacional.mx\\\/wp-content\\\/uploads\\\/2024\\\/12\\\/3225580.jpg\",\"keywords\":[\"Liga MX\"],\"articleSection\":[\"Deportes\"],\"inLanguage\":\"es\"},{\"@type\":\"WebPage\",\"@id\":\"https:\\\/\\\/conexionnacional.mx\\\/index.php\\\/2024\\\/12\\\/09\\\/liga-mx-ya-hay-fechas-y-horarios-para-la-final-de-la-apertura-2024\\\/\",\"url\":\"https:\\\/\\\/conexionnacional.mx\\\/index.php\\\/2024\\\/12\\\/09\\\/liga-mx-ya-hay-fechas-y-horarios-para-la-final-de-la-apertura-2024\\\/\",\"name\":\"Liga MX: \u00a1Ya hay fechas y horarios para la Final de la Apertura 2024! |\",\"isPartOf\":{\"@id\":\"https:\\\/\\\/conexionnacional.mx\\\/#website\"},\"primaryImageOfPage\":{\"@id\":\"https:\\\/\\\/conexionnacional.mx\\\/index.php\\\/2024\\\/12\\\/09\\\/liga-mx-ya-hay-fechas-y-horarios-para-la-final-de-la-apertura-2024\\\/#primaryimage\"},\"image\":{\"@id\":\"https:\\\/\\\/conexionnacional.mx\\\/index.php\\\/2024\\\/12\\\/09\\\/liga-mx-ya-hay-fechas-y-horarios-para-la-final-de-la-apertura-2024\\\/#primaryimage\"},\"thumbnailUrl\":\"https:\\\/\\\/conexionnacional.mx\\\/wp-content\\\/uploads\\\/2024\\\/12\\\/3225580.jpg\",\"datePublished\":\"2024-12-09T23:58:06+00:00\",\"dateModified\":\"2024-12-09T23:58:08+00:00\",\"breadcrumb\":{\"@id\":\"https:\\\/\\\/conexionnacional.mx\\\/index.php\\\/2024\\\/12\\\/09\\\/liga-mx-ya-hay-fechas-y-horarios-para-la-final-de-la-apertura-2024\\\/#breadcrumb\"},\"inLanguage\":\"es\",\"potentialAction\":[{\"@type\":\"ReadAction\",\"target\":[\"https:\\\/\\\/conexionnacional.mx\\\/index.php\\\/2024\\\/12\\\/09\\\/liga-mx-ya-hay-fechas-y-horarios-para-la-final-de-la-apertura-2024\\\/\"]}]},{\"@type\":\"ImageObject\",\"inLanguage\":\"es\",\"@id\":\"https:\\\/\\\/conexionnacional.mx\\\/index.php\\\/2024\\\/12\\\/09\\\/liga-mx-ya-hay-fechas-y-horarios-para-la-final-de-la-apertura-2024\\\/#primaryimage\",\"url\":\"https:\\\/\\\/conexionnacional.mx\\\/wp-content\\\/uploads\\\/2024\\\/12\\\/3225580.jpg\",\"contentUrl\":\"https:\\\/\\\/conexionnacional.mx\\\/wp-content\\\/uploads\\\/2024\\\/12\\\/3225580.jpg\",\"width\":1200,\"height\":900},{\"@type\":\"BreadcrumbList\",\"@id\":\"https:\\\/\\\/conexionnacional.mx\\\/index.php\\\/2024\\\/12\\\/09\\\/liga-mx-ya-hay-fechas-y-horarios-para-la-final-de-la-apertura-2024\\\/#breadcrumb\",\"itemListElement\":[{\"@type\":\"ListItem\",\"position\":1,\"name\":\"Inicio\",\"item\":\"https:\\\/\\\/conexionnacional.mx\\\/\"},{\"@type\":\"ListItem\",\"position\":2,\"name\":\"Liga MX: \u00a1Ya hay fechas y horarios para la Final de la Apertura 2024!\"}]},{\"@type\":\"WebSite\",\"@id\":\"https:\\\/\\\/conexionnacional.mx\\\/#website\",\"url\":\"https:\\\/\\\/conexionnacional.mx\\\/\",\"name\":\"Conexi\u00f3n Nacional\",\"description\":\"Noticias al momento\",\"publisher\":{\"@id\":\"https:\\\/\\\/conexionnacional.mx\\\/#organization\"},\"alternateName\":\"Noticias nacionales\",\"potentialAction\":[{\"@type\":\"SearchAction\",\"target\":{\"@type\":\"EntryPoint\",\"urlTemplate\":\"https:\\\/\\\/conexionnacional.mx\\\/?s={search_term_string}\"},\"query-input\":{\"@type\":\"PropertyValueSpecification\",\"valueRequired\":true,\"valueName\":\"search_term_string\"}}],\"inLanguage\":\"es\"},{\"@type\":\"Organization\",\"@id\":\"https:\\\/\\\/conexionnacional.mx\\\/#organization\",\"name\":\"Conexi\u00f3n Nacional\",\"url\":\"https:\\\/\\\/conexionnacional.mx\\\/\",\"logo\":{\"@type\":\"ImageObject\",\"inLanguage\":\"es\",\"@id\":\"https:\\\/\\\/conexionnacional.mx\\\/#\\\/schema\\\/logo\\\/image\\\/\",\"url\":\"https:\\\/\\\/conexionnacional.mx\\\/wp-content\\\/uploads\\\/2022\\\/09\\\/conexion_nacional.png\",\"contentUrl\":\"https:\\\/\\\/conexionnacional.mx\\\/wp-content\\\/uploads\\\/2022\\\/09\\\/conexion_nacional.png\",\"width\":2964,\"height\":1173,\"caption\":\"Conexi\u00f3n Nacional\"},\"image\":{\"@id\":\"https:\\\/\\\/conexionnacional.mx\\\/#\\\/schema\\\/logo\\\/image\\\/\"},\"sameAs\":[\"https:\\\/\\\/www.facebook.com\\\/cnmxradio\"]},{\"@type\":\"Person\",\"@id\":\"https:\\\/\\\/conexionnacional.mx\\\/#\\\/schema\\\/person\\\/dd14aeda902120f5e0e021903fdb6931\",\"name\":\"Conexi\u00f3n Nacional\",\"image\":{\"@type\":\"ImageObject\",\"inLanguage\":\"es\",\"@id\":\"https:\\\/\\\/secure.gravatar.com\\\/avatar\\\/e523100f284110b2ecca7e17b2be9cf140a5e8f35294c9ec0543e6916cc1f9be?s=96&d=blank&r=g\",\"url\":\"https:\\\/\\\/secure.gravatar.com\\\/avatar\\\/e523100f284110b2ecca7e17b2be9cf140a5e8f35294c9ec0543e6916cc1f9be?s=96&d=blank&r=g\",\"contentUrl\":\"https:\\\/\\\/secure.gravatar.com\\\/avatar\\\/e523100f284110b2ecca7e17b2be9cf140a5e8f35294c9ec0543e6916cc1f9be?s=96&d=blank&r=g\",\"caption\":\"Conexi\u00f3n Nacional\"},\"sameAs\":[\"https:\\\/\\\/conexionnacional.mx\"],\"url\":\"https:\\\/\\\/conexionnacional.mx\\\/index.php\\\/author\\\/administrador\\\/\"}]}<\/script>\n<!-- \/ Yoast SEO plugin. -->","yoast_head_json":{"title":"Liga MX: \u00a1Ya hay fechas y horarios para la Final de la Apertura 2024! |","robots":{"index":"index","follow":"follow","max-snippet":"max-snippet:-1","max-image-preview":"max-image-preview:large","max-video-preview":"max-video-preview:-1"},"canonical":"https:\/\/conexionnacional.mx\/index.php\/2024\/12\/09\/liga-mx-ya-hay-fechas-y-horarios-para-la-final-de-la-apertura-2024\/","og_locale":"es_MX","og_type":"article","og_title":"Liga MX: \u00a1Ya hay fechas y horarios para la Final de la Apertura 2024! |","og_description":"La&nbsp;Liga MX dio a conocer las fechas y horarios oficiales&nbsp;de la&nbsp;Final&nbsp;del torneo&nbsp;Apertura 2024&nbsp;entre&nbsp;Rayados de Monterrey y Am\u00e9rica, manteni\u00e9ndose fieles a su costumbre de&nbsp;terminar el torneo en un domingo del mes de diciembre, conoce&nbsp;cu\u00e1ndo se jugar\u00e1n los partidos&nbsp;y en qu\u00e9&nbsp;canales de TV&nbsp;poder ver ambos juegos. \u00bfC\u00d3MO LLEGARON A LA FINAL DE LA APERTURA 2024? Los&nbsp;Rayados de [&hellip;]","og_url":"https:\/\/conexionnacional.mx\/index.php\/2024\/12\/09\/liga-mx-ya-hay-fechas-y-horarios-para-la-final-de-la-apertura-2024\/","og_site_name":"Conexi\u00f3n Nacional","article_publisher":"https:\/\/www.facebook.com\/cnmxradio","article_published_time":"2024-12-09T23:58:06+00:00","article_modified_time":"2024-12-09T23:58:08+00:00","og_image":[{"width":1200,"height":900,"url":"https:\/\/conexionnacional.mx\/wp-content\/uploads\/2024\/12\/3225580.jpg","type":"image\/jpeg"}],"author":"Conexi\u00f3n Nacional","twitter_card":"summary_large_image","twitter_misc":{"Escrito por":"Conexi\u00f3n Nacional","Tiempo de lectura":"2 minutos"},"schema":{"@context":"https:\/\/schema.org","@graph":[{"@type":"Article","@id":"https:\/\/conexionnacional.mx\/index.php\/2024\/12\/09\/liga-mx-ya-hay-fechas-y-horarios-para-la-final-de-la-apertura-2024\/#article","isPartOf":{"@id":"https:\/\/conexionnacional.mx\/index.php\/2024\/12\/09\/liga-mx-ya-hay-fechas-y-horarios-para-la-final-de-la-apertura-2024\/"},"author":{"name":"Conexi\u00f3n Nacional","@id":"https:\/\/conexionnacional.mx\/#\/schema\/person\/dd14aeda902120f5e0e021903fdb6931"},"headline":"Liga MX: \u00a1Ya hay fechas y horarios para la Final de la Apertura 2024!","datePublished":"2024-12-09T23:58:06+00:00","dateModified":"2024-12-09T23:58:08+00:00","mainEntityOfPage":{"@id":"https:\/\/conexionnacional.mx\/index.php\/2024\/12\/09\/liga-mx-ya-hay-fechas-y-horarios-para-la-final-de-la-apertura-2024\/"},"wordCount":346,"publisher":{"@id":"https:\/\/conexionnacional.mx\/#organization"},"image":{"@id":"https:\/\/conexionnacional.mx\/index.php\/2024\/12\/09\/liga-mx-ya-hay-fechas-y-horarios-para-la-final-de-la-apertura-2024\/#primaryimage"},"thumbnailUrl":"https:\/\/conexionnacional.mx\/wp-content\/uploads\/2024\/12\/3225580.jpg","keywords":["Liga MX"],"articleSection":["Deportes"],"inLanguage":"es"},{"@type":"WebPage","@id":"https:\/\/conexionnacional.mx\/index.php\/2024\/12\/09\/liga-mx-ya-hay-fechas-y-horarios-para-la-final-de-la-apertura-2024\/","url":"https:\/\/conexionnacional.mx\/index.php\/2024\/12\/09\/liga-mx-ya-hay-fechas-y-horarios-para-la-final-de-la-apertura-2024\/","name":"Liga MX: \u00a1Ya hay fechas y horarios para la Final de la Apertura 2024! |","isPartOf":{"@id":"https:\/\/conexionnacional.mx\/#website"},"primaryImageOfPage":{"@id":"https:\/\/conexionnacional.mx\/index.php\/2024\/12\/09\/liga-mx-ya-hay-fechas-y-horarios-para-la-final-de-la-apertura-2024\/#primaryimage"},"image":{"@id":"https:\/\/conexionnacional.mx\/index.php\/2024\/12\/09\/liga-mx-ya-hay-fechas-y-horarios-para-la-final-de-la-apertura-2024\/#primaryimage"},"thumbnailUrl":"https:\/\/conexionnacional.mx\/wp-content\/uploads\/2024\/12\/3225580.jpg","datePublished":"2024-12-09T23:58:06+00:00","dateModified":"2024-12-09T23:58:08+00:00","breadcrumb":{"@id":"https:\/\/conexionnacional.mx\/index.php\/2024\/12\/09\/liga-mx-ya-hay-fechas-y-horarios-para-la-final-de-la-apertura-2024\/#breadcrumb"},"inLanguage":"es","potentialAction":[{"@type":"ReadAction","target":["https:\/\/conexionnacional.mx\/index.php\/2024\/12\/09\/liga-mx-ya-hay-fechas-y-horarios-para-la-final-de-la-apertura-2024\/"]}]},{"@type":"ImageObject","inLanguage":"es","@id":"https:\/\/conexionnacional.mx\/index.php\/2024\/12\/09\/liga-mx-ya-hay-fechas-y-horarios-para-la-final-de-la-apertura-2024\/#primaryimage","url":"https:\/\/conexionnacional.mx\/wp-content\/uploads\/2024\/12\/3225580.jpg","contentUrl":"https:\/\/conexionnacional.mx\/wp-content\/uploads\/2024\/12\/3225580.jpg","width":1200,"height":900},{"@type":"BreadcrumbList","@id":"https:\/\/conexionnacional.mx\/index.php\/2024\/12\/09\/liga-mx-ya-hay-fechas-y-horarios-para-la-final-de-la-apertura-2024\/#breadcrumb","itemListElement":[{"@type":"ListItem","position":1,"name":"Inicio","item":"https:\/\/conexionnacional.mx\/"},{"@type":"ListItem","position":2,"name":"Liga MX: \u00a1Ya hay fechas y horarios para la Final de la Apertura 2024!"}]},{"@type":"WebSite","@id":"https:\/\/conexionnacional.mx\/#website","url":"https:\/\/conexionnacional.mx\/","name":"Conexi\u00f3n Nacional","description":"Noticias al momento","publisher":{"@id":"https:\/\/conexionnacional.mx\/#organization"},"alternateName":"Noticias nacionales","potentialAction":[{"@type":"SearchAction","target":{"@type":"EntryPoint","urlTemplate":"https:\/\/conexionnacional.mx\/?s={search_term_string}"},"query-input":{"@type":"PropertyValueSpecification","valueRequired":true,"valueName":"search_term_string"}}],"inLanguage":"es"},{"@type":"Organization","@id":"https:\/\/conexionnacional.mx\/#organization","name":"Conexi\u00f3n Nacional","url":"https:\/\/conexionnacional.mx\/","logo":{"@type":"ImageObject","inLanguage":"es","@id":"https:\/\/conexionnacional.mx\/#\/schema\/logo\/image\/","url":"https:\/\/conexionnacional.mx\/wp-content\/uploads\/2022\/09\/conexion_nacional.png","contentUrl":"https:\/\/conexionnacional.mx\/wp-content\/uploads\/2022\/09\/conexion_nacional.png","width":2964,"height":1173,"caption":"Conexi\u00f3n Nacional"},"image":{"@id":"https:\/\/conexionnacional.mx\/#\/schema\/logo\/image\/"},"sameAs":["https:\/\/www.facebook.com\/cnmxradio"]},{"@type":"Person","@id":"https:\/\/conexionnacional.mx\/#\/schema\/person\/dd14aeda902120f5e0e021903fdb6931","name":"Conexi\u00f3n Nacional","image":{"@type":"ImageObject","inLanguage":"es","@id":"https:\/\/secure.gravatar.com\/avatar\/e523100f284110b2ecca7e17b2be9cf140a5e8f35294c9ec0543e6916cc1f9be?s=96&d=blank&r=g","url":"https:\/\/secure.gravatar.com\/avatar\/e523100f284110b2ecca7e17b2be9cf140a5e8f35294c9ec0543e6916cc1f9be?s=96&d=blank&r=g","contentUrl":"https:\/\/secure.gravatar.com\/avatar\/e523100f284110b2ecca7e17b2be9cf140a5e8f35294c9ec0543e6916cc1f9be?s=96&d=blank&r=g","caption":"Conexi\u00f3n Nacional"},"sameAs":["https:\/\/conexionnacional.mx"],"url":"https:\/\/conexionnacional.mx\/index.php\/author\/administrador\/"}]}},"_links":{"self":[{"href":"https:\/\/conexionnacional.mx\/index.php\/wp-json\/wp\/v2\/posts\/23015","targetHints":{"allow":["GET"]}}],"collection":[{"href":"https:\/\/conexionnacional.mx\/index.php\/wp-json\/wp\/v2\/posts"}],"about":[{"href":"https:\/\/conexionnacional.mx\/index.php\/wp-json\/wp\/v2\/types\/post"}],"author":[{"embeddable":true,"href":"https:\/\/conexionnacional.mx\/index.php\/wp-json\/wp\/v2\/users\/1"}],"replies":[{"embeddable":true,"href":"https:\/\/conexionnacional.mx\/index.php\/wp-json\/wp\/v2\/comments?post=23015"}],"version-history":[{"count":1,"href":"https:\/\/conexionnacional.mx\/index.php\/wp-json\/wp\/v2\/posts\/23015\/revisions"}],"predecessor-version":[{"id":23017,"href":"https:\/\/conexionnacional.mx\/index.php\/wp-json\/wp\/v2\/posts\/23015\/revisions\/23017"}],"wp:featuredmedia":[{"embeddable":true,"href":"https:\/\/conexionnacional.mx\/index.php\/wp-json\/wp\/v2\/media\/23016"}],"wp:attachment":[{"href":"https:\/\/conexionnacional.mx\/index.php\/wp-json\/wp\/v2\/media?parent=23015"}],"wp:term":[{"taxonomy":"category","embeddable":true,"href":"https:\/\/conexionnacional.mx\/index.php\/wp-json\/wp\/v2\/categories?post=23015"},{"taxonomy":"post_tag","embeddable":true,"href":"https:\/\/conexionnacional.mx\/index.php\/wp-json\/wp\/v2\/tags?post=23015"}],"curies":[{"name":"wp","href":"https:\/\/api.w.org\/{rel}","templated":true}]}}