{"id":22833,"date":"2024-11-08T15:57:30","date_gmt":"2024-11-08T21:57:30","guid":{"rendered":"https:\/\/conexionnacional.mx\/?p=22833"},"modified":"2024-11-08T15:57:32","modified_gmt":"2024-11-08T21:57:32","slug":"fiscalia-de-guerrero-confirma-la-identidad-de-11-personas-localizadas-sin-vida-en-chilpancingo","status":"publish","type":"post","link":"https:\/\/conexionnacional.mx\/index.php\/2024\/11\/08\/fiscalia-de-guerrero-confirma-la-identidad-de-11-personas-localizadas-sin-vida-en-chilpancingo\/","title":{"rendered":"Fiscal\u00eda de Guerrero confirma la identidad de 11 personas localizadas sin vida en Chilpancingo"},"content":{"rendered":"\n<p>La\u00a0<strong>Fiscal\u00eda General del Estado (FGE) de Guerrero<\/strong>\u00a0confirm\u00f3 que las\u00a0<strong>11 personas localizadas<\/strong>\u00a0sin vida la noche del 6 de noviembre en el bulevar Vicente Guerrero, en\u00a0<strong>Chilpancingo<\/strong>, forman parte de los 17 miembros de una familia originaria de la comunidad de\u00a0<strong>Chautipan\u00a0<\/strong>que desaparecieron en d\u00edas recientes.<\/p>\n\n\n\n<p>A trav\u00e9s de un comunicado, la dependencia dio a conocer que, tras realizarse un&nbsp;<strong>exhaustivo an\u00e1lisis forense interdisciplinario<\/strong>, la madrugada de este 8 de noviembre se identific\u00f3 plenamente los cuerpos de&nbsp;<strong>dos mujeres<\/strong>,&nbsp;<strong>cuatro menores de edad<\/strong>&nbsp;y&nbsp;<strong>cinco hombres<\/strong>&nbsp;que fueron abandonados en una camioneta a la altura del Parador del Marqu\u00e9s.<\/p>\n\n\n\n<p>\u201cCon base en los resultados obtenidos se determin\u00f3 la identidad, (&#8230;) originarios de la comunidad de Chautipan, quienes&nbsp;<strong>eran buscados por esta Fiscal\u00eda<\/strong>\u201d, se lee.<\/p>\n\n\n\n<p><img fetchpriority=\"high\" decoding=\"async\" alt=\"(REUTERS\/Oscar Guerrero)\" height=\"3667\" src=\"data:image\/gif;base64,R0lGODlhAQABAAAAACH5BAEKAAEALAAAAAABAAEAAAICTAEAOw==\" data-src=\"https:\/\/www.infobae.com\/resizer\/v2\/OYR5E4XKTLDG5LOLEL372PWQAI.jpg?auth=e07c851dad4feba345606934a3bc69bf82c2add68f3ebdd8aeb7877454c6b2ba&amp;smart=true&amp;width=350&amp;height=233&amp;quality=85\" class=\"lazyload\" width=\"5500\">(REUTERS\/Oscar Guerrero)<\/p>\n\n\n\n<p>Por estos hechos, la gobernadora de Guerrero,&nbsp;<strong>Evelyn Salgado Pineda<\/strong>, inform\u00f3 que instruy\u00f3 a la Secretar\u00eda General de Gobierno a brindar&nbsp;<strong>acompa\u00f1amiento&nbsp;<\/strong>cercano y permanente a los familiares.<\/p>\n\n\n\n<p>\u201cEn relaci\u00f3n con estos hechos, desde el primer momento\u00a0<strong>trabajamos incansablemente<\/strong>\u00a0en colaboraci\u00f3n con los integrantes de la Mesa de Coordinaci\u00f3n para la Construcci\u00f3n de la Paz, sumando esfuerzos de todas las instancias de gobierno para su localizaci\u00f3n.<\/p>\n\n\n\n<p>Mi compromiso en estos&nbsp;<strong>momentos tan sensibles y dif\u00edciles<\/strong>&nbsp;es brindar todo el apoyo, solidaridad y respaldo del gobierno de Guerrero a las v\u00edctimas\u201d, escribi\u00f3 poco despu\u00e9s de las 6:00 horas de este viernes.<img decoding=\"async\" alt=\"Familiares de las 11 personas localizadas sin vida en Chilpancingo. (REUTERS\/Oscar Guerrero)\" height=\"3667\" src=\"data:image\/gif;base64,R0lGODlhAQABAAAAACH5BAEKAAEALAAAAAABAAEAAAICTAEAOw==\" data-src=\"https:\/\/www.infobae.com\/resizer\/v2\/KTMWDD6APU7BPILN3RLSSUNKMU.jpg?auth=46edce4786adb71578cf5d0c2c805e3fd27db377d66b342e8cefc93aff528d00&amp;smart=true&amp;width=350&amp;height=233&amp;quality=85\" class=\"lazyload\" width=\"5500\">Familiares de las 11 personas localizadas sin vida en Chilpancingo. (REUTERS\/Oscar Guerrero)<\/p>\n\n\n\n<h2 class=\"wp-block-heading\">6 personas contin\u00faan desaparecidas<\/h2>\n\n\n\n<p>Respecto a las&nbsp;<strong>seis personas restantes que contin\u00faan desaparecidas<\/strong>, la FGE asegur\u00f3 que, en colaboraci\u00f3n con autoridades federales y estatales, mantienen las operaciones de inteligencia y campo para su pronta ubicaci\u00f3n.<\/p>\n\n\n\n<p>Cabe recordar que la tarde del pasado 4 de noviembre, la dependencia ofreci\u00f3 una\u00a0<strong>recompensa de\u00a01 mill\u00f3n de pesos<\/strong> a quien proporcionara informaci\u00f3n que permitiera localizar a las y los desaparecidos.<\/p>\n\n\n\n<p>De acuerdo con la investigaci\u00f3n, al menos seis de los extraviados salieron el pasado 21 de octubre de&nbsp;<strong>Chautipan&nbsp;<\/strong>\u2015comunidad ubicada en la Sierra de Chilpancingo\u2015 con rumbo a&nbsp;<strong>El Epazote, Chilapa de \u00c1lvarez<\/strong>, lugar en el que vender\u00edan trastes. Durante el trayecto se perdi\u00f3 comunicaci\u00f3n con ellos.<\/p>\n\n\n\n<p>Al no obtener noticias sobre ellos, otro grupo de la misma familia decidi\u00f3 salir en su b\u00fasqueda, sin embargo, tambi\u00e9n fueron reportados como desaparecidos.<\/p>\n\n\n\n<p>Informaci\u00f3n de la FGE se\u00f1ala que las desapariciones se registraron el&nbsp;<strong>21, 22 y 27 de octubre.<\/strong><img decoding=\"async\" alt=\"La Fiscal\u00eda ofrece una recompensa por quien brinde informaci\u00f3n para localizar a las v\u00edctimas. (FGE Guerrero)\" height=\"1090\" src=\"data:image\/gif;base64,R0lGODlhAQABAAAAACH5BAEKAAEALAAAAAABAAEAAAICTAEAOw==\" data-src=\"https:\/\/www.infobae.com\/resizer\/v2\/5Z6FSWCYURDLFJIBLCGH6G5WEQ.jpg?auth=7fa6d1f5731ba326d5348a1535b813fcef4fa851612e2b130f929ed7948af5a3&amp;smart=true&amp;width=350&amp;height=197&amp;quality=85\" class=\"lazyload\" width=\"1920\">La Fiscal\u00eda ofrece una recompensa por quien brinde informaci\u00f3n para localizar a las v\u00edctimas. (FGE Guerrero)<\/p>\n\n\n\n<h2 class=\"wp-block-heading\">Hallazgo de los primeros cuerpos<\/h2>\n\n\n\n<p>Alrededor de las 21:00 horas del mi\u00e9rcoles, el servicio de emergencias recibi\u00f3 el reporte de una camioneta abandonada frente al Parador del Marqu\u00e9s, misma de la que desprend\u00eda&nbsp;<strong>un olor f\u00e9tido<\/strong>. Al lugar arribaron elementos de la FGE, quienes resguardaron la escena y realizaron el correspondiente levantamiento de los cuerpos.<\/p>\n\n\n\n<p>El hecho fue confirmado durante la ma\u00f1ana del 7 de noviembre por la dependencia, quien inform\u00f3 la apertura de una carpeta de investigaci\u00f3n por el delito de&nbsp;<strong>homicidio calificado.<\/strong><\/p>\n\n\n\n<p>Horas m\u00e1s tarde,&nbsp;<strong>Infobae M\u00e9xico&nbsp;<\/strong>pudo corroborar con fuentes del gobierno estatal que al menos cinco de los 11 cad\u00e1veres ya hab\u00edan sido identificados.<\/p>\n\n\n\n<p>Respecto a los responsables de este crimen, el comandante de la 35 Zona Militar,&nbsp;<strong>Jorge Pedro Nieto S\u00e1nchez<\/strong>, inform\u00f3 ante medios de comunicaci\u00f3n que las y los desaparecidos fueron privados de la libertad por<strong>&nbsp;Los Ardillos<\/strong>; grupo delincuencial que opera en Chilpancingo, Chilapa, Mochitl\u00e1n y Quechultenango.<img loading=\"lazy\" decoding=\"async\" alt=\"Foto: @MonitorOnlineQ\" height=\"524\" src=\"data:image\/gif;base64,R0lGODlhAQABAAAAACH5BAEKAAEALAAAAAABAAEAAAICTAEAOw==\" data-src=\"https:\/\/www.infobae.com\/resizer\/v2\/SYU7KQUCFRBH3KO5DARL23W7PI.jpg?auth=f2acc9ad02d376ef963b65245418c1f8595804b80dffe782536730f24134b5a3&amp;smart=true&amp;width=350&amp;height=214&amp;quality=85\" class=\"lazyload\" width=\"874\">Foto: @MonitorOnlineQ<\/p>\n\n\n\n<h2 class=\"wp-block-heading\">\u00c9sta es la lista de las y los desaparecidos<\/h2>\n\n\n\n<ul class=\"wp-block-list\">\n<li>H\u00e9ctor Santos de la Cruz, 31 a\u00f1os.<\/li>\n\n\n\n<li>Raymundo Santos Francisco, 13 a\u00f1os.<\/li>\n\n\n\n<li>Leandro Geovanni Francisco Sacrist\u00e1n, 14 a\u00f1os.<\/li>\n\n\n\n<li>Jaime Cayetano Telentino, 33 a\u00f1os.<\/li>\n\n\n\n<li>Pedro Ismael Barrera Mill\u00e1n, 22 a\u00f1os.<\/li>\n\n\n\n<li>In\u00e9s Morales Lorenzo, 33 a\u00f1os.<\/li>\n\n\n\n<li>Marco Antonio Barrera Mill\u00e1n, 31 a\u00f1os.<\/li>\n\n\n\n<li>Flor Itulia Cabrera S\u00e1nchez, 53 a\u00f1os.<\/li>\n\n\n\n<li>Diego Alonso Francisco Sacrist\u00e1n, 16 a\u00f1os.<\/li>\n\n\n\n<li>Mario Francisco Mill\u00e1n, 49 a\u00f1os.<\/li>\n\n\n\n<li>Clara Francisco Cabrera, 30 a\u00f1os.<\/li>\n\n\n\n<li>\u00c1ngel Barrera Mill\u00e1n, 14 a\u00f1os.<\/li>\n\n\n\n<li>Jos\u00e9 Enrique Francisco Cabrera, 26 a\u00f1os.<\/li>\n\n\n\n<li>Abrahan Reyes Cayetano, 15 a\u00f1os.<\/li>\n\n\n\n<li>Alfonso Francisco Cabrera, 35 a\u00f1os.<\/li>\n\n\n\n<li>Javier Barrera Mill\u00e1n.<\/li>\n<\/ul>\n","protected":false},"excerpt":{"rendered":"<p>La\u00a0Fiscal\u00eda General del Estado (FGE) de Guerrero\u00a0confirm\u00f3 que las\u00a011 personas localizadas\u00a0sin vida la noche del 6 de noviembre en el bulevar Vicente Guerrero, en\u00a0Chilpancingo, forman parte de los 17 miembros de una familia originaria de la comunidad de\u00a0Chautipan\u00a0que desaparecieron en d\u00edas recientes. A trav\u00e9s de un comunicado, la dependencia dio a conocer que, tras realizarse [&hellip;]<\/p>\n","protected":false},"author":1,"featured_media":22834,"comment_status":"closed","ping_status":"closed","sticky":false,"template":"","format":"aside","meta":{"googlesitekit_rrm_CAowytPeCw:productID":"","footnotes":""},"categories":[3],"tags":[8765],"class_list":["post-22833","post","type-post","status-publish","format-aside","has-post-thumbnail","hentry","category-nacional","tag-fiscalia-general-del-estado-de-guerrero","post_format-post-format-aside"],"yoast_head":"<!-- This site is optimized with the Yoast SEO plugin v27.5 - https:\/\/yoast.com\/product\/yoast-seo-wordpress\/ -->\n<title>Fiscal\u00eda de Guerrero confirma la identidad de 11 personas localizadas sin vida en Chilpancingo |<\/title>\n<meta name=\"robots\" content=\"index, follow, max-snippet:-1, max-image-preview:large, max-video-preview:-1\" \/>\n<link rel=\"canonical\" href=\"https:\/\/conexionnacional.mx\/index.php\/2024\/11\/08\/fiscalia-de-guerrero-confirma-la-identidad-de-11-personas-localizadas-sin-vida-en-chilpancingo\/\" \/>\n<meta property=\"og:locale\" content=\"es_MX\" \/>\n<meta property=\"og:type\" content=\"article\" \/>\n<meta property=\"og:title\" content=\"Fiscal\u00eda de Guerrero confirma la identidad de 11 personas localizadas sin vida en Chilpancingo |\" \/>\n<meta property=\"og:description\" content=\"La\u00a0Fiscal\u00eda General del Estado (FGE) de Guerrero\u00a0confirm\u00f3 que las\u00a011 personas localizadas\u00a0sin vida la noche del 6 de noviembre en el bulevar Vicente Guerrero, en\u00a0Chilpancingo, forman parte de los 17 miembros de una familia originaria de la comunidad de\u00a0Chautipan\u00a0que desaparecieron en d\u00edas recientes. A trav\u00e9s de un comunicado, la dependencia dio a conocer que, tras realizarse [&hellip;]\" \/>\n<meta property=\"og:url\" content=\"https:\/\/conexionnacional.mx\/index.php\/2024\/11\/08\/fiscalia-de-guerrero-confirma-la-identidad-de-11-personas-localizadas-sin-vida-en-chilpancingo\/\" \/>\n<meta property=\"og:site_name\" content=\"Conexi\u00f3n Nacional\" \/>\n<meta property=\"article:publisher\" content=\"https:\/\/www.facebook.com\/cnmxradio\" \/>\n<meta property=\"article:published_time\" content=\"2024-11-08T21:57:30+00:00\" \/>\n<meta property=\"article:modified_time\" content=\"2024-11-08T21:57:32+00:00\" \/>\n<meta name=\"author\" content=\"Conexi\u00f3n Nacional\" \/>\n<meta name=\"twitter:card\" content=\"summary_large_image\" \/>\n<meta name=\"twitter:label1\" content=\"Escrito por\" \/>\n\t<meta name=\"twitter:data1\" content=\"Conexi\u00f3n Nacional\" \/>\n\t<meta name=\"twitter:label2\" content=\"Tiempo de lectura\" \/>\n\t<meta name=\"twitter:data2\" content=\"5 minutos\" \/>\n<script type=\"application\/ld+json\" class=\"yoast-schema-graph\">{\"@context\":\"https:\\\/\\\/schema.org\",\"@graph\":[{\"@type\":\"Article\",\"@id\":\"https:\\\/\\\/conexionnacional.mx\\\/index.php\\\/2024\\\/11\\\/08\\\/fiscalia-de-guerrero-confirma-la-identidad-de-11-personas-localizadas-sin-vida-en-chilpancingo\\\/#article\",\"isPartOf\":{\"@id\":\"https:\\\/\\\/conexionnacional.mx\\\/index.php\\\/2024\\\/11\\\/08\\\/fiscalia-de-guerrero-confirma-la-identidad-de-11-personas-localizadas-sin-vida-en-chilpancingo\\\/\"},\"author\":{\"name\":\"Conexi\u00f3n Nacional\",\"@id\":\"https:\\\/\\\/conexionnacional.mx\\\/#\\\/schema\\\/person\\\/dd14aeda902120f5e0e021903fdb6931\"},\"headline\":\"Fiscal\u00eda de Guerrero confirma la identidad de 11 personas localizadas sin vida en Chilpancingo\",\"datePublished\":\"2024-11-08T21:57:30+00:00\",\"dateModified\":\"2024-11-08T21:57:32+00:00\",\"mainEntityOfPage\":{\"@id\":\"https:\\\/\\\/conexionnacional.mx\\\/index.php\\\/2024\\\/11\\\/08\\\/fiscalia-de-guerrero-confirma-la-identidad-de-11-personas-localizadas-sin-vida-en-chilpancingo\\\/\"},\"wordCount\":740,\"publisher\":{\"@id\":\"https:\\\/\\\/conexionnacional.mx\\\/#organization\"},\"image\":{\"@id\":\"https:\\\/\\\/conexionnacional.mx\\\/index.php\\\/2024\\\/11\\\/08\\\/fiscalia-de-guerrero-confirma-la-identidad-de-11-personas-localizadas-sin-vida-en-chilpancingo\\\/#primaryimage\"},\"thumbnailUrl\":\"https:\\\/\\\/conexionnacional.mx\\\/wp-content\\\/uploads\\\/2024\\\/11\\\/EAFVA7ZFVBHVJAPI6HOXSCEU5I.avif\",\"keywords\":[\"Fiscal\u00eda General del Estado de Guerrero\"],\"articleSection\":[\"Nacional\"],\"inLanguage\":\"es\"},{\"@type\":\"WebPage\",\"@id\":\"https:\\\/\\\/conexionnacional.mx\\\/index.php\\\/2024\\\/11\\\/08\\\/fiscalia-de-guerrero-confirma-la-identidad-de-11-personas-localizadas-sin-vida-en-chilpancingo\\\/\",\"url\":\"https:\\\/\\\/conexionnacional.mx\\\/index.php\\\/2024\\\/11\\\/08\\\/fiscalia-de-guerrero-confirma-la-identidad-de-11-personas-localizadas-sin-vida-en-chilpancingo\\\/\",\"name\":\"Fiscal\u00eda de Guerrero confirma la identidad de 11 personas localizadas sin vida en Chilpancingo |\",\"isPartOf\":{\"@id\":\"https:\\\/\\\/conexionnacional.mx\\\/#website\"},\"primaryImageOfPage\":{\"@id\":\"https:\\\/\\\/conexionnacional.mx\\\/index.php\\\/2024\\\/11\\\/08\\\/fiscalia-de-guerrero-confirma-la-identidad-de-11-personas-localizadas-sin-vida-en-chilpancingo\\\/#primaryimage\"},\"image\":{\"@id\":\"https:\\\/\\\/conexionnacional.mx\\\/index.php\\\/2024\\\/11\\\/08\\\/fiscalia-de-guerrero-confirma-la-identidad-de-11-personas-localizadas-sin-vida-en-chilpancingo\\\/#primaryimage\"},\"thumbnailUrl\":\"https:\\\/\\\/conexionnacional.mx\\\/wp-content\\\/uploads\\\/2024\\\/11\\\/EAFVA7ZFVBHVJAPI6HOXSCEU5I.avif\",\"datePublished\":\"2024-11-08T21:57:30+00:00\",\"dateModified\":\"2024-11-08T21:57:32+00:00\",\"breadcrumb\":{\"@id\":\"https:\\\/\\\/conexionnacional.mx\\\/index.php\\\/2024\\\/11\\\/08\\\/fiscalia-de-guerrero-confirma-la-identidad-de-11-personas-localizadas-sin-vida-en-chilpancingo\\\/#breadcrumb\"},\"inLanguage\":\"es\",\"potentialAction\":[{\"@type\":\"ReadAction\",\"target\":[\"https:\\\/\\\/conexionnacional.mx\\\/index.php\\\/2024\\\/11\\\/08\\\/fiscalia-de-guerrero-confirma-la-identidad-de-11-personas-localizadas-sin-vida-en-chilpancingo\\\/\"]}]},{\"@type\":\"ImageObject\",\"inLanguage\":\"es\",\"@id\":\"https:\\\/\\\/conexionnacional.mx\\\/index.php\\\/2024\\\/11\\\/08\\\/fiscalia-de-guerrero-confirma-la-identidad-de-11-personas-localizadas-sin-vida-en-chilpancingo\\\/#primaryimage\",\"url\":\"https:\\\/\\\/conexionnacional.mx\\\/wp-content\\\/uploads\\\/2024\\\/11\\\/EAFVA7ZFVBHVJAPI6HOXSCEU5I.avif\",\"contentUrl\":\"https:\\\/\\\/conexionnacional.mx\\\/wp-content\\\/uploads\\\/2024\\\/11\\\/EAFVA7ZFVBHVJAPI6HOXSCEU5I.avif\",\"width\":992,\"height\":558},{\"@type\":\"BreadcrumbList\",\"@id\":\"https:\\\/\\\/conexionnacional.mx\\\/index.php\\\/2024\\\/11\\\/08\\\/fiscalia-de-guerrero-confirma-la-identidad-de-11-personas-localizadas-sin-vida-en-chilpancingo\\\/#breadcrumb\",\"itemListElement\":[{\"@type\":\"ListItem\",\"position\":1,\"name\":\"Inicio\",\"item\":\"https:\\\/\\\/conexionnacional.mx\\\/\"},{\"@type\":\"ListItem\",\"position\":2,\"name\":\"Fiscal\u00eda de Guerrero confirma la identidad de 11 personas localizadas sin vida en Chilpancingo\"}]},{\"@type\":\"WebSite\",\"@id\":\"https:\\\/\\\/conexionnacional.mx\\\/#website\",\"url\":\"https:\\\/\\\/conexionnacional.mx\\\/\",\"name\":\"Conexi\u00f3n Nacional\",\"description\":\"Noticias al momento\",\"publisher\":{\"@id\":\"https:\\\/\\\/conexionnacional.mx\\\/#organization\"},\"alternateName\":\"Noticias nacionales\",\"potentialAction\":[{\"@type\":\"SearchAction\",\"target\":{\"@type\":\"EntryPoint\",\"urlTemplate\":\"https:\\\/\\\/conexionnacional.mx\\\/?s={search_term_string}\"},\"query-input\":{\"@type\":\"PropertyValueSpecification\",\"valueRequired\":true,\"valueName\":\"search_term_string\"}}],\"inLanguage\":\"es\"},{\"@type\":\"Organization\",\"@id\":\"https:\\\/\\\/conexionnacional.mx\\\/#organization\",\"name\":\"Conexi\u00f3n Nacional\",\"url\":\"https:\\\/\\\/conexionnacional.mx\\\/\",\"logo\":{\"@type\":\"ImageObject\",\"inLanguage\":\"es\",\"@id\":\"https:\\\/\\\/conexionnacional.mx\\\/#\\\/schema\\\/logo\\\/image\\\/\",\"url\":\"https:\\\/\\\/conexionnacional.mx\\\/wp-content\\\/uploads\\\/2022\\\/09\\\/conexion_nacional.png\",\"contentUrl\":\"https:\\\/\\\/conexionnacional.mx\\\/wp-content\\\/uploads\\\/2022\\\/09\\\/conexion_nacional.png\",\"width\":2964,\"height\":1173,\"caption\":\"Conexi\u00f3n Nacional\"},\"image\":{\"@id\":\"https:\\\/\\\/conexionnacional.mx\\\/#\\\/schema\\\/logo\\\/image\\\/\"},\"sameAs\":[\"https:\\\/\\\/www.facebook.com\\\/cnmxradio\"]},{\"@type\":\"Person\",\"@id\":\"https:\\\/\\\/conexionnacional.mx\\\/#\\\/schema\\\/person\\\/dd14aeda902120f5e0e021903fdb6931\",\"name\":\"Conexi\u00f3n Nacional\",\"image\":{\"@type\":\"ImageObject\",\"inLanguage\":\"es\",\"@id\":\"https:\\\/\\\/secure.gravatar.com\\\/avatar\\\/e523100f284110b2ecca7e17b2be9cf140a5e8f35294c9ec0543e6916cc1f9be?s=96&d=blank&r=g\",\"url\":\"https:\\\/\\\/secure.gravatar.com\\\/avatar\\\/e523100f284110b2ecca7e17b2be9cf140a5e8f35294c9ec0543e6916cc1f9be?s=96&d=blank&r=g\",\"contentUrl\":\"https:\\\/\\\/secure.gravatar.com\\\/avatar\\\/e523100f284110b2ecca7e17b2be9cf140a5e8f35294c9ec0543e6916cc1f9be?s=96&d=blank&r=g\",\"caption\":\"Conexi\u00f3n Nacional\"},\"sameAs\":[\"https:\\\/\\\/conexionnacional.mx\"],\"url\":\"https:\\\/\\\/conexionnacional.mx\\\/index.php\\\/author\\\/administrador\\\/\"}]}<\/script>\n<!-- \/ Yoast SEO plugin. -->","yoast_head_json":{"title":"Fiscal\u00eda de Guerrero confirma la identidad de 11 personas localizadas sin vida en Chilpancingo |","robots":{"index":"index","follow":"follow","max-snippet":"max-snippet:-1","max-image-preview":"max-image-preview:large","max-video-preview":"max-video-preview:-1"},"canonical":"https:\/\/conexionnacional.mx\/index.php\/2024\/11\/08\/fiscalia-de-guerrero-confirma-la-identidad-de-11-personas-localizadas-sin-vida-en-chilpancingo\/","og_locale":"es_MX","og_type":"article","og_title":"Fiscal\u00eda de Guerrero confirma la identidad de 11 personas localizadas sin vida en Chilpancingo |","og_description":"La\u00a0Fiscal\u00eda General del Estado (FGE) de Guerrero\u00a0confirm\u00f3 que las\u00a011 personas localizadas\u00a0sin vida la noche del 6 de noviembre en el bulevar Vicente Guerrero, en\u00a0Chilpancingo, forman parte de los 17 miembros de una familia originaria de la comunidad de\u00a0Chautipan\u00a0que desaparecieron en d\u00edas recientes. A trav\u00e9s de un comunicado, la dependencia dio a conocer que, tras realizarse [&hellip;]","og_url":"https:\/\/conexionnacional.mx\/index.php\/2024\/11\/08\/fiscalia-de-guerrero-confirma-la-identidad-de-11-personas-localizadas-sin-vida-en-chilpancingo\/","og_site_name":"Conexi\u00f3n Nacional","article_publisher":"https:\/\/www.facebook.com\/cnmxradio","article_published_time":"2024-11-08T21:57:30+00:00","article_modified_time":"2024-11-08T21:57:32+00:00","author":"Conexi\u00f3n Nacional","twitter_card":"summary_large_image","twitter_misc":{"Escrito por":"Conexi\u00f3n Nacional","Tiempo de lectura":"5 minutos"},"schema":{"@context":"https:\/\/schema.org","@graph":[{"@type":"Article","@id":"https:\/\/conexionnacional.mx\/index.php\/2024\/11\/08\/fiscalia-de-guerrero-confirma-la-identidad-de-11-personas-localizadas-sin-vida-en-chilpancingo\/#article","isPartOf":{"@id":"https:\/\/conexionnacional.mx\/index.php\/2024\/11\/08\/fiscalia-de-guerrero-confirma-la-identidad-de-11-personas-localizadas-sin-vida-en-chilpancingo\/"},"author":{"name":"Conexi\u00f3n Nacional","@id":"https:\/\/conexionnacional.mx\/#\/schema\/person\/dd14aeda902120f5e0e021903fdb6931"},"headline":"Fiscal\u00eda de Guerrero confirma la identidad de 11 personas localizadas sin vida en Chilpancingo","datePublished":"2024-11-08T21:57:30+00:00","dateModified":"2024-11-08T21:57:32+00:00","mainEntityOfPage":{"@id":"https:\/\/conexionnacional.mx\/index.php\/2024\/11\/08\/fiscalia-de-guerrero-confirma-la-identidad-de-11-personas-localizadas-sin-vida-en-chilpancingo\/"},"wordCount":740,"publisher":{"@id":"https:\/\/conexionnacional.mx\/#organization"},"image":{"@id":"https:\/\/conexionnacional.mx\/index.php\/2024\/11\/08\/fiscalia-de-guerrero-confirma-la-identidad-de-11-personas-localizadas-sin-vida-en-chilpancingo\/#primaryimage"},"thumbnailUrl":"https:\/\/conexionnacional.mx\/wp-content\/uploads\/2024\/11\/EAFVA7ZFVBHVJAPI6HOXSCEU5I.avif","keywords":["Fiscal\u00eda General del Estado de Guerrero"],"articleSection":["Nacional"],"inLanguage":"es"},{"@type":"WebPage","@id":"https:\/\/conexionnacional.mx\/index.php\/2024\/11\/08\/fiscalia-de-guerrero-confirma-la-identidad-de-11-personas-localizadas-sin-vida-en-chilpancingo\/","url":"https:\/\/conexionnacional.mx\/index.php\/2024\/11\/08\/fiscalia-de-guerrero-confirma-la-identidad-de-11-personas-localizadas-sin-vida-en-chilpancingo\/","name":"Fiscal\u00eda de Guerrero confirma la identidad de 11 personas localizadas sin vida en Chilpancingo |","isPartOf":{"@id":"https:\/\/conexionnacional.mx\/#website"},"primaryImageOfPage":{"@id":"https:\/\/conexionnacional.mx\/index.php\/2024\/11\/08\/fiscalia-de-guerrero-confirma-la-identidad-de-11-personas-localizadas-sin-vida-en-chilpancingo\/#primaryimage"},"image":{"@id":"https:\/\/conexionnacional.mx\/index.php\/2024\/11\/08\/fiscalia-de-guerrero-confirma-la-identidad-de-11-personas-localizadas-sin-vida-en-chilpancingo\/#primaryimage"},"thumbnailUrl":"https:\/\/conexionnacional.mx\/wp-content\/uploads\/2024\/11\/EAFVA7ZFVBHVJAPI6HOXSCEU5I.avif","datePublished":"2024-11-08T21:57:30+00:00","dateModified":"2024-11-08T21:57:32+00:00","breadcrumb":{"@id":"https:\/\/conexionnacional.mx\/index.php\/2024\/11\/08\/fiscalia-de-guerrero-confirma-la-identidad-de-11-personas-localizadas-sin-vida-en-chilpancingo\/#breadcrumb"},"inLanguage":"es","potentialAction":[{"@type":"ReadAction","target":["https:\/\/conexionnacional.mx\/index.php\/2024\/11\/08\/fiscalia-de-guerrero-confirma-la-identidad-de-11-personas-localizadas-sin-vida-en-chilpancingo\/"]}]},{"@type":"ImageObject","inLanguage":"es","@id":"https:\/\/conexionnacional.mx\/index.php\/2024\/11\/08\/fiscalia-de-guerrero-confirma-la-identidad-de-11-personas-localizadas-sin-vida-en-chilpancingo\/#primaryimage","url":"https:\/\/conexionnacional.mx\/wp-content\/uploads\/2024\/11\/EAFVA7ZFVBHVJAPI6HOXSCEU5I.avif","contentUrl":"https:\/\/conexionnacional.mx\/wp-content\/uploads\/2024\/11\/EAFVA7ZFVBHVJAPI6HOXSCEU5I.avif","width":992,"height":558},{"@type":"BreadcrumbList","@id":"https:\/\/conexionnacional.mx\/index.php\/2024\/11\/08\/fiscalia-de-guerrero-confirma-la-identidad-de-11-personas-localizadas-sin-vida-en-chilpancingo\/#breadcrumb","itemListElement":[{"@type":"ListItem","position":1,"name":"Inicio","item":"https:\/\/conexionnacional.mx\/"},{"@type":"ListItem","position":2,"name":"Fiscal\u00eda de Guerrero confirma la identidad de 11 personas localizadas sin vida en Chilpancingo"}]},{"@type":"WebSite","@id":"https:\/\/conexionnacional.mx\/#website","url":"https:\/\/conexionnacional.mx\/","name":"Conexi\u00f3n Nacional","description":"Noticias al momento","publisher":{"@id":"https:\/\/conexionnacional.mx\/#organization"},"alternateName":"Noticias nacionales","potentialAction":[{"@type":"SearchAction","target":{"@type":"EntryPoint","urlTemplate":"https:\/\/conexionnacional.mx\/?s={search_term_string}"},"query-input":{"@type":"PropertyValueSpecification","valueRequired":true,"valueName":"search_term_string"}}],"inLanguage":"es"},{"@type":"Organization","@id":"https:\/\/conexionnacional.mx\/#organization","name":"Conexi\u00f3n Nacional","url":"https:\/\/conexionnacional.mx\/","logo":{"@type":"ImageObject","inLanguage":"es","@id":"https:\/\/conexionnacional.mx\/#\/schema\/logo\/image\/","url":"https:\/\/conexionnacional.mx\/wp-content\/uploads\/2022\/09\/conexion_nacional.png","contentUrl":"https:\/\/conexionnacional.mx\/wp-content\/uploads\/2022\/09\/conexion_nacional.png","width":2964,"height":1173,"caption":"Conexi\u00f3n Nacional"},"image":{"@id":"https:\/\/conexionnacional.mx\/#\/schema\/logo\/image\/"},"sameAs":["https:\/\/www.facebook.com\/cnmxradio"]},{"@type":"Person","@id":"https:\/\/conexionnacional.mx\/#\/schema\/person\/dd14aeda902120f5e0e021903fdb6931","name":"Conexi\u00f3n Nacional","image":{"@type":"ImageObject","inLanguage":"es","@id":"https:\/\/secure.gravatar.com\/avatar\/e523100f284110b2ecca7e17b2be9cf140a5e8f35294c9ec0543e6916cc1f9be?s=96&d=blank&r=g","url":"https:\/\/secure.gravatar.com\/avatar\/e523100f284110b2ecca7e17b2be9cf140a5e8f35294c9ec0543e6916cc1f9be?s=96&d=blank&r=g","contentUrl":"https:\/\/secure.gravatar.com\/avatar\/e523100f284110b2ecca7e17b2be9cf140a5e8f35294c9ec0543e6916cc1f9be?s=96&d=blank&r=g","caption":"Conexi\u00f3n Nacional"},"sameAs":["https:\/\/conexionnacional.mx"],"url":"https:\/\/conexionnacional.mx\/index.php\/author\/administrador\/"}]}},"_links":{"self":[{"href":"https:\/\/conexionnacional.mx\/index.php\/wp-json\/wp\/v2\/posts\/22833","targetHints":{"allow":["GET"]}}],"collection":[{"href":"https:\/\/conexionnacional.mx\/index.php\/wp-json\/wp\/v2\/posts"}],"about":[{"href":"https:\/\/conexionnacional.mx\/index.php\/wp-json\/wp\/v2\/types\/post"}],"author":[{"embeddable":true,"href":"https:\/\/conexionnacional.mx\/index.php\/wp-json\/wp\/v2\/users\/1"}],"replies":[{"embeddable":true,"href":"https:\/\/conexionnacional.mx\/index.php\/wp-json\/wp\/v2\/comments?post=22833"}],"version-history":[{"count":1,"href":"https:\/\/conexionnacional.mx\/index.php\/wp-json\/wp\/v2\/posts\/22833\/revisions"}],"predecessor-version":[{"id":22835,"href":"https:\/\/conexionnacional.mx\/index.php\/wp-json\/wp\/v2\/posts\/22833\/revisions\/22835"}],"wp:featuredmedia":[{"embeddable":true,"href":"https:\/\/conexionnacional.mx\/index.php\/wp-json\/wp\/v2\/media\/22834"}],"wp:attachment":[{"href":"https:\/\/conexionnacional.mx\/index.php\/wp-json\/wp\/v2\/media?parent=22833"}],"wp:term":[{"taxonomy":"category","embeddable":true,"href":"https:\/\/conexionnacional.mx\/index.php\/wp-json\/wp\/v2\/categories?post=22833"},{"taxonomy":"post_tag","embeddable":true,"href":"https:\/\/conexionnacional.mx\/index.php\/wp-json\/wp\/v2\/tags?post=22833"}],"curies":[{"name":"wp","href":"https:\/\/api.w.org\/{rel}","templated":true}]}}