{"id":22746,"date":"2024-11-01T11:43:07","date_gmt":"2024-11-01T17:43:07","guid":{"rendered":"https:\/\/conexionnacional.mx\/?p=22746"},"modified":"2024-11-01T11:43:09","modified_gmt":"2024-11-01T17:43:09","slug":"camioneta-cybertruck-se-estrella-contra-casa-en-alcaldia-miguel-hidalgo","status":"publish","type":"post","link":"https:\/\/conexionnacional.mx\/index.php\/2024\/11\/01\/camioneta-cybertruck-se-estrella-contra-casa-en-alcaldia-miguel-hidalgo\/","title":{"rendered":"Camioneta Cybertruck se estrella contra casa en alcald\u00eda Miguel Hidalgo"},"content":{"rendered":"\n<p>En la&nbsp;<strong>madrugada del 1 de noviembre<\/strong>, un incidente inusual ocurri\u00f3 en la alcald\u00eda&nbsp;<strong>Miguel Hidalgo<\/strong>&nbsp;de la Ciudad de M\u00e9xico, cuando una camioneta&nbsp;<strong>Cybertruck de Tesla<\/strong>&nbsp;se estrell\u00f3 contra la fachada de una casa.<\/p>\n\n\n\n<p>En el veh\u00edculo, valuado en m\u00e1s de&nbsp;<strong>2 millones de pesos<\/strong>, viajaban dos hombres, de aproximadamente 50 y 35 a\u00f1os, quienes previamente hab\u00edan&nbsp;<strong>chocado<\/strong>&nbsp;levemente con&nbsp;<strong>otro autom\u00f3vil<\/strong>, lo que provoc\u00f3 que el conductor perdiera el control.<\/p>\n\n\n<div class=\"wp-block-image\">\n<figure class=\"aligncenter\"><a href=\"https:\/\/editorial.aristeguinoticias.com\/wp-content\/uploads\/2024\/11\/cybertruck-tesla-chapultepec-miguel-hidalgo-dia-de-muertos-choque-auto-cdmx-viral-011124-2.jpg\"><img decoding=\"async\" src=\"data:image\/gif;base64,R0lGODlhAQABAAAAACH5BAEKAAEALAAAAAABAAEAAAICTAEAOw==\" data-src=\"https:\/\/editorial.aristeguinoticias.com\/wp-content\/uploads\/2024\/11\/cybertruck-tesla-chapultepec-miguel-hidalgo-dia-de-muertos-choque-auto-cdmx-viral-011124-2-700x387.jpg\" alt=\"\" class=\"wp-image-1430593 lazyload\"\/><\/a><\/figure>\n<\/div>\n\n\n<p>A pesar de que la Cybertruck es conocida por su resistencia, los&nbsp;<strong>da\u00f1os en la parte delantera fueron evidentes<\/strong>&nbsp;tras el impacto.<\/p>\n\n\n\n<p>Seg\u00fan im\u00e1genes que circulan en redes sociales, el choque se produjo en la esquina de un&nbsp;<strong>domicilio&nbsp;<\/strong>ubicado en la intersecci\u00f3n de la avenida&nbsp;<strong>Gral. Pedro Antonio de los Santos<\/strong>&nbsp;y la calle&nbsp;<strong>Capit\u00e1n Mart\u00ednez de Castro<\/strong>, en la colonia San Miguel Chapultepec.<\/p>\n\n\n<div class=\"wp-block-image\">\n<figure class=\"aligncenter\"><a href=\"https:\/\/editorial.aristeguinoticias.com\/wp-content\/uploads\/2024\/11\/cybertruck-tesla-chapultepec-miguel-hidalgo-dia-de-muertos-choque-auto-cdmx-viral-011124-3.jpg\"><img decoding=\"async\" src=\"data:image\/gif;base64,R0lGODlhAQABAAAAACH5BAEKAAEALAAAAAABAAEAAAICTAEAOw==\" data-src=\"https:\/\/editorial.aristeguinoticias.com\/wp-content\/uploads\/2024\/11\/cybertruck-tesla-chapultepec-miguel-hidalgo-dia-de-muertos-choque-auto-cdmx-viral-011124-3-700x387.jpg\" alt=\"\" class=\"wp-image-1430592 lazyload\"\/><\/a><\/figure>\n<\/div>\n\n\n<p><a href=\"https:\/\/editorial.aristeguinoticias.com\/wp-content\/uploads\/2024\/11\/cybertruck-tesla-chapultepec-miguel-hidalgo-dia-de-muertos-choque-auto-cdmx-viral-011124-4.jpg\"><\/a><a href=\"https:\/\/editorial.aristeguinoticias.com\/wp-content\/uploads\/2024\/11\/cybertruck-tesla-chapultepec-miguel-hidalgo-dia-de-muertos-choque-auto-cdmx-viral-011124-1.jpeg\"><\/a><\/p>\n\n\n\n<p>Los informes indican que al menos una persona fue&nbsp;<strong>trasladada al hospital<\/strong>, aunque no se ha confirmado su estado de salud. Tras el accidente, el&nbsp;<strong>conductor<\/strong>&nbsp;de la Cybertruck&nbsp;<strong>huy\u00f3 a pie<\/strong>,&nbsp;<strong>abandonando<\/strong>&nbsp;el veh\u00edculo en el lugar del impacto.<\/p>\n\n\n\n<p>Hasta el momento,&nbsp;<strong>no hay reportes de detenidos<\/strong>&nbsp;relacionados con este incidente.<\/p>\n\n\n<div class=\"wp-block-image\">\n<figure class=\"aligncenter\"><a href=\"https:\/\/editorial.aristeguinoticias.com\/wp-content\/uploads\/2024\/11\/cybertruck-tesla-chapultepec-miguel-hidalgo-dia-de-muertos-choque-auto-cdmx-viral-011124-1.jpeg\"><img decoding=\"async\" src=\"data:image\/gif;base64,R0lGODlhAQABAAAAACH5BAEKAAEALAAAAAABAAEAAAICTAEAOw==\" data-src=\"https:\/\/editorial.aristeguinoticias.com\/wp-content\/uploads\/2024\/11\/cybertruck-tesla-chapultepec-miguel-hidalgo-dia-de-muertos-choque-auto-cdmx-viral-011124-1-700x933.jpeg\" alt=\"\" class=\"wp-image-1430594 lazyload\"\/><\/a><\/figure>\n<\/div>","protected":false},"excerpt":{"rendered":"<p>En la&nbsp;madrugada del 1 de noviembre, un incidente inusual ocurri\u00f3 en la alcald\u00eda&nbsp;Miguel Hidalgo&nbsp;de la Ciudad de M\u00e9xico, cuando una camioneta&nbsp;Cybertruck de Tesla&nbsp;se estrell\u00f3 contra la fachada de una casa. En el veh\u00edculo, valuado en m\u00e1s de&nbsp;2 millones de pesos, viajaban dos hombres, de aproximadamente 50 y 35 a\u00f1os, quienes previamente hab\u00edan&nbsp;chocado&nbsp;levemente con&nbsp;otro autom\u00f3vil, lo [&hellip;]<\/p>\n","protected":false},"author":1,"featured_media":22747,"comment_status":"closed","ping_status":"closed","sticky":false,"template":"","format":"aside","meta":{"googlesitekit_rrm_CAowytPeCw:productID":"","footnotes":""},"categories":[3],"tags":[8756],"class_list":["post-22746","post","type-post","status-publish","format-aside","has-post-thumbnail","hentry","category-nacional","tag-cybertruck","post_format-post-format-aside"],"yoast_head":"<!-- This site is optimized with the Yoast SEO plugin v27.5 - https:\/\/yoast.com\/product\/yoast-seo-wordpress\/ -->\n<title>Camioneta Cybertruck se estrella contra casa en alcald\u00eda Miguel Hidalgo |<\/title>\n<meta name=\"robots\" content=\"index, follow, max-snippet:-1, max-image-preview:large, max-video-preview:-1\" \/>\n<link rel=\"canonical\" href=\"https:\/\/conexionnacional.mx\/index.php\/2024\/11\/01\/camioneta-cybertruck-se-estrella-contra-casa-en-alcaldia-miguel-hidalgo\/\" \/>\n<meta property=\"og:locale\" content=\"es_MX\" \/>\n<meta property=\"og:type\" content=\"article\" \/>\n<meta property=\"og:title\" content=\"Camioneta Cybertruck se estrella contra casa en alcald\u00eda Miguel Hidalgo |\" \/>\n<meta property=\"og:description\" content=\"En la&nbsp;madrugada del 1 de noviembre, un incidente inusual ocurri\u00f3 en la alcald\u00eda&nbsp;Miguel Hidalgo&nbsp;de la Ciudad de M\u00e9xico, cuando una camioneta&nbsp;Cybertruck de Tesla&nbsp;se estrell\u00f3 contra la fachada de una casa. En el veh\u00edculo, valuado en m\u00e1s de&nbsp;2 millones de pesos, viajaban dos hombres, de aproximadamente 50 y 35 a\u00f1os, quienes previamente hab\u00edan&nbsp;chocado&nbsp;levemente con&nbsp;otro autom\u00f3vil, lo [&hellip;]\" \/>\n<meta property=\"og:url\" content=\"https:\/\/conexionnacional.mx\/index.php\/2024\/11\/01\/camioneta-cybertruck-se-estrella-contra-casa-en-alcaldia-miguel-hidalgo\/\" \/>\n<meta property=\"og:site_name\" content=\"Conexi\u00f3n Nacional\" \/>\n<meta property=\"article:publisher\" content=\"https:\/\/www.facebook.com\/cnmxradio\" \/>\n<meta property=\"article:published_time\" content=\"2024-11-01T17:43:07+00:00\" \/>\n<meta property=\"article:modified_time\" content=\"2024-11-01T17:43:09+00:00\" \/>\n<meta property=\"og:image\" content=\"https:\/\/conexionnacional.mx\/wp-content\/uploads\/2024\/11\/cybertruck-tesla-chapultepec-miguel-hidalgo-dia-de-muertos-choque-auto-cdmx-viral-011124-5.jpeg\" \/>\n\t<meta property=\"og:image:width\" content=\"1200\" \/>\n\t<meta property=\"og:image:height\" content=\"750\" \/>\n\t<meta property=\"og:image:type\" content=\"image\/jpeg\" \/>\n<meta name=\"author\" content=\"Conexi\u00f3n Nacional\" \/>\n<meta name=\"twitter:card\" content=\"summary_large_image\" \/>\n<meta name=\"twitter:label1\" content=\"Escrito por\" \/>\n\t<meta name=\"twitter:data1\" content=\"Conexi\u00f3n Nacional\" \/>\n\t<meta name=\"twitter:label2\" content=\"Tiempo de lectura\" \/>\n\t<meta name=\"twitter:data2\" content=\"2 minutos\" \/>\n<script type=\"application\/ld+json\" class=\"yoast-schema-graph\">{\"@context\":\"https:\\\/\\\/schema.org\",\"@graph\":[{\"@type\":\"Article\",\"@id\":\"https:\\\/\\\/conexionnacional.mx\\\/index.php\\\/2024\\\/11\\\/01\\\/camioneta-cybertruck-se-estrella-contra-casa-en-alcaldia-miguel-hidalgo\\\/#article\",\"isPartOf\":{\"@id\":\"https:\\\/\\\/conexionnacional.mx\\\/index.php\\\/2024\\\/11\\\/01\\\/camioneta-cybertruck-se-estrella-contra-casa-en-alcaldia-miguel-hidalgo\\\/\"},\"author\":{\"name\":\"Conexi\u00f3n Nacional\",\"@id\":\"https:\\\/\\\/conexionnacional.mx\\\/#\\\/schema\\\/person\\\/dd14aeda902120f5e0e021903fdb6931\"},\"headline\":\"Camioneta Cybertruck se estrella contra casa en alcald\u00eda Miguel Hidalgo\",\"datePublished\":\"2024-11-01T17:43:07+00:00\",\"dateModified\":\"2024-11-01T17:43:09+00:00\",\"mainEntityOfPage\":{\"@id\":\"https:\\\/\\\/conexionnacional.mx\\\/index.php\\\/2024\\\/11\\\/01\\\/camioneta-cybertruck-se-estrella-contra-casa-en-alcaldia-miguel-hidalgo\\\/\"},\"wordCount\":234,\"publisher\":{\"@id\":\"https:\\\/\\\/conexionnacional.mx\\\/#organization\"},\"image\":{\"@id\":\"https:\\\/\\\/conexionnacional.mx\\\/index.php\\\/2024\\\/11\\\/01\\\/camioneta-cybertruck-se-estrella-contra-casa-en-alcaldia-miguel-hidalgo\\\/#primaryimage\"},\"thumbnailUrl\":\"https:\\\/\\\/conexionnacional.mx\\\/wp-content\\\/uploads\\\/2024\\\/11\\\/cybertruck-tesla-chapultepec-miguel-hidalgo-dia-de-muertos-choque-auto-cdmx-viral-011124-5.jpeg\",\"keywords\":[\"Cybertruck\"],\"articleSection\":[\"Nacional\"],\"inLanguage\":\"es\"},{\"@type\":\"WebPage\",\"@id\":\"https:\\\/\\\/conexionnacional.mx\\\/index.php\\\/2024\\\/11\\\/01\\\/camioneta-cybertruck-se-estrella-contra-casa-en-alcaldia-miguel-hidalgo\\\/\",\"url\":\"https:\\\/\\\/conexionnacional.mx\\\/index.php\\\/2024\\\/11\\\/01\\\/camioneta-cybertruck-se-estrella-contra-casa-en-alcaldia-miguel-hidalgo\\\/\",\"name\":\"Camioneta Cybertruck se estrella contra casa en alcald\u00eda Miguel Hidalgo |\",\"isPartOf\":{\"@id\":\"https:\\\/\\\/conexionnacional.mx\\\/#website\"},\"primaryImageOfPage\":{\"@id\":\"https:\\\/\\\/conexionnacional.mx\\\/index.php\\\/2024\\\/11\\\/01\\\/camioneta-cybertruck-se-estrella-contra-casa-en-alcaldia-miguel-hidalgo\\\/#primaryimage\"},\"image\":{\"@id\":\"https:\\\/\\\/conexionnacional.mx\\\/index.php\\\/2024\\\/11\\\/01\\\/camioneta-cybertruck-se-estrella-contra-casa-en-alcaldia-miguel-hidalgo\\\/#primaryimage\"},\"thumbnailUrl\":\"https:\\\/\\\/conexionnacional.mx\\\/wp-content\\\/uploads\\\/2024\\\/11\\\/cybertruck-tesla-chapultepec-miguel-hidalgo-dia-de-muertos-choque-auto-cdmx-viral-011124-5.jpeg\",\"datePublished\":\"2024-11-01T17:43:07+00:00\",\"dateModified\":\"2024-11-01T17:43:09+00:00\",\"breadcrumb\":{\"@id\":\"https:\\\/\\\/conexionnacional.mx\\\/index.php\\\/2024\\\/11\\\/01\\\/camioneta-cybertruck-se-estrella-contra-casa-en-alcaldia-miguel-hidalgo\\\/#breadcrumb\"},\"inLanguage\":\"es\",\"potentialAction\":[{\"@type\":\"ReadAction\",\"target\":[\"https:\\\/\\\/conexionnacional.mx\\\/index.php\\\/2024\\\/11\\\/01\\\/camioneta-cybertruck-se-estrella-contra-casa-en-alcaldia-miguel-hidalgo\\\/\"]}]},{\"@type\":\"ImageObject\",\"inLanguage\":\"es\",\"@id\":\"https:\\\/\\\/conexionnacional.mx\\\/index.php\\\/2024\\\/11\\\/01\\\/camioneta-cybertruck-se-estrella-contra-casa-en-alcaldia-miguel-hidalgo\\\/#primaryimage\",\"url\":\"https:\\\/\\\/conexionnacional.mx\\\/wp-content\\\/uploads\\\/2024\\\/11\\\/cybertruck-tesla-chapultepec-miguel-hidalgo-dia-de-muertos-choque-auto-cdmx-viral-011124-5.jpeg\",\"contentUrl\":\"https:\\\/\\\/conexionnacional.mx\\\/wp-content\\\/uploads\\\/2024\\\/11\\\/cybertruck-tesla-chapultepec-miguel-hidalgo-dia-de-muertos-choque-auto-cdmx-viral-011124-5.jpeg\",\"width\":1200,\"height\":750},{\"@type\":\"BreadcrumbList\",\"@id\":\"https:\\\/\\\/conexionnacional.mx\\\/index.php\\\/2024\\\/11\\\/01\\\/camioneta-cybertruck-se-estrella-contra-casa-en-alcaldia-miguel-hidalgo\\\/#breadcrumb\",\"itemListElement\":[{\"@type\":\"ListItem\",\"position\":1,\"name\":\"Inicio\",\"item\":\"https:\\\/\\\/conexionnacional.mx\\\/\"},{\"@type\":\"ListItem\",\"position\":2,\"name\":\"Camioneta Cybertruck se estrella contra casa en alcald\u00eda Miguel Hidalgo\"}]},{\"@type\":\"WebSite\",\"@id\":\"https:\\\/\\\/conexionnacional.mx\\\/#website\",\"url\":\"https:\\\/\\\/conexionnacional.mx\\\/\",\"name\":\"Conexi\u00f3n Nacional\",\"description\":\"Noticias al momento\",\"publisher\":{\"@id\":\"https:\\\/\\\/conexionnacional.mx\\\/#organization\"},\"alternateName\":\"Noticias nacionales\",\"potentialAction\":[{\"@type\":\"SearchAction\",\"target\":{\"@type\":\"EntryPoint\",\"urlTemplate\":\"https:\\\/\\\/conexionnacional.mx\\\/?s={search_term_string}\"},\"query-input\":{\"@type\":\"PropertyValueSpecification\",\"valueRequired\":true,\"valueName\":\"search_term_string\"}}],\"inLanguage\":\"es\"},{\"@type\":\"Organization\",\"@id\":\"https:\\\/\\\/conexionnacional.mx\\\/#organization\",\"name\":\"Conexi\u00f3n Nacional\",\"url\":\"https:\\\/\\\/conexionnacional.mx\\\/\",\"logo\":{\"@type\":\"ImageObject\",\"inLanguage\":\"es\",\"@id\":\"https:\\\/\\\/conexionnacional.mx\\\/#\\\/schema\\\/logo\\\/image\\\/\",\"url\":\"https:\\\/\\\/conexionnacional.mx\\\/wp-content\\\/uploads\\\/2022\\\/09\\\/conexion_nacional.png\",\"contentUrl\":\"https:\\\/\\\/conexionnacional.mx\\\/wp-content\\\/uploads\\\/2022\\\/09\\\/conexion_nacional.png\",\"width\":2964,\"height\":1173,\"caption\":\"Conexi\u00f3n Nacional\"},\"image\":{\"@id\":\"https:\\\/\\\/conexionnacional.mx\\\/#\\\/schema\\\/logo\\\/image\\\/\"},\"sameAs\":[\"https:\\\/\\\/www.facebook.com\\\/cnmxradio\"]},{\"@type\":\"Person\",\"@id\":\"https:\\\/\\\/conexionnacional.mx\\\/#\\\/schema\\\/person\\\/dd14aeda902120f5e0e021903fdb6931\",\"name\":\"Conexi\u00f3n Nacional\",\"image\":{\"@type\":\"ImageObject\",\"inLanguage\":\"es\",\"@id\":\"https:\\\/\\\/secure.gravatar.com\\\/avatar\\\/e523100f284110b2ecca7e17b2be9cf140a5e8f35294c9ec0543e6916cc1f9be?s=96&d=blank&r=g\",\"url\":\"https:\\\/\\\/secure.gravatar.com\\\/avatar\\\/e523100f284110b2ecca7e17b2be9cf140a5e8f35294c9ec0543e6916cc1f9be?s=96&d=blank&r=g\",\"contentUrl\":\"https:\\\/\\\/secure.gravatar.com\\\/avatar\\\/e523100f284110b2ecca7e17b2be9cf140a5e8f35294c9ec0543e6916cc1f9be?s=96&d=blank&r=g\",\"caption\":\"Conexi\u00f3n Nacional\"},\"sameAs\":[\"https:\\\/\\\/conexionnacional.mx\"],\"url\":\"https:\\\/\\\/conexionnacional.mx\\\/index.php\\\/author\\\/administrador\\\/\"}]}<\/script>\n<!-- \/ Yoast SEO plugin. -->","yoast_head_json":{"title":"Camioneta Cybertruck se estrella contra casa en alcald\u00eda Miguel Hidalgo |","robots":{"index":"index","follow":"follow","max-snippet":"max-snippet:-1","max-image-preview":"max-image-preview:large","max-video-preview":"max-video-preview:-1"},"canonical":"https:\/\/conexionnacional.mx\/index.php\/2024\/11\/01\/camioneta-cybertruck-se-estrella-contra-casa-en-alcaldia-miguel-hidalgo\/","og_locale":"es_MX","og_type":"article","og_title":"Camioneta Cybertruck se estrella contra casa en alcald\u00eda Miguel Hidalgo |","og_description":"En la&nbsp;madrugada del 1 de noviembre, un incidente inusual ocurri\u00f3 en la alcald\u00eda&nbsp;Miguel Hidalgo&nbsp;de la Ciudad de M\u00e9xico, cuando una camioneta&nbsp;Cybertruck de Tesla&nbsp;se estrell\u00f3 contra la fachada de una casa. En el veh\u00edculo, valuado en m\u00e1s de&nbsp;2 millones de pesos, viajaban dos hombres, de aproximadamente 50 y 35 a\u00f1os, quienes previamente hab\u00edan&nbsp;chocado&nbsp;levemente con&nbsp;otro autom\u00f3vil, lo [&hellip;]","og_url":"https:\/\/conexionnacional.mx\/index.php\/2024\/11\/01\/camioneta-cybertruck-se-estrella-contra-casa-en-alcaldia-miguel-hidalgo\/","og_site_name":"Conexi\u00f3n Nacional","article_publisher":"https:\/\/www.facebook.com\/cnmxradio","article_published_time":"2024-11-01T17:43:07+00:00","article_modified_time":"2024-11-01T17:43:09+00:00","og_image":[{"width":1200,"height":750,"url":"https:\/\/conexionnacional.mx\/wp-content\/uploads\/2024\/11\/cybertruck-tesla-chapultepec-miguel-hidalgo-dia-de-muertos-choque-auto-cdmx-viral-011124-5.jpeg","type":"image\/jpeg"}],"author":"Conexi\u00f3n Nacional","twitter_card":"summary_large_image","twitter_misc":{"Escrito por":"Conexi\u00f3n Nacional","Tiempo de lectura":"2 minutos"},"schema":{"@context":"https:\/\/schema.org","@graph":[{"@type":"Article","@id":"https:\/\/conexionnacional.mx\/index.php\/2024\/11\/01\/camioneta-cybertruck-se-estrella-contra-casa-en-alcaldia-miguel-hidalgo\/#article","isPartOf":{"@id":"https:\/\/conexionnacional.mx\/index.php\/2024\/11\/01\/camioneta-cybertruck-se-estrella-contra-casa-en-alcaldia-miguel-hidalgo\/"},"author":{"name":"Conexi\u00f3n Nacional","@id":"https:\/\/conexionnacional.mx\/#\/schema\/person\/dd14aeda902120f5e0e021903fdb6931"},"headline":"Camioneta Cybertruck se estrella contra casa en alcald\u00eda Miguel Hidalgo","datePublished":"2024-11-01T17:43:07+00:00","dateModified":"2024-11-01T17:43:09+00:00","mainEntityOfPage":{"@id":"https:\/\/conexionnacional.mx\/index.php\/2024\/11\/01\/camioneta-cybertruck-se-estrella-contra-casa-en-alcaldia-miguel-hidalgo\/"},"wordCount":234,"publisher":{"@id":"https:\/\/conexionnacional.mx\/#organization"},"image":{"@id":"https:\/\/conexionnacional.mx\/index.php\/2024\/11\/01\/camioneta-cybertruck-se-estrella-contra-casa-en-alcaldia-miguel-hidalgo\/#primaryimage"},"thumbnailUrl":"https:\/\/conexionnacional.mx\/wp-content\/uploads\/2024\/11\/cybertruck-tesla-chapultepec-miguel-hidalgo-dia-de-muertos-choque-auto-cdmx-viral-011124-5.jpeg","keywords":["Cybertruck"],"articleSection":["Nacional"],"inLanguage":"es"},{"@type":"WebPage","@id":"https:\/\/conexionnacional.mx\/index.php\/2024\/11\/01\/camioneta-cybertruck-se-estrella-contra-casa-en-alcaldia-miguel-hidalgo\/","url":"https:\/\/conexionnacional.mx\/index.php\/2024\/11\/01\/camioneta-cybertruck-se-estrella-contra-casa-en-alcaldia-miguel-hidalgo\/","name":"Camioneta Cybertruck se estrella contra casa en alcald\u00eda Miguel Hidalgo |","isPartOf":{"@id":"https:\/\/conexionnacional.mx\/#website"},"primaryImageOfPage":{"@id":"https:\/\/conexionnacional.mx\/index.php\/2024\/11\/01\/camioneta-cybertruck-se-estrella-contra-casa-en-alcaldia-miguel-hidalgo\/#primaryimage"},"image":{"@id":"https:\/\/conexionnacional.mx\/index.php\/2024\/11\/01\/camioneta-cybertruck-se-estrella-contra-casa-en-alcaldia-miguel-hidalgo\/#primaryimage"},"thumbnailUrl":"https:\/\/conexionnacional.mx\/wp-content\/uploads\/2024\/11\/cybertruck-tesla-chapultepec-miguel-hidalgo-dia-de-muertos-choque-auto-cdmx-viral-011124-5.jpeg","datePublished":"2024-11-01T17:43:07+00:00","dateModified":"2024-11-01T17:43:09+00:00","breadcrumb":{"@id":"https:\/\/conexionnacional.mx\/index.php\/2024\/11\/01\/camioneta-cybertruck-se-estrella-contra-casa-en-alcaldia-miguel-hidalgo\/#breadcrumb"},"inLanguage":"es","potentialAction":[{"@type":"ReadAction","target":["https:\/\/conexionnacional.mx\/index.php\/2024\/11\/01\/camioneta-cybertruck-se-estrella-contra-casa-en-alcaldia-miguel-hidalgo\/"]}]},{"@type":"ImageObject","inLanguage":"es","@id":"https:\/\/conexionnacional.mx\/index.php\/2024\/11\/01\/camioneta-cybertruck-se-estrella-contra-casa-en-alcaldia-miguel-hidalgo\/#primaryimage","url":"https:\/\/conexionnacional.mx\/wp-content\/uploads\/2024\/11\/cybertruck-tesla-chapultepec-miguel-hidalgo-dia-de-muertos-choque-auto-cdmx-viral-011124-5.jpeg","contentUrl":"https:\/\/conexionnacional.mx\/wp-content\/uploads\/2024\/11\/cybertruck-tesla-chapultepec-miguel-hidalgo-dia-de-muertos-choque-auto-cdmx-viral-011124-5.jpeg","width":1200,"height":750},{"@type":"BreadcrumbList","@id":"https:\/\/conexionnacional.mx\/index.php\/2024\/11\/01\/camioneta-cybertruck-se-estrella-contra-casa-en-alcaldia-miguel-hidalgo\/#breadcrumb","itemListElement":[{"@type":"ListItem","position":1,"name":"Inicio","item":"https:\/\/conexionnacional.mx\/"},{"@type":"ListItem","position":2,"name":"Camioneta Cybertruck se estrella contra casa en alcald\u00eda Miguel Hidalgo"}]},{"@type":"WebSite","@id":"https:\/\/conexionnacional.mx\/#website","url":"https:\/\/conexionnacional.mx\/","name":"Conexi\u00f3n Nacional","description":"Noticias al momento","publisher":{"@id":"https:\/\/conexionnacional.mx\/#organization"},"alternateName":"Noticias nacionales","potentialAction":[{"@type":"SearchAction","target":{"@type":"EntryPoint","urlTemplate":"https:\/\/conexionnacional.mx\/?s={search_term_string}"},"query-input":{"@type":"PropertyValueSpecification","valueRequired":true,"valueName":"search_term_string"}}],"inLanguage":"es"},{"@type":"Organization","@id":"https:\/\/conexionnacional.mx\/#organization","name":"Conexi\u00f3n Nacional","url":"https:\/\/conexionnacional.mx\/","logo":{"@type":"ImageObject","inLanguage":"es","@id":"https:\/\/conexionnacional.mx\/#\/schema\/logo\/image\/","url":"https:\/\/conexionnacional.mx\/wp-content\/uploads\/2022\/09\/conexion_nacional.png","contentUrl":"https:\/\/conexionnacional.mx\/wp-content\/uploads\/2022\/09\/conexion_nacional.png","width":2964,"height":1173,"caption":"Conexi\u00f3n Nacional"},"image":{"@id":"https:\/\/conexionnacional.mx\/#\/schema\/logo\/image\/"},"sameAs":["https:\/\/www.facebook.com\/cnmxradio"]},{"@type":"Person","@id":"https:\/\/conexionnacional.mx\/#\/schema\/person\/dd14aeda902120f5e0e021903fdb6931","name":"Conexi\u00f3n Nacional","image":{"@type":"ImageObject","inLanguage":"es","@id":"https:\/\/secure.gravatar.com\/avatar\/e523100f284110b2ecca7e17b2be9cf140a5e8f35294c9ec0543e6916cc1f9be?s=96&d=blank&r=g","url":"https:\/\/secure.gravatar.com\/avatar\/e523100f284110b2ecca7e17b2be9cf140a5e8f35294c9ec0543e6916cc1f9be?s=96&d=blank&r=g","contentUrl":"https:\/\/secure.gravatar.com\/avatar\/e523100f284110b2ecca7e17b2be9cf140a5e8f35294c9ec0543e6916cc1f9be?s=96&d=blank&r=g","caption":"Conexi\u00f3n Nacional"},"sameAs":["https:\/\/conexionnacional.mx"],"url":"https:\/\/conexionnacional.mx\/index.php\/author\/administrador\/"}]}},"_links":{"self":[{"href":"https:\/\/conexionnacional.mx\/index.php\/wp-json\/wp\/v2\/posts\/22746","targetHints":{"allow":["GET"]}}],"collection":[{"href":"https:\/\/conexionnacional.mx\/index.php\/wp-json\/wp\/v2\/posts"}],"about":[{"href":"https:\/\/conexionnacional.mx\/index.php\/wp-json\/wp\/v2\/types\/post"}],"author":[{"embeddable":true,"href":"https:\/\/conexionnacional.mx\/index.php\/wp-json\/wp\/v2\/users\/1"}],"replies":[{"embeddable":true,"href":"https:\/\/conexionnacional.mx\/index.php\/wp-json\/wp\/v2\/comments?post=22746"}],"version-history":[{"count":1,"href":"https:\/\/conexionnacional.mx\/index.php\/wp-json\/wp\/v2\/posts\/22746\/revisions"}],"predecessor-version":[{"id":22748,"href":"https:\/\/conexionnacional.mx\/index.php\/wp-json\/wp\/v2\/posts\/22746\/revisions\/22748"}],"wp:featuredmedia":[{"embeddable":true,"href":"https:\/\/conexionnacional.mx\/index.php\/wp-json\/wp\/v2\/media\/22747"}],"wp:attachment":[{"href":"https:\/\/conexionnacional.mx\/index.php\/wp-json\/wp\/v2\/media?parent=22746"}],"wp:term":[{"taxonomy":"category","embeddable":true,"href":"https:\/\/conexionnacional.mx\/index.php\/wp-json\/wp\/v2\/categories?post=22746"},{"taxonomy":"post_tag","embeddable":true,"href":"https:\/\/conexionnacional.mx\/index.php\/wp-json\/wp\/v2\/tags?post=22746"}],"curies":[{"name":"wp","href":"https:\/\/api.w.org\/{rel}","templated":true}]}}