{"id":2262,"date":"2022-10-26T12:17:31","date_gmt":"2022-10-26T17:17:31","guid":{"rendered":"https:\/\/conexionnacional.mx\/?p=2262"},"modified":"2022-10-26T12:17:31","modified_gmt":"2022-10-26T17:17:31","slug":"propiedades-de-caro-quintero","status":"publish","type":"post","link":"https:\/\/conexionnacional.mx\/index.php\/2022\/10\/26\/propiedades-de-caro-quintero\/","title":{"rendered":"<strong>FGR incauta cinco propiedades de Caro Quintero en Jalisco tras demanda presentada por una corte de EU&nbsp;<\/strong>"},"content":{"rendered":"\n<p>Por: <a href=\"https:\/\/www.radiozitacuaro.com\/archives\/2653\/fgr-incauta-cinco-propiedades-de-caro-quintero-en-jalisco-tras-demanda-presentada-por-una-corte-de-eu\/\">radiozitacuaro.com<\/a>&nbsp; |<\/p>\n\n\n\n<p>La <strong>Fiscal\u00eda General de la Rep\u00fablica (FGR)<\/strong> obtuvo este martes una sentencia favorable para el ejercicio de la acci\u00f3n de extinci\u00f3n de dominio, es decir, incautar, <strong>cinco propiedades en Zapopan, Jalisco, propiedad del narcotraficante Caro Quintero,<\/strong> luego de que una jueza Sexto de Distrito en materia de extinci\u00f3n de dominio dict\u00f3 sentencia favorable mediante juicio oral.<\/p>\n\n\n\n<p>De acuerdo con la fiscal\u00eda, la extinci\u00f3n de dominio, es decir, el embargo de bienes que hayan sido adquiridos con recursos de actividades il\u00edcitas, se llev\u00f3 a cabo luego de que la <strong>Corte de Distrito Este de Nueva York realiz\u00f3 la solicitud<\/strong>, alegando que las propiedades fueron adquiridas con recursos procedentes del narcotr\u00e1fico.<\/p>\n\n\n\n<p>El 25 de octubre de 2019, las autoridades mexicanas recibieron la petici\u00f3n del Director de la Divisi\u00f3n Penal del Departamento de Justicia de los Estados Unidos para la asistencia jur\u00eddica internacional para el decomiso de inmuebles que se encuentran en Zapopan, Jalisco, respecto de los cuales se demand\u00f3 la extinci\u00f3n de dominio en la Corte de Distrito Este de Nueva York.<\/p>\n\n\n\n<p>Desde marzo, la demanda fue admitida en el Juzgado Sexto de Distrito en Materia de Extinci\u00f3n de Dominio Competencia en la Rep\u00fablica Mexicana y Especializado en Juicios Orales Mercantiles en el Primer Circuito, con n\u00famero de expediente 4\/2022.&nbsp;<\/p>\n\n\n\n<p>Se trata cinco bienes ubicados en el municipio de Zapopan: una bodega ubicada en la avenida Melchor Ocampo; dos propiedades en la calle Sagitario, Fraccionamiento Residencial Arboledas; un inmueble en la calle Paseo de los Virreyes; as\u00ed como una propiedad en la calle Luigi Prandello.&nbsp;<\/p>\n\n\n\n<p>En abril de 2018, el gobierno de Estados Unidos inici\u00f3 una acusaci\u00f3n formal en un tribunal federal de Brooklyn contra Caro Quintero por liderar una empresa criminal y otros delitos, incluido su participaci\u00f3n en el secuestro, tortura y asesinato en 1985 del agente especial de la DEA, Enrique \u201cKiki\u201d Camarena.&nbsp;<\/p>\n\n\n\n<p>El 15 de abril de 2021, la Corte del Distrito Este de Nueva York orden\u00f3 incautar las cinco propiedades al narcotraficante, las cuales est\u00e1n ubicadas en Jalisco.<\/p>\n\n\n\n<blockquote class=\"wp-block-quote is-layout-flow wp-block-quote-is-layout-flow\"><p>\u201cEstas propiedades, descritas en la denuncia de decomiso civil presentada el 11 de octubre de 2019, fueron compradas por Rafael Caro Quintero (\u201cRCQ\u201d) con ganancias de la droga generadas por la organizaci\u00f3n dirigida por el narcotraficante, que es una facci\u00f3n de la organizaci\u00f3n del crimen organizado mexicano conocido como el C\u00e1rtel de Sinaloa\u201d, indic\u00f3 la corte neoyorquina en su momento.<\/p><\/blockquote>\n\n\n\n<p>Con Informaci\u00f3n de <a href=\"http:\/\/radiozitacuaro.com\/\">Radio Zit\u00e1cuaro<\/a><\/p>\n","protected":false},"excerpt":{"rendered":"<p>Por: radiozitacuaro.com&nbsp; | La Fiscal\u00eda General de la Rep\u00fablica (FGR) obtuvo este martes una sentencia favorable para el ejercicio de la acci\u00f3n de extinci\u00f3n de dominio, es decir, incautar, cinco propiedades en Zapopan, Jalisco, propiedad del narcotraficante Caro Quintero, luego de que una jueza Sexto de Distrito en materia de extinci\u00f3n de dominio dict\u00f3 sentencia [&hellip;]<\/p>\n","protected":false},"author":1,"featured_media":2263,"comment_status":"closed","ping_status":"closed","sticky":false,"template":"","format":"aside","meta":{"googlesitekit_rrm_CAowytPeCw:productID":"","footnotes":""},"categories":[3],"tags":[1353,35,234,66,1354],"class_list":["post-2262","post","type-post","status-publish","format-aside","has-post-thumbnail","hentry","category-nacional","tag-caro-quintero","tag-estados-unidos","tag-fgr","tag-jalisco","tag-narcotraficante","post_format-post-format-aside"],"yoast_head":"<!-- This site is optimized with the Yoast SEO plugin v27.5 - https:\/\/yoast.com\/product\/yoast-seo-wordpress\/ -->\n<title>FGR incauta cinco propiedades de Caro Quintero en Jalisco tras demanda presentada por una corte de EU&nbsp; |<\/title>\n<meta name=\"description\" content=\"De acuerdo con la fiscal\u00eda, la extinci\u00f3n de dominio, es decir, el embargo de bienes que hayan sido adquiridos con recursos de\" \/>\n<meta name=\"robots\" content=\"index, follow, max-snippet:-1, max-image-preview:large, max-video-preview:-1\" \/>\n<link rel=\"canonical\" href=\"https:\/\/conexionnacional.mx\/index.php\/2022\/10\/26\/propiedades-de-caro-quintero\/\" \/>\n<meta property=\"og:locale\" content=\"es_MX\" \/>\n<meta property=\"og:type\" content=\"article\" \/>\n<meta property=\"og:title\" content=\"FGR incauta cinco propiedades de Caro Quintero en Jalisco tras demanda presentada por una corte de EU&nbsp; |\" \/>\n<meta property=\"og:description\" content=\"De acuerdo con la fiscal\u00eda, la extinci\u00f3n de dominio, es decir, el embargo de bienes que hayan sido adquiridos con recursos de\" \/>\n<meta property=\"og:url\" content=\"https:\/\/conexionnacional.mx\/index.php\/2022\/10\/26\/propiedades-de-caro-quintero\/\" \/>\n<meta property=\"og:site_name\" content=\"Conexi\u00f3n Nacional\" \/>\n<meta property=\"article:publisher\" content=\"https:\/\/www.facebook.com\/cnmxradio\" \/>\n<meta property=\"article:published_time\" content=\"2022-10-26T17:17:31+00:00\" \/>\n<meta property=\"og:image\" content=\"https:\/\/conexionnacional.mx\/wp-content\/uploads\/2022\/10\/Caro-Quintero.jpg\" \/>\n\t<meta property=\"og:image:width\" content=\"1000\" \/>\n\t<meta property=\"og:image:height\" content=\"600\" \/>\n\t<meta property=\"og:image:type\" content=\"image\/jpeg\" \/>\n<meta name=\"author\" content=\"Conexi\u00f3n Nacional\" \/>\n<meta name=\"twitter:card\" content=\"summary_large_image\" \/>\n<meta name=\"twitter:label1\" content=\"Escrito por\" \/>\n\t<meta name=\"twitter:data1\" content=\"Conexi\u00f3n Nacional\" \/>\n\t<meta name=\"twitter:label2\" content=\"Tiempo de lectura\" \/>\n\t<meta name=\"twitter:data2\" content=\"2 minutos\" \/>\n<script type=\"application\/ld+json\" class=\"yoast-schema-graph\">{\"@context\":\"https:\\\/\\\/schema.org\",\"@graph\":[{\"@type\":\"Article\",\"@id\":\"https:\\\/\\\/conexionnacional.mx\\\/index.php\\\/2022\\\/10\\\/26\\\/propiedades-de-caro-quintero\\\/#article\",\"isPartOf\":{\"@id\":\"https:\\\/\\\/conexionnacional.mx\\\/index.php\\\/2022\\\/10\\\/26\\\/propiedades-de-caro-quintero\\\/\"},\"author\":{\"name\":\"Conexi\u00f3n Nacional\",\"@id\":\"https:\\\/\\\/conexionnacional.mx\\\/#\\\/schema\\\/person\\\/dd14aeda902120f5e0e021903fdb6931\"},\"headline\":\"FGR incauta cinco propiedades de Caro Quintero en Jalisco tras demanda presentada por una corte de EU&nbsp;\",\"datePublished\":\"2022-10-26T17:17:31+00:00\",\"mainEntityOfPage\":{\"@id\":\"https:\\\/\\\/conexionnacional.mx\\\/index.php\\\/2022\\\/10\\\/26\\\/propiedades-de-caro-quintero\\\/\"},\"wordCount\":436,\"publisher\":{\"@id\":\"https:\\\/\\\/conexionnacional.mx\\\/#organization\"},\"image\":{\"@id\":\"https:\\\/\\\/conexionnacional.mx\\\/index.php\\\/2022\\\/10\\\/26\\\/propiedades-de-caro-quintero\\\/#primaryimage\"},\"thumbnailUrl\":\"https:\\\/\\\/conexionnacional.mx\\\/wp-content\\\/uploads\\\/2022\\\/10\\\/Caro-Quintero.jpg\",\"keywords\":[\"Caro Quintero\",\"Estados Unidos\",\"FGR\",\"Jalisco\",\"narcotraficante\"],\"articleSection\":[\"Nacional\"],\"inLanguage\":\"es\"},{\"@type\":\"WebPage\",\"@id\":\"https:\\\/\\\/conexionnacional.mx\\\/index.php\\\/2022\\\/10\\\/26\\\/propiedades-de-caro-quintero\\\/\",\"url\":\"https:\\\/\\\/conexionnacional.mx\\\/index.php\\\/2022\\\/10\\\/26\\\/propiedades-de-caro-quintero\\\/\",\"name\":\"FGR incauta cinco propiedades de Caro Quintero en Jalisco tras demanda presentada por una corte de EU&nbsp; |\",\"isPartOf\":{\"@id\":\"https:\\\/\\\/conexionnacional.mx\\\/#website\"},\"primaryImageOfPage\":{\"@id\":\"https:\\\/\\\/conexionnacional.mx\\\/index.php\\\/2022\\\/10\\\/26\\\/propiedades-de-caro-quintero\\\/#primaryimage\"},\"image\":{\"@id\":\"https:\\\/\\\/conexionnacional.mx\\\/index.php\\\/2022\\\/10\\\/26\\\/propiedades-de-caro-quintero\\\/#primaryimage\"},\"thumbnailUrl\":\"https:\\\/\\\/conexionnacional.mx\\\/wp-content\\\/uploads\\\/2022\\\/10\\\/Caro-Quintero.jpg\",\"datePublished\":\"2022-10-26T17:17:31+00:00\",\"description\":\"De acuerdo con la fiscal\u00eda, la extinci\u00f3n de dominio, es decir, el embargo de bienes que hayan sido adquiridos con recursos de\",\"breadcrumb\":{\"@id\":\"https:\\\/\\\/conexionnacional.mx\\\/index.php\\\/2022\\\/10\\\/26\\\/propiedades-de-caro-quintero\\\/#breadcrumb\"},\"inLanguage\":\"es\",\"potentialAction\":[{\"@type\":\"ReadAction\",\"target\":[\"https:\\\/\\\/conexionnacional.mx\\\/index.php\\\/2022\\\/10\\\/26\\\/propiedades-de-caro-quintero\\\/\"]}]},{\"@type\":\"ImageObject\",\"inLanguage\":\"es\",\"@id\":\"https:\\\/\\\/conexionnacional.mx\\\/index.php\\\/2022\\\/10\\\/26\\\/propiedades-de-caro-quintero\\\/#primaryimage\",\"url\":\"https:\\\/\\\/conexionnacional.mx\\\/wp-content\\\/uploads\\\/2022\\\/10\\\/Caro-Quintero.jpg\",\"contentUrl\":\"https:\\\/\\\/conexionnacional.mx\\\/wp-content\\\/uploads\\\/2022\\\/10\\\/Caro-Quintero.jpg\",\"width\":1000,\"height\":600,\"caption\":\"FGR incauta cinco propiedades de Caro Quintero en Jalisco tras demanda presentada por una corte de E\"},{\"@type\":\"BreadcrumbList\",\"@id\":\"https:\\\/\\\/conexionnacional.mx\\\/index.php\\\/2022\\\/10\\\/26\\\/propiedades-de-caro-quintero\\\/#breadcrumb\",\"itemListElement\":[{\"@type\":\"ListItem\",\"position\":1,\"name\":\"Inicio\",\"item\":\"https:\\\/\\\/conexionnacional.mx\\\/\"},{\"@type\":\"ListItem\",\"position\":2,\"name\":\"FGR incauta cinco propiedades de Caro Quintero en Jalisco tras demanda presentada por una corte de EU&nbsp;\"}]},{\"@type\":\"WebSite\",\"@id\":\"https:\\\/\\\/conexionnacional.mx\\\/#website\",\"url\":\"https:\\\/\\\/conexionnacional.mx\\\/\",\"name\":\"Conexi\u00f3n Nacional\",\"description\":\"Noticias al momento\",\"publisher\":{\"@id\":\"https:\\\/\\\/conexionnacional.mx\\\/#organization\"},\"alternateName\":\"Noticias nacionales\",\"potentialAction\":[{\"@type\":\"SearchAction\",\"target\":{\"@type\":\"EntryPoint\",\"urlTemplate\":\"https:\\\/\\\/conexionnacional.mx\\\/?s={search_term_string}\"},\"query-input\":{\"@type\":\"PropertyValueSpecification\",\"valueRequired\":true,\"valueName\":\"search_term_string\"}}],\"inLanguage\":\"es\"},{\"@type\":\"Organization\",\"@id\":\"https:\\\/\\\/conexionnacional.mx\\\/#organization\",\"name\":\"Conexi\u00f3n Nacional\",\"url\":\"https:\\\/\\\/conexionnacional.mx\\\/\",\"logo\":{\"@type\":\"ImageObject\",\"inLanguage\":\"es\",\"@id\":\"https:\\\/\\\/conexionnacional.mx\\\/#\\\/schema\\\/logo\\\/image\\\/\",\"url\":\"https:\\\/\\\/conexionnacional.mx\\\/wp-content\\\/uploads\\\/2022\\\/09\\\/conexion_nacional.png\",\"contentUrl\":\"https:\\\/\\\/conexionnacional.mx\\\/wp-content\\\/uploads\\\/2022\\\/09\\\/conexion_nacional.png\",\"width\":2964,\"height\":1173,\"caption\":\"Conexi\u00f3n Nacional\"},\"image\":{\"@id\":\"https:\\\/\\\/conexionnacional.mx\\\/#\\\/schema\\\/logo\\\/image\\\/\"},\"sameAs\":[\"https:\\\/\\\/www.facebook.com\\\/cnmxradio\"]},{\"@type\":\"Person\",\"@id\":\"https:\\\/\\\/conexionnacional.mx\\\/#\\\/schema\\\/person\\\/dd14aeda902120f5e0e021903fdb6931\",\"name\":\"Conexi\u00f3n Nacional\",\"image\":{\"@type\":\"ImageObject\",\"inLanguage\":\"es\",\"@id\":\"https:\\\/\\\/secure.gravatar.com\\\/avatar\\\/e523100f284110b2ecca7e17b2be9cf140a5e8f35294c9ec0543e6916cc1f9be?s=96&d=blank&r=g\",\"url\":\"https:\\\/\\\/secure.gravatar.com\\\/avatar\\\/e523100f284110b2ecca7e17b2be9cf140a5e8f35294c9ec0543e6916cc1f9be?s=96&d=blank&r=g\",\"contentUrl\":\"https:\\\/\\\/secure.gravatar.com\\\/avatar\\\/e523100f284110b2ecca7e17b2be9cf140a5e8f35294c9ec0543e6916cc1f9be?s=96&d=blank&r=g\",\"caption\":\"Conexi\u00f3n Nacional\"},\"sameAs\":[\"https:\\\/\\\/conexionnacional.mx\"],\"url\":\"https:\\\/\\\/conexionnacional.mx\\\/index.php\\\/author\\\/administrador\\\/\"}]}<\/script>\n<!-- \/ Yoast SEO plugin. -->","yoast_head_json":{"title":"FGR incauta cinco propiedades de Caro Quintero en Jalisco tras demanda presentada por una corte de EU&nbsp; |","description":"De acuerdo con la fiscal\u00eda, la extinci\u00f3n de dominio, es decir, el embargo de bienes que hayan sido adquiridos con recursos de","robots":{"index":"index","follow":"follow","max-snippet":"max-snippet:-1","max-image-preview":"max-image-preview:large","max-video-preview":"max-video-preview:-1"},"canonical":"https:\/\/conexionnacional.mx\/index.php\/2022\/10\/26\/propiedades-de-caro-quintero\/","og_locale":"es_MX","og_type":"article","og_title":"FGR incauta cinco propiedades de Caro Quintero en Jalisco tras demanda presentada por una corte de EU&nbsp; |","og_description":"De acuerdo con la fiscal\u00eda, la extinci\u00f3n de dominio, es decir, el embargo de bienes que hayan sido adquiridos con recursos de","og_url":"https:\/\/conexionnacional.mx\/index.php\/2022\/10\/26\/propiedades-de-caro-quintero\/","og_site_name":"Conexi\u00f3n Nacional","article_publisher":"https:\/\/www.facebook.com\/cnmxradio","article_published_time":"2022-10-26T17:17:31+00:00","og_image":[{"width":1000,"height":600,"url":"https:\/\/conexionnacional.mx\/wp-content\/uploads\/2022\/10\/Caro-Quintero.jpg","type":"image\/jpeg"}],"author":"Conexi\u00f3n Nacional","twitter_card":"summary_large_image","twitter_misc":{"Escrito por":"Conexi\u00f3n Nacional","Tiempo de lectura":"2 minutos"},"schema":{"@context":"https:\/\/schema.org","@graph":[{"@type":"Article","@id":"https:\/\/conexionnacional.mx\/index.php\/2022\/10\/26\/propiedades-de-caro-quintero\/#article","isPartOf":{"@id":"https:\/\/conexionnacional.mx\/index.php\/2022\/10\/26\/propiedades-de-caro-quintero\/"},"author":{"name":"Conexi\u00f3n Nacional","@id":"https:\/\/conexionnacional.mx\/#\/schema\/person\/dd14aeda902120f5e0e021903fdb6931"},"headline":"FGR incauta cinco propiedades de Caro Quintero en Jalisco tras demanda presentada por una corte de EU&nbsp;","datePublished":"2022-10-26T17:17:31+00:00","mainEntityOfPage":{"@id":"https:\/\/conexionnacional.mx\/index.php\/2022\/10\/26\/propiedades-de-caro-quintero\/"},"wordCount":436,"publisher":{"@id":"https:\/\/conexionnacional.mx\/#organization"},"image":{"@id":"https:\/\/conexionnacional.mx\/index.php\/2022\/10\/26\/propiedades-de-caro-quintero\/#primaryimage"},"thumbnailUrl":"https:\/\/conexionnacional.mx\/wp-content\/uploads\/2022\/10\/Caro-Quintero.jpg","keywords":["Caro Quintero","Estados Unidos","FGR","Jalisco","narcotraficante"],"articleSection":["Nacional"],"inLanguage":"es"},{"@type":"WebPage","@id":"https:\/\/conexionnacional.mx\/index.php\/2022\/10\/26\/propiedades-de-caro-quintero\/","url":"https:\/\/conexionnacional.mx\/index.php\/2022\/10\/26\/propiedades-de-caro-quintero\/","name":"FGR incauta cinco propiedades de Caro Quintero en Jalisco tras demanda presentada por una corte de EU&nbsp; |","isPartOf":{"@id":"https:\/\/conexionnacional.mx\/#website"},"primaryImageOfPage":{"@id":"https:\/\/conexionnacional.mx\/index.php\/2022\/10\/26\/propiedades-de-caro-quintero\/#primaryimage"},"image":{"@id":"https:\/\/conexionnacional.mx\/index.php\/2022\/10\/26\/propiedades-de-caro-quintero\/#primaryimage"},"thumbnailUrl":"https:\/\/conexionnacional.mx\/wp-content\/uploads\/2022\/10\/Caro-Quintero.jpg","datePublished":"2022-10-26T17:17:31+00:00","description":"De acuerdo con la fiscal\u00eda, la extinci\u00f3n de dominio, es decir, el embargo de bienes que hayan sido adquiridos con recursos de","breadcrumb":{"@id":"https:\/\/conexionnacional.mx\/index.php\/2022\/10\/26\/propiedades-de-caro-quintero\/#breadcrumb"},"inLanguage":"es","potentialAction":[{"@type":"ReadAction","target":["https:\/\/conexionnacional.mx\/index.php\/2022\/10\/26\/propiedades-de-caro-quintero\/"]}]},{"@type":"ImageObject","inLanguage":"es","@id":"https:\/\/conexionnacional.mx\/index.php\/2022\/10\/26\/propiedades-de-caro-quintero\/#primaryimage","url":"https:\/\/conexionnacional.mx\/wp-content\/uploads\/2022\/10\/Caro-Quintero.jpg","contentUrl":"https:\/\/conexionnacional.mx\/wp-content\/uploads\/2022\/10\/Caro-Quintero.jpg","width":1000,"height":600,"caption":"FGR incauta cinco propiedades de Caro Quintero en Jalisco tras demanda presentada por una corte de E"},{"@type":"BreadcrumbList","@id":"https:\/\/conexionnacional.mx\/index.php\/2022\/10\/26\/propiedades-de-caro-quintero\/#breadcrumb","itemListElement":[{"@type":"ListItem","position":1,"name":"Inicio","item":"https:\/\/conexionnacional.mx\/"},{"@type":"ListItem","position":2,"name":"FGR incauta cinco propiedades de Caro Quintero en Jalisco tras demanda presentada por una corte de EU&nbsp;"}]},{"@type":"WebSite","@id":"https:\/\/conexionnacional.mx\/#website","url":"https:\/\/conexionnacional.mx\/","name":"Conexi\u00f3n Nacional","description":"Noticias al momento","publisher":{"@id":"https:\/\/conexionnacional.mx\/#organization"},"alternateName":"Noticias nacionales","potentialAction":[{"@type":"SearchAction","target":{"@type":"EntryPoint","urlTemplate":"https:\/\/conexionnacional.mx\/?s={search_term_string}"},"query-input":{"@type":"PropertyValueSpecification","valueRequired":true,"valueName":"search_term_string"}}],"inLanguage":"es"},{"@type":"Organization","@id":"https:\/\/conexionnacional.mx\/#organization","name":"Conexi\u00f3n Nacional","url":"https:\/\/conexionnacional.mx\/","logo":{"@type":"ImageObject","inLanguage":"es","@id":"https:\/\/conexionnacional.mx\/#\/schema\/logo\/image\/","url":"https:\/\/conexionnacional.mx\/wp-content\/uploads\/2022\/09\/conexion_nacional.png","contentUrl":"https:\/\/conexionnacional.mx\/wp-content\/uploads\/2022\/09\/conexion_nacional.png","width":2964,"height":1173,"caption":"Conexi\u00f3n Nacional"},"image":{"@id":"https:\/\/conexionnacional.mx\/#\/schema\/logo\/image\/"},"sameAs":["https:\/\/www.facebook.com\/cnmxradio"]},{"@type":"Person","@id":"https:\/\/conexionnacional.mx\/#\/schema\/person\/dd14aeda902120f5e0e021903fdb6931","name":"Conexi\u00f3n Nacional","image":{"@type":"ImageObject","inLanguage":"es","@id":"https:\/\/secure.gravatar.com\/avatar\/e523100f284110b2ecca7e17b2be9cf140a5e8f35294c9ec0543e6916cc1f9be?s=96&d=blank&r=g","url":"https:\/\/secure.gravatar.com\/avatar\/e523100f284110b2ecca7e17b2be9cf140a5e8f35294c9ec0543e6916cc1f9be?s=96&d=blank&r=g","contentUrl":"https:\/\/secure.gravatar.com\/avatar\/e523100f284110b2ecca7e17b2be9cf140a5e8f35294c9ec0543e6916cc1f9be?s=96&d=blank&r=g","caption":"Conexi\u00f3n Nacional"},"sameAs":["https:\/\/conexionnacional.mx"],"url":"https:\/\/conexionnacional.mx\/index.php\/author\/administrador\/"}]}},"_links":{"self":[{"href":"https:\/\/conexionnacional.mx\/index.php\/wp-json\/wp\/v2\/posts\/2262","targetHints":{"allow":["GET"]}}],"collection":[{"href":"https:\/\/conexionnacional.mx\/index.php\/wp-json\/wp\/v2\/posts"}],"about":[{"href":"https:\/\/conexionnacional.mx\/index.php\/wp-json\/wp\/v2\/types\/post"}],"author":[{"embeddable":true,"href":"https:\/\/conexionnacional.mx\/index.php\/wp-json\/wp\/v2\/users\/1"}],"replies":[{"embeddable":true,"href":"https:\/\/conexionnacional.mx\/index.php\/wp-json\/wp\/v2\/comments?post=2262"}],"version-history":[{"count":1,"href":"https:\/\/conexionnacional.mx\/index.php\/wp-json\/wp\/v2\/posts\/2262\/revisions"}],"predecessor-version":[{"id":2264,"href":"https:\/\/conexionnacional.mx\/index.php\/wp-json\/wp\/v2\/posts\/2262\/revisions\/2264"}],"wp:featuredmedia":[{"embeddable":true,"href":"https:\/\/conexionnacional.mx\/index.php\/wp-json\/wp\/v2\/media\/2263"}],"wp:attachment":[{"href":"https:\/\/conexionnacional.mx\/index.php\/wp-json\/wp\/v2\/media?parent=2262"}],"wp:term":[{"taxonomy":"category","embeddable":true,"href":"https:\/\/conexionnacional.mx\/index.php\/wp-json\/wp\/v2\/categories?post=2262"},{"taxonomy":"post_tag","embeddable":true,"href":"https:\/\/conexionnacional.mx\/index.php\/wp-json\/wp\/v2\/tags?post=2262"}],"curies":[{"name":"wp","href":"https:\/\/api.w.org\/{rel}","templated":true}]}}