{"id":22459,"date":"2024-10-15T17:25:14","date_gmt":"2024-10-15T23:25:14","guid":{"rendered":"https:\/\/conexionnacional.mx\/?p=22459"},"modified":"2024-10-15T17:25:16","modified_gmt":"2024-10-15T23:25:16","slug":"dan-77-anos-de-carcel-a-sujeto-que-descuartizo-a-su-novia-y-esparcio-los-restos","status":"publish","type":"post","link":"https:\/\/conexionnacional.mx\/index.php\/2024\/10\/15\/dan-77-anos-de-carcel-a-sujeto-que-descuartizo-a-su-novia-y-esparcio-los-restos\/","title":{"rendered":"Dan 77 a\u00f1os de c\u00e1rcel a sujeto que descuartiz\u00f3 a su novia y esparci\u00f3 los restos"},"content":{"rendered":"\n<p>Una sentencia condenatoria de 77 a\u00f1os, 5 meses y 28 d\u00edas de prisi\u00f3n\u00a0fue dictada a<strong>\u00a0Jonathan Salom\u00e9 Hern\u00e1ndez Gueta<\/strong>, por los\u00a0delitos de desaparici\u00f3n\u00a0cometido por particulares y\u00a0feminicidio, en agravio de quien en vida respondiera al nombre de\u00a0<strong>Karla Nayeli<\/strong>, en\u00a0Durango.<\/p>\n\n\n\n<p>La Fiscal\u00eda General del Estado de Durango (FGED) inform\u00f3 que fue a trav\u00e9s de la Agente del Ministerio P\u00fablico adscrita a la Unidad Especializada en Delitos de Personas Desaparecidas, tras exponer los datos de prueba ante el Juez de Control y Enjuiciamiento, se obtuvo la condena.<\/p>\n\n\n\n<p>En la carpeta de investigaci\u00f3n se establece que el 20 de septiembre del presente a\u00f1o cerca de las 20:34 horas,&nbsp;<strong>el ahora sentenciado se encontraba ingiriendo bebidas embriagantes en compa\u00f1\u00eda de su pareja sentimental Karla Nayeli<\/strong>&nbsp;al interior de su domicilio ubicado en el fraccionamiento R\u00edo Dorado de la ciudad capital, momento en el que&nbsp;<strong>comenzaron a discutir y<\/strong>&nbsp;<strong>Jonathan Salome agredi\u00f3 f\u00edsicamente a la v\u00edctima<\/strong>, golpe\u00e1ndola en la cabeza, provoc\u00e1ndole la muerte.<\/p>\n\n\n\n<p>Posteriormente,&nbsp;<strong>Jonathan Salom\u00e9 mutil\u00f3 el cuerpo de la joven<\/strong>, trasladando los restos a distintos puntos de la capital, as\u00ed como los diversos objetos punzocortantes y la vestimenta de Karla Nayeli a fin de eliminar las pruebas del delito.<\/p>\n\n\n\n<p><strong>La joven Karla Nayeli contaba con reporte de desaparici\u00f3n<\/strong>&nbsp;que present\u00f3 la familia d\u00edas posteriores a su no localizaci\u00f3n, y que a trav\u00e9s de las diligencias realizadas por el personal de esta Fiscal\u00eda, se logr\u00f3 establecer la responsabilidad de Jonathan Salom\u00e9, quien fue detenido e internado en el Centro de Reinserci\u00f3n social n\u00famero 1.<\/p>\n\n\n\n<p>Finalmente, se llev\u00f3 a cabo un procedimiento abreviado en el cual el juez de la causa determin\u00f3 una pena privativa de la libertad para Jonathan Salom\u00e9, de&nbsp;<strong>77 a\u00f1os 5 meses y 28 d\u00edas de prisi\u00f3n<\/strong>.<\/p>\n\n\n\n<p>Adem\u00e1s, el pago de una multa por el delito de desaparici\u00f3n cometida por particulares de 651 mil 311 pesos, y por feminicidio la cantidad de 325 mil 601 pesos; as\u00ed mismo, deber\u00e1 solventar el pago de la reparaci\u00f3n del da\u00f1o consistente en 1 mill\u00f3n 259 mil 434 pesos.<\/p>\n","protected":false},"excerpt":{"rendered":"<p>Una sentencia condenatoria de 77 a\u00f1os, 5 meses y 28 d\u00edas de prisi\u00f3n\u00a0fue dictada a\u00a0Jonathan Salom\u00e9 Hern\u00e1ndez Gueta, por los\u00a0delitos de desaparici\u00f3n\u00a0cometido por particulares y\u00a0feminicidio, en agravio de quien en vida respondiera al nombre de\u00a0Karla Nayeli, en\u00a0Durango. La Fiscal\u00eda General del Estado de Durango (FGED) inform\u00f3 que fue a trav\u00e9s de la Agente del Ministerio [&hellip;]<\/p>\n","protected":false},"author":1,"featured_media":22460,"comment_status":"closed","ping_status":"closed","sticky":false,"template":"","format":"aside","meta":{"googlesitekit_rrm_CAowytPeCw:productID":"","footnotes":""},"categories":[6451],"tags":[320],"class_list":["post-22459","post","type-post","status-publish","format-aside","has-post-thumbnail","hentry","category-feminicidio","tag-feminicidio","post_format-post-format-aside"],"yoast_head":"<!-- This site is optimized with the Yoast SEO plugin v27.4 - https:\/\/yoast.com\/product\/yoast-seo-wordpress\/ -->\n<title>Dan 77 a\u00f1os de c\u00e1rcel a sujeto que descuartiz\u00f3 a su novia y esparci\u00f3 los restos |<\/title>\n<meta name=\"robots\" content=\"index, follow, max-snippet:-1, max-image-preview:large, max-video-preview:-1\" \/>\n<link rel=\"canonical\" href=\"https:\/\/conexionnacional.mx\/index.php\/2024\/10\/15\/dan-77-anos-de-carcel-a-sujeto-que-descuartizo-a-su-novia-y-esparcio-los-restos\/\" \/>\n<meta property=\"og:locale\" content=\"es_MX\" \/>\n<meta property=\"og:type\" content=\"article\" \/>\n<meta property=\"og:title\" content=\"Dan 77 a\u00f1os de c\u00e1rcel a sujeto que descuartiz\u00f3 a su novia y esparci\u00f3 los restos |\" \/>\n<meta property=\"og:description\" content=\"Una sentencia condenatoria de 77 a\u00f1os, 5 meses y 28 d\u00edas de prisi\u00f3n\u00a0fue dictada a\u00a0Jonathan Salom\u00e9 Hern\u00e1ndez Gueta, por los\u00a0delitos de desaparici\u00f3n\u00a0cometido por particulares y\u00a0feminicidio, en agravio de quien en vida respondiera al nombre de\u00a0Karla Nayeli, en\u00a0Durango. La Fiscal\u00eda General del Estado de Durango (FGED) inform\u00f3 que fue a trav\u00e9s de la Agente del Ministerio [&hellip;]\" \/>\n<meta property=\"og:url\" content=\"https:\/\/conexionnacional.mx\/index.php\/2024\/10\/15\/dan-77-anos-de-carcel-a-sujeto-que-descuartizo-a-su-novia-y-esparcio-los-restos\/\" \/>\n<meta property=\"og:site_name\" content=\"Conexi\u00f3n Nacional\" \/>\n<meta property=\"article:publisher\" content=\"https:\/\/www.facebook.com\/cnmxradio\" \/>\n<meta property=\"article:published_time\" content=\"2024-10-15T23:25:14+00:00\" \/>\n<meta property=\"article:modified_time\" content=\"2024-10-15T23:25:16+00:00\" \/>\n<meta property=\"og:image\" content=\"https:\/\/conexionnacional.mx\/wp-content\/uploads\/2024\/10\/3196133.webp\" \/>\n\t<meta property=\"og:image:width\" content=\"800\" \/>\n\t<meta property=\"og:image:height\" content=\"600\" \/>\n\t<meta property=\"og:image:type\" content=\"image\/webp\" \/>\n<meta name=\"author\" content=\"Conexi\u00f3n Nacional\" \/>\n<meta name=\"twitter:card\" content=\"summary_large_image\" \/>\n<meta name=\"twitter:label1\" content=\"Escrito por\" \/>\n\t<meta name=\"twitter:data1\" content=\"Conexi\u00f3n Nacional\" \/>\n\t<meta name=\"twitter:label2\" content=\"Tiempo de lectura\" \/>\n\t<meta name=\"twitter:data2\" content=\"2 minutos\" \/>\n<script type=\"application\/ld+json\" class=\"yoast-schema-graph\">{\"@context\":\"https:\\\/\\\/schema.org\",\"@graph\":[{\"@type\":\"Article\",\"@id\":\"https:\\\/\\\/conexionnacional.mx\\\/index.php\\\/2024\\\/10\\\/15\\\/dan-77-anos-de-carcel-a-sujeto-que-descuartizo-a-su-novia-y-esparcio-los-restos\\\/#article\",\"isPartOf\":{\"@id\":\"https:\\\/\\\/conexionnacional.mx\\\/index.php\\\/2024\\\/10\\\/15\\\/dan-77-anos-de-carcel-a-sujeto-que-descuartizo-a-su-novia-y-esparcio-los-restos\\\/\"},\"author\":{\"name\":\"Conexi\u00f3n Nacional\",\"@id\":\"https:\\\/\\\/conexionnacional.mx\\\/#\\\/schema\\\/person\\\/dd14aeda902120f5e0e021903fdb6931\"},\"headline\":\"Dan 77 a\u00f1os de c\u00e1rcel a sujeto que descuartiz\u00f3 a su novia y esparci\u00f3 los restos\",\"datePublished\":\"2024-10-15T23:25:14+00:00\",\"dateModified\":\"2024-10-15T23:25:16+00:00\",\"mainEntityOfPage\":{\"@id\":\"https:\\\/\\\/conexionnacional.mx\\\/index.php\\\/2024\\\/10\\\/15\\\/dan-77-anos-de-carcel-a-sujeto-que-descuartizo-a-su-novia-y-esparcio-los-restos\\\/\"},\"wordCount\":378,\"publisher\":{\"@id\":\"https:\\\/\\\/conexionnacional.mx\\\/#organization\"},\"image\":{\"@id\":\"https:\\\/\\\/conexionnacional.mx\\\/index.php\\\/2024\\\/10\\\/15\\\/dan-77-anos-de-carcel-a-sujeto-que-descuartizo-a-su-novia-y-esparcio-los-restos\\\/#primaryimage\"},\"thumbnailUrl\":\"https:\\\/\\\/conexionnacional.mx\\\/wp-content\\\/uploads\\\/2024\\\/10\\\/3196133.webp\",\"keywords\":[\"feminicidio\"],\"articleSection\":[\"Feminicidio\"],\"inLanguage\":\"es\"},{\"@type\":\"WebPage\",\"@id\":\"https:\\\/\\\/conexionnacional.mx\\\/index.php\\\/2024\\\/10\\\/15\\\/dan-77-anos-de-carcel-a-sujeto-que-descuartizo-a-su-novia-y-esparcio-los-restos\\\/\",\"url\":\"https:\\\/\\\/conexionnacional.mx\\\/index.php\\\/2024\\\/10\\\/15\\\/dan-77-anos-de-carcel-a-sujeto-que-descuartizo-a-su-novia-y-esparcio-los-restos\\\/\",\"name\":\"Dan 77 a\u00f1os de c\u00e1rcel a sujeto que descuartiz\u00f3 a su novia y esparci\u00f3 los restos |\",\"isPartOf\":{\"@id\":\"https:\\\/\\\/conexionnacional.mx\\\/#website\"},\"primaryImageOfPage\":{\"@id\":\"https:\\\/\\\/conexionnacional.mx\\\/index.php\\\/2024\\\/10\\\/15\\\/dan-77-anos-de-carcel-a-sujeto-que-descuartizo-a-su-novia-y-esparcio-los-restos\\\/#primaryimage\"},\"image\":{\"@id\":\"https:\\\/\\\/conexionnacional.mx\\\/index.php\\\/2024\\\/10\\\/15\\\/dan-77-anos-de-carcel-a-sujeto-que-descuartizo-a-su-novia-y-esparcio-los-restos\\\/#primaryimage\"},\"thumbnailUrl\":\"https:\\\/\\\/conexionnacional.mx\\\/wp-content\\\/uploads\\\/2024\\\/10\\\/3196133.webp\",\"datePublished\":\"2024-10-15T23:25:14+00:00\",\"dateModified\":\"2024-10-15T23:25:16+00:00\",\"breadcrumb\":{\"@id\":\"https:\\\/\\\/conexionnacional.mx\\\/index.php\\\/2024\\\/10\\\/15\\\/dan-77-anos-de-carcel-a-sujeto-que-descuartizo-a-su-novia-y-esparcio-los-restos\\\/#breadcrumb\"},\"inLanguage\":\"es\",\"potentialAction\":[{\"@type\":\"ReadAction\",\"target\":[\"https:\\\/\\\/conexionnacional.mx\\\/index.php\\\/2024\\\/10\\\/15\\\/dan-77-anos-de-carcel-a-sujeto-que-descuartizo-a-su-novia-y-esparcio-los-restos\\\/\"]}]},{\"@type\":\"ImageObject\",\"inLanguage\":\"es\",\"@id\":\"https:\\\/\\\/conexionnacional.mx\\\/index.php\\\/2024\\\/10\\\/15\\\/dan-77-anos-de-carcel-a-sujeto-que-descuartizo-a-su-novia-y-esparcio-los-restos\\\/#primaryimage\",\"url\":\"https:\\\/\\\/conexionnacional.mx\\\/wp-content\\\/uploads\\\/2024\\\/10\\\/3196133.webp\",\"contentUrl\":\"https:\\\/\\\/conexionnacional.mx\\\/wp-content\\\/uploads\\\/2024\\\/10\\\/3196133.webp\",\"width\":800,\"height\":600},{\"@type\":\"BreadcrumbList\",\"@id\":\"https:\\\/\\\/conexionnacional.mx\\\/index.php\\\/2024\\\/10\\\/15\\\/dan-77-anos-de-carcel-a-sujeto-que-descuartizo-a-su-novia-y-esparcio-los-restos\\\/#breadcrumb\",\"itemListElement\":[{\"@type\":\"ListItem\",\"position\":1,\"name\":\"Inicio\",\"item\":\"https:\\\/\\\/conexionnacional.mx\\\/\"},{\"@type\":\"ListItem\",\"position\":2,\"name\":\"Dan 77 a\u00f1os de c\u00e1rcel a sujeto que descuartiz\u00f3 a su novia y esparci\u00f3 los restos\"}]},{\"@type\":\"WebSite\",\"@id\":\"https:\\\/\\\/conexionnacional.mx\\\/#website\",\"url\":\"https:\\\/\\\/conexionnacional.mx\\\/\",\"name\":\"Conexi\u00f3n Nacional\",\"description\":\"Noticias al momento\",\"publisher\":{\"@id\":\"https:\\\/\\\/conexionnacional.mx\\\/#organization\"},\"alternateName\":\"Noticias nacionales\",\"potentialAction\":[{\"@type\":\"SearchAction\",\"target\":{\"@type\":\"EntryPoint\",\"urlTemplate\":\"https:\\\/\\\/conexionnacional.mx\\\/?s={search_term_string}\"},\"query-input\":{\"@type\":\"PropertyValueSpecification\",\"valueRequired\":true,\"valueName\":\"search_term_string\"}}],\"inLanguage\":\"es\"},{\"@type\":\"Organization\",\"@id\":\"https:\\\/\\\/conexionnacional.mx\\\/#organization\",\"name\":\"Conexi\u00f3n Nacional\",\"url\":\"https:\\\/\\\/conexionnacional.mx\\\/\",\"logo\":{\"@type\":\"ImageObject\",\"inLanguage\":\"es\",\"@id\":\"https:\\\/\\\/conexionnacional.mx\\\/#\\\/schema\\\/logo\\\/image\\\/\",\"url\":\"https:\\\/\\\/conexionnacional.mx\\\/wp-content\\\/uploads\\\/2022\\\/09\\\/conexion_nacional.png\",\"contentUrl\":\"https:\\\/\\\/conexionnacional.mx\\\/wp-content\\\/uploads\\\/2022\\\/09\\\/conexion_nacional.png\",\"width\":2964,\"height\":1173,\"caption\":\"Conexi\u00f3n Nacional\"},\"image\":{\"@id\":\"https:\\\/\\\/conexionnacional.mx\\\/#\\\/schema\\\/logo\\\/image\\\/\"},\"sameAs\":[\"https:\\\/\\\/www.facebook.com\\\/cnmxradio\"]},{\"@type\":\"Person\",\"@id\":\"https:\\\/\\\/conexionnacional.mx\\\/#\\\/schema\\\/person\\\/dd14aeda902120f5e0e021903fdb6931\",\"name\":\"Conexi\u00f3n Nacional\",\"image\":{\"@type\":\"ImageObject\",\"inLanguage\":\"es\",\"@id\":\"https:\\\/\\\/secure.gravatar.com\\\/avatar\\\/e523100f284110b2ecca7e17b2be9cf140a5e8f35294c9ec0543e6916cc1f9be?s=96&d=blank&r=g\",\"url\":\"https:\\\/\\\/secure.gravatar.com\\\/avatar\\\/e523100f284110b2ecca7e17b2be9cf140a5e8f35294c9ec0543e6916cc1f9be?s=96&d=blank&r=g\",\"contentUrl\":\"https:\\\/\\\/secure.gravatar.com\\\/avatar\\\/e523100f284110b2ecca7e17b2be9cf140a5e8f35294c9ec0543e6916cc1f9be?s=96&d=blank&r=g\",\"caption\":\"Conexi\u00f3n Nacional\"},\"sameAs\":[\"https:\\\/\\\/conexionnacional.mx\"],\"url\":\"https:\\\/\\\/conexionnacional.mx\\\/index.php\\\/author\\\/administrador\\\/\"}]}<\/script>\n<!-- \/ Yoast SEO plugin. -->","yoast_head_json":{"title":"Dan 77 a\u00f1os de c\u00e1rcel a sujeto que descuartiz\u00f3 a su novia y esparci\u00f3 los restos |","robots":{"index":"index","follow":"follow","max-snippet":"max-snippet:-1","max-image-preview":"max-image-preview:large","max-video-preview":"max-video-preview:-1"},"canonical":"https:\/\/conexionnacional.mx\/index.php\/2024\/10\/15\/dan-77-anos-de-carcel-a-sujeto-que-descuartizo-a-su-novia-y-esparcio-los-restos\/","og_locale":"es_MX","og_type":"article","og_title":"Dan 77 a\u00f1os de c\u00e1rcel a sujeto que descuartiz\u00f3 a su novia y esparci\u00f3 los restos |","og_description":"Una sentencia condenatoria de 77 a\u00f1os, 5 meses y 28 d\u00edas de prisi\u00f3n\u00a0fue dictada a\u00a0Jonathan Salom\u00e9 Hern\u00e1ndez Gueta, por los\u00a0delitos de desaparici\u00f3n\u00a0cometido por particulares y\u00a0feminicidio, en agravio de quien en vida respondiera al nombre de\u00a0Karla Nayeli, en\u00a0Durango. La Fiscal\u00eda General del Estado de Durango (FGED) inform\u00f3 que fue a trav\u00e9s de la Agente del Ministerio [&hellip;]","og_url":"https:\/\/conexionnacional.mx\/index.php\/2024\/10\/15\/dan-77-anos-de-carcel-a-sujeto-que-descuartizo-a-su-novia-y-esparcio-los-restos\/","og_site_name":"Conexi\u00f3n Nacional","article_publisher":"https:\/\/www.facebook.com\/cnmxradio","article_published_time":"2024-10-15T23:25:14+00:00","article_modified_time":"2024-10-15T23:25:16+00:00","og_image":[{"width":800,"height":600,"url":"https:\/\/conexionnacional.mx\/wp-content\/uploads\/2024\/10\/3196133.webp","type":"image\/webp"}],"author":"Conexi\u00f3n Nacional","twitter_card":"summary_large_image","twitter_misc":{"Escrito por":"Conexi\u00f3n Nacional","Tiempo de lectura":"2 minutos"},"schema":{"@context":"https:\/\/schema.org","@graph":[{"@type":"Article","@id":"https:\/\/conexionnacional.mx\/index.php\/2024\/10\/15\/dan-77-anos-de-carcel-a-sujeto-que-descuartizo-a-su-novia-y-esparcio-los-restos\/#article","isPartOf":{"@id":"https:\/\/conexionnacional.mx\/index.php\/2024\/10\/15\/dan-77-anos-de-carcel-a-sujeto-que-descuartizo-a-su-novia-y-esparcio-los-restos\/"},"author":{"name":"Conexi\u00f3n Nacional","@id":"https:\/\/conexionnacional.mx\/#\/schema\/person\/dd14aeda902120f5e0e021903fdb6931"},"headline":"Dan 77 a\u00f1os de c\u00e1rcel a sujeto que descuartiz\u00f3 a su novia y esparci\u00f3 los restos","datePublished":"2024-10-15T23:25:14+00:00","dateModified":"2024-10-15T23:25:16+00:00","mainEntityOfPage":{"@id":"https:\/\/conexionnacional.mx\/index.php\/2024\/10\/15\/dan-77-anos-de-carcel-a-sujeto-que-descuartizo-a-su-novia-y-esparcio-los-restos\/"},"wordCount":378,"publisher":{"@id":"https:\/\/conexionnacional.mx\/#organization"},"image":{"@id":"https:\/\/conexionnacional.mx\/index.php\/2024\/10\/15\/dan-77-anos-de-carcel-a-sujeto-que-descuartizo-a-su-novia-y-esparcio-los-restos\/#primaryimage"},"thumbnailUrl":"https:\/\/conexionnacional.mx\/wp-content\/uploads\/2024\/10\/3196133.webp","keywords":["feminicidio"],"articleSection":["Feminicidio"],"inLanguage":"es"},{"@type":"WebPage","@id":"https:\/\/conexionnacional.mx\/index.php\/2024\/10\/15\/dan-77-anos-de-carcel-a-sujeto-que-descuartizo-a-su-novia-y-esparcio-los-restos\/","url":"https:\/\/conexionnacional.mx\/index.php\/2024\/10\/15\/dan-77-anos-de-carcel-a-sujeto-que-descuartizo-a-su-novia-y-esparcio-los-restos\/","name":"Dan 77 a\u00f1os de c\u00e1rcel a sujeto que descuartiz\u00f3 a su novia y esparci\u00f3 los restos |","isPartOf":{"@id":"https:\/\/conexionnacional.mx\/#website"},"primaryImageOfPage":{"@id":"https:\/\/conexionnacional.mx\/index.php\/2024\/10\/15\/dan-77-anos-de-carcel-a-sujeto-que-descuartizo-a-su-novia-y-esparcio-los-restos\/#primaryimage"},"image":{"@id":"https:\/\/conexionnacional.mx\/index.php\/2024\/10\/15\/dan-77-anos-de-carcel-a-sujeto-que-descuartizo-a-su-novia-y-esparcio-los-restos\/#primaryimage"},"thumbnailUrl":"https:\/\/conexionnacional.mx\/wp-content\/uploads\/2024\/10\/3196133.webp","datePublished":"2024-10-15T23:25:14+00:00","dateModified":"2024-10-15T23:25:16+00:00","breadcrumb":{"@id":"https:\/\/conexionnacional.mx\/index.php\/2024\/10\/15\/dan-77-anos-de-carcel-a-sujeto-que-descuartizo-a-su-novia-y-esparcio-los-restos\/#breadcrumb"},"inLanguage":"es","potentialAction":[{"@type":"ReadAction","target":["https:\/\/conexionnacional.mx\/index.php\/2024\/10\/15\/dan-77-anos-de-carcel-a-sujeto-que-descuartizo-a-su-novia-y-esparcio-los-restos\/"]}]},{"@type":"ImageObject","inLanguage":"es","@id":"https:\/\/conexionnacional.mx\/index.php\/2024\/10\/15\/dan-77-anos-de-carcel-a-sujeto-que-descuartizo-a-su-novia-y-esparcio-los-restos\/#primaryimage","url":"https:\/\/conexionnacional.mx\/wp-content\/uploads\/2024\/10\/3196133.webp","contentUrl":"https:\/\/conexionnacional.mx\/wp-content\/uploads\/2024\/10\/3196133.webp","width":800,"height":600},{"@type":"BreadcrumbList","@id":"https:\/\/conexionnacional.mx\/index.php\/2024\/10\/15\/dan-77-anos-de-carcel-a-sujeto-que-descuartizo-a-su-novia-y-esparcio-los-restos\/#breadcrumb","itemListElement":[{"@type":"ListItem","position":1,"name":"Inicio","item":"https:\/\/conexionnacional.mx\/"},{"@type":"ListItem","position":2,"name":"Dan 77 a\u00f1os de c\u00e1rcel a sujeto que descuartiz\u00f3 a su novia y esparci\u00f3 los restos"}]},{"@type":"WebSite","@id":"https:\/\/conexionnacional.mx\/#website","url":"https:\/\/conexionnacional.mx\/","name":"Conexi\u00f3n Nacional","description":"Noticias al momento","publisher":{"@id":"https:\/\/conexionnacional.mx\/#organization"},"alternateName":"Noticias nacionales","potentialAction":[{"@type":"SearchAction","target":{"@type":"EntryPoint","urlTemplate":"https:\/\/conexionnacional.mx\/?s={search_term_string}"},"query-input":{"@type":"PropertyValueSpecification","valueRequired":true,"valueName":"search_term_string"}}],"inLanguage":"es"},{"@type":"Organization","@id":"https:\/\/conexionnacional.mx\/#organization","name":"Conexi\u00f3n Nacional","url":"https:\/\/conexionnacional.mx\/","logo":{"@type":"ImageObject","inLanguage":"es","@id":"https:\/\/conexionnacional.mx\/#\/schema\/logo\/image\/","url":"https:\/\/conexionnacional.mx\/wp-content\/uploads\/2022\/09\/conexion_nacional.png","contentUrl":"https:\/\/conexionnacional.mx\/wp-content\/uploads\/2022\/09\/conexion_nacional.png","width":2964,"height":1173,"caption":"Conexi\u00f3n Nacional"},"image":{"@id":"https:\/\/conexionnacional.mx\/#\/schema\/logo\/image\/"},"sameAs":["https:\/\/www.facebook.com\/cnmxradio"]},{"@type":"Person","@id":"https:\/\/conexionnacional.mx\/#\/schema\/person\/dd14aeda902120f5e0e021903fdb6931","name":"Conexi\u00f3n Nacional","image":{"@type":"ImageObject","inLanguage":"es","@id":"https:\/\/secure.gravatar.com\/avatar\/e523100f284110b2ecca7e17b2be9cf140a5e8f35294c9ec0543e6916cc1f9be?s=96&d=blank&r=g","url":"https:\/\/secure.gravatar.com\/avatar\/e523100f284110b2ecca7e17b2be9cf140a5e8f35294c9ec0543e6916cc1f9be?s=96&d=blank&r=g","contentUrl":"https:\/\/secure.gravatar.com\/avatar\/e523100f284110b2ecca7e17b2be9cf140a5e8f35294c9ec0543e6916cc1f9be?s=96&d=blank&r=g","caption":"Conexi\u00f3n Nacional"},"sameAs":["https:\/\/conexionnacional.mx"],"url":"https:\/\/conexionnacional.mx\/index.php\/author\/administrador\/"}]}},"_links":{"self":[{"href":"https:\/\/conexionnacional.mx\/index.php\/wp-json\/wp\/v2\/posts\/22459","targetHints":{"allow":["GET"]}}],"collection":[{"href":"https:\/\/conexionnacional.mx\/index.php\/wp-json\/wp\/v2\/posts"}],"about":[{"href":"https:\/\/conexionnacional.mx\/index.php\/wp-json\/wp\/v2\/types\/post"}],"author":[{"embeddable":true,"href":"https:\/\/conexionnacional.mx\/index.php\/wp-json\/wp\/v2\/users\/1"}],"replies":[{"embeddable":true,"href":"https:\/\/conexionnacional.mx\/index.php\/wp-json\/wp\/v2\/comments?post=22459"}],"version-history":[{"count":1,"href":"https:\/\/conexionnacional.mx\/index.php\/wp-json\/wp\/v2\/posts\/22459\/revisions"}],"predecessor-version":[{"id":22461,"href":"https:\/\/conexionnacional.mx\/index.php\/wp-json\/wp\/v2\/posts\/22459\/revisions\/22461"}],"wp:featuredmedia":[{"embeddable":true,"href":"https:\/\/conexionnacional.mx\/index.php\/wp-json\/wp\/v2\/media\/22460"}],"wp:attachment":[{"href":"https:\/\/conexionnacional.mx\/index.php\/wp-json\/wp\/v2\/media?parent=22459"}],"wp:term":[{"taxonomy":"category","embeddable":true,"href":"https:\/\/conexionnacional.mx\/index.php\/wp-json\/wp\/v2\/categories?post=22459"},{"taxonomy":"post_tag","embeddable":true,"href":"https:\/\/conexionnacional.mx\/index.php\/wp-json\/wp\/v2\/tags?post=22459"}],"curies":[{"name":"wp","href":"https:\/\/api.w.org\/{rel}","templated":true}]}}