{"id":22456,"date":"2024-10-15T17:19:46","date_gmt":"2024-10-15T23:19:46","guid":{"rendered":"https:\/\/conexionnacional.mx\/?p=22456"},"modified":"2024-10-15T17:19:49","modified_gmt":"2024-10-15T23:19:49","slug":"fmi-recorta-a-1-5-el-pib-de-mexico-incertidumbre-por-reforma-judicial-puede-afectar-las-inversiones-alerta","status":"publish","type":"post","link":"https:\/\/conexionnacional.mx\/index.php\/2024\/10\/15\/fmi-recorta-a-1-5-el-pib-de-mexico-incertidumbre-por-reforma-judicial-puede-afectar-las-inversiones-alerta\/","title":{"rendered":"FMI recorta a 1.5% el PIB de M\u00e9xico; incertidumbre por reforma judicial puede afectar las inversiones, alerta"},"content":{"rendered":"\n<p>El\u00a0<strong>Fondo Monetario Internacional (FMI)<\/strong>\u00a0ajust\u00f3 su\u00a0<strong>expectativa de crecimiento<\/strong>\u00a0para M\u00e9xico a\u00a0<strong>1.5%<\/strong>\u00a0para este a\u00f1o, desde el\u00a0<strong>2.2%<\/strong>\u00a0que preve\u00eda en julio pasado.<\/p>\n\n\n\n<p>Al mismo tiempo, alert\u00f3 que la reciente\u00a0<strong>reforma judicial<\/strong>\u00a0est\u00e1 creando importantes\u00a0<strong>incertidumbres<\/strong>\u00a0sobre la eficacia de la aplicaci\u00f3n de los contratos y la previsibilidad del Estado de derecho.<\/p>\n\n\n\n<p>Sin embargo, consider\u00f3 necesaria una reforma fiscal integral a inicios del nuevo gobierno para poder reducir el&nbsp;<strong>d\u00e9ficit<\/strong>&nbsp;y la&nbsp;<strong>deuda<\/strong>&nbsp;y aumentar los ingresos tributarios.<\/p>\n\n\n\n<h2 class=\"wp-block-heading\">Incertidumbre por reforma judicial puede socavar inversi\u00f3n privada<\/h2>\n\n\n\n<p>En la evaluaci\u00f3n anual que realiz\u00f3 como parte de la consulta bajo el art\u00edculo IV, advirti\u00f3 que la sustituci\u00f3n de<strong>&nbsp;jueces<\/strong>&nbsp;en varios niveles del&nbsp;<strong>Poder Judicial<\/strong>, crea una nueva fuente de&nbsp;<strong>incertidumbre&nbsp;<\/strong>que puede socavar las decisiones de&nbsp;<strong>inversi\u00f3n privada<\/strong>.<\/p>\n\n\n\n<p>\u201cEs fundamental que esta reforma se implemente de una manera clara y predecible que&nbsp;<strong>garantice la independencia y el profesionalismo<\/strong>&nbsp;del Poder Judicial y fortalezca el<strong>&nbsp;Estado de derecho<\/strong>\u201d, recomend\u00f3 en las conclusiones del informe preliminar producto de la visita oficial de una misi\u00f3n del staff del organismo que preside Kristalina Georgieva.<\/p>\n\n\n\n<p>Para el equipo que realiz\u00f3 la evaluaci\u00f3n sobre M\u00e9xico, a pesar de una&nbsp;<strong>postura fiscal expansiva<\/strong>, el crecimiento se est\u00e1 desacelerando alrededor del 1.5% este a\u00f1o, debido a las limitaciones de capacidad vinculante y a la estricta&nbsp;<strong>pol\u00edtica monetaria<\/strong>.<\/p>\n\n\n\n<p>Se espera que la inflaci\u00f3n se reduzca al objetivo del 3% de Banxico para 2025. Foto: archivo<\/p>\n\n\n\n<h2 class=\"wp-block-heading\">Restricci\u00f3n monetaria podr\u00eda reducir inflaci\u00f3n a 3% en 2025; necesaria, reforma fiscal integral<\/h2>\n\n\n\n<p>Se espera que la continua&nbsp;<strong>restricci\u00f3n monetaria&nbsp;<\/strong>y la&nbsp;<strong>desaceleraci\u00f3n<\/strong>&nbsp;de la actividad reduzcan la&nbsp;<strong>inflaci\u00f3n&nbsp;<\/strong>al objetivo del 3% de Banco de M\u00e9xico (<strong>Banxico<\/strong>) para 2025.<\/p>\n\n\n\n<p>As\u00ed, advirti\u00f3 que mientras los riesgos de crecimiento se inclinan a la baja, para la inflaci\u00f3n permanecen al alza.<\/p>\n\n\n\n<p>Urgi\u00f3 a contar con una&nbsp;<strong>estrategia fiscal&nbsp;<\/strong>a medio plazo para reducir los d\u00e9ficits y la deuda, aumentar los&nbsp;<strong>ingresos fiscales<\/strong>&nbsp;y crear espacio fiscal para las inversiones en capital humano y f\u00edsico.<\/p>\n\n\n\n<p>Esto requerir\u00eda poner en marcha una&nbsp;<strong>reforma fiscal integral&nbsp;<\/strong>al principio de la nueva administraci\u00f3n, reduciendo de forma duradera el d\u00e9ficit fiscal mientras se prioriza cuidadosamente el gasto p\u00fablico y se reducen las desigualdades en el sistema de pensiones.<\/p>\n\n\n\n<p>Abordar los desequilibrios entre el presupuesto federal y&nbsp;<strong>Petr\u00f3leos Mexicanos (Pemex)<\/strong>, y mejorar el gobierno corporativo de este \u00faltimo, tambi\u00e9n son prioridades importantes, ponder\u00f3.<\/p>\n\n\n\n<p><\/p>\n","protected":false},"excerpt":{"rendered":"<p>El\u00a0Fondo Monetario Internacional (FMI)\u00a0ajust\u00f3 su\u00a0expectativa de crecimiento\u00a0para M\u00e9xico a\u00a01.5%\u00a0para este a\u00f1o, desde el\u00a02.2%\u00a0que preve\u00eda en julio pasado. Al mismo tiempo, alert\u00f3 que la reciente\u00a0reforma judicial\u00a0est\u00e1 creando importantes\u00a0incertidumbres\u00a0sobre la eficacia de la aplicaci\u00f3n de los contratos y la previsibilidad del Estado de derecho. Sin embargo, consider\u00f3 necesaria una reforma fiscal integral a inicios del nuevo gobierno [&hellip;]<\/p>\n","protected":false},"author":1,"featured_media":22457,"comment_status":"closed","ping_status":"closed","sticky":false,"template":"","format":"aside","meta":{"googlesitekit_rrm_CAowytPeCw:productID":"","footnotes":""},"categories":[3],"tags":[8727],"class_list":["post-22456","post","type-post","status-publish","format-aside","has-post-thumbnail","hentry","category-nacional","tag-fondo-monetario-internacional","post_format-post-format-aside"],"yoast_head":"<!-- This site is optimized with the Yoast SEO plugin v27.4 - https:\/\/yoast.com\/product\/yoast-seo-wordpress\/ -->\n<title>FMI recorta a 1.5% el PIB de M\u00e9xico; incertidumbre por reforma judicial puede afectar las inversiones, alerta |<\/title>\n<meta name=\"robots\" content=\"index, follow, max-snippet:-1, max-image-preview:large, max-video-preview:-1\" \/>\n<link rel=\"canonical\" href=\"https:\/\/conexionnacional.mx\/index.php\/2024\/10\/15\/fmi-recorta-a-1-5-el-pib-de-mexico-incertidumbre-por-reforma-judicial-puede-afectar-las-inversiones-alerta\/\" \/>\n<meta property=\"og:locale\" content=\"es_MX\" \/>\n<meta property=\"og:type\" content=\"article\" \/>\n<meta property=\"og:title\" content=\"FMI recorta a 1.5% el PIB de M\u00e9xico; incertidumbre por reforma judicial puede afectar las inversiones, alerta |\" \/>\n<meta property=\"og:description\" content=\"El\u00a0Fondo Monetario Internacional (FMI)\u00a0ajust\u00f3 su\u00a0expectativa de crecimiento\u00a0para M\u00e9xico a\u00a01.5%\u00a0para este a\u00f1o, desde el\u00a02.2%\u00a0que preve\u00eda en julio pasado. Al mismo tiempo, alert\u00f3 que la reciente\u00a0reforma judicial\u00a0est\u00e1 creando importantes\u00a0incertidumbres\u00a0sobre la eficacia de la aplicaci\u00f3n de los contratos y la previsibilidad del Estado de derecho. Sin embargo, consider\u00f3 necesaria una reforma fiscal integral a inicios del nuevo gobierno [&hellip;]\" \/>\n<meta property=\"og:url\" content=\"https:\/\/conexionnacional.mx\/index.php\/2024\/10\/15\/fmi-recorta-a-1-5-el-pib-de-mexico-incertidumbre-por-reforma-judicial-puede-afectar-las-inversiones-alerta\/\" \/>\n<meta property=\"og:site_name\" content=\"Conexi\u00f3n Nacional\" \/>\n<meta property=\"article:publisher\" content=\"https:\/\/www.facebook.com\/cnmxradio\" \/>\n<meta property=\"article:published_time\" content=\"2024-10-15T23:19:46+00:00\" \/>\n<meta property=\"article:modified_time\" content=\"2024-10-15T23:19:49+00:00\" \/>\n<meta name=\"author\" content=\"Conexi\u00f3n Nacional\" \/>\n<meta name=\"twitter:card\" content=\"summary_large_image\" \/>\n<meta name=\"twitter:label1\" content=\"Escrito por\" \/>\n\t<meta name=\"twitter:data1\" content=\"Conexi\u00f3n Nacional\" \/>\n\t<meta name=\"twitter:label2\" content=\"Tiempo de lectura\" \/>\n\t<meta name=\"twitter:data2\" content=\"2 minutos\" \/>\n<script type=\"application\/ld+json\" class=\"yoast-schema-graph\">{\"@context\":\"https:\\\/\\\/schema.org\",\"@graph\":[{\"@type\":\"Article\",\"@id\":\"https:\\\/\\\/conexionnacional.mx\\\/index.php\\\/2024\\\/10\\\/15\\\/fmi-recorta-a-1-5-el-pib-de-mexico-incertidumbre-por-reforma-judicial-puede-afectar-las-inversiones-alerta\\\/#article\",\"isPartOf\":{\"@id\":\"https:\\\/\\\/conexionnacional.mx\\\/index.php\\\/2024\\\/10\\\/15\\\/fmi-recorta-a-1-5-el-pib-de-mexico-incertidumbre-por-reforma-judicial-puede-afectar-las-inversiones-alerta\\\/\"},\"author\":{\"name\":\"Conexi\u00f3n Nacional\",\"@id\":\"https:\\\/\\\/conexionnacional.mx\\\/#\\\/schema\\\/person\\\/dd14aeda902120f5e0e021903fdb6931\"},\"headline\":\"FMI recorta a 1.5% el PIB de M\u00e9xico; incertidumbre por reforma judicial puede afectar las inversiones, alerta\",\"datePublished\":\"2024-10-15T23:19:46+00:00\",\"dateModified\":\"2024-10-15T23:19:49+00:00\",\"mainEntityOfPage\":{\"@id\":\"https:\\\/\\\/conexionnacional.mx\\\/index.php\\\/2024\\\/10\\\/15\\\/fmi-recorta-a-1-5-el-pib-de-mexico-incertidumbre-por-reforma-judicial-puede-afectar-las-inversiones-alerta\\\/\"},\"wordCount\":460,\"publisher\":{\"@id\":\"https:\\\/\\\/conexionnacional.mx\\\/#organization\"},\"image\":{\"@id\":\"https:\\\/\\\/conexionnacional.mx\\\/index.php\\\/2024\\\/10\\\/15\\\/fmi-recorta-a-1-5-el-pib-de-mexico-incertidumbre-por-reforma-judicial-puede-afectar-las-inversiones-alerta\\\/#primaryimage\"},\"thumbnailUrl\":\"https:\\\/\\\/conexionnacional.mx\\\/wp-content\\\/uploads\\\/2024\\\/10\\\/4YGCAT24QVG4DINMRINAHJIZAM.avif\",\"keywords\":[\"Fondo Monetario Internacional\"],\"articleSection\":[\"Nacional\"],\"inLanguage\":\"es\"},{\"@type\":\"WebPage\",\"@id\":\"https:\\\/\\\/conexionnacional.mx\\\/index.php\\\/2024\\\/10\\\/15\\\/fmi-recorta-a-1-5-el-pib-de-mexico-incertidumbre-por-reforma-judicial-puede-afectar-las-inversiones-alerta\\\/\",\"url\":\"https:\\\/\\\/conexionnacional.mx\\\/index.php\\\/2024\\\/10\\\/15\\\/fmi-recorta-a-1-5-el-pib-de-mexico-incertidumbre-por-reforma-judicial-puede-afectar-las-inversiones-alerta\\\/\",\"name\":\"FMI recorta a 1.5% el PIB de M\u00e9xico; incertidumbre por reforma judicial puede afectar las inversiones, alerta |\",\"isPartOf\":{\"@id\":\"https:\\\/\\\/conexionnacional.mx\\\/#website\"},\"primaryImageOfPage\":{\"@id\":\"https:\\\/\\\/conexionnacional.mx\\\/index.php\\\/2024\\\/10\\\/15\\\/fmi-recorta-a-1-5-el-pib-de-mexico-incertidumbre-por-reforma-judicial-puede-afectar-las-inversiones-alerta\\\/#primaryimage\"},\"image\":{\"@id\":\"https:\\\/\\\/conexionnacional.mx\\\/index.php\\\/2024\\\/10\\\/15\\\/fmi-recorta-a-1-5-el-pib-de-mexico-incertidumbre-por-reforma-judicial-puede-afectar-las-inversiones-alerta\\\/#primaryimage\"},\"thumbnailUrl\":\"https:\\\/\\\/conexionnacional.mx\\\/wp-content\\\/uploads\\\/2024\\\/10\\\/4YGCAT24QVG4DINMRINAHJIZAM.avif\",\"datePublished\":\"2024-10-15T23:19:46+00:00\",\"dateModified\":\"2024-10-15T23:19:49+00:00\",\"breadcrumb\":{\"@id\":\"https:\\\/\\\/conexionnacional.mx\\\/index.php\\\/2024\\\/10\\\/15\\\/fmi-recorta-a-1-5-el-pib-de-mexico-incertidumbre-por-reforma-judicial-puede-afectar-las-inversiones-alerta\\\/#breadcrumb\"},\"inLanguage\":\"es\",\"potentialAction\":[{\"@type\":\"ReadAction\",\"target\":[\"https:\\\/\\\/conexionnacional.mx\\\/index.php\\\/2024\\\/10\\\/15\\\/fmi-recorta-a-1-5-el-pib-de-mexico-incertidumbre-por-reforma-judicial-puede-afectar-las-inversiones-alerta\\\/\"]}]},{\"@type\":\"ImageObject\",\"inLanguage\":\"es\",\"@id\":\"https:\\\/\\\/conexionnacional.mx\\\/index.php\\\/2024\\\/10\\\/15\\\/fmi-recorta-a-1-5-el-pib-de-mexico-incertidumbre-por-reforma-judicial-puede-afectar-las-inversiones-alerta\\\/#primaryimage\",\"url\":\"https:\\\/\\\/conexionnacional.mx\\\/wp-content\\\/uploads\\\/2024\\\/10\\\/4YGCAT24QVG4DINMRINAHJIZAM.avif\",\"contentUrl\":\"https:\\\/\\\/conexionnacional.mx\\\/wp-content\\\/uploads\\\/2024\\\/10\\\/4YGCAT24QVG4DINMRINAHJIZAM.avif\",\"width\":1100,\"height\":666},{\"@type\":\"BreadcrumbList\",\"@id\":\"https:\\\/\\\/conexionnacional.mx\\\/index.php\\\/2024\\\/10\\\/15\\\/fmi-recorta-a-1-5-el-pib-de-mexico-incertidumbre-por-reforma-judicial-puede-afectar-las-inversiones-alerta\\\/#breadcrumb\",\"itemListElement\":[{\"@type\":\"ListItem\",\"position\":1,\"name\":\"Inicio\",\"item\":\"https:\\\/\\\/conexionnacional.mx\\\/\"},{\"@type\":\"ListItem\",\"position\":2,\"name\":\"FMI recorta a 1.5% el PIB de M\u00e9xico; incertidumbre por reforma judicial puede afectar las inversiones, alerta\"}]},{\"@type\":\"WebSite\",\"@id\":\"https:\\\/\\\/conexionnacional.mx\\\/#website\",\"url\":\"https:\\\/\\\/conexionnacional.mx\\\/\",\"name\":\"Conexi\u00f3n Nacional\",\"description\":\"Noticias al momento\",\"publisher\":{\"@id\":\"https:\\\/\\\/conexionnacional.mx\\\/#organization\"},\"alternateName\":\"Noticias nacionales\",\"potentialAction\":[{\"@type\":\"SearchAction\",\"target\":{\"@type\":\"EntryPoint\",\"urlTemplate\":\"https:\\\/\\\/conexionnacional.mx\\\/?s={search_term_string}\"},\"query-input\":{\"@type\":\"PropertyValueSpecification\",\"valueRequired\":true,\"valueName\":\"search_term_string\"}}],\"inLanguage\":\"es\"},{\"@type\":\"Organization\",\"@id\":\"https:\\\/\\\/conexionnacional.mx\\\/#organization\",\"name\":\"Conexi\u00f3n Nacional\",\"url\":\"https:\\\/\\\/conexionnacional.mx\\\/\",\"logo\":{\"@type\":\"ImageObject\",\"inLanguage\":\"es\",\"@id\":\"https:\\\/\\\/conexionnacional.mx\\\/#\\\/schema\\\/logo\\\/image\\\/\",\"url\":\"https:\\\/\\\/conexionnacional.mx\\\/wp-content\\\/uploads\\\/2022\\\/09\\\/conexion_nacional.png\",\"contentUrl\":\"https:\\\/\\\/conexionnacional.mx\\\/wp-content\\\/uploads\\\/2022\\\/09\\\/conexion_nacional.png\",\"width\":2964,\"height\":1173,\"caption\":\"Conexi\u00f3n Nacional\"},\"image\":{\"@id\":\"https:\\\/\\\/conexionnacional.mx\\\/#\\\/schema\\\/logo\\\/image\\\/\"},\"sameAs\":[\"https:\\\/\\\/www.facebook.com\\\/cnmxradio\"]},{\"@type\":\"Person\",\"@id\":\"https:\\\/\\\/conexionnacional.mx\\\/#\\\/schema\\\/person\\\/dd14aeda902120f5e0e021903fdb6931\",\"name\":\"Conexi\u00f3n Nacional\",\"image\":{\"@type\":\"ImageObject\",\"inLanguage\":\"es\",\"@id\":\"https:\\\/\\\/secure.gravatar.com\\\/avatar\\\/e523100f284110b2ecca7e17b2be9cf140a5e8f35294c9ec0543e6916cc1f9be?s=96&d=blank&r=g\",\"url\":\"https:\\\/\\\/secure.gravatar.com\\\/avatar\\\/e523100f284110b2ecca7e17b2be9cf140a5e8f35294c9ec0543e6916cc1f9be?s=96&d=blank&r=g\",\"contentUrl\":\"https:\\\/\\\/secure.gravatar.com\\\/avatar\\\/e523100f284110b2ecca7e17b2be9cf140a5e8f35294c9ec0543e6916cc1f9be?s=96&d=blank&r=g\",\"caption\":\"Conexi\u00f3n Nacional\"},\"sameAs\":[\"https:\\\/\\\/conexionnacional.mx\"],\"url\":\"https:\\\/\\\/conexionnacional.mx\\\/index.php\\\/author\\\/administrador\\\/\"}]}<\/script>\n<!-- \/ Yoast SEO plugin. -->","yoast_head_json":{"title":"FMI recorta a 1.5% el PIB de M\u00e9xico; incertidumbre por reforma judicial puede afectar las inversiones, alerta |","robots":{"index":"index","follow":"follow","max-snippet":"max-snippet:-1","max-image-preview":"max-image-preview:large","max-video-preview":"max-video-preview:-1"},"canonical":"https:\/\/conexionnacional.mx\/index.php\/2024\/10\/15\/fmi-recorta-a-1-5-el-pib-de-mexico-incertidumbre-por-reforma-judicial-puede-afectar-las-inversiones-alerta\/","og_locale":"es_MX","og_type":"article","og_title":"FMI recorta a 1.5% el PIB de M\u00e9xico; incertidumbre por reforma judicial puede afectar las inversiones, alerta |","og_description":"El\u00a0Fondo Monetario Internacional (FMI)\u00a0ajust\u00f3 su\u00a0expectativa de crecimiento\u00a0para M\u00e9xico a\u00a01.5%\u00a0para este a\u00f1o, desde el\u00a02.2%\u00a0que preve\u00eda en julio pasado. Al mismo tiempo, alert\u00f3 que la reciente\u00a0reforma judicial\u00a0est\u00e1 creando importantes\u00a0incertidumbres\u00a0sobre la eficacia de la aplicaci\u00f3n de los contratos y la previsibilidad del Estado de derecho. Sin embargo, consider\u00f3 necesaria una reforma fiscal integral a inicios del nuevo gobierno [&hellip;]","og_url":"https:\/\/conexionnacional.mx\/index.php\/2024\/10\/15\/fmi-recorta-a-1-5-el-pib-de-mexico-incertidumbre-por-reforma-judicial-puede-afectar-las-inversiones-alerta\/","og_site_name":"Conexi\u00f3n Nacional","article_publisher":"https:\/\/www.facebook.com\/cnmxradio","article_published_time":"2024-10-15T23:19:46+00:00","article_modified_time":"2024-10-15T23:19:49+00:00","author":"Conexi\u00f3n Nacional","twitter_card":"summary_large_image","twitter_misc":{"Escrito por":"Conexi\u00f3n Nacional","Tiempo de lectura":"2 minutos"},"schema":{"@context":"https:\/\/schema.org","@graph":[{"@type":"Article","@id":"https:\/\/conexionnacional.mx\/index.php\/2024\/10\/15\/fmi-recorta-a-1-5-el-pib-de-mexico-incertidumbre-por-reforma-judicial-puede-afectar-las-inversiones-alerta\/#article","isPartOf":{"@id":"https:\/\/conexionnacional.mx\/index.php\/2024\/10\/15\/fmi-recorta-a-1-5-el-pib-de-mexico-incertidumbre-por-reforma-judicial-puede-afectar-las-inversiones-alerta\/"},"author":{"name":"Conexi\u00f3n Nacional","@id":"https:\/\/conexionnacional.mx\/#\/schema\/person\/dd14aeda902120f5e0e021903fdb6931"},"headline":"FMI recorta a 1.5% el PIB de M\u00e9xico; incertidumbre por reforma judicial puede afectar las inversiones, alerta","datePublished":"2024-10-15T23:19:46+00:00","dateModified":"2024-10-15T23:19:49+00:00","mainEntityOfPage":{"@id":"https:\/\/conexionnacional.mx\/index.php\/2024\/10\/15\/fmi-recorta-a-1-5-el-pib-de-mexico-incertidumbre-por-reforma-judicial-puede-afectar-las-inversiones-alerta\/"},"wordCount":460,"publisher":{"@id":"https:\/\/conexionnacional.mx\/#organization"},"image":{"@id":"https:\/\/conexionnacional.mx\/index.php\/2024\/10\/15\/fmi-recorta-a-1-5-el-pib-de-mexico-incertidumbre-por-reforma-judicial-puede-afectar-las-inversiones-alerta\/#primaryimage"},"thumbnailUrl":"https:\/\/conexionnacional.mx\/wp-content\/uploads\/2024\/10\/4YGCAT24QVG4DINMRINAHJIZAM.avif","keywords":["Fondo Monetario Internacional"],"articleSection":["Nacional"],"inLanguage":"es"},{"@type":"WebPage","@id":"https:\/\/conexionnacional.mx\/index.php\/2024\/10\/15\/fmi-recorta-a-1-5-el-pib-de-mexico-incertidumbre-por-reforma-judicial-puede-afectar-las-inversiones-alerta\/","url":"https:\/\/conexionnacional.mx\/index.php\/2024\/10\/15\/fmi-recorta-a-1-5-el-pib-de-mexico-incertidumbre-por-reforma-judicial-puede-afectar-las-inversiones-alerta\/","name":"FMI recorta a 1.5% el PIB de M\u00e9xico; incertidumbre por reforma judicial puede afectar las inversiones, alerta |","isPartOf":{"@id":"https:\/\/conexionnacional.mx\/#website"},"primaryImageOfPage":{"@id":"https:\/\/conexionnacional.mx\/index.php\/2024\/10\/15\/fmi-recorta-a-1-5-el-pib-de-mexico-incertidumbre-por-reforma-judicial-puede-afectar-las-inversiones-alerta\/#primaryimage"},"image":{"@id":"https:\/\/conexionnacional.mx\/index.php\/2024\/10\/15\/fmi-recorta-a-1-5-el-pib-de-mexico-incertidumbre-por-reforma-judicial-puede-afectar-las-inversiones-alerta\/#primaryimage"},"thumbnailUrl":"https:\/\/conexionnacional.mx\/wp-content\/uploads\/2024\/10\/4YGCAT24QVG4DINMRINAHJIZAM.avif","datePublished":"2024-10-15T23:19:46+00:00","dateModified":"2024-10-15T23:19:49+00:00","breadcrumb":{"@id":"https:\/\/conexionnacional.mx\/index.php\/2024\/10\/15\/fmi-recorta-a-1-5-el-pib-de-mexico-incertidumbre-por-reforma-judicial-puede-afectar-las-inversiones-alerta\/#breadcrumb"},"inLanguage":"es","potentialAction":[{"@type":"ReadAction","target":["https:\/\/conexionnacional.mx\/index.php\/2024\/10\/15\/fmi-recorta-a-1-5-el-pib-de-mexico-incertidumbre-por-reforma-judicial-puede-afectar-las-inversiones-alerta\/"]}]},{"@type":"ImageObject","inLanguage":"es","@id":"https:\/\/conexionnacional.mx\/index.php\/2024\/10\/15\/fmi-recorta-a-1-5-el-pib-de-mexico-incertidumbre-por-reforma-judicial-puede-afectar-las-inversiones-alerta\/#primaryimage","url":"https:\/\/conexionnacional.mx\/wp-content\/uploads\/2024\/10\/4YGCAT24QVG4DINMRINAHJIZAM.avif","contentUrl":"https:\/\/conexionnacional.mx\/wp-content\/uploads\/2024\/10\/4YGCAT24QVG4DINMRINAHJIZAM.avif","width":1100,"height":666},{"@type":"BreadcrumbList","@id":"https:\/\/conexionnacional.mx\/index.php\/2024\/10\/15\/fmi-recorta-a-1-5-el-pib-de-mexico-incertidumbre-por-reforma-judicial-puede-afectar-las-inversiones-alerta\/#breadcrumb","itemListElement":[{"@type":"ListItem","position":1,"name":"Inicio","item":"https:\/\/conexionnacional.mx\/"},{"@type":"ListItem","position":2,"name":"FMI recorta a 1.5% el PIB de M\u00e9xico; incertidumbre por reforma judicial puede afectar las inversiones, alerta"}]},{"@type":"WebSite","@id":"https:\/\/conexionnacional.mx\/#website","url":"https:\/\/conexionnacional.mx\/","name":"Conexi\u00f3n Nacional","description":"Noticias al momento","publisher":{"@id":"https:\/\/conexionnacional.mx\/#organization"},"alternateName":"Noticias nacionales","potentialAction":[{"@type":"SearchAction","target":{"@type":"EntryPoint","urlTemplate":"https:\/\/conexionnacional.mx\/?s={search_term_string}"},"query-input":{"@type":"PropertyValueSpecification","valueRequired":true,"valueName":"search_term_string"}}],"inLanguage":"es"},{"@type":"Organization","@id":"https:\/\/conexionnacional.mx\/#organization","name":"Conexi\u00f3n Nacional","url":"https:\/\/conexionnacional.mx\/","logo":{"@type":"ImageObject","inLanguage":"es","@id":"https:\/\/conexionnacional.mx\/#\/schema\/logo\/image\/","url":"https:\/\/conexionnacional.mx\/wp-content\/uploads\/2022\/09\/conexion_nacional.png","contentUrl":"https:\/\/conexionnacional.mx\/wp-content\/uploads\/2022\/09\/conexion_nacional.png","width":2964,"height":1173,"caption":"Conexi\u00f3n Nacional"},"image":{"@id":"https:\/\/conexionnacional.mx\/#\/schema\/logo\/image\/"},"sameAs":["https:\/\/www.facebook.com\/cnmxradio"]},{"@type":"Person","@id":"https:\/\/conexionnacional.mx\/#\/schema\/person\/dd14aeda902120f5e0e021903fdb6931","name":"Conexi\u00f3n Nacional","image":{"@type":"ImageObject","inLanguage":"es","@id":"https:\/\/secure.gravatar.com\/avatar\/e523100f284110b2ecca7e17b2be9cf140a5e8f35294c9ec0543e6916cc1f9be?s=96&d=blank&r=g","url":"https:\/\/secure.gravatar.com\/avatar\/e523100f284110b2ecca7e17b2be9cf140a5e8f35294c9ec0543e6916cc1f9be?s=96&d=blank&r=g","contentUrl":"https:\/\/secure.gravatar.com\/avatar\/e523100f284110b2ecca7e17b2be9cf140a5e8f35294c9ec0543e6916cc1f9be?s=96&d=blank&r=g","caption":"Conexi\u00f3n Nacional"},"sameAs":["https:\/\/conexionnacional.mx"],"url":"https:\/\/conexionnacional.mx\/index.php\/author\/administrador\/"}]}},"_links":{"self":[{"href":"https:\/\/conexionnacional.mx\/index.php\/wp-json\/wp\/v2\/posts\/22456","targetHints":{"allow":["GET"]}}],"collection":[{"href":"https:\/\/conexionnacional.mx\/index.php\/wp-json\/wp\/v2\/posts"}],"about":[{"href":"https:\/\/conexionnacional.mx\/index.php\/wp-json\/wp\/v2\/types\/post"}],"author":[{"embeddable":true,"href":"https:\/\/conexionnacional.mx\/index.php\/wp-json\/wp\/v2\/users\/1"}],"replies":[{"embeddable":true,"href":"https:\/\/conexionnacional.mx\/index.php\/wp-json\/wp\/v2\/comments?post=22456"}],"version-history":[{"count":1,"href":"https:\/\/conexionnacional.mx\/index.php\/wp-json\/wp\/v2\/posts\/22456\/revisions"}],"predecessor-version":[{"id":22458,"href":"https:\/\/conexionnacional.mx\/index.php\/wp-json\/wp\/v2\/posts\/22456\/revisions\/22458"}],"wp:featuredmedia":[{"embeddable":true,"href":"https:\/\/conexionnacional.mx\/index.php\/wp-json\/wp\/v2\/media\/22457"}],"wp:attachment":[{"href":"https:\/\/conexionnacional.mx\/index.php\/wp-json\/wp\/v2\/media?parent=22456"}],"wp:term":[{"taxonomy":"category","embeddable":true,"href":"https:\/\/conexionnacional.mx\/index.php\/wp-json\/wp\/v2\/categories?post=22456"},{"taxonomy":"post_tag","embeddable":true,"href":"https:\/\/conexionnacional.mx\/index.php\/wp-json\/wp\/v2\/tags?post=22456"}],"curies":[{"name":"wp","href":"https:\/\/api.w.org\/{rel}","templated":true}]}}