{"id":22453,"date":"2024-10-15T11:38:30","date_gmt":"2024-10-15T17:38:30","guid":{"rendered":"https:\/\/conexionnacional.mx\/?p=22453"},"modified":"2024-10-15T11:38:32","modified_gmt":"2024-10-15T17:38:32","slug":"tren-mexico-queretaro-cuanto-sera-el-tiempo-de-recorrido-y-cuales-paradas-ya-estan-confirmadas","status":"publish","type":"post","link":"https:\/\/conexionnacional.mx\/index.php\/2024\/10\/15\/tren-mexico-queretaro-cuanto-sera-el-tiempo-de-recorrido-y-cuales-paradas-ya-estan-confirmadas\/","title":{"rendered":"Tren M\u00e9xico-Quer\u00e9taro: \u00bfCu\u00e1nto ser\u00e1 el tiempo de recorrido y cu\u00e1les paradas ya est\u00e1n confirmadas?"},"content":{"rendered":"\n<p><strong>La presidenta de M\u00e9xico, Claudia Sheinbaum Pardo, dio a conocer la construcci\u00f3n del nuevo Tren M\u00e9xico-Quer\u00e9taro<\/strong>, un transporte que gener\u00f3 muchas expectativas. Este tren promete revolucionar la manera en la que la poblaci\u00f3n se transporta entre la Ciudad de M\u00e9xico y la capital queretana, ofreciendo una alternativa r\u00e1pida, segura y eficiente.<\/p>\n\n\n\n<p><strong>Se prev\u00e9 que en tan solo tres a\u00f1os, el Tren M\u00e9xico-Quer\u00e9taro ya est\u00e9 funcionando<\/strong>. Para lograr este objetivo,&nbsp;Claudia Sheinbaum, indic\u00f3 que, a partir de estos momentos, todos los estudios necesarios ya se comenzaron&nbsp;a realizar. En abril del 2025 se iniciar\u00eda su construcci\u00f3n.<\/p>\n\n\n\n<h2 class=\"wp-block-heading\">Este ser\u00e1 el tiempo de recorrido del Tren M\u00e9xico-Quer\u00e9taro<\/h2>\n\n\n\n<p>Una de las cosas m\u00e1s llamativas de este nuevo proyecto que encabeza el nuevo gobierno de M\u00e9xico es su impresionante tiempo de recorrido. El secretario de Infraestructura, Comunicaciones y Transportes, Jes\u00fas Antonio Esteva Medina, inform\u00f3 que<strong>\u00a0el Tren M\u00e9xico-Quer\u00e9taro recorrer\u00e1 la Ciudad de M\u00e9xico, el Estado de M\u00e9xico, Hidalgo y Quer\u00e9taro en una hora 40 minutos<\/strong>.<\/p>\n\n\n\n<p>El tiempo que se tomar\u00e1 el nuevo tren es muy significante, tomando en cuenta que en autom\u00f3vil, aproximadamente hacer ese mismo recorrido se necesitan alrededor de tres horas, esto tambi\u00e9n dependiendo del tr\u00e1fico que haya. El tren representa una reducci\u00f3n de hasta el 40 por ciento de tiempo.<\/p>\n\n\n\n<figure class=\"wp-block-embed is-type-video is-provider-youtube wp-block-embed-youtube wp-embed-aspect-16-9 wp-has-aspect-ratio\"><div class=\"wp-block-embed__wrapper\">\nhttps:\/\/youtu.be\/Jrtqq6SCf1A\n<\/div><\/figure>\n\n\n\n<h2 class=\"wp-block-heading\">\u00bfCu\u00e1les son las paradas confirmadas del&nbsp;Tren M\u00e9xico-Quer\u00e9taro?<\/h2>\n\n\n\n<p><strong>El Tren M\u00e9xico-Quer\u00e9taro contar\u00e1 con tres paradas principales<\/strong>, facilitando el acceso a diferentes regiones a lo largo de la ruta. De acuerdo con Gobierno de M\u00e9xico,\u00a0<strong>las paradas del tren ser\u00e1n la de Buenavista, Ciudad de M\u00e9xico, San Juan del R\u00edo y finalmente, Santiago de Quer\u00e9taro<\/strong>.<\/p>\n\n\n\n<p>La l\u00ednea del tren contempla 225 kil\u00f3metros de longitud y se estima que alcanzar\u00e1 velocidades de 160 kil\u00f3metros por hora. Contar\u00e1 con 77 puentes, 12 t\u00faneles, tres viaductos, dos libramientos y dos distribuciones ferroviarios, adem\u00e1s,<strong>&nbsp;<\/strong>ofrecer\u00e1 conexi\u00f3n intermodal en la terminal Buenavista, con la L\u00ednea B del Metro, as\u00ed como las l\u00edneas 1, 3 y 4 del Metrob\u00fas, y Ecobici, y<strong>&nbsp;en la terminal de Quer\u00e9taro con la conexi\u00f3n del Quer\u00e9taro Bus<\/strong>.<\/p>\n\n\n\n<p><strong>El Tren M\u00e9xico-Quer\u00e9taro representa un enorme avance en la infraestructura del transporte<\/strong>&nbsp;de M\u00e9xico. Su corto tiempo de recorrido,&nbsp;sus paradas estrat\u00e9gicas y sus conexiones con otros medios;&nbsp;este proyecto promete cambiar la manera en la que los ciudadanos de estas ciudades se transportan.<\/p>\n\n\n\n<p><\/p>\n","protected":false},"excerpt":{"rendered":"<p>La presidenta de M\u00e9xico, Claudia Sheinbaum Pardo, dio a conocer la construcci\u00f3n del nuevo Tren M\u00e9xico-Quer\u00e9taro, un transporte que gener\u00f3 muchas expectativas. Este tren promete revolucionar la manera en la que la poblaci\u00f3n se transporta entre la Ciudad de M\u00e9xico y la capital queretana, ofreciendo una alternativa r\u00e1pida, segura y eficiente. Se prev\u00e9 que en [&hellip;]<\/p>\n","protected":false},"author":1,"featured_media":22454,"comment_status":"closed","ping_status":"closed","sticky":false,"template":"","format":"aside","meta":{"googlesitekit_rrm_CAowytPeCw:productID":"","footnotes":""},"categories":[3],"tags":[8726],"class_list":["post-22453","post","type-post","status-publish","format-aside","has-post-thumbnail","hentry","category-nacional","tag-tren-mexico-queretaro","post_format-post-format-aside"],"yoast_head":"<!-- This site is optimized with the Yoast SEO plugin v27.4 - https:\/\/yoast.com\/product\/yoast-seo-wordpress\/ -->\n<title>Tren M\u00e9xico-Quer\u00e9taro: \u00bfCu\u00e1nto ser\u00e1 el tiempo de recorrido y cu\u00e1les paradas ya est\u00e1n confirmadas? |<\/title>\n<meta name=\"robots\" content=\"index, follow, max-snippet:-1, max-image-preview:large, max-video-preview:-1\" \/>\n<link rel=\"canonical\" href=\"https:\/\/conexionnacional.mx\/index.php\/2024\/10\/15\/tren-mexico-queretaro-cuanto-sera-el-tiempo-de-recorrido-y-cuales-paradas-ya-estan-confirmadas\/\" \/>\n<meta property=\"og:locale\" content=\"es_MX\" \/>\n<meta property=\"og:type\" content=\"article\" \/>\n<meta property=\"og:title\" content=\"Tren M\u00e9xico-Quer\u00e9taro: \u00bfCu\u00e1nto ser\u00e1 el tiempo de recorrido y cu\u00e1les paradas ya est\u00e1n confirmadas? |\" \/>\n<meta property=\"og:description\" content=\"La presidenta de M\u00e9xico, Claudia Sheinbaum Pardo, dio a conocer la construcci\u00f3n del nuevo Tren M\u00e9xico-Quer\u00e9taro, un transporte que gener\u00f3 muchas expectativas. Este tren promete revolucionar la manera en la que la poblaci\u00f3n se transporta entre la Ciudad de M\u00e9xico y la capital queretana, ofreciendo una alternativa r\u00e1pida, segura y eficiente. Se prev\u00e9 que en [&hellip;]\" \/>\n<meta property=\"og:url\" content=\"https:\/\/conexionnacional.mx\/index.php\/2024\/10\/15\/tren-mexico-queretaro-cuanto-sera-el-tiempo-de-recorrido-y-cuales-paradas-ya-estan-confirmadas\/\" \/>\n<meta property=\"og:site_name\" content=\"Conexi\u00f3n Nacional\" \/>\n<meta property=\"article:publisher\" content=\"https:\/\/www.facebook.com\/cnmxradio\" \/>\n<meta property=\"article:published_time\" content=\"2024-10-15T17:38:30+00:00\" \/>\n<meta property=\"article:modified_time\" content=\"2024-10-15T17:38:32+00:00\" \/>\n<meta property=\"og:image\" content=\"https:\/\/conexionnacional.mx\/wp-content\/uploads\/2024\/10\/f960x540-655500_729575_5050.jpeg\" \/>\n\t<meta property=\"og:image:width\" content=\"960\" \/>\n\t<meta property=\"og:image:height\" content=\"540\" \/>\n\t<meta property=\"og:image:type\" content=\"image\/jpeg\" \/>\n<meta name=\"author\" content=\"Conexi\u00f3n Nacional\" \/>\n<meta name=\"twitter:card\" content=\"summary_large_image\" \/>\n<meta name=\"twitter:label1\" content=\"Escrito por\" \/>\n\t<meta name=\"twitter:data1\" content=\"Conexi\u00f3n Nacional\" \/>\n\t<meta name=\"twitter:label2\" content=\"Tiempo de lectura\" \/>\n\t<meta name=\"twitter:data2\" content=\"2 minutos\" \/>\n<script type=\"application\/ld+json\" class=\"yoast-schema-graph\">{\"@context\":\"https:\\\/\\\/schema.org\",\"@graph\":[{\"@type\":\"Article\",\"@id\":\"https:\\\/\\\/conexionnacional.mx\\\/index.php\\\/2024\\\/10\\\/15\\\/tren-mexico-queretaro-cuanto-sera-el-tiempo-de-recorrido-y-cuales-paradas-ya-estan-confirmadas\\\/#article\",\"isPartOf\":{\"@id\":\"https:\\\/\\\/conexionnacional.mx\\\/index.php\\\/2024\\\/10\\\/15\\\/tren-mexico-queretaro-cuanto-sera-el-tiempo-de-recorrido-y-cuales-paradas-ya-estan-confirmadas\\\/\"},\"author\":{\"name\":\"Conexi\u00f3n Nacional\",\"@id\":\"https:\\\/\\\/conexionnacional.mx\\\/#\\\/schema\\\/person\\\/dd14aeda902120f5e0e021903fdb6931\"},\"headline\":\"Tren M\u00e9xico-Quer\u00e9taro: \u00bfCu\u00e1nto ser\u00e1 el tiempo de recorrido y cu\u00e1les paradas ya est\u00e1n confirmadas?\",\"datePublished\":\"2024-10-15T17:38:30+00:00\",\"dateModified\":\"2024-10-15T17:38:32+00:00\",\"mainEntityOfPage\":{\"@id\":\"https:\\\/\\\/conexionnacional.mx\\\/index.php\\\/2024\\\/10\\\/15\\\/tren-mexico-queretaro-cuanto-sera-el-tiempo-de-recorrido-y-cuales-paradas-ya-estan-confirmadas\\\/\"},\"wordCount\":453,\"publisher\":{\"@id\":\"https:\\\/\\\/conexionnacional.mx\\\/#organization\"},\"image\":{\"@id\":\"https:\\\/\\\/conexionnacional.mx\\\/index.php\\\/2024\\\/10\\\/15\\\/tren-mexico-queretaro-cuanto-sera-el-tiempo-de-recorrido-y-cuales-paradas-ya-estan-confirmadas\\\/#primaryimage\"},\"thumbnailUrl\":\"https:\\\/\\\/conexionnacional.mx\\\/wp-content\\\/uploads\\\/2024\\\/10\\\/f960x540-655500_729575_5050.jpeg\",\"keywords\":[\"Tren M\u00e9xico-Quer\u00e9taro\"],\"articleSection\":[\"Nacional\"],\"inLanguage\":\"es\"},{\"@type\":\"WebPage\",\"@id\":\"https:\\\/\\\/conexionnacional.mx\\\/index.php\\\/2024\\\/10\\\/15\\\/tren-mexico-queretaro-cuanto-sera-el-tiempo-de-recorrido-y-cuales-paradas-ya-estan-confirmadas\\\/\",\"url\":\"https:\\\/\\\/conexionnacional.mx\\\/index.php\\\/2024\\\/10\\\/15\\\/tren-mexico-queretaro-cuanto-sera-el-tiempo-de-recorrido-y-cuales-paradas-ya-estan-confirmadas\\\/\",\"name\":\"Tren M\u00e9xico-Quer\u00e9taro: \u00bfCu\u00e1nto ser\u00e1 el tiempo de recorrido y cu\u00e1les paradas ya est\u00e1n confirmadas? |\",\"isPartOf\":{\"@id\":\"https:\\\/\\\/conexionnacional.mx\\\/#website\"},\"primaryImageOfPage\":{\"@id\":\"https:\\\/\\\/conexionnacional.mx\\\/index.php\\\/2024\\\/10\\\/15\\\/tren-mexico-queretaro-cuanto-sera-el-tiempo-de-recorrido-y-cuales-paradas-ya-estan-confirmadas\\\/#primaryimage\"},\"image\":{\"@id\":\"https:\\\/\\\/conexionnacional.mx\\\/index.php\\\/2024\\\/10\\\/15\\\/tren-mexico-queretaro-cuanto-sera-el-tiempo-de-recorrido-y-cuales-paradas-ya-estan-confirmadas\\\/#primaryimage\"},\"thumbnailUrl\":\"https:\\\/\\\/conexionnacional.mx\\\/wp-content\\\/uploads\\\/2024\\\/10\\\/f960x540-655500_729575_5050.jpeg\",\"datePublished\":\"2024-10-15T17:38:30+00:00\",\"dateModified\":\"2024-10-15T17:38:32+00:00\",\"breadcrumb\":{\"@id\":\"https:\\\/\\\/conexionnacional.mx\\\/index.php\\\/2024\\\/10\\\/15\\\/tren-mexico-queretaro-cuanto-sera-el-tiempo-de-recorrido-y-cuales-paradas-ya-estan-confirmadas\\\/#breadcrumb\"},\"inLanguage\":\"es\",\"potentialAction\":[{\"@type\":\"ReadAction\",\"target\":[\"https:\\\/\\\/conexionnacional.mx\\\/index.php\\\/2024\\\/10\\\/15\\\/tren-mexico-queretaro-cuanto-sera-el-tiempo-de-recorrido-y-cuales-paradas-ya-estan-confirmadas\\\/\"]}]},{\"@type\":\"ImageObject\",\"inLanguage\":\"es\",\"@id\":\"https:\\\/\\\/conexionnacional.mx\\\/index.php\\\/2024\\\/10\\\/15\\\/tren-mexico-queretaro-cuanto-sera-el-tiempo-de-recorrido-y-cuales-paradas-ya-estan-confirmadas\\\/#primaryimage\",\"url\":\"https:\\\/\\\/conexionnacional.mx\\\/wp-content\\\/uploads\\\/2024\\\/10\\\/f960x540-655500_729575_5050.jpeg\",\"contentUrl\":\"https:\\\/\\\/conexionnacional.mx\\\/wp-content\\\/uploads\\\/2024\\\/10\\\/f960x540-655500_729575_5050.jpeg\",\"width\":960,\"height\":540},{\"@type\":\"BreadcrumbList\",\"@id\":\"https:\\\/\\\/conexionnacional.mx\\\/index.php\\\/2024\\\/10\\\/15\\\/tren-mexico-queretaro-cuanto-sera-el-tiempo-de-recorrido-y-cuales-paradas-ya-estan-confirmadas\\\/#breadcrumb\",\"itemListElement\":[{\"@type\":\"ListItem\",\"position\":1,\"name\":\"Inicio\",\"item\":\"https:\\\/\\\/conexionnacional.mx\\\/\"},{\"@type\":\"ListItem\",\"position\":2,\"name\":\"Tren M\u00e9xico-Quer\u00e9taro: \u00bfCu\u00e1nto ser\u00e1 el tiempo de recorrido y cu\u00e1les paradas ya est\u00e1n confirmadas?\"}]},{\"@type\":\"WebSite\",\"@id\":\"https:\\\/\\\/conexionnacional.mx\\\/#website\",\"url\":\"https:\\\/\\\/conexionnacional.mx\\\/\",\"name\":\"Conexi\u00f3n Nacional\",\"description\":\"Noticias al momento\",\"publisher\":{\"@id\":\"https:\\\/\\\/conexionnacional.mx\\\/#organization\"},\"alternateName\":\"Noticias nacionales\",\"potentialAction\":[{\"@type\":\"SearchAction\",\"target\":{\"@type\":\"EntryPoint\",\"urlTemplate\":\"https:\\\/\\\/conexionnacional.mx\\\/?s={search_term_string}\"},\"query-input\":{\"@type\":\"PropertyValueSpecification\",\"valueRequired\":true,\"valueName\":\"search_term_string\"}}],\"inLanguage\":\"es\"},{\"@type\":\"Organization\",\"@id\":\"https:\\\/\\\/conexionnacional.mx\\\/#organization\",\"name\":\"Conexi\u00f3n Nacional\",\"url\":\"https:\\\/\\\/conexionnacional.mx\\\/\",\"logo\":{\"@type\":\"ImageObject\",\"inLanguage\":\"es\",\"@id\":\"https:\\\/\\\/conexionnacional.mx\\\/#\\\/schema\\\/logo\\\/image\\\/\",\"url\":\"https:\\\/\\\/conexionnacional.mx\\\/wp-content\\\/uploads\\\/2022\\\/09\\\/conexion_nacional.png\",\"contentUrl\":\"https:\\\/\\\/conexionnacional.mx\\\/wp-content\\\/uploads\\\/2022\\\/09\\\/conexion_nacional.png\",\"width\":2964,\"height\":1173,\"caption\":\"Conexi\u00f3n Nacional\"},\"image\":{\"@id\":\"https:\\\/\\\/conexionnacional.mx\\\/#\\\/schema\\\/logo\\\/image\\\/\"},\"sameAs\":[\"https:\\\/\\\/www.facebook.com\\\/cnmxradio\"]},{\"@type\":\"Person\",\"@id\":\"https:\\\/\\\/conexionnacional.mx\\\/#\\\/schema\\\/person\\\/dd14aeda902120f5e0e021903fdb6931\",\"name\":\"Conexi\u00f3n Nacional\",\"image\":{\"@type\":\"ImageObject\",\"inLanguage\":\"es\",\"@id\":\"https:\\\/\\\/secure.gravatar.com\\\/avatar\\\/e523100f284110b2ecca7e17b2be9cf140a5e8f35294c9ec0543e6916cc1f9be?s=96&d=blank&r=g\",\"url\":\"https:\\\/\\\/secure.gravatar.com\\\/avatar\\\/e523100f284110b2ecca7e17b2be9cf140a5e8f35294c9ec0543e6916cc1f9be?s=96&d=blank&r=g\",\"contentUrl\":\"https:\\\/\\\/secure.gravatar.com\\\/avatar\\\/e523100f284110b2ecca7e17b2be9cf140a5e8f35294c9ec0543e6916cc1f9be?s=96&d=blank&r=g\",\"caption\":\"Conexi\u00f3n Nacional\"},\"sameAs\":[\"https:\\\/\\\/conexionnacional.mx\"],\"url\":\"https:\\\/\\\/conexionnacional.mx\\\/index.php\\\/author\\\/administrador\\\/\"}]}<\/script>\n<!-- \/ Yoast SEO plugin. -->","yoast_head_json":{"title":"Tren M\u00e9xico-Quer\u00e9taro: \u00bfCu\u00e1nto ser\u00e1 el tiempo de recorrido y cu\u00e1les paradas ya est\u00e1n confirmadas? |","robots":{"index":"index","follow":"follow","max-snippet":"max-snippet:-1","max-image-preview":"max-image-preview:large","max-video-preview":"max-video-preview:-1"},"canonical":"https:\/\/conexionnacional.mx\/index.php\/2024\/10\/15\/tren-mexico-queretaro-cuanto-sera-el-tiempo-de-recorrido-y-cuales-paradas-ya-estan-confirmadas\/","og_locale":"es_MX","og_type":"article","og_title":"Tren M\u00e9xico-Quer\u00e9taro: \u00bfCu\u00e1nto ser\u00e1 el tiempo de recorrido y cu\u00e1les paradas ya est\u00e1n confirmadas? |","og_description":"La presidenta de M\u00e9xico, Claudia Sheinbaum Pardo, dio a conocer la construcci\u00f3n del nuevo Tren M\u00e9xico-Quer\u00e9taro, un transporte que gener\u00f3 muchas expectativas. Este tren promete revolucionar la manera en la que la poblaci\u00f3n se transporta entre la Ciudad de M\u00e9xico y la capital queretana, ofreciendo una alternativa r\u00e1pida, segura y eficiente. Se prev\u00e9 que en [&hellip;]","og_url":"https:\/\/conexionnacional.mx\/index.php\/2024\/10\/15\/tren-mexico-queretaro-cuanto-sera-el-tiempo-de-recorrido-y-cuales-paradas-ya-estan-confirmadas\/","og_site_name":"Conexi\u00f3n Nacional","article_publisher":"https:\/\/www.facebook.com\/cnmxradio","article_published_time":"2024-10-15T17:38:30+00:00","article_modified_time":"2024-10-15T17:38:32+00:00","og_image":[{"width":960,"height":540,"url":"https:\/\/conexionnacional.mx\/wp-content\/uploads\/2024\/10\/f960x540-655500_729575_5050.jpeg","type":"image\/jpeg"}],"author":"Conexi\u00f3n Nacional","twitter_card":"summary_large_image","twitter_misc":{"Escrito por":"Conexi\u00f3n Nacional","Tiempo de lectura":"2 minutos"},"schema":{"@context":"https:\/\/schema.org","@graph":[{"@type":"Article","@id":"https:\/\/conexionnacional.mx\/index.php\/2024\/10\/15\/tren-mexico-queretaro-cuanto-sera-el-tiempo-de-recorrido-y-cuales-paradas-ya-estan-confirmadas\/#article","isPartOf":{"@id":"https:\/\/conexionnacional.mx\/index.php\/2024\/10\/15\/tren-mexico-queretaro-cuanto-sera-el-tiempo-de-recorrido-y-cuales-paradas-ya-estan-confirmadas\/"},"author":{"name":"Conexi\u00f3n Nacional","@id":"https:\/\/conexionnacional.mx\/#\/schema\/person\/dd14aeda902120f5e0e021903fdb6931"},"headline":"Tren M\u00e9xico-Quer\u00e9taro: \u00bfCu\u00e1nto ser\u00e1 el tiempo de recorrido y cu\u00e1les paradas ya est\u00e1n confirmadas?","datePublished":"2024-10-15T17:38:30+00:00","dateModified":"2024-10-15T17:38:32+00:00","mainEntityOfPage":{"@id":"https:\/\/conexionnacional.mx\/index.php\/2024\/10\/15\/tren-mexico-queretaro-cuanto-sera-el-tiempo-de-recorrido-y-cuales-paradas-ya-estan-confirmadas\/"},"wordCount":453,"publisher":{"@id":"https:\/\/conexionnacional.mx\/#organization"},"image":{"@id":"https:\/\/conexionnacional.mx\/index.php\/2024\/10\/15\/tren-mexico-queretaro-cuanto-sera-el-tiempo-de-recorrido-y-cuales-paradas-ya-estan-confirmadas\/#primaryimage"},"thumbnailUrl":"https:\/\/conexionnacional.mx\/wp-content\/uploads\/2024\/10\/f960x540-655500_729575_5050.jpeg","keywords":["Tren M\u00e9xico-Quer\u00e9taro"],"articleSection":["Nacional"],"inLanguage":"es"},{"@type":"WebPage","@id":"https:\/\/conexionnacional.mx\/index.php\/2024\/10\/15\/tren-mexico-queretaro-cuanto-sera-el-tiempo-de-recorrido-y-cuales-paradas-ya-estan-confirmadas\/","url":"https:\/\/conexionnacional.mx\/index.php\/2024\/10\/15\/tren-mexico-queretaro-cuanto-sera-el-tiempo-de-recorrido-y-cuales-paradas-ya-estan-confirmadas\/","name":"Tren M\u00e9xico-Quer\u00e9taro: \u00bfCu\u00e1nto ser\u00e1 el tiempo de recorrido y cu\u00e1les paradas ya est\u00e1n confirmadas? |","isPartOf":{"@id":"https:\/\/conexionnacional.mx\/#website"},"primaryImageOfPage":{"@id":"https:\/\/conexionnacional.mx\/index.php\/2024\/10\/15\/tren-mexico-queretaro-cuanto-sera-el-tiempo-de-recorrido-y-cuales-paradas-ya-estan-confirmadas\/#primaryimage"},"image":{"@id":"https:\/\/conexionnacional.mx\/index.php\/2024\/10\/15\/tren-mexico-queretaro-cuanto-sera-el-tiempo-de-recorrido-y-cuales-paradas-ya-estan-confirmadas\/#primaryimage"},"thumbnailUrl":"https:\/\/conexionnacional.mx\/wp-content\/uploads\/2024\/10\/f960x540-655500_729575_5050.jpeg","datePublished":"2024-10-15T17:38:30+00:00","dateModified":"2024-10-15T17:38:32+00:00","breadcrumb":{"@id":"https:\/\/conexionnacional.mx\/index.php\/2024\/10\/15\/tren-mexico-queretaro-cuanto-sera-el-tiempo-de-recorrido-y-cuales-paradas-ya-estan-confirmadas\/#breadcrumb"},"inLanguage":"es","potentialAction":[{"@type":"ReadAction","target":["https:\/\/conexionnacional.mx\/index.php\/2024\/10\/15\/tren-mexico-queretaro-cuanto-sera-el-tiempo-de-recorrido-y-cuales-paradas-ya-estan-confirmadas\/"]}]},{"@type":"ImageObject","inLanguage":"es","@id":"https:\/\/conexionnacional.mx\/index.php\/2024\/10\/15\/tren-mexico-queretaro-cuanto-sera-el-tiempo-de-recorrido-y-cuales-paradas-ya-estan-confirmadas\/#primaryimage","url":"https:\/\/conexionnacional.mx\/wp-content\/uploads\/2024\/10\/f960x540-655500_729575_5050.jpeg","contentUrl":"https:\/\/conexionnacional.mx\/wp-content\/uploads\/2024\/10\/f960x540-655500_729575_5050.jpeg","width":960,"height":540},{"@type":"BreadcrumbList","@id":"https:\/\/conexionnacional.mx\/index.php\/2024\/10\/15\/tren-mexico-queretaro-cuanto-sera-el-tiempo-de-recorrido-y-cuales-paradas-ya-estan-confirmadas\/#breadcrumb","itemListElement":[{"@type":"ListItem","position":1,"name":"Inicio","item":"https:\/\/conexionnacional.mx\/"},{"@type":"ListItem","position":2,"name":"Tren M\u00e9xico-Quer\u00e9taro: \u00bfCu\u00e1nto ser\u00e1 el tiempo de recorrido y cu\u00e1les paradas ya est\u00e1n confirmadas?"}]},{"@type":"WebSite","@id":"https:\/\/conexionnacional.mx\/#website","url":"https:\/\/conexionnacional.mx\/","name":"Conexi\u00f3n Nacional","description":"Noticias al momento","publisher":{"@id":"https:\/\/conexionnacional.mx\/#organization"},"alternateName":"Noticias nacionales","potentialAction":[{"@type":"SearchAction","target":{"@type":"EntryPoint","urlTemplate":"https:\/\/conexionnacional.mx\/?s={search_term_string}"},"query-input":{"@type":"PropertyValueSpecification","valueRequired":true,"valueName":"search_term_string"}}],"inLanguage":"es"},{"@type":"Organization","@id":"https:\/\/conexionnacional.mx\/#organization","name":"Conexi\u00f3n Nacional","url":"https:\/\/conexionnacional.mx\/","logo":{"@type":"ImageObject","inLanguage":"es","@id":"https:\/\/conexionnacional.mx\/#\/schema\/logo\/image\/","url":"https:\/\/conexionnacional.mx\/wp-content\/uploads\/2022\/09\/conexion_nacional.png","contentUrl":"https:\/\/conexionnacional.mx\/wp-content\/uploads\/2022\/09\/conexion_nacional.png","width":2964,"height":1173,"caption":"Conexi\u00f3n Nacional"},"image":{"@id":"https:\/\/conexionnacional.mx\/#\/schema\/logo\/image\/"},"sameAs":["https:\/\/www.facebook.com\/cnmxradio"]},{"@type":"Person","@id":"https:\/\/conexionnacional.mx\/#\/schema\/person\/dd14aeda902120f5e0e021903fdb6931","name":"Conexi\u00f3n Nacional","image":{"@type":"ImageObject","inLanguage":"es","@id":"https:\/\/secure.gravatar.com\/avatar\/e523100f284110b2ecca7e17b2be9cf140a5e8f35294c9ec0543e6916cc1f9be?s=96&d=blank&r=g","url":"https:\/\/secure.gravatar.com\/avatar\/e523100f284110b2ecca7e17b2be9cf140a5e8f35294c9ec0543e6916cc1f9be?s=96&d=blank&r=g","contentUrl":"https:\/\/secure.gravatar.com\/avatar\/e523100f284110b2ecca7e17b2be9cf140a5e8f35294c9ec0543e6916cc1f9be?s=96&d=blank&r=g","caption":"Conexi\u00f3n Nacional"},"sameAs":["https:\/\/conexionnacional.mx"],"url":"https:\/\/conexionnacional.mx\/index.php\/author\/administrador\/"}]}},"_links":{"self":[{"href":"https:\/\/conexionnacional.mx\/index.php\/wp-json\/wp\/v2\/posts\/22453","targetHints":{"allow":["GET"]}}],"collection":[{"href":"https:\/\/conexionnacional.mx\/index.php\/wp-json\/wp\/v2\/posts"}],"about":[{"href":"https:\/\/conexionnacional.mx\/index.php\/wp-json\/wp\/v2\/types\/post"}],"author":[{"embeddable":true,"href":"https:\/\/conexionnacional.mx\/index.php\/wp-json\/wp\/v2\/users\/1"}],"replies":[{"embeddable":true,"href":"https:\/\/conexionnacional.mx\/index.php\/wp-json\/wp\/v2\/comments?post=22453"}],"version-history":[{"count":1,"href":"https:\/\/conexionnacional.mx\/index.php\/wp-json\/wp\/v2\/posts\/22453\/revisions"}],"predecessor-version":[{"id":22455,"href":"https:\/\/conexionnacional.mx\/index.php\/wp-json\/wp\/v2\/posts\/22453\/revisions\/22455"}],"wp:featuredmedia":[{"embeddable":true,"href":"https:\/\/conexionnacional.mx\/index.php\/wp-json\/wp\/v2\/media\/22454"}],"wp:attachment":[{"href":"https:\/\/conexionnacional.mx\/index.php\/wp-json\/wp\/v2\/media?parent=22453"}],"wp:term":[{"taxonomy":"category","embeddable":true,"href":"https:\/\/conexionnacional.mx\/index.php\/wp-json\/wp\/v2\/categories?post=22453"},{"taxonomy":"post_tag","embeddable":true,"href":"https:\/\/conexionnacional.mx\/index.php\/wp-json\/wp\/v2\/tags?post=22453"}],"curies":[{"name":"wp","href":"https:\/\/api.w.org\/{rel}","templated":true}]}}