{"id":22450,"date":"2024-10-15T10:46:18","date_gmt":"2024-10-15T16:46:18","guid":{"rendered":"https:\/\/conexionnacional.mx\/?p=22450"},"modified":"2024-10-15T10:46:20","modified_gmt":"2024-10-15T16:46:20","slug":"cuando-reabre-la-linea-1-del-metro-de-la-cdmx-clara-brugada-revela-nuevos-detalles","status":"publish","type":"post","link":"https:\/\/conexionnacional.mx\/index.php\/2024\/10\/15\/cuando-reabre-la-linea-1-del-metro-de-la-cdmx-clara-brugada-revela-nuevos-detalles\/","title":{"rendered":"\u00bfCu\u00e1ndo reabre la L\u00ednea 1 del Metro de la CDMX? Clara Brugada revela nuevos detalles"},"content":{"rendered":"\n<p>La L\u00ednea 1 del\u00a0Metro\u00a0de la\u00a0<strong>Ciudad de M\u00e9xico<\/strong>\u00a0ha permanecido en remodelaci\u00f3n desde el\u00a0<strong>Gobierno<\/strong>\u00a0de\u00a0<strong>Claudia Sheinbaum<\/strong>, posteriormente\u00a0<strong>Mart\u00ed Batres<\/strong>\u00a0retom\u00f3 el proyecto y, finalmente, se prev\u00e9 que la administraci\u00f3n de la jefa de Gobierno\u00a0<strong>Clara Brugada\u00a0<\/strong>finalice con las obras para que los capitalinos puedan tomar el\u00a0transporte\u00a0que recorre\u00a0desde la estaci\u00f3n de\u00a0<strong>Observatorio<\/strong>\u00a0hasta\u00a0<strong>Pantitl\u00e1n<\/strong>.<\/p>\n\n\n\n<p>Por su parte,&nbsp;<strong>Mart\u00ed Batres<\/strong>&nbsp;abri\u00f3 durante el mes de&nbsp;<strong>septiembre<\/strong>&nbsp;el tramo desde las estaciones&nbsp;<strong>Balderas<\/strong>&nbsp;hasta&nbsp;<strong>Isabel La Cat\u00f3lica<\/strong>, lo que beneficiar\u00e1 a aproximadamente&nbsp;200 mil usuarios. El exmandatario subray\u00f3 que la reapertura es una prioridad por las autoridades de la&nbsp;<strong>CDMX<\/strong>, iniciado desde la gestaci\u00f3n de&nbsp;la ahora presidenta&nbsp;<strong>Claudia Sheinbaum Pardo<\/strong>.<\/p>\n\n\n\n<p>L\u00ednea 1 del Metro avanza en su remodelaci\u00f3n<br>Durante sus primeras actividades como mandataria capitalina, Clara Brugada ha afirmado que la L\u00ednea 1 del Metro contin\u00faa en buen camino, por lo que se han logrado significativos avances en la remodelaci\u00f3n del trayecto del Sistema de Transporte Colectivo (STC).<\/p>\n\n\n\n<figure class=\"wp-block-image\"><img decoding=\"async\" src=\"data:image\/gif;base64,R0lGODlhAQABAAAAACH5BAEKAAEALAAAAAABAAEAAAICTAEAOw==\" data-src=\"https:\/\/heraldodemexico.com.mx\/u\/fotografias\/m\/2024\/10\/12\/f768x1-1025187_1025314_5050.jpg\" class=\"lazyload\" alt=\"\"\/><figcaption class=\"wp-element-caption\">Clara Brugada prev\u00e9 finalizar las obras de la L\u00ednea 1 a principios de 2025&nbsp;<br>FOTO: Especial<\/figcaption><\/figure>\n\n\n\n<p>Es importante mencionar que la&nbsp;<strong>STC&nbsp;<\/strong>ha aclarado en reiteradas ocasiones que la reapertura de la&nbsp;<strong>L\u00ednea 1<\/strong>&nbsp;ser\u00e1 de manera escalonada, por lo que durante las pr\u00f3ximas inauguraciones tan solo se habilitar\u00e1n nuevas algunas estaciones. De este modo, no se cuenta con una&nbsp;<strong>fecha<\/strong>&nbsp;exacta para la reapertura, aunque se prev\u00e9 que abra en su totalidad a finales de 2024 o inicios de&nbsp;<strong>2025<\/strong>.<\/p>\n\n\n\n<p>Anteriormente Guillermo Calder\u00f3n, director del Metro, dio a conocer que las remodelaciones tienen una inversi\u00f3n de 37 mil millones de pesos, aprobadas por el&nbsp;<strong>Congreso de la CDMX<\/strong>, con el fin&nbsp;de rehabilitar las instalaciones m\u00e1s antiguas de la L\u00ednea 1. Los trabajos se llevan a cabo en contrataci\u00f3n con una empresa china, llamada CRRC, as\u00ed como distintas empresas contratistas.<\/p>\n\n\n\n<p>Adem\u00e1s, se iniciaron las remodelaciones con la&nbsp;<strong>L\u00ednea 3&nbsp;<\/strong>del&nbsp;<strong>Metro<\/strong>, por lo que se tiene contemplado que las autoridades capitalinas tengan un gran avance en las obras de la L\u00ednea 1, con el fin de no entorpecer la movilidad, especialmente en la zona c\u00e9ntrica y oeste de la capital.https:\/\/d-2732775757911715240.ampproject.net\/2409271652000\/frame.html<\/p>\n\n\n\n<h2 class=\"wp-block-heading\">\u00bfCu\u00e1l es la L\u00ednea con mayor cantidad de pasajeros en el Metro?&nbsp;<\/h2>\n\n\n\n<p>De acuerdo con las cifras oficiales del Metro de la CDMX, la estaci\u00f3n con mayor n\u00famero de pasajeros durante 2022 fue Indios Verdes, de la L\u00ednea 3, con m\u00e1s e 31 millones 641 mil usuarios. Durante dicho a\u00f1o, se registraron m\u00e1s de mil 57 millones de pasajeros transportados, con 226 kil\u00f3metros de la red en servicio y 35 millones&nbsp;525 mil kil\u00f3metros recorridos.<\/p>\n\n\n\n<h2 class=\"wp-block-heading\">Clara Brugada inicia encuestas ciudadanas para atender problem\u00e1ticas<\/h2>\n\n\n\n<figure class=\"wp-block-embed is-type-rich is-provider-twitter wp-block-embed-twitter\"><div class=\"wp-block-embed__wrapper\">\n<blockquote class=\"twitter-tweet\" data-width=\"550\" data-dnt=\"true\"><p lang=\"es\" dir=\"ltr\">\u00a1Los martes son de Z\u00f3calo de Gobierno Ciudadano! Junto con las y los secretarios de las distintas dependencias del <a href=\"https:\/\/twitter.com\/GobCDMX?ref_src=twsrc%5Etfw\">@GobCDMX<\/a>, ma\u00f1ana a las 10 am estaremos atendiendo de forma personal sus solicitudes y propuestas. Las fichas de atenci\u00f3n se entregan a las 8 am y desde esa hora\u2026 <a href=\"https:\/\/t.co\/hL0aXEvwXQ\">pic.twitter.com\/hL0aXEvwXQ<\/a><\/p>&mdash; Clara Brugada Molina (@ClaraBrugadaM) <a href=\"https:\/\/twitter.com\/ClaraBrugadaM\/status\/1845984736269029577?ref_src=twsrc%5Etfw\">October 15, 2024<\/a><\/blockquote><script async src=\"https:\/\/platform.twitter.com\/widgets.js\" charset=\"utf-8\"><\/script>\n<\/div><\/figure>\n\n\n\n<p>Una de las propuestas iniciales de la jefa de Gobierno&nbsp;<strong>Clara Brugada&nbsp;<\/strong>consiste en llevar a cabo encuestas ciudadana para identificar cu\u00e1les son las problem\u00e1ticas de mayor presencia en las calles de la&nbsp;<strong>CDMX<\/strong>, por lo que se organizar\u00e1&nbsp;durante hoy martes 15 de&nbsp;<strong>octubre<\/strong>, a las 10:00 am, una serie de audiencias ciudadanas situadas en el&nbsp;<strong>Z\u00f3calo<\/strong>&nbsp;del Centro Hist\u00f3rico.<\/p>\n\n\n\n<blockquote class=\"wp-block-quote is-layout-flow wp-block-quote-is-layout-flow\">\n<p>&#8220;Las fichas de atenci\u00f3n se entregan a las 8 am y desde esa hora habr\u00e1 personal de las secretar\u00edas para atenderlos&#8221;, mencion\u00f3 la jefa de Gobierno en su p\u00e1gina de X.<\/p>\n<\/blockquote>\n","protected":false},"excerpt":{"rendered":"<p>La L\u00ednea 1 del\u00a0Metro\u00a0de la\u00a0Ciudad de M\u00e9xico\u00a0ha permanecido en remodelaci\u00f3n desde el\u00a0Gobierno\u00a0de\u00a0Claudia Sheinbaum, posteriormente\u00a0Mart\u00ed Batres\u00a0retom\u00f3 el proyecto y, finalmente, se prev\u00e9 que la administraci\u00f3n de la jefa de Gobierno\u00a0Clara Brugada\u00a0finalice con las obras para que los capitalinos puedan tomar el\u00a0transporte\u00a0que recorre\u00a0desde la estaci\u00f3n de\u00a0Observatorio\u00a0hasta\u00a0Pantitl\u00e1n. Por su parte,&nbsp;Mart\u00ed Batres&nbsp;abri\u00f3 durante el mes de&nbsp;septiembre&nbsp;el tramo desde las [&hellip;]<\/p>\n","protected":false},"author":1,"featured_media":22451,"comment_status":"closed","ping_status":"closed","sticky":false,"template":"","format":"aside","meta":{"googlesitekit_rrm_CAowytPeCw:productID":"","footnotes":""},"categories":[3],"tags":[1409],"class_list":["post-22450","post","type-post","status-publish","format-aside","has-post-thumbnail","hentry","category-nacional","tag-metro-de-la-cdmx","post_format-post-format-aside"],"yoast_head":"<!-- This site is optimized with the Yoast SEO plugin v27.4 - https:\/\/yoast.com\/product\/yoast-seo-wordpress\/ -->\n<title>\u00bfCu\u00e1ndo reabre la L\u00ednea 1 del Metro de la CDMX? Clara Brugada revela nuevos detalles |<\/title>\n<meta name=\"robots\" content=\"index, follow, max-snippet:-1, max-image-preview:large, max-video-preview:-1\" \/>\n<link rel=\"canonical\" href=\"https:\/\/conexionnacional.mx\/index.php\/2024\/10\/15\/cuando-reabre-la-linea-1-del-metro-de-la-cdmx-clara-brugada-revela-nuevos-detalles\/\" \/>\n<meta property=\"og:locale\" content=\"es_MX\" \/>\n<meta property=\"og:type\" content=\"article\" \/>\n<meta property=\"og:title\" content=\"\u00bfCu\u00e1ndo reabre la L\u00ednea 1 del Metro de la CDMX? Clara Brugada revela nuevos detalles |\" \/>\n<meta property=\"og:description\" content=\"La L\u00ednea 1 del\u00a0Metro\u00a0de la\u00a0Ciudad de M\u00e9xico\u00a0ha permanecido en remodelaci\u00f3n desde el\u00a0Gobierno\u00a0de\u00a0Claudia Sheinbaum, posteriormente\u00a0Mart\u00ed Batres\u00a0retom\u00f3 el proyecto y, finalmente, se prev\u00e9 que la administraci\u00f3n de la jefa de Gobierno\u00a0Clara Brugada\u00a0finalice con las obras para que los capitalinos puedan tomar el\u00a0transporte\u00a0que recorre\u00a0desde la estaci\u00f3n de\u00a0Observatorio\u00a0hasta\u00a0Pantitl\u00e1n. Por su parte,&nbsp;Mart\u00ed Batres&nbsp;abri\u00f3 durante el mes de&nbsp;septiembre&nbsp;el tramo desde las [&hellip;]\" \/>\n<meta property=\"og:url\" content=\"https:\/\/conexionnacional.mx\/index.php\/2024\/10\/15\/cuando-reabre-la-linea-1-del-metro-de-la-cdmx-clara-brugada-revela-nuevos-detalles\/\" \/>\n<meta property=\"og:site_name\" content=\"Conexi\u00f3n Nacional\" \/>\n<meta property=\"article:publisher\" content=\"https:\/\/www.facebook.com\/cnmxradio\" \/>\n<meta property=\"article:published_time\" content=\"2024-10-15T16:46:18+00:00\" \/>\n<meta property=\"article:modified_time\" content=\"2024-10-15T16:46:20+00:00\" \/>\n<meta property=\"og:image\" content=\"https:\/\/conexionnacional.mx\/wp-content\/uploads\/2024\/10\/f960x540-1026164_1100239_5050.jpg\" \/>\n\t<meta property=\"og:image:width\" content=\"960\" \/>\n\t<meta property=\"og:image:height\" content=\"540\" \/>\n\t<meta property=\"og:image:type\" content=\"image\/jpeg\" \/>\n<meta name=\"author\" content=\"Conexi\u00f3n Nacional\" \/>\n<meta name=\"twitter:card\" content=\"summary_large_image\" \/>\n<meta name=\"twitter:label1\" content=\"Escrito por\" \/>\n\t<meta name=\"twitter:data1\" content=\"Conexi\u00f3n Nacional\" \/>\n\t<meta name=\"twitter:label2\" content=\"Tiempo de lectura\" \/>\n\t<meta name=\"twitter:data2\" content=\"3 minutos\" \/>\n<script type=\"application\/ld+json\" class=\"yoast-schema-graph\">{\"@context\":\"https:\\\/\\\/schema.org\",\"@graph\":[{\"@type\":\"Article\",\"@id\":\"https:\\\/\\\/conexionnacional.mx\\\/index.php\\\/2024\\\/10\\\/15\\\/cuando-reabre-la-linea-1-del-metro-de-la-cdmx-clara-brugada-revela-nuevos-detalles\\\/#article\",\"isPartOf\":{\"@id\":\"https:\\\/\\\/conexionnacional.mx\\\/index.php\\\/2024\\\/10\\\/15\\\/cuando-reabre-la-linea-1-del-metro-de-la-cdmx-clara-brugada-revela-nuevos-detalles\\\/\"},\"author\":{\"name\":\"Conexi\u00f3n Nacional\",\"@id\":\"https:\\\/\\\/conexionnacional.mx\\\/#\\\/schema\\\/person\\\/dd14aeda902120f5e0e021903fdb6931\"},\"headline\":\"\u00bfCu\u00e1ndo reabre la L\u00ednea 1 del Metro de la CDMX? Clara Brugada revela nuevos detalles\",\"datePublished\":\"2024-10-15T16:46:18+00:00\",\"dateModified\":\"2024-10-15T16:46:20+00:00\",\"mainEntityOfPage\":{\"@id\":\"https:\\\/\\\/conexionnacional.mx\\\/index.php\\\/2024\\\/10\\\/15\\\/cuando-reabre-la-linea-1-del-metro-de-la-cdmx-clara-brugada-revela-nuevos-detalles\\\/\"},\"wordCount\":642,\"publisher\":{\"@id\":\"https:\\\/\\\/conexionnacional.mx\\\/#organization\"},\"image\":{\"@id\":\"https:\\\/\\\/conexionnacional.mx\\\/index.php\\\/2024\\\/10\\\/15\\\/cuando-reabre-la-linea-1-del-metro-de-la-cdmx-clara-brugada-revela-nuevos-detalles\\\/#primaryimage\"},\"thumbnailUrl\":\"https:\\\/\\\/conexionnacional.mx\\\/wp-content\\\/uploads\\\/2024\\\/10\\\/f960x540-1026164_1100239_5050.jpg\",\"keywords\":[\"Metro de la CDMX\"],\"articleSection\":[\"Nacional\"],\"inLanguage\":\"es\"},{\"@type\":\"WebPage\",\"@id\":\"https:\\\/\\\/conexionnacional.mx\\\/index.php\\\/2024\\\/10\\\/15\\\/cuando-reabre-la-linea-1-del-metro-de-la-cdmx-clara-brugada-revela-nuevos-detalles\\\/\",\"url\":\"https:\\\/\\\/conexionnacional.mx\\\/index.php\\\/2024\\\/10\\\/15\\\/cuando-reabre-la-linea-1-del-metro-de-la-cdmx-clara-brugada-revela-nuevos-detalles\\\/\",\"name\":\"\u00bfCu\u00e1ndo reabre la L\u00ednea 1 del Metro de la CDMX? Clara Brugada revela nuevos detalles |\",\"isPartOf\":{\"@id\":\"https:\\\/\\\/conexionnacional.mx\\\/#website\"},\"primaryImageOfPage\":{\"@id\":\"https:\\\/\\\/conexionnacional.mx\\\/index.php\\\/2024\\\/10\\\/15\\\/cuando-reabre-la-linea-1-del-metro-de-la-cdmx-clara-brugada-revela-nuevos-detalles\\\/#primaryimage\"},\"image\":{\"@id\":\"https:\\\/\\\/conexionnacional.mx\\\/index.php\\\/2024\\\/10\\\/15\\\/cuando-reabre-la-linea-1-del-metro-de-la-cdmx-clara-brugada-revela-nuevos-detalles\\\/#primaryimage\"},\"thumbnailUrl\":\"https:\\\/\\\/conexionnacional.mx\\\/wp-content\\\/uploads\\\/2024\\\/10\\\/f960x540-1026164_1100239_5050.jpg\",\"datePublished\":\"2024-10-15T16:46:18+00:00\",\"dateModified\":\"2024-10-15T16:46:20+00:00\",\"breadcrumb\":{\"@id\":\"https:\\\/\\\/conexionnacional.mx\\\/index.php\\\/2024\\\/10\\\/15\\\/cuando-reabre-la-linea-1-del-metro-de-la-cdmx-clara-brugada-revela-nuevos-detalles\\\/#breadcrumb\"},\"inLanguage\":\"es\",\"potentialAction\":[{\"@type\":\"ReadAction\",\"target\":[\"https:\\\/\\\/conexionnacional.mx\\\/index.php\\\/2024\\\/10\\\/15\\\/cuando-reabre-la-linea-1-del-metro-de-la-cdmx-clara-brugada-revela-nuevos-detalles\\\/\"]}]},{\"@type\":\"ImageObject\",\"inLanguage\":\"es\",\"@id\":\"https:\\\/\\\/conexionnacional.mx\\\/index.php\\\/2024\\\/10\\\/15\\\/cuando-reabre-la-linea-1-del-metro-de-la-cdmx-clara-brugada-revela-nuevos-detalles\\\/#primaryimage\",\"url\":\"https:\\\/\\\/conexionnacional.mx\\\/wp-content\\\/uploads\\\/2024\\\/10\\\/f960x540-1026164_1100239_5050.jpg\",\"contentUrl\":\"https:\\\/\\\/conexionnacional.mx\\\/wp-content\\\/uploads\\\/2024\\\/10\\\/f960x540-1026164_1100239_5050.jpg\",\"width\":960,\"height\":540},{\"@type\":\"BreadcrumbList\",\"@id\":\"https:\\\/\\\/conexionnacional.mx\\\/index.php\\\/2024\\\/10\\\/15\\\/cuando-reabre-la-linea-1-del-metro-de-la-cdmx-clara-brugada-revela-nuevos-detalles\\\/#breadcrumb\",\"itemListElement\":[{\"@type\":\"ListItem\",\"position\":1,\"name\":\"Inicio\",\"item\":\"https:\\\/\\\/conexionnacional.mx\\\/\"},{\"@type\":\"ListItem\",\"position\":2,\"name\":\"\u00bfCu\u00e1ndo reabre la L\u00ednea 1 del Metro de la CDMX? Clara Brugada revela nuevos detalles\"}]},{\"@type\":\"WebSite\",\"@id\":\"https:\\\/\\\/conexionnacional.mx\\\/#website\",\"url\":\"https:\\\/\\\/conexionnacional.mx\\\/\",\"name\":\"Conexi\u00f3n Nacional\",\"description\":\"Noticias al momento\",\"publisher\":{\"@id\":\"https:\\\/\\\/conexionnacional.mx\\\/#organization\"},\"alternateName\":\"Noticias nacionales\",\"potentialAction\":[{\"@type\":\"SearchAction\",\"target\":{\"@type\":\"EntryPoint\",\"urlTemplate\":\"https:\\\/\\\/conexionnacional.mx\\\/?s={search_term_string}\"},\"query-input\":{\"@type\":\"PropertyValueSpecification\",\"valueRequired\":true,\"valueName\":\"search_term_string\"}}],\"inLanguage\":\"es\"},{\"@type\":\"Organization\",\"@id\":\"https:\\\/\\\/conexionnacional.mx\\\/#organization\",\"name\":\"Conexi\u00f3n Nacional\",\"url\":\"https:\\\/\\\/conexionnacional.mx\\\/\",\"logo\":{\"@type\":\"ImageObject\",\"inLanguage\":\"es\",\"@id\":\"https:\\\/\\\/conexionnacional.mx\\\/#\\\/schema\\\/logo\\\/image\\\/\",\"url\":\"https:\\\/\\\/conexionnacional.mx\\\/wp-content\\\/uploads\\\/2022\\\/09\\\/conexion_nacional.png\",\"contentUrl\":\"https:\\\/\\\/conexionnacional.mx\\\/wp-content\\\/uploads\\\/2022\\\/09\\\/conexion_nacional.png\",\"width\":2964,\"height\":1173,\"caption\":\"Conexi\u00f3n Nacional\"},\"image\":{\"@id\":\"https:\\\/\\\/conexionnacional.mx\\\/#\\\/schema\\\/logo\\\/image\\\/\"},\"sameAs\":[\"https:\\\/\\\/www.facebook.com\\\/cnmxradio\"]},{\"@type\":\"Person\",\"@id\":\"https:\\\/\\\/conexionnacional.mx\\\/#\\\/schema\\\/person\\\/dd14aeda902120f5e0e021903fdb6931\",\"name\":\"Conexi\u00f3n Nacional\",\"image\":{\"@type\":\"ImageObject\",\"inLanguage\":\"es\",\"@id\":\"https:\\\/\\\/secure.gravatar.com\\\/avatar\\\/e523100f284110b2ecca7e17b2be9cf140a5e8f35294c9ec0543e6916cc1f9be?s=96&d=blank&r=g\",\"url\":\"https:\\\/\\\/secure.gravatar.com\\\/avatar\\\/e523100f284110b2ecca7e17b2be9cf140a5e8f35294c9ec0543e6916cc1f9be?s=96&d=blank&r=g\",\"contentUrl\":\"https:\\\/\\\/secure.gravatar.com\\\/avatar\\\/e523100f284110b2ecca7e17b2be9cf140a5e8f35294c9ec0543e6916cc1f9be?s=96&d=blank&r=g\",\"caption\":\"Conexi\u00f3n Nacional\"},\"sameAs\":[\"https:\\\/\\\/conexionnacional.mx\"],\"url\":\"https:\\\/\\\/conexionnacional.mx\\\/index.php\\\/author\\\/administrador\\\/\"}]}<\/script>\n<!-- \/ Yoast SEO plugin. -->","yoast_head_json":{"title":"\u00bfCu\u00e1ndo reabre la L\u00ednea 1 del Metro de la CDMX? Clara Brugada revela nuevos detalles |","robots":{"index":"index","follow":"follow","max-snippet":"max-snippet:-1","max-image-preview":"max-image-preview:large","max-video-preview":"max-video-preview:-1"},"canonical":"https:\/\/conexionnacional.mx\/index.php\/2024\/10\/15\/cuando-reabre-la-linea-1-del-metro-de-la-cdmx-clara-brugada-revela-nuevos-detalles\/","og_locale":"es_MX","og_type":"article","og_title":"\u00bfCu\u00e1ndo reabre la L\u00ednea 1 del Metro de la CDMX? Clara Brugada revela nuevos detalles |","og_description":"La L\u00ednea 1 del\u00a0Metro\u00a0de la\u00a0Ciudad de M\u00e9xico\u00a0ha permanecido en remodelaci\u00f3n desde el\u00a0Gobierno\u00a0de\u00a0Claudia Sheinbaum, posteriormente\u00a0Mart\u00ed Batres\u00a0retom\u00f3 el proyecto y, finalmente, se prev\u00e9 que la administraci\u00f3n de la jefa de Gobierno\u00a0Clara Brugada\u00a0finalice con las obras para que los capitalinos puedan tomar el\u00a0transporte\u00a0que recorre\u00a0desde la estaci\u00f3n de\u00a0Observatorio\u00a0hasta\u00a0Pantitl\u00e1n. Por su parte,&nbsp;Mart\u00ed Batres&nbsp;abri\u00f3 durante el mes de&nbsp;septiembre&nbsp;el tramo desde las [&hellip;]","og_url":"https:\/\/conexionnacional.mx\/index.php\/2024\/10\/15\/cuando-reabre-la-linea-1-del-metro-de-la-cdmx-clara-brugada-revela-nuevos-detalles\/","og_site_name":"Conexi\u00f3n Nacional","article_publisher":"https:\/\/www.facebook.com\/cnmxradio","article_published_time":"2024-10-15T16:46:18+00:00","article_modified_time":"2024-10-15T16:46:20+00:00","og_image":[{"width":960,"height":540,"url":"https:\/\/conexionnacional.mx\/wp-content\/uploads\/2024\/10\/f960x540-1026164_1100239_5050.jpg","type":"image\/jpeg"}],"author":"Conexi\u00f3n Nacional","twitter_card":"summary_large_image","twitter_misc":{"Escrito por":"Conexi\u00f3n Nacional","Tiempo de lectura":"3 minutos"},"schema":{"@context":"https:\/\/schema.org","@graph":[{"@type":"Article","@id":"https:\/\/conexionnacional.mx\/index.php\/2024\/10\/15\/cuando-reabre-la-linea-1-del-metro-de-la-cdmx-clara-brugada-revela-nuevos-detalles\/#article","isPartOf":{"@id":"https:\/\/conexionnacional.mx\/index.php\/2024\/10\/15\/cuando-reabre-la-linea-1-del-metro-de-la-cdmx-clara-brugada-revela-nuevos-detalles\/"},"author":{"name":"Conexi\u00f3n Nacional","@id":"https:\/\/conexionnacional.mx\/#\/schema\/person\/dd14aeda902120f5e0e021903fdb6931"},"headline":"\u00bfCu\u00e1ndo reabre la L\u00ednea 1 del Metro de la CDMX? Clara Brugada revela nuevos detalles","datePublished":"2024-10-15T16:46:18+00:00","dateModified":"2024-10-15T16:46:20+00:00","mainEntityOfPage":{"@id":"https:\/\/conexionnacional.mx\/index.php\/2024\/10\/15\/cuando-reabre-la-linea-1-del-metro-de-la-cdmx-clara-brugada-revela-nuevos-detalles\/"},"wordCount":642,"publisher":{"@id":"https:\/\/conexionnacional.mx\/#organization"},"image":{"@id":"https:\/\/conexionnacional.mx\/index.php\/2024\/10\/15\/cuando-reabre-la-linea-1-del-metro-de-la-cdmx-clara-brugada-revela-nuevos-detalles\/#primaryimage"},"thumbnailUrl":"https:\/\/conexionnacional.mx\/wp-content\/uploads\/2024\/10\/f960x540-1026164_1100239_5050.jpg","keywords":["Metro de la CDMX"],"articleSection":["Nacional"],"inLanguage":"es"},{"@type":"WebPage","@id":"https:\/\/conexionnacional.mx\/index.php\/2024\/10\/15\/cuando-reabre-la-linea-1-del-metro-de-la-cdmx-clara-brugada-revela-nuevos-detalles\/","url":"https:\/\/conexionnacional.mx\/index.php\/2024\/10\/15\/cuando-reabre-la-linea-1-del-metro-de-la-cdmx-clara-brugada-revela-nuevos-detalles\/","name":"\u00bfCu\u00e1ndo reabre la L\u00ednea 1 del Metro de la CDMX? Clara Brugada revela nuevos detalles |","isPartOf":{"@id":"https:\/\/conexionnacional.mx\/#website"},"primaryImageOfPage":{"@id":"https:\/\/conexionnacional.mx\/index.php\/2024\/10\/15\/cuando-reabre-la-linea-1-del-metro-de-la-cdmx-clara-brugada-revela-nuevos-detalles\/#primaryimage"},"image":{"@id":"https:\/\/conexionnacional.mx\/index.php\/2024\/10\/15\/cuando-reabre-la-linea-1-del-metro-de-la-cdmx-clara-brugada-revela-nuevos-detalles\/#primaryimage"},"thumbnailUrl":"https:\/\/conexionnacional.mx\/wp-content\/uploads\/2024\/10\/f960x540-1026164_1100239_5050.jpg","datePublished":"2024-10-15T16:46:18+00:00","dateModified":"2024-10-15T16:46:20+00:00","breadcrumb":{"@id":"https:\/\/conexionnacional.mx\/index.php\/2024\/10\/15\/cuando-reabre-la-linea-1-del-metro-de-la-cdmx-clara-brugada-revela-nuevos-detalles\/#breadcrumb"},"inLanguage":"es","potentialAction":[{"@type":"ReadAction","target":["https:\/\/conexionnacional.mx\/index.php\/2024\/10\/15\/cuando-reabre-la-linea-1-del-metro-de-la-cdmx-clara-brugada-revela-nuevos-detalles\/"]}]},{"@type":"ImageObject","inLanguage":"es","@id":"https:\/\/conexionnacional.mx\/index.php\/2024\/10\/15\/cuando-reabre-la-linea-1-del-metro-de-la-cdmx-clara-brugada-revela-nuevos-detalles\/#primaryimage","url":"https:\/\/conexionnacional.mx\/wp-content\/uploads\/2024\/10\/f960x540-1026164_1100239_5050.jpg","contentUrl":"https:\/\/conexionnacional.mx\/wp-content\/uploads\/2024\/10\/f960x540-1026164_1100239_5050.jpg","width":960,"height":540},{"@type":"BreadcrumbList","@id":"https:\/\/conexionnacional.mx\/index.php\/2024\/10\/15\/cuando-reabre-la-linea-1-del-metro-de-la-cdmx-clara-brugada-revela-nuevos-detalles\/#breadcrumb","itemListElement":[{"@type":"ListItem","position":1,"name":"Inicio","item":"https:\/\/conexionnacional.mx\/"},{"@type":"ListItem","position":2,"name":"\u00bfCu\u00e1ndo reabre la L\u00ednea 1 del Metro de la CDMX? Clara Brugada revela nuevos detalles"}]},{"@type":"WebSite","@id":"https:\/\/conexionnacional.mx\/#website","url":"https:\/\/conexionnacional.mx\/","name":"Conexi\u00f3n Nacional","description":"Noticias al momento","publisher":{"@id":"https:\/\/conexionnacional.mx\/#organization"},"alternateName":"Noticias nacionales","potentialAction":[{"@type":"SearchAction","target":{"@type":"EntryPoint","urlTemplate":"https:\/\/conexionnacional.mx\/?s={search_term_string}"},"query-input":{"@type":"PropertyValueSpecification","valueRequired":true,"valueName":"search_term_string"}}],"inLanguage":"es"},{"@type":"Organization","@id":"https:\/\/conexionnacional.mx\/#organization","name":"Conexi\u00f3n Nacional","url":"https:\/\/conexionnacional.mx\/","logo":{"@type":"ImageObject","inLanguage":"es","@id":"https:\/\/conexionnacional.mx\/#\/schema\/logo\/image\/","url":"https:\/\/conexionnacional.mx\/wp-content\/uploads\/2022\/09\/conexion_nacional.png","contentUrl":"https:\/\/conexionnacional.mx\/wp-content\/uploads\/2022\/09\/conexion_nacional.png","width":2964,"height":1173,"caption":"Conexi\u00f3n Nacional"},"image":{"@id":"https:\/\/conexionnacional.mx\/#\/schema\/logo\/image\/"},"sameAs":["https:\/\/www.facebook.com\/cnmxradio"]},{"@type":"Person","@id":"https:\/\/conexionnacional.mx\/#\/schema\/person\/dd14aeda902120f5e0e021903fdb6931","name":"Conexi\u00f3n Nacional","image":{"@type":"ImageObject","inLanguage":"es","@id":"https:\/\/secure.gravatar.com\/avatar\/e523100f284110b2ecca7e17b2be9cf140a5e8f35294c9ec0543e6916cc1f9be?s=96&d=blank&r=g","url":"https:\/\/secure.gravatar.com\/avatar\/e523100f284110b2ecca7e17b2be9cf140a5e8f35294c9ec0543e6916cc1f9be?s=96&d=blank&r=g","contentUrl":"https:\/\/secure.gravatar.com\/avatar\/e523100f284110b2ecca7e17b2be9cf140a5e8f35294c9ec0543e6916cc1f9be?s=96&d=blank&r=g","caption":"Conexi\u00f3n Nacional"},"sameAs":["https:\/\/conexionnacional.mx"],"url":"https:\/\/conexionnacional.mx\/index.php\/author\/administrador\/"}]}},"_links":{"self":[{"href":"https:\/\/conexionnacional.mx\/index.php\/wp-json\/wp\/v2\/posts\/22450","targetHints":{"allow":["GET"]}}],"collection":[{"href":"https:\/\/conexionnacional.mx\/index.php\/wp-json\/wp\/v2\/posts"}],"about":[{"href":"https:\/\/conexionnacional.mx\/index.php\/wp-json\/wp\/v2\/types\/post"}],"author":[{"embeddable":true,"href":"https:\/\/conexionnacional.mx\/index.php\/wp-json\/wp\/v2\/users\/1"}],"replies":[{"embeddable":true,"href":"https:\/\/conexionnacional.mx\/index.php\/wp-json\/wp\/v2\/comments?post=22450"}],"version-history":[{"count":1,"href":"https:\/\/conexionnacional.mx\/index.php\/wp-json\/wp\/v2\/posts\/22450\/revisions"}],"predecessor-version":[{"id":22452,"href":"https:\/\/conexionnacional.mx\/index.php\/wp-json\/wp\/v2\/posts\/22450\/revisions\/22452"}],"wp:featuredmedia":[{"embeddable":true,"href":"https:\/\/conexionnacional.mx\/index.php\/wp-json\/wp\/v2\/media\/22451"}],"wp:attachment":[{"href":"https:\/\/conexionnacional.mx\/index.php\/wp-json\/wp\/v2\/media?parent=22450"}],"wp:term":[{"taxonomy":"category","embeddable":true,"href":"https:\/\/conexionnacional.mx\/index.php\/wp-json\/wp\/v2\/categories?post=22450"},{"taxonomy":"post_tag","embeddable":true,"href":"https:\/\/conexionnacional.mx\/index.php\/wp-json\/wp\/v2\/tags?post=22450"}],"curies":[{"name":"wp","href":"https:\/\/api.w.org\/{rel}","templated":true}]}}