{"id":22447,"date":"2024-10-15T09:42:51","date_gmt":"2024-10-15T15:42:51","guid":{"rendered":"https:\/\/conexionnacional.mx\/?p=22447"},"modified":"2024-10-15T09:42:53","modified_gmt":"2024-10-15T15:42:53","slug":"a-rodar-en-el-paseo-nocturno-de-dia-de-muertos-en-cdmx-ruta-calles-cerradas-y-horario","status":"publish","type":"post","link":"https:\/\/conexionnacional.mx\/index.php\/2024\/10\/15\/a-rodar-en-el-paseo-nocturno-de-dia-de-muertos-en-cdmx-ruta-calles-cerradas-y-horario\/","title":{"rendered":"A rodar en el Paseo Nocturno de D\u00eda de Muertos en CDMX: Ruta, calles cerradas y horario"},"content":{"rendered":"\n<p>Preparen los disfraces de calaveritas porque CDMX ya est\u00e1 m\u00e1s que lista para el&nbsp;<strong>Paseo Nocturno de D\u00eda de Muertos 2024, que se llevar\u00e1 a cabo el s\u00e1bado 26 de octubre de 7 de la tarde y hasta las 11 de la noche<\/strong>.<\/p>\n\n\n\n<p>Como cada a\u00f1o, el gobierno de CDMX\u00a0convoca a los chilangos y las chilangas a rodar por uno de los circuitos m\u00e1s importantes de la ciudad,\u00a0<strong>ya sea en bici, patines, patinetas o lanzarse a pie con su crush, seres queridos o\u00a0<em>de a solapa<\/em>, \u00bfpor qu\u00e9 no? en un recorrido de casi 20 km por Paseo de la Reforma y hasta el Centro Hist\u00f3rico<\/strong>.<\/p>\n\n\n\n<figure class=\"wp-block-image\"><img decoding=\"async\" src=\"data:image\/gif;base64,R0lGODlhAQABAAAAACH5BAEKAAEALAAAAAABAAEAAAICTAEAOw==\" data-src=\"https:\/\/www.sopitas.com\/wp-content\/uploads\/2024\/10\/paseo-nocturno-cdmx.jpg?resize=1024,531\" alt=\"A rodar en el Paseo Nocturno de D\u00eda de Muertos en CDMX: Ruta, calles cerradas y horario\" class=\"wp-image-1757863 lazyload\"\/><figcaption class=\"wp-element-caption\">Foto: Andrea Murcia-Cuartoscuro.<\/figcaption><\/figure>\n\n\n\n<h2 class=\"wp-block-heading\" id=\"h-a-rodar-en-el-paseo-nocturno-de-dia-de-muertos-en-cdmx\">A rodar en el Paseo Nocturno de D\u00eda de Muertos en CDMX<\/h2>\n\n\n\n<h3 class=\"wp-block-heading\" id=\"h-horario-del-paseo-nocturno-de-dia-de-muertos\">Horario del Paseo Nocturno de D\u00eda de Muertos<\/h3>\n\n\n\n<p>Ya se los contamos pero va de nuevo:&nbsp;<strong>la cita es el s\u00e1bado 26 de octubre a partir de las 7 de la tarde y hasta las 11 de la noche<\/strong>.<\/p>\n\n\n\n<figure class=\"wp-block-image\"><img decoding=\"async\" src=\"data:image\/gif;base64,R0lGODlhAQABAAAAACH5BAEKAAEALAAAAAABAAEAAAICTAEAOw==\" data-src=\"https:\/\/www.sopitas.com\/wp-content\/uploads\/2024\/10\/paseo-nocturno-bici-dia-muertos-2024.jpg?resize=683,1024\" alt=\"A rodar en el Paseo Nocturno de D\u00eda de Muertos en CDMX: Ruta, calles cerradas y horario\" class=\"wp-image-1757864 lazyload\"\/><figcaption class=\"wp-element-caption\">Foto: @MIBiciCDMX<\/figcaption><\/figure>\n\n\n\n<p><strong>El Paseo Nocturno de D\u00eda de Muertos en CDMX se llevar\u00e1 a cabo d\u00edas antes de la mera celebraci\u00f3n<\/strong>\u00a0en la que est\u00e1 contemplada la\u00a0Mega Ofrenda de la UNAM 2024 en honor al cine de oro mexicano, entre otras actividades.<\/p>\n\n\n\n<h3 class=\"wp-block-heading\" id=\"h-ruta-del-paseo-nocturno-de-dia-de-muertos\">Ruta del Paseo Nocturno de D\u00eda de Muertos<\/h3>\n\n\n\n<p>El Paseo Nocturno de D\u00eda de Muertos en realidad es un<strong>&nbsp;circuito que va de Paseo de la Reforma hasta el Centro Hist\u00f3rico de CDMX<\/strong>.<\/p>\n\n\n\n<p>En este caso, a\u00fan queda pendiente que el gobierno de CDMX comparta el mapa de este circuito, pero mientras les podemos compartir que los puntos que toca esta rodada van desde el Bosque de Chapultepec, avenida Ju\u00e1rez y el Centro Hist\u00f3rico.<\/p>\n\n\n\n<figure class=\"wp-block-image\"><img decoding=\"async\" src=\"data:image\/gif;base64,R0lGODlhAQABAAAAACH5BAEKAAEALAAAAAABAAEAAAICTAEAOw==\" data-src=\"https:\/\/www.sopitas.com\/wp-content\/uploads\/2024\/10\/paseo-nocturno-cdmx.jpg?resize=1024,531\" alt=\"A rodar en el Paseo Nocturno de D\u00eda de Muertos en CDMX: Ruta, calles cerradas y horario\" class=\"wp-image-1757863 lazyload\"\/><figcaption class=\"wp-element-caption\">Foto: Andrea Murcia-Cuartoscuro.<\/figcaption><\/figure>\n\n\n\n<p>Y, por lo tanto,<strong>&nbsp;poco antes de las 7 de la tarde comenzar\u00e1n los cierres de Paseo de la Reforma \u2014usualmente es a partir de la Fuente de Petr\u00f3leos\u2014, avenida Ju\u00e1rez, un cachito de Eje Central y 5 de Mayo<\/strong>.<\/p>\n\n\n\n<p><strong>Tambi\u00e9n les dejamos pendientes el cierre de las estaciones de las L\u00edneas 7 y 1 del Metrob\u00fas<\/strong>. En cuanto al Metro, por lo general en estos eventos la estaci\u00f3n Z\u00f3calo-Tenochtitl\u00e1n se mantiene cerrada hasta nuevo aviso.<\/p>\n","protected":false},"excerpt":{"rendered":"<p>Preparen los disfraces de calaveritas porque CDMX ya est\u00e1 m\u00e1s que lista para el&nbsp;Paseo Nocturno de D\u00eda de Muertos 2024, que se llevar\u00e1 a cabo el s\u00e1bado 26 de octubre de 7 de la tarde y hasta las 11 de la noche. Como cada a\u00f1o, el gobierno de CDMX\u00a0convoca a los chilangos y las chilangas [&hellip;]<\/p>\n","protected":false},"author":1,"featured_media":22448,"comment_status":"closed","ping_status":"closed","sticky":false,"template":"","format":"aside","meta":{"googlesitekit_rrm_CAowytPeCw:productID":"","footnotes":""},"categories":[3],"tags":[1045],"class_list":["post-22447","post","type-post","status-publish","format-aside","has-post-thumbnail","hentry","category-nacional","tag-dia-de-muertos-2","post_format-post-format-aside"],"yoast_head":"<!-- This site is optimized with the Yoast SEO plugin v27.4 - https:\/\/yoast.com\/product\/yoast-seo-wordpress\/ -->\n<title>A rodar en el Paseo Nocturno de D\u00eda de Muertos en CDMX: Ruta, calles cerradas y horario |<\/title>\n<meta name=\"robots\" content=\"index, follow, max-snippet:-1, max-image-preview:large, max-video-preview:-1\" \/>\n<link rel=\"canonical\" href=\"https:\/\/conexionnacional.mx\/index.php\/2024\/10\/15\/a-rodar-en-el-paseo-nocturno-de-dia-de-muertos-en-cdmx-ruta-calles-cerradas-y-horario\/\" \/>\n<meta property=\"og:locale\" content=\"es_MX\" \/>\n<meta property=\"og:type\" content=\"article\" \/>\n<meta property=\"og:title\" content=\"A rodar en el Paseo Nocturno de D\u00eda de Muertos en CDMX: Ruta, calles cerradas y horario |\" \/>\n<meta property=\"og:description\" content=\"Preparen los disfraces de calaveritas porque CDMX ya est\u00e1 m\u00e1s que lista para el&nbsp;Paseo Nocturno de D\u00eda de Muertos 2024, que se llevar\u00e1 a cabo el s\u00e1bado 26 de octubre de 7 de la tarde y hasta las 11 de la noche. Como cada a\u00f1o, el gobierno de CDMX\u00a0convoca a los chilangos y las chilangas [&hellip;]\" \/>\n<meta property=\"og:url\" content=\"https:\/\/conexionnacional.mx\/index.php\/2024\/10\/15\/a-rodar-en-el-paseo-nocturno-de-dia-de-muertos-en-cdmx-ruta-calles-cerradas-y-horario\/\" \/>\n<meta property=\"og:site_name\" content=\"Conexi\u00f3n Nacional\" \/>\n<meta property=\"article:publisher\" content=\"https:\/\/www.facebook.com\/cnmxradio\" \/>\n<meta property=\"article:published_time\" content=\"2024-10-15T15:42:51+00:00\" \/>\n<meta property=\"article:modified_time\" content=\"2024-10-15T15:42:53+00:00\" \/>\n<meta property=\"og:image\" content=\"https:\/\/conexionnacional.mx\/wp-content\/uploads\/2024\/10\/paseo-nocturno-dia-muertos-2024-cdmx-rodada.webp\" \/>\n\t<meta property=\"og:image:width\" content=\"1120\" \/>\n\t<meta property=\"og:image:height\" content=\"581\" \/>\n\t<meta property=\"og:image:type\" content=\"image\/webp\" \/>\n<meta name=\"author\" content=\"Conexi\u00f3n Nacional\" \/>\n<meta name=\"twitter:card\" content=\"summary_large_image\" \/>\n<meta name=\"twitter:label1\" content=\"Escrito por\" \/>\n\t<meta name=\"twitter:data1\" content=\"Conexi\u00f3n Nacional\" \/>\n\t<meta name=\"twitter:label2\" content=\"Tiempo de lectura\" \/>\n\t<meta name=\"twitter:data2\" content=\"3 minutos\" \/>\n<script type=\"application\/ld+json\" class=\"yoast-schema-graph\">{\"@context\":\"https:\\\/\\\/schema.org\",\"@graph\":[{\"@type\":\"Article\",\"@id\":\"https:\\\/\\\/conexionnacional.mx\\\/index.php\\\/2024\\\/10\\\/15\\\/a-rodar-en-el-paseo-nocturno-de-dia-de-muertos-en-cdmx-ruta-calles-cerradas-y-horario\\\/#article\",\"isPartOf\":{\"@id\":\"https:\\\/\\\/conexionnacional.mx\\\/index.php\\\/2024\\\/10\\\/15\\\/a-rodar-en-el-paseo-nocturno-de-dia-de-muertos-en-cdmx-ruta-calles-cerradas-y-horario\\\/\"},\"author\":{\"name\":\"Conexi\u00f3n Nacional\",\"@id\":\"https:\\\/\\\/conexionnacional.mx\\\/#\\\/schema\\\/person\\\/dd14aeda902120f5e0e021903fdb6931\"},\"headline\":\"A rodar en el Paseo Nocturno de D\u00eda de Muertos en CDMX: Ruta, calles cerradas y horario\",\"datePublished\":\"2024-10-15T15:42:51+00:00\",\"dateModified\":\"2024-10-15T15:42:53+00:00\",\"mainEntityOfPage\":{\"@id\":\"https:\\\/\\\/conexionnacional.mx\\\/index.php\\\/2024\\\/10\\\/15\\\/a-rodar-en-el-paseo-nocturno-de-dia-de-muertos-en-cdmx-ruta-calles-cerradas-y-horario\\\/\"},\"wordCount\":394,\"publisher\":{\"@id\":\"https:\\\/\\\/conexionnacional.mx\\\/#organization\"},\"image\":{\"@id\":\"https:\\\/\\\/conexionnacional.mx\\\/index.php\\\/2024\\\/10\\\/15\\\/a-rodar-en-el-paseo-nocturno-de-dia-de-muertos-en-cdmx-ruta-calles-cerradas-y-horario\\\/#primaryimage\"},\"thumbnailUrl\":\"https:\\\/\\\/conexionnacional.mx\\\/wp-content\\\/uploads\\\/2024\\\/10\\\/paseo-nocturno-dia-muertos-2024-cdmx-rodada.webp\",\"keywords\":[\"D\u00eda De Muertos\"],\"articleSection\":[\"Nacional\"],\"inLanguage\":\"es\"},{\"@type\":\"WebPage\",\"@id\":\"https:\\\/\\\/conexionnacional.mx\\\/index.php\\\/2024\\\/10\\\/15\\\/a-rodar-en-el-paseo-nocturno-de-dia-de-muertos-en-cdmx-ruta-calles-cerradas-y-horario\\\/\",\"url\":\"https:\\\/\\\/conexionnacional.mx\\\/index.php\\\/2024\\\/10\\\/15\\\/a-rodar-en-el-paseo-nocturno-de-dia-de-muertos-en-cdmx-ruta-calles-cerradas-y-horario\\\/\",\"name\":\"A rodar en el Paseo Nocturno de D\u00eda de Muertos en CDMX: Ruta, calles cerradas y horario |\",\"isPartOf\":{\"@id\":\"https:\\\/\\\/conexionnacional.mx\\\/#website\"},\"primaryImageOfPage\":{\"@id\":\"https:\\\/\\\/conexionnacional.mx\\\/index.php\\\/2024\\\/10\\\/15\\\/a-rodar-en-el-paseo-nocturno-de-dia-de-muertos-en-cdmx-ruta-calles-cerradas-y-horario\\\/#primaryimage\"},\"image\":{\"@id\":\"https:\\\/\\\/conexionnacional.mx\\\/index.php\\\/2024\\\/10\\\/15\\\/a-rodar-en-el-paseo-nocturno-de-dia-de-muertos-en-cdmx-ruta-calles-cerradas-y-horario\\\/#primaryimage\"},\"thumbnailUrl\":\"https:\\\/\\\/conexionnacional.mx\\\/wp-content\\\/uploads\\\/2024\\\/10\\\/paseo-nocturno-dia-muertos-2024-cdmx-rodada.webp\",\"datePublished\":\"2024-10-15T15:42:51+00:00\",\"dateModified\":\"2024-10-15T15:42:53+00:00\",\"breadcrumb\":{\"@id\":\"https:\\\/\\\/conexionnacional.mx\\\/index.php\\\/2024\\\/10\\\/15\\\/a-rodar-en-el-paseo-nocturno-de-dia-de-muertos-en-cdmx-ruta-calles-cerradas-y-horario\\\/#breadcrumb\"},\"inLanguage\":\"es\",\"potentialAction\":[{\"@type\":\"ReadAction\",\"target\":[\"https:\\\/\\\/conexionnacional.mx\\\/index.php\\\/2024\\\/10\\\/15\\\/a-rodar-en-el-paseo-nocturno-de-dia-de-muertos-en-cdmx-ruta-calles-cerradas-y-horario\\\/\"]}]},{\"@type\":\"ImageObject\",\"inLanguage\":\"es\",\"@id\":\"https:\\\/\\\/conexionnacional.mx\\\/index.php\\\/2024\\\/10\\\/15\\\/a-rodar-en-el-paseo-nocturno-de-dia-de-muertos-en-cdmx-ruta-calles-cerradas-y-horario\\\/#primaryimage\",\"url\":\"https:\\\/\\\/conexionnacional.mx\\\/wp-content\\\/uploads\\\/2024\\\/10\\\/paseo-nocturno-dia-muertos-2024-cdmx-rodada.webp\",\"contentUrl\":\"https:\\\/\\\/conexionnacional.mx\\\/wp-content\\\/uploads\\\/2024\\\/10\\\/paseo-nocturno-dia-muertos-2024-cdmx-rodada.webp\",\"width\":1120,\"height\":581},{\"@type\":\"BreadcrumbList\",\"@id\":\"https:\\\/\\\/conexionnacional.mx\\\/index.php\\\/2024\\\/10\\\/15\\\/a-rodar-en-el-paseo-nocturno-de-dia-de-muertos-en-cdmx-ruta-calles-cerradas-y-horario\\\/#breadcrumb\",\"itemListElement\":[{\"@type\":\"ListItem\",\"position\":1,\"name\":\"Inicio\",\"item\":\"https:\\\/\\\/conexionnacional.mx\\\/\"},{\"@type\":\"ListItem\",\"position\":2,\"name\":\"A rodar en el Paseo Nocturno de D\u00eda de Muertos en CDMX: Ruta, calles cerradas y horario\"}]},{\"@type\":\"WebSite\",\"@id\":\"https:\\\/\\\/conexionnacional.mx\\\/#website\",\"url\":\"https:\\\/\\\/conexionnacional.mx\\\/\",\"name\":\"Conexi\u00f3n Nacional\",\"description\":\"Noticias al momento\",\"publisher\":{\"@id\":\"https:\\\/\\\/conexionnacional.mx\\\/#organization\"},\"alternateName\":\"Noticias nacionales\",\"potentialAction\":[{\"@type\":\"SearchAction\",\"target\":{\"@type\":\"EntryPoint\",\"urlTemplate\":\"https:\\\/\\\/conexionnacional.mx\\\/?s={search_term_string}\"},\"query-input\":{\"@type\":\"PropertyValueSpecification\",\"valueRequired\":true,\"valueName\":\"search_term_string\"}}],\"inLanguage\":\"es\"},{\"@type\":\"Organization\",\"@id\":\"https:\\\/\\\/conexionnacional.mx\\\/#organization\",\"name\":\"Conexi\u00f3n Nacional\",\"url\":\"https:\\\/\\\/conexionnacional.mx\\\/\",\"logo\":{\"@type\":\"ImageObject\",\"inLanguage\":\"es\",\"@id\":\"https:\\\/\\\/conexionnacional.mx\\\/#\\\/schema\\\/logo\\\/image\\\/\",\"url\":\"https:\\\/\\\/conexionnacional.mx\\\/wp-content\\\/uploads\\\/2022\\\/09\\\/conexion_nacional.png\",\"contentUrl\":\"https:\\\/\\\/conexionnacional.mx\\\/wp-content\\\/uploads\\\/2022\\\/09\\\/conexion_nacional.png\",\"width\":2964,\"height\":1173,\"caption\":\"Conexi\u00f3n Nacional\"},\"image\":{\"@id\":\"https:\\\/\\\/conexionnacional.mx\\\/#\\\/schema\\\/logo\\\/image\\\/\"},\"sameAs\":[\"https:\\\/\\\/www.facebook.com\\\/cnmxradio\"]},{\"@type\":\"Person\",\"@id\":\"https:\\\/\\\/conexionnacional.mx\\\/#\\\/schema\\\/person\\\/dd14aeda902120f5e0e021903fdb6931\",\"name\":\"Conexi\u00f3n Nacional\",\"image\":{\"@type\":\"ImageObject\",\"inLanguage\":\"es\",\"@id\":\"https:\\\/\\\/secure.gravatar.com\\\/avatar\\\/e523100f284110b2ecca7e17b2be9cf140a5e8f35294c9ec0543e6916cc1f9be?s=96&d=blank&r=g\",\"url\":\"https:\\\/\\\/secure.gravatar.com\\\/avatar\\\/e523100f284110b2ecca7e17b2be9cf140a5e8f35294c9ec0543e6916cc1f9be?s=96&d=blank&r=g\",\"contentUrl\":\"https:\\\/\\\/secure.gravatar.com\\\/avatar\\\/e523100f284110b2ecca7e17b2be9cf140a5e8f35294c9ec0543e6916cc1f9be?s=96&d=blank&r=g\",\"caption\":\"Conexi\u00f3n Nacional\"},\"sameAs\":[\"https:\\\/\\\/conexionnacional.mx\"],\"url\":\"https:\\\/\\\/conexionnacional.mx\\\/index.php\\\/author\\\/administrador\\\/\"}]}<\/script>\n<!-- \/ Yoast SEO plugin. -->","yoast_head_json":{"title":"A rodar en el Paseo Nocturno de D\u00eda de Muertos en CDMX: Ruta, calles cerradas y horario |","robots":{"index":"index","follow":"follow","max-snippet":"max-snippet:-1","max-image-preview":"max-image-preview:large","max-video-preview":"max-video-preview:-1"},"canonical":"https:\/\/conexionnacional.mx\/index.php\/2024\/10\/15\/a-rodar-en-el-paseo-nocturno-de-dia-de-muertos-en-cdmx-ruta-calles-cerradas-y-horario\/","og_locale":"es_MX","og_type":"article","og_title":"A rodar en el Paseo Nocturno de D\u00eda de Muertos en CDMX: Ruta, calles cerradas y horario |","og_description":"Preparen los disfraces de calaveritas porque CDMX ya est\u00e1 m\u00e1s que lista para el&nbsp;Paseo Nocturno de D\u00eda de Muertos 2024, que se llevar\u00e1 a cabo el s\u00e1bado 26 de octubre de 7 de la tarde y hasta las 11 de la noche. Como cada a\u00f1o, el gobierno de CDMX\u00a0convoca a los chilangos y las chilangas [&hellip;]","og_url":"https:\/\/conexionnacional.mx\/index.php\/2024\/10\/15\/a-rodar-en-el-paseo-nocturno-de-dia-de-muertos-en-cdmx-ruta-calles-cerradas-y-horario\/","og_site_name":"Conexi\u00f3n Nacional","article_publisher":"https:\/\/www.facebook.com\/cnmxradio","article_published_time":"2024-10-15T15:42:51+00:00","article_modified_time":"2024-10-15T15:42:53+00:00","og_image":[{"width":1120,"height":581,"url":"https:\/\/conexionnacional.mx\/wp-content\/uploads\/2024\/10\/paseo-nocturno-dia-muertos-2024-cdmx-rodada.webp","type":"image\/webp"}],"author":"Conexi\u00f3n Nacional","twitter_card":"summary_large_image","twitter_misc":{"Escrito por":"Conexi\u00f3n Nacional","Tiempo de lectura":"3 minutos"},"schema":{"@context":"https:\/\/schema.org","@graph":[{"@type":"Article","@id":"https:\/\/conexionnacional.mx\/index.php\/2024\/10\/15\/a-rodar-en-el-paseo-nocturno-de-dia-de-muertos-en-cdmx-ruta-calles-cerradas-y-horario\/#article","isPartOf":{"@id":"https:\/\/conexionnacional.mx\/index.php\/2024\/10\/15\/a-rodar-en-el-paseo-nocturno-de-dia-de-muertos-en-cdmx-ruta-calles-cerradas-y-horario\/"},"author":{"name":"Conexi\u00f3n Nacional","@id":"https:\/\/conexionnacional.mx\/#\/schema\/person\/dd14aeda902120f5e0e021903fdb6931"},"headline":"A rodar en el Paseo Nocturno de D\u00eda de Muertos en CDMX: Ruta, calles cerradas y horario","datePublished":"2024-10-15T15:42:51+00:00","dateModified":"2024-10-15T15:42:53+00:00","mainEntityOfPage":{"@id":"https:\/\/conexionnacional.mx\/index.php\/2024\/10\/15\/a-rodar-en-el-paseo-nocturno-de-dia-de-muertos-en-cdmx-ruta-calles-cerradas-y-horario\/"},"wordCount":394,"publisher":{"@id":"https:\/\/conexionnacional.mx\/#organization"},"image":{"@id":"https:\/\/conexionnacional.mx\/index.php\/2024\/10\/15\/a-rodar-en-el-paseo-nocturno-de-dia-de-muertos-en-cdmx-ruta-calles-cerradas-y-horario\/#primaryimage"},"thumbnailUrl":"https:\/\/conexionnacional.mx\/wp-content\/uploads\/2024\/10\/paseo-nocturno-dia-muertos-2024-cdmx-rodada.webp","keywords":["D\u00eda De Muertos"],"articleSection":["Nacional"],"inLanguage":"es"},{"@type":"WebPage","@id":"https:\/\/conexionnacional.mx\/index.php\/2024\/10\/15\/a-rodar-en-el-paseo-nocturno-de-dia-de-muertos-en-cdmx-ruta-calles-cerradas-y-horario\/","url":"https:\/\/conexionnacional.mx\/index.php\/2024\/10\/15\/a-rodar-en-el-paseo-nocturno-de-dia-de-muertos-en-cdmx-ruta-calles-cerradas-y-horario\/","name":"A rodar en el Paseo Nocturno de D\u00eda de Muertos en CDMX: Ruta, calles cerradas y horario |","isPartOf":{"@id":"https:\/\/conexionnacional.mx\/#website"},"primaryImageOfPage":{"@id":"https:\/\/conexionnacional.mx\/index.php\/2024\/10\/15\/a-rodar-en-el-paseo-nocturno-de-dia-de-muertos-en-cdmx-ruta-calles-cerradas-y-horario\/#primaryimage"},"image":{"@id":"https:\/\/conexionnacional.mx\/index.php\/2024\/10\/15\/a-rodar-en-el-paseo-nocturno-de-dia-de-muertos-en-cdmx-ruta-calles-cerradas-y-horario\/#primaryimage"},"thumbnailUrl":"https:\/\/conexionnacional.mx\/wp-content\/uploads\/2024\/10\/paseo-nocturno-dia-muertos-2024-cdmx-rodada.webp","datePublished":"2024-10-15T15:42:51+00:00","dateModified":"2024-10-15T15:42:53+00:00","breadcrumb":{"@id":"https:\/\/conexionnacional.mx\/index.php\/2024\/10\/15\/a-rodar-en-el-paseo-nocturno-de-dia-de-muertos-en-cdmx-ruta-calles-cerradas-y-horario\/#breadcrumb"},"inLanguage":"es","potentialAction":[{"@type":"ReadAction","target":["https:\/\/conexionnacional.mx\/index.php\/2024\/10\/15\/a-rodar-en-el-paseo-nocturno-de-dia-de-muertos-en-cdmx-ruta-calles-cerradas-y-horario\/"]}]},{"@type":"ImageObject","inLanguage":"es","@id":"https:\/\/conexionnacional.mx\/index.php\/2024\/10\/15\/a-rodar-en-el-paseo-nocturno-de-dia-de-muertos-en-cdmx-ruta-calles-cerradas-y-horario\/#primaryimage","url":"https:\/\/conexionnacional.mx\/wp-content\/uploads\/2024\/10\/paseo-nocturno-dia-muertos-2024-cdmx-rodada.webp","contentUrl":"https:\/\/conexionnacional.mx\/wp-content\/uploads\/2024\/10\/paseo-nocturno-dia-muertos-2024-cdmx-rodada.webp","width":1120,"height":581},{"@type":"BreadcrumbList","@id":"https:\/\/conexionnacional.mx\/index.php\/2024\/10\/15\/a-rodar-en-el-paseo-nocturno-de-dia-de-muertos-en-cdmx-ruta-calles-cerradas-y-horario\/#breadcrumb","itemListElement":[{"@type":"ListItem","position":1,"name":"Inicio","item":"https:\/\/conexionnacional.mx\/"},{"@type":"ListItem","position":2,"name":"A rodar en el Paseo Nocturno de D\u00eda de Muertos en CDMX: Ruta, calles cerradas y horario"}]},{"@type":"WebSite","@id":"https:\/\/conexionnacional.mx\/#website","url":"https:\/\/conexionnacional.mx\/","name":"Conexi\u00f3n Nacional","description":"Noticias al momento","publisher":{"@id":"https:\/\/conexionnacional.mx\/#organization"},"alternateName":"Noticias nacionales","potentialAction":[{"@type":"SearchAction","target":{"@type":"EntryPoint","urlTemplate":"https:\/\/conexionnacional.mx\/?s={search_term_string}"},"query-input":{"@type":"PropertyValueSpecification","valueRequired":true,"valueName":"search_term_string"}}],"inLanguage":"es"},{"@type":"Organization","@id":"https:\/\/conexionnacional.mx\/#organization","name":"Conexi\u00f3n Nacional","url":"https:\/\/conexionnacional.mx\/","logo":{"@type":"ImageObject","inLanguage":"es","@id":"https:\/\/conexionnacional.mx\/#\/schema\/logo\/image\/","url":"https:\/\/conexionnacional.mx\/wp-content\/uploads\/2022\/09\/conexion_nacional.png","contentUrl":"https:\/\/conexionnacional.mx\/wp-content\/uploads\/2022\/09\/conexion_nacional.png","width":2964,"height":1173,"caption":"Conexi\u00f3n Nacional"},"image":{"@id":"https:\/\/conexionnacional.mx\/#\/schema\/logo\/image\/"},"sameAs":["https:\/\/www.facebook.com\/cnmxradio"]},{"@type":"Person","@id":"https:\/\/conexionnacional.mx\/#\/schema\/person\/dd14aeda902120f5e0e021903fdb6931","name":"Conexi\u00f3n Nacional","image":{"@type":"ImageObject","inLanguage":"es","@id":"https:\/\/secure.gravatar.com\/avatar\/e523100f284110b2ecca7e17b2be9cf140a5e8f35294c9ec0543e6916cc1f9be?s=96&d=blank&r=g","url":"https:\/\/secure.gravatar.com\/avatar\/e523100f284110b2ecca7e17b2be9cf140a5e8f35294c9ec0543e6916cc1f9be?s=96&d=blank&r=g","contentUrl":"https:\/\/secure.gravatar.com\/avatar\/e523100f284110b2ecca7e17b2be9cf140a5e8f35294c9ec0543e6916cc1f9be?s=96&d=blank&r=g","caption":"Conexi\u00f3n Nacional"},"sameAs":["https:\/\/conexionnacional.mx"],"url":"https:\/\/conexionnacional.mx\/index.php\/author\/administrador\/"}]}},"_links":{"self":[{"href":"https:\/\/conexionnacional.mx\/index.php\/wp-json\/wp\/v2\/posts\/22447","targetHints":{"allow":["GET"]}}],"collection":[{"href":"https:\/\/conexionnacional.mx\/index.php\/wp-json\/wp\/v2\/posts"}],"about":[{"href":"https:\/\/conexionnacional.mx\/index.php\/wp-json\/wp\/v2\/types\/post"}],"author":[{"embeddable":true,"href":"https:\/\/conexionnacional.mx\/index.php\/wp-json\/wp\/v2\/users\/1"}],"replies":[{"embeddable":true,"href":"https:\/\/conexionnacional.mx\/index.php\/wp-json\/wp\/v2\/comments?post=22447"}],"version-history":[{"count":1,"href":"https:\/\/conexionnacional.mx\/index.php\/wp-json\/wp\/v2\/posts\/22447\/revisions"}],"predecessor-version":[{"id":22449,"href":"https:\/\/conexionnacional.mx\/index.php\/wp-json\/wp\/v2\/posts\/22447\/revisions\/22449"}],"wp:featuredmedia":[{"embeddable":true,"href":"https:\/\/conexionnacional.mx\/index.php\/wp-json\/wp\/v2\/media\/22448"}],"wp:attachment":[{"href":"https:\/\/conexionnacional.mx\/index.php\/wp-json\/wp\/v2\/media?parent=22447"}],"wp:term":[{"taxonomy":"category","embeddable":true,"href":"https:\/\/conexionnacional.mx\/index.php\/wp-json\/wp\/v2\/categories?post=22447"},{"taxonomy":"post_tag","embeddable":true,"href":"https:\/\/conexionnacional.mx\/index.php\/wp-json\/wp\/v2\/tags?post=22447"}],"curies":[{"name":"wp","href":"https:\/\/api.w.org\/{rel}","templated":true}]}}