{"id":22442,"date":"2024-10-14T17:10:35","date_gmt":"2024-10-14T23:10:35","guid":{"rendered":"https:\/\/conexionnacional.mx\/?p=22442"},"modified":"2024-10-14T17:10:37","modified_gmt":"2024-10-14T23:10:37","slug":"cierra-la-linea-3-del-metro-cdmx-choques-fallas-y-retrasos-en-los-ultimos-anos","status":"publish","type":"post","link":"https:\/\/conexionnacional.mx\/index.php\/2024\/10\/14\/cierra-la-linea-3-del-metro-cdmx-choques-fallas-y-retrasos-en-los-ultimos-anos\/","title":{"rendered":"\u00bfCierra la L\u00ednea 3 del Metro CDMX? Choques, fallas y retrasos en los \u00faltimos a\u00f1os"},"content":{"rendered":"\n<p>\u00bfSe enteraron? En redes sociales y en varios medios de comunicaci\u00f3n ya se habla de\u00a0<strong>un posible cierre de la L\u00ednea 3 del Metro de la CDMX<\/strong>, por lo que ac\u00e1 les queremos contar todo lo que sabemos al respecto y tambi\u00e9n\u00a0<strong>cu\u00e1les ser\u00edan las posibles razones por las que se suspender\u00eda el servicio en esta ruta del\u00a0<\/strong>Sistema de Transporte Colectivo capitalino.<\/p>\n\n\n\n<h2 class=\"wp-block-heading\" id=\"h-el-posible-cierre-de-la-linea-3-del-metro-cdmx\">El posible cierre de la L\u00ednea 3 del Metro CDMX<\/h2>\n\n\n\n<p>Como seguramente ya se habr\u00e1n dado cuenta, y si a\u00fan no estaban enterados aqu\u00ed les contamos,\u00a0tanto en redes como en medios\u00a0ha comenzado a hablarse de\u00a0<strong>un posible cierre de la L\u00ednea 3 del Metro de la CDMX<\/strong>, algo que afectar\u00eda a miles y miles de usuarios que diariamente utilizan esta ruta para llegar a sus trabajos o a sus escuelas, como los cientos de estudiantes que van a Ciudad Universitaria.<\/p>\n\n\n\n<figure class=\"wp-block-image\"><img decoding=\"async\" src=\"data:image\/gif;base64,R0lGODlhAQABAAAAACH5BAEKAAEALAAAAAABAAEAAAICTAEAOw==\" data-src=\"https:\/\/www.sopitas.com\/wp-content\/uploads\/2024\/10\/cierre-linea-3-metro-cdmx-retrasos-mantenimiento.jpg?resize=1024,531\" alt=\"Posible cierre de la L\u00ednea 3 del Metro CDMX ser\u00eda para trabajos de renovaci\u00f3n.\" class=\"wp-image-1757612 lazyload\"\/><figcaption class=\"wp-element-caption\">Foto ilustrativa: Cuartoscuro \/\/ Posible cierre de la L\u00ednea 3 del Metro CDMX ser\u00eda para trabajos de renovaci\u00f3n.<\/figcaption><\/figure>\n\n\n\n<p>Pero a todo esto, \u00bfde d\u00f3nde sali\u00f3 esta informaci\u00f3n? Pues f\u00edjense que todos estos rumores de un posible cierre de la L\u00ednea 3 del Metro&nbsp;<strong>vienen de una declaraci\u00f3n que dio la nueva jefa de gobierno de la CDMX, Clara Brugada.<\/strong><\/p>\n\n\n\n<p>S\u00ed, no les estamos mintiendo, fue justo en\u00a0la ceremonia de su toma de protesta\u00a0que la mandataria capitalina se\u00f1al\u00f3 que durante su administraci\u00f3n\u00a0<strong>se realizar\u00e1n trabajos de renovaci\u00f3n en la L\u00ednea 3<\/strong>, y de hecho mencion\u00f3 que tambi\u00e9n se har\u00e1n en la L\u00ednea A.<\/p>\n\n\n\n<p><strong>\u00bfQu\u00e9 dijo exactamente?:<\/strong>&nbsp;<em>\u201cSeguiremos invirtiendo en el coraz\u00f3n de la movilidad de la ciudad que es nuestro Metro.&nbsp;<strong>Vamos a ir transformando y renovando l\u00ednea por l\u00ednea<\/strong>. Finalizaremos la ampliaci\u00f3n de la L\u00ednea 12 del Metro,&nbsp;<strong>renovaremos la L\u00ednea 3 y la L\u00ednea A del Metro<\/strong>, y daremos mantenimiento permanente al resto de las l\u00edneas\u201d<\/em>.<\/p>\n\n\n\n<p><strong>\u00a1OJO!<\/strong>&nbsp;Hasta la ma\u00f1ana de este lunes que estamos haciendo esta nota,<strong>&nbsp;esta es la \u00fanica informaci\u00f3n oficial al respecto; no hay fecha de inicio de los trabajos<\/strong>. Eso s\u00ed, se habla que el cierre podr\u00eda darse despu\u00e9s de concluirse las obras en la L\u00ednea 1.<\/p>\n\n\n\n<h2 class=\"wp-block-heading\" id=\"h-las-razones-del-posible-cierre-de-la-linea-3-choques-fallas-y-retrasos\">Las razones del posible cierre de la L\u00ednea 3: Choques, fallas y retrasos<\/h2>\n\n\n\n<p>Seamos sinceros; no es del todo una sorpresa este posible cierre de la L\u00ednea 3 del Metro de la CDMX,<strong>\u00a0ya que es una de las rutas de este transporte p\u00fablico que m\u00e1s reportes de fallas y retrasos tiene<\/strong>. Y pues no hace mucho, en 2023, se dio incluso\u00a0un choque de trenes que lamentablemente dej\u00f3 una v\u00edctima y varias personas lesionadas.<\/p>\n\n\n\n<figure class=\"wp-block-image\"><img decoding=\"async\" src=\"data:image\/gif;base64,R0lGODlhAQABAAAAACH5BAEKAAEALAAAAAABAAEAAAICTAEAOw==\" data-src=\"https:\/\/www.sopitas.com\/wp-content\/uploads\/2023\/01\/choque-trenes-metro-cdmx-linea-3-b.jpg\" alt=\"Reportan choque de trenes en la L\u00ednea 3 del Metro de CDMX\" class=\"wp-image-1546632 lazyload\"\/><figcaption class=\"wp-element-caption\">Foto: @ThiagoS51800557 (Twitter)<\/figcaption><\/figure>\n\n\n\n<p>S\u00ed,&nbsp;<strong>el 7 de enero de 2023 se dio un choque de dos trenes&nbsp;<\/strong>en el t\u00fanel que conecta las estaciones Potrero y La Raza de la L\u00ednea 3 del Metro, dejando como saldo oficial&nbsp;<strong>una chica de 18 a\u00f1os de edad muerta y m\u00e1s de 100 personas heridas.<\/strong><\/p>\n\n\n\n<p><strong>Pero d\u00eda a d\u00eda, se reportan fallas y retrasos que afectan a los usuarios y usuarias que utilizan esta l\u00ednea para llegar a sus trabajos y escuelas<\/strong>. De hecho ya est\u00e1n tan acostumbrados a estos problemas, que las personas prefieren salir antes de sus casas para lidiar con ellos y no llegar tarde a sus destinos,&nbsp;<strong>aunque hay veces que es imposible evitarlos<\/strong>.<\/p>\n\n\n\n<figure class=\"wp-block-embed is-type-rich is-provider-twitter wp-block-embed-twitter\"><div class=\"wp-block-embed__wrapper\">\n<blockquote class=\"twitter-tweet\" data-width=\"550\" data-dnt=\"true\"><p lang=\"es\" dir=\"ltr\"><a href=\"https:\/\/twitter.com\/hashtag\/ULTIMAHORA?src=hash&amp;ref_src=twsrc%5Etfw\">#ULTIMAHORA<\/a> Usuarios del Sistema de Transporte Colectivo <a href=\"https:\/\/twitter.com\/hashtag\/Metro?src=hash&amp;ref_src=twsrc%5Etfw\">#Metro<\/a> llevan m\u00e1s de 30 minutos encerrados entre las estaciones Centro M\u00e9dico y Etiop\u00eda <a href=\"https:\/\/twitter.com\/hashtag\/linea3?src=hash&amp;ref_src=twsrc%5Etfw\">#linea3<\/a> La desesperaci\u00f3n, la histeria y el p\u00e1nico empiezan a cundir. Hay desmayados. <a href=\"https:\/\/twitter.com\/MetroCDMX?ref_src=twsrc%5Etfw\">@MetroCDMX<\/a> <a href=\"https:\/\/twitter.com\/GobCDMX?ref_src=twsrc%5Etfw\">@GobCDMX<\/a> <a href=\"https:\/\/t.co\/xaxiz2ttZ1\">pic.twitter.com\/xaxiz2ttZ1<\/a><\/p>&mdash; Pilar Cantero Beciez (@pilarcantero_) <a href=\"https:\/\/twitter.com\/pilarcantero_\/status\/1830014213965615605?ref_src=twsrc%5Etfw\">August 31, 2024<\/a><\/blockquote><script async src=\"https:\/\/platform.twitter.com\/widgets.js\" charset=\"utf-8\"><\/script>\n<\/div><figcaption class=\"wp-element-caption\">Por ejemplo,\u00a0<strong>el pasado 30 de agosto de este a\u00f1o, se dio un retraso que dur\u00f3 m\u00e1s de media hora<\/strong>. S\u00ed, por ah\u00ed de las 16:30 horas muchas personas reportaron en redes sociales que un tren que circulaba entre Etiop\u00eda y Centro M\u00e9dico se detuvo, sin luz ni ventilaci\u00f3n, lo que provoc\u00f3 que algunas de ellas sufrieran crisis nerviosas y hasta desmayos.\u00a0<strong>Luego de muchos, muchos minutos, por fin los desalojaron<\/strong>.<br>Tan s\u00f3lo hoy, lunes 14 de octubre de 2024, en redes sociales, el Metro de la Ciudad de M\u00e9xico inform\u00f3 que se realiz\u00f3 el retiro de un tren en la L\u00ednea 3 para revisi\u00f3n,<strong>\u00a0por lo que advirtieron que la marcha ser\u00eda lenta, y que se intentar\u00eda normalizar el servicio lo antes posible<\/strong>.<\/figcaption><\/figure>\n\n\n\n<figure class=\"wp-block-embed is-type-rich is-provider-twitter wp-block-embed-twitter\"><div class=\"wp-block-embed__wrapper\">\n<blockquote class=\"twitter-tweet\" data-width=\"550\" data-dnt=\"true\"><p lang=\"es\" dir=\"ltr\"><a href=\"https:\/\/twitter.com\/MetroCDMX?ref_src=twsrc%5Etfw\">@MetroCDMX<\/a> y ahora por qu\u00e9 la lentitud de la l\u00ednea 3, 15 min en avanzar 2 estaciones? \ud83d\ude21<\/p>&mdash; Carlos Espinoza (@drakeleonidas) <a href=\"https:\/\/twitter.com\/drakeleonidas\/status\/1845868016333959278?ref_src=twsrc%5Etfw\">October 14, 2024<\/a><\/blockquote><script async src=\"https:\/\/platform.twitter.com\/widgets.js\" charset=\"utf-8\"><\/script>\n<\/div><\/figure>\n\n\n\n<p>Como podr\u00e1n ver, el mal servicio en esta ruta no s\u00f3lo es provocado por fallas en las v\u00edas;&nbsp;<strong>tambi\u00e9n se registran problemas con los trenes<\/strong>, los cuales ya tienen varios a\u00f1os dando servicio sin tener todav\u00eda una renovaci\u00f3n.<\/p>\n\n\n\n<p>Todas estas son las razones por las que posiblemente se de&nbsp;<strong>el cierre de la L\u00ednea 3 del Metro de la CDMX<\/strong>, el cual seguramente se llevar\u00e1 a cabo por tramos como con la L\u00ednea 1, pero que a\u00fan as\u00ed afectar\u00e1 a miles de usuarios.<\/p>\n\n\n\n<p>Aunque si lo pensamos bien,<strong>&nbsp;no est\u00e1 tan mal que se le quiera dar una renovaci\u00f3n a esta ruta<\/strong>\u2026 O, \u00bfustedes qu\u00e9 piensan?<\/p>\n","protected":false},"excerpt":{"rendered":"<p>\u00bfSe enteraron? En redes sociales y en varios medios de comunicaci\u00f3n ya se habla de\u00a0un posible cierre de la L\u00ednea 3 del Metro de la CDMX, por lo que ac\u00e1 les queremos contar todo lo que sabemos al respecto y tambi\u00e9n\u00a0cu\u00e1les ser\u00edan las posibles razones por las que se suspender\u00eda el servicio en esta ruta [&hellip;]<\/p>\n","protected":false},"author":1,"featured_media":22443,"comment_status":"closed","ping_status":"closed","sticky":false,"template":"","format":"aside","meta":{"googlesitekit_rrm_CAowytPeCw:productID":"","footnotes":""},"categories":[3],"tags":[8725],"class_list":["post-22442","post","type-post","status-publish","format-aside","has-post-thumbnail","hentry","category-nacional","tag-linea-3-del-metro-cdmx","post_format-post-format-aside"],"yoast_head":"<!-- This site is optimized with the Yoast SEO plugin v27.4 - https:\/\/yoast.com\/product\/yoast-seo-wordpress\/ -->\n<title>\u00bfCierra la L\u00ednea 3 del Metro CDMX? Choques, fallas y retrasos en los \u00faltimos a\u00f1os |<\/title>\n<meta name=\"robots\" content=\"index, follow, max-snippet:-1, max-image-preview:large, max-video-preview:-1\" \/>\n<link rel=\"canonical\" href=\"https:\/\/conexionnacional.mx\/index.php\/2024\/10\/14\/cierra-la-linea-3-del-metro-cdmx-choques-fallas-y-retrasos-en-los-ultimos-anos\/\" \/>\n<meta property=\"og:locale\" content=\"es_MX\" \/>\n<meta property=\"og:type\" content=\"article\" \/>\n<meta property=\"og:title\" content=\"\u00bfCierra la L\u00ednea 3 del Metro CDMX? Choques, fallas y retrasos en los \u00faltimos a\u00f1os |\" \/>\n<meta property=\"og:description\" content=\"\u00bfSe enteraron? En redes sociales y en varios medios de comunicaci\u00f3n ya se habla de\u00a0un posible cierre de la L\u00ednea 3 del Metro de la CDMX, por lo que ac\u00e1 les queremos contar todo lo que sabemos al respecto y tambi\u00e9n\u00a0cu\u00e1les ser\u00edan las posibles razones por las que se suspender\u00eda el servicio en esta ruta [&hellip;]\" \/>\n<meta property=\"og:url\" content=\"https:\/\/conexionnacional.mx\/index.php\/2024\/10\/14\/cierra-la-linea-3-del-metro-cdmx-choques-fallas-y-retrasos-en-los-ultimos-anos\/\" \/>\n<meta property=\"og:site_name\" content=\"Conexi\u00f3n Nacional\" \/>\n<meta property=\"article:publisher\" content=\"https:\/\/www.facebook.com\/cnmxradio\" \/>\n<meta property=\"article:published_time\" content=\"2024-10-14T23:10:35+00:00\" \/>\n<meta property=\"article:modified_time\" content=\"2024-10-14T23:10:37+00:00\" \/>\n<meta property=\"og:image\" content=\"https:\/\/conexionnacional.mx\/wp-content\/uploads\/2024\/10\/cierre-linea-3-metro-cdmx-fallas.webp\" \/>\n\t<meta property=\"og:image:width\" content=\"1120\" \/>\n\t<meta property=\"og:image:height\" content=\"581\" \/>\n\t<meta property=\"og:image:type\" content=\"image\/webp\" \/>\n<meta name=\"author\" content=\"Conexi\u00f3n Nacional\" \/>\n<meta name=\"twitter:card\" content=\"summary_large_image\" \/>\n<meta name=\"twitter:label1\" content=\"Escrito por\" \/>\n\t<meta name=\"twitter:data1\" content=\"Conexi\u00f3n Nacional\" \/>\n\t<meta name=\"twitter:label2\" content=\"Tiempo de lectura\" \/>\n\t<meta name=\"twitter:data2\" content=\"5 minutos\" \/>\n<script type=\"application\/ld+json\" class=\"yoast-schema-graph\">{\"@context\":\"https:\\\/\\\/schema.org\",\"@graph\":[{\"@type\":\"Article\",\"@id\":\"https:\\\/\\\/conexionnacional.mx\\\/index.php\\\/2024\\\/10\\\/14\\\/cierra-la-linea-3-del-metro-cdmx-choques-fallas-y-retrasos-en-los-ultimos-anos\\\/#article\",\"isPartOf\":{\"@id\":\"https:\\\/\\\/conexionnacional.mx\\\/index.php\\\/2024\\\/10\\\/14\\\/cierra-la-linea-3-del-metro-cdmx-choques-fallas-y-retrasos-en-los-ultimos-anos\\\/\"},\"author\":{\"name\":\"Conexi\u00f3n Nacional\",\"@id\":\"https:\\\/\\\/conexionnacional.mx\\\/#\\\/schema\\\/person\\\/dd14aeda902120f5e0e021903fdb6931\"},\"headline\":\"\u00bfCierra la L\u00ednea 3 del Metro CDMX? Choques, fallas y retrasos en los \u00faltimos a\u00f1os\",\"datePublished\":\"2024-10-14T23:10:35+00:00\",\"dateModified\":\"2024-10-14T23:10:37+00:00\",\"mainEntityOfPage\":{\"@id\":\"https:\\\/\\\/conexionnacional.mx\\\/index.php\\\/2024\\\/10\\\/14\\\/cierra-la-linea-3-del-metro-cdmx-choques-fallas-y-retrasos-en-los-ultimos-anos\\\/\"},\"wordCount\":929,\"publisher\":{\"@id\":\"https:\\\/\\\/conexionnacional.mx\\\/#organization\"},\"image\":{\"@id\":\"https:\\\/\\\/conexionnacional.mx\\\/index.php\\\/2024\\\/10\\\/14\\\/cierra-la-linea-3-del-metro-cdmx-choques-fallas-y-retrasos-en-los-ultimos-anos\\\/#primaryimage\"},\"thumbnailUrl\":\"https:\\\/\\\/conexionnacional.mx\\\/wp-content\\\/uploads\\\/2024\\\/10\\\/cierre-linea-3-metro-cdmx-fallas.webp\",\"keywords\":[\"L\u00ednea 3 del Metro CDMX\"],\"articleSection\":[\"Nacional\"],\"inLanguage\":\"es\"},{\"@type\":\"WebPage\",\"@id\":\"https:\\\/\\\/conexionnacional.mx\\\/index.php\\\/2024\\\/10\\\/14\\\/cierra-la-linea-3-del-metro-cdmx-choques-fallas-y-retrasos-en-los-ultimos-anos\\\/\",\"url\":\"https:\\\/\\\/conexionnacional.mx\\\/index.php\\\/2024\\\/10\\\/14\\\/cierra-la-linea-3-del-metro-cdmx-choques-fallas-y-retrasos-en-los-ultimos-anos\\\/\",\"name\":\"\u00bfCierra la L\u00ednea 3 del Metro CDMX? Choques, fallas y retrasos en los \u00faltimos a\u00f1os |\",\"isPartOf\":{\"@id\":\"https:\\\/\\\/conexionnacional.mx\\\/#website\"},\"primaryImageOfPage\":{\"@id\":\"https:\\\/\\\/conexionnacional.mx\\\/index.php\\\/2024\\\/10\\\/14\\\/cierra-la-linea-3-del-metro-cdmx-choques-fallas-y-retrasos-en-los-ultimos-anos\\\/#primaryimage\"},\"image\":{\"@id\":\"https:\\\/\\\/conexionnacional.mx\\\/index.php\\\/2024\\\/10\\\/14\\\/cierra-la-linea-3-del-metro-cdmx-choques-fallas-y-retrasos-en-los-ultimos-anos\\\/#primaryimage\"},\"thumbnailUrl\":\"https:\\\/\\\/conexionnacional.mx\\\/wp-content\\\/uploads\\\/2024\\\/10\\\/cierre-linea-3-metro-cdmx-fallas.webp\",\"datePublished\":\"2024-10-14T23:10:35+00:00\",\"dateModified\":\"2024-10-14T23:10:37+00:00\",\"breadcrumb\":{\"@id\":\"https:\\\/\\\/conexionnacional.mx\\\/index.php\\\/2024\\\/10\\\/14\\\/cierra-la-linea-3-del-metro-cdmx-choques-fallas-y-retrasos-en-los-ultimos-anos\\\/#breadcrumb\"},\"inLanguage\":\"es\",\"potentialAction\":[{\"@type\":\"ReadAction\",\"target\":[\"https:\\\/\\\/conexionnacional.mx\\\/index.php\\\/2024\\\/10\\\/14\\\/cierra-la-linea-3-del-metro-cdmx-choques-fallas-y-retrasos-en-los-ultimos-anos\\\/\"]}]},{\"@type\":\"ImageObject\",\"inLanguage\":\"es\",\"@id\":\"https:\\\/\\\/conexionnacional.mx\\\/index.php\\\/2024\\\/10\\\/14\\\/cierra-la-linea-3-del-metro-cdmx-choques-fallas-y-retrasos-en-los-ultimos-anos\\\/#primaryimage\",\"url\":\"https:\\\/\\\/conexionnacional.mx\\\/wp-content\\\/uploads\\\/2024\\\/10\\\/cierre-linea-3-metro-cdmx-fallas.webp\",\"contentUrl\":\"https:\\\/\\\/conexionnacional.mx\\\/wp-content\\\/uploads\\\/2024\\\/10\\\/cierre-linea-3-metro-cdmx-fallas.webp\",\"width\":1120,\"height\":581},{\"@type\":\"BreadcrumbList\",\"@id\":\"https:\\\/\\\/conexionnacional.mx\\\/index.php\\\/2024\\\/10\\\/14\\\/cierra-la-linea-3-del-metro-cdmx-choques-fallas-y-retrasos-en-los-ultimos-anos\\\/#breadcrumb\",\"itemListElement\":[{\"@type\":\"ListItem\",\"position\":1,\"name\":\"Inicio\",\"item\":\"https:\\\/\\\/conexionnacional.mx\\\/\"},{\"@type\":\"ListItem\",\"position\":2,\"name\":\"\u00bfCierra la L\u00ednea 3 del Metro CDMX? Choques, fallas y retrasos en los \u00faltimos a\u00f1os\"}]},{\"@type\":\"WebSite\",\"@id\":\"https:\\\/\\\/conexionnacional.mx\\\/#website\",\"url\":\"https:\\\/\\\/conexionnacional.mx\\\/\",\"name\":\"Conexi\u00f3n Nacional\",\"description\":\"Noticias al momento\",\"publisher\":{\"@id\":\"https:\\\/\\\/conexionnacional.mx\\\/#organization\"},\"alternateName\":\"Noticias nacionales\",\"potentialAction\":[{\"@type\":\"SearchAction\",\"target\":{\"@type\":\"EntryPoint\",\"urlTemplate\":\"https:\\\/\\\/conexionnacional.mx\\\/?s={search_term_string}\"},\"query-input\":{\"@type\":\"PropertyValueSpecification\",\"valueRequired\":true,\"valueName\":\"search_term_string\"}}],\"inLanguage\":\"es\"},{\"@type\":\"Organization\",\"@id\":\"https:\\\/\\\/conexionnacional.mx\\\/#organization\",\"name\":\"Conexi\u00f3n Nacional\",\"url\":\"https:\\\/\\\/conexionnacional.mx\\\/\",\"logo\":{\"@type\":\"ImageObject\",\"inLanguage\":\"es\",\"@id\":\"https:\\\/\\\/conexionnacional.mx\\\/#\\\/schema\\\/logo\\\/image\\\/\",\"url\":\"https:\\\/\\\/conexionnacional.mx\\\/wp-content\\\/uploads\\\/2022\\\/09\\\/conexion_nacional.png\",\"contentUrl\":\"https:\\\/\\\/conexionnacional.mx\\\/wp-content\\\/uploads\\\/2022\\\/09\\\/conexion_nacional.png\",\"width\":2964,\"height\":1173,\"caption\":\"Conexi\u00f3n Nacional\"},\"image\":{\"@id\":\"https:\\\/\\\/conexionnacional.mx\\\/#\\\/schema\\\/logo\\\/image\\\/\"},\"sameAs\":[\"https:\\\/\\\/www.facebook.com\\\/cnmxradio\"]},{\"@type\":\"Person\",\"@id\":\"https:\\\/\\\/conexionnacional.mx\\\/#\\\/schema\\\/person\\\/dd14aeda902120f5e0e021903fdb6931\",\"name\":\"Conexi\u00f3n Nacional\",\"image\":{\"@type\":\"ImageObject\",\"inLanguage\":\"es\",\"@id\":\"https:\\\/\\\/secure.gravatar.com\\\/avatar\\\/e523100f284110b2ecca7e17b2be9cf140a5e8f35294c9ec0543e6916cc1f9be?s=96&d=blank&r=g\",\"url\":\"https:\\\/\\\/secure.gravatar.com\\\/avatar\\\/e523100f284110b2ecca7e17b2be9cf140a5e8f35294c9ec0543e6916cc1f9be?s=96&d=blank&r=g\",\"contentUrl\":\"https:\\\/\\\/secure.gravatar.com\\\/avatar\\\/e523100f284110b2ecca7e17b2be9cf140a5e8f35294c9ec0543e6916cc1f9be?s=96&d=blank&r=g\",\"caption\":\"Conexi\u00f3n Nacional\"},\"sameAs\":[\"https:\\\/\\\/conexionnacional.mx\"],\"url\":\"https:\\\/\\\/conexionnacional.mx\\\/index.php\\\/author\\\/administrador\\\/\"}]}<\/script>\n<!-- \/ Yoast SEO plugin. -->","yoast_head_json":{"title":"\u00bfCierra la L\u00ednea 3 del Metro CDMX? Choques, fallas y retrasos en los \u00faltimos a\u00f1os |","robots":{"index":"index","follow":"follow","max-snippet":"max-snippet:-1","max-image-preview":"max-image-preview:large","max-video-preview":"max-video-preview:-1"},"canonical":"https:\/\/conexionnacional.mx\/index.php\/2024\/10\/14\/cierra-la-linea-3-del-metro-cdmx-choques-fallas-y-retrasos-en-los-ultimos-anos\/","og_locale":"es_MX","og_type":"article","og_title":"\u00bfCierra la L\u00ednea 3 del Metro CDMX? Choques, fallas y retrasos en los \u00faltimos a\u00f1os |","og_description":"\u00bfSe enteraron? En redes sociales y en varios medios de comunicaci\u00f3n ya se habla de\u00a0un posible cierre de la L\u00ednea 3 del Metro de la CDMX, por lo que ac\u00e1 les queremos contar todo lo que sabemos al respecto y tambi\u00e9n\u00a0cu\u00e1les ser\u00edan las posibles razones por las que se suspender\u00eda el servicio en esta ruta [&hellip;]","og_url":"https:\/\/conexionnacional.mx\/index.php\/2024\/10\/14\/cierra-la-linea-3-del-metro-cdmx-choques-fallas-y-retrasos-en-los-ultimos-anos\/","og_site_name":"Conexi\u00f3n Nacional","article_publisher":"https:\/\/www.facebook.com\/cnmxradio","article_published_time":"2024-10-14T23:10:35+00:00","article_modified_time":"2024-10-14T23:10:37+00:00","og_image":[{"width":1120,"height":581,"url":"https:\/\/conexionnacional.mx\/wp-content\/uploads\/2024\/10\/cierre-linea-3-metro-cdmx-fallas.webp","type":"image\/webp"}],"author":"Conexi\u00f3n Nacional","twitter_card":"summary_large_image","twitter_misc":{"Escrito por":"Conexi\u00f3n Nacional","Tiempo de lectura":"5 minutos"},"schema":{"@context":"https:\/\/schema.org","@graph":[{"@type":"Article","@id":"https:\/\/conexionnacional.mx\/index.php\/2024\/10\/14\/cierra-la-linea-3-del-metro-cdmx-choques-fallas-y-retrasos-en-los-ultimos-anos\/#article","isPartOf":{"@id":"https:\/\/conexionnacional.mx\/index.php\/2024\/10\/14\/cierra-la-linea-3-del-metro-cdmx-choques-fallas-y-retrasos-en-los-ultimos-anos\/"},"author":{"name":"Conexi\u00f3n Nacional","@id":"https:\/\/conexionnacional.mx\/#\/schema\/person\/dd14aeda902120f5e0e021903fdb6931"},"headline":"\u00bfCierra la L\u00ednea 3 del Metro CDMX? Choques, fallas y retrasos en los \u00faltimos a\u00f1os","datePublished":"2024-10-14T23:10:35+00:00","dateModified":"2024-10-14T23:10:37+00:00","mainEntityOfPage":{"@id":"https:\/\/conexionnacional.mx\/index.php\/2024\/10\/14\/cierra-la-linea-3-del-metro-cdmx-choques-fallas-y-retrasos-en-los-ultimos-anos\/"},"wordCount":929,"publisher":{"@id":"https:\/\/conexionnacional.mx\/#organization"},"image":{"@id":"https:\/\/conexionnacional.mx\/index.php\/2024\/10\/14\/cierra-la-linea-3-del-metro-cdmx-choques-fallas-y-retrasos-en-los-ultimos-anos\/#primaryimage"},"thumbnailUrl":"https:\/\/conexionnacional.mx\/wp-content\/uploads\/2024\/10\/cierre-linea-3-metro-cdmx-fallas.webp","keywords":["L\u00ednea 3 del Metro CDMX"],"articleSection":["Nacional"],"inLanguage":"es"},{"@type":"WebPage","@id":"https:\/\/conexionnacional.mx\/index.php\/2024\/10\/14\/cierra-la-linea-3-del-metro-cdmx-choques-fallas-y-retrasos-en-los-ultimos-anos\/","url":"https:\/\/conexionnacional.mx\/index.php\/2024\/10\/14\/cierra-la-linea-3-del-metro-cdmx-choques-fallas-y-retrasos-en-los-ultimos-anos\/","name":"\u00bfCierra la L\u00ednea 3 del Metro CDMX? Choques, fallas y retrasos en los \u00faltimos a\u00f1os |","isPartOf":{"@id":"https:\/\/conexionnacional.mx\/#website"},"primaryImageOfPage":{"@id":"https:\/\/conexionnacional.mx\/index.php\/2024\/10\/14\/cierra-la-linea-3-del-metro-cdmx-choques-fallas-y-retrasos-en-los-ultimos-anos\/#primaryimage"},"image":{"@id":"https:\/\/conexionnacional.mx\/index.php\/2024\/10\/14\/cierra-la-linea-3-del-metro-cdmx-choques-fallas-y-retrasos-en-los-ultimos-anos\/#primaryimage"},"thumbnailUrl":"https:\/\/conexionnacional.mx\/wp-content\/uploads\/2024\/10\/cierre-linea-3-metro-cdmx-fallas.webp","datePublished":"2024-10-14T23:10:35+00:00","dateModified":"2024-10-14T23:10:37+00:00","breadcrumb":{"@id":"https:\/\/conexionnacional.mx\/index.php\/2024\/10\/14\/cierra-la-linea-3-del-metro-cdmx-choques-fallas-y-retrasos-en-los-ultimos-anos\/#breadcrumb"},"inLanguage":"es","potentialAction":[{"@type":"ReadAction","target":["https:\/\/conexionnacional.mx\/index.php\/2024\/10\/14\/cierra-la-linea-3-del-metro-cdmx-choques-fallas-y-retrasos-en-los-ultimos-anos\/"]}]},{"@type":"ImageObject","inLanguage":"es","@id":"https:\/\/conexionnacional.mx\/index.php\/2024\/10\/14\/cierra-la-linea-3-del-metro-cdmx-choques-fallas-y-retrasos-en-los-ultimos-anos\/#primaryimage","url":"https:\/\/conexionnacional.mx\/wp-content\/uploads\/2024\/10\/cierre-linea-3-metro-cdmx-fallas.webp","contentUrl":"https:\/\/conexionnacional.mx\/wp-content\/uploads\/2024\/10\/cierre-linea-3-metro-cdmx-fallas.webp","width":1120,"height":581},{"@type":"BreadcrumbList","@id":"https:\/\/conexionnacional.mx\/index.php\/2024\/10\/14\/cierra-la-linea-3-del-metro-cdmx-choques-fallas-y-retrasos-en-los-ultimos-anos\/#breadcrumb","itemListElement":[{"@type":"ListItem","position":1,"name":"Inicio","item":"https:\/\/conexionnacional.mx\/"},{"@type":"ListItem","position":2,"name":"\u00bfCierra la L\u00ednea 3 del Metro CDMX? Choques, fallas y retrasos en los \u00faltimos a\u00f1os"}]},{"@type":"WebSite","@id":"https:\/\/conexionnacional.mx\/#website","url":"https:\/\/conexionnacional.mx\/","name":"Conexi\u00f3n Nacional","description":"Noticias al momento","publisher":{"@id":"https:\/\/conexionnacional.mx\/#organization"},"alternateName":"Noticias nacionales","potentialAction":[{"@type":"SearchAction","target":{"@type":"EntryPoint","urlTemplate":"https:\/\/conexionnacional.mx\/?s={search_term_string}"},"query-input":{"@type":"PropertyValueSpecification","valueRequired":true,"valueName":"search_term_string"}}],"inLanguage":"es"},{"@type":"Organization","@id":"https:\/\/conexionnacional.mx\/#organization","name":"Conexi\u00f3n Nacional","url":"https:\/\/conexionnacional.mx\/","logo":{"@type":"ImageObject","inLanguage":"es","@id":"https:\/\/conexionnacional.mx\/#\/schema\/logo\/image\/","url":"https:\/\/conexionnacional.mx\/wp-content\/uploads\/2022\/09\/conexion_nacional.png","contentUrl":"https:\/\/conexionnacional.mx\/wp-content\/uploads\/2022\/09\/conexion_nacional.png","width":2964,"height":1173,"caption":"Conexi\u00f3n Nacional"},"image":{"@id":"https:\/\/conexionnacional.mx\/#\/schema\/logo\/image\/"},"sameAs":["https:\/\/www.facebook.com\/cnmxradio"]},{"@type":"Person","@id":"https:\/\/conexionnacional.mx\/#\/schema\/person\/dd14aeda902120f5e0e021903fdb6931","name":"Conexi\u00f3n Nacional","image":{"@type":"ImageObject","inLanguage":"es","@id":"https:\/\/secure.gravatar.com\/avatar\/e523100f284110b2ecca7e17b2be9cf140a5e8f35294c9ec0543e6916cc1f9be?s=96&d=blank&r=g","url":"https:\/\/secure.gravatar.com\/avatar\/e523100f284110b2ecca7e17b2be9cf140a5e8f35294c9ec0543e6916cc1f9be?s=96&d=blank&r=g","contentUrl":"https:\/\/secure.gravatar.com\/avatar\/e523100f284110b2ecca7e17b2be9cf140a5e8f35294c9ec0543e6916cc1f9be?s=96&d=blank&r=g","caption":"Conexi\u00f3n Nacional"},"sameAs":["https:\/\/conexionnacional.mx"],"url":"https:\/\/conexionnacional.mx\/index.php\/author\/administrador\/"}]}},"_links":{"self":[{"href":"https:\/\/conexionnacional.mx\/index.php\/wp-json\/wp\/v2\/posts\/22442","targetHints":{"allow":["GET"]}}],"collection":[{"href":"https:\/\/conexionnacional.mx\/index.php\/wp-json\/wp\/v2\/posts"}],"about":[{"href":"https:\/\/conexionnacional.mx\/index.php\/wp-json\/wp\/v2\/types\/post"}],"author":[{"embeddable":true,"href":"https:\/\/conexionnacional.mx\/index.php\/wp-json\/wp\/v2\/users\/1"}],"replies":[{"embeddable":true,"href":"https:\/\/conexionnacional.mx\/index.php\/wp-json\/wp\/v2\/comments?post=22442"}],"version-history":[{"count":1,"href":"https:\/\/conexionnacional.mx\/index.php\/wp-json\/wp\/v2\/posts\/22442\/revisions"}],"predecessor-version":[{"id":22444,"href":"https:\/\/conexionnacional.mx\/index.php\/wp-json\/wp\/v2\/posts\/22442\/revisions\/22444"}],"wp:featuredmedia":[{"embeddable":true,"href":"https:\/\/conexionnacional.mx\/index.php\/wp-json\/wp\/v2\/media\/22443"}],"wp:attachment":[{"href":"https:\/\/conexionnacional.mx\/index.php\/wp-json\/wp\/v2\/media?parent=22442"}],"wp:term":[{"taxonomy":"category","embeddable":true,"href":"https:\/\/conexionnacional.mx\/index.php\/wp-json\/wp\/v2\/categories?post=22442"},{"taxonomy":"post_tag","embeddable":true,"href":"https:\/\/conexionnacional.mx\/index.php\/wp-json\/wp\/v2\/tags?post=22442"}],"curies":[{"name":"wp","href":"https:\/\/api.w.org\/{rel}","templated":true}]}}