{"id":22431,"date":"2024-10-11T12:03:10","date_gmt":"2024-10-11T18:03:10","guid":{"rendered":"https:\/\/conexionnacional.mx\/?p=22431"},"modified":"2024-10-11T12:03:11","modified_gmt":"2024-10-11T18:03:11","slug":"gen-mex-el-documental-que-explora-el-impacto-global-de-la-musica-mexicana","status":"publish","type":"post","link":"https:\/\/conexionnacional.mx\/index.php\/2024\/10\/11\/gen-mex-el-documental-que-explora-el-impacto-global-de-la-musica-mexicana\/","title":{"rendered":"Gen Mex, el documental que explora el impacto global de la m\u00fasica mexicana"},"content":{"rendered":"\n<p><strong>Gen Mex es un documental de Amazon que explora el impacto global de la m\u00fasica mexicana; con entrevistas a artistas como Natanael Cano, Banda MS, entre otros, resalta la evoluci\u00f3n del g\u00e9nero, celebrando su influencia cultural y expansi\u00f3n internacional.<\/strong><\/p>\n\n\n\n<p><strong>Ricardo Amador\/NORO<\/strong><\/p>\n\n\n\n<p><strong><a href=\"https:\/\/music.amazon.com.mx\/playlists\/B08T6BZ5HF\" target=\"_blank\" rel=\"noreferrer noopener\">Amazon Music<\/a><\/strong>&nbsp;lanz\u00f3 el documental \u201cGen Mex, Tu Generaci\u00f3n de M\u00fasica Mexicana\u201d, una producci\u00f3n que celebra el&nbsp;<strong>impacto global<\/strong>&nbsp;de la m\u00fasica mexicana y su evoluci\u00f3n en el panorama internacional.<\/p>\n\n\n\n<p>Bajo la producci\u00f3n ejecutiva de&nbsp;<strong>Jessy Terrero<\/strong>&nbsp;y la direcci\u00f3n de&nbsp;<strong>Alejandra Hinojosa<\/strong>, este proyecto aborda la&nbsp;<strong>expansi\u00f3n del g\u00e9nero<\/strong>&nbsp;a trav\u00e9s de las voces de los artistas, productores y compositores que han sido fundamentales para su desarrollo.<\/p>\n\n\n\n<figure class=\"wp-block-image\"><img decoding=\"async\" src=\"data:image\/gif;base64,R0lGODlhAQABAAAAACH5BAEKAAEALAAAAAABAAEAAAICTAEAOw==\" data-src=\"https:\/\/noro.mx\/wp-content\/uploads\/2024\/10\/gen-mex-documental-musica-mexicana-5-1024x683.jpg\" alt=\"gen mex documental musica mexicana 5\" class=\"wp-image-124609 lazyload\"\/><figcaption class=\"wp-element-caption\">Foto: JC Olivera\/Getty Images<\/figcaption><\/figure>\n\n\n\n<p>El documental de&nbsp;<strong>dos partes<\/strong>, disponible exclusivamente en<strong>&nbsp;Amazon Music<\/strong>, ofrece un recorrido cronol\u00f3gico por los \u00e9xitos que han marcado la trayectoria de la&nbsp;<strong>m\u00fasica mexicana<\/strong>&nbsp;en los \u00faltimos a\u00f1os.<\/p>\n\n\n\n<p>La serie destaca canciones como\u00a0<em>\u201cSoy el Diablo\u201d<\/em>\u00a0de Bad Bunny y\u00a0<strong>Natanael Cano<\/strong>,\u00a0<em>\u201cElla Baila Sola\u201d<\/em>\u00a0de\u00a0<strong>Eslab\u00f3n Armado<\/strong>\u00a0y\u00a0<strong>Peso Pluma<\/strong>, dos temas que llevaron el g\u00e9nero a nuevas audiencias y posicionaron la\u00a0<strong>m\u00fasica mexicana<\/strong>\u00a0en la corriente principal global.<\/p>\n\n\n\n<p>En este&nbsp;<strong>viaje musical<\/strong>, la producci\u00f3n tambi\u00e9n explora c\u00f3mo el g\u00e9nero conecta con diferentes generaciones, con artistas consolidados como&nbsp;<strong>Banda MS<\/strong>&nbsp;y&nbsp;<strong>Ana B\u00e1rbara<\/strong>, junto con talentos emergentes como&nbsp;<strong>Grupo Frontera<\/strong>, quienes contin\u00faan evolucionando el sonido de la m\u00fasica mexicana, conectando tradiciones con innovaciones.<\/p>\n\n\n\n<h2 class=\"wp-block-heading\" id=\"el-rol-de-las-mujeres-en-la-musica-mexicana\">El rol de las mujeres en la m\u00fasica mexicana<\/h2>\n\n\n\n<p>Un aspecto relevante del&nbsp;<strong>segundo episodio<\/strong>&nbsp;es la reflexi\u00f3n sobre la participaci\u00f3n de las mujeres en la m\u00fasica mexicana. A lo largo de los a\u00f1os, las artistas han enfrentado&nbsp;<strong>diversos obst\u00e1culos<\/strong>&nbsp;para hacerse un lugar en un g\u00e9nero hist\u00f3ricamente dominado por hombres.<\/p>\n\n\n\n<p>Sin embargo, figuras como&nbsp;<strong>Chiquis<\/strong>&nbsp;y&nbsp;<strong>Delilah<\/strong>, junto a otras, han logrado romper estas barreras, contribuyendo al&nbsp;<strong>crecimiento&nbsp;<\/strong>y la&nbsp;<strong>diversificaci\u00f3n del g\u00e9nero<\/strong>.<\/p>\n\n\n\n<figure class=\"wp-block-image\"><img decoding=\"async\" src=\"data:image\/gif;base64,R0lGODlhAQABAAAAACH5BAEKAAEALAAAAAABAAEAAAICTAEAOw==\" data-src=\"https:\/\/noro.mx\/wp-content\/uploads\/2024\/10\/gen-mex-documental-musica-mexicana-4-1024x576.jpg\" alt=\"gen mex documental musica mexicana 4\" class=\"wp-image-124611 lazyload\"\/><figcaption class=\"wp-element-caption\">Foto: Amazon Music<\/figcaption><\/figure>\n\n\n\n<p>Este espacio para la discusi\u00f3n de la&nbsp;<strong>lucha femenina<\/strong>&nbsp;en la industria es crucial para visibilizar el impacto que las mujeres han tenido en la expansi\u00f3n del g\u00e9nero, a pesar de la hist\u00f3rica&nbsp;<strong>falta de representaci\u00f3n<\/strong>.<\/p>\n\n\n\n<p>El documental ofrece una plataforma para que estas voces&nbsp;<strong>cuenten su historia<\/strong>&nbsp;y resalten su influencia en un movimiento que contin\u00faa creciendo.<\/p>\n\n\n\n<h2 class=\"wp-block-heading\" id=\"gen-mex-es-una-celebracion-global-de-la-musica-mexicana\">Gen Mex es una celebraci\u00f3n global de la m\u00fasica mexicana<\/h2>\n\n\n\n<p>Adem\u00e1s del documental,&nbsp;<strong>Amazon Music<\/strong>&nbsp;prepar\u00f3 toda una campa\u00f1a para celebrar el \u00e9xito global de la m\u00fasica mexicana. Como parte de esta iniciativa, se lanz\u00f3 un concierto exclusivo transmitido en vivo desde&nbsp;<strong>Ciudad de M\u00e9xico<\/strong>, donde participaron artistas como&nbsp;<strong>Ed\u00e9n Mu\u00f1oz,<\/strong>&nbsp;<strong>Xavi, Chiquis y Michelle Maciel<\/strong>.<\/p>\n\n\n\n<figure class=\"wp-block-image\"><img decoding=\"async\" src=\"data:image\/gif;base64,R0lGODlhAQABAAAAACH5BAEKAAEALAAAAAABAAEAAAICTAEAOw==\" data-src=\"https:\/\/noro.mx\/wp-content\/uploads\/2024\/10\/gen-mex-documental-musica-mexicana-6-1024x677.webp\" alt=\"gen mex documental musica mexicana 6\" class=\"wp-image-124615 lazyload\"\/><figcaption class=\"wp-element-caption\">Foto: C Olivera\/Getty Images<\/figcaption><\/figure>\n\n\n\n<p>Este evento conect\u00f3 a millones de fan\u00e1ticos alrededor del mundo, reforzando la idea de que la&nbsp;<strong>m\u00fasica mexicana<\/strong>&nbsp;ha traspasado fronteras, convirti\u00e9ndose en un fen\u00f3meno global.<\/p>\n\n\n\n<p>Asimismo,&nbsp;<strong>Amazon Music<\/strong>&nbsp;lanz\u00f3 canciones originales exclusivas que rinden homenaje a la riqueza del g\u00e9nero. Entre ellas se encuentran&nbsp;<em>\u201cInv\u00e9ntame\u201d<\/em>, interpretada por Xavi, y&nbsp;<em>\u201cPiensa en M\u00ed\u201d<\/em>&nbsp;de Ed\u00e9n Mu\u00f1oz, que ilustran c\u00f3mo la&nbsp;<strong>m\u00fasica mexicana<\/strong>&nbsp;contin\u00faa evolucionando y conectando a diversas generaciones y audiencias.<\/p>\n\n\n\n<h2 class=\"wp-block-heading\" id=\"el-impacto-del-streaming-en-la-expansion-del-genero\">El impacto del streaming en la expansi\u00f3n del g\u00e9nero<\/h2>\n\n\n\n<p>Uno de los factores clave en el \u00e9xito internacional de la&nbsp;<strong>m\u00fasica mexicana<\/strong>&nbsp;ha sido la accesibilidad que el&nbsp;<strong>streaming<\/strong>&nbsp;ofrece a los artistas.<\/p>\n\n\n\n<p>Plataformas como&nbsp;<strong>Amazon Music<\/strong>&nbsp;han permitido que el g\u00e9nero llegue a o\u00eddos de fan\u00e1ticos en todo el mundo, facilitando la expansi\u00f3n del sonido mexicano a nuevos horizontes y consolidando su presencia en la&nbsp;<strong>escena global<\/strong>.<\/p>\n\n\n\n<figure class=\"wp-block-image\"><img decoding=\"async\" src=\"data:image\/gif;base64,R0lGODlhAQABAAAAACH5BAEKAAEALAAAAAABAAEAAAICTAEAOw==\" data-src=\"https:\/\/noro.mx\/wp-content\/uploads\/2024\/10\/gen-mex-documental-musica-mexicana-3-1024x683.jpg\" alt=\"gen mex documental musica mexicana 3\" class=\"wp-image-124617 lazyload\"\/><figcaption class=\"wp-element-caption\">Foto: JC Olivera\/Getty Images<\/figcaption><\/figure>\n\n\n\n<p>Seg\u00fan&nbsp;<strong>Roc\u00edo Guerrero<\/strong>, directora de m\u00fasica de<strong>&nbsp;Amazon Music<\/strong>&nbsp;para&nbsp;<strong>Am\u00e9rica Latina<\/strong>&nbsp;e Iberia, el crecimiento de la m\u00fasica mexicana ha sido notable, con un aumento del&nbsp;<strong>249%<\/strong>&nbsp;en reproducciones a&nbsp;<strong>nivel mundial<\/strong>.<\/p>\n\n\n\n<p>Este auge no solo refleja la demanda por el g\u00e9nero, sino tambi\u00e9n el esfuerzo de&nbsp;<strong>Amazon Music<\/strong>&nbsp;por apoyar y dar visibilidad a los artistas que lideran esta nueva ola.<\/p>\n\n\n\n<p>Con la producci\u00f3n de Gen Mex,&nbsp;<strong>Amazon Music<\/strong>&nbsp;busca profundizar en la historia detr\u00e1s de este&nbsp;<strong>movimiento musical<\/strong>, celebrando no solo los \u00e9xitos actuales, sino tambi\u00e9n las&nbsp;<strong>ra\u00edces tradicionales<\/strong>&nbsp;que contin\u00faan moldeando el futuro de la m\u00fasica mexicana.<\/p>\n","protected":false},"excerpt":{"rendered":"<p>Gen Mex es un documental de Amazon que explora el impacto global de la m\u00fasica mexicana; con entrevistas a artistas como Natanael Cano, Banda MS, entre otros, resalta la evoluci\u00f3n del g\u00e9nero, celebrando su influencia cultural y expansi\u00f3n internacional. Ricardo Amador\/NORO Amazon Music&nbsp;lanz\u00f3 el documental \u201cGen Mex, Tu Generaci\u00f3n de M\u00fasica Mexicana\u201d, una producci\u00f3n que [&hellip;]<\/p>\n","protected":false},"author":1,"featured_media":22432,"comment_status":"closed","ping_status":"closed","sticky":false,"template":"","format":"aside","meta":{"googlesitekit_rrm_CAowytPeCw:productID":"","footnotes":""},"categories":[5063],"tags":[8722],"class_list":["post-22431","post","type-post","status-publish","format-aside","has-post-thumbnail","hentry","category-redes-sociales","tag-gen-mex","post_format-post-format-aside"],"yoast_head":"<!-- This site is optimized with the Yoast SEO plugin v27.4 - https:\/\/yoast.com\/product\/yoast-seo-wordpress\/ -->\n<title>Gen Mex, el documental que explora el impacto global de la m\u00fasica mexicana |<\/title>\n<meta name=\"robots\" content=\"index, follow, max-snippet:-1, max-image-preview:large, max-video-preview:-1\" \/>\n<link rel=\"canonical\" href=\"https:\/\/conexionnacional.mx\/index.php\/2024\/10\/11\/gen-mex-el-documental-que-explora-el-impacto-global-de-la-musica-mexicana\/\" \/>\n<meta property=\"og:locale\" content=\"es_MX\" \/>\n<meta property=\"og:type\" content=\"article\" \/>\n<meta property=\"og:title\" content=\"Gen Mex, el documental que explora el impacto global de la m\u00fasica mexicana |\" \/>\n<meta property=\"og:description\" content=\"Gen Mex es un documental de Amazon que explora el impacto global de la m\u00fasica mexicana; con entrevistas a artistas como Natanael Cano, Banda MS, entre otros, resalta la evoluci\u00f3n del g\u00e9nero, celebrando su influencia cultural y expansi\u00f3n internacional. Ricardo Amador\/NORO Amazon Music&nbsp;lanz\u00f3 el documental \u201cGen Mex, Tu Generaci\u00f3n de M\u00fasica Mexicana\u201d, una producci\u00f3n que [&hellip;]\" \/>\n<meta property=\"og:url\" content=\"https:\/\/conexionnacional.mx\/index.php\/2024\/10\/11\/gen-mex-el-documental-que-explora-el-impacto-global-de-la-musica-mexicana\/\" \/>\n<meta property=\"og:site_name\" content=\"Conexi\u00f3n Nacional\" \/>\n<meta property=\"article:publisher\" content=\"https:\/\/www.facebook.com\/cnmxradio\" \/>\n<meta property=\"article:published_time\" content=\"2024-10-11T18:03:10+00:00\" \/>\n<meta property=\"article:modified_time\" content=\"2024-10-11T18:03:11+00:00\" \/>\n<meta property=\"og:image\" content=\"https:\/\/conexionnacional.mx\/wp-content\/uploads\/2024\/10\/Natanael-Cano-cr-Fernando-Uzcanga-@feruzcanga-billboard-1548.webp\" \/>\n\t<meta property=\"og:image:width\" content=\"1548\" \/>\n\t<meta property=\"og:image:height\" content=\"1024\" \/>\n\t<meta property=\"og:image:type\" content=\"image\/webp\" \/>\n<meta name=\"author\" content=\"Conexi\u00f3n Nacional\" \/>\n<meta name=\"twitter:card\" content=\"summary_large_image\" \/>\n<meta name=\"twitter:label1\" content=\"Escrito por\" \/>\n\t<meta name=\"twitter:data1\" content=\"Conexi\u00f3n Nacional\" \/>\n\t<meta name=\"twitter:label2\" content=\"Tiempo de lectura\" \/>\n\t<meta name=\"twitter:data2\" content=\"5 minutos\" \/>\n<script type=\"application\/ld+json\" class=\"yoast-schema-graph\">{\"@context\":\"https:\\\/\\\/schema.org\",\"@graph\":[{\"@type\":\"Article\",\"@id\":\"https:\\\/\\\/conexionnacional.mx\\\/index.php\\\/2024\\\/10\\\/11\\\/gen-mex-el-documental-que-explora-el-impacto-global-de-la-musica-mexicana\\\/#article\",\"isPartOf\":{\"@id\":\"https:\\\/\\\/conexionnacional.mx\\\/index.php\\\/2024\\\/10\\\/11\\\/gen-mex-el-documental-que-explora-el-impacto-global-de-la-musica-mexicana\\\/\"},\"author\":{\"name\":\"Conexi\u00f3n Nacional\",\"@id\":\"https:\\\/\\\/conexionnacional.mx\\\/#\\\/schema\\\/person\\\/dd14aeda902120f5e0e021903fdb6931\"},\"headline\":\"Gen Mex, el documental que explora el impacto global de la m\u00fasica mexicana\",\"datePublished\":\"2024-10-11T18:03:10+00:00\",\"dateModified\":\"2024-10-11T18:03:11+00:00\",\"mainEntityOfPage\":{\"@id\":\"https:\\\/\\\/conexionnacional.mx\\\/index.php\\\/2024\\\/10\\\/11\\\/gen-mex-el-documental-que-explora-el-impacto-global-de-la-musica-mexicana\\\/\"},\"wordCount\":835,\"publisher\":{\"@id\":\"https:\\\/\\\/conexionnacional.mx\\\/#organization\"},\"image\":{\"@id\":\"https:\\\/\\\/conexionnacional.mx\\\/index.php\\\/2024\\\/10\\\/11\\\/gen-mex-el-documental-que-explora-el-impacto-global-de-la-musica-mexicana\\\/#primaryimage\"},\"thumbnailUrl\":\"https:\\\/\\\/conexionnacional.mx\\\/wp-content\\\/uploads\\\/2024\\\/10\\\/Natanael-Cano-cr-Fernando-Uzcanga-@feruzcanga-billboard-1548.webp\",\"keywords\":[\"Gen Mex\"],\"articleSection\":[\"Redes Sociales\"],\"inLanguage\":\"es\"},{\"@type\":\"WebPage\",\"@id\":\"https:\\\/\\\/conexionnacional.mx\\\/index.php\\\/2024\\\/10\\\/11\\\/gen-mex-el-documental-que-explora-el-impacto-global-de-la-musica-mexicana\\\/\",\"url\":\"https:\\\/\\\/conexionnacional.mx\\\/index.php\\\/2024\\\/10\\\/11\\\/gen-mex-el-documental-que-explora-el-impacto-global-de-la-musica-mexicana\\\/\",\"name\":\"Gen Mex, el documental que explora el impacto global de la m\u00fasica mexicana |\",\"isPartOf\":{\"@id\":\"https:\\\/\\\/conexionnacional.mx\\\/#website\"},\"primaryImageOfPage\":{\"@id\":\"https:\\\/\\\/conexionnacional.mx\\\/index.php\\\/2024\\\/10\\\/11\\\/gen-mex-el-documental-que-explora-el-impacto-global-de-la-musica-mexicana\\\/#primaryimage\"},\"image\":{\"@id\":\"https:\\\/\\\/conexionnacional.mx\\\/index.php\\\/2024\\\/10\\\/11\\\/gen-mex-el-documental-que-explora-el-impacto-global-de-la-musica-mexicana\\\/#primaryimage\"},\"thumbnailUrl\":\"https:\\\/\\\/conexionnacional.mx\\\/wp-content\\\/uploads\\\/2024\\\/10\\\/Natanael-Cano-cr-Fernando-Uzcanga-@feruzcanga-billboard-1548.webp\",\"datePublished\":\"2024-10-11T18:03:10+00:00\",\"dateModified\":\"2024-10-11T18:03:11+00:00\",\"breadcrumb\":{\"@id\":\"https:\\\/\\\/conexionnacional.mx\\\/index.php\\\/2024\\\/10\\\/11\\\/gen-mex-el-documental-que-explora-el-impacto-global-de-la-musica-mexicana\\\/#breadcrumb\"},\"inLanguage\":\"es\",\"potentialAction\":[{\"@type\":\"ReadAction\",\"target\":[\"https:\\\/\\\/conexionnacional.mx\\\/index.php\\\/2024\\\/10\\\/11\\\/gen-mex-el-documental-que-explora-el-impacto-global-de-la-musica-mexicana\\\/\"]}]},{\"@type\":\"ImageObject\",\"inLanguage\":\"es\",\"@id\":\"https:\\\/\\\/conexionnacional.mx\\\/index.php\\\/2024\\\/10\\\/11\\\/gen-mex-el-documental-que-explora-el-impacto-global-de-la-musica-mexicana\\\/#primaryimage\",\"url\":\"https:\\\/\\\/conexionnacional.mx\\\/wp-content\\\/uploads\\\/2024\\\/10\\\/Natanael-Cano-cr-Fernando-Uzcanga-@feruzcanga-billboard-1548.webp\",\"contentUrl\":\"https:\\\/\\\/conexionnacional.mx\\\/wp-content\\\/uploads\\\/2024\\\/10\\\/Natanael-Cano-cr-Fernando-Uzcanga-@feruzcanga-billboard-1548.webp\",\"width\":1548,\"height\":1024},{\"@type\":\"BreadcrumbList\",\"@id\":\"https:\\\/\\\/conexionnacional.mx\\\/index.php\\\/2024\\\/10\\\/11\\\/gen-mex-el-documental-que-explora-el-impacto-global-de-la-musica-mexicana\\\/#breadcrumb\",\"itemListElement\":[{\"@type\":\"ListItem\",\"position\":1,\"name\":\"Inicio\",\"item\":\"https:\\\/\\\/conexionnacional.mx\\\/\"},{\"@type\":\"ListItem\",\"position\":2,\"name\":\"Gen Mex, el documental que explora el impacto global de la m\u00fasica mexicana\"}]},{\"@type\":\"WebSite\",\"@id\":\"https:\\\/\\\/conexionnacional.mx\\\/#website\",\"url\":\"https:\\\/\\\/conexionnacional.mx\\\/\",\"name\":\"Conexi\u00f3n Nacional\",\"description\":\"Noticias al momento\",\"publisher\":{\"@id\":\"https:\\\/\\\/conexionnacional.mx\\\/#organization\"},\"alternateName\":\"Noticias nacionales\",\"potentialAction\":[{\"@type\":\"SearchAction\",\"target\":{\"@type\":\"EntryPoint\",\"urlTemplate\":\"https:\\\/\\\/conexionnacional.mx\\\/?s={search_term_string}\"},\"query-input\":{\"@type\":\"PropertyValueSpecification\",\"valueRequired\":true,\"valueName\":\"search_term_string\"}}],\"inLanguage\":\"es\"},{\"@type\":\"Organization\",\"@id\":\"https:\\\/\\\/conexionnacional.mx\\\/#organization\",\"name\":\"Conexi\u00f3n Nacional\",\"url\":\"https:\\\/\\\/conexionnacional.mx\\\/\",\"logo\":{\"@type\":\"ImageObject\",\"inLanguage\":\"es\",\"@id\":\"https:\\\/\\\/conexionnacional.mx\\\/#\\\/schema\\\/logo\\\/image\\\/\",\"url\":\"https:\\\/\\\/conexionnacional.mx\\\/wp-content\\\/uploads\\\/2022\\\/09\\\/conexion_nacional.png\",\"contentUrl\":\"https:\\\/\\\/conexionnacional.mx\\\/wp-content\\\/uploads\\\/2022\\\/09\\\/conexion_nacional.png\",\"width\":2964,\"height\":1173,\"caption\":\"Conexi\u00f3n Nacional\"},\"image\":{\"@id\":\"https:\\\/\\\/conexionnacional.mx\\\/#\\\/schema\\\/logo\\\/image\\\/\"},\"sameAs\":[\"https:\\\/\\\/www.facebook.com\\\/cnmxradio\"]},{\"@type\":\"Person\",\"@id\":\"https:\\\/\\\/conexionnacional.mx\\\/#\\\/schema\\\/person\\\/dd14aeda902120f5e0e021903fdb6931\",\"name\":\"Conexi\u00f3n Nacional\",\"image\":{\"@type\":\"ImageObject\",\"inLanguage\":\"es\",\"@id\":\"https:\\\/\\\/secure.gravatar.com\\\/avatar\\\/e523100f284110b2ecca7e17b2be9cf140a5e8f35294c9ec0543e6916cc1f9be?s=96&d=blank&r=g\",\"url\":\"https:\\\/\\\/secure.gravatar.com\\\/avatar\\\/e523100f284110b2ecca7e17b2be9cf140a5e8f35294c9ec0543e6916cc1f9be?s=96&d=blank&r=g\",\"contentUrl\":\"https:\\\/\\\/secure.gravatar.com\\\/avatar\\\/e523100f284110b2ecca7e17b2be9cf140a5e8f35294c9ec0543e6916cc1f9be?s=96&d=blank&r=g\",\"caption\":\"Conexi\u00f3n Nacional\"},\"sameAs\":[\"https:\\\/\\\/conexionnacional.mx\"],\"url\":\"https:\\\/\\\/conexionnacional.mx\\\/index.php\\\/author\\\/administrador\\\/\"}]}<\/script>\n<!-- \/ Yoast SEO plugin. -->","yoast_head_json":{"title":"Gen Mex, el documental que explora el impacto global de la m\u00fasica mexicana |","robots":{"index":"index","follow":"follow","max-snippet":"max-snippet:-1","max-image-preview":"max-image-preview:large","max-video-preview":"max-video-preview:-1"},"canonical":"https:\/\/conexionnacional.mx\/index.php\/2024\/10\/11\/gen-mex-el-documental-que-explora-el-impacto-global-de-la-musica-mexicana\/","og_locale":"es_MX","og_type":"article","og_title":"Gen Mex, el documental que explora el impacto global de la m\u00fasica mexicana |","og_description":"Gen Mex es un documental de Amazon que explora el impacto global de la m\u00fasica mexicana; con entrevistas a artistas como Natanael Cano, Banda MS, entre otros, resalta la evoluci\u00f3n del g\u00e9nero, celebrando su influencia cultural y expansi\u00f3n internacional. Ricardo Amador\/NORO Amazon Music&nbsp;lanz\u00f3 el documental \u201cGen Mex, Tu Generaci\u00f3n de M\u00fasica Mexicana\u201d, una producci\u00f3n que [&hellip;]","og_url":"https:\/\/conexionnacional.mx\/index.php\/2024\/10\/11\/gen-mex-el-documental-que-explora-el-impacto-global-de-la-musica-mexicana\/","og_site_name":"Conexi\u00f3n Nacional","article_publisher":"https:\/\/www.facebook.com\/cnmxradio","article_published_time":"2024-10-11T18:03:10+00:00","article_modified_time":"2024-10-11T18:03:11+00:00","og_image":[{"width":1548,"height":1024,"url":"https:\/\/conexionnacional.mx\/wp-content\/uploads\/2024\/10\/Natanael-Cano-cr-Fernando-Uzcanga-@feruzcanga-billboard-1548.webp","type":"image\/webp"}],"author":"Conexi\u00f3n Nacional","twitter_card":"summary_large_image","twitter_misc":{"Escrito por":"Conexi\u00f3n Nacional","Tiempo de lectura":"5 minutos"},"schema":{"@context":"https:\/\/schema.org","@graph":[{"@type":"Article","@id":"https:\/\/conexionnacional.mx\/index.php\/2024\/10\/11\/gen-mex-el-documental-que-explora-el-impacto-global-de-la-musica-mexicana\/#article","isPartOf":{"@id":"https:\/\/conexionnacional.mx\/index.php\/2024\/10\/11\/gen-mex-el-documental-que-explora-el-impacto-global-de-la-musica-mexicana\/"},"author":{"name":"Conexi\u00f3n Nacional","@id":"https:\/\/conexionnacional.mx\/#\/schema\/person\/dd14aeda902120f5e0e021903fdb6931"},"headline":"Gen Mex, el documental que explora el impacto global de la m\u00fasica mexicana","datePublished":"2024-10-11T18:03:10+00:00","dateModified":"2024-10-11T18:03:11+00:00","mainEntityOfPage":{"@id":"https:\/\/conexionnacional.mx\/index.php\/2024\/10\/11\/gen-mex-el-documental-que-explora-el-impacto-global-de-la-musica-mexicana\/"},"wordCount":835,"publisher":{"@id":"https:\/\/conexionnacional.mx\/#organization"},"image":{"@id":"https:\/\/conexionnacional.mx\/index.php\/2024\/10\/11\/gen-mex-el-documental-que-explora-el-impacto-global-de-la-musica-mexicana\/#primaryimage"},"thumbnailUrl":"https:\/\/conexionnacional.mx\/wp-content\/uploads\/2024\/10\/Natanael-Cano-cr-Fernando-Uzcanga-@feruzcanga-billboard-1548.webp","keywords":["Gen Mex"],"articleSection":["Redes Sociales"],"inLanguage":"es"},{"@type":"WebPage","@id":"https:\/\/conexionnacional.mx\/index.php\/2024\/10\/11\/gen-mex-el-documental-que-explora-el-impacto-global-de-la-musica-mexicana\/","url":"https:\/\/conexionnacional.mx\/index.php\/2024\/10\/11\/gen-mex-el-documental-que-explora-el-impacto-global-de-la-musica-mexicana\/","name":"Gen Mex, el documental que explora el impacto global de la m\u00fasica mexicana |","isPartOf":{"@id":"https:\/\/conexionnacional.mx\/#website"},"primaryImageOfPage":{"@id":"https:\/\/conexionnacional.mx\/index.php\/2024\/10\/11\/gen-mex-el-documental-que-explora-el-impacto-global-de-la-musica-mexicana\/#primaryimage"},"image":{"@id":"https:\/\/conexionnacional.mx\/index.php\/2024\/10\/11\/gen-mex-el-documental-que-explora-el-impacto-global-de-la-musica-mexicana\/#primaryimage"},"thumbnailUrl":"https:\/\/conexionnacional.mx\/wp-content\/uploads\/2024\/10\/Natanael-Cano-cr-Fernando-Uzcanga-@feruzcanga-billboard-1548.webp","datePublished":"2024-10-11T18:03:10+00:00","dateModified":"2024-10-11T18:03:11+00:00","breadcrumb":{"@id":"https:\/\/conexionnacional.mx\/index.php\/2024\/10\/11\/gen-mex-el-documental-que-explora-el-impacto-global-de-la-musica-mexicana\/#breadcrumb"},"inLanguage":"es","potentialAction":[{"@type":"ReadAction","target":["https:\/\/conexionnacional.mx\/index.php\/2024\/10\/11\/gen-mex-el-documental-que-explora-el-impacto-global-de-la-musica-mexicana\/"]}]},{"@type":"ImageObject","inLanguage":"es","@id":"https:\/\/conexionnacional.mx\/index.php\/2024\/10\/11\/gen-mex-el-documental-que-explora-el-impacto-global-de-la-musica-mexicana\/#primaryimage","url":"https:\/\/conexionnacional.mx\/wp-content\/uploads\/2024\/10\/Natanael-Cano-cr-Fernando-Uzcanga-@feruzcanga-billboard-1548.webp","contentUrl":"https:\/\/conexionnacional.mx\/wp-content\/uploads\/2024\/10\/Natanael-Cano-cr-Fernando-Uzcanga-@feruzcanga-billboard-1548.webp","width":1548,"height":1024},{"@type":"BreadcrumbList","@id":"https:\/\/conexionnacional.mx\/index.php\/2024\/10\/11\/gen-mex-el-documental-que-explora-el-impacto-global-de-la-musica-mexicana\/#breadcrumb","itemListElement":[{"@type":"ListItem","position":1,"name":"Inicio","item":"https:\/\/conexionnacional.mx\/"},{"@type":"ListItem","position":2,"name":"Gen Mex, el documental que explora el impacto global de la m\u00fasica mexicana"}]},{"@type":"WebSite","@id":"https:\/\/conexionnacional.mx\/#website","url":"https:\/\/conexionnacional.mx\/","name":"Conexi\u00f3n Nacional","description":"Noticias al momento","publisher":{"@id":"https:\/\/conexionnacional.mx\/#organization"},"alternateName":"Noticias nacionales","potentialAction":[{"@type":"SearchAction","target":{"@type":"EntryPoint","urlTemplate":"https:\/\/conexionnacional.mx\/?s={search_term_string}"},"query-input":{"@type":"PropertyValueSpecification","valueRequired":true,"valueName":"search_term_string"}}],"inLanguage":"es"},{"@type":"Organization","@id":"https:\/\/conexionnacional.mx\/#organization","name":"Conexi\u00f3n Nacional","url":"https:\/\/conexionnacional.mx\/","logo":{"@type":"ImageObject","inLanguage":"es","@id":"https:\/\/conexionnacional.mx\/#\/schema\/logo\/image\/","url":"https:\/\/conexionnacional.mx\/wp-content\/uploads\/2022\/09\/conexion_nacional.png","contentUrl":"https:\/\/conexionnacional.mx\/wp-content\/uploads\/2022\/09\/conexion_nacional.png","width":2964,"height":1173,"caption":"Conexi\u00f3n Nacional"},"image":{"@id":"https:\/\/conexionnacional.mx\/#\/schema\/logo\/image\/"},"sameAs":["https:\/\/www.facebook.com\/cnmxradio"]},{"@type":"Person","@id":"https:\/\/conexionnacional.mx\/#\/schema\/person\/dd14aeda902120f5e0e021903fdb6931","name":"Conexi\u00f3n Nacional","image":{"@type":"ImageObject","inLanguage":"es","@id":"https:\/\/secure.gravatar.com\/avatar\/e523100f284110b2ecca7e17b2be9cf140a5e8f35294c9ec0543e6916cc1f9be?s=96&d=blank&r=g","url":"https:\/\/secure.gravatar.com\/avatar\/e523100f284110b2ecca7e17b2be9cf140a5e8f35294c9ec0543e6916cc1f9be?s=96&d=blank&r=g","contentUrl":"https:\/\/secure.gravatar.com\/avatar\/e523100f284110b2ecca7e17b2be9cf140a5e8f35294c9ec0543e6916cc1f9be?s=96&d=blank&r=g","caption":"Conexi\u00f3n Nacional"},"sameAs":["https:\/\/conexionnacional.mx"],"url":"https:\/\/conexionnacional.mx\/index.php\/author\/administrador\/"}]}},"_links":{"self":[{"href":"https:\/\/conexionnacional.mx\/index.php\/wp-json\/wp\/v2\/posts\/22431","targetHints":{"allow":["GET"]}}],"collection":[{"href":"https:\/\/conexionnacional.mx\/index.php\/wp-json\/wp\/v2\/posts"}],"about":[{"href":"https:\/\/conexionnacional.mx\/index.php\/wp-json\/wp\/v2\/types\/post"}],"author":[{"embeddable":true,"href":"https:\/\/conexionnacional.mx\/index.php\/wp-json\/wp\/v2\/users\/1"}],"replies":[{"embeddable":true,"href":"https:\/\/conexionnacional.mx\/index.php\/wp-json\/wp\/v2\/comments?post=22431"}],"version-history":[{"count":1,"href":"https:\/\/conexionnacional.mx\/index.php\/wp-json\/wp\/v2\/posts\/22431\/revisions"}],"predecessor-version":[{"id":22433,"href":"https:\/\/conexionnacional.mx\/index.php\/wp-json\/wp\/v2\/posts\/22431\/revisions\/22433"}],"wp:featuredmedia":[{"embeddable":true,"href":"https:\/\/conexionnacional.mx\/index.php\/wp-json\/wp\/v2\/media\/22432"}],"wp:attachment":[{"href":"https:\/\/conexionnacional.mx\/index.php\/wp-json\/wp\/v2\/media?parent=22431"}],"wp:term":[{"taxonomy":"category","embeddable":true,"href":"https:\/\/conexionnacional.mx\/index.php\/wp-json\/wp\/v2\/categories?post=22431"},{"taxonomy":"post_tag","embeddable":true,"href":"https:\/\/conexionnacional.mx\/index.php\/wp-json\/wp\/v2\/tags?post=22431"}],"curies":[{"name":"wp","href":"https:\/\/api.w.org\/{rel}","templated":true}]}}