{"id":22428,"date":"2024-10-11T11:42:52","date_gmt":"2024-10-11T17:42:52","guid":{"rendered":"https:\/\/conexionnacional.mx\/?p=22428"},"modified":"2024-10-11T11:42:53","modified_gmt":"2024-10-11T17:42:53","slug":"armando-habria-asesinado-a-victor-tras-beber-y-discutir-por-problemas-con-su-empresa","status":"publish","type":"post","link":"https:\/\/conexionnacional.mx\/index.php\/2024\/10\/11\/armando-habria-asesinado-a-victor-tras-beber-y-discutir-por-problemas-con-su-empresa\/","title":{"rendered":"Armando habr\u00eda asesinado a V\u00edctor tras beber y discutir por problemas con su empresa"},"content":{"rendered":"\n<p>La Fiscal\u00eda General del Estado de Veracruz confirm\u00f3 la&nbsp;<strong>detenci\u00f3n de Carlos Armando \u2018N\u2019<\/strong>, identificado como el presunto responsable del homicidio de V\u00edctor Muro Vel\u00e1squez.<\/p>\n\n\n\n<p>De acuerdo con las primeras indagatorias, apuntan a que Carlos Armando \u2018N\u2019 era compa\u00f1ero de trabajo de\u00a0V\u00edctor Muro,\u00a0t\u00e9cnico de iluminaci\u00f3n\u00a0que colabor\u00f3 en la pel\u00edcula \u2018Roma\u2019 de Alfonso Cuar\u00f3n.<\/p>\n\n\n\n<p>La FGE Veracruz detall\u00f3 que los hechos ocurrieron en un inmueble localizado en la esquina de las calles Poeta Jes\u00fas D\u00edaz y 5 de febrero en Xapala.<\/p>\n\n\n\n<blockquote class=\"wp-block-quote is-layout-flow wp-block-quote-is-layout-flow\">\n<p>Derivado de las investigaciones e indicios recabados, todo indica que presuntamente el detenido agredi\u00f3 a la v\u00edctima, priv\u00e1ndolo de la vida con sa\u00f1a y crueldad, y posteriormente intent\u00f3 ocultar el crimen.<\/p>\n<\/blockquote>\n\n\n\n<p>Carlos Armando \u2018N\u2019 ser\u00e1 presentado ante el juez de proceso y procedimiento penal oral, para que defina su situaci\u00f3n jur\u00eddica.<\/p>\n\n\n\n<h2 class=\"wp-block-heading\">\u00bfQu\u00e9 le paso a V\u00edctor Muro?<\/h2>\n\n\n\n<p>El cuerpo sin vida de V\u00edctor Muro Vel\u00e1zquez fue hallado el pasado lunes en&nbsp;<strong>Xalapa, Veracruz.<\/strong><\/p>\n\n\n\n<p>De acuerdo con la Fiscal\u00eda, el cuerpo del t\u00e9cnico en iluminaci\u00f3n se encontr\u00f3 desmembrado en dos domicilios diferentes en el centro de la capital veracruzana.<\/p>\n\n\n\n<p>A trav\u00e9s de un mensaje en Facebook, Aluxes Casa Productora confirm\u00f3 la muerte de V\u00edctor Muro, de quien destac\u00f3 su invaluable trabajo en la Industria Cinematogr\u00e1fica.<\/p>\n\n\n<div class=\"wp-block-image\">\n<figure class=\"aligncenter\"><a href=\"https:\/\/editorial.aristeguinoticias.com\/wp-content\/uploads\/2024\/10\/cineasta-Victor-Muro-09102024.jpg\"><img decoding=\"async\" src=\"data:image\/gif;base64,R0lGODlhAQABAAAAACH5BAEKAAEALAAAAAABAAEAAAICTAEAOw==\" data-src=\"https:\/\/editorial.aristeguinoticias.com\/wp-content\/uploads\/2024\/10\/cineasta-Victor-Muro-09102024-700x438.jpg\" alt=\"\" class=\"wp-image-1425405 lazyload\"\/><\/a><\/figure>\n<\/div>\n\n\n<p><a href=\"https:\/\/editorial.aristeguinoticias.com\/wp-content\/uploads\/2024\/10\/cineasta-Victor-Muro-09102024.jpg\"><\/a><\/p>\n\n\n\n<p>\u201cAluxes Casa Productora expresa sentidas y profundas condolencias por el fallecimiento de nuestro amigo, colaborador y maestro\u201d.<\/p>\n\n\n\n<p>En un segundo comunicado emitido este mi\u00e9rcoles, la casa productora neg\u00f3 que el gaffer se encontraba en Veracruz con motivo de un proyecto con ellos como se indic\u00f3 en algunas versiones en medios de comunicaci\u00f3n.<\/p>\n\n\n\n<p>Aluxes Casa Productora puntualiz\u00f3 que tanto la pel\u00edcula como el personal que se encontraba en Xalapa trabajando con V\u00edctor muro no tienen ning\u00fan v\u00ednculo, ni relaci\u00f3n con ellos.<\/p>\n","protected":false},"excerpt":{"rendered":"<p>La Fiscal\u00eda General del Estado de Veracruz confirm\u00f3 la&nbsp;detenci\u00f3n de Carlos Armando \u2018N\u2019, identificado como el presunto responsable del homicidio de V\u00edctor Muro Vel\u00e1squez. De acuerdo con las primeras indagatorias, apuntan a que Carlos Armando \u2018N\u2019 era compa\u00f1ero de trabajo de\u00a0V\u00edctor Muro,\u00a0t\u00e9cnico de iluminaci\u00f3n\u00a0que colabor\u00f3 en la pel\u00edcula \u2018Roma\u2019 de Alfonso Cuar\u00f3n. La FGE Veracruz [&hellip;]<\/p>\n","protected":false},"author":1,"featured_media":22429,"comment_status":"closed","ping_status":"closed","sticky":false,"template":"","format":"aside","meta":{"googlesitekit_rrm_CAowytPeCw:productID":"","footnotes":""},"categories":[6894],"tags":[8720],"class_list":["post-22428","post","type-post","status-publish","format-aside","has-post-thumbnail","hentry","category-inseguridad","tag-victor-muro","post_format-post-format-aside"],"yoast_head":"<!-- This site is optimized with the Yoast SEO plugin v27.4 - https:\/\/yoast.com\/product\/yoast-seo-wordpress\/ -->\n<title>Armando habr\u00eda asesinado a V\u00edctor tras beber y discutir por problemas con su empresa |<\/title>\n<meta name=\"robots\" content=\"index, follow, max-snippet:-1, max-image-preview:large, max-video-preview:-1\" \/>\n<link rel=\"canonical\" href=\"https:\/\/conexionnacional.mx\/index.php\/2024\/10\/11\/armando-habria-asesinado-a-victor-tras-beber-y-discutir-por-problemas-con-su-empresa\/\" \/>\n<meta property=\"og:locale\" content=\"es_MX\" \/>\n<meta property=\"og:type\" content=\"article\" \/>\n<meta property=\"og:title\" content=\"Armando habr\u00eda asesinado a V\u00edctor tras beber y discutir por problemas con su empresa |\" \/>\n<meta property=\"og:description\" content=\"La Fiscal\u00eda General del Estado de Veracruz confirm\u00f3 la&nbsp;detenci\u00f3n de Carlos Armando \u2018N\u2019, identificado como el presunto responsable del homicidio de V\u00edctor Muro Vel\u00e1squez. De acuerdo con las primeras indagatorias, apuntan a que Carlos Armando \u2018N\u2019 era compa\u00f1ero de trabajo de\u00a0V\u00edctor Muro,\u00a0t\u00e9cnico de iluminaci\u00f3n\u00a0que colabor\u00f3 en la pel\u00edcula \u2018Roma\u2019 de Alfonso Cuar\u00f3n. La FGE Veracruz [&hellip;]\" \/>\n<meta property=\"og:url\" content=\"https:\/\/conexionnacional.mx\/index.php\/2024\/10\/11\/armando-habria-asesinado-a-victor-tras-beber-y-discutir-por-problemas-con-su-empresa\/\" \/>\n<meta property=\"og:site_name\" content=\"Conexi\u00f3n Nacional\" \/>\n<meta property=\"article:publisher\" content=\"https:\/\/www.facebook.com\/cnmxradio\" \/>\n<meta property=\"article:published_time\" content=\"2024-10-11T17:42:52+00:00\" \/>\n<meta property=\"article:modified_time\" content=\"2024-10-11T17:42:53+00:00\" \/>\n<meta property=\"og:image\" content=\"https:\/\/conexionnacional.mx\/wp-content\/uploads\/2024\/10\/121604pacho_2_1.jpg\" \/>\n\t<meta property=\"og:image:width\" content=\"640\" \/>\n\t<meta property=\"og:image:height\" content=\"446\" \/>\n\t<meta property=\"og:image:type\" content=\"image\/jpeg\" \/>\n<meta name=\"author\" content=\"Conexi\u00f3n Nacional\" \/>\n<meta name=\"twitter:card\" content=\"summary_large_image\" \/>\n<meta name=\"twitter:label1\" content=\"Escrito por\" \/>\n\t<meta name=\"twitter:data1\" content=\"Conexi\u00f3n Nacional\" \/>\n\t<meta name=\"twitter:label2\" content=\"Tiempo de lectura\" \/>\n\t<meta name=\"twitter:data2\" content=\"2 minutos\" \/>\n<script type=\"application\/ld+json\" class=\"yoast-schema-graph\">{\"@context\":\"https:\\\/\\\/schema.org\",\"@graph\":[{\"@type\":\"Article\",\"@id\":\"https:\\\/\\\/conexionnacional.mx\\\/index.php\\\/2024\\\/10\\\/11\\\/armando-habria-asesinado-a-victor-tras-beber-y-discutir-por-problemas-con-su-empresa\\\/#article\",\"isPartOf\":{\"@id\":\"https:\\\/\\\/conexionnacional.mx\\\/index.php\\\/2024\\\/10\\\/11\\\/armando-habria-asesinado-a-victor-tras-beber-y-discutir-por-problemas-con-su-empresa\\\/\"},\"author\":{\"name\":\"Conexi\u00f3n Nacional\",\"@id\":\"https:\\\/\\\/conexionnacional.mx\\\/#\\\/schema\\\/person\\\/dd14aeda902120f5e0e021903fdb6931\"},\"headline\":\"Armando habr\u00eda asesinado a V\u00edctor tras beber y discutir por problemas con su empresa\",\"datePublished\":\"2024-10-11T17:42:52+00:00\",\"dateModified\":\"2024-10-11T17:42:53+00:00\",\"mainEntityOfPage\":{\"@id\":\"https:\\\/\\\/conexionnacional.mx\\\/index.php\\\/2024\\\/10\\\/11\\\/armando-habria-asesinado-a-victor-tras-beber-y-discutir-por-problemas-con-su-empresa\\\/\"},\"wordCount\":337,\"publisher\":{\"@id\":\"https:\\\/\\\/conexionnacional.mx\\\/#organization\"},\"image\":{\"@id\":\"https:\\\/\\\/conexionnacional.mx\\\/index.php\\\/2024\\\/10\\\/11\\\/armando-habria-asesinado-a-victor-tras-beber-y-discutir-por-problemas-con-su-empresa\\\/#primaryimage\"},\"thumbnailUrl\":\"https:\\\/\\\/conexionnacional.mx\\\/wp-content\\\/uploads\\\/2024\\\/10\\\/121604pacho_2_1.jpg\",\"keywords\":[\"V\u00edctor Muro\"],\"articleSection\":[\"Inseguridad\"],\"inLanguage\":\"es\"},{\"@type\":\"WebPage\",\"@id\":\"https:\\\/\\\/conexionnacional.mx\\\/index.php\\\/2024\\\/10\\\/11\\\/armando-habria-asesinado-a-victor-tras-beber-y-discutir-por-problemas-con-su-empresa\\\/\",\"url\":\"https:\\\/\\\/conexionnacional.mx\\\/index.php\\\/2024\\\/10\\\/11\\\/armando-habria-asesinado-a-victor-tras-beber-y-discutir-por-problemas-con-su-empresa\\\/\",\"name\":\"Armando habr\u00eda asesinado a V\u00edctor tras beber y discutir por problemas con su empresa |\",\"isPartOf\":{\"@id\":\"https:\\\/\\\/conexionnacional.mx\\\/#website\"},\"primaryImageOfPage\":{\"@id\":\"https:\\\/\\\/conexionnacional.mx\\\/index.php\\\/2024\\\/10\\\/11\\\/armando-habria-asesinado-a-victor-tras-beber-y-discutir-por-problemas-con-su-empresa\\\/#primaryimage\"},\"image\":{\"@id\":\"https:\\\/\\\/conexionnacional.mx\\\/index.php\\\/2024\\\/10\\\/11\\\/armando-habria-asesinado-a-victor-tras-beber-y-discutir-por-problemas-con-su-empresa\\\/#primaryimage\"},\"thumbnailUrl\":\"https:\\\/\\\/conexionnacional.mx\\\/wp-content\\\/uploads\\\/2024\\\/10\\\/121604pacho_2_1.jpg\",\"datePublished\":\"2024-10-11T17:42:52+00:00\",\"dateModified\":\"2024-10-11T17:42:53+00:00\",\"breadcrumb\":{\"@id\":\"https:\\\/\\\/conexionnacional.mx\\\/index.php\\\/2024\\\/10\\\/11\\\/armando-habria-asesinado-a-victor-tras-beber-y-discutir-por-problemas-con-su-empresa\\\/#breadcrumb\"},\"inLanguage\":\"es\",\"potentialAction\":[{\"@type\":\"ReadAction\",\"target\":[\"https:\\\/\\\/conexionnacional.mx\\\/index.php\\\/2024\\\/10\\\/11\\\/armando-habria-asesinado-a-victor-tras-beber-y-discutir-por-problemas-con-su-empresa\\\/\"]}]},{\"@type\":\"ImageObject\",\"inLanguage\":\"es\",\"@id\":\"https:\\\/\\\/conexionnacional.mx\\\/index.php\\\/2024\\\/10\\\/11\\\/armando-habria-asesinado-a-victor-tras-beber-y-discutir-por-problemas-con-su-empresa\\\/#primaryimage\",\"url\":\"https:\\\/\\\/conexionnacional.mx\\\/wp-content\\\/uploads\\\/2024\\\/10\\\/121604pacho_2_1.jpg\",\"contentUrl\":\"https:\\\/\\\/conexionnacional.mx\\\/wp-content\\\/uploads\\\/2024\\\/10\\\/121604pacho_2_1.jpg\",\"width\":640,\"height\":446},{\"@type\":\"BreadcrumbList\",\"@id\":\"https:\\\/\\\/conexionnacional.mx\\\/index.php\\\/2024\\\/10\\\/11\\\/armando-habria-asesinado-a-victor-tras-beber-y-discutir-por-problemas-con-su-empresa\\\/#breadcrumb\",\"itemListElement\":[{\"@type\":\"ListItem\",\"position\":1,\"name\":\"Inicio\",\"item\":\"https:\\\/\\\/conexionnacional.mx\\\/\"},{\"@type\":\"ListItem\",\"position\":2,\"name\":\"Armando habr\u00eda asesinado a V\u00edctor tras beber y discutir por problemas con su empresa\"}]},{\"@type\":\"WebSite\",\"@id\":\"https:\\\/\\\/conexionnacional.mx\\\/#website\",\"url\":\"https:\\\/\\\/conexionnacional.mx\\\/\",\"name\":\"Conexi\u00f3n Nacional\",\"description\":\"Noticias al momento\",\"publisher\":{\"@id\":\"https:\\\/\\\/conexionnacional.mx\\\/#organization\"},\"alternateName\":\"Noticias nacionales\",\"potentialAction\":[{\"@type\":\"SearchAction\",\"target\":{\"@type\":\"EntryPoint\",\"urlTemplate\":\"https:\\\/\\\/conexionnacional.mx\\\/?s={search_term_string}\"},\"query-input\":{\"@type\":\"PropertyValueSpecification\",\"valueRequired\":true,\"valueName\":\"search_term_string\"}}],\"inLanguage\":\"es\"},{\"@type\":\"Organization\",\"@id\":\"https:\\\/\\\/conexionnacional.mx\\\/#organization\",\"name\":\"Conexi\u00f3n Nacional\",\"url\":\"https:\\\/\\\/conexionnacional.mx\\\/\",\"logo\":{\"@type\":\"ImageObject\",\"inLanguage\":\"es\",\"@id\":\"https:\\\/\\\/conexionnacional.mx\\\/#\\\/schema\\\/logo\\\/image\\\/\",\"url\":\"https:\\\/\\\/conexionnacional.mx\\\/wp-content\\\/uploads\\\/2022\\\/09\\\/conexion_nacional.png\",\"contentUrl\":\"https:\\\/\\\/conexionnacional.mx\\\/wp-content\\\/uploads\\\/2022\\\/09\\\/conexion_nacional.png\",\"width\":2964,\"height\":1173,\"caption\":\"Conexi\u00f3n Nacional\"},\"image\":{\"@id\":\"https:\\\/\\\/conexionnacional.mx\\\/#\\\/schema\\\/logo\\\/image\\\/\"},\"sameAs\":[\"https:\\\/\\\/www.facebook.com\\\/cnmxradio\"]},{\"@type\":\"Person\",\"@id\":\"https:\\\/\\\/conexionnacional.mx\\\/#\\\/schema\\\/person\\\/dd14aeda902120f5e0e021903fdb6931\",\"name\":\"Conexi\u00f3n Nacional\",\"image\":{\"@type\":\"ImageObject\",\"inLanguage\":\"es\",\"@id\":\"https:\\\/\\\/secure.gravatar.com\\\/avatar\\\/e523100f284110b2ecca7e17b2be9cf140a5e8f35294c9ec0543e6916cc1f9be?s=96&d=blank&r=g\",\"url\":\"https:\\\/\\\/secure.gravatar.com\\\/avatar\\\/e523100f284110b2ecca7e17b2be9cf140a5e8f35294c9ec0543e6916cc1f9be?s=96&d=blank&r=g\",\"contentUrl\":\"https:\\\/\\\/secure.gravatar.com\\\/avatar\\\/e523100f284110b2ecca7e17b2be9cf140a5e8f35294c9ec0543e6916cc1f9be?s=96&d=blank&r=g\",\"caption\":\"Conexi\u00f3n Nacional\"},\"sameAs\":[\"https:\\\/\\\/conexionnacional.mx\"],\"url\":\"https:\\\/\\\/conexionnacional.mx\\\/index.php\\\/author\\\/administrador\\\/\"}]}<\/script>\n<!-- \/ Yoast SEO plugin. -->","yoast_head_json":{"title":"Armando habr\u00eda asesinado a V\u00edctor tras beber y discutir por problemas con su empresa |","robots":{"index":"index","follow":"follow","max-snippet":"max-snippet:-1","max-image-preview":"max-image-preview:large","max-video-preview":"max-video-preview:-1"},"canonical":"https:\/\/conexionnacional.mx\/index.php\/2024\/10\/11\/armando-habria-asesinado-a-victor-tras-beber-y-discutir-por-problemas-con-su-empresa\/","og_locale":"es_MX","og_type":"article","og_title":"Armando habr\u00eda asesinado a V\u00edctor tras beber y discutir por problemas con su empresa |","og_description":"La Fiscal\u00eda General del Estado de Veracruz confirm\u00f3 la&nbsp;detenci\u00f3n de Carlos Armando \u2018N\u2019, identificado como el presunto responsable del homicidio de V\u00edctor Muro Vel\u00e1squez. De acuerdo con las primeras indagatorias, apuntan a que Carlos Armando \u2018N\u2019 era compa\u00f1ero de trabajo de\u00a0V\u00edctor Muro,\u00a0t\u00e9cnico de iluminaci\u00f3n\u00a0que colabor\u00f3 en la pel\u00edcula \u2018Roma\u2019 de Alfonso Cuar\u00f3n. La FGE Veracruz [&hellip;]","og_url":"https:\/\/conexionnacional.mx\/index.php\/2024\/10\/11\/armando-habria-asesinado-a-victor-tras-beber-y-discutir-por-problemas-con-su-empresa\/","og_site_name":"Conexi\u00f3n Nacional","article_publisher":"https:\/\/www.facebook.com\/cnmxradio","article_published_time":"2024-10-11T17:42:52+00:00","article_modified_time":"2024-10-11T17:42:53+00:00","og_image":[{"width":640,"height":446,"url":"https:\/\/conexionnacional.mx\/wp-content\/uploads\/2024\/10\/121604pacho_2_1.jpg","type":"image\/jpeg"}],"author":"Conexi\u00f3n Nacional","twitter_card":"summary_large_image","twitter_misc":{"Escrito por":"Conexi\u00f3n Nacional","Tiempo de lectura":"2 minutos"},"schema":{"@context":"https:\/\/schema.org","@graph":[{"@type":"Article","@id":"https:\/\/conexionnacional.mx\/index.php\/2024\/10\/11\/armando-habria-asesinado-a-victor-tras-beber-y-discutir-por-problemas-con-su-empresa\/#article","isPartOf":{"@id":"https:\/\/conexionnacional.mx\/index.php\/2024\/10\/11\/armando-habria-asesinado-a-victor-tras-beber-y-discutir-por-problemas-con-su-empresa\/"},"author":{"name":"Conexi\u00f3n Nacional","@id":"https:\/\/conexionnacional.mx\/#\/schema\/person\/dd14aeda902120f5e0e021903fdb6931"},"headline":"Armando habr\u00eda asesinado a V\u00edctor tras beber y discutir por problemas con su empresa","datePublished":"2024-10-11T17:42:52+00:00","dateModified":"2024-10-11T17:42:53+00:00","mainEntityOfPage":{"@id":"https:\/\/conexionnacional.mx\/index.php\/2024\/10\/11\/armando-habria-asesinado-a-victor-tras-beber-y-discutir-por-problemas-con-su-empresa\/"},"wordCount":337,"publisher":{"@id":"https:\/\/conexionnacional.mx\/#organization"},"image":{"@id":"https:\/\/conexionnacional.mx\/index.php\/2024\/10\/11\/armando-habria-asesinado-a-victor-tras-beber-y-discutir-por-problemas-con-su-empresa\/#primaryimage"},"thumbnailUrl":"https:\/\/conexionnacional.mx\/wp-content\/uploads\/2024\/10\/121604pacho_2_1.jpg","keywords":["V\u00edctor Muro"],"articleSection":["Inseguridad"],"inLanguage":"es"},{"@type":"WebPage","@id":"https:\/\/conexionnacional.mx\/index.php\/2024\/10\/11\/armando-habria-asesinado-a-victor-tras-beber-y-discutir-por-problemas-con-su-empresa\/","url":"https:\/\/conexionnacional.mx\/index.php\/2024\/10\/11\/armando-habria-asesinado-a-victor-tras-beber-y-discutir-por-problemas-con-su-empresa\/","name":"Armando habr\u00eda asesinado a V\u00edctor tras beber y discutir por problemas con su empresa |","isPartOf":{"@id":"https:\/\/conexionnacional.mx\/#website"},"primaryImageOfPage":{"@id":"https:\/\/conexionnacional.mx\/index.php\/2024\/10\/11\/armando-habria-asesinado-a-victor-tras-beber-y-discutir-por-problemas-con-su-empresa\/#primaryimage"},"image":{"@id":"https:\/\/conexionnacional.mx\/index.php\/2024\/10\/11\/armando-habria-asesinado-a-victor-tras-beber-y-discutir-por-problemas-con-su-empresa\/#primaryimage"},"thumbnailUrl":"https:\/\/conexionnacional.mx\/wp-content\/uploads\/2024\/10\/121604pacho_2_1.jpg","datePublished":"2024-10-11T17:42:52+00:00","dateModified":"2024-10-11T17:42:53+00:00","breadcrumb":{"@id":"https:\/\/conexionnacional.mx\/index.php\/2024\/10\/11\/armando-habria-asesinado-a-victor-tras-beber-y-discutir-por-problemas-con-su-empresa\/#breadcrumb"},"inLanguage":"es","potentialAction":[{"@type":"ReadAction","target":["https:\/\/conexionnacional.mx\/index.php\/2024\/10\/11\/armando-habria-asesinado-a-victor-tras-beber-y-discutir-por-problemas-con-su-empresa\/"]}]},{"@type":"ImageObject","inLanguage":"es","@id":"https:\/\/conexionnacional.mx\/index.php\/2024\/10\/11\/armando-habria-asesinado-a-victor-tras-beber-y-discutir-por-problemas-con-su-empresa\/#primaryimage","url":"https:\/\/conexionnacional.mx\/wp-content\/uploads\/2024\/10\/121604pacho_2_1.jpg","contentUrl":"https:\/\/conexionnacional.mx\/wp-content\/uploads\/2024\/10\/121604pacho_2_1.jpg","width":640,"height":446},{"@type":"BreadcrumbList","@id":"https:\/\/conexionnacional.mx\/index.php\/2024\/10\/11\/armando-habria-asesinado-a-victor-tras-beber-y-discutir-por-problemas-con-su-empresa\/#breadcrumb","itemListElement":[{"@type":"ListItem","position":1,"name":"Inicio","item":"https:\/\/conexionnacional.mx\/"},{"@type":"ListItem","position":2,"name":"Armando habr\u00eda asesinado a V\u00edctor tras beber y discutir por problemas con su empresa"}]},{"@type":"WebSite","@id":"https:\/\/conexionnacional.mx\/#website","url":"https:\/\/conexionnacional.mx\/","name":"Conexi\u00f3n Nacional","description":"Noticias al momento","publisher":{"@id":"https:\/\/conexionnacional.mx\/#organization"},"alternateName":"Noticias nacionales","potentialAction":[{"@type":"SearchAction","target":{"@type":"EntryPoint","urlTemplate":"https:\/\/conexionnacional.mx\/?s={search_term_string}"},"query-input":{"@type":"PropertyValueSpecification","valueRequired":true,"valueName":"search_term_string"}}],"inLanguage":"es"},{"@type":"Organization","@id":"https:\/\/conexionnacional.mx\/#organization","name":"Conexi\u00f3n Nacional","url":"https:\/\/conexionnacional.mx\/","logo":{"@type":"ImageObject","inLanguage":"es","@id":"https:\/\/conexionnacional.mx\/#\/schema\/logo\/image\/","url":"https:\/\/conexionnacional.mx\/wp-content\/uploads\/2022\/09\/conexion_nacional.png","contentUrl":"https:\/\/conexionnacional.mx\/wp-content\/uploads\/2022\/09\/conexion_nacional.png","width":2964,"height":1173,"caption":"Conexi\u00f3n Nacional"},"image":{"@id":"https:\/\/conexionnacional.mx\/#\/schema\/logo\/image\/"},"sameAs":["https:\/\/www.facebook.com\/cnmxradio"]},{"@type":"Person","@id":"https:\/\/conexionnacional.mx\/#\/schema\/person\/dd14aeda902120f5e0e021903fdb6931","name":"Conexi\u00f3n Nacional","image":{"@type":"ImageObject","inLanguage":"es","@id":"https:\/\/secure.gravatar.com\/avatar\/e523100f284110b2ecca7e17b2be9cf140a5e8f35294c9ec0543e6916cc1f9be?s=96&d=blank&r=g","url":"https:\/\/secure.gravatar.com\/avatar\/e523100f284110b2ecca7e17b2be9cf140a5e8f35294c9ec0543e6916cc1f9be?s=96&d=blank&r=g","contentUrl":"https:\/\/secure.gravatar.com\/avatar\/e523100f284110b2ecca7e17b2be9cf140a5e8f35294c9ec0543e6916cc1f9be?s=96&d=blank&r=g","caption":"Conexi\u00f3n Nacional"},"sameAs":["https:\/\/conexionnacional.mx"],"url":"https:\/\/conexionnacional.mx\/index.php\/author\/administrador\/"}]}},"_links":{"self":[{"href":"https:\/\/conexionnacional.mx\/index.php\/wp-json\/wp\/v2\/posts\/22428","targetHints":{"allow":["GET"]}}],"collection":[{"href":"https:\/\/conexionnacional.mx\/index.php\/wp-json\/wp\/v2\/posts"}],"about":[{"href":"https:\/\/conexionnacional.mx\/index.php\/wp-json\/wp\/v2\/types\/post"}],"author":[{"embeddable":true,"href":"https:\/\/conexionnacional.mx\/index.php\/wp-json\/wp\/v2\/users\/1"}],"replies":[{"embeddable":true,"href":"https:\/\/conexionnacional.mx\/index.php\/wp-json\/wp\/v2\/comments?post=22428"}],"version-history":[{"count":1,"href":"https:\/\/conexionnacional.mx\/index.php\/wp-json\/wp\/v2\/posts\/22428\/revisions"}],"predecessor-version":[{"id":22430,"href":"https:\/\/conexionnacional.mx\/index.php\/wp-json\/wp\/v2\/posts\/22428\/revisions\/22430"}],"wp:featuredmedia":[{"embeddable":true,"href":"https:\/\/conexionnacional.mx\/index.php\/wp-json\/wp\/v2\/media\/22429"}],"wp:attachment":[{"href":"https:\/\/conexionnacional.mx\/index.php\/wp-json\/wp\/v2\/media?parent=22428"}],"wp:term":[{"taxonomy":"category","embeddable":true,"href":"https:\/\/conexionnacional.mx\/index.php\/wp-json\/wp\/v2\/categories?post=22428"},{"taxonomy":"post_tag","embeddable":true,"href":"https:\/\/conexionnacional.mx\/index.php\/wp-json\/wp\/v2\/tags?post=22428"}],"curies":[{"name":"wp","href":"https:\/\/api.w.org\/{rel}","templated":true}]}}