{"id":22425,"date":"2024-10-11T11:36:06","date_gmt":"2024-10-11T17:36:06","guid":{"rendered":"https:\/\/conexionnacional.mx\/?p=22425"},"modified":"2024-10-11T11:36:07","modified_gmt":"2024-10-11T17:36:07","slug":"nivel-de-presas-de-michoacan-regresa-la-vida-al-sistema-cutzmala-y-da-agua-a-los-millones-de-la-cdmx","status":"publish","type":"post","link":"https:\/\/conexionnacional.mx\/index.php\/2024\/10\/11\/nivel-de-presas-de-michoacan-regresa-la-vida-al-sistema-cutzmala-y-da-agua-a-los-millones-de-la-cdmx\/","title":{"rendered":"Nivel de presas de Michoac\u00e1n, regresa la vida al Sistema Cutzmala y da agua a los millones de la CdMx"},"content":{"rendered":"\n<p>Ciudad de M\u00e9xico.- El Sistema Cutzmala, que viene de presas de Michoac\u00e1n y Estado de M\u00e9xico abastecen a la megal\u00f3polis de la capital mexicana, se ha recuperado al 60 % de su capacidad tras la sequ\u00eda de comienzos de a\u00f1o, pero sigue por debajo de su nivel hist\u00f3rico, inform\u00f3 este jueves la presidenta de M\u00e9xico, Claudia Sheinbaum.<\/p>\n\n\n\n<blockquote class=\"wp-block-quote is-layout-flow wp-block-quote-is-layout-flow\">\n<p><strong>\u201cHay m\u00e1s agua, est\u00e1 al 60 %, pero aun no se logra los niveles m\u00e1s altos que en otros a\u00f1os ha tenido. (Esto ha ayudado) a mejorar el abastecimiento de agua en la zona metropolitana&#8221;, declar\u00f3 en su conferencia matutina la mandataria.<\/strong><\/p>\n<\/blockquote>\n\n\n\n<p>Hab\u00eda un suministro de 10 metros c\u00fabicos por segundo y des disminuyo a 6 y en este momento ya se recuero 8 metros c\u00fabicos por segundo, dijo.<\/p>\n\n\n\n<p>En Michoac\u00e1n doce de 24 presas que hay se encuentran al 100 por ciento de su capacidad, gracias a que este a\u00f1o ha llovido m\u00e1s del doble que en 2023, inform\u00f3 recientemente el coordinador de la Comisi\u00f3n Estatal del Agua y Gesti\u00f3n de Cuencas (CEAC), Luis Roberto Arias Reyes.<\/p>\n\n\n\n<p>Existen otras presas que se encuentran a m\u00e1s del 80 y 90 por ciento de su capacidad de almacenamiento.<\/p>\n\n\n\n<p>Agreg\u00f3 que hasta septiembre de este a\u00f1o llovi\u00f3 51 por ciento m\u00e1s que en 2023 en la regi\u00f3n Lerma y un 50 por ciento m\u00e1s en la regi\u00f3n Balsas, por lo que el Comit\u00e9 T\u00e9cnico de Operaci\u00f3n de Obras Hidr\u00e1ulicas mantiene trabajos continuos en el desfogue de las presas de manera controlada y preventiva.<br><br>La capital mexicana, con casi 23 millones de habitantes en su zona metropolitana, afront\u00f3 una crisis h\u00eddrica con la sequ\u00eda, que dej\u00f3 en 26 % el nivel de las tres peses del Sistema Cutzmala en junio, seg\u00fan la Comisi\u00f3n Nacional del Agua (Conagua).<\/p>\n\n\n\n<p><br>Habitantes de Ciudad de M\u00e9xico denunciaron entonces la interrupci\u00f3n del suministro constante del l\u00edquido e, incluso, especialistas alertaron de que se acercaba el &#8220;d\u00eda cero&#8221;, que podr\u00eda haber dejado sin agua a la capital.<br><br>Pero, tras a\u00f1os de sequ\u00eda inusual y una ola de calor que rompi\u00f3 r\u00e9cords en mayo, desde junio ha habido lluvias por encima del hist\u00f3rico.<\/p>\n\n\n\n<blockquote class=\"wp-block-quote is-layout-flow wp-block-quote-is-layout-flow\">\n<p><strong>&#8220;Con las sequ\u00edas de los a\u00f1os anteriores, hab\u00eda disminuido mucho el agua en las presas y pas\u00f3 a principios de este a\u00f1o, hab\u00eda en \u00e9poca de lluvias un suministro de alrededor de 10 metros c\u00fabicos por segundo, eso disminuy\u00f3 a seis metros c\u00fabicos por segundo, en este momento ya se recuper\u00f3 a ocho metros c\u00fabicos&#8221;, dijo Sheinbaum.<\/strong><\/p>\n<\/blockquote>\n\n\n\n<p><\/p>\n","protected":false},"excerpt":{"rendered":"<p>Ciudad de M\u00e9xico.- El Sistema Cutzmala, que viene de presas de Michoac\u00e1n y Estado de M\u00e9xico abastecen a la megal\u00f3polis de la capital mexicana, se ha recuperado al 60 % de su capacidad tras la sequ\u00eda de comienzos de a\u00f1o, pero sigue por debajo de su nivel hist\u00f3rico, inform\u00f3 este jueves la presidenta de M\u00e9xico, [&hellip;]<\/p>\n","protected":false},"author":1,"featured_media":22426,"comment_status":"closed","ping_status":"closed","sticky":false,"template":"","format":"aside","meta":{"googlesitekit_rrm_CAowytPeCw:productID":"","footnotes":""},"categories":[3],"tags":[8721],"class_list":["post-22425","post","type-post","status-publish","format-aside","has-post-thumbnail","hentry","category-nacional","tag-sistema-cutzmala","post_format-post-format-aside"],"yoast_head":"<!-- This site is optimized with the Yoast SEO plugin v27.4 - https:\/\/yoast.com\/product\/yoast-seo-wordpress\/ -->\n<title>Nivel de presas de Michoac\u00e1n, regresa la vida al Sistema Cutzmala y da agua a los millones de la CdMx |<\/title>\n<meta name=\"robots\" content=\"index, follow, max-snippet:-1, max-image-preview:large, max-video-preview:-1\" \/>\n<link rel=\"canonical\" href=\"https:\/\/conexionnacional.mx\/index.php\/2024\/10\/11\/nivel-de-presas-de-michoacan-regresa-la-vida-al-sistema-cutzmala-y-da-agua-a-los-millones-de-la-cdmx\/\" \/>\n<meta property=\"og:locale\" content=\"es_MX\" \/>\n<meta property=\"og:type\" content=\"article\" \/>\n<meta property=\"og:title\" content=\"Nivel de presas de Michoac\u00e1n, regresa la vida al Sistema Cutzmala y da agua a los millones de la CdMx |\" \/>\n<meta property=\"og:description\" content=\"Ciudad de M\u00e9xico.- El Sistema Cutzmala, que viene de presas de Michoac\u00e1n y Estado de M\u00e9xico abastecen a la megal\u00f3polis de la capital mexicana, se ha recuperado al 60 % de su capacidad tras la sequ\u00eda de comienzos de a\u00f1o, pero sigue por debajo de su nivel hist\u00f3rico, inform\u00f3 este jueves la presidenta de M\u00e9xico, [&hellip;]\" \/>\n<meta property=\"og:url\" content=\"https:\/\/conexionnacional.mx\/index.php\/2024\/10\/11\/nivel-de-presas-de-michoacan-regresa-la-vida-al-sistema-cutzmala-y-da-agua-a-los-millones-de-la-cdmx\/\" \/>\n<meta property=\"og:site_name\" content=\"Conexi\u00f3n Nacional\" \/>\n<meta property=\"article:publisher\" content=\"https:\/\/www.facebook.com\/cnmxradio\" \/>\n<meta property=\"article:published_time\" content=\"2024-10-11T17:36:06+00:00\" \/>\n<meta property=\"article:modified_time\" content=\"2024-10-11T17:36:07+00:00\" \/>\n<meta property=\"og:image\" content=\"https:\/\/conexionnacional.mx\/wp-content\/uploads\/2024\/10\/Secuencia-06.00_18_01_07.Imagen-fija032.jpg\" \/>\n\t<meta property=\"og:image:width\" content=\"700\" \/>\n\t<meta property=\"og:image:height\" content=\"466\" \/>\n\t<meta property=\"og:image:type\" content=\"image\/jpeg\" \/>\n<meta name=\"author\" content=\"Conexi\u00f3n Nacional\" \/>\n<meta name=\"twitter:card\" content=\"summary_large_image\" \/>\n<meta name=\"twitter:label1\" content=\"Escrito por\" \/>\n\t<meta name=\"twitter:data1\" content=\"Conexi\u00f3n Nacional\" \/>\n\t<meta name=\"twitter:label2\" content=\"Tiempo de lectura\" \/>\n\t<meta name=\"twitter:data2\" content=\"2 minutos\" \/>\n<script type=\"application\/ld+json\" class=\"yoast-schema-graph\">{\"@context\":\"https:\\\/\\\/schema.org\",\"@graph\":[{\"@type\":\"Article\",\"@id\":\"https:\\\/\\\/conexionnacional.mx\\\/index.php\\\/2024\\\/10\\\/11\\\/nivel-de-presas-de-michoacan-regresa-la-vida-al-sistema-cutzmala-y-da-agua-a-los-millones-de-la-cdmx\\\/#article\",\"isPartOf\":{\"@id\":\"https:\\\/\\\/conexionnacional.mx\\\/index.php\\\/2024\\\/10\\\/11\\\/nivel-de-presas-de-michoacan-regresa-la-vida-al-sistema-cutzmala-y-da-agua-a-los-millones-de-la-cdmx\\\/\"},\"author\":{\"name\":\"Conexi\u00f3n Nacional\",\"@id\":\"https:\\\/\\\/conexionnacional.mx\\\/#\\\/schema\\\/person\\\/dd14aeda902120f5e0e021903fdb6931\"},\"headline\":\"Nivel de presas de Michoac\u00e1n, regresa la vida al Sistema Cutzmala y da agua a los millones de la CdMx\",\"datePublished\":\"2024-10-11T17:36:06+00:00\",\"dateModified\":\"2024-10-11T17:36:07+00:00\",\"mainEntityOfPage\":{\"@id\":\"https:\\\/\\\/conexionnacional.mx\\\/index.php\\\/2024\\\/10\\\/11\\\/nivel-de-presas-de-michoacan-regresa-la-vida-al-sistema-cutzmala-y-da-agua-a-los-millones-de-la-cdmx\\\/\"},\"wordCount\":459,\"publisher\":{\"@id\":\"https:\\\/\\\/conexionnacional.mx\\\/#organization\"},\"image\":{\"@id\":\"https:\\\/\\\/conexionnacional.mx\\\/index.php\\\/2024\\\/10\\\/11\\\/nivel-de-presas-de-michoacan-regresa-la-vida-al-sistema-cutzmala-y-da-agua-a-los-millones-de-la-cdmx\\\/#primaryimage\"},\"thumbnailUrl\":\"https:\\\/\\\/conexionnacional.mx\\\/wp-content\\\/uploads\\\/2024\\\/10\\\/Secuencia-06.00_18_01_07.Imagen-fija032.jpg\",\"keywords\":[\"Sistema Cutzmala\"],\"articleSection\":[\"Nacional\"],\"inLanguage\":\"es\"},{\"@type\":\"WebPage\",\"@id\":\"https:\\\/\\\/conexionnacional.mx\\\/index.php\\\/2024\\\/10\\\/11\\\/nivel-de-presas-de-michoacan-regresa-la-vida-al-sistema-cutzmala-y-da-agua-a-los-millones-de-la-cdmx\\\/\",\"url\":\"https:\\\/\\\/conexionnacional.mx\\\/index.php\\\/2024\\\/10\\\/11\\\/nivel-de-presas-de-michoacan-regresa-la-vida-al-sistema-cutzmala-y-da-agua-a-los-millones-de-la-cdmx\\\/\",\"name\":\"Nivel de presas de Michoac\u00e1n, regresa la vida al Sistema Cutzmala y da agua a los millones de la CdMx |\",\"isPartOf\":{\"@id\":\"https:\\\/\\\/conexionnacional.mx\\\/#website\"},\"primaryImageOfPage\":{\"@id\":\"https:\\\/\\\/conexionnacional.mx\\\/index.php\\\/2024\\\/10\\\/11\\\/nivel-de-presas-de-michoacan-regresa-la-vida-al-sistema-cutzmala-y-da-agua-a-los-millones-de-la-cdmx\\\/#primaryimage\"},\"image\":{\"@id\":\"https:\\\/\\\/conexionnacional.mx\\\/index.php\\\/2024\\\/10\\\/11\\\/nivel-de-presas-de-michoacan-regresa-la-vida-al-sistema-cutzmala-y-da-agua-a-los-millones-de-la-cdmx\\\/#primaryimage\"},\"thumbnailUrl\":\"https:\\\/\\\/conexionnacional.mx\\\/wp-content\\\/uploads\\\/2024\\\/10\\\/Secuencia-06.00_18_01_07.Imagen-fija032.jpg\",\"datePublished\":\"2024-10-11T17:36:06+00:00\",\"dateModified\":\"2024-10-11T17:36:07+00:00\",\"breadcrumb\":{\"@id\":\"https:\\\/\\\/conexionnacional.mx\\\/index.php\\\/2024\\\/10\\\/11\\\/nivel-de-presas-de-michoacan-regresa-la-vida-al-sistema-cutzmala-y-da-agua-a-los-millones-de-la-cdmx\\\/#breadcrumb\"},\"inLanguage\":\"es\",\"potentialAction\":[{\"@type\":\"ReadAction\",\"target\":[\"https:\\\/\\\/conexionnacional.mx\\\/index.php\\\/2024\\\/10\\\/11\\\/nivel-de-presas-de-michoacan-regresa-la-vida-al-sistema-cutzmala-y-da-agua-a-los-millones-de-la-cdmx\\\/\"]}]},{\"@type\":\"ImageObject\",\"inLanguage\":\"es\",\"@id\":\"https:\\\/\\\/conexionnacional.mx\\\/index.php\\\/2024\\\/10\\\/11\\\/nivel-de-presas-de-michoacan-regresa-la-vida-al-sistema-cutzmala-y-da-agua-a-los-millones-de-la-cdmx\\\/#primaryimage\",\"url\":\"https:\\\/\\\/conexionnacional.mx\\\/wp-content\\\/uploads\\\/2024\\\/10\\\/Secuencia-06.00_18_01_07.Imagen-fija032.jpg\",\"contentUrl\":\"https:\\\/\\\/conexionnacional.mx\\\/wp-content\\\/uploads\\\/2024\\\/10\\\/Secuencia-06.00_18_01_07.Imagen-fija032.jpg\",\"width\":700,\"height\":466},{\"@type\":\"BreadcrumbList\",\"@id\":\"https:\\\/\\\/conexionnacional.mx\\\/index.php\\\/2024\\\/10\\\/11\\\/nivel-de-presas-de-michoacan-regresa-la-vida-al-sistema-cutzmala-y-da-agua-a-los-millones-de-la-cdmx\\\/#breadcrumb\",\"itemListElement\":[{\"@type\":\"ListItem\",\"position\":1,\"name\":\"Inicio\",\"item\":\"https:\\\/\\\/conexionnacional.mx\\\/\"},{\"@type\":\"ListItem\",\"position\":2,\"name\":\"Nivel de presas de Michoac\u00e1n, regresa la vida al Sistema Cutzmala y da agua a los millones de la CdMx\"}]},{\"@type\":\"WebSite\",\"@id\":\"https:\\\/\\\/conexionnacional.mx\\\/#website\",\"url\":\"https:\\\/\\\/conexionnacional.mx\\\/\",\"name\":\"Conexi\u00f3n Nacional\",\"description\":\"Noticias al momento\",\"publisher\":{\"@id\":\"https:\\\/\\\/conexionnacional.mx\\\/#organization\"},\"alternateName\":\"Noticias nacionales\",\"potentialAction\":[{\"@type\":\"SearchAction\",\"target\":{\"@type\":\"EntryPoint\",\"urlTemplate\":\"https:\\\/\\\/conexionnacional.mx\\\/?s={search_term_string}\"},\"query-input\":{\"@type\":\"PropertyValueSpecification\",\"valueRequired\":true,\"valueName\":\"search_term_string\"}}],\"inLanguage\":\"es\"},{\"@type\":\"Organization\",\"@id\":\"https:\\\/\\\/conexionnacional.mx\\\/#organization\",\"name\":\"Conexi\u00f3n Nacional\",\"url\":\"https:\\\/\\\/conexionnacional.mx\\\/\",\"logo\":{\"@type\":\"ImageObject\",\"inLanguage\":\"es\",\"@id\":\"https:\\\/\\\/conexionnacional.mx\\\/#\\\/schema\\\/logo\\\/image\\\/\",\"url\":\"https:\\\/\\\/conexionnacional.mx\\\/wp-content\\\/uploads\\\/2022\\\/09\\\/conexion_nacional.png\",\"contentUrl\":\"https:\\\/\\\/conexionnacional.mx\\\/wp-content\\\/uploads\\\/2022\\\/09\\\/conexion_nacional.png\",\"width\":2964,\"height\":1173,\"caption\":\"Conexi\u00f3n Nacional\"},\"image\":{\"@id\":\"https:\\\/\\\/conexionnacional.mx\\\/#\\\/schema\\\/logo\\\/image\\\/\"},\"sameAs\":[\"https:\\\/\\\/www.facebook.com\\\/cnmxradio\"]},{\"@type\":\"Person\",\"@id\":\"https:\\\/\\\/conexionnacional.mx\\\/#\\\/schema\\\/person\\\/dd14aeda902120f5e0e021903fdb6931\",\"name\":\"Conexi\u00f3n Nacional\",\"image\":{\"@type\":\"ImageObject\",\"inLanguage\":\"es\",\"@id\":\"https:\\\/\\\/secure.gravatar.com\\\/avatar\\\/e523100f284110b2ecca7e17b2be9cf140a5e8f35294c9ec0543e6916cc1f9be?s=96&d=blank&r=g\",\"url\":\"https:\\\/\\\/secure.gravatar.com\\\/avatar\\\/e523100f284110b2ecca7e17b2be9cf140a5e8f35294c9ec0543e6916cc1f9be?s=96&d=blank&r=g\",\"contentUrl\":\"https:\\\/\\\/secure.gravatar.com\\\/avatar\\\/e523100f284110b2ecca7e17b2be9cf140a5e8f35294c9ec0543e6916cc1f9be?s=96&d=blank&r=g\",\"caption\":\"Conexi\u00f3n Nacional\"},\"sameAs\":[\"https:\\\/\\\/conexionnacional.mx\"],\"url\":\"https:\\\/\\\/conexionnacional.mx\\\/index.php\\\/author\\\/administrador\\\/\"}]}<\/script>\n<!-- \/ Yoast SEO plugin. -->","yoast_head_json":{"title":"Nivel de presas de Michoac\u00e1n, regresa la vida al Sistema Cutzmala y da agua a los millones de la CdMx |","robots":{"index":"index","follow":"follow","max-snippet":"max-snippet:-1","max-image-preview":"max-image-preview:large","max-video-preview":"max-video-preview:-1"},"canonical":"https:\/\/conexionnacional.mx\/index.php\/2024\/10\/11\/nivel-de-presas-de-michoacan-regresa-la-vida-al-sistema-cutzmala-y-da-agua-a-los-millones-de-la-cdmx\/","og_locale":"es_MX","og_type":"article","og_title":"Nivel de presas de Michoac\u00e1n, regresa la vida al Sistema Cutzmala y da agua a los millones de la CdMx |","og_description":"Ciudad de M\u00e9xico.- El Sistema Cutzmala, que viene de presas de Michoac\u00e1n y Estado de M\u00e9xico abastecen a la megal\u00f3polis de la capital mexicana, se ha recuperado al 60 % de su capacidad tras la sequ\u00eda de comienzos de a\u00f1o, pero sigue por debajo de su nivel hist\u00f3rico, inform\u00f3 este jueves la presidenta de M\u00e9xico, [&hellip;]","og_url":"https:\/\/conexionnacional.mx\/index.php\/2024\/10\/11\/nivel-de-presas-de-michoacan-regresa-la-vida-al-sistema-cutzmala-y-da-agua-a-los-millones-de-la-cdmx\/","og_site_name":"Conexi\u00f3n Nacional","article_publisher":"https:\/\/www.facebook.com\/cnmxradio","article_published_time":"2024-10-11T17:36:06+00:00","article_modified_time":"2024-10-11T17:36:07+00:00","og_image":[{"width":700,"height":466,"url":"https:\/\/conexionnacional.mx\/wp-content\/uploads\/2024\/10\/Secuencia-06.00_18_01_07.Imagen-fija032.jpg","type":"image\/jpeg"}],"author":"Conexi\u00f3n Nacional","twitter_card":"summary_large_image","twitter_misc":{"Escrito por":"Conexi\u00f3n Nacional","Tiempo de lectura":"2 minutos"},"schema":{"@context":"https:\/\/schema.org","@graph":[{"@type":"Article","@id":"https:\/\/conexionnacional.mx\/index.php\/2024\/10\/11\/nivel-de-presas-de-michoacan-regresa-la-vida-al-sistema-cutzmala-y-da-agua-a-los-millones-de-la-cdmx\/#article","isPartOf":{"@id":"https:\/\/conexionnacional.mx\/index.php\/2024\/10\/11\/nivel-de-presas-de-michoacan-regresa-la-vida-al-sistema-cutzmala-y-da-agua-a-los-millones-de-la-cdmx\/"},"author":{"name":"Conexi\u00f3n Nacional","@id":"https:\/\/conexionnacional.mx\/#\/schema\/person\/dd14aeda902120f5e0e021903fdb6931"},"headline":"Nivel de presas de Michoac\u00e1n, regresa la vida al Sistema Cutzmala y da agua a los millones de la CdMx","datePublished":"2024-10-11T17:36:06+00:00","dateModified":"2024-10-11T17:36:07+00:00","mainEntityOfPage":{"@id":"https:\/\/conexionnacional.mx\/index.php\/2024\/10\/11\/nivel-de-presas-de-michoacan-regresa-la-vida-al-sistema-cutzmala-y-da-agua-a-los-millones-de-la-cdmx\/"},"wordCount":459,"publisher":{"@id":"https:\/\/conexionnacional.mx\/#organization"},"image":{"@id":"https:\/\/conexionnacional.mx\/index.php\/2024\/10\/11\/nivel-de-presas-de-michoacan-regresa-la-vida-al-sistema-cutzmala-y-da-agua-a-los-millones-de-la-cdmx\/#primaryimage"},"thumbnailUrl":"https:\/\/conexionnacional.mx\/wp-content\/uploads\/2024\/10\/Secuencia-06.00_18_01_07.Imagen-fija032.jpg","keywords":["Sistema Cutzmala"],"articleSection":["Nacional"],"inLanguage":"es"},{"@type":"WebPage","@id":"https:\/\/conexionnacional.mx\/index.php\/2024\/10\/11\/nivel-de-presas-de-michoacan-regresa-la-vida-al-sistema-cutzmala-y-da-agua-a-los-millones-de-la-cdmx\/","url":"https:\/\/conexionnacional.mx\/index.php\/2024\/10\/11\/nivel-de-presas-de-michoacan-regresa-la-vida-al-sistema-cutzmala-y-da-agua-a-los-millones-de-la-cdmx\/","name":"Nivel de presas de Michoac\u00e1n, regresa la vida al Sistema Cutzmala y da agua a los millones de la CdMx |","isPartOf":{"@id":"https:\/\/conexionnacional.mx\/#website"},"primaryImageOfPage":{"@id":"https:\/\/conexionnacional.mx\/index.php\/2024\/10\/11\/nivel-de-presas-de-michoacan-regresa-la-vida-al-sistema-cutzmala-y-da-agua-a-los-millones-de-la-cdmx\/#primaryimage"},"image":{"@id":"https:\/\/conexionnacional.mx\/index.php\/2024\/10\/11\/nivel-de-presas-de-michoacan-regresa-la-vida-al-sistema-cutzmala-y-da-agua-a-los-millones-de-la-cdmx\/#primaryimage"},"thumbnailUrl":"https:\/\/conexionnacional.mx\/wp-content\/uploads\/2024\/10\/Secuencia-06.00_18_01_07.Imagen-fija032.jpg","datePublished":"2024-10-11T17:36:06+00:00","dateModified":"2024-10-11T17:36:07+00:00","breadcrumb":{"@id":"https:\/\/conexionnacional.mx\/index.php\/2024\/10\/11\/nivel-de-presas-de-michoacan-regresa-la-vida-al-sistema-cutzmala-y-da-agua-a-los-millones-de-la-cdmx\/#breadcrumb"},"inLanguage":"es","potentialAction":[{"@type":"ReadAction","target":["https:\/\/conexionnacional.mx\/index.php\/2024\/10\/11\/nivel-de-presas-de-michoacan-regresa-la-vida-al-sistema-cutzmala-y-da-agua-a-los-millones-de-la-cdmx\/"]}]},{"@type":"ImageObject","inLanguage":"es","@id":"https:\/\/conexionnacional.mx\/index.php\/2024\/10\/11\/nivel-de-presas-de-michoacan-regresa-la-vida-al-sistema-cutzmala-y-da-agua-a-los-millones-de-la-cdmx\/#primaryimage","url":"https:\/\/conexionnacional.mx\/wp-content\/uploads\/2024\/10\/Secuencia-06.00_18_01_07.Imagen-fija032.jpg","contentUrl":"https:\/\/conexionnacional.mx\/wp-content\/uploads\/2024\/10\/Secuencia-06.00_18_01_07.Imagen-fija032.jpg","width":700,"height":466},{"@type":"BreadcrumbList","@id":"https:\/\/conexionnacional.mx\/index.php\/2024\/10\/11\/nivel-de-presas-de-michoacan-regresa-la-vida-al-sistema-cutzmala-y-da-agua-a-los-millones-de-la-cdmx\/#breadcrumb","itemListElement":[{"@type":"ListItem","position":1,"name":"Inicio","item":"https:\/\/conexionnacional.mx\/"},{"@type":"ListItem","position":2,"name":"Nivel de presas de Michoac\u00e1n, regresa la vida al Sistema Cutzmala y da agua a los millones de la CdMx"}]},{"@type":"WebSite","@id":"https:\/\/conexionnacional.mx\/#website","url":"https:\/\/conexionnacional.mx\/","name":"Conexi\u00f3n Nacional","description":"Noticias al momento","publisher":{"@id":"https:\/\/conexionnacional.mx\/#organization"},"alternateName":"Noticias nacionales","potentialAction":[{"@type":"SearchAction","target":{"@type":"EntryPoint","urlTemplate":"https:\/\/conexionnacional.mx\/?s={search_term_string}"},"query-input":{"@type":"PropertyValueSpecification","valueRequired":true,"valueName":"search_term_string"}}],"inLanguage":"es"},{"@type":"Organization","@id":"https:\/\/conexionnacional.mx\/#organization","name":"Conexi\u00f3n Nacional","url":"https:\/\/conexionnacional.mx\/","logo":{"@type":"ImageObject","inLanguage":"es","@id":"https:\/\/conexionnacional.mx\/#\/schema\/logo\/image\/","url":"https:\/\/conexionnacional.mx\/wp-content\/uploads\/2022\/09\/conexion_nacional.png","contentUrl":"https:\/\/conexionnacional.mx\/wp-content\/uploads\/2022\/09\/conexion_nacional.png","width":2964,"height":1173,"caption":"Conexi\u00f3n Nacional"},"image":{"@id":"https:\/\/conexionnacional.mx\/#\/schema\/logo\/image\/"},"sameAs":["https:\/\/www.facebook.com\/cnmxradio"]},{"@type":"Person","@id":"https:\/\/conexionnacional.mx\/#\/schema\/person\/dd14aeda902120f5e0e021903fdb6931","name":"Conexi\u00f3n Nacional","image":{"@type":"ImageObject","inLanguage":"es","@id":"https:\/\/secure.gravatar.com\/avatar\/e523100f284110b2ecca7e17b2be9cf140a5e8f35294c9ec0543e6916cc1f9be?s=96&d=blank&r=g","url":"https:\/\/secure.gravatar.com\/avatar\/e523100f284110b2ecca7e17b2be9cf140a5e8f35294c9ec0543e6916cc1f9be?s=96&d=blank&r=g","contentUrl":"https:\/\/secure.gravatar.com\/avatar\/e523100f284110b2ecca7e17b2be9cf140a5e8f35294c9ec0543e6916cc1f9be?s=96&d=blank&r=g","caption":"Conexi\u00f3n Nacional"},"sameAs":["https:\/\/conexionnacional.mx"],"url":"https:\/\/conexionnacional.mx\/index.php\/author\/administrador\/"}]}},"_links":{"self":[{"href":"https:\/\/conexionnacional.mx\/index.php\/wp-json\/wp\/v2\/posts\/22425","targetHints":{"allow":["GET"]}}],"collection":[{"href":"https:\/\/conexionnacional.mx\/index.php\/wp-json\/wp\/v2\/posts"}],"about":[{"href":"https:\/\/conexionnacional.mx\/index.php\/wp-json\/wp\/v2\/types\/post"}],"author":[{"embeddable":true,"href":"https:\/\/conexionnacional.mx\/index.php\/wp-json\/wp\/v2\/users\/1"}],"replies":[{"embeddable":true,"href":"https:\/\/conexionnacional.mx\/index.php\/wp-json\/wp\/v2\/comments?post=22425"}],"version-history":[{"count":1,"href":"https:\/\/conexionnacional.mx\/index.php\/wp-json\/wp\/v2\/posts\/22425\/revisions"}],"predecessor-version":[{"id":22427,"href":"https:\/\/conexionnacional.mx\/index.php\/wp-json\/wp\/v2\/posts\/22425\/revisions\/22427"}],"wp:featuredmedia":[{"embeddable":true,"href":"https:\/\/conexionnacional.mx\/index.php\/wp-json\/wp\/v2\/media\/22426"}],"wp:attachment":[{"href":"https:\/\/conexionnacional.mx\/index.php\/wp-json\/wp\/v2\/media?parent=22425"}],"wp:term":[{"taxonomy":"category","embeddable":true,"href":"https:\/\/conexionnacional.mx\/index.php\/wp-json\/wp\/v2\/categories?post=22425"},{"taxonomy":"post_tag","embeddable":true,"href":"https:\/\/conexionnacional.mx\/index.php\/wp-json\/wp\/v2\/tags?post=22425"}],"curies":[{"name":"wp","href":"https:\/\/api.w.org\/{rel}","templated":true}]}}