{"id":22324,"date":"2024-09-24T11:53:08","date_gmt":"2024-09-24T17:53:08","guid":{"rendered":"https:\/\/conexionnacional.mx\/?p=22324"},"modified":"2024-09-24T11:53:11","modified_gmt":"2024-09-24T17:53:11","slug":"emma-coronel-demuestra-su-admiracion-por-belinda-tras-su-caida-en-pasarela-de-moda","status":"publish","type":"post","link":"https:\/\/conexionnacional.mx\/index.php\/2024\/09\/24\/emma-coronel-demuestra-su-admiracion-por-belinda-tras-su-caida-en-pasarela-de-moda\/","title":{"rendered":"Emma Coronel demuestra su admiraci\u00f3n por Belinda tras su ca\u00edda en pasarela de moda"},"content":{"rendered":"\n<p>El lunes 23 de septiembre<strong>\u00a0Belinda vivi\u00f3 un momento inc\u00f3modo durante el desfile de la reconocida\u00a0<\/strong>firma de cosm\u00e9ticos L\u2019Or\u00e9al en la Fashion Week de Par\u00eds. La cantante, quien previamente hab\u00eda expresado en sus redes sociales lo emocionada que estaba por formar parte de este evento,<strong>\u00a0sufri\u00f3 una ca\u00edda mientras desfilaba\u00a0<\/strong>en la Place de l\u2019Op\u00e9ra.<\/p>\n\n\n\n<p>El desfile, que fue transmitido en vivo por la firma organizadora,&nbsp;<strong>reuni\u00f3 a celebridades de la talla de Heidi Klum, Kendall Jenner, Cara Delevingne,<\/strong>&nbsp;Eva Longoria y Camila Cabello.<\/p>\n\n\n\n<h2 class=\"wp-block-heading\">La ca\u00edda de Belinda en el desfile<\/h2>\n\n\n\n<p>Durante su paso por la pasarela,&nbsp;<strong>Belinda entr\u00f3 con seguridad al escenario justo despu\u00e9s de la cantante&nbsp;<\/strong>brasile\u00f1a Anitta, luciendo un mini vestido rojo, botas altas y un cintur\u00f3n dorado.<\/p>\n\n\n\n<p>Aunque todo parec\u00eda ir bien al inicio de su desfile,<strong>&nbsp;el recorrido de la int\u00e9rprete de Cactus y La mala tuvo un giro inesperado&nbsp;<\/strong>cuando tropez\u00f3 y termin\u00f3 cayendo ante la sorpresa del p\u00fablico.<\/p>\n\n\n\n<figure class=\"wp-block-image\"><img decoding=\"async\" src=\"data:image\/gif;base64,R0lGODlhAQABAAAAACH5BAEKAAEALAAAAAABAAEAAAICTAEAOw==\" data-src=\"https:\/\/cdn2.excelsior.com.mx\/media\/inside-the-note\/pictures\/2024\/09\/24\/belinda_4.png\" alt=\"Belinda\" class=\"lazyload\" title=\"\"\/><\/figure>\n\n\n\n<p>En el video del evento, se puede observar c\u00f3mo Anitta, quien grababa un clip en la pasarela, no se dio cuenta inmediatamente del incidente. Sin embargo, cuando vio lo que hab\u00eda ocurrido,<strong>&nbsp;se acerc\u00f3 para ayudar a Belinda a levantarse.<\/strong><\/p>\n\n\n\n<p>A pesar del incidente, la actriz y cantante de origen espa\u00f1ol y nacionalizada mexicana<strong>&nbsp;demostr\u00f3 su profesionalismo al levantarse r\u00e1pidamente, lanzando un beso&nbsp;<\/strong>al p\u00fablico mientras recib\u00eda aplausos por su valent\u00eda.<\/p>\n\n\n\n<p>En sus redes sociales, Belinda no tard\u00f3 en compartir el video del momento, describi\u00e9ndolo como:<strong>&nbsp;\u201cEl momento m\u00e1s ic\u00f3nico de mi vida aunque jam\u00e1s imagin\u00e9 que ser\u00eda as\u00ed\u201d<\/strong>, agradeciendo adem\u00e1s a Anitta por su ayuda en ese momento.<\/p>\n\n\n\n<blockquote class=\"instagram-media\" data-instgrm-captioned data-instgrm-permalink=\"https:\/\/www.instagram.com\/reel\/DARrb6IN4Bw\/?utm_source=ig_embed&amp;utm_campaign=loading\" data-instgrm-version=\"14\" style=\" background:#FFF; border:0; border-radius:3px; box-shadow:0 0 1px 0 rgba(0,0,0,0.5),0 1px 10px 0 rgba(0,0,0,0.15); margin: 1px; max-width:540px; min-width:326px; padding:0; width:99.375%; width:-webkit-calc(100% - 2px); width:calc(100% - 2px);\"><div style=\"padding:16px;\"> <a href=\"https:\/\/www.instagram.com\/reel\/DARrb6IN4Bw\/?utm_source=ig_embed&amp;utm_campaign=loading\" style=\" background:#FFFFFF; line-height:0; padding:0 0; text-align:center; text-decoration:none; width:100%;\" target=\"_blank\" rel=\"noopener\"> <div style=\" display: flex; flex-direction: row; align-items: center;\"> <div style=\"background-color: #F4F4F4; border-radius: 50%; flex-grow: 0; height: 40px; margin-right: 14px; width: 40px;\"><\/div> <div style=\"display: flex; flex-direction: column; flex-grow: 1; justify-content: center;\"> <div style=\" background-color: #F4F4F4; border-radius: 4px; flex-grow: 0; height: 14px; margin-bottom: 6px; width: 100px;\"><\/div> <div style=\" background-color: #F4F4F4; border-radius: 4px; flex-grow: 0; height: 14px; width: 60px;\"><\/div><\/div><\/div><div style=\"padding: 19% 0;\"><\/div> <div style=\"display:block; height:50px; margin:0 auto 12px; width:50px;\"><svg width=\"50px\" height=\"50px\" viewBox=\"0 0 60 60\" version=\"1.1\" xmlns=\"https:\/\/www.w3.org\/2000\/svg\" xmlns:xlink=\"https:\/\/www.w3.org\/1999\/xlink\"><g stroke=\"none\" stroke-width=\"1\" fill=\"none\" fill-rule=\"evenodd\"><g transform=\"translate(-511.000000, -20.000000)\" fill=\"#000000\"><g><path d=\"M556.869,30.41 C554.814,30.41 553.148,32.076 553.148,34.131 C553.148,36.186 554.814,37.852 556.869,37.852 C558.924,37.852 560.59,36.186 560.59,34.131 C560.59,32.076 558.924,30.41 556.869,30.41 M541,60.657 C535.114,60.657 530.342,55.887 530.342,50 C530.342,44.114 535.114,39.342 541,39.342 C546.887,39.342 551.658,44.114 551.658,50 C551.658,55.887 546.887,60.657 541,60.657 M541,33.886 C532.1,33.886 524.886,41.1 524.886,50 C524.886,58.899 532.1,66.113 541,66.113 C549.9,66.113 557.115,58.899 557.115,50 C557.115,41.1 549.9,33.886 541,33.886 M565.378,62.101 C565.244,65.022 564.756,66.606 564.346,67.663 C563.803,69.06 563.154,70.057 562.106,71.106 C561.058,72.155 560.06,72.803 558.662,73.347 C557.607,73.757 556.021,74.244 553.102,74.378 C549.944,74.521 548.997,74.552 541,74.552 C533.003,74.552 532.056,74.521 528.898,74.378 C525.979,74.244 524.393,73.757 523.338,73.347 C521.94,72.803 520.942,72.155 519.894,71.106 C518.846,70.057 518.197,69.06 517.654,67.663 C517.244,66.606 516.755,65.022 516.623,62.101 C516.479,58.943 516.448,57.996 516.448,50 C516.448,42.003 516.479,41.056 516.623,37.899 C516.755,34.978 517.244,33.391 517.654,32.338 C518.197,30.938 518.846,29.942 519.894,28.894 C520.942,27.846 521.94,27.196 523.338,26.654 C524.393,26.244 525.979,25.756 528.898,25.623 C532.057,25.479 533.004,25.448 541,25.448 C548.997,25.448 549.943,25.479 553.102,25.623 C556.021,25.756 557.607,26.244 558.662,26.654 C560.06,27.196 561.058,27.846 562.106,28.894 C563.154,29.942 563.803,30.938 564.346,32.338 C564.756,33.391 565.244,34.978 565.378,37.899 C565.522,41.056 565.552,42.003 565.552,50 C565.552,57.996 565.522,58.943 565.378,62.101 M570.82,37.631 C570.674,34.438 570.167,32.258 569.425,30.349 C568.659,28.377 567.633,26.702 565.965,25.035 C564.297,23.368 562.623,22.342 560.652,21.575 C558.743,20.834 556.562,20.326 553.369,20.18 C550.169,20.033 549.148,20 541,20 C532.853,20 531.831,20.033 528.631,20.18 C525.438,20.326 523.257,20.834 521.349,21.575 C519.376,22.342 517.703,23.368 516.035,25.035 C514.368,26.702 513.342,28.377 512.574,30.349 C511.834,32.258 511.326,34.438 511.181,37.631 C511.035,40.831 511,41.851 511,50 C511,58.147 511.035,59.17 511.181,62.369 C511.326,65.562 511.834,67.743 512.574,69.651 C513.342,71.625 514.368,73.296 516.035,74.965 C517.703,76.634 519.376,77.658 521.349,78.425 C523.257,79.167 525.438,79.673 528.631,79.82 C531.831,79.965 532.853,80.001 541,80.001 C549.148,80.001 550.169,79.965 553.369,79.82 C556.562,79.673 558.743,79.167 560.652,78.425 C562.623,77.658 564.297,76.634 565.965,74.965 C567.633,73.296 568.659,71.625 569.425,69.651 C570.167,67.743 570.674,65.562 570.82,62.369 C570.966,59.17 571,58.147 571,50 C571,41.851 570.966,40.831 570.82,37.631\"><\/path><\/g><\/g><\/g><\/svg><\/div><div style=\"padding-top: 8px;\"> <div style=\" color:#3897f0; font-family:Arial,sans-serif; font-size:14px; font-style:normal; font-weight:550; line-height:18px;\">Ver esta publicaci\u00f3n en Instagram<\/div><\/div><div style=\"padding: 12.5% 0;\"><\/div> <div style=\"display: flex; flex-direction: row; margin-bottom: 14px; align-items: center;\"><div> <div style=\"background-color: #F4F4F4; border-radius: 50%; height: 12.5px; width: 12.5px; transform: translateX(0px) translateY(7px);\"><\/div> <div style=\"background-color: #F4F4F4; height: 12.5px; transform: rotate(-45deg) translateX(3px) translateY(1px); width: 12.5px; flex-grow: 0; margin-right: 14px; margin-left: 2px;\"><\/div> <div style=\"background-color: #F4F4F4; border-radius: 50%; height: 12.5px; width: 12.5px; transform: translateX(9px) translateY(-18px);\"><\/div><\/div><div style=\"margin-left: 8px;\"> <div style=\" background-color: #F4F4F4; border-radius: 50%; flex-grow: 0; height: 20px; width: 20px;\"><\/div> <div style=\" width: 0; height: 0; border-top: 2px solid transparent; border-left: 6px solid #f4f4f4; border-bottom: 2px solid transparent; transform: translateX(16px) translateY(-4px) rotate(30deg)\"><\/div><\/div><div style=\"margin-left: auto;\"> <div style=\" width: 0px; border-top: 8px solid #F4F4F4; border-right: 8px solid transparent; transform: translateY(16px);\"><\/div> <div style=\" background-color: #F4F4F4; flex-grow: 0; height: 12px; width: 16px; transform: translateY(-4px);\"><\/div> <div style=\" width: 0; height: 0; border-top: 8px solid #F4F4F4; border-left: 8px solid transparent; transform: translateY(-4px) translateX(8px);\"><\/div><\/div><\/div> <div style=\"display: flex; flex-direction: column; flex-grow: 1; justify-content: center; margin-bottom: 24px;\"> <div style=\" background-color: #F4F4F4; border-radius: 4px; flex-grow: 0; height: 14px; margin-bottom: 6px; width: 224px;\"><\/div> <div style=\" background-color: #F4F4F4; border-radius: 4px; flex-grow: 0; height: 14px; width: 144px;\"><\/div><\/div><\/a><p style=\" color:#c9c8cd; font-family:Arial,sans-serif; font-size:14px; line-height:17px; margin-bottom:0; margin-top:8px; overflow:hidden; padding:8px 0 7px; text-align:center; text-overflow:ellipsis; white-space:nowrap;\"><a href=\"https:\/\/www.instagram.com\/reel\/DARrb6IN4Bw\/?utm_source=ig_embed&amp;utm_campaign=loading\" style=\" color:#c9c8cd; font-family:Arial,sans-serif; font-size:14px; font-style:normal; font-weight:normal; line-height:17px; text-decoration:none;\" target=\"_blank\" rel=\"noopener\">Una publicaci\u00f3n compartida por Beli (@belindapop)<\/a><\/p><\/div><\/blockquote>\n<script async src=\"\/\/www.instagram.com\/embed.js\"><\/script>\n\n\n\n<h2 class=\"wp-block-heading\">Emma Coronel muestra su admiraci\u00f3n por Belinda<\/h2>\n\n\n\n<p>El incidente tambi\u00e9n despert\u00f3 varias reacciones en redes sociales, una de las m\u00e1s destacadas fue la de Emma Coronel, esposa de Joaqu\u00edn&nbsp;<em>El Chapo<\/em>&nbsp;Guzm\u00e1n. Coronel, quien hab\u00eda debutado como modelo en la Milan Fashion Week 2024&nbsp;<strong>poco antes del desfile de Belinda, expres\u00f3 su apoyo en Instagram diciendo:<\/strong><\/p>\n\n\n\n<blockquote class=\"wp-block-quote is-layout-flow wp-block-quote-is-layout-flow\">\n<p>\u201cDespu\u00e9s de ayer yo tengo millones de aplausos para @belindapop\u201d. Su mensaje fue acompa\u00f1ado de emojis de aplausos y estrellas, mostrando su admiraci\u00f3n por la cantante mexicana.<\/p>\n<\/blockquote>\n\n\n\n<figure class=\"wp-block-image\"><img decoding=\"async\" src=\"data:image\/gif;base64,R0lGODlhAQABAAAAACH5BAEKAAEALAAAAAABAAEAAAICTAEAOw==\" data-src=\"https:\/\/cdn2.excelsior.com.mx\/media\/inside-the-note\/pictures\/2024\/09\/24\/emma_coronel_historia.jpg\" alt=\"Emma Coronel \" class=\"lazyload\" title=\"\"\/><\/figure>\n\n\n\n<p><a href=\"https:\/\/www.seedtag.com\/?utm_source=seedtag_publisher&amp;utm_medium=seedtag_tag&amp;utm_campaign=tag\" target=\"_blank\" rel=\"noreferrer noopener\"><\/a><\/p>\n\n\n\n<p>Coronel, quien desfil\u00f3 en el ic\u00f3nico Palazzo Serbelloni durante la semana de la moda en Mil\u00e1n, tambi\u00e9n tuvo su momento de protagonismo. Vestida con modelos dise\u00f1ados por April Black Diamond,<strong>&nbsp;fue la encargada de abrir y cerrar el desfile,<\/strong>&nbsp;el cual present\u00f3 vestidos de corte princesa para la temporada primavera\/verano 2025.<\/p>\n\n\n\n<h2 class=\"wp-block-heading\">Emma Coronel y su participaci\u00f3n en Milan Fashion Week<\/h2>\n\n\n\n<p>La participaci\u00f3n de<strong>\u00a0Emma Coronel en la Milan Fashion Week\u00a0no ha pasado desapercibida<\/strong>\u00a0debido a su controvertido pasado, marcado por su relaci\u00f3n con el crimen organizado.<\/p>\n\n\n\n<p>Sin embargo, la dise\u00f1adora April Black Diamond la eligi\u00f3&nbsp;<strong>como modelo principal por su historia de resiliencia.<\/strong><\/p>\n\n\n\n<figure class=\"wp-block-image\"><img decoding=\"async\" src=\"data:image\/gif;base64,R0lGODlhAQABAAAAACH5BAEKAAEALAAAAAABAAEAAAICTAEAOw==\" data-src=\"https:\/\/cdn2.excelsior.com.mx\/media\/inside-the-note\/pictures\/2024\/09\/24\/emma_coronel_2.jpg\" alt=\"Emma Coronel \" class=\"lazyload\" title=\"\"\/><\/figure>\n\n\n\n<blockquote class=\"wp-block-quote is-layout-flow wp-block-quote-is-layout-flow\">\n<p>\u201cElla no es solo una modelo para nuestros vestidos, es un ejemplo de fortaleza, valent\u00eda y esperanza. Su viaje desde un pasado problem\u00e1tico hacia un futuro prometedor encarna el mensaje que quiero transmitir con esta colecci\u00f3n: nunca es tarde para cambiar tu vida, y toda mujer merece la oportunidad de caminar con orgullo y confianza, sin importar de d\u00f3nde venga\u201d, dijo la dise\u00f1adora.<\/p>\n<\/blockquote>\n\n\n\n<p>Adem\u00e1s, d\u00edas antes del desfile en Mil\u00e1n, Coronel y el equipo de la dise\u00f1adora hab\u00edan emocionado a sus seguidores con&nbsp;<strong>un video en el Times Square de Nueva York, uno de los lugares m\u00e1s reconocidos&nbsp;<\/strong>para publicidad a nivel mundial. El video mostraba extractos de su sesi\u00f3n de fotos, invitando al p\u00fablico a seguir la pasarela.<\/p>\n","protected":false},"excerpt":{"rendered":"<p>El lunes 23 de septiembre\u00a0Belinda vivi\u00f3 un momento inc\u00f3modo durante el desfile de la reconocida\u00a0firma de cosm\u00e9ticos L\u2019Or\u00e9al en la Fashion Week de Par\u00eds. La cantante, quien previamente hab\u00eda expresado en sus redes sociales lo emocionada que estaba por formar parte de este evento,\u00a0sufri\u00f3 una ca\u00edda mientras desfilaba\u00a0en la Place de l\u2019Op\u00e9ra. El desfile, que [&hellip;]<\/p>\n","protected":false},"author":1,"featured_media":22325,"comment_status":"closed","ping_status":"closed","sticky":false,"template":"","format":"aside","meta":{"googlesitekit_rrm_CAowytPeCw:productID":"","footnotes":""},"categories":[5063],"tags":[231],"class_list":["post-22324","post","type-post","status-publish","format-aside","has-post-thumbnail","hentry","category-redes-sociales","tag-belinda","post_format-post-format-aside"],"yoast_head":"<!-- This site is optimized with the Yoast SEO plugin v27.5 - https:\/\/yoast.com\/product\/yoast-seo-wordpress\/ -->\n<title>Emma Coronel demuestra su admiraci\u00f3n por Belinda tras su ca\u00edda en pasarela de moda |<\/title>\n<meta name=\"robots\" content=\"index, follow, max-snippet:-1, max-image-preview:large, max-video-preview:-1\" \/>\n<link rel=\"canonical\" href=\"https:\/\/conexionnacional.mx\/index.php\/2024\/09\/24\/emma-coronel-demuestra-su-admiracion-por-belinda-tras-su-caida-en-pasarela-de-moda\/\" \/>\n<meta property=\"og:locale\" content=\"es_MX\" \/>\n<meta property=\"og:type\" content=\"article\" \/>\n<meta property=\"og:title\" content=\"Emma Coronel demuestra su admiraci\u00f3n por Belinda tras su ca\u00edda en pasarela de moda |\" \/>\n<meta property=\"og:description\" content=\"El lunes 23 de septiembre\u00a0Belinda vivi\u00f3 un momento inc\u00f3modo durante el desfile de la reconocida\u00a0firma de cosm\u00e9ticos L\u2019Or\u00e9al en la Fashion Week de Par\u00eds. La cantante, quien previamente hab\u00eda expresado en sus redes sociales lo emocionada que estaba por formar parte de este evento,\u00a0sufri\u00f3 una ca\u00edda mientras desfilaba\u00a0en la Place de l\u2019Op\u00e9ra. El desfile, que [&hellip;]\" \/>\n<meta property=\"og:url\" content=\"https:\/\/conexionnacional.mx\/index.php\/2024\/09\/24\/emma-coronel-demuestra-su-admiracion-por-belinda-tras-su-caida-en-pasarela-de-moda\/\" \/>\n<meta property=\"og:site_name\" content=\"Conexi\u00f3n Nacional\" \/>\n<meta property=\"article:publisher\" content=\"https:\/\/www.facebook.com\/cnmxradio\" \/>\n<meta property=\"article:published_time\" content=\"2024-09-24T17:53:08+00:00\" \/>\n<meta property=\"article:modified_time\" content=\"2024-09-24T17:53:11+00:00\" \/>\n<meta property=\"og:image\" content=\"https:\/\/conexionnacional.mx\/wp-content\/uploads\/2024\/09\/3184504.webp\" \/>\n\t<meta property=\"og:image:width\" content=\"800\" \/>\n\t<meta property=\"og:image:height\" content=\"600\" \/>\n\t<meta property=\"og:image:type\" content=\"image\/webp\" \/>\n<meta name=\"author\" content=\"Conexi\u00f3n Nacional\" \/>\n<meta name=\"twitter:card\" content=\"summary_large_image\" \/>\n<meta name=\"twitter:label1\" content=\"Escrito por\" \/>\n\t<meta name=\"twitter:data1\" content=\"Conexi\u00f3n Nacional\" \/>\n\t<meta name=\"twitter:label2\" content=\"Tiempo de lectura\" \/>\n\t<meta name=\"twitter:data2\" content=\"4 minutos\" \/>\n<script type=\"application\/ld+json\" class=\"yoast-schema-graph\">{\"@context\":\"https:\\\/\\\/schema.org\",\"@graph\":[{\"@type\":\"Article\",\"@id\":\"https:\\\/\\\/conexionnacional.mx\\\/index.php\\\/2024\\\/09\\\/24\\\/emma-coronel-demuestra-su-admiracion-por-belinda-tras-su-caida-en-pasarela-de-moda\\\/#article\",\"isPartOf\":{\"@id\":\"https:\\\/\\\/conexionnacional.mx\\\/index.php\\\/2024\\\/09\\\/24\\\/emma-coronel-demuestra-su-admiracion-por-belinda-tras-su-caida-en-pasarela-de-moda\\\/\"},\"author\":{\"name\":\"Conexi\u00f3n Nacional\",\"@id\":\"https:\\\/\\\/conexionnacional.mx\\\/#\\\/schema\\\/person\\\/dd14aeda902120f5e0e021903fdb6931\"},\"headline\":\"Emma Coronel demuestra su admiraci\u00f3n por Belinda tras su ca\u00edda en pasarela de moda\",\"datePublished\":\"2024-09-24T17:53:08+00:00\",\"dateModified\":\"2024-09-24T17:53:11+00:00\",\"mainEntityOfPage\":{\"@id\":\"https:\\\/\\\/conexionnacional.mx\\\/index.php\\\/2024\\\/09\\\/24\\\/emma-coronel-demuestra-su-admiracion-por-belinda-tras-su-caida-en-pasarela-de-moda\\\/\"},\"wordCount\":675,\"publisher\":{\"@id\":\"https:\\\/\\\/conexionnacional.mx\\\/#organization\"},\"image\":{\"@id\":\"https:\\\/\\\/conexionnacional.mx\\\/index.php\\\/2024\\\/09\\\/24\\\/emma-coronel-demuestra-su-admiracion-por-belinda-tras-su-caida-en-pasarela-de-moda\\\/#primaryimage\"},\"thumbnailUrl\":\"https:\\\/\\\/conexionnacional.mx\\\/wp-content\\\/uploads\\\/2024\\\/09\\\/3184504.webp\",\"keywords\":[\"Belinda\"],\"articleSection\":[\"Redes Sociales\"],\"inLanguage\":\"es\"},{\"@type\":\"WebPage\",\"@id\":\"https:\\\/\\\/conexionnacional.mx\\\/index.php\\\/2024\\\/09\\\/24\\\/emma-coronel-demuestra-su-admiracion-por-belinda-tras-su-caida-en-pasarela-de-moda\\\/\",\"url\":\"https:\\\/\\\/conexionnacional.mx\\\/index.php\\\/2024\\\/09\\\/24\\\/emma-coronel-demuestra-su-admiracion-por-belinda-tras-su-caida-en-pasarela-de-moda\\\/\",\"name\":\"Emma Coronel demuestra su admiraci\u00f3n por Belinda tras su ca\u00edda en pasarela de moda |\",\"isPartOf\":{\"@id\":\"https:\\\/\\\/conexionnacional.mx\\\/#website\"},\"primaryImageOfPage\":{\"@id\":\"https:\\\/\\\/conexionnacional.mx\\\/index.php\\\/2024\\\/09\\\/24\\\/emma-coronel-demuestra-su-admiracion-por-belinda-tras-su-caida-en-pasarela-de-moda\\\/#primaryimage\"},\"image\":{\"@id\":\"https:\\\/\\\/conexionnacional.mx\\\/index.php\\\/2024\\\/09\\\/24\\\/emma-coronel-demuestra-su-admiracion-por-belinda-tras-su-caida-en-pasarela-de-moda\\\/#primaryimage\"},\"thumbnailUrl\":\"https:\\\/\\\/conexionnacional.mx\\\/wp-content\\\/uploads\\\/2024\\\/09\\\/3184504.webp\",\"datePublished\":\"2024-09-24T17:53:08+00:00\",\"dateModified\":\"2024-09-24T17:53:11+00:00\",\"breadcrumb\":{\"@id\":\"https:\\\/\\\/conexionnacional.mx\\\/index.php\\\/2024\\\/09\\\/24\\\/emma-coronel-demuestra-su-admiracion-por-belinda-tras-su-caida-en-pasarela-de-moda\\\/#breadcrumb\"},\"inLanguage\":\"es\",\"potentialAction\":[{\"@type\":\"ReadAction\",\"target\":[\"https:\\\/\\\/conexionnacional.mx\\\/index.php\\\/2024\\\/09\\\/24\\\/emma-coronel-demuestra-su-admiracion-por-belinda-tras-su-caida-en-pasarela-de-moda\\\/\"]}]},{\"@type\":\"ImageObject\",\"inLanguage\":\"es\",\"@id\":\"https:\\\/\\\/conexionnacional.mx\\\/index.php\\\/2024\\\/09\\\/24\\\/emma-coronel-demuestra-su-admiracion-por-belinda-tras-su-caida-en-pasarela-de-moda\\\/#primaryimage\",\"url\":\"https:\\\/\\\/conexionnacional.mx\\\/wp-content\\\/uploads\\\/2024\\\/09\\\/3184504.webp\",\"contentUrl\":\"https:\\\/\\\/conexionnacional.mx\\\/wp-content\\\/uploads\\\/2024\\\/09\\\/3184504.webp\",\"width\":800,\"height\":600},{\"@type\":\"BreadcrumbList\",\"@id\":\"https:\\\/\\\/conexionnacional.mx\\\/index.php\\\/2024\\\/09\\\/24\\\/emma-coronel-demuestra-su-admiracion-por-belinda-tras-su-caida-en-pasarela-de-moda\\\/#breadcrumb\",\"itemListElement\":[{\"@type\":\"ListItem\",\"position\":1,\"name\":\"Inicio\",\"item\":\"https:\\\/\\\/conexionnacional.mx\\\/\"},{\"@type\":\"ListItem\",\"position\":2,\"name\":\"Emma Coronel demuestra su admiraci\u00f3n por Belinda tras su ca\u00edda en pasarela de moda\"}]},{\"@type\":\"WebSite\",\"@id\":\"https:\\\/\\\/conexionnacional.mx\\\/#website\",\"url\":\"https:\\\/\\\/conexionnacional.mx\\\/\",\"name\":\"Conexi\u00f3n Nacional\",\"description\":\"Noticias al momento\",\"publisher\":{\"@id\":\"https:\\\/\\\/conexionnacional.mx\\\/#organization\"},\"alternateName\":\"Noticias nacionales\",\"potentialAction\":[{\"@type\":\"SearchAction\",\"target\":{\"@type\":\"EntryPoint\",\"urlTemplate\":\"https:\\\/\\\/conexionnacional.mx\\\/?s={search_term_string}\"},\"query-input\":{\"@type\":\"PropertyValueSpecification\",\"valueRequired\":true,\"valueName\":\"search_term_string\"}}],\"inLanguage\":\"es\"},{\"@type\":\"Organization\",\"@id\":\"https:\\\/\\\/conexionnacional.mx\\\/#organization\",\"name\":\"Conexi\u00f3n Nacional\",\"url\":\"https:\\\/\\\/conexionnacional.mx\\\/\",\"logo\":{\"@type\":\"ImageObject\",\"inLanguage\":\"es\",\"@id\":\"https:\\\/\\\/conexionnacional.mx\\\/#\\\/schema\\\/logo\\\/image\\\/\",\"url\":\"https:\\\/\\\/conexionnacional.mx\\\/wp-content\\\/uploads\\\/2022\\\/09\\\/conexion_nacional.png\",\"contentUrl\":\"https:\\\/\\\/conexionnacional.mx\\\/wp-content\\\/uploads\\\/2022\\\/09\\\/conexion_nacional.png\",\"width\":2964,\"height\":1173,\"caption\":\"Conexi\u00f3n Nacional\"},\"image\":{\"@id\":\"https:\\\/\\\/conexionnacional.mx\\\/#\\\/schema\\\/logo\\\/image\\\/\"},\"sameAs\":[\"https:\\\/\\\/www.facebook.com\\\/cnmxradio\"]},{\"@type\":\"Person\",\"@id\":\"https:\\\/\\\/conexionnacional.mx\\\/#\\\/schema\\\/person\\\/dd14aeda902120f5e0e021903fdb6931\",\"name\":\"Conexi\u00f3n Nacional\",\"image\":{\"@type\":\"ImageObject\",\"inLanguage\":\"es\",\"@id\":\"https:\\\/\\\/secure.gravatar.com\\\/avatar\\\/e523100f284110b2ecca7e17b2be9cf140a5e8f35294c9ec0543e6916cc1f9be?s=96&d=blank&r=g\",\"url\":\"https:\\\/\\\/secure.gravatar.com\\\/avatar\\\/e523100f284110b2ecca7e17b2be9cf140a5e8f35294c9ec0543e6916cc1f9be?s=96&d=blank&r=g\",\"contentUrl\":\"https:\\\/\\\/secure.gravatar.com\\\/avatar\\\/e523100f284110b2ecca7e17b2be9cf140a5e8f35294c9ec0543e6916cc1f9be?s=96&d=blank&r=g\",\"caption\":\"Conexi\u00f3n Nacional\"},\"sameAs\":[\"https:\\\/\\\/conexionnacional.mx\"],\"url\":\"https:\\\/\\\/conexionnacional.mx\\\/index.php\\\/author\\\/administrador\\\/\"}]}<\/script>\n<!-- \/ Yoast SEO plugin. -->","yoast_head_json":{"title":"Emma Coronel demuestra su admiraci\u00f3n por Belinda tras su ca\u00edda en pasarela de moda |","robots":{"index":"index","follow":"follow","max-snippet":"max-snippet:-1","max-image-preview":"max-image-preview:large","max-video-preview":"max-video-preview:-1"},"canonical":"https:\/\/conexionnacional.mx\/index.php\/2024\/09\/24\/emma-coronel-demuestra-su-admiracion-por-belinda-tras-su-caida-en-pasarela-de-moda\/","og_locale":"es_MX","og_type":"article","og_title":"Emma Coronel demuestra su admiraci\u00f3n por Belinda tras su ca\u00edda en pasarela de moda |","og_description":"El lunes 23 de septiembre\u00a0Belinda vivi\u00f3 un momento inc\u00f3modo durante el desfile de la reconocida\u00a0firma de cosm\u00e9ticos L\u2019Or\u00e9al en la Fashion Week de Par\u00eds. La cantante, quien previamente hab\u00eda expresado en sus redes sociales lo emocionada que estaba por formar parte de este evento,\u00a0sufri\u00f3 una ca\u00edda mientras desfilaba\u00a0en la Place de l\u2019Op\u00e9ra. El desfile, que [&hellip;]","og_url":"https:\/\/conexionnacional.mx\/index.php\/2024\/09\/24\/emma-coronel-demuestra-su-admiracion-por-belinda-tras-su-caida-en-pasarela-de-moda\/","og_site_name":"Conexi\u00f3n Nacional","article_publisher":"https:\/\/www.facebook.com\/cnmxradio","article_published_time":"2024-09-24T17:53:08+00:00","article_modified_time":"2024-09-24T17:53:11+00:00","og_image":[{"width":800,"height":600,"url":"https:\/\/conexionnacional.mx\/wp-content\/uploads\/2024\/09\/3184504.webp","type":"image\/webp"}],"author":"Conexi\u00f3n Nacional","twitter_card":"summary_large_image","twitter_misc":{"Escrito por":"Conexi\u00f3n Nacional","Tiempo de lectura":"4 minutos"},"schema":{"@context":"https:\/\/schema.org","@graph":[{"@type":"Article","@id":"https:\/\/conexionnacional.mx\/index.php\/2024\/09\/24\/emma-coronel-demuestra-su-admiracion-por-belinda-tras-su-caida-en-pasarela-de-moda\/#article","isPartOf":{"@id":"https:\/\/conexionnacional.mx\/index.php\/2024\/09\/24\/emma-coronel-demuestra-su-admiracion-por-belinda-tras-su-caida-en-pasarela-de-moda\/"},"author":{"name":"Conexi\u00f3n Nacional","@id":"https:\/\/conexionnacional.mx\/#\/schema\/person\/dd14aeda902120f5e0e021903fdb6931"},"headline":"Emma Coronel demuestra su admiraci\u00f3n por Belinda tras su ca\u00edda en pasarela de moda","datePublished":"2024-09-24T17:53:08+00:00","dateModified":"2024-09-24T17:53:11+00:00","mainEntityOfPage":{"@id":"https:\/\/conexionnacional.mx\/index.php\/2024\/09\/24\/emma-coronel-demuestra-su-admiracion-por-belinda-tras-su-caida-en-pasarela-de-moda\/"},"wordCount":675,"publisher":{"@id":"https:\/\/conexionnacional.mx\/#organization"},"image":{"@id":"https:\/\/conexionnacional.mx\/index.php\/2024\/09\/24\/emma-coronel-demuestra-su-admiracion-por-belinda-tras-su-caida-en-pasarela-de-moda\/#primaryimage"},"thumbnailUrl":"https:\/\/conexionnacional.mx\/wp-content\/uploads\/2024\/09\/3184504.webp","keywords":["Belinda"],"articleSection":["Redes Sociales"],"inLanguage":"es"},{"@type":"WebPage","@id":"https:\/\/conexionnacional.mx\/index.php\/2024\/09\/24\/emma-coronel-demuestra-su-admiracion-por-belinda-tras-su-caida-en-pasarela-de-moda\/","url":"https:\/\/conexionnacional.mx\/index.php\/2024\/09\/24\/emma-coronel-demuestra-su-admiracion-por-belinda-tras-su-caida-en-pasarela-de-moda\/","name":"Emma Coronel demuestra su admiraci\u00f3n por Belinda tras su ca\u00edda en pasarela de moda |","isPartOf":{"@id":"https:\/\/conexionnacional.mx\/#website"},"primaryImageOfPage":{"@id":"https:\/\/conexionnacional.mx\/index.php\/2024\/09\/24\/emma-coronel-demuestra-su-admiracion-por-belinda-tras-su-caida-en-pasarela-de-moda\/#primaryimage"},"image":{"@id":"https:\/\/conexionnacional.mx\/index.php\/2024\/09\/24\/emma-coronel-demuestra-su-admiracion-por-belinda-tras-su-caida-en-pasarela-de-moda\/#primaryimage"},"thumbnailUrl":"https:\/\/conexionnacional.mx\/wp-content\/uploads\/2024\/09\/3184504.webp","datePublished":"2024-09-24T17:53:08+00:00","dateModified":"2024-09-24T17:53:11+00:00","breadcrumb":{"@id":"https:\/\/conexionnacional.mx\/index.php\/2024\/09\/24\/emma-coronel-demuestra-su-admiracion-por-belinda-tras-su-caida-en-pasarela-de-moda\/#breadcrumb"},"inLanguage":"es","potentialAction":[{"@type":"ReadAction","target":["https:\/\/conexionnacional.mx\/index.php\/2024\/09\/24\/emma-coronel-demuestra-su-admiracion-por-belinda-tras-su-caida-en-pasarela-de-moda\/"]}]},{"@type":"ImageObject","inLanguage":"es","@id":"https:\/\/conexionnacional.mx\/index.php\/2024\/09\/24\/emma-coronel-demuestra-su-admiracion-por-belinda-tras-su-caida-en-pasarela-de-moda\/#primaryimage","url":"https:\/\/conexionnacional.mx\/wp-content\/uploads\/2024\/09\/3184504.webp","contentUrl":"https:\/\/conexionnacional.mx\/wp-content\/uploads\/2024\/09\/3184504.webp","width":800,"height":600},{"@type":"BreadcrumbList","@id":"https:\/\/conexionnacional.mx\/index.php\/2024\/09\/24\/emma-coronel-demuestra-su-admiracion-por-belinda-tras-su-caida-en-pasarela-de-moda\/#breadcrumb","itemListElement":[{"@type":"ListItem","position":1,"name":"Inicio","item":"https:\/\/conexionnacional.mx\/"},{"@type":"ListItem","position":2,"name":"Emma Coronel demuestra su admiraci\u00f3n por Belinda tras su ca\u00edda en pasarela de moda"}]},{"@type":"WebSite","@id":"https:\/\/conexionnacional.mx\/#website","url":"https:\/\/conexionnacional.mx\/","name":"Conexi\u00f3n Nacional","description":"Noticias al momento","publisher":{"@id":"https:\/\/conexionnacional.mx\/#organization"},"alternateName":"Noticias nacionales","potentialAction":[{"@type":"SearchAction","target":{"@type":"EntryPoint","urlTemplate":"https:\/\/conexionnacional.mx\/?s={search_term_string}"},"query-input":{"@type":"PropertyValueSpecification","valueRequired":true,"valueName":"search_term_string"}}],"inLanguage":"es"},{"@type":"Organization","@id":"https:\/\/conexionnacional.mx\/#organization","name":"Conexi\u00f3n Nacional","url":"https:\/\/conexionnacional.mx\/","logo":{"@type":"ImageObject","inLanguage":"es","@id":"https:\/\/conexionnacional.mx\/#\/schema\/logo\/image\/","url":"https:\/\/conexionnacional.mx\/wp-content\/uploads\/2022\/09\/conexion_nacional.png","contentUrl":"https:\/\/conexionnacional.mx\/wp-content\/uploads\/2022\/09\/conexion_nacional.png","width":2964,"height":1173,"caption":"Conexi\u00f3n Nacional"},"image":{"@id":"https:\/\/conexionnacional.mx\/#\/schema\/logo\/image\/"},"sameAs":["https:\/\/www.facebook.com\/cnmxradio"]},{"@type":"Person","@id":"https:\/\/conexionnacional.mx\/#\/schema\/person\/dd14aeda902120f5e0e021903fdb6931","name":"Conexi\u00f3n Nacional","image":{"@type":"ImageObject","inLanguage":"es","@id":"https:\/\/secure.gravatar.com\/avatar\/e523100f284110b2ecca7e17b2be9cf140a5e8f35294c9ec0543e6916cc1f9be?s=96&d=blank&r=g","url":"https:\/\/secure.gravatar.com\/avatar\/e523100f284110b2ecca7e17b2be9cf140a5e8f35294c9ec0543e6916cc1f9be?s=96&d=blank&r=g","contentUrl":"https:\/\/secure.gravatar.com\/avatar\/e523100f284110b2ecca7e17b2be9cf140a5e8f35294c9ec0543e6916cc1f9be?s=96&d=blank&r=g","caption":"Conexi\u00f3n Nacional"},"sameAs":["https:\/\/conexionnacional.mx"],"url":"https:\/\/conexionnacional.mx\/index.php\/author\/administrador\/"}]}},"_links":{"self":[{"href":"https:\/\/conexionnacional.mx\/index.php\/wp-json\/wp\/v2\/posts\/22324","targetHints":{"allow":["GET"]}}],"collection":[{"href":"https:\/\/conexionnacional.mx\/index.php\/wp-json\/wp\/v2\/posts"}],"about":[{"href":"https:\/\/conexionnacional.mx\/index.php\/wp-json\/wp\/v2\/types\/post"}],"author":[{"embeddable":true,"href":"https:\/\/conexionnacional.mx\/index.php\/wp-json\/wp\/v2\/users\/1"}],"replies":[{"embeddable":true,"href":"https:\/\/conexionnacional.mx\/index.php\/wp-json\/wp\/v2\/comments?post=22324"}],"version-history":[{"count":1,"href":"https:\/\/conexionnacional.mx\/index.php\/wp-json\/wp\/v2\/posts\/22324\/revisions"}],"predecessor-version":[{"id":22326,"href":"https:\/\/conexionnacional.mx\/index.php\/wp-json\/wp\/v2\/posts\/22324\/revisions\/22326"}],"wp:featuredmedia":[{"embeddable":true,"href":"https:\/\/conexionnacional.mx\/index.php\/wp-json\/wp\/v2\/media\/22325"}],"wp:attachment":[{"href":"https:\/\/conexionnacional.mx\/index.php\/wp-json\/wp\/v2\/media?parent=22324"}],"wp:term":[{"taxonomy":"category","embeddable":true,"href":"https:\/\/conexionnacional.mx\/index.php\/wp-json\/wp\/v2\/categories?post=22324"},{"taxonomy":"post_tag","embeddable":true,"href":"https:\/\/conexionnacional.mx\/index.php\/wp-json\/wp\/v2\/tags?post=22324"}],"curies":[{"name":"wp","href":"https:\/\/api.w.org\/{rel}","templated":true}]}}