{"id":22321,"date":"2024-09-24T10:11:47","date_gmt":"2024-09-24T16:11:47","guid":{"rendered":"https:\/\/conexionnacional.mx\/?p=22321"},"modified":"2024-09-24T10:11:49","modified_gmt":"2024-09-24T16:11:49","slug":"mueren-casi-500-en-libano-en-ataques-a-hezbola","status":"publish","type":"post","link":"https:\/\/conexionnacional.mx\/index.php\/2024\/09\/24\/mueren-casi-500-en-libano-en-ataques-a-hezbola\/","title":{"rendered":"Mueren casi 500 en L\u00edbano en ataques a Hezbol\u00e1"},"content":{"rendered":"\n<p>El ej\u00e9rcito de Israel bombarde\u00f3 L\u00edbano ayer en una operaci\u00f3n dirigida a objetivos del grupo Hezbol\u00e1, en las que murieron 492 personas.<\/p>\n\n\n\n<p>De los fallecidos, 24 son ni\u00f1os y 42 son mujeres; dem\u00e1s, mil 645 quedaron lesionados, seg\u00fan el conteo del Ministerio de Sanidad liban\u00e9s.<\/p>\n\n\n\n<p>En tanto, el Ej\u00e9rcito israel\u00ed afirm\u00f3 haber atacado mil 600 objetivos relacionados con Hezbol\u00e1 en el sur del L\u00edbano y el valle de Bekaa.<\/p>\n\n\n\n<blockquote class=\"wp-block-quote is-layout-flow wp-block-quote-is-layout-flow\">\n<p>Entre los objetivos atacados hab\u00eda edificios donde Hezbol\u00e1 escond\u00eda cohetes, misiles, lanzaderas, veh\u00edculos a\u00e9reos no tripulados y m\u00e1s infraestructura terrorista\u201d, expres\u00f3 la dependencia militar a trav\u00e9s de un comunicado de prensa.<\/p>\n\n\n\n<p>El contralmirante Daniel Hagari, portavoz militar israel\u00ed, report\u00f3 que la aviaci\u00f3n de su pa\u00eds se prepara para atacar armas estrat\u00e9gicas de Hezbol\u00e1 escondidas en casas del valle de Bekaa, en el este del pa\u00eds.<\/p>\n\n\n\n<p>Por lo cual, llam\u00f3 a los civiles a evacuar inmediatamente.<\/p>\n\n\n\n<blockquote class=\"wp-block-quote is-layout-flow wp-block-quote-is-layout-flow\">\n<p>Las vistas ahora desde el sur del L\u00edbano son de explosiones secundarias de armas de Hezbol\u00e1, que est\u00e1n explotando dentro de las casas\u201d, dijo Hagari en una declaraci\u00f3n televisada.<\/p>\n<\/blockquote>\n\n\n\n<p>El funcionario afirm\u00f3 que hay armas en las viviendas.<\/p>\n\n\n\n<blockquote class=\"wp-block-quote is-layout-flow wp-block-quote-is-layout-flow\">\n<p>En cada casa que estamos atacando hay armas. Cohetes, misiles, veh\u00edculos a\u00e9reos no tripulados que estaban destinados y dirigidos a matar a civiles israel\u00edes\u201d, report\u00f3.<\/p>\n<\/blockquote>\n\n\n\n<p><strong>En respuesta a los ataques, Hezbol\u00e1 dijo que hab\u00eda lanzado 156 misiles contra una base militar en el norte de Israel.<\/strong><\/p>\n\n\n\n<p>La operaci\u00f3n de ayer se registr\u00f3 luego de que la semana pasada, explotaron miles de b\u00edpers y walkie-talkies en el sur de L\u00edbano, en un atentado atribuido a la inteligencia israel\u00ed que dej\u00f3 al menos 39 muertos.<\/p>\n\n\n\n<p>Tras los intercambios de fuego m\u00e1s intensos desde que escalaron las hostilidades, Israel advirti\u00f3 a la poblaci\u00f3n libanesa que desalojara las zonas en las que, seg\u00fan su visi\u00f3n, el movimiento armado almacenaba armas.<\/p>\n\n\n\n<p>Tan es as\u00ed que el primer ministro israel\u00ed, Benjamin Netanyahu, envi\u00f3 una breve declaraci\u00f3n en video dirigida al pueblo liban\u00e9s.<\/p>\n\n\n\n<blockquote class=\"wp-block-quote is-layout-flow wp-block-quote-is-layout-flow\">\n<p>La guerra de Israel no es con ustedes, es con Hezbol\u00e1. Durante demasiado tiempo, Hezbol\u00e1 los ha usado como escudos humanos\u201d, expres\u00f3 el gobernante, en una declaraci\u00f3n similar a las operaciones en la Franja de Gaza.<\/p>\n<\/blockquote>\n\n\n\n<blockquote class=\"wp-block-quote is-layout-flow wp-block-quote-is-layout-flow\">\n<p>Promet\u00ed que cambiar\u00edamos el equilibrio de seguridad, el equilibrio de poder en el norte; eso es exactamente lo que estamos haciendo\u201d, afirm\u00f3 el mandatario.<\/p>\n<\/blockquote>\n\n\n\n<p>Su hom\u00f3logo liban\u00e9s, Najib Mikati, denunci\u00f3 un plan de destrucci\u00f3n contra su pa\u00eds, y llam\u00f3 a Naciones Unidas y a los \u201cpa\u00edses influyentes\u201d a disuadir al gobierno israel\u00ed de esta \u201cagresi\u00f3n\u201d respecto a la operaci\u00f3n que dej\u00f3 el peor saldo en L\u00edbano desde 2006.<\/p>\n\n\n\n<p><strong>Tras casi un a\u00f1o de guerra contra Ham\u00e1s en el enclave palestino, en su frontera sur, Israel se est\u00e1 centrando en la frontera norte, donde Hezbol\u00e1 ha estado lanzando cohetes.<\/strong><\/p>\n\n\n\n<p>Por lo cual, L\u00edbano dispuso de 89 refugios temporales en escuelas y similares, con capacidad para m\u00e1s de 26 mil personas.<\/p>\n\n\n\n<p>Ir\u00e1n, aliado de Hezbol\u00e1, advirti\u00f3 el lunes a Israel de \u201clas consecuencias peligrosas\u201d que tendr\u00e1n sus ataques en L\u00edbano.<\/p>\n\n\n\n<p>Por su parte, el movimiento islamista palestino Ham\u00e1s denunci\u00f3 una \u201cagresi\u00f3n salvaje\u201d.<\/p>\n<\/blockquote>\n","protected":false},"excerpt":{"rendered":"<p>El ej\u00e9rcito de Israel bombarde\u00f3 L\u00edbano ayer en una operaci\u00f3n dirigida a objetivos del grupo Hezbol\u00e1, en las que murieron 492 personas. De los fallecidos, 24 son ni\u00f1os y 42 son mujeres; dem\u00e1s, mil 645 quedaron lesionados, seg\u00fan el conteo del Ministerio de Sanidad liban\u00e9s. En tanto, el Ej\u00e9rcito israel\u00ed afirm\u00f3 haber atacado mil 600 [&hellip;]<\/p>\n","protected":false},"author":1,"featured_media":22322,"comment_status":"closed","ping_status":"closed","sticky":false,"template":"","format":"aside","meta":{"googlesitekit_rrm_CAowytPeCw:productID":"","footnotes":""},"categories":[8],"tags":[742],"class_list":["post-22321","post","type-post","status-publish","format-aside","has-post-thumbnail","hentry","category-internacional","tag-libano","post_format-post-format-aside"],"yoast_head":"<!-- This site is optimized with the Yoast SEO plugin v27.5 - https:\/\/yoast.com\/product\/yoast-seo-wordpress\/ -->\n<title>Mueren casi 500 en L\u00edbano en ataques a Hezbol\u00e1 |<\/title>\n<meta name=\"robots\" content=\"index, follow, max-snippet:-1, max-image-preview:large, max-video-preview:-1\" \/>\n<link rel=\"canonical\" href=\"https:\/\/conexionnacional.mx\/index.php\/2024\/09\/24\/mueren-casi-500-en-libano-en-ataques-a-hezbola\/\" \/>\n<meta property=\"og:locale\" content=\"es_MX\" \/>\n<meta property=\"og:type\" content=\"article\" \/>\n<meta property=\"og:title\" content=\"Mueren casi 500 en L\u00edbano en ataques a Hezbol\u00e1 |\" \/>\n<meta property=\"og:description\" content=\"El ej\u00e9rcito de Israel bombarde\u00f3 L\u00edbano ayer en una operaci\u00f3n dirigida a objetivos del grupo Hezbol\u00e1, en las que murieron 492 personas. De los fallecidos, 24 son ni\u00f1os y 42 son mujeres; dem\u00e1s, mil 645 quedaron lesionados, seg\u00fan el conteo del Ministerio de Sanidad liban\u00e9s. En tanto, el Ej\u00e9rcito israel\u00ed afirm\u00f3 haber atacado mil 600 [&hellip;]\" \/>\n<meta property=\"og:url\" content=\"https:\/\/conexionnacional.mx\/index.php\/2024\/09\/24\/mueren-casi-500-en-libano-en-ataques-a-hezbola\/\" \/>\n<meta property=\"og:site_name\" content=\"Conexi\u00f3n Nacional\" \/>\n<meta property=\"article:publisher\" content=\"https:\/\/www.facebook.com\/cnmxradio\" \/>\n<meta property=\"article:published_time\" content=\"2024-09-24T16:11:47+00:00\" \/>\n<meta property=\"article:modified_time\" content=\"2024-09-24T16:11:49+00:00\" \/>\n<meta property=\"og:image\" content=\"https:\/\/conexionnacional.mx\/wp-content\/uploads\/2024\/09\/3184399.webp\" \/>\n\t<meta property=\"og:image:width\" content=\"800\" \/>\n\t<meta property=\"og:image:height\" content=\"600\" \/>\n\t<meta property=\"og:image:type\" content=\"image\/webp\" \/>\n<meta name=\"author\" content=\"Conexi\u00f3n Nacional\" \/>\n<meta name=\"twitter:card\" content=\"summary_large_image\" \/>\n<meta name=\"twitter:label1\" content=\"Escrito por\" \/>\n\t<meta name=\"twitter:data1\" content=\"Conexi\u00f3n Nacional\" \/>\n\t<meta name=\"twitter:label2\" content=\"Tiempo de lectura\" \/>\n\t<meta name=\"twitter:data2\" content=\"1 minuto\" \/>\n<script type=\"application\/ld+json\" class=\"yoast-schema-graph\">{\"@context\":\"https:\\\/\\\/schema.org\",\"@graph\":[{\"@type\":\"Article\",\"@id\":\"https:\\\/\\\/conexionnacional.mx\\\/index.php\\\/2024\\\/09\\\/24\\\/mueren-casi-500-en-libano-en-ataques-a-hezbola\\\/#article\",\"isPartOf\":{\"@id\":\"https:\\\/\\\/conexionnacional.mx\\\/index.php\\\/2024\\\/09\\\/24\\\/mueren-casi-500-en-libano-en-ataques-a-hezbola\\\/\"},\"author\":{\"name\":\"Conexi\u00f3n Nacional\",\"@id\":\"https:\\\/\\\/conexionnacional.mx\\\/#\\\/schema\\\/person\\\/dd14aeda902120f5e0e021903fdb6931\"},\"headline\":\"Mueren casi 500 en L\u00edbano en ataques a Hezbol\u00e1\",\"datePublished\":\"2024-09-24T16:11:47+00:00\",\"dateModified\":\"2024-09-24T16:11:49+00:00\",\"mainEntityOfPage\":{\"@id\":\"https:\\\/\\\/conexionnacional.mx\\\/index.php\\\/2024\\\/09\\\/24\\\/mueren-casi-500-en-libano-en-ataques-a-hezbola\\\/\"},\"wordCount\":557,\"publisher\":{\"@id\":\"https:\\\/\\\/conexionnacional.mx\\\/#organization\"},\"image\":{\"@id\":\"https:\\\/\\\/conexionnacional.mx\\\/index.php\\\/2024\\\/09\\\/24\\\/mueren-casi-500-en-libano-en-ataques-a-hezbola\\\/#primaryimage\"},\"thumbnailUrl\":\"https:\\\/\\\/conexionnacional.mx\\\/wp-content\\\/uploads\\\/2024\\\/09\\\/3184399.webp\",\"keywords\":[\"L\u00edbano\"],\"articleSection\":[\"Internacional\"],\"inLanguage\":\"es\"},{\"@type\":\"WebPage\",\"@id\":\"https:\\\/\\\/conexionnacional.mx\\\/index.php\\\/2024\\\/09\\\/24\\\/mueren-casi-500-en-libano-en-ataques-a-hezbola\\\/\",\"url\":\"https:\\\/\\\/conexionnacional.mx\\\/index.php\\\/2024\\\/09\\\/24\\\/mueren-casi-500-en-libano-en-ataques-a-hezbola\\\/\",\"name\":\"Mueren casi 500 en L\u00edbano en ataques a Hezbol\u00e1 |\",\"isPartOf\":{\"@id\":\"https:\\\/\\\/conexionnacional.mx\\\/#website\"},\"primaryImageOfPage\":{\"@id\":\"https:\\\/\\\/conexionnacional.mx\\\/index.php\\\/2024\\\/09\\\/24\\\/mueren-casi-500-en-libano-en-ataques-a-hezbola\\\/#primaryimage\"},\"image\":{\"@id\":\"https:\\\/\\\/conexionnacional.mx\\\/index.php\\\/2024\\\/09\\\/24\\\/mueren-casi-500-en-libano-en-ataques-a-hezbola\\\/#primaryimage\"},\"thumbnailUrl\":\"https:\\\/\\\/conexionnacional.mx\\\/wp-content\\\/uploads\\\/2024\\\/09\\\/3184399.webp\",\"datePublished\":\"2024-09-24T16:11:47+00:00\",\"dateModified\":\"2024-09-24T16:11:49+00:00\",\"breadcrumb\":{\"@id\":\"https:\\\/\\\/conexionnacional.mx\\\/index.php\\\/2024\\\/09\\\/24\\\/mueren-casi-500-en-libano-en-ataques-a-hezbola\\\/#breadcrumb\"},\"inLanguage\":\"es\",\"potentialAction\":[{\"@type\":\"ReadAction\",\"target\":[\"https:\\\/\\\/conexionnacional.mx\\\/index.php\\\/2024\\\/09\\\/24\\\/mueren-casi-500-en-libano-en-ataques-a-hezbola\\\/\"]}]},{\"@type\":\"ImageObject\",\"inLanguage\":\"es\",\"@id\":\"https:\\\/\\\/conexionnacional.mx\\\/index.php\\\/2024\\\/09\\\/24\\\/mueren-casi-500-en-libano-en-ataques-a-hezbola\\\/#primaryimage\",\"url\":\"https:\\\/\\\/conexionnacional.mx\\\/wp-content\\\/uploads\\\/2024\\\/09\\\/3184399.webp\",\"contentUrl\":\"https:\\\/\\\/conexionnacional.mx\\\/wp-content\\\/uploads\\\/2024\\\/09\\\/3184399.webp\",\"width\":800,\"height\":600},{\"@type\":\"BreadcrumbList\",\"@id\":\"https:\\\/\\\/conexionnacional.mx\\\/index.php\\\/2024\\\/09\\\/24\\\/mueren-casi-500-en-libano-en-ataques-a-hezbola\\\/#breadcrumb\",\"itemListElement\":[{\"@type\":\"ListItem\",\"position\":1,\"name\":\"Inicio\",\"item\":\"https:\\\/\\\/conexionnacional.mx\\\/\"},{\"@type\":\"ListItem\",\"position\":2,\"name\":\"Mueren casi 500 en L\u00edbano en ataques a Hezbol\u00e1\"}]},{\"@type\":\"WebSite\",\"@id\":\"https:\\\/\\\/conexionnacional.mx\\\/#website\",\"url\":\"https:\\\/\\\/conexionnacional.mx\\\/\",\"name\":\"Conexi\u00f3n Nacional\",\"description\":\"Noticias al momento\",\"publisher\":{\"@id\":\"https:\\\/\\\/conexionnacional.mx\\\/#organization\"},\"alternateName\":\"Noticias nacionales\",\"potentialAction\":[{\"@type\":\"SearchAction\",\"target\":{\"@type\":\"EntryPoint\",\"urlTemplate\":\"https:\\\/\\\/conexionnacional.mx\\\/?s={search_term_string}\"},\"query-input\":{\"@type\":\"PropertyValueSpecification\",\"valueRequired\":true,\"valueName\":\"search_term_string\"}}],\"inLanguage\":\"es\"},{\"@type\":\"Organization\",\"@id\":\"https:\\\/\\\/conexionnacional.mx\\\/#organization\",\"name\":\"Conexi\u00f3n Nacional\",\"url\":\"https:\\\/\\\/conexionnacional.mx\\\/\",\"logo\":{\"@type\":\"ImageObject\",\"inLanguage\":\"es\",\"@id\":\"https:\\\/\\\/conexionnacional.mx\\\/#\\\/schema\\\/logo\\\/image\\\/\",\"url\":\"https:\\\/\\\/conexionnacional.mx\\\/wp-content\\\/uploads\\\/2022\\\/09\\\/conexion_nacional.png\",\"contentUrl\":\"https:\\\/\\\/conexionnacional.mx\\\/wp-content\\\/uploads\\\/2022\\\/09\\\/conexion_nacional.png\",\"width\":2964,\"height\":1173,\"caption\":\"Conexi\u00f3n Nacional\"},\"image\":{\"@id\":\"https:\\\/\\\/conexionnacional.mx\\\/#\\\/schema\\\/logo\\\/image\\\/\"},\"sameAs\":[\"https:\\\/\\\/www.facebook.com\\\/cnmxradio\"]},{\"@type\":\"Person\",\"@id\":\"https:\\\/\\\/conexionnacional.mx\\\/#\\\/schema\\\/person\\\/dd14aeda902120f5e0e021903fdb6931\",\"name\":\"Conexi\u00f3n Nacional\",\"image\":{\"@type\":\"ImageObject\",\"inLanguage\":\"es\",\"@id\":\"https:\\\/\\\/secure.gravatar.com\\\/avatar\\\/e523100f284110b2ecca7e17b2be9cf140a5e8f35294c9ec0543e6916cc1f9be?s=96&d=blank&r=g\",\"url\":\"https:\\\/\\\/secure.gravatar.com\\\/avatar\\\/e523100f284110b2ecca7e17b2be9cf140a5e8f35294c9ec0543e6916cc1f9be?s=96&d=blank&r=g\",\"contentUrl\":\"https:\\\/\\\/secure.gravatar.com\\\/avatar\\\/e523100f284110b2ecca7e17b2be9cf140a5e8f35294c9ec0543e6916cc1f9be?s=96&d=blank&r=g\",\"caption\":\"Conexi\u00f3n Nacional\"},\"sameAs\":[\"https:\\\/\\\/conexionnacional.mx\"],\"url\":\"https:\\\/\\\/conexionnacional.mx\\\/index.php\\\/author\\\/administrador\\\/\"}]}<\/script>\n<!-- \/ Yoast SEO plugin. -->","yoast_head_json":{"title":"Mueren casi 500 en L\u00edbano en ataques a Hezbol\u00e1 |","robots":{"index":"index","follow":"follow","max-snippet":"max-snippet:-1","max-image-preview":"max-image-preview:large","max-video-preview":"max-video-preview:-1"},"canonical":"https:\/\/conexionnacional.mx\/index.php\/2024\/09\/24\/mueren-casi-500-en-libano-en-ataques-a-hezbola\/","og_locale":"es_MX","og_type":"article","og_title":"Mueren casi 500 en L\u00edbano en ataques a Hezbol\u00e1 |","og_description":"El ej\u00e9rcito de Israel bombarde\u00f3 L\u00edbano ayer en una operaci\u00f3n dirigida a objetivos del grupo Hezbol\u00e1, en las que murieron 492 personas. De los fallecidos, 24 son ni\u00f1os y 42 son mujeres; dem\u00e1s, mil 645 quedaron lesionados, seg\u00fan el conteo del Ministerio de Sanidad liban\u00e9s. En tanto, el Ej\u00e9rcito israel\u00ed afirm\u00f3 haber atacado mil 600 [&hellip;]","og_url":"https:\/\/conexionnacional.mx\/index.php\/2024\/09\/24\/mueren-casi-500-en-libano-en-ataques-a-hezbola\/","og_site_name":"Conexi\u00f3n Nacional","article_publisher":"https:\/\/www.facebook.com\/cnmxradio","article_published_time":"2024-09-24T16:11:47+00:00","article_modified_time":"2024-09-24T16:11:49+00:00","og_image":[{"width":800,"height":600,"url":"https:\/\/conexionnacional.mx\/wp-content\/uploads\/2024\/09\/3184399.webp","type":"image\/webp"}],"author":"Conexi\u00f3n Nacional","twitter_card":"summary_large_image","twitter_misc":{"Escrito por":"Conexi\u00f3n Nacional","Tiempo de lectura":"1 minuto"},"schema":{"@context":"https:\/\/schema.org","@graph":[{"@type":"Article","@id":"https:\/\/conexionnacional.mx\/index.php\/2024\/09\/24\/mueren-casi-500-en-libano-en-ataques-a-hezbola\/#article","isPartOf":{"@id":"https:\/\/conexionnacional.mx\/index.php\/2024\/09\/24\/mueren-casi-500-en-libano-en-ataques-a-hezbola\/"},"author":{"name":"Conexi\u00f3n Nacional","@id":"https:\/\/conexionnacional.mx\/#\/schema\/person\/dd14aeda902120f5e0e021903fdb6931"},"headline":"Mueren casi 500 en L\u00edbano en ataques a Hezbol\u00e1","datePublished":"2024-09-24T16:11:47+00:00","dateModified":"2024-09-24T16:11:49+00:00","mainEntityOfPage":{"@id":"https:\/\/conexionnacional.mx\/index.php\/2024\/09\/24\/mueren-casi-500-en-libano-en-ataques-a-hezbola\/"},"wordCount":557,"publisher":{"@id":"https:\/\/conexionnacional.mx\/#organization"},"image":{"@id":"https:\/\/conexionnacional.mx\/index.php\/2024\/09\/24\/mueren-casi-500-en-libano-en-ataques-a-hezbola\/#primaryimage"},"thumbnailUrl":"https:\/\/conexionnacional.mx\/wp-content\/uploads\/2024\/09\/3184399.webp","keywords":["L\u00edbano"],"articleSection":["Internacional"],"inLanguage":"es"},{"@type":"WebPage","@id":"https:\/\/conexionnacional.mx\/index.php\/2024\/09\/24\/mueren-casi-500-en-libano-en-ataques-a-hezbola\/","url":"https:\/\/conexionnacional.mx\/index.php\/2024\/09\/24\/mueren-casi-500-en-libano-en-ataques-a-hezbola\/","name":"Mueren casi 500 en L\u00edbano en ataques a Hezbol\u00e1 |","isPartOf":{"@id":"https:\/\/conexionnacional.mx\/#website"},"primaryImageOfPage":{"@id":"https:\/\/conexionnacional.mx\/index.php\/2024\/09\/24\/mueren-casi-500-en-libano-en-ataques-a-hezbola\/#primaryimage"},"image":{"@id":"https:\/\/conexionnacional.mx\/index.php\/2024\/09\/24\/mueren-casi-500-en-libano-en-ataques-a-hezbola\/#primaryimage"},"thumbnailUrl":"https:\/\/conexionnacional.mx\/wp-content\/uploads\/2024\/09\/3184399.webp","datePublished":"2024-09-24T16:11:47+00:00","dateModified":"2024-09-24T16:11:49+00:00","breadcrumb":{"@id":"https:\/\/conexionnacional.mx\/index.php\/2024\/09\/24\/mueren-casi-500-en-libano-en-ataques-a-hezbola\/#breadcrumb"},"inLanguage":"es","potentialAction":[{"@type":"ReadAction","target":["https:\/\/conexionnacional.mx\/index.php\/2024\/09\/24\/mueren-casi-500-en-libano-en-ataques-a-hezbola\/"]}]},{"@type":"ImageObject","inLanguage":"es","@id":"https:\/\/conexionnacional.mx\/index.php\/2024\/09\/24\/mueren-casi-500-en-libano-en-ataques-a-hezbola\/#primaryimage","url":"https:\/\/conexionnacional.mx\/wp-content\/uploads\/2024\/09\/3184399.webp","contentUrl":"https:\/\/conexionnacional.mx\/wp-content\/uploads\/2024\/09\/3184399.webp","width":800,"height":600},{"@type":"BreadcrumbList","@id":"https:\/\/conexionnacional.mx\/index.php\/2024\/09\/24\/mueren-casi-500-en-libano-en-ataques-a-hezbola\/#breadcrumb","itemListElement":[{"@type":"ListItem","position":1,"name":"Inicio","item":"https:\/\/conexionnacional.mx\/"},{"@type":"ListItem","position":2,"name":"Mueren casi 500 en L\u00edbano en ataques a Hezbol\u00e1"}]},{"@type":"WebSite","@id":"https:\/\/conexionnacional.mx\/#website","url":"https:\/\/conexionnacional.mx\/","name":"Conexi\u00f3n Nacional","description":"Noticias al momento","publisher":{"@id":"https:\/\/conexionnacional.mx\/#organization"},"alternateName":"Noticias nacionales","potentialAction":[{"@type":"SearchAction","target":{"@type":"EntryPoint","urlTemplate":"https:\/\/conexionnacional.mx\/?s={search_term_string}"},"query-input":{"@type":"PropertyValueSpecification","valueRequired":true,"valueName":"search_term_string"}}],"inLanguage":"es"},{"@type":"Organization","@id":"https:\/\/conexionnacional.mx\/#organization","name":"Conexi\u00f3n Nacional","url":"https:\/\/conexionnacional.mx\/","logo":{"@type":"ImageObject","inLanguage":"es","@id":"https:\/\/conexionnacional.mx\/#\/schema\/logo\/image\/","url":"https:\/\/conexionnacional.mx\/wp-content\/uploads\/2022\/09\/conexion_nacional.png","contentUrl":"https:\/\/conexionnacional.mx\/wp-content\/uploads\/2022\/09\/conexion_nacional.png","width":2964,"height":1173,"caption":"Conexi\u00f3n Nacional"},"image":{"@id":"https:\/\/conexionnacional.mx\/#\/schema\/logo\/image\/"},"sameAs":["https:\/\/www.facebook.com\/cnmxradio"]},{"@type":"Person","@id":"https:\/\/conexionnacional.mx\/#\/schema\/person\/dd14aeda902120f5e0e021903fdb6931","name":"Conexi\u00f3n Nacional","image":{"@type":"ImageObject","inLanguage":"es","@id":"https:\/\/secure.gravatar.com\/avatar\/e523100f284110b2ecca7e17b2be9cf140a5e8f35294c9ec0543e6916cc1f9be?s=96&d=blank&r=g","url":"https:\/\/secure.gravatar.com\/avatar\/e523100f284110b2ecca7e17b2be9cf140a5e8f35294c9ec0543e6916cc1f9be?s=96&d=blank&r=g","contentUrl":"https:\/\/secure.gravatar.com\/avatar\/e523100f284110b2ecca7e17b2be9cf140a5e8f35294c9ec0543e6916cc1f9be?s=96&d=blank&r=g","caption":"Conexi\u00f3n Nacional"},"sameAs":["https:\/\/conexionnacional.mx"],"url":"https:\/\/conexionnacional.mx\/index.php\/author\/administrador\/"}]}},"_links":{"self":[{"href":"https:\/\/conexionnacional.mx\/index.php\/wp-json\/wp\/v2\/posts\/22321","targetHints":{"allow":["GET"]}}],"collection":[{"href":"https:\/\/conexionnacional.mx\/index.php\/wp-json\/wp\/v2\/posts"}],"about":[{"href":"https:\/\/conexionnacional.mx\/index.php\/wp-json\/wp\/v2\/types\/post"}],"author":[{"embeddable":true,"href":"https:\/\/conexionnacional.mx\/index.php\/wp-json\/wp\/v2\/users\/1"}],"replies":[{"embeddable":true,"href":"https:\/\/conexionnacional.mx\/index.php\/wp-json\/wp\/v2\/comments?post=22321"}],"version-history":[{"count":1,"href":"https:\/\/conexionnacional.mx\/index.php\/wp-json\/wp\/v2\/posts\/22321\/revisions"}],"predecessor-version":[{"id":22323,"href":"https:\/\/conexionnacional.mx\/index.php\/wp-json\/wp\/v2\/posts\/22321\/revisions\/22323"}],"wp:featuredmedia":[{"embeddable":true,"href":"https:\/\/conexionnacional.mx\/index.php\/wp-json\/wp\/v2\/media\/22322"}],"wp:attachment":[{"href":"https:\/\/conexionnacional.mx\/index.php\/wp-json\/wp\/v2\/media?parent=22321"}],"wp:term":[{"taxonomy":"category","embeddable":true,"href":"https:\/\/conexionnacional.mx\/index.php\/wp-json\/wp\/v2\/categories?post=22321"},{"taxonomy":"post_tag","embeddable":true,"href":"https:\/\/conexionnacional.mx\/index.php\/wp-json\/wp\/v2\/tags?post=22321"}],"curies":[{"name":"wp","href":"https:\/\/api.w.org\/{rel}","templated":true}]}}