{"id":22315,"date":"2024-09-23T14:07:05","date_gmt":"2024-09-23T20:07:05","guid":{"rendered":"https:\/\/conexionnacional.mx\/?p=22315"},"modified":"2024-09-23T14:07:07","modified_gmt":"2024-09-23T20:07:07","slug":"reformas-constitucionales-representan-riesgos-para-la-competitividad-y-las-relaciones-comerciales-con-america-del-norte-imco","status":"publish","type":"post","link":"https:\/\/conexionnacional.mx\/index.php\/2024\/09\/23\/reformas-constitucionales-representan-riesgos-para-la-competitividad-y-las-relaciones-comerciales-con-america-del-norte-imco\/","title":{"rendered":"Reformas constitucionales representan riesgos para la competitividad y las relaciones comerciales con Am\u00e9rica del Norte: IMCO"},"content":{"rendered":"\n<p>El Instituto Mexicano para la Competitividad (IMCO) advirti\u00f3 que las reformas constitucionales, impulsadas por el presidente Andr\u00e9s Manuel L\u00f3pez Obrador (AMLO), tienen implicaciones negativas para la competitividad del pa\u00eds, as\u00ed como para la estabilidad de sus relaciones comerciales, particularmente con sus socios del Tratado entre M\u00e9xico, Estados Unidos y Canad\u00e1 (TMEC).\u00a0<\/p>\n\n\n\n<p>En el documento de an\u00e1lisis \u201cM\u00e9xico y Am\u00e9rica del Norte: los riesgos de las reformas constitucionales de 2024\u201d, el IMCO se\u00f1al\u00f3 que la reforma constitucional al Poder Judicial tiene implicaciones para la profesionalizaci\u00f3n de sus miembros, la institucionalidad del pa\u00eds y la separaci\u00f3n de poderes, y su aprobaci\u00f3n ha generado preocupaci\u00f3n de los socios norteamericanos de M\u00e9xico en cuanto a la certeza jur\u00eddica y el estado de derecho.<\/p>\n\n\n\n<p>Precis\u00f3 que la nueva estructura del Poder Judicial podr\u00eda entrar en conflicto con la esencia del TMEC, que, aunque no incluye reglas espec\u00edficas acerca de la estructura del sistema judicial, s\u00ed exige que sea imparcial e independiente.<\/p>\n\n\n\n<p>En tanto, la propuesta de extinci\u00f3n de siete organismos aut\u00f3nomos podr\u00eda entrar en conflicto con varios cap\u00edtulos del TMEC en materia de telecomunicaciones, pol\u00edticas de competencia y empresas propiedad del Estado.<\/p>\n\n\n\n<p>Esto, porque los miembros del TMEC est\u00e1n obligados a asegurar la existencia de un organismo regulador de telecomunicaciones que sea independiente, imparcial y no rinda cuentas a ning\u00fan proveedor de servicios p\u00fablicos de telecomunicaciones.<\/p>\n\n\n\n<p>Adem\u00e1s, dijo, deben mantener una autoridad o autoridades nacionales de competencia que sean responsables de la aplicaci\u00f3n de las leyes nacionales de competencia y den trato no menos favorable a personas de cualquier pa\u00eds miembro y deben garantizar que los \u00f3rganos administrativos que regulan a Empresas del Estado (incluyendo aquellas que operan en el sector energ\u00e9tico) ejerzan sus obligaciones de regulaci\u00f3n de manera imparcial.<\/p>\n\n\n\n<p>Asimismo, asegur\u00f3 el IMCO, reformar la constituci\u00f3n en materia de energ\u00eda, agua y biotecnolog\u00eda agr\u00edcola tiene implicaciones para la relaci\u00f3n de M\u00e9xico con sus socios de Am\u00e9rica del Norte.<\/p>\n\n\n\n<p>Record\u00f3 que M\u00e9xico ya se encuentra en un proceso de soluci\u00f3n de controversias sobre el tema bajo las reglas del TMEC, ya que entra en conflicto con disposiciones que establecen que no se pueden implementar restricciones arbitrarias al comercio de un bien y porque las medidas sanitarias y fitosanitarias -como la restricci\u00f3n a las importaciones de bienes agr\u00edcolas- deben basarse en recomendaciones cient\u00edficas.<\/p>\n","protected":false},"excerpt":{"rendered":"<p>El Instituto Mexicano para la Competitividad (IMCO) advirti\u00f3 que las reformas constitucionales, impulsadas por el presidente Andr\u00e9s Manuel L\u00f3pez Obrador (AMLO), tienen implicaciones negativas para la competitividad del pa\u00eds, as\u00ed como para la estabilidad de sus relaciones comerciales, particularmente con sus socios del Tratado entre M\u00e9xico, Estados Unidos y Canad\u00e1 (TMEC).\u00a0 En el documento de [&hellip;]<\/p>\n","protected":false},"author":1,"featured_media":22316,"comment_status":"closed","ping_status":"closed","sticky":false,"template":"","format":"aside","meta":{"googlesitekit_rrm_CAowytPeCw:productID":"","footnotes":""},"categories":[3],"tags":[8711],"class_list":["post-22315","post","type-post","status-publish","format-aside","has-post-thumbnail","hentry","category-nacional","tag-el-instituto-mexicano-para-la-competitividad","post_format-post-format-aside"],"yoast_head":"<!-- This site is optimized with the Yoast SEO plugin v27.5 - https:\/\/yoast.com\/product\/yoast-seo-wordpress\/ -->\n<title>Reformas constitucionales representan riesgos para la competitividad y las relaciones comerciales con Am\u00e9rica del Norte: IMCO |<\/title>\n<meta name=\"robots\" content=\"index, follow, max-snippet:-1, max-image-preview:large, max-video-preview:-1\" \/>\n<link rel=\"canonical\" href=\"https:\/\/conexionnacional.mx\/index.php\/2024\/09\/23\/reformas-constitucionales-representan-riesgos-para-la-competitividad-y-las-relaciones-comerciales-con-america-del-norte-imco\/\" \/>\n<meta property=\"og:locale\" content=\"es_MX\" \/>\n<meta property=\"og:type\" content=\"article\" \/>\n<meta property=\"og:title\" content=\"Reformas constitucionales representan riesgos para la competitividad y las relaciones comerciales con Am\u00e9rica del Norte: IMCO |\" \/>\n<meta property=\"og:description\" content=\"El Instituto Mexicano para la Competitividad (IMCO) advirti\u00f3 que las reformas constitucionales, impulsadas por el presidente Andr\u00e9s Manuel L\u00f3pez Obrador (AMLO), tienen implicaciones negativas para la competitividad del pa\u00eds, as\u00ed como para la estabilidad de sus relaciones comerciales, particularmente con sus socios del Tratado entre M\u00e9xico, Estados Unidos y Canad\u00e1 (TMEC).\u00a0 En el documento de [&hellip;]\" \/>\n<meta property=\"og:url\" content=\"https:\/\/conexionnacional.mx\/index.php\/2024\/09\/23\/reformas-constitucionales-representan-riesgos-para-la-competitividad-y-las-relaciones-comerciales-con-america-del-norte-imco\/\" \/>\n<meta property=\"og:site_name\" content=\"Conexi\u00f3n Nacional\" \/>\n<meta property=\"article:publisher\" content=\"https:\/\/www.facebook.com\/cnmxradio\" \/>\n<meta property=\"article:published_time\" content=\"2024-09-23T20:07:05+00:00\" \/>\n<meta property=\"article:modified_time\" content=\"2024-09-23T20:07:07+00:00\" \/>\n<meta property=\"og:image\" content=\"https:\/\/conexionnacional.mx\/wp-content\/uploads\/2024\/09\/lopez-obrador-640x360-1.webp\" \/>\n\t<meta property=\"og:image:width\" content=\"640\" \/>\n\t<meta property=\"og:image:height\" content=\"360\" \/>\n\t<meta property=\"og:image:type\" content=\"image\/webp\" \/>\n<meta name=\"author\" content=\"Conexi\u00f3n Nacional\" \/>\n<meta name=\"twitter:card\" content=\"summary_large_image\" \/>\n<meta name=\"twitter:label1\" content=\"Escrito por\" \/>\n\t<meta name=\"twitter:data1\" content=\"Conexi\u00f3n Nacional\" \/>\n\t<meta name=\"twitter:label2\" content=\"Tiempo de lectura\" \/>\n\t<meta name=\"twitter:data2\" content=\"2 minutos\" \/>\n<script type=\"application\/ld+json\" class=\"yoast-schema-graph\">{\"@context\":\"https:\\\/\\\/schema.org\",\"@graph\":[{\"@type\":\"Article\",\"@id\":\"https:\\\/\\\/conexionnacional.mx\\\/index.php\\\/2024\\\/09\\\/23\\\/reformas-constitucionales-representan-riesgos-para-la-competitividad-y-las-relaciones-comerciales-con-america-del-norte-imco\\\/#article\",\"isPartOf\":{\"@id\":\"https:\\\/\\\/conexionnacional.mx\\\/index.php\\\/2024\\\/09\\\/23\\\/reformas-constitucionales-representan-riesgos-para-la-competitividad-y-las-relaciones-comerciales-con-america-del-norte-imco\\\/\"},\"author\":{\"name\":\"Conexi\u00f3n Nacional\",\"@id\":\"https:\\\/\\\/conexionnacional.mx\\\/#\\\/schema\\\/person\\\/dd14aeda902120f5e0e021903fdb6931\"},\"headline\":\"Reformas constitucionales representan riesgos para la competitividad y las relaciones comerciales con Am\u00e9rica del Norte: IMCO\",\"datePublished\":\"2024-09-23T20:07:05+00:00\",\"dateModified\":\"2024-09-23T20:07:07+00:00\",\"mainEntityOfPage\":{\"@id\":\"https:\\\/\\\/conexionnacional.mx\\\/index.php\\\/2024\\\/09\\\/23\\\/reformas-constitucionales-representan-riesgos-para-la-competitividad-y-las-relaciones-comerciales-con-america-del-norte-imco\\\/\"},\"wordCount\":435,\"publisher\":{\"@id\":\"https:\\\/\\\/conexionnacional.mx\\\/#organization\"},\"image\":{\"@id\":\"https:\\\/\\\/conexionnacional.mx\\\/index.php\\\/2024\\\/09\\\/23\\\/reformas-constitucionales-representan-riesgos-para-la-competitividad-y-las-relaciones-comerciales-con-america-del-norte-imco\\\/#primaryimage\"},\"thumbnailUrl\":\"https:\\\/\\\/conexionnacional.mx\\\/wp-content\\\/uploads\\\/2024\\\/09\\\/lopez-obrador-640x360-1.webp\",\"keywords\":[\"El Instituto Mexicano para la Competitividad\"],\"articleSection\":[\"Nacional\"],\"inLanguage\":\"es\"},{\"@type\":\"WebPage\",\"@id\":\"https:\\\/\\\/conexionnacional.mx\\\/index.php\\\/2024\\\/09\\\/23\\\/reformas-constitucionales-representan-riesgos-para-la-competitividad-y-las-relaciones-comerciales-con-america-del-norte-imco\\\/\",\"url\":\"https:\\\/\\\/conexionnacional.mx\\\/index.php\\\/2024\\\/09\\\/23\\\/reformas-constitucionales-representan-riesgos-para-la-competitividad-y-las-relaciones-comerciales-con-america-del-norte-imco\\\/\",\"name\":\"Reformas constitucionales representan riesgos para la competitividad y las relaciones comerciales con Am\u00e9rica del Norte: IMCO |\",\"isPartOf\":{\"@id\":\"https:\\\/\\\/conexionnacional.mx\\\/#website\"},\"primaryImageOfPage\":{\"@id\":\"https:\\\/\\\/conexionnacional.mx\\\/index.php\\\/2024\\\/09\\\/23\\\/reformas-constitucionales-representan-riesgos-para-la-competitividad-y-las-relaciones-comerciales-con-america-del-norte-imco\\\/#primaryimage\"},\"image\":{\"@id\":\"https:\\\/\\\/conexionnacional.mx\\\/index.php\\\/2024\\\/09\\\/23\\\/reformas-constitucionales-representan-riesgos-para-la-competitividad-y-las-relaciones-comerciales-con-america-del-norte-imco\\\/#primaryimage\"},\"thumbnailUrl\":\"https:\\\/\\\/conexionnacional.mx\\\/wp-content\\\/uploads\\\/2024\\\/09\\\/lopez-obrador-640x360-1.webp\",\"datePublished\":\"2024-09-23T20:07:05+00:00\",\"dateModified\":\"2024-09-23T20:07:07+00:00\",\"breadcrumb\":{\"@id\":\"https:\\\/\\\/conexionnacional.mx\\\/index.php\\\/2024\\\/09\\\/23\\\/reformas-constitucionales-representan-riesgos-para-la-competitividad-y-las-relaciones-comerciales-con-america-del-norte-imco\\\/#breadcrumb\"},\"inLanguage\":\"es\",\"potentialAction\":[{\"@type\":\"ReadAction\",\"target\":[\"https:\\\/\\\/conexionnacional.mx\\\/index.php\\\/2024\\\/09\\\/23\\\/reformas-constitucionales-representan-riesgos-para-la-competitividad-y-las-relaciones-comerciales-con-america-del-norte-imco\\\/\"]}]},{\"@type\":\"ImageObject\",\"inLanguage\":\"es\",\"@id\":\"https:\\\/\\\/conexionnacional.mx\\\/index.php\\\/2024\\\/09\\\/23\\\/reformas-constitucionales-representan-riesgos-para-la-competitividad-y-las-relaciones-comerciales-con-america-del-norte-imco\\\/#primaryimage\",\"url\":\"https:\\\/\\\/conexionnacional.mx\\\/wp-content\\\/uploads\\\/2024\\\/09\\\/lopez-obrador-640x360-1.webp\",\"contentUrl\":\"https:\\\/\\\/conexionnacional.mx\\\/wp-content\\\/uploads\\\/2024\\\/09\\\/lopez-obrador-640x360-1.webp\",\"width\":640,\"height\":360},{\"@type\":\"BreadcrumbList\",\"@id\":\"https:\\\/\\\/conexionnacional.mx\\\/index.php\\\/2024\\\/09\\\/23\\\/reformas-constitucionales-representan-riesgos-para-la-competitividad-y-las-relaciones-comerciales-con-america-del-norte-imco\\\/#breadcrumb\",\"itemListElement\":[{\"@type\":\"ListItem\",\"position\":1,\"name\":\"Inicio\",\"item\":\"https:\\\/\\\/conexionnacional.mx\\\/\"},{\"@type\":\"ListItem\",\"position\":2,\"name\":\"Reformas constitucionales representan riesgos para la competitividad y las relaciones comerciales con Am\u00e9rica del Norte: IMCO\"}]},{\"@type\":\"WebSite\",\"@id\":\"https:\\\/\\\/conexionnacional.mx\\\/#website\",\"url\":\"https:\\\/\\\/conexionnacional.mx\\\/\",\"name\":\"Conexi\u00f3n Nacional\",\"description\":\"Noticias al momento\",\"publisher\":{\"@id\":\"https:\\\/\\\/conexionnacional.mx\\\/#organization\"},\"alternateName\":\"Noticias nacionales\",\"potentialAction\":[{\"@type\":\"SearchAction\",\"target\":{\"@type\":\"EntryPoint\",\"urlTemplate\":\"https:\\\/\\\/conexionnacional.mx\\\/?s={search_term_string}\"},\"query-input\":{\"@type\":\"PropertyValueSpecification\",\"valueRequired\":true,\"valueName\":\"search_term_string\"}}],\"inLanguage\":\"es\"},{\"@type\":\"Organization\",\"@id\":\"https:\\\/\\\/conexionnacional.mx\\\/#organization\",\"name\":\"Conexi\u00f3n Nacional\",\"url\":\"https:\\\/\\\/conexionnacional.mx\\\/\",\"logo\":{\"@type\":\"ImageObject\",\"inLanguage\":\"es\",\"@id\":\"https:\\\/\\\/conexionnacional.mx\\\/#\\\/schema\\\/logo\\\/image\\\/\",\"url\":\"https:\\\/\\\/conexionnacional.mx\\\/wp-content\\\/uploads\\\/2022\\\/09\\\/conexion_nacional.png\",\"contentUrl\":\"https:\\\/\\\/conexionnacional.mx\\\/wp-content\\\/uploads\\\/2022\\\/09\\\/conexion_nacional.png\",\"width\":2964,\"height\":1173,\"caption\":\"Conexi\u00f3n Nacional\"},\"image\":{\"@id\":\"https:\\\/\\\/conexionnacional.mx\\\/#\\\/schema\\\/logo\\\/image\\\/\"},\"sameAs\":[\"https:\\\/\\\/www.facebook.com\\\/cnmxradio\"]},{\"@type\":\"Person\",\"@id\":\"https:\\\/\\\/conexionnacional.mx\\\/#\\\/schema\\\/person\\\/dd14aeda902120f5e0e021903fdb6931\",\"name\":\"Conexi\u00f3n Nacional\",\"image\":{\"@type\":\"ImageObject\",\"inLanguage\":\"es\",\"@id\":\"https:\\\/\\\/secure.gravatar.com\\\/avatar\\\/e523100f284110b2ecca7e17b2be9cf140a5e8f35294c9ec0543e6916cc1f9be?s=96&d=blank&r=g\",\"url\":\"https:\\\/\\\/secure.gravatar.com\\\/avatar\\\/e523100f284110b2ecca7e17b2be9cf140a5e8f35294c9ec0543e6916cc1f9be?s=96&d=blank&r=g\",\"contentUrl\":\"https:\\\/\\\/secure.gravatar.com\\\/avatar\\\/e523100f284110b2ecca7e17b2be9cf140a5e8f35294c9ec0543e6916cc1f9be?s=96&d=blank&r=g\",\"caption\":\"Conexi\u00f3n Nacional\"},\"sameAs\":[\"https:\\\/\\\/conexionnacional.mx\"],\"url\":\"https:\\\/\\\/conexionnacional.mx\\\/index.php\\\/author\\\/administrador\\\/\"}]}<\/script>\n<!-- \/ Yoast SEO plugin. -->","yoast_head_json":{"title":"Reformas constitucionales representan riesgos para la competitividad y las relaciones comerciales con Am\u00e9rica del Norte: IMCO |","robots":{"index":"index","follow":"follow","max-snippet":"max-snippet:-1","max-image-preview":"max-image-preview:large","max-video-preview":"max-video-preview:-1"},"canonical":"https:\/\/conexionnacional.mx\/index.php\/2024\/09\/23\/reformas-constitucionales-representan-riesgos-para-la-competitividad-y-las-relaciones-comerciales-con-america-del-norte-imco\/","og_locale":"es_MX","og_type":"article","og_title":"Reformas constitucionales representan riesgos para la competitividad y las relaciones comerciales con Am\u00e9rica del Norte: IMCO |","og_description":"El Instituto Mexicano para la Competitividad (IMCO) advirti\u00f3 que las reformas constitucionales, impulsadas por el presidente Andr\u00e9s Manuel L\u00f3pez Obrador (AMLO), tienen implicaciones negativas para la competitividad del pa\u00eds, as\u00ed como para la estabilidad de sus relaciones comerciales, particularmente con sus socios del Tratado entre M\u00e9xico, Estados Unidos y Canad\u00e1 (TMEC).\u00a0 En el documento de [&hellip;]","og_url":"https:\/\/conexionnacional.mx\/index.php\/2024\/09\/23\/reformas-constitucionales-representan-riesgos-para-la-competitividad-y-las-relaciones-comerciales-con-america-del-norte-imco\/","og_site_name":"Conexi\u00f3n Nacional","article_publisher":"https:\/\/www.facebook.com\/cnmxradio","article_published_time":"2024-09-23T20:07:05+00:00","article_modified_time":"2024-09-23T20:07:07+00:00","og_image":[{"width":640,"height":360,"url":"https:\/\/conexionnacional.mx\/wp-content\/uploads\/2024\/09\/lopez-obrador-640x360-1.webp","type":"image\/webp"}],"author":"Conexi\u00f3n Nacional","twitter_card":"summary_large_image","twitter_misc":{"Escrito por":"Conexi\u00f3n Nacional","Tiempo de lectura":"2 minutos"},"schema":{"@context":"https:\/\/schema.org","@graph":[{"@type":"Article","@id":"https:\/\/conexionnacional.mx\/index.php\/2024\/09\/23\/reformas-constitucionales-representan-riesgos-para-la-competitividad-y-las-relaciones-comerciales-con-america-del-norte-imco\/#article","isPartOf":{"@id":"https:\/\/conexionnacional.mx\/index.php\/2024\/09\/23\/reformas-constitucionales-representan-riesgos-para-la-competitividad-y-las-relaciones-comerciales-con-america-del-norte-imco\/"},"author":{"name":"Conexi\u00f3n Nacional","@id":"https:\/\/conexionnacional.mx\/#\/schema\/person\/dd14aeda902120f5e0e021903fdb6931"},"headline":"Reformas constitucionales representan riesgos para la competitividad y las relaciones comerciales con Am\u00e9rica del Norte: IMCO","datePublished":"2024-09-23T20:07:05+00:00","dateModified":"2024-09-23T20:07:07+00:00","mainEntityOfPage":{"@id":"https:\/\/conexionnacional.mx\/index.php\/2024\/09\/23\/reformas-constitucionales-representan-riesgos-para-la-competitividad-y-las-relaciones-comerciales-con-america-del-norte-imco\/"},"wordCount":435,"publisher":{"@id":"https:\/\/conexionnacional.mx\/#organization"},"image":{"@id":"https:\/\/conexionnacional.mx\/index.php\/2024\/09\/23\/reformas-constitucionales-representan-riesgos-para-la-competitividad-y-las-relaciones-comerciales-con-america-del-norte-imco\/#primaryimage"},"thumbnailUrl":"https:\/\/conexionnacional.mx\/wp-content\/uploads\/2024\/09\/lopez-obrador-640x360-1.webp","keywords":["El Instituto Mexicano para la Competitividad"],"articleSection":["Nacional"],"inLanguage":"es"},{"@type":"WebPage","@id":"https:\/\/conexionnacional.mx\/index.php\/2024\/09\/23\/reformas-constitucionales-representan-riesgos-para-la-competitividad-y-las-relaciones-comerciales-con-america-del-norte-imco\/","url":"https:\/\/conexionnacional.mx\/index.php\/2024\/09\/23\/reformas-constitucionales-representan-riesgos-para-la-competitividad-y-las-relaciones-comerciales-con-america-del-norte-imco\/","name":"Reformas constitucionales representan riesgos para la competitividad y las relaciones comerciales con Am\u00e9rica del Norte: IMCO |","isPartOf":{"@id":"https:\/\/conexionnacional.mx\/#website"},"primaryImageOfPage":{"@id":"https:\/\/conexionnacional.mx\/index.php\/2024\/09\/23\/reformas-constitucionales-representan-riesgos-para-la-competitividad-y-las-relaciones-comerciales-con-america-del-norte-imco\/#primaryimage"},"image":{"@id":"https:\/\/conexionnacional.mx\/index.php\/2024\/09\/23\/reformas-constitucionales-representan-riesgos-para-la-competitividad-y-las-relaciones-comerciales-con-america-del-norte-imco\/#primaryimage"},"thumbnailUrl":"https:\/\/conexionnacional.mx\/wp-content\/uploads\/2024\/09\/lopez-obrador-640x360-1.webp","datePublished":"2024-09-23T20:07:05+00:00","dateModified":"2024-09-23T20:07:07+00:00","breadcrumb":{"@id":"https:\/\/conexionnacional.mx\/index.php\/2024\/09\/23\/reformas-constitucionales-representan-riesgos-para-la-competitividad-y-las-relaciones-comerciales-con-america-del-norte-imco\/#breadcrumb"},"inLanguage":"es","potentialAction":[{"@type":"ReadAction","target":["https:\/\/conexionnacional.mx\/index.php\/2024\/09\/23\/reformas-constitucionales-representan-riesgos-para-la-competitividad-y-las-relaciones-comerciales-con-america-del-norte-imco\/"]}]},{"@type":"ImageObject","inLanguage":"es","@id":"https:\/\/conexionnacional.mx\/index.php\/2024\/09\/23\/reformas-constitucionales-representan-riesgos-para-la-competitividad-y-las-relaciones-comerciales-con-america-del-norte-imco\/#primaryimage","url":"https:\/\/conexionnacional.mx\/wp-content\/uploads\/2024\/09\/lopez-obrador-640x360-1.webp","contentUrl":"https:\/\/conexionnacional.mx\/wp-content\/uploads\/2024\/09\/lopez-obrador-640x360-1.webp","width":640,"height":360},{"@type":"BreadcrumbList","@id":"https:\/\/conexionnacional.mx\/index.php\/2024\/09\/23\/reformas-constitucionales-representan-riesgos-para-la-competitividad-y-las-relaciones-comerciales-con-america-del-norte-imco\/#breadcrumb","itemListElement":[{"@type":"ListItem","position":1,"name":"Inicio","item":"https:\/\/conexionnacional.mx\/"},{"@type":"ListItem","position":2,"name":"Reformas constitucionales representan riesgos para la competitividad y las relaciones comerciales con Am\u00e9rica del Norte: IMCO"}]},{"@type":"WebSite","@id":"https:\/\/conexionnacional.mx\/#website","url":"https:\/\/conexionnacional.mx\/","name":"Conexi\u00f3n Nacional","description":"Noticias al momento","publisher":{"@id":"https:\/\/conexionnacional.mx\/#organization"},"alternateName":"Noticias nacionales","potentialAction":[{"@type":"SearchAction","target":{"@type":"EntryPoint","urlTemplate":"https:\/\/conexionnacional.mx\/?s={search_term_string}"},"query-input":{"@type":"PropertyValueSpecification","valueRequired":true,"valueName":"search_term_string"}}],"inLanguage":"es"},{"@type":"Organization","@id":"https:\/\/conexionnacional.mx\/#organization","name":"Conexi\u00f3n Nacional","url":"https:\/\/conexionnacional.mx\/","logo":{"@type":"ImageObject","inLanguage":"es","@id":"https:\/\/conexionnacional.mx\/#\/schema\/logo\/image\/","url":"https:\/\/conexionnacional.mx\/wp-content\/uploads\/2022\/09\/conexion_nacional.png","contentUrl":"https:\/\/conexionnacional.mx\/wp-content\/uploads\/2022\/09\/conexion_nacional.png","width":2964,"height":1173,"caption":"Conexi\u00f3n Nacional"},"image":{"@id":"https:\/\/conexionnacional.mx\/#\/schema\/logo\/image\/"},"sameAs":["https:\/\/www.facebook.com\/cnmxradio"]},{"@type":"Person","@id":"https:\/\/conexionnacional.mx\/#\/schema\/person\/dd14aeda902120f5e0e021903fdb6931","name":"Conexi\u00f3n Nacional","image":{"@type":"ImageObject","inLanguage":"es","@id":"https:\/\/secure.gravatar.com\/avatar\/e523100f284110b2ecca7e17b2be9cf140a5e8f35294c9ec0543e6916cc1f9be?s=96&d=blank&r=g","url":"https:\/\/secure.gravatar.com\/avatar\/e523100f284110b2ecca7e17b2be9cf140a5e8f35294c9ec0543e6916cc1f9be?s=96&d=blank&r=g","contentUrl":"https:\/\/secure.gravatar.com\/avatar\/e523100f284110b2ecca7e17b2be9cf140a5e8f35294c9ec0543e6916cc1f9be?s=96&d=blank&r=g","caption":"Conexi\u00f3n Nacional"},"sameAs":["https:\/\/conexionnacional.mx"],"url":"https:\/\/conexionnacional.mx\/index.php\/author\/administrador\/"}]}},"_links":{"self":[{"href":"https:\/\/conexionnacional.mx\/index.php\/wp-json\/wp\/v2\/posts\/22315","targetHints":{"allow":["GET"]}}],"collection":[{"href":"https:\/\/conexionnacional.mx\/index.php\/wp-json\/wp\/v2\/posts"}],"about":[{"href":"https:\/\/conexionnacional.mx\/index.php\/wp-json\/wp\/v2\/types\/post"}],"author":[{"embeddable":true,"href":"https:\/\/conexionnacional.mx\/index.php\/wp-json\/wp\/v2\/users\/1"}],"replies":[{"embeddable":true,"href":"https:\/\/conexionnacional.mx\/index.php\/wp-json\/wp\/v2\/comments?post=22315"}],"version-history":[{"count":1,"href":"https:\/\/conexionnacional.mx\/index.php\/wp-json\/wp\/v2\/posts\/22315\/revisions"}],"predecessor-version":[{"id":22317,"href":"https:\/\/conexionnacional.mx\/index.php\/wp-json\/wp\/v2\/posts\/22315\/revisions\/22317"}],"wp:featuredmedia":[{"embeddable":true,"href":"https:\/\/conexionnacional.mx\/index.php\/wp-json\/wp\/v2\/media\/22316"}],"wp:attachment":[{"href":"https:\/\/conexionnacional.mx\/index.php\/wp-json\/wp\/v2\/media?parent=22315"}],"wp:term":[{"taxonomy":"category","embeddable":true,"href":"https:\/\/conexionnacional.mx\/index.php\/wp-json\/wp\/v2\/categories?post=22315"},{"taxonomy":"post_tag","embeddable":true,"href":"https:\/\/conexionnacional.mx\/index.php\/wp-json\/wp\/v2\/tags?post=22315"}],"curies":[{"name":"wp","href":"https:\/\/api.w.org\/{rel}","templated":true}]}}