{"id":22309,"date":"2024-09-23T13:53:37","date_gmt":"2024-09-23T19:53:37","guid":{"rendered":"https:\/\/conexionnacional.mx\/?p=22309"},"modified":"2024-09-23T13:53:39","modified_gmt":"2024-09-23T19:53:39","slug":"alejandro-gertz-manero-se-mantiene-como-titular-de-la-fgr-confirma-sheinbaum","status":"publish","type":"post","link":"https:\/\/conexionnacional.mx\/index.php\/2024\/09\/23\/alejandro-gertz-manero-se-mantiene-como-titular-de-la-fgr-confirma-sheinbaum\/","title":{"rendered":"Alejandro Gertz Manero se mantiene como titular de la FGR, confirma Sheinbaum"},"content":{"rendered":"\n<p><strong>Alejandro Gertz Manero<\/strong>&nbsp;se&nbsp;<strong>mantendr\u00e1<\/strong>&nbsp;como el&nbsp;<strong>titular<\/strong>&nbsp;de la Fiscal\u00eda General de la Rep\u00fablica (<strong>FGR<\/strong>) durante la nueva administraci\u00f3n de la presidenta electa,&nbsp;<strong>Claudia Sheinbaum Pardo<\/strong>, confirm\u00f3 la propia mandataria a medios de comunicaci\u00f3n.<\/p>\n\n\n\n<p>La primera presidenta electa de M\u00e9xico, indic\u00f3 a pregunta expresa sobre el rumor de la salida de Gertz Manero como fiscal general, a lo que&nbsp;Sheinbaum Pardo acot\u00f3:&nbsp;\u201cNo, se queda, se queda, s\u00ed, se queda, por lo pronto se queda&#8221;.<\/p>\n\n\n\n<figure class=\"wp-block-image\"><img decoding=\"async\" src=\"data:image\/gif;base64,R0lGODlhAQABAAAAACH5BAEKAAEALAAAAAABAAEAAAICTAEAOw==\" data-src=\"https:\/\/heraldodemexico.com.mx\/u\/fotografias\/m\/2024\/9\/22\/f768x1-1013838_1013965_5050.jpg\" class=\"lazyload\" alt=\"gertz manero sigue al frente de la FGR\"\/><figcaption class=\"wp-element-caption\">Alejandro Gertz Manero sigue al frente de la FGR. Foto: Archivo<\/figcaption><\/figure>\n\n\n\n<h2 class=\"wp-block-heading\">\u00bfCu\u00e1nto tiempo estar\u00e1 Alejandro Gertz Manero al&nbsp;frente de la FGR?<\/h2>\n\n\n\n<p>Al ser abordada sobre el tiempo que todav\u00eda estar\u00eda el fiscal Alejandro Gertz al frente de la Fiscal\u00eda General de la Rep\u00fablica, Claudia Sheinbaum solo se\u00f1al\u00f3: &#8220;por lo pronto se queda&#8221;.<\/p>\n\n\n\n<h2 class=\"wp-block-heading\">Sheinbaum reacciona a las nuevas designaciones de Morena<\/h2>\n\n\n\n<p>Claudia Sheinbaum particip\u00f3 este lunes en el congreso de&nbsp;<strong>Morena<\/strong>&nbsp;para designar a las personas que ser\u00e1n los nuevos l\u00edderes del partido guinda a nivel nacional, donde&nbsp;<strong>Luisa Mar\u00eda Alcalde<\/strong>&nbsp;qued\u00f3 al frente de la dirigencia nacional, mientras que&nbsp;<strong>Andr\u00e9s Manuel L\u00f3pez Beltr\u00e1n<\/strong>, hijo del presidente&nbsp;<strong>Andr\u00e9s Manuel L\u00f3pez Obrador<\/strong>, ser\u00e1 el nuevo secretario de Organizaci\u00f3n.<\/p>\n\n\n\n<figure class=\"wp-block-image\"><img decoding=\"async\" src=\"data:image\/gif;base64,R0lGODlhAQABAAAAACH5BAEKAAEALAAAAAABAAEAAAICTAEAOw==\" data-src=\"https:\/\/heraldodemexico.com.mx\/u\/fotografias\/m\/2024\/9\/17\/f768x1-1011323_1011450_5050.jpg\" class=\"lazyload\" alt=\"sheinbaum\"\/><figcaption class=\"wp-element-caption\">Claudia Sheinbaum confirm\u00f3 que Alejandro Gertz se mantiene como fiscal general. Foto: Archivo<\/figcaption><\/figure>\n\n\n\n<p>&#8220;Me da much\u00edsimo gusto que sean j\u00f3venes, es una nueva generaci\u00f3n con mucha experiencia, su juventud no es s\u00edmbolo de inexperiencia, sino todo lo contrario, Luisa Mar\u00eda Alcalde es secretaria de Gobernaci\u00f3n&#8230;&nbsp;&nbsp;Andr\u00e9s L\u00f3pez Beltr\u00e1n, \u00e9l tambi\u00e9n tiene experiencia organizativa, es el fuerte de \u00e9l&#8221;, precis\u00f3 la presidenta electa.<\/p>\n","protected":false},"excerpt":{"rendered":"<p>Alejandro Gertz Manero&nbsp;se&nbsp;mantendr\u00e1&nbsp;como el&nbsp;titular&nbsp;de la Fiscal\u00eda General de la Rep\u00fablica (FGR) durante la nueva administraci\u00f3n de la presidenta electa,&nbsp;Claudia Sheinbaum Pardo, confirm\u00f3 la propia mandataria a medios de comunicaci\u00f3n. La primera presidenta electa de M\u00e9xico, indic\u00f3 a pregunta expresa sobre el rumor de la salida de Gertz Manero como fiscal general, a lo que&nbsp;Sheinbaum Pardo [&hellip;]<\/p>\n","protected":false},"author":1,"featured_media":22310,"comment_status":"closed","ping_status":"closed","sticky":false,"template":"","format":"aside","meta":{"googlesitekit_rrm_CAowytPeCw:productID":"","footnotes":""},"categories":[3],"tags":[8709],"class_list":["post-22309","post","type-post","status-publish","format-aside","has-post-thumbnail","hentry","category-nacional","tag-alejandro-gertz-manero","post_format-post-format-aside"],"yoast_head":"<!-- This site is optimized with the Yoast SEO plugin v27.5 - https:\/\/yoast.com\/product\/yoast-seo-wordpress\/ -->\n<title>Alejandro Gertz Manero se mantiene como titular de la FGR, confirma Sheinbaum |<\/title>\n<meta name=\"robots\" content=\"index, follow, max-snippet:-1, max-image-preview:large, max-video-preview:-1\" \/>\n<link rel=\"canonical\" href=\"https:\/\/conexionnacional.mx\/index.php\/2024\/09\/23\/alejandro-gertz-manero-se-mantiene-como-titular-de-la-fgr-confirma-sheinbaum\/\" \/>\n<meta property=\"og:locale\" content=\"es_MX\" \/>\n<meta property=\"og:type\" content=\"article\" \/>\n<meta property=\"og:title\" content=\"Alejandro Gertz Manero se mantiene como titular de la FGR, confirma Sheinbaum |\" \/>\n<meta property=\"og:description\" content=\"Alejandro Gertz Manero&nbsp;se&nbsp;mantendr\u00e1&nbsp;como el&nbsp;titular&nbsp;de la Fiscal\u00eda General de la Rep\u00fablica (FGR) durante la nueva administraci\u00f3n de la presidenta electa,&nbsp;Claudia Sheinbaum Pardo, confirm\u00f3 la propia mandataria a medios de comunicaci\u00f3n. La primera presidenta electa de M\u00e9xico, indic\u00f3 a pregunta expresa sobre el rumor de la salida de Gertz Manero como fiscal general, a lo que&nbsp;Sheinbaum Pardo [&hellip;]\" \/>\n<meta property=\"og:url\" content=\"https:\/\/conexionnacional.mx\/index.php\/2024\/09\/23\/alejandro-gertz-manero-se-mantiene-como-titular-de-la-fgr-confirma-sheinbaum\/\" \/>\n<meta property=\"og:site_name\" content=\"Conexi\u00f3n Nacional\" \/>\n<meta property=\"article:publisher\" content=\"https:\/\/www.facebook.com\/cnmxradio\" \/>\n<meta property=\"article:published_time\" content=\"2024-09-23T19:53:37+00:00\" \/>\n<meta property=\"article:modified_time\" content=\"2024-09-23T19:53:39+00:00\" \/>\n<meta property=\"og:image\" content=\"https:\/\/conexionnacional.mx\/wp-content\/uploads\/2024\/09\/f960x540-1014259_1088334_5050.jpg\" \/>\n\t<meta property=\"og:image:width\" content=\"960\" \/>\n\t<meta property=\"og:image:height\" content=\"540\" \/>\n\t<meta property=\"og:image:type\" content=\"image\/jpeg\" \/>\n<meta name=\"author\" content=\"Conexi\u00f3n Nacional\" \/>\n<meta name=\"twitter:card\" content=\"summary_large_image\" \/>\n<meta name=\"twitter:label1\" content=\"Escrito por\" \/>\n\t<meta name=\"twitter:data1\" content=\"Conexi\u00f3n Nacional\" \/>\n\t<meta name=\"twitter:label2\" content=\"Tiempo de lectura\" \/>\n\t<meta name=\"twitter:data2\" content=\"2 minutos\" \/>\n<script type=\"application\/ld+json\" class=\"yoast-schema-graph\">{\"@context\":\"https:\\\/\\\/schema.org\",\"@graph\":[{\"@type\":\"Article\",\"@id\":\"https:\\\/\\\/conexionnacional.mx\\\/index.php\\\/2024\\\/09\\\/23\\\/alejandro-gertz-manero-se-mantiene-como-titular-de-la-fgr-confirma-sheinbaum\\\/#article\",\"isPartOf\":{\"@id\":\"https:\\\/\\\/conexionnacional.mx\\\/index.php\\\/2024\\\/09\\\/23\\\/alejandro-gertz-manero-se-mantiene-como-titular-de-la-fgr-confirma-sheinbaum\\\/\"},\"author\":{\"name\":\"Conexi\u00f3n Nacional\",\"@id\":\"https:\\\/\\\/conexionnacional.mx\\\/#\\\/schema\\\/person\\\/dd14aeda902120f5e0e021903fdb6931\"},\"headline\":\"Alejandro Gertz Manero se mantiene como titular de la FGR, confirma Sheinbaum\",\"datePublished\":\"2024-09-23T19:53:37+00:00\",\"dateModified\":\"2024-09-23T19:53:39+00:00\",\"mainEntityOfPage\":{\"@id\":\"https:\\\/\\\/conexionnacional.mx\\\/index.php\\\/2024\\\/09\\\/23\\\/alejandro-gertz-manero-se-mantiene-como-titular-de-la-fgr-confirma-sheinbaum\\\/\"},\"wordCount\":314,\"publisher\":{\"@id\":\"https:\\\/\\\/conexionnacional.mx\\\/#organization\"},\"image\":{\"@id\":\"https:\\\/\\\/conexionnacional.mx\\\/index.php\\\/2024\\\/09\\\/23\\\/alejandro-gertz-manero-se-mantiene-como-titular-de-la-fgr-confirma-sheinbaum\\\/#primaryimage\"},\"thumbnailUrl\":\"https:\\\/\\\/conexionnacional.mx\\\/wp-content\\\/uploads\\\/2024\\\/09\\\/f960x540-1014259_1088334_5050.jpg\",\"keywords\":[\"Alejandro Gertz Manero\"],\"articleSection\":[\"Nacional\"],\"inLanguage\":\"es\"},{\"@type\":\"WebPage\",\"@id\":\"https:\\\/\\\/conexionnacional.mx\\\/index.php\\\/2024\\\/09\\\/23\\\/alejandro-gertz-manero-se-mantiene-como-titular-de-la-fgr-confirma-sheinbaum\\\/\",\"url\":\"https:\\\/\\\/conexionnacional.mx\\\/index.php\\\/2024\\\/09\\\/23\\\/alejandro-gertz-manero-se-mantiene-como-titular-de-la-fgr-confirma-sheinbaum\\\/\",\"name\":\"Alejandro Gertz Manero se mantiene como titular de la FGR, confirma Sheinbaum |\",\"isPartOf\":{\"@id\":\"https:\\\/\\\/conexionnacional.mx\\\/#website\"},\"primaryImageOfPage\":{\"@id\":\"https:\\\/\\\/conexionnacional.mx\\\/index.php\\\/2024\\\/09\\\/23\\\/alejandro-gertz-manero-se-mantiene-como-titular-de-la-fgr-confirma-sheinbaum\\\/#primaryimage\"},\"image\":{\"@id\":\"https:\\\/\\\/conexionnacional.mx\\\/index.php\\\/2024\\\/09\\\/23\\\/alejandro-gertz-manero-se-mantiene-como-titular-de-la-fgr-confirma-sheinbaum\\\/#primaryimage\"},\"thumbnailUrl\":\"https:\\\/\\\/conexionnacional.mx\\\/wp-content\\\/uploads\\\/2024\\\/09\\\/f960x540-1014259_1088334_5050.jpg\",\"datePublished\":\"2024-09-23T19:53:37+00:00\",\"dateModified\":\"2024-09-23T19:53:39+00:00\",\"breadcrumb\":{\"@id\":\"https:\\\/\\\/conexionnacional.mx\\\/index.php\\\/2024\\\/09\\\/23\\\/alejandro-gertz-manero-se-mantiene-como-titular-de-la-fgr-confirma-sheinbaum\\\/#breadcrumb\"},\"inLanguage\":\"es\",\"potentialAction\":[{\"@type\":\"ReadAction\",\"target\":[\"https:\\\/\\\/conexionnacional.mx\\\/index.php\\\/2024\\\/09\\\/23\\\/alejandro-gertz-manero-se-mantiene-como-titular-de-la-fgr-confirma-sheinbaum\\\/\"]}]},{\"@type\":\"ImageObject\",\"inLanguage\":\"es\",\"@id\":\"https:\\\/\\\/conexionnacional.mx\\\/index.php\\\/2024\\\/09\\\/23\\\/alejandro-gertz-manero-se-mantiene-como-titular-de-la-fgr-confirma-sheinbaum\\\/#primaryimage\",\"url\":\"https:\\\/\\\/conexionnacional.mx\\\/wp-content\\\/uploads\\\/2024\\\/09\\\/f960x540-1014259_1088334_5050.jpg\",\"contentUrl\":\"https:\\\/\\\/conexionnacional.mx\\\/wp-content\\\/uploads\\\/2024\\\/09\\\/f960x540-1014259_1088334_5050.jpg\",\"width\":960,\"height\":540},{\"@type\":\"BreadcrumbList\",\"@id\":\"https:\\\/\\\/conexionnacional.mx\\\/index.php\\\/2024\\\/09\\\/23\\\/alejandro-gertz-manero-se-mantiene-como-titular-de-la-fgr-confirma-sheinbaum\\\/#breadcrumb\",\"itemListElement\":[{\"@type\":\"ListItem\",\"position\":1,\"name\":\"Inicio\",\"item\":\"https:\\\/\\\/conexionnacional.mx\\\/\"},{\"@type\":\"ListItem\",\"position\":2,\"name\":\"Alejandro Gertz Manero se mantiene como titular de la FGR, confirma Sheinbaum\"}]},{\"@type\":\"WebSite\",\"@id\":\"https:\\\/\\\/conexionnacional.mx\\\/#website\",\"url\":\"https:\\\/\\\/conexionnacional.mx\\\/\",\"name\":\"Conexi\u00f3n Nacional\",\"description\":\"Noticias al momento\",\"publisher\":{\"@id\":\"https:\\\/\\\/conexionnacional.mx\\\/#organization\"},\"alternateName\":\"Noticias nacionales\",\"potentialAction\":[{\"@type\":\"SearchAction\",\"target\":{\"@type\":\"EntryPoint\",\"urlTemplate\":\"https:\\\/\\\/conexionnacional.mx\\\/?s={search_term_string}\"},\"query-input\":{\"@type\":\"PropertyValueSpecification\",\"valueRequired\":true,\"valueName\":\"search_term_string\"}}],\"inLanguage\":\"es\"},{\"@type\":\"Organization\",\"@id\":\"https:\\\/\\\/conexionnacional.mx\\\/#organization\",\"name\":\"Conexi\u00f3n Nacional\",\"url\":\"https:\\\/\\\/conexionnacional.mx\\\/\",\"logo\":{\"@type\":\"ImageObject\",\"inLanguage\":\"es\",\"@id\":\"https:\\\/\\\/conexionnacional.mx\\\/#\\\/schema\\\/logo\\\/image\\\/\",\"url\":\"https:\\\/\\\/conexionnacional.mx\\\/wp-content\\\/uploads\\\/2022\\\/09\\\/conexion_nacional.png\",\"contentUrl\":\"https:\\\/\\\/conexionnacional.mx\\\/wp-content\\\/uploads\\\/2022\\\/09\\\/conexion_nacional.png\",\"width\":2964,\"height\":1173,\"caption\":\"Conexi\u00f3n Nacional\"},\"image\":{\"@id\":\"https:\\\/\\\/conexionnacional.mx\\\/#\\\/schema\\\/logo\\\/image\\\/\"},\"sameAs\":[\"https:\\\/\\\/www.facebook.com\\\/cnmxradio\"]},{\"@type\":\"Person\",\"@id\":\"https:\\\/\\\/conexionnacional.mx\\\/#\\\/schema\\\/person\\\/dd14aeda902120f5e0e021903fdb6931\",\"name\":\"Conexi\u00f3n Nacional\",\"image\":{\"@type\":\"ImageObject\",\"inLanguage\":\"es\",\"@id\":\"https:\\\/\\\/secure.gravatar.com\\\/avatar\\\/e523100f284110b2ecca7e17b2be9cf140a5e8f35294c9ec0543e6916cc1f9be?s=96&d=blank&r=g\",\"url\":\"https:\\\/\\\/secure.gravatar.com\\\/avatar\\\/e523100f284110b2ecca7e17b2be9cf140a5e8f35294c9ec0543e6916cc1f9be?s=96&d=blank&r=g\",\"contentUrl\":\"https:\\\/\\\/secure.gravatar.com\\\/avatar\\\/e523100f284110b2ecca7e17b2be9cf140a5e8f35294c9ec0543e6916cc1f9be?s=96&d=blank&r=g\",\"caption\":\"Conexi\u00f3n Nacional\"},\"sameAs\":[\"https:\\\/\\\/conexionnacional.mx\"],\"url\":\"https:\\\/\\\/conexionnacional.mx\\\/index.php\\\/author\\\/administrador\\\/\"}]}<\/script>\n<!-- \/ Yoast SEO plugin. -->","yoast_head_json":{"title":"Alejandro Gertz Manero se mantiene como titular de la FGR, confirma Sheinbaum |","robots":{"index":"index","follow":"follow","max-snippet":"max-snippet:-1","max-image-preview":"max-image-preview:large","max-video-preview":"max-video-preview:-1"},"canonical":"https:\/\/conexionnacional.mx\/index.php\/2024\/09\/23\/alejandro-gertz-manero-se-mantiene-como-titular-de-la-fgr-confirma-sheinbaum\/","og_locale":"es_MX","og_type":"article","og_title":"Alejandro Gertz Manero se mantiene como titular de la FGR, confirma Sheinbaum |","og_description":"Alejandro Gertz Manero&nbsp;se&nbsp;mantendr\u00e1&nbsp;como el&nbsp;titular&nbsp;de la Fiscal\u00eda General de la Rep\u00fablica (FGR) durante la nueva administraci\u00f3n de la presidenta electa,&nbsp;Claudia Sheinbaum Pardo, confirm\u00f3 la propia mandataria a medios de comunicaci\u00f3n. La primera presidenta electa de M\u00e9xico, indic\u00f3 a pregunta expresa sobre el rumor de la salida de Gertz Manero como fiscal general, a lo que&nbsp;Sheinbaum Pardo [&hellip;]","og_url":"https:\/\/conexionnacional.mx\/index.php\/2024\/09\/23\/alejandro-gertz-manero-se-mantiene-como-titular-de-la-fgr-confirma-sheinbaum\/","og_site_name":"Conexi\u00f3n Nacional","article_publisher":"https:\/\/www.facebook.com\/cnmxradio","article_published_time":"2024-09-23T19:53:37+00:00","article_modified_time":"2024-09-23T19:53:39+00:00","og_image":[{"width":960,"height":540,"url":"https:\/\/conexionnacional.mx\/wp-content\/uploads\/2024\/09\/f960x540-1014259_1088334_5050.jpg","type":"image\/jpeg"}],"author":"Conexi\u00f3n Nacional","twitter_card":"summary_large_image","twitter_misc":{"Escrito por":"Conexi\u00f3n Nacional","Tiempo de lectura":"2 minutos"},"schema":{"@context":"https:\/\/schema.org","@graph":[{"@type":"Article","@id":"https:\/\/conexionnacional.mx\/index.php\/2024\/09\/23\/alejandro-gertz-manero-se-mantiene-como-titular-de-la-fgr-confirma-sheinbaum\/#article","isPartOf":{"@id":"https:\/\/conexionnacional.mx\/index.php\/2024\/09\/23\/alejandro-gertz-manero-se-mantiene-como-titular-de-la-fgr-confirma-sheinbaum\/"},"author":{"name":"Conexi\u00f3n Nacional","@id":"https:\/\/conexionnacional.mx\/#\/schema\/person\/dd14aeda902120f5e0e021903fdb6931"},"headline":"Alejandro Gertz Manero se mantiene como titular de la FGR, confirma Sheinbaum","datePublished":"2024-09-23T19:53:37+00:00","dateModified":"2024-09-23T19:53:39+00:00","mainEntityOfPage":{"@id":"https:\/\/conexionnacional.mx\/index.php\/2024\/09\/23\/alejandro-gertz-manero-se-mantiene-como-titular-de-la-fgr-confirma-sheinbaum\/"},"wordCount":314,"publisher":{"@id":"https:\/\/conexionnacional.mx\/#organization"},"image":{"@id":"https:\/\/conexionnacional.mx\/index.php\/2024\/09\/23\/alejandro-gertz-manero-se-mantiene-como-titular-de-la-fgr-confirma-sheinbaum\/#primaryimage"},"thumbnailUrl":"https:\/\/conexionnacional.mx\/wp-content\/uploads\/2024\/09\/f960x540-1014259_1088334_5050.jpg","keywords":["Alejandro Gertz Manero"],"articleSection":["Nacional"],"inLanguage":"es"},{"@type":"WebPage","@id":"https:\/\/conexionnacional.mx\/index.php\/2024\/09\/23\/alejandro-gertz-manero-se-mantiene-como-titular-de-la-fgr-confirma-sheinbaum\/","url":"https:\/\/conexionnacional.mx\/index.php\/2024\/09\/23\/alejandro-gertz-manero-se-mantiene-como-titular-de-la-fgr-confirma-sheinbaum\/","name":"Alejandro Gertz Manero se mantiene como titular de la FGR, confirma Sheinbaum |","isPartOf":{"@id":"https:\/\/conexionnacional.mx\/#website"},"primaryImageOfPage":{"@id":"https:\/\/conexionnacional.mx\/index.php\/2024\/09\/23\/alejandro-gertz-manero-se-mantiene-como-titular-de-la-fgr-confirma-sheinbaum\/#primaryimage"},"image":{"@id":"https:\/\/conexionnacional.mx\/index.php\/2024\/09\/23\/alejandro-gertz-manero-se-mantiene-como-titular-de-la-fgr-confirma-sheinbaum\/#primaryimage"},"thumbnailUrl":"https:\/\/conexionnacional.mx\/wp-content\/uploads\/2024\/09\/f960x540-1014259_1088334_5050.jpg","datePublished":"2024-09-23T19:53:37+00:00","dateModified":"2024-09-23T19:53:39+00:00","breadcrumb":{"@id":"https:\/\/conexionnacional.mx\/index.php\/2024\/09\/23\/alejandro-gertz-manero-se-mantiene-como-titular-de-la-fgr-confirma-sheinbaum\/#breadcrumb"},"inLanguage":"es","potentialAction":[{"@type":"ReadAction","target":["https:\/\/conexionnacional.mx\/index.php\/2024\/09\/23\/alejandro-gertz-manero-se-mantiene-como-titular-de-la-fgr-confirma-sheinbaum\/"]}]},{"@type":"ImageObject","inLanguage":"es","@id":"https:\/\/conexionnacional.mx\/index.php\/2024\/09\/23\/alejandro-gertz-manero-se-mantiene-como-titular-de-la-fgr-confirma-sheinbaum\/#primaryimage","url":"https:\/\/conexionnacional.mx\/wp-content\/uploads\/2024\/09\/f960x540-1014259_1088334_5050.jpg","contentUrl":"https:\/\/conexionnacional.mx\/wp-content\/uploads\/2024\/09\/f960x540-1014259_1088334_5050.jpg","width":960,"height":540},{"@type":"BreadcrumbList","@id":"https:\/\/conexionnacional.mx\/index.php\/2024\/09\/23\/alejandro-gertz-manero-se-mantiene-como-titular-de-la-fgr-confirma-sheinbaum\/#breadcrumb","itemListElement":[{"@type":"ListItem","position":1,"name":"Inicio","item":"https:\/\/conexionnacional.mx\/"},{"@type":"ListItem","position":2,"name":"Alejandro Gertz Manero se mantiene como titular de la FGR, confirma Sheinbaum"}]},{"@type":"WebSite","@id":"https:\/\/conexionnacional.mx\/#website","url":"https:\/\/conexionnacional.mx\/","name":"Conexi\u00f3n Nacional","description":"Noticias al momento","publisher":{"@id":"https:\/\/conexionnacional.mx\/#organization"},"alternateName":"Noticias nacionales","potentialAction":[{"@type":"SearchAction","target":{"@type":"EntryPoint","urlTemplate":"https:\/\/conexionnacional.mx\/?s={search_term_string}"},"query-input":{"@type":"PropertyValueSpecification","valueRequired":true,"valueName":"search_term_string"}}],"inLanguage":"es"},{"@type":"Organization","@id":"https:\/\/conexionnacional.mx\/#organization","name":"Conexi\u00f3n Nacional","url":"https:\/\/conexionnacional.mx\/","logo":{"@type":"ImageObject","inLanguage":"es","@id":"https:\/\/conexionnacional.mx\/#\/schema\/logo\/image\/","url":"https:\/\/conexionnacional.mx\/wp-content\/uploads\/2022\/09\/conexion_nacional.png","contentUrl":"https:\/\/conexionnacional.mx\/wp-content\/uploads\/2022\/09\/conexion_nacional.png","width":2964,"height":1173,"caption":"Conexi\u00f3n Nacional"},"image":{"@id":"https:\/\/conexionnacional.mx\/#\/schema\/logo\/image\/"},"sameAs":["https:\/\/www.facebook.com\/cnmxradio"]},{"@type":"Person","@id":"https:\/\/conexionnacional.mx\/#\/schema\/person\/dd14aeda902120f5e0e021903fdb6931","name":"Conexi\u00f3n Nacional","image":{"@type":"ImageObject","inLanguage":"es","@id":"https:\/\/secure.gravatar.com\/avatar\/e523100f284110b2ecca7e17b2be9cf140a5e8f35294c9ec0543e6916cc1f9be?s=96&d=blank&r=g","url":"https:\/\/secure.gravatar.com\/avatar\/e523100f284110b2ecca7e17b2be9cf140a5e8f35294c9ec0543e6916cc1f9be?s=96&d=blank&r=g","contentUrl":"https:\/\/secure.gravatar.com\/avatar\/e523100f284110b2ecca7e17b2be9cf140a5e8f35294c9ec0543e6916cc1f9be?s=96&d=blank&r=g","caption":"Conexi\u00f3n Nacional"},"sameAs":["https:\/\/conexionnacional.mx"],"url":"https:\/\/conexionnacional.mx\/index.php\/author\/administrador\/"}]}},"_links":{"self":[{"href":"https:\/\/conexionnacional.mx\/index.php\/wp-json\/wp\/v2\/posts\/22309","targetHints":{"allow":["GET"]}}],"collection":[{"href":"https:\/\/conexionnacional.mx\/index.php\/wp-json\/wp\/v2\/posts"}],"about":[{"href":"https:\/\/conexionnacional.mx\/index.php\/wp-json\/wp\/v2\/types\/post"}],"author":[{"embeddable":true,"href":"https:\/\/conexionnacional.mx\/index.php\/wp-json\/wp\/v2\/users\/1"}],"replies":[{"embeddable":true,"href":"https:\/\/conexionnacional.mx\/index.php\/wp-json\/wp\/v2\/comments?post=22309"}],"version-history":[{"count":1,"href":"https:\/\/conexionnacional.mx\/index.php\/wp-json\/wp\/v2\/posts\/22309\/revisions"}],"predecessor-version":[{"id":22311,"href":"https:\/\/conexionnacional.mx\/index.php\/wp-json\/wp\/v2\/posts\/22309\/revisions\/22311"}],"wp:featuredmedia":[{"embeddable":true,"href":"https:\/\/conexionnacional.mx\/index.php\/wp-json\/wp\/v2\/media\/22310"}],"wp:attachment":[{"href":"https:\/\/conexionnacional.mx\/index.php\/wp-json\/wp\/v2\/media?parent=22309"}],"wp:term":[{"taxonomy":"category","embeddable":true,"href":"https:\/\/conexionnacional.mx\/index.php\/wp-json\/wp\/v2\/categories?post=22309"},{"taxonomy":"post_tag","embeddable":true,"href":"https:\/\/conexionnacional.mx\/index.php\/wp-json\/wp\/v2\/tags?post=22309"}],"curies":[{"name":"wp","href":"https:\/\/api.w.org\/{rel}","templated":true}]}}