{"id":22306,"date":"2024-09-23T13:46:53","date_gmt":"2024-09-23T19:46:53","guid":{"rendered":"https:\/\/conexionnacional.mx\/?p=22306"},"modified":"2024-09-23T13:46:55","modified_gmt":"2024-09-23T19:46:55","slug":"john-se-intensifica-a-huracan-tocara-tierra-en-mexico-como-categoria-2-que-estados-golpeara","status":"publish","type":"post","link":"https:\/\/conexionnacional.mx\/index.php\/2024\/09\/23\/john-se-intensifica-a-huracan-tocara-tierra-en-mexico-como-categoria-2-que-estados-golpeara\/","title":{"rendered":"John se intensifica a HURAC\u00c1N; tocar\u00e1 TIERRA en M\u00e9xico como categor\u00eda 2: \u00bfqu\u00e9 estados golpear\u00e1?"},"content":{"rendered":"\n<p>El\u00a0<strong>servicio Meteorol\u00f3gico Nacional (SMN)<\/strong>\u00a0inform\u00f3\u00a0que el hurac\u00e1n<strong>\u00a0John<\/strong>\u00a0de categor\u00eda 1 se localiza a 110 km al suroeste de Lagunas de Chacahua, Oaxaca, y a 130 km al sur-sureste de Punta Maldonado, en Guerrero.\u00a0\u00a0<\/p>\n\n\n\n<p>El SMN prev\u00e9 que para el 24 de septiembre, el hurac\u00e1n John gane fuerza hasta convertirse en categor\u00eda 2 e impacte&nbsp;al noreste de Lagunas de Chacahua y a Puerto Escondido en Oaxaca. Detall\u00f3 que mantienen zona de prevenci\u00f3n por efectos del hurac\u00e1n desde Punta Maldonado, Guerrero, hasta Bah\u00edas de Huatulco, Oaxaca.&nbsp;<\/p>\n\n\n\n<figure class=\"wp-block-image\"><img decoding=\"async\" src=\"data:image\/gif;base64,R0lGODlhAQABAAAAACH5BAEKAAEALAAAAAABAAEAAAICTAEAOw==\" data-src=\"https:\/\/heraldodemexico.com.mx\/u\/fotografias\/m\/2024\/9\/23\/f768x400-1014294_1058197_5050.jpg\" class=\"lazyload\" alt=\"\"\/><figcaption class=\"wp-element-caption\">hurac\u00e1n&nbsp;John golpear\u00e1 con fuerza a M\u00e9xico. foto: Conagua<\/figcaption><\/figure>\n\n\n\n<p>Asimismo, alertan por&nbsp;vientos con rachas de 100 a 120 km\/h y oleaje de 3 a 5 metros de altura en costas de Oaxaca, y rachas de 40 a 60 km\/h con oleaje de 1 a 3 metros de altura en costas de Guerrero y Chiapas; adem\u00e1s de originar trombas marinas en costas de dichas entidades.&nbsp;<\/p>\n\n\n\n<p>Por lo que pide a la poblaci\u00f3n extremar precauciones en las zonas de los estados mencionados por lluvias, viento y oleaje (incluyendo la navegaci\u00f3n mar\u00edtima) y atender las recomendaciones emitidas por las autoridades del Sistema Nacional de Protecci\u00f3n Civil, en cada entidad.&nbsp;<\/p>\n\n\n\n<h2 class=\"wp-block-heading\">Clima para el martes 24 de septiembre:&nbsp;&nbsp;<\/h2>\n\n\n\n<ul class=\"wp-block-list\">\n<li>Lluvias intensas con puntuales torrenciales: Guerrero, Oaxaca, Chiapas, Tabasco, Campeche, Yucat\u00e1n y Quintana Roo.\u00a0<\/li>\n\n\n\n<li>Lluvias muy fuertes con puntuales intensas: Michoac\u00e1n y Veracruz.\u00a0<\/li>\n\n\n\n<li>Lluvias fuertes con puntuales muy fuertes: Nayarit, Jalisco, Colima, Morelos y Puebla.\u00a0<\/li>\n\n\n\n<li>Intervalos de chubascos con lluvias puntuales fuertes: Chihuahua, Durango, Coahuila, Nuevo Le\u00f3n, Tamaulipas, San Luis Potos\u00ed, Estado de M\u00e9xico, Ciudad de M\u00e9xico y Tlaxcala.\u00a0<\/li>\n\n\n\n<li>Intervalos de chubascos: Sinaloa, Zacatecas, Aguascalientes, Guanajuato, Hidalgo y Quer\u00e9taro.\u00a0<\/li>\n<\/ul>\n\n\n\n<h2 class=\"wp-block-heading\">Clima para el mi\u00e9rcoles 25 de septiembre &nbsp;<\/h2>\n\n\n\n<ul class=\"wp-block-list\">\n<li>Lluvias puntuales extraordinarias: Guerrero, Oaxaca y Chiapas.\u00a0<\/li>\n\n\n\n<li>Lluvias intensas con puntuales torrenciales: Puebla, Veracruz, Yucat\u00e1n y Quintana Roo.\u00a0<\/li>\n\n\n\n<li>Lluvias muy fuertes con puntuales intensas: Michoac\u00e1n, Tabasco y Campeche.\u00a0<\/li>\n\n\n\n<li>Lluvias fuertes con puntuales muy fuertes: Tamaulipas, San Luis Potos\u00ed, Jalisco, Colima, Quer\u00e9taro, Hidalgo, Estado de M\u00e9xico y Morelos.\u00a0<\/li>\n\n\n\n<li>Intervalos de chubascos con lluvias puntuales fuertes: Coahuila, Nuevo Le\u00f3n, Ciudad de M\u00e9xico y Tlaxcala.\u00a0<\/li>\n\n\n\n<li>Intervalos de chubascos: Chihuahua, Durango, Nayarit y Guanajuato.\u00a0<\/li>\n\n\n\n<li>Lluvias aisladas Sinaloa, Zacatecas y Aguascalientes.\u00a0<\/li>\n<\/ul>\n\n\n\n<h2 class=\"wp-block-heading\">Suspenden clases en Guerrero y en Oaxaca &nbsp;<\/h2>\n\n\n\n<p>Autoridades de&nbsp;Guerrero&nbsp;y Oaxaca determinaron la&nbsp;suspensi\u00f3n de clases&nbsp;en algunas regiones del estado, ante la&nbsp;tormenta tropical \u201cJohn\u201d, que prev\u00e9n toque tierra como hurac\u00e1n categor\u00eda 2.&nbsp;<\/p>\n\n\n\n<p>En Guerrero suspendieron las clases para este lunes 23 de septiembre en&nbsp;Acapulco y Costa Chica, mientras que en Oaxaca en Huatulco.<\/p>\n\n\n\n<p>El Servicio Meteorol\u00f3gico Nacional (SMN)\u00a0inform\u00f3\u00a0que la tormenta tropical,\u00a0con trayectoria hacia Oaxaca, ocasionar\u00e1 lluvias puntuales torrenciales en Guerrero.<\/p>\n","protected":false},"excerpt":{"rendered":"<p>El\u00a0servicio Meteorol\u00f3gico Nacional (SMN)\u00a0inform\u00f3\u00a0que el hurac\u00e1n\u00a0John\u00a0de categor\u00eda 1 se localiza a 110 km al suroeste de Lagunas de Chacahua, Oaxaca, y a 130 km al sur-sureste de Punta Maldonado, en Guerrero.\u00a0\u00a0 El SMN prev\u00e9 que para el 24 de septiembre, el hurac\u00e1n John gane fuerza hasta convertirse en categor\u00eda 2 e impacte&nbsp;al noreste de Lagunas [&hellip;]<\/p>\n","protected":false},"author":1,"featured_media":22307,"comment_status":"closed","ping_status":"closed","sticky":false,"template":"","format":"aside","meta":{"googlesitekit_rrm_CAowytPeCw:productID":"","footnotes":""},"categories":[5359],"tags":[8708],"class_list":["post-22306","post","type-post","status-publish","format-aside","has-post-thumbnail","hentry","category-clima","tag-huracan-3","post_format-post-format-aside"],"yoast_head":"<!-- This site is optimized with the Yoast SEO plugin v27.5 - https:\/\/yoast.com\/product\/yoast-seo-wordpress\/ -->\n<title>John se intensifica a HURAC\u00c1N; tocar\u00e1 TIERRA en M\u00e9xico como categor\u00eda 2: \u00bfqu\u00e9 estados golpear\u00e1? |<\/title>\n<meta name=\"robots\" content=\"index, follow, max-snippet:-1, max-image-preview:large, max-video-preview:-1\" \/>\n<link rel=\"canonical\" href=\"https:\/\/conexionnacional.mx\/index.php\/2024\/09\/23\/john-se-intensifica-a-huracan-tocara-tierra-en-mexico-como-categoria-2-que-estados-golpeara\/\" \/>\n<meta property=\"og:locale\" content=\"es_MX\" \/>\n<meta property=\"og:type\" content=\"article\" \/>\n<meta property=\"og:title\" content=\"John se intensifica a HURAC\u00c1N; tocar\u00e1 TIERRA en M\u00e9xico como categor\u00eda 2: \u00bfqu\u00e9 estados golpear\u00e1? |\" \/>\n<meta property=\"og:description\" content=\"El\u00a0servicio Meteorol\u00f3gico Nacional (SMN)\u00a0inform\u00f3\u00a0que el hurac\u00e1n\u00a0John\u00a0de categor\u00eda 1 se localiza a 110 km al suroeste de Lagunas de Chacahua, Oaxaca, y a 130 km al sur-sureste de Punta Maldonado, en Guerrero.\u00a0\u00a0 El SMN prev\u00e9 que para el 24 de septiembre, el hurac\u00e1n John gane fuerza hasta convertirse en categor\u00eda 2 e impacte&nbsp;al noreste de Lagunas [&hellip;]\" \/>\n<meta property=\"og:url\" content=\"https:\/\/conexionnacional.mx\/index.php\/2024\/09\/23\/john-se-intensifica-a-huracan-tocara-tierra-en-mexico-como-categoria-2-que-estados-golpeara\/\" \/>\n<meta property=\"og:site_name\" content=\"Conexi\u00f3n Nacional\" \/>\n<meta property=\"article:publisher\" content=\"https:\/\/www.facebook.com\/cnmxradio\" \/>\n<meta property=\"article:published_time\" content=\"2024-09-23T19:46:53+00:00\" \/>\n<meta property=\"article:modified_time\" content=\"2024-09-23T19:46:55+00:00\" \/>\n<meta property=\"og:image\" content=\"https:\/\/conexionnacional.mx\/wp-content\/uploads\/2024\/09\/f960x540-1014204_1088279_5050.jpg\" \/>\n\t<meta property=\"og:image:width\" content=\"960\" \/>\n\t<meta property=\"og:image:height\" content=\"540\" \/>\n\t<meta property=\"og:image:type\" content=\"image\/jpeg\" \/>\n<meta name=\"author\" content=\"Conexi\u00f3n Nacional\" \/>\n<meta name=\"twitter:card\" content=\"summary_large_image\" \/>\n<meta name=\"twitter:label1\" content=\"Escrito por\" \/>\n\t<meta name=\"twitter:data1\" content=\"Conexi\u00f3n Nacional\" \/>\n\t<meta name=\"twitter:label2\" content=\"Tiempo de lectura\" \/>\n\t<meta name=\"twitter:data2\" content=\"3 minutos\" \/>\n<script type=\"application\/ld+json\" class=\"yoast-schema-graph\">{\"@context\":\"https:\\\/\\\/schema.org\",\"@graph\":[{\"@type\":\"Article\",\"@id\":\"https:\\\/\\\/conexionnacional.mx\\\/index.php\\\/2024\\\/09\\\/23\\\/john-se-intensifica-a-huracan-tocara-tierra-en-mexico-como-categoria-2-que-estados-golpeara\\\/#article\",\"isPartOf\":{\"@id\":\"https:\\\/\\\/conexionnacional.mx\\\/index.php\\\/2024\\\/09\\\/23\\\/john-se-intensifica-a-huracan-tocara-tierra-en-mexico-como-categoria-2-que-estados-golpeara\\\/\"},\"author\":{\"name\":\"Conexi\u00f3n Nacional\",\"@id\":\"https:\\\/\\\/conexionnacional.mx\\\/#\\\/schema\\\/person\\\/dd14aeda902120f5e0e021903fdb6931\"},\"headline\":\"John se intensifica a HURAC\u00c1N; tocar\u00e1 TIERRA en M\u00e9xico como categor\u00eda 2: \u00bfqu\u00e9 estados golpear\u00e1?\",\"datePublished\":\"2024-09-23T19:46:53+00:00\",\"dateModified\":\"2024-09-23T19:46:55+00:00\",\"mainEntityOfPage\":{\"@id\":\"https:\\\/\\\/conexionnacional.mx\\\/index.php\\\/2024\\\/09\\\/23\\\/john-se-intensifica-a-huracan-tocara-tierra-en-mexico-como-categoria-2-que-estados-golpeara\\\/\"},\"wordCount\":483,\"publisher\":{\"@id\":\"https:\\\/\\\/conexionnacional.mx\\\/#organization\"},\"image\":{\"@id\":\"https:\\\/\\\/conexionnacional.mx\\\/index.php\\\/2024\\\/09\\\/23\\\/john-se-intensifica-a-huracan-tocara-tierra-en-mexico-como-categoria-2-que-estados-golpeara\\\/#primaryimage\"},\"thumbnailUrl\":\"https:\\\/\\\/conexionnacional.mx\\\/wp-content\\\/uploads\\\/2024\\\/09\\\/f960x540-1014204_1088279_5050.jpg\",\"keywords\":[\"HURAC\u00c1N\"],\"articleSection\":[\"Clima\"],\"inLanguage\":\"es\"},{\"@type\":\"WebPage\",\"@id\":\"https:\\\/\\\/conexionnacional.mx\\\/index.php\\\/2024\\\/09\\\/23\\\/john-se-intensifica-a-huracan-tocara-tierra-en-mexico-como-categoria-2-que-estados-golpeara\\\/\",\"url\":\"https:\\\/\\\/conexionnacional.mx\\\/index.php\\\/2024\\\/09\\\/23\\\/john-se-intensifica-a-huracan-tocara-tierra-en-mexico-como-categoria-2-que-estados-golpeara\\\/\",\"name\":\"John se intensifica a HURAC\u00c1N; tocar\u00e1 TIERRA en M\u00e9xico como categor\u00eda 2: \u00bfqu\u00e9 estados golpear\u00e1? |\",\"isPartOf\":{\"@id\":\"https:\\\/\\\/conexionnacional.mx\\\/#website\"},\"primaryImageOfPage\":{\"@id\":\"https:\\\/\\\/conexionnacional.mx\\\/index.php\\\/2024\\\/09\\\/23\\\/john-se-intensifica-a-huracan-tocara-tierra-en-mexico-como-categoria-2-que-estados-golpeara\\\/#primaryimage\"},\"image\":{\"@id\":\"https:\\\/\\\/conexionnacional.mx\\\/index.php\\\/2024\\\/09\\\/23\\\/john-se-intensifica-a-huracan-tocara-tierra-en-mexico-como-categoria-2-que-estados-golpeara\\\/#primaryimage\"},\"thumbnailUrl\":\"https:\\\/\\\/conexionnacional.mx\\\/wp-content\\\/uploads\\\/2024\\\/09\\\/f960x540-1014204_1088279_5050.jpg\",\"datePublished\":\"2024-09-23T19:46:53+00:00\",\"dateModified\":\"2024-09-23T19:46:55+00:00\",\"breadcrumb\":{\"@id\":\"https:\\\/\\\/conexionnacional.mx\\\/index.php\\\/2024\\\/09\\\/23\\\/john-se-intensifica-a-huracan-tocara-tierra-en-mexico-como-categoria-2-que-estados-golpeara\\\/#breadcrumb\"},\"inLanguage\":\"es\",\"potentialAction\":[{\"@type\":\"ReadAction\",\"target\":[\"https:\\\/\\\/conexionnacional.mx\\\/index.php\\\/2024\\\/09\\\/23\\\/john-se-intensifica-a-huracan-tocara-tierra-en-mexico-como-categoria-2-que-estados-golpeara\\\/\"]}]},{\"@type\":\"ImageObject\",\"inLanguage\":\"es\",\"@id\":\"https:\\\/\\\/conexionnacional.mx\\\/index.php\\\/2024\\\/09\\\/23\\\/john-se-intensifica-a-huracan-tocara-tierra-en-mexico-como-categoria-2-que-estados-golpeara\\\/#primaryimage\",\"url\":\"https:\\\/\\\/conexionnacional.mx\\\/wp-content\\\/uploads\\\/2024\\\/09\\\/f960x540-1014204_1088279_5050.jpg\",\"contentUrl\":\"https:\\\/\\\/conexionnacional.mx\\\/wp-content\\\/uploads\\\/2024\\\/09\\\/f960x540-1014204_1088279_5050.jpg\",\"width\":960,\"height\":540},{\"@type\":\"BreadcrumbList\",\"@id\":\"https:\\\/\\\/conexionnacional.mx\\\/index.php\\\/2024\\\/09\\\/23\\\/john-se-intensifica-a-huracan-tocara-tierra-en-mexico-como-categoria-2-que-estados-golpeara\\\/#breadcrumb\",\"itemListElement\":[{\"@type\":\"ListItem\",\"position\":1,\"name\":\"Inicio\",\"item\":\"https:\\\/\\\/conexionnacional.mx\\\/\"},{\"@type\":\"ListItem\",\"position\":2,\"name\":\"John se intensifica a HURAC\u00c1N; tocar\u00e1 TIERRA en M\u00e9xico como categor\u00eda 2: \u00bfqu\u00e9 estados golpear\u00e1?\"}]},{\"@type\":\"WebSite\",\"@id\":\"https:\\\/\\\/conexionnacional.mx\\\/#website\",\"url\":\"https:\\\/\\\/conexionnacional.mx\\\/\",\"name\":\"Conexi\u00f3n Nacional\",\"description\":\"Noticias al momento\",\"publisher\":{\"@id\":\"https:\\\/\\\/conexionnacional.mx\\\/#organization\"},\"alternateName\":\"Noticias nacionales\",\"potentialAction\":[{\"@type\":\"SearchAction\",\"target\":{\"@type\":\"EntryPoint\",\"urlTemplate\":\"https:\\\/\\\/conexionnacional.mx\\\/?s={search_term_string}\"},\"query-input\":{\"@type\":\"PropertyValueSpecification\",\"valueRequired\":true,\"valueName\":\"search_term_string\"}}],\"inLanguage\":\"es\"},{\"@type\":\"Organization\",\"@id\":\"https:\\\/\\\/conexionnacional.mx\\\/#organization\",\"name\":\"Conexi\u00f3n Nacional\",\"url\":\"https:\\\/\\\/conexionnacional.mx\\\/\",\"logo\":{\"@type\":\"ImageObject\",\"inLanguage\":\"es\",\"@id\":\"https:\\\/\\\/conexionnacional.mx\\\/#\\\/schema\\\/logo\\\/image\\\/\",\"url\":\"https:\\\/\\\/conexionnacional.mx\\\/wp-content\\\/uploads\\\/2022\\\/09\\\/conexion_nacional.png\",\"contentUrl\":\"https:\\\/\\\/conexionnacional.mx\\\/wp-content\\\/uploads\\\/2022\\\/09\\\/conexion_nacional.png\",\"width\":2964,\"height\":1173,\"caption\":\"Conexi\u00f3n Nacional\"},\"image\":{\"@id\":\"https:\\\/\\\/conexionnacional.mx\\\/#\\\/schema\\\/logo\\\/image\\\/\"},\"sameAs\":[\"https:\\\/\\\/www.facebook.com\\\/cnmxradio\"]},{\"@type\":\"Person\",\"@id\":\"https:\\\/\\\/conexionnacional.mx\\\/#\\\/schema\\\/person\\\/dd14aeda902120f5e0e021903fdb6931\",\"name\":\"Conexi\u00f3n Nacional\",\"image\":{\"@type\":\"ImageObject\",\"inLanguage\":\"es\",\"@id\":\"https:\\\/\\\/secure.gravatar.com\\\/avatar\\\/e523100f284110b2ecca7e17b2be9cf140a5e8f35294c9ec0543e6916cc1f9be?s=96&d=blank&r=g\",\"url\":\"https:\\\/\\\/secure.gravatar.com\\\/avatar\\\/e523100f284110b2ecca7e17b2be9cf140a5e8f35294c9ec0543e6916cc1f9be?s=96&d=blank&r=g\",\"contentUrl\":\"https:\\\/\\\/secure.gravatar.com\\\/avatar\\\/e523100f284110b2ecca7e17b2be9cf140a5e8f35294c9ec0543e6916cc1f9be?s=96&d=blank&r=g\",\"caption\":\"Conexi\u00f3n Nacional\"},\"sameAs\":[\"https:\\\/\\\/conexionnacional.mx\"],\"url\":\"https:\\\/\\\/conexionnacional.mx\\\/index.php\\\/author\\\/administrador\\\/\"}]}<\/script>\n<!-- \/ Yoast SEO plugin. -->","yoast_head_json":{"title":"John se intensifica a HURAC\u00c1N; tocar\u00e1 TIERRA en M\u00e9xico como categor\u00eda 2: \u00bfqu\u00e9 estados golpear\u00e1? |","robots":{"index":"index","follow":"follow","max-snippet":"max-snippet:-1","max-image-preview":"max-image-preview:large","max-video-preview":"max-video-preview:-1"},"canonical":"https:\/\/conexionnacional.mx\/index.php\/2024\/09\/23\/john-se-intensifica-a-huracan-tocara-tierra-en-mexico-como-categoria-2-que-estados-golpeara\/","og_locale":"es_MX","og_type":"article","og_title":"John se intensifica a HURAC\u00c1N; tocar\u00e1 TIERRA en M\u00e9xico como categor\u00eda 2: \u00bfqu\u00e9 estados golpear\u00e1? |","og_description":"El\u00a0servicio Meteorol\u00f3gico Nacional (SMN)\u00a0inform\u00f3\u00a0que el hurac\u00e1n\u00a0John\u00a0de categor\u00eda 1 se localiza a 110 km al suroeste de Lagunas de Chacahua, Oaxaca, y a 130 km al sur-sureste de Punta Maldonado, en Guerrero.\u00a0\u00a0 El SMN prev\u00e9 que para el 24 de septiembre, el hurac\u00e1n John gane fuerza hasta convertirse en categor\u00eda 2 e impacte&nbsp;al noreste de Lagunas [&hellip;]","og_url":"https:\/\/conexionnacional.mx\/index.php\/2024\/09\/23\/john-se-intensifica-a-huracan-tocara-tierra-en-mexico-como-categoria-2-que-estados-golpeara\/","og_site_name":"Conexi\u00f3n Nacional","article_publisher":"https:\/\/www.facebook.com\/cnmxradio","article_published_time":"2024-09-23T19:46:53+00:00","article_modified_time":"2024-09-23T19:46:55+00:00","og_image":[{"width":960,"height":540,"url":"https:\/\/conexionnacional.mx\/wp-content\/uploads\/2024\/09\/f960x540-1014204_1088279_5050.jpg","type":"image\/jpeg"}],"author":"Conexi\u00f3n Nacional","twitter_card":"summary_large_image","twitter_misc":{"Escrito por":"Conexi\u00f3n Nacional","Tiempo de lectura":"3 minutos"},"schema":{"@context":"https:\/\/schema.org","@graph":[{"@type":"Article","@id":"https:\/\/conexionnacional.mx\/index.php\/2024\/09\/23\/john-se-intensifica-a-huracan-tocara-tierra-en-mexico-como-categoria-2-que-estados-golpeara\/#article","isPartOf":{"@id":"https:\/\/conexionnacional.mx\/index.php\/2024\/09\/23\/john-se-intensifica-a-huracan-tocara-tierra-en-mexico-como-categoria-2-que-estados-golpeara\/"},"author":{"name":"Conexi\u00f3n Nacional","@id":"https:\/\/conexionnacional.mx\/#\/schema\/person\/dd14aeda902120f5e0e021903fdb6931"},"headline":"John se intensifica a HURAC\u00c1N; tocar\u00e1 TIERRA en M\u00e9xico como categor\u00eda 2: \u00bfqu\u00e9 estados golpear\u00e1?","datePublished":"2024-09-23T19:46:53+00:00","dateModified":"2024-09-23T19:46:55+00:00","mainEntityOfPage":{"@id":"https:\/\/conexionnacional.mx\/index.php\/2024\/09\/23\/john-se-intensifica-a-huracan-tocara-tierra-en-mexico-como-categoria-2-que-estados-golpeara\/"},"wordCount":483,"publisher":{"@id":"https:\/\/conexionnacional.mx\/#organization"},"image":{"@id":"https:\/\/conexionnacional.mx\/index.php\/2024\/09\/23\/john-se-intensifica-a-huracan-tocara-tierra-en-mexico-como-categoria-2-que-estados-golpeara\/#primaryimage"},"thumbnailUrl":"https:\/\/conexionnacional.mx\/wp-content\/uploads\/2024\/09\/f960x540-1014204_1088279_5050.jpg","keywords":["HURAC\u00c1N"],"articleSection":["Clima"],"inLanguage":"es"},{"@type":"WebPage","@id":"https:\/\/conexionnacional.mx\/index.php\/2024\/09\/23\/john-se-intensifica-a-huracan-tocara-tierra-en-mexico-como-categoria-2-que-estados-golpeara\/","url":"https:\/\/conexionnacional.mx\/index.php\/2024\/09\/23\/john-se-intensifica-a-huracan-tocara-tierra-en-mexico-como-categoria-2-que-estados-golpeara\/","name":"John se intensifica a HURAC\u00c1N; tocar\u00e1 TIERRA en M\u00e9xico como categor\u00eda 2: \u00bfqu\u00e9 estados golpear\u00e1? |","isPartOf":{"@id":"https:\/\/conexionnacional.mx\/#website"},"primaryImageOfPage":{"@id":"https:\/\/conexionnacional.mx\/index.php\/2024\/09\/23\/john-se-intensifica-a-huracan-tocara-tierra-en-mexico-como-categoria-2-que-estados-golpeara\/#primaryimage"},"image":{"@id":"https:\/\/conexionnacional.mx\/index.php\/2024\/09\/23\/john-se-intensifica-a-huracan-tocara-tierra-en-mexico-como-categoria-2-que-estados-golpeara\/#primaryimage"},"thumbnailUrl":"https:\/\/conexionnacional.mx\/wp-content\/uploads\/2024\/09\/f960x540-1014204_1088279_5050.jpg","datePublished":"2024-09-23T19:46:53+00:00","dateModified":"2024-09-23T19:46:55+00:00","breadcrumb":{"@id":"https:\/\/conexionnacional.mx\/index.php\/2024\/09\/23\/john-se-intensifica-a-huracan-tocara-tierra-en-mexico-como-categoria-2-que-estados-golpeara\/#breadcrumb"},"inLanguage":"es","potentialAction":[{"@type":"ReadAction","target":["https:\/\/conexionnacional.mx\/index.php\/2024\/09\/23\/john-se-intensifica-a-huracan-tocara-tierra-en-mexico-como-categoria-2-que-estados-golpeara\/"]}]},{"@type":"ImageObject","inLanguage":"es","@id":"https:\/\/conexionnacional.mx\/index.php\/2024\/09\/23\/john-se-intensifica-a-huracan-tocara-tierra-en-mexico-como-categoria-2-que-estados-golpeara\/#primaryimage","url":"https:\/\/conexionnacional.mx\/wp-content\/uploads\/2024\/09\/f960x540-1014204_1088279_5050.jpg","contentUrl":"https:\/\/conexionnacional.mx\/wp-content\/uploads\/2024\/09\/f960x540-1014204_1088279_5050.jpg","width":960,"height":540},{"@type":"BreadcrumbList","@id":"https:\/\/conexionnacional.mx\/index.php\/2024\/09\/23\/john-se-intensifica-a-huracan-tocara-tierra-en-mexico-como-categoria-2-que-estados-golpeara\/#breadcrumb","itemListElement":[{"@type":"ListItem","position":1,"name":"Inicio","item":"https:\/\/conexionnacional.mx\/"},{"@type":"ListItem","position":2,"name":"John se intensifica a HURAC\u00c1N; tocar\u00e1 TIERRA en M\u00e9xico como categor\u00eda 2: \u00bfqu\u00e9 estados golpear\u00e1?"}]},{"@type":"WebSite","@id":"https:\/\/conexionnacional.mx\/#website","url":"https:\/\/conexionnacional.mx\/","name":"Conexi\u00f3n Nacional","description":"Noticias al momento","publisher":{"@id":"https:\/\/conexionnacional.mx\/#organization"},"alternateName":"Noticias nacionales","potentialAction":[{"@type":"SearchAction","target":{"@type":"EntryPoint","urlTemplate":"https:\/\/conexionnacional.mx\/?s={search_term_string}"},"query-input":{"@type":"PropertyValueSpecification","valueRequired":true,"valueName":"search_term_string"}}],"inLanguage":"es"},{"@type":"Organization","@id":"https:\/\/conexionnacional.mx\/#organization","name":"Conexi\u00f3n Nacional","url":"https:\/\/conexionnacional.mx\/","logo":{"@type":"ImageObject","inLanguage":"es","@id":"https:\/\/conexionnacional.mx\/#\/schema\/logo\/image\/","url":"https:\/\/conexionnacional.mx\/wp-content\/uploads\/2022\/09\/conexion_nacional.png","contentUrl":"https:\/\/conexionnacional.mx\/wp-content\/uploads\/2022\/09\/conexion_nacional.png","width":2964,"height":1173,"caption":"Conexi\u00f3n Nacional"},"image":{"@id":"https:\/\/conexionnacional.mx\/#\/schema\/logo\/image\/"},"sameAs":["https:\/\/www.facebook.com\/cnmxradio"]},{"@type":"Person","@id":"https:\/\/conexionnacional.mx\/#\/schema\/person\/dd14aeda902120f5e0e021903fdb6931","name":"Conexi\u00f3n Nacional","image":{"@type":"ImageObject","inLanguage":"es","@id":"https:\/\/secure.gravatar.com\/avatar\/e523100f284110b2ecca7e17b2be9cf140a5e8f35294c9ec0543e6916cc1f9be?s=96&d=blank&r=g","url":"https:\/\/secure.gravatar.com\/avatar\/e523100f284110b2ecca7e17b2be9cf140a5e8f35294c9ec0543e6916cc1f9be?s=96&d=blank&r=g","contentUrl":"https:\/\/secure.gravatar.com\/avatar\/e523100f284110b2ecca7e17b2be9cf140a5e8f35294c9ec0543e6916cc1f9be?s=96&d=blank&r=g","caption":"Conexi\u00f3n Nacional"},"sameAs":["https:\/\/conexionnacional.mx"],"url":"https:\/\/conexionnacional.mx\/index.php\/author\/administrador\/"}]}},"_links":{"self":[{"href":"https:\/\/conexionnacional.mx\/index.php\/wp-json\/wp\/v2\/posts\/22306","targetHints":{"allow":["GET"]}}],"collection":[{"href":"https:\/\/conexionnacional.mx\/index.php\/wp-json\/wp\/v2\/posts"}],"about":[{"href":"https:\/\/conexionnacional.mx\/index.php\/wp-json\/wp\/v2\/types\/post"}],"author":[{"embeddable":true,"href":"https:\/\/conexionnacional.mx\/index.php\/wp-json\/wp\/v2\/users\/1"}],"replies":[{"embeddable":true,"href":"https:\/\/conexionnacional.mx\/index.php\/wp-json\/wp\/v2\/comments?post=22306"}],"version-history":[{"count":1,"href":"https:\/\/conexionnacional.mx\/index.php\/wp-json\/wp\/v2\/posts\/22306\/revisions"}],"predecessor-version":[{"id":22308,"href":"https:\/\/conexionnacional.mx\/index.php\/wp-json\/wp\/v2\/posts\/22306\/revisions\/22308"}],"wp:featuredmedia":[{"embeddable":true,"href":"https:\/\/conexionnacional.mx\/index.php\/wp-json\/wp\/v2\/media\/22307"}],"wp:attachment":[{"href":"https:\/\/conexionnacional.mx\/index.php\/wp-json\/wp\/v2\/media?parent=22306"}],"wp:term":[{"taxonomy":"category","embeddable":true,"href":"https:\/\/conexionnacional.mx\/index.php\/wp-json\/wp\/v2\/categories?post=22306"},{"taxonomy":"post_tag","embeddable":true,"href":"https:\/\/conexionnacional.mx\/index.php\/wp-json\/wp\/v2\/tags?post=22306"}],"curies":[{"name":"wp","href":"https:\/\/api.w.org\/{rel}","templated":true}]}}