{"id":22303,"date":"2024-09-23T13:34:27","date_gmt":"2024-09-23T19:34:27","guid":{"rendered":"https:\/\/conexionnacional.mx\/?p=22303"},"modified":"2024-09-23T13:34:29","modified_gmt":"2024-09-23T19:34:29","slug":"se-hizo-con-malas-intenciones-erik-menendez-habla-de-la-nueva-serie-de-netflix-monsters","status":"publish","type":"post","link":"https:\/\/conexionnacional.mx\/index.php\/2024\/09\/23\/se-hizo-con-malas-intenciones-erik-menendez-habla-de-la-nueva-serie-de-netflix-monsters\/","title":{"rendered":"&#8220;Se hizo con malas intenciones&#8221;: Erik Menendez habla de la nueva serie de Netflix, &#8216;Monsters&#8217;"},"content":{"rendered":"\n<p>Erik Men\u00e9ndez, uno de los hermanos condenados por el asesinato de sus padres en 1989, ha criticado la representaci\u00f3n de los hechos en la\u00a0nueva serie de Netflix,\u00a0<em>Monsters: The Lyle and Erik Menendez Story<\/em>, producida por Ryan Murphy.<\/p>\n\n\n\n<p>En una declaraci\u00f3n publicada a trav\u00e9s de la cuenta de su esposa Tammi Men\u00e9ndez en X (antes conocida como Twitter), Erik&nbsp;<strong>expres\u00f3 su descontento<\/strong>&nbsp;con la manera en que&nbsp;<strong>la serie retrata a su hermano Lyle y a \u00e9l<\/strong>.<\/p>\n\n\n\n<p>Erik Men\u00e9ndez, quien junto con su hermano Lyle Men\u00e9ndez&nbsp;<strong>fue condenado por asesinato en primer grado<\/strong>&nbsp;y conspiraci\u00f3n para cometer asesinato, sostiene que la serie perpet\u00faa lo que<strong>&nbsp;\u00e9l considera \u201crepresentaciones ruinosas\u201d<\/strong>&nbsp;de ambos.<\/p>\n\n\n\n<p>La declaraci\u00f3n tambi\u00e9n sugiere que<strong>&nbsp;Ryan Murphy pudo haber actuado con mala intenci\u00f3n<\/strong>, dado el enfoque narrativo que eligi\u00f3 para el show.<\/p>\n\n\n\n<blockquote class=\"wp-block-quote is-layout-flow wp-block-quote-is-layout-flow\">\n<p>\u201cCon gran pesar digo que creo que Ryan Murphy no puede ser tan ingenuo e inexacto sobre los hechos de nuestras vidas como para hacer esto sin mala intenci\u00f3n\u201d, escribi\u00f3 Erik Men\u00e9ndez en su declaraci\u00f3n p\u00fablica.<\/p>\n<\/blockquote>\n\n\n\n<p>Erik, quien&nbsp;<strong>actualmente cumple cadena perpetua<\/strong>&nbsp;junto a su hermano en el centro penitenciario RJ Donovan en San Diego, California, critic\u00f3 la serie por<strong>&nbsp;revivir lo que \u00e9l califica como relatos deshonestos<\/strong>&nbsp;sobre sus vidas.<\/p>\n\n\n\n<p>En su declaraci\u00f3n, afirma que&nbsp;<strong>la serie tergiversa el trauma masculino y el abuso sexual<\/strong>, y le preocupa que la representaci\u00f3n de la&nbsp;<strong>historia sea un retroceso<\/strong>&nbsp;en la comprensi\u00f3n del trauma infantil. Erik expres\u00f3 tristeza por lo que considera una&nbsp;<strong>perpetuaci\u00f3n de \u201cmentiras y calumnias da\u00f1inas\u201d<\/strong>.<\/p>\n\n\n\n<p>En su mensaje, Erik Men\u00e9ndez tambi\u00e9n&nbsp;<strong>agradeci\u00f3 el apoyo<\/strong>&nbsp;de quienes lo han acompa\u00f1ado a lo largo del tiempo, y pidi\u00f3 que&nbsp;<strong>la verdad prevalezca<\/strong>&nbsp;sobre las representaciones ficticias de su caso.<\/p>\n\n\n\n<figure class=\"wp-block-image\"><img decoding=\"async\" src=\"data:image\/gif;base64,R0lGODlhAQABAAAAACH5BAEKAAEALAAAAAABAAEAAAICTAEAOw==\" data-src=\"https:\/\/cdn2.excelsior.com.mx\/media\/inside-the-note\/pictures\/2024\/09\/22\/gettyimages-2081041211-e1726889658144.webp\" alt=\"Imagen intermedia\" class=\"lazyload\" title=\"\"\/><\/figure>\n\n\n\n<p>El incidente que involucr\u00f3 el asesinato de sus padres ha sido&nbsp;<strong>retratado en varias ocasiones<\/strong>&nbsp;en medios de comunicaci\u00f3n, pero esta serie de Netflix ha generado<strong>&nbsp;una reacci\u00f3n especialmente fuerte por parte de Erik<\/strong>.<\/p>\n\n\n\n<p>En la serie, Javier Bardem interpreta a Jos\u00e9 Men\u00e9ndez, el padre de los hermanos, y Chlo\u00eb Sevigny encarna a la madre, Kitty Men\u00e9ndez. Los roles de Lyle y Erik son interpretados por Nicholas Ch\u00e1vez y Cooper Koch, respectivamente. La producci\u00f3n ha sido una de las m\u00e1s esperadas de Ryan Murphy, conocido por crear series basadas en cr\u00edmenes reales.<\/p>\n\n\n\n<p>La serie no solo ha recibido cr\u00edticas de Erik Men\u00e9ndez, sino tambi\u00e9n de la cr\u00edtica profesional. Aramide Tinubu, cr\u00edtica principal de televisi\u00f3n en&nbsp;<em>Variety<\/em>, tambi\u00e9n&nbsp;<strong>se\u00f1al\u00f3 su descontento con la producci\u00f3n<\/strong>.<\/p>\n\n\n\n<figure class=\"wp-block-embed is-type-rich is-provider-twitter wp-block-embed-twitter\"><div class=\"wp-block-embed__wrapper\">\n<blockquote class=\"twitter-tweet\" data-width=\"550\" data-dnt=\"true\"><p lang=\"en\" dir=\"ltr\">Erik&#39;s response to the Netflix&#39;s series.<a href=\"https:\/\/twitter.com\/hashtag\/NetflixMonsters?src=hash&amp;ref_src=twsrc%5Etfw\">#NetflixMonsters<\/a> <a href=\"https:\/\/twitter.com\/hashtag\/Netflix?src=hash&amp;ref_src=twsrc%5Etfw\">#Netflix<\/a> <a href=\"https:\/\/twitter.com\/hashtag\/RyanMurphy?src=hash&amp;ref_src=twsrc%5Etfw\">#RyanMurphy<\/a> <a href=\"https:\/\/t.co\/Xz1waxA2u3\">pic.twitter.com\/Xz1waxA2u3<\/a><\/p>&mdash; Tammi Menendez (@TammiMenendez1) <a href=\"https:\/\/twitter.com\/TammiMenendez1\/status\/1836967482013229168?ref_src=twsrc%5Etfw\">September 20, 2024<\/a><\/blockquote><script async src=\"https:\/\/platform.twitter.com\/widgets.js\" charset=\"utf-8\"><\/script>\n<\/div><\/figure>\n\n\n\n<p>En una rese\u00f1a publicada por el medio, describi\u00f3 que el programa intenta explorar las circunstancias que llevaron al crimen,&nbsp;<strong>resaltando el trauma de Erik y Lyle<\/strong>. Sin embargo, la cr\u00edtica concluye que&nbsp;<strong>la narrativa final se siente &#8220;in\u00fatil y extra\u00f1a&#8221;.<\/strong><\/p>\n\n\n\n<p>La respuesta de Erik Men\u00e9ndez a la serie contin\u00faa generando debate en redes sociales y medios de comunicaci\u00f3n, a medida que los espectadores y cr\u00edticos discuten el impacto de las representaciones de cr\u00edmenes reales en la cultura popular.<\/p>\n","protected":false},"excerpt":{"rendered":"<p>Erik Men\u00e9ndez, uno de los hermanos condenados por el asesinato de sus padres en 1989, ha criticado la representaci\u00f3n de los hechos en la\u00a0nueva serie de Netflix,\u00a0Monsters: The Lyle and Erik Menendez Story, producida por Ryan Murphy. En una declaraci\u00f3n publicada a trav\u00e9s de la cuenta de su esposa Tammi Men\u00e9ndez en X (antes conocida [&hellip;]<\/p>\n","protected":false},"author":1,"featured_media":22304,"comment_status":"closed","ping_status":"closed","sticky":false,"template":"","format":"aside","meta":{"googlesitekit_rrm_CAowytPeCw:productID":"","footnotes":""},"categories":[6354],"tags":[825],"class_list":["post-22303","post","type-post","status-publish","format-aside","has-post-thumbnail","hentry","category-series-peliculas","tag-netflix","post_format-post-format-aside"],"yoast_head":"<!-- This site is optimized with the Yoast SEO plugin v27.5 - https:\/\/yoast.com\/product\/yoast-seo-wordpress\/ -->\n<title>&quot;Se hizo con malas intenciones&quot;: Erik Menendez habla de la nueva serie de Netflix, &#039;Monsters&#039; |<\/title>\n<meta name=\"robots\" content=\"index, follow, max-snippet:-1, max-image-preview:large, max-video-preview:-1\" \/>\n<link rel=\"canonical\" href=\"https:\/\/conexionnacional.mx\/index.php\/2024\/09\/23\/se-hizo-con-malas-intenciones-erik-menendez-habla-de-la-nueva-serie-de-netflix-monsters\/\" \/>\n<meta property=\"og:locale\" content=\"es_MX\" \/>\n<meta property=\"og:type\" content=\"article\" \/>\n<meta property=\"og:title\" content=\"&quot;Se hizo con malas intenciones&quot;: Erik Menendez habla de la nueva serie de Netflix, &#039;Monsters&#039; |\" \/>\n<meta property=\"og:description\" content=\"Erik Men\u00e9ndez, uno de los hermanos condenados por el asesinato de sus padres en 1989, ha criticado la representaci\u00f3n de los hechos en la\u00a0nueva serie de Netflix,\u00a0Monsters: The Lyle and Erik Menendez Story, producida por Ryan Murphy. En una declaraci\u00f3n publicada a trav\u00e9s de la cuenta de su esposa Tammi Men\u00e9ndez en X (antes conocida [&hellip;]\" \/>\n<meta property=\"og:url\" content=\"https:\/\/conexionnacional.mx\/index.php\/2024\/09\/23\/se-hizo-con-malas-intenciones-erik-menendez-habla-de-la-nueva-serie-de-netflix-monsters\/\" \/>\n<meta property=\"og:site_name\" content=\"Conexi\u00f3n Nacional\" \/>\n<meta property=\"article:publisher\" content=\"https:\/\/www.facebook.com\/cnmxradio\" \/>\n<meta property=\"article:published_time\" content=\"2024-09-23T19:34:27+00:00\" \/>\n<meta property=\"article:modified_time\" content=\"2024-09-23T19:34:29+00:00\" \/>\n<meta property=\"og:image\" content=\"https:\/\/conexionnacional.mx\/wp-content\/uploads\/2024\/09\/3183809.webp\" \/>\n\t<meta property=\"og:image:width\" content=\"800\" \/>\n\t<meta property=\"og:image:height\" content=\"600\" \/>\n\t<meta property=\"og:image:type\" content=\"image\/webp\" \/>\n<meta name=\"author\" content=\"Conexi\u00f3n Nacional\" \/>\n<meta name=\"twitter:card\" content=\"summary_large_image\" \/>\n<meta name=\"twitter:label1\" content=\"Escrito por\" \/>\n\t<meta name=\"twitter:data1\" content=\"Conexi\u00f3n Nacional\" \/>\n\t<meta name=\"twitter:label2\" content=\"Tiempo de lectura\" \/>\n\t<meta name=\"twitter:data2\" content=\"3 minutos\" \/>\n<script type=\"application\/ld+json\" class=\"yoast-schema-graph\">{\"@context\":\"https:\\\/\\\/schema.org\",\"@graph\":[{\"@type\":\"Article\",\"@id\":\"https:\\\/\\\/conexionnacional.mx\\\/index.php\\\/2024\\\/09\\\/23\\\/se-hizo-con-malas-intenciones-erik-menendez-habla-de-la-nueva-serie-de-netflix-monsters\\\/#article\",\"isPartOf\":{\"@id\":\"https:\\\/\\\/conexionnacional.mx\\\/index.php\\\/2024\\\/09\\\/23\\\/se-hizo-con-malas-intenciones-erik-menendez-habla-de-la-nueva-serie-de-netflix-monsters\\\/\"},\"author\":{\"name\":\"Conexi\u00f3n Nacional\",\"@id\":\"https:\\\/\\\/conexionnacional.mx\\\/#\\\/schema\\\/person\\\/dd14aeda902120f5e0e021903fdb6931\"},\"headline\":\"&#8220;Se hizo con malas intenciones&#8221;: Erik Menendez habla de la nueva serie de Netflix, &#8216;Monsters&#8217;\",\"datePublished\":\"2024-09-23T19:34:27+00:00\",\"dateModified\":\"2024-09-23T19:34:29+00:00\",\"mainEntityOfPage\":{\"@id\":\"https:\\\/\\\/conexionnacional.mx\\\/index.php\\\/2024\\\/09\\\/23\\\/se-hizo-con-malas-intenciones-erik-menendez-habla-de-la-nueva-serie-de-netflix-monsters\\\/\"},\"wordCount\":617,\"publisher\":{\"@id\":\"https:\\\/\\\/conexionnacional.mx\\\/#organization\"},\"image\":{\"@id\":\"https:\\\/\\\/conexionnacional.mx\\\/index.php\\\/2024\\\/09\\\/23\\\/se-hizo-con-malas-intenciones-erik-menendez-habla-de-la-nueva-serie-de-netflix-monsters\\\/#primaryimage\"},\"thumbnailUrl\":\"https:\\\/\\\/conexionnacional.mx\\\/wp-content\\\/uploads\\\/2024\\\/09\\\/3183809.webp\",\"keywords\":[\"Netflix\"],\"articleSection\":[\"Series &amp; Pel\u00edculas\"],\"inLanguage\":\"es\"},{\"@type\":\"WebPage\",\"@id\":\"https:\\\/\\\/conexionnacional.mx\\\/index.php\\\/2024\\\/09\\\/23\\\/se-hizo-con-malas-intenciones-erik-menendez-habla-de-la-nueva-serie-de-netflix-monsters\\\/\",\"url\":\"https:\\\/\\\/conexionnacional.mx\\\/index.php\\\/2024\\\/09\\\/23\\\/se-hizo-con-malas-intenciones-erik-menendez-habla-de-la-nueva-serie-de-netflix-monsters\\\/\",\"name\":\"\\\"Se hizo con malas intenciones\\\": Erik Menendez habla de la nueva serie de Netflix, 'Monsters' |\",\"isPartOf\":{\"@id\":\"https:\\\/\\\/conexionnacional.mx\\\/#website\"},\"primaryImageOfPage\":{\"@id\":\"https:\\\/\\\/conexionnacional.mx\\\/index.php\\\/2024\\\/09\\\/23\\\/se-hizo-con-malas-intenciones-erik-menendez-habla-de-la-nueva-serie-de-netflix-monsters\\\/#primaryimage\"},\"image\":{\"@id\":\"https:\\\/\\\/conexionnacional.mx\\\/index.php\\\/2024\\\/09\\\/23\\\/se-hizo-con-malas-intenciones-erik-menendez-habla-de-la-nueva-serie-de-netflix-monsters\\\/#primaryimage\"},\"thumbnailUrl\":\"https:\\\/\\\/conexionnacional.mx\\\/wp-content\\\/uploads\\\/2024\\\/09\\\/3183809.webp\",\"datePublished\":\"2024-09-23T19:34:27+00:00\",\"dateModified\":\"2024-09-23T19:34:29+00:00\",\"breadcrumb\":{\"@id\":\"https:\\\/\\\/conexionnacional.mx\\\/index.php\\\/2024\\\/09\\\/23\\\/se-hizo-con-malas-intenciones-erik-menendez-habla-de-la-nueva-serie-de-netflix-monsters\\\/#breadcrumb\"},\"inLanguage\":\"es\",\"potentialAction\":[{\"@type\":\"ReadAction\",\"target\":[\"https:\\\/\\\/conexionnacional.mx\\\/index.php\\\/2024\\\/09\\\/23\\\/se-hizo-con-malas-intenciones-erik-menendez-habla-de-la-nueva-serie-de-netflix-monsters\\\/\"]}]},{\"@type\":\"ImageObject\",\"inLanguage\":\"es\",\"@id\":\"https:\\\/\\\/conexionnacional.mx\\\/index.php\\\/2024\\\/09\\\/23\\\/se-hizo-con-malas-intenciones-erik-menendez-habla-de-la-nueva-serie-de-netflix-monsters\\\/#primaryimage\",\"url\":\"https:\\\/\\\/conexionnacional.mx\\\/wp-content\\\/uploads\\\/2024\\\/09\\\/3183809.webp\",\"contentUrl\":\"https:\\\/\\\/conexionnacional.mx\\\/wp-content\\\/uploads\\\/2024\\\/09\\\/3183809.webp\",\"width\":800,\"height\":600},{\"@type\":\"BreadcrumbList\",\"@id\":\"https:\\\/\\\/conexionnacional.mx\\\/index.php\\\/2024\\\/09\\\/23\\\/se-hizo-con-malas-intenciones-erik-menendez-habla-de-la-nueva-serie-de-netflix-monsters\\\/#breadcrumb\",\"itemListElement\":[{\"@type\":\"ListItem\",\"position\":1,\"name\":\"Inicio\",\"item\":\"https:\\\/\\\/conexionnacional.mx\\\/\"},{\"@type\":\"ListItem\",\"position\":2,\"name\":\"&#8220;Se hizo con malas intenciones&#8221;: Erik Menendez habla de la nueva serie de Netflix, &#8216;Monsters&#8217;\"}]},{\"@type\":\"WebSite\",\"@id\":\"https:\\\/\\\/conexionnacional.mx\\\/#website\",\"url\":\"https:\\\/\\\/conexionnacional.mx\\\/\",\"name\":\"Conexi\u00f3n Nacional\",\"description\":\"Noticias al momento\",\"publisher\":{\"@id\":\"https:\\\/\\\/conexionnacional.mx\\\/#organization\"},\"alternateName\":\"Noticias nacionales\",\"potentialAction\":[{\"@type\":\"SearchAction\",\"target\":{\"@type\":\"EntryPoint\",\"urlTemplate\":\"https:\\\/\\\/conexionnacional.mx\\\/?s={search_term_string}\"},\"query-input\":{\"@type\":\"PropertyValueSpecification\",\"valueRequired\":true,\"valueName\":\"search_term_string\"}}],\"inLanguage\":\"es\"},{\"@type\":\"Organization\",\"@id\":\"https:\\\/\\\/conexionnacional.mx\\\/#organization\",\"name\":\"Conexi\u00f3n Nacional\",\"url\":\"https:\\\/\\\/conexionnacional.mx\\\/\",\"logo\":{\"@type\":\"ImageObject\",\"inLanguage\":\"es\",\"@id\":\"https:\\\/\\\/conexionnacional.mx\\\/#\\\/schema\\\/logo\\\/image\\\/\",\"url\":\"https:\\\/\\\/conexionnacional.mx\\\/wp-content\\\/uploads\\\/2022\\\/09\\\/conexion_nacional.png\",\"contentUrl\":\"https:\\\/\\\/conexionnacional.mx\\\/wp-content\\\/uploads\\\/2022\\\/09\\\/conexion_nacional.png\",\"width\":2964,\"height\":1173,\"caption\":\"Conexi\u00f3n Nacional\"},\"image\":{\"@id\":\"https:\\\/\\\/conexionnacional.mx\\\/#\\\/schema\\\/logo\\\/image\\\/\"},\"sameAs\":[\"https:\\\/\\\/www.facebook.com\\\/cnmxradio\"]},{\"@type\":\"Person\",\"@id\":\"https:\\\/\\\/conexionnacional.mx\\\/#\\\/schema\\\/person\\\/dd14aeda902120f5e0e021903fdb6931\",\"name\":\"Conexi\u00f3n Nacional\",\"image\":{\"@type\":\"ImageObject\",\"inLanguage\":\"es\",\"@id\":\"https:\\\/\\\/secure.gravatar.com\\\/avatar\\\/e523100f284110b2ecca7e17b2be9cf140a5e8f35294c9ec0543e6916cc1f9be?s=96&d=blank&r=g\",\"url\":\"https:\\\/\\\/secure.gravatar.com\\\/avatar\\\/e523100f284110b2ecca7e17b2be9cf140a5e8f35294c9ec0543e6916cc1f9be?s=96&d=blank&r=g\",\"contentUrl\":\"https:\\\/\\\/secure.gravatar.com\\\/avatar\\\/e523100f284110b2ecca7e17b2be9cf140a5e8f35294c9ec0543e6916cc1f9be?s=96&d=blank&r=g\",\"caption\":\"Conexi\u00f3n Nacional\"},\"sameAs\":[\"https:\\\/\\\/conexionnacional.mx\"],\"url\":\"https:\\\/\\\/conexionnacional.mx\\\/index.php\\\/author\\\/administrador\\\/\"}]}<\/script>\n<!-- \/ Yoast SEO plugin. -->","yoast_head_json":{"title":"\"Se hizo con malas intenciones\": Erik Menendez habla de la nueva serie de Netflix, 'Monsters' |","robots":{"index":"index","follow":"follow","max-snippet":"max-snippet:-1","max-image-preview":"max-image-preview:large","max-video-preview":"max-video-preview:-1"},"canonical":"https:\/\/conexionnacional.mx\/index.php\/2024\/09\/23\/se-hizo-con-malas-intenciones-erik-menendez-habla-de-la-nueva-serie-de-netflix-monsters\/","og_locale":"es_MX","og_type":"article","og_title":"\"Se hizo con malas intenciones\": Erik Menendez habla de la nueva serie de Netflix, 'Monsters' |","og_description":"Erik Men\u00e9ndez, uno de los hermanos condenados por el asesinato de sus padres en 1989, ha criticado la representaci\u00f3n de los hechos en la\u00a0nueva serie de Netflix,\u00a0Monsters: The Lyle and Erik Menendez Story, producida por Ryan Murphy. En una declaraci\u00f3n publicada a trav\u00e9s de la cuenta de su esposa Tammi Men\u00e9ndez en X (antes conocida [&hellip;]","og_url":"https:\/\/conexionnacional.mx\/index.php\/2024\/09\/23\/se-hizo-con-malas-intenciones-erik-menendez-habla-de-la-nueva-serie-de-netflix-monsters\/","og_site_name":"Conexi\u00f3n Nacional","article_publisher":"https:\/\/www.facebook.com\/cnmxradio","article_published_time":"2024-09-23T19:34:27+00:00","article_modified_time":"2024-09-23T19:34:29+00:00","og_image":[{"width":800,"height":600,"url":"https:\/\/conexionnacional.mx\/wp-content\/uploads\/2024\/09\/3183809.webp","type":"image\/webp"}],"author":"Conexi\u00f3n Nacional","twitter_card":"summary_large_image","twitter_misc":{"Escrito por":"Conexi\u00f3n Nacional","Tiempo de lectura":"3 minutos"},"schema":{"@context":"https:\/\/schema.org","@graph":[{"@type":"Article","@id":"https:\/\/conexionnacional.mx\/index.php\/2024\/09\/23\/se-hizo-con-malas-intenciones-erik-menendez-habla-de-la-nueva-serie-de-netflix-monsters\/#article","isPartOf":{"@id":"https:\/\/conexionnacional.mx\/index.php\/2024\/09\/23\/se-hizo-con-malas-intenciones-erik-menendez-habla-de-la-nueva-serie-de-netflix-monsters\/"},"author":{"name":"Conexi\u00f3n Nacional","@id":"https:\/\/conexionnacional.mx\/#\/schema\/person\/dd14aeda902120f5e0e021903fdb6931"},"headline":"&#8220;Se hizo con malas intenciones&#8221;: Erik Menendez habla de la nueva serie de Netflix, &#8216;Monsters&#8217;","datePublished":"2024-09-23T19:34:27+00:00","dateModified":"2024-09-23T19:34:29+00:00","mainEntityOfPage":{"@id":"https:\/\/conexionnacional.mx\/index.php\/2024\/09\/23\/se-hizo-con-malas-intenciones-erik-menendez-habla-de-la-nueva-serie-de-netflix-monsters\/"},"wordCount":617,"publisher":{"@id":"https:\/\/conexionnacional.mx\/#organization"},"image":{"@id":"https:\/\/conexionnacional.mx\/index.php\/2024\/09\/23\/se-hizo-con-malas-intenciones-erik-menendez-habla-de-la-nueva-serie-de-netflix-monsters\/#primaryimage"},"thumbnailUrl":"https:\/\/conexionnacional.mx\/wp-content\/uploads\/2024\/09\/3183809.webp","keywords":["Netflix"],"articleSection":["Series &amp; Pel\u00edculas"],"inLanguage":"es"},{"@type":"WebPage","@id":"https:\/\/conexionnacional.mx\/index.php\/2024\/09\/23\/se-hizo-con-malas-intenciones-erik-menendez-habla-de-la-nueva-serie-de-netflix-monsters\/","url":"https:\/\/conexionnacional.mx\/index.php\/2024\/09\/23\/se-hizo-con-malas-intenciones-erik-menendez-habla-de-la-nueva-serie-de-netflix-monsters\/","name":"\"Se hizo con malas intenciones\": Erik Menendez habla de la nueva serie de Netflix, 'Monsters' |","isPartOf":{"@id":"https:\/\/conexionnacional.mx\/#website"},"primaryImageOfPage":{"@id":"https:\/\/conexionnacional.mx\/index.php\/2024\/09\/23\/se-hizo-con-malas-intenciones-erik-menendez-habla-de-la-nueva-serie-de-netflix-monsters\/#primaryimage"},"image":{"@id":"https:\/\/conexionnacional.mx\/index.php\/2024\/09\/23\/se-hizo-con-malas-intenciones-erik-menendez-habla-de-la-nueva-serie-de-netflix-monsters\/#primaryimage"},"thumbnailUrl":"https:\/\/conexionnacional.mx\/wp-content\/uploads\/2024\/09\/3183809.webp","datePublished":"2024-09-23T19:34:27+00:00","dateModified":"2024-09-23T19:34:29+00:00","breadcrumb":{"@id":"https:\/\/conexionnacional.mx\/index.php\/2024\/09\/23\/se-hizo-con-malas-intenciones-erik-menendez-habla-de-la-nueva-serie-de-netflix-monsters\/#breadcrumb"},"inLanguage":"es","potentialAction":[{"@type":"ReadAction","target":["https:\/\/conexionnacional.mx\/index.php\/2024\/09\/23\/se-hizo-con-malas-intenciones-erik-menendez-habla-de-la-nueva-serie-de-netflix-monsters\/"]}]},{"@type":"ImageObject","inLanguage":"es","@id":"https:\/\/conexionnacional.mx\/index.php\/2024\/09\/23\/se-hizo-con-malas-intenciones-erik-menendez-habla-de-la-nueva-serie-de-netflix-monsters\/#primaryimage","url":"https:\/\/conexionnacional.mx\/wp-content\/uploads\/2024\/09\/3183809.webp","contentUrl":"https:\/\/conexionnacional.mx\/wp-content\/uploads\/2024\/09\/3183809.webp","width":800,"height":600},{"@type":"BreadcrumbList","@id":"https:\/\/conexionnacional.mx\/index.php\/2024\/09\/23\/se-hizo-con-malas-intenciones-erik-menendez-habla-de-la-nueva-serie-de-netflix-monsters\/#breadcrumb","itemListElement":[{"@type":"ListItem","position":1,"name":"Inicio","item":"https:\/\/conexionnacional.mx\/"},{"@type":"ListItem","position":2,"name":"&#8220;Se hizo con malas intenciones&#8221;: Erik Menendez habla de la nueva serie de Netflix, &#8216;Monsters&#8217;"}]},{"@type":"WebSite","@id":"https:\/\/conexionnacional.mx\/#website","url":"https:\/\/conexionnacional.mx\/","name":"Conexi\u00f3n Nacional","description":"Noticias al momento","publisher":{"@id":"https:\/\/conexionnacional.mx\/#organization"},"alternateName":"Noticias nacionales","potentialAction":[{"@type":"SearchAction","target":{"@type":"EntryPoint","urlTemplate":"https:\/\/conexionnacional.mx\/?s={search_term_string}"},"query-input":{"@type":"PropertyValueSpecification","valueRequired":true,"valueName":"search_term_string"}}],"inLanguage":"es"},{"@type":"Organization","@id":"https:\/\/conexionnacional.mx\/#organization","name":"Conexi\u00f3n Nacional","url":"https:\/\/conexionnacional.mx\/","logo":{"@type":"ImageObject","inLanguage":"es","@id":"https:\/\/conexionnacional.mx\/#\/schema\/logo\/image\/","url":"https:\/\/conexionnacional.mx\/wp-content\/uploads\/2022\/09\/conexion_nacional.png","contentUrl":"https:\/\/conexionnacional.mx\/wp-content\/uploads\/2022\/09\/conexion_nacional.png","width":2964,"height":1173,"caption":"Conexi\u00f3n Nacional"},"image":{"@id":"https:\/\/conexionnacional.mx\/#\/schema\/logo\/image\/"},"sameAs":["https:\/\/www.facebook.com\/cnmxradio"]},{"@type":"Person","@id":"https:\/\/conexionnacional.mx\/#\/schema\/person\/dd14aeda902120f5e0e021903fdb6931","name":"Conexi\u00f3n Nacional","image":{"@type":"ImageObject","inLanguage":"es","@id":"https:\/\/secure.gravatar.com\/avatar\/e523100f284110b2ecca7e17b2be9cf140a5e8f35294c9ec0543e6916cc1f9be?s=96&d=blank&r=g","url":"https:\/\/secure.gravatar.com\/avatar\/e523100f284110b2ecca7e17b2be9cf140a5e8f35294c9ec0543e6916cc1f9be?s=96&d=blank&r=g","contentUrl":"https:\/\/secure.gravatar.com\/avatar\/e523100f284110b2ecca7e17b2be9cf140a5e8f35294c9ec0543e6916cc1f9be?s=96&d=blank&r=g","caption":"Conexi\u00f3n Nacional"},"sameAs":["https:\/\/conexionnacional.mx"],"url":"https:\/\/conexionnacional.mx\/index.php\/author\/administrador\/"}]}},"_links":{"self":[{"href":"https:\/\/conexionnacional.mx\/index.php\/wp-json\/wp\/v2\/posts\/22303","targetHints":{"allow":["GET"]}}],"collection":[{"href":"https:\/\/conexionnacional.mx\/index.php\/wp-json\/wp\/v2\/posts"}],"about":[{"href":"https:\/\/conexionnacional.mx\/index.php\/wp-json\/wp\/v2\/types\/post"}],"author":[{"embeddable":true,"href":"https:\/\/conexionnacional.mx\/index.php\/wp-json\/wp\/v2\/users\/1"}],"replies":[{"embeddable":true,"href":"https:\/\/conexionnacional.mx\/index.php\/wp-json\/wp\/v2\/comments?post=22303"}],"version-history":[{"count":1,"href":"https:\/\/conexionnacional.mx\/index.php\/wp-json\/wp\/v2\/posts\/22303\/revisions"}],"predecessor-version":[{"id":22305,"href":"https:\/\/conexionnacional.mx\/index.php\/wp-json\/wp\/v2\/posts\/22303\/revisions\/22305"}],"wp:featuredmedia":[{"embeddable":true,"href":"https:\/\/conexionnacional.mx\/index.php\/wp-json\/wp\/v2\/media\/22304"}],"wp:attachment":[{"href":"https:\/\/conexionnacional.mx\/index.php\/wp-json\/wp\/v2\/media?parent=22303"}],"wp:term":[{"taxonomy":"category","embeddable":true,"href":"https:\/\/conexionnacional.mx\/index.php\/wp-json\/wp\/v2\/categories?post=22303"},{"taxonomy":"post_tag","embeddable":true,"href":"https:\/\/conexionnacional.mx\/index.php\/wp-json\/wp\/v2\/tags?post=22303"}],"curies":[{"name":"wp","href":"https:\/\/api.w.org\/{rel}","templated":true}]}}