{"id":22299,"date":"2024-09-20T11:31:28","date_gmt":"2024-09-20T17:31:28","guid":{"rendered":"https:\/\/conexionnacional.mx\/?p=22299"},"modified":"2024-09-20T11:32:29","modified_gmt":"2024-09-20T17:32:29","slug":"entrega-de-la-guardia-nacional-a-la-sedena-se-aprueba-en-la-camara-de-diputados","status":"publish","type":"post","link":"https:\/\/conexionnacional.mx\/index.php\/2024\/09\/20\/entrega-de-la-guardia-nacional-a-la-sedena-se-aprueba-en-la-camara-de-diputados\/","title":{"rendered":"Entrega de la Guardia Nacional a la Sedena se aprueba en la C\u00e1mara de Diputados"},"content":{"rendered":"\n<p>La\u00a0<strong>C\u00e1mara de Diputados<\/strong>\u00a0aprob\u00f3 en el\u00a0<strong>Pleno<\/strong>, el tercero de los dict\u00e1menes correspondiente a una de las 18 reformas enviadas por el Presidente saliente de la Rep\u00fablica, en este caso en materia de<strong>\u00a0Guardia Nacional\u00a0(GN).<\/strong><\/p>\n\n\n\n<p>El proyecto entrega el mando operativo y la administraci\u00f3n de la corporaci\u00f3n de seguridad a la Secretar\u00eda de la Defensa Nacional (<strong>SEDENA<\/strong>), se aprob\u00f3 al grito de \u201c<strong>\u00a1s\u00ed se pudo!\u201d,<\/strong>&nbsp;por parte del bloque mayoritario.<\/p>\n\n\n\n<p>Las bancadas del Movimiento de Regeneraci\u00f3n Nacional (<strong>Morena<\/strong>), Partido del Trabajo (<strong>PT<\/strong>) y Partido Verde (<strong>PVEM<\/strong>), accionaron la aplanadora.<\/p>\n\n\n\n<p>En lo general,&nbsp;<strong>emitieron 362 votos a favor<\/strong>, lo que configur\u00f3 la mayor\u00eda calificada.<\/p>\n\n\n\n<figure class=\"wp-block-embed is-type-rich is-provider-twitter wp-block-embed-twitter\"><div class=\"wp-block-embed__wrapper\">\n<blockquote class=\"twitter-tweet\" data-width=\"550\" data-dnt=\"true\"><p lang=\"es\" dir=\"ltr\">\ud83d\udea8\ud83d\udca5 \u00a1MORENA APRUEBA REFORMA EXPLOSIVA! \ud83d\udca5\ud83d\udea8 Con 362 votos a favor y 133 en contra, Morena y sus aliados le dan luz verde a la reforma que pone a la Guardia Nacional bajo el mando del Ej\u00e9rcito \u2694\ufe0f\ud83d\udca3. \u00a1Uniformados con fuero militar! \ud83d\ude31\u26a1\ufe0f. \u00bfMilitarizaci\u00f3n disfrazada? \ud83d\udd25\ud83c\uddf2\ud83c\uddfd\u2026 <a href=\"https:\/\/t.co\/rWNVD0Xvyr\">pic.twitter.com\/rWNVD0Xvyr<\/a><\/p>&mdash; LuisCardenasMX (@LuisCardenasMx) <a href=\"https:\/\/twitter.com\/LuisCardenasMx\/status\/1836951531536654730?ref_src=twsrc%5Etfw\">September 20, 2024<\/a><\/blockquote><script async src=\"https:\/\/platform.twitter.com\/widgets.js\" charset=\"utf-8\"><\/script>\n<\/div><\/figure>\n\n\n\n<p>La oposici\u00f3n del Partido Acci\u00f3n Nacional&nbsp;<strong>(PAN)<\/strong>, Partido Revolucionario Institucional (<strong>PRI<\/strong>) y Partido Verde (<strong>PVEM<\/strong>), dio 133 votos en contra.<\/p>\n\n\n\n<p>De madrugada, alrededor de las 03.40 horas de este viernes 20 de septiembre,<strong>&nbsp;se registr\u00f3 la votaci\u00f3n particular.<\/strong><\/p>\n\n\n\n<p><strong>Morena&nbsp;<\/strong>y&nbsp;<strong>aliados&nbsp;<\/strong>aprobaron el proyecto con&nbsp;<strong>353 votos a favor y 136 en contra<\/strong>, por lo que nuevamente hubo mayor\u00eda calificada.<\/p>\n\n\n\n<p>S\u00f3lo se acept\u00f3 una modificaci\u00f3n al dictamen, para establecer que la Guardia&nbsp;<strong>se conformar\u00e1 por \u201cpersonal militar\u201d&nbsp;<\/strong>dejando fuera a integrantes de la Marina.<\/p>\n\n\n\n<p>El dictamen con el cambio referido,&nbsp;<strong>notific\u00f3 la Mesa Directiva<\/strong>, ser\u00e1 enviado al Senado de la Rep\u00fablica.<\/p>\n\n\n\n<h2 class=\"wp-block-heading\">Choque PAN-Morena<\/h2>\n\n\n\n<p>Horas antes, alrededor de las 20:00 horas,&nbsp;<strong>inici\u00f3 la discusi\u00f3n particular<\/strong>, momento en que las largas horas de intercambio de insultos y acusaciones hicieron perder la calma a los bloques antag\u00f3nicos.<\/p>\n\n\n\n<p>El acumulado de se\u00f1alamientos y ofensas obligaron a los coordinadores parlamentarios a intervenir para exigir elevar el nivel del debate donde las palabras&nbsp;<strong>\u201chip\u00f3critas\u201d, \u201cincongruentes\u201d, \u201cmilitarizar\u201d y \u201cmentir\u201d,<\/strong>&nbsp;se repitieron una y otra vez.<\/p>\n\n\n\n<p>Ante las advertencias mutuas del l\u00edder de Morena, Ricardo Monreal y el vicecoordinador de PAN,&nbsp;<strong>Jos\u00e9 El\u00edas Lixa<\/strong>, respecto a que sus bancadas responder\u00edan a ofensas e insultos en la misma medida e incluso con la misma \u201cfuria\u201d, la lista de m\u00e1s de 430 reservas con propuestas de modificaci\u00f3n al proyecto, se redujeron, al igual que el n\u00famero de oradores.<\/p>\n\n\n\n<figure class=\"wp-block-image\"><img decoding=\"async\" src=\"data:image\/gif;base64,R0lGODlhAQABAAAAACH5BAEKAAEALAAAAAABAAEAAAICTAEAOw==\" data-src=\"https:\/\/mvsnoticias.com\/u\/fotografias\/m\/2024\/9\/20\/f768x1-650100_650227_5050.jpg\" class=\"lazyload\" alt=\"\"\/><figcaption class=\"wp-element-caption\">Con 362 votos a favor, 133 y 0 en abstenci\u00f3n se aprueba el dictamen en lo general que reforma, adiciona y deroga diversas disposiciones de la Constituci\u00f3n Pol\u00edtica en materia de la Guardia Nacional a la secretaria de la Defensa Nacional. FOTO: Andrea Murcia \/ Cuartoscuro<\/figcaption><\/figure>\n\n\n\n<h2 class=\"wp-block-heading\">Reforma a la Guardia Nacional no es la \u201cpanacea\u201d: Monreal<\/h2>\n\n\n\n<p>Antes del inicio del debate, el l\u00edder parlamentario de la bancada guinda,&nbsp;<strong>Ricardo Monreal<\/strong>&nbsp;reconoci\u00f3 que los cambios no ser\u00e1n la soluci\u00f3n a los problemas de inseguridad en el pa\u00eds pero ayudar\u00e1n a enfrentar al crimen organizado.<\/p>\n\n\n\n<p><em>\u201cNo, yo no creo eso, yo no creo en panaceas (\u2026) y s\u00ed creo que frente a lo que est\u00e1 pasando en el pa\u00eds, esta reforma va a atenuar y a ser instrumento para responder al gran reto de la inseguridad p\u00fablica desde el 2000, desde hace d\u00e9cadas por la delincuencia organizada, por el crimen organizado. S\u00ed creo con toda seriedad que este es un instrumento constitucional eficaz<\/em>\u201d, ataj\u00f3.<\/p>\n\n\n\n<h2 class=\"wp-block-heading\">Entrega de la Guardia a SEDENA<\/h2>\n\n\n\n<p>Al presentar un breve resumen del ordenamiento, el vicepresidente de la Mesa Directiva, en funciones de presidente,&nbsp;<strong>Sergio Guti\u00e9rrez<\/strong>, detall\u00f3 que ampl\u00eda la jurisdicci\u00f3n de la Guardia Nacional, la cual se integrar\u00e1 a la Defensa y se encargar\u00e1 de cumplir la estrategia nacional de seguridad p\u00fablica.<\/p>\n\n\n\n<p>Se facultar\u00e1 al Congreso para reglamentar y&nbsp;<strong>poner l\u00edmites a la participaci\u00f3n de las Fuerzas Armadas<\/strong>&nbsp;en materia de seguridad interior y seguridad p\u00fablica; y para nombrar y ratificar a jefes superiores de la Guardia, a propuesta del Presidente o Presidenta, indic\u00f3.<\/p>\n\n\n\n<p>Adjudica a la Guardia la facultad de&nbsp;<strong>investigar el delito&nbsp;<\/strong>en colaboraci\u00f3n con el Ministerio P\u00fablico.<\/p>\n\n\n\n<p>Contempla que la Guardia Nacional ser\u00e1 una&nbsp;<strong>fuerza de seguridad p\u00fablica, profesional,<\/strong>&nbsp;de car\u00e1cter permanente e integrada por personal de origen militar y marino con formaci\u00f3n policial, dependiente de la SEDENA.<\/p>\n\n\n\n<p>Se\u00f1ala que la Estrategia Nacional de Seguridad P\u00fablica ser\u00e1 elaborada por la&nbsp;<strong>Secretar\u00eda de Seguridad federal.<\/strong><\/p>\n\n\n\n<p>El Congreso tendr\u00e1 facultades de emitir reglas para poner&nbsp;<strong>requisitos y l\u00edmites<\/strong>&nbsp;para la participaci\u00f3n de las Fuerzas Armadas en materia de seguridad interior y seguridad p\u00fablica, agreg\u00f3 Guti\u00e9rrez Luna.<\/p>\n\n\n\n<figure class=\"wp-block-image\"><img decoding=\"async\" src=\"data:image\/gif;base64,R0lGODlhAQABAAAAACH5BAEKAAEALAAAAAABAAEAAAICTAEAOw==\" data-src=\"https:\/\/mvsnoticias.com\/u\/fotografias\/m\/2024\/9\/20\/f768x1-650101_650228_5050.jpg\" class=\"lazyload\" alt=\"\"\/><figcaption class=\"wp-element-caption\">Con 362 votos a favor, 133 y 0 en abstenci\u00f3n se aprueba el dictamen en lo general que reforma, adiciona y deroga diversas disposiciones de la Constituci\u00f3n Pol\u00edtica en materia de la Guardia Nacional a la secretaria de la Defensa Nacional. FOTO: Andrea Murcia \/ Cuartoscuro<\/figcaption><\/figure>\n\n\n\n<h2 class=\"wp-block-heading\">Oposici\u00f3n acusa militarizaci\u00f3n<\/h2>\n\n\n\n<p>El debate en lo general se tens\u00f3 durante las largas horas en que los congresistas de uno y otro bando intercambiaron se\u00f1alamientos y<strong>&nbsp;acusaciones por militarizar al pa\u00eds,<\/strong>&nbsp;por la incapacidad de garantizar la seguridad en todo el territorio e incluso de tener presuntos nexos con el crimen organizado.<\/p>\n\n\n\n<p>Los \u00e1nimos se encendieron y la mayor\u00eda parlamentaria se alz\u00f3 con la griter\u00eda, cuando integrantes del PAN subieron a la Tribuna con carteles con el rostro del Presidente&nbsp;<strong>Andr\u00e9s Manuel L\u00f3pez Obrador.<\/strong><\/p>\n\n\n\n<p>Tambi\u00e9n mostraron la reproducci\u00f3n de un mensaje publicado en la red Twitter, hoy X, por la actual secretaria general de Morena, Citlalli Hern\u00e1ndez, en mayo del a\u00f1o 2012, donde afirm\u00f3:&nbsp;<em>\u201cSi AMLO fuera presidente retirar\u00eda el ej\u00e9rcito en 6 meses de la calle. PRI y PAN se oponen\u2026<strong>&nbsp;\u00bfen qu\u00e9 pa\u00eds viven eh?\u201d.<\/strong><\/em><\/p>\n\n\n\n<p>De inicio, el bloque de oposici\u00f3n intent\u00f3&nbsp;<strong>frenar el proyecto<\/strong>&nbsp;con mociones suspensivas no prosperaron.<\/p>\n\n\n\n<p>\u201c<em>M\u00e9xico quiere paz y justicia y no quiere militarismo. Ya lo dec\u00eda Luis Donaldo Colosio Murrieta hace muchos a\u00f1os: M\u00e9xico tiene sed de hambre y de justicia, y hoy agregar\u00eda: M\u00e9xico tiene sed de paz\u201d,<\/em>&nbsp;recalc\u00f3 la diputada de MC, Laura Ballesteros.<\/p>\n\n\n\n<p>A\u00f1adi\u00f3 que la reforma por aprobar, generar\u00e1 que la Comisi\u00f3n Interamericana de Derechos Humanos (CIDH) condene a M\u00e9xico por violar tratados internacionales.<\/p>\n\n\n\n<p>Por su parte, los panistas acusaron que el Gobierno Federal y el partido Morena&nbsp;<strong>enga\u00f1aron a la oposici\u00f3n<\/strong>, haci\u00e9ndo creer en 2019, cuando se cre\u00f3 la Guardia Nacional, que su car\u00e1cter y operaci\u00f3n ser\u00eda civil.<\/p>\n\n\n\n<p><em>\u201cLe otorgamos el beneficio de la duda para crear a la Guardia Nacional, en aquel momento se dijo que la Guardia Nacional ser\u00eda con un mando completamente civil pero eso no sucedi\u00f3. Completamente fue un enga\u00f1o de Morena y del Presidente y la Guardia Nacional en estos a\u00f1os ha tenido completamente un car\u00e1cter militarista<\/em>\u201d, sentenci\u00f3 el diputado H\u00e9ctor Sa\u00fal T\u00e9llez.<\/p>\n\n\n\n<p>El congresista calific\u00f3 como incomprensible e inadmisible el \u201c<strong>matrimonio<\/strong>\u201d entre la izquierda de Morena y aliados y la militarizaci\u00f3n.<\/p>\n\n\n\n<p>Se cuestion\u00f3 qu\u00e9 pasar\u00e1 con la&nbsp;<strong>Secretar\u00eda de Seguridad y Protecci\u00f3n Ciudadana<\/strong>, que el sexenio siguiente estar\u00e1 a cargo del hoy senador de la Rep\u00fablica,&nbsp;<strong>Omar Garc\u00eda Harfuch.<\/strong><\/p>\n\n\n\n<p><em>\u201cQu\u00e9 papel le quedar\u00eda a la Secretar\u00eda de Seguridad P\u00fablica federal cuando se le arrebata su herramienta operativa m\u00e1s importante. \u00bfEs intencional que la quieran reducir a un mero membrete, un cascar\u00f3n burocr\u00e1tico sin sustancia ni poder de acci\u00f3n real?, \u00bfes este el plan para la seguridad de M\u00e9xico?\u201d<\/em>, inquiri\u00f3 la legisladora pri\u00edsta Lorena Pi\u00f1\u00f3n.<\/p>\n\n\n\n<figure class=\"wp-block-embed is-type-rich is-provider-twitter wp-block-embed-twitter\"><div class=\"wp-block-embed__wrapper\">\n<blockquote class=\"twitter-tweet\" data-width=\"550\" data-dnt=\"true\"><p lang=\"es\" dir=\"ltr\">Hoy volvimos a confirmar que en el grupo parlamentario de <a href=\"https:\/\/twitter.com\/MovCiudadanoMX?ref_src=twsrc%5Etfw\">@MovCiudadanoMX<\/a> nos mantenemos firmes en nuestras convicciones y combatimos ideas y argumentos el nuevo intento de Morena para militarizar el mando de la Guardia Nacional. <a href=\"https:\/\/t.co\/sXOWAF2j9I\">pic.twitter.com\/sXOWAF2j9I<\/a><\/p>&mdash; Clemente Casta\u00f1eda H (@ClementeCH) <a href=\"https:\/\/twitter.com\/ClementeCH\/status\/1837017787497160896?ref_src=twsrc%5Etfw\">September 20, 2024<\/a><\/blockquote><script async src=\"https:\/\/platform.twitter.com\/widgets.js\" charset=\"utf-8\"><\/script>\n<\/div><\/figure>\n\n\n\n<h2 class=\"wp-block-heading\">Morena defiende entrega de la Guardia a SEDENA<\/h2>\n\n\n\n<p>Al argumentar a favor del ordenamiento y al salir al paso de las acusaciones de militarizaci\u00f3n de la corporaci\u00f3n, el diputado del Partido del Trabajo (PT),&nbsp;<strong>Ricardo Mej\u00eda<\/strong>, quien fue subsecretario de seguridad en la presente administraci\u00f3n, reconoci\u00f3 que la reforma tiene como fin establecer en la ley la situaci\u00f3n en que ya operan la Guardia y las Fuerzas Armadas en asuntos de seguridad.<\/p>\n\n\n\n<p><em>\u201cFormaliza una realidad que ya existe, la adscripci\u00f3n de la Guardia Nacional a la Secretar\u00eda de la Defensa Nacional, con eso se garantiza una instituci\u00f3n con formaci\u00f3n y un orden incuestionable. No queremos que pase con la Guardia Nacional lo que pas\u00f3 con la Polic\u00eda Federal, se corrompi\u00f3\u201d,<\/em>&nbsp;con mandos corruptos como el extitular de Seguridad P\u00fablica federal, Genaro Garc\u00eda Luna y Luis C\u00e1rdenas Palomino.<\/p>\n\n\n\n<p><em><strong>\u201cPor eso se quiere blindar\u201d,<\/strong><\/em>&nbsp;agreg\u00f3 Mej\u00eda Berdeja.<\/p>\n\n\n\n<p>Rechaz\u00f3 que la integraci\u00f3n de la Guardia a SEDENA sea equivalente a&nbsp;<strong>militarizar<\/strong>, porque el comandante supremo de las Fuerzas Armadas, conforme a la ley, es y seguir\u00e1 siendo un civil.<\/p>\n\n\n\n<p>La diputada de Morena,&nbsp;<strong>Clara Luz Flores,<\/strong>&nbsp;pidi\u00f3 a la oposici\u00f3n ser congruente y votar a favor, porque gobiernos estatales y municipales de todos los signos pol\u00edticos piden y hay pedido la ayuda de la Guardia y el Ej\u00e9rcito para enfrentar la inseguridad en sus territorios, y a futuro, volver\u00e1n a hacerlo.<\/p>\n\n\n\n<p><em>\u201c\u00a1Voten a favor y por futuras ocasiones que pudieran necesitar, no vaya a ser que se les ofrezca!\u201d<\/em>, advirti\u00f3.<\/p>\n","protected":false},"excerpt":{"rendered":"<p>La\u00a0C\u00e1mara de Diputados\u00a0aprob\u00f3 en el\u00a0Pleno, el tercero de los dict\u00e1menes correspondiente a una de las 18 reformas enviadas por el Presidente saliente de la Rep\u00fablica, en este caso en materia de\u00a0Guardia Nacional\u00a0(GN). El proyecto entrega el mando operativo y la administraci\u00f3n de la corporaci\u00f3n de seguridad a la Secretar\u00eda de la Defensa Nacional (SEDENA), se [&hellip;]<\/p>\n","protected":false},"author":1,"featured_media":22300,"comment_status":"closed","ping_status":"closed","sticky":false,"template":"","format":"aside","meta":{"googlesitekit_rrm_CAowytPeCw:productID":"","footnotes":""},"categories":[3],"tags":[305],"class_list":["post-22299","post","type-post","status-publish","format-aside","has-post-thumbnail","hentry","category-nacional","tag-sedena","post_format-post-format-aside"],"yoast_head":"<!-- This site is optimized with the Yoast SEO plugin v27.5 - https:\/\/yoast.com\/product\/yoast-seo-wordpress\/ -->\n<title>Entrega de la Guardia Nacional a la Sedena se aprueba en la C\u00e1mara de Diputados |<\/title>\n<meta name=\"robots\" content=\"index, follow, max-snippet:-1, max-image-preview:large, max-video-preview:-1\" \/>\n<link rel=\"canonical\" href=\"https:\/\/conexionnacional.mx\/index.php\/2024\/09\/20\/entrega-de-la-guardia-nacional-a-la-sedena-se-aprueba-en-la-camara-de-diputados\/\" \/>\n<meta property=\"og:locale\" content=\"es_MX\" \/>\n<meta property=\"og:type\" content=\"article\" \/>\n<meta property=\"og:title\" content=\"Entrega de la Guardia Nacional a la Sedena se aprueba en la C\u00e1mara de Diputados |\" \/>\n<meta property=\"og:description\" content=\"La\u00a0C\u00e1mara de Diputados\u00a0aprob\u00f3 en el\u00a0Pleno, el tercero de los dict\u00e1menes correspondiente a una de las 18 reformas enviadas por el Presidente saliente de la Rep\u00fablica, en este caso en materia de\u00a0Guardia Nacional\u00a0(GN). El proyecto entrega el mando operativo y la administraci\u00f3n de la corporaci\u00f3n de seguridad a la Secretar\u00eda de la Defensa Nacional (SEDENA), se [&hellip;]\" \/>\n<meta property=\"og:url\" content=\"https:\/\/conexionnacional.mx\/index.php\/2024\/09\/20\/entrega-de-la-guardia-nacional-a-la-sedena-se-aprueba-en-la-camara-de-diputados\/\" \/>\n<meta property=\"og:site_name\" content=\"Conexi\u00f3n Nacional\" \/>\n<meta property=\"article:publisher\" content=\"https:\/\/www.facebook.com\/cnmxradio\" \/>\n<meta property=\"article:published_time\" content=\"2024-09-20T17:31:28+00:00\" \/>\n<meta property=\"article:modified_time\" content=\"2024-09-20T17:32:29+00:00\" \/>\n<meta property=\"og:image\" content=\"https:\/\/conexionnacional.mx\/wp-content\/uploads\/2024\/09\/f960x540-650178_724253_6835.jpeg\" \/>\n\t<meta property=\"og:image:width\" content=\"960\" \/>\n\t<meta property=\"og:image:height\" content=\"540\" \/>\n\t<meta property=\"og:image:type\" content=\"image\/jpeg\" \/>\n<meta name=\"author\" content=\"Conexi\u00f3n Nacional\" \/>\n<meta name=\"twitter:card\" content=\"summary_large_image\" \/>\n<meta name=\"twitter:label1\" content=\"Escrito por\" \/>\n\t<meta name=\"twitter:data1\" content=\"Conexi\u00f3n Nacional\" \/>\n\t<meta name=\"twitter:label2\" content=\"Tiempo de lectura\" \/>\n\t<meta name=\"twitter:data2\" content=\"7 minutos\" \/>\n<script type=\"application\/ld+json\" class=\"yoast-schema-graph\">{\"@context\":\"https:\\\/\\\/schema.org\",\"@graph\":[{\"@type\":\"Article\",\"@id\":\"https:\\\/\\\/conexionnacional.mx\\\/index.php\\\/2024\\\/09\\\/20\\\/entrega-de-la-guardia-nacional-a-la-sedena-se-aprueba-en-la-camara-de-diputados\\\/#article\",\"isPartOf\":{\"@id\":\"https:\\\/\\\/conexionnacional.mx\\\/index.php\\\/2024\\\/09\\\/20\\\/entrega-de-la-guardia-nacional-a-la-sedena-se-aprueba-en-la-camara-de-diputados\\\/\"},\"author\":{\"name\":\"Conexi\u00f3n Nacional\",\"@id\":\"https:\\\/\\\/conexionnacional.mx\\\/#\\\/schema\\\/person\\\/dd14aeda902120f5e0e021903fdb6931\"},\"headline\":\"Entrega de la Guardia Nacional a la Sedena se aprueba en la C\u00e1mara de Diputados\",\"datePublished\":\"2024-09-20T17:31:28+00:00\",\"dateModified\":\"2024-09-20T17:32:29+00:00\",\"mainEntityOfPage\":{\"@id\":\"https:\\\/\\\/conexionnacional.mx\\\/index.php\\\/2024\\\/09\\\/20\\\/entrega-de-la-guardia-nacional-a-la-sedena-se-aprueba-en-la-camara-de-diputados\\\/\"},\"wordCount\":1631,\"publisher\":{\"@id\":\"https:\\\/\\\/conexionnacional.mx\\\/#organization\"},\"image\":{\"@id\":\"https:\\\/\\\/conexionnacional.mx\\\/index.php\\\/2024\\\/09\\\/20\\\/entrega-de-la-guardia-nacional-a-la-sedena-se-aprueba-en-la-camara-de-diputados\\\/#primaryimage\"},\"thumbnailUrl\":\"https:\\\/\\\/conexionnacional.mx\\\/wp-content\\\/uploads\\\/2024\\\/09\\\/f960x540-650178_724253_6835.jpeg\",\"keywords\":[\"SEDENA\"],\"articleSection\":[\"Nacional\"],\"inLanguage\":\"es\"},{\"@type\":\"WebPage\",\"@id\":\"https:\\\/\\\/conexionnacional.mx\\\/index.php\\\/2024\\\/09\\\/20\\\/entrega-de-la-guardia-nacional-a-la-sedena-se-aprueba-en-la-camara-de-diputados\\\/\",\"url\":\"https:\\\/\\\/conexionnacional.mx\\\/index.php\\\/2024\\\/09\\\/20\\\/entrega-de-la-guardia-nacional-a-la-sedena-se-aprueba-en-la-camara-de-diputados\\\/\",\"name\":\"Entrega de la Guardia Nacional a la Sedena se aprueba en la C\u00e1mara de Diputados |\",\"isPartOf\":{\"@id\":\"https:\\\/\\\/conexionnacional.mx\\\/#website\"},\"primaryImageOfPage\":{\"@id\":\"https:\\\/\\\/conexionnacional.mx\\\/index.php\\\/2024\\\/09\\\/20\\\/entrega-de-la-guardia-nacional-a-la-sedena-se-aprueba-en-la-camara-de-diputados\\\/#primaryimage\"},\"image\":{\"@id\":\"https:\\\/\\\/conexionnacional.mx\\\/index.php\\\/2024\\\/09\\\/20\\\/entrega-de-la-guardia-nacional-a-la-sedena-se-aprueba-en-la-camara-de-diputados\\\/#primaryimage\"},\"thumbnailUrl\":\"https:\\\/\\\/conexionnacional.mx\\\/wp-content\\\/uploads\\\/2024\\\/09\\\/f960x540-650178_724253_6835.jpeg\",\"datePublished\":\"2024-09-20T17:31:28+00:00\",\"dateModified\":\"2024-09-20T17:32:29+00:00\",\"breadcrumb\":{\"@id\":\"https:\\\/\\\/conexionnacional.mx\\\/index.php\\\/2024\\\/09\\\/20\\\/entrega-de-la-guardia-nacional-a-la-sedena-se-aprueba-en-la-camara-de-diputados\\\/#breadcrumb\"},\"inLanguage\":\"es\",\"potentialAction\":[{\"@type\":\"ReadAction\",\"target\":[\"https:\\\/\\\/conexionnacional.mx\\\/index.php\\\/2024\\\/09\\\/20\\\/entrega-de-la-guardia-nacional-a-la-sedena-se-aprueba-en-la-camara-de-diputados\\\/\"]}]},{\"@type\":\"ImageObject\",\"inLanguage\":\"es\",\"@id\":\"https:\\\/\\\/conexionnacional.mx\\\/index.php\\\/2024\\\/09\\\/20\\\/entrega-de-la-guardia-nacional-a-la-sedena-se-aprueba-en-la-camara-de-diputados\\\/#primaryimage\",\"url\":\"https:\\\/\\\/conexionnacional.mx\\\/wp-content\\\/uploads\\\/2024\\\/09\\\/f960x540-650178_724253_6835.jpeg\",\"contentUrl\":\"https:\\\/\\\/conexionnacional.mx\\\/wp-content\\\/uploads\\\/2024\\\/09\\\/f960x540-650178_724253_6835.jpeg\",\"width\":960,\"height\":540},{\"@type\":\"BreadcrumbList\",\"@id\":\"https:\\\/\\\/conexionnacional.mx\\\/index.php\\\/2024\\\/09\\\/20\\\/entrega-de-la-guardia-nacional-a-la-sedena-se-aprueba-en-la-camara-de-diputados\\\/#breadcrumb\",\"itemListElement\":[{\"@type\":\"ListItem\",\"position\":1,\"name\":\"Inicio\",\"item\":\"https:\\\/\\\/conexionnacional.mx\\\/\"},{\"@type\":\"ListItem\",\"position\":2,\"name\":\"Entrega de la Guardia Nacional a la Sedena se aprueba en la C\u00e1mara de Diputados\"}]},{\"@type\":\"WebSite\",\"@id\":\"https:\\\/\\\/conexionnacional.mx\\\/#website\",\"url\":\"https:\\\/\\\/conexionnacional.mx\\\/\",\"name\":\"Conexi\u00f3n Nacional\",\"description\":\"Noticias al momento\",\"publisher\":{\"@id\":\"https:\\\/\\\/conexionnacional.mx\\\/#organization\"},\"alternateName\":\"Noticias nacionales\",\"potentialAction\":[{\"@type\":\"SearchAction\",\"target\":{\"@type\":\"EntryPoint\",\"urlTemplate\":\"https:\\\/\\\/conexionnacional.mx\\\/?s={search_term_string}\"},\"query-input\":{\"@type\":\"PropertyValueSpecification\",\"valueRequired\":true,\"valueName\":\"search_term_string\"}}],\"inLanguage\":\"es\"},{\"@type\":\"Organization\",\"@id\":\"https:\\\/\\\/conexionnacional.mx\\\/#organization\",\"name\":\"Conexi\u00f3n Nacional\",\"url\":\"https:\\\/\\\/conexionnacional.mx\\\/\",\"logo\":{\"@type\":\"ImageObject\",\"inLanguage\":\"es\",\"@id\":\"https:\\\/\\\/conexionnacional.mx\\\/#\\\/schema\\\/logo\\\/image\\\/\",\"url\":\"https:\\\/\\\/conexionnacional.mx\\\/wp-content\\\/uploads\\\/2022\\\/09\\\/conexion_nacional.png\",\"contentUrl\":\"https:\\\/\\\/conexionnacional.mx\\\/wp-content\\\/uploads\\\/2022\\\/09\\\/conexion_nacional.png\",\"width\":2964,\"height\":1173,\"caption\":\"Conexi\u00f3n Nacional\"},\"image\":{\"@id\":\"https:\\\/\\\/conexionnacional.mx\\\/#\\\/schema\\\/logo\\\/image\\\/\"},\"sameAs\":[\"https:\\\/\\\/www.facebook.com\\\/cnmxradio\"]},{\"@type\":\"Person\",\"@id\":\"https:\\\/\\\/conexionnacional.mx\\\/#\\\/schema\\\/person\\\/dd14aeda902120f5e0e021903fdb6931\",\"name\":\"Conexi\u00f3n Nacional\",\"image\":{\"@type\":\"ImageObject\",\"inLanguage\":\"es\",\"@id\":\"https:\\\/\\\/secure.gravatar.com\\\/avatar\\\/e523100f284110b2ecca7e17b2be9cf140a5e8f35294c9ec0543e6916cc1f9be?s=96&d=blank&r=g\",\"url\":\"https:\\\/\\\/secure.gravatar.com\\\/avatar\\\/e523100f284110b2ecca7e17b2be9cf140a5e8f35294c9ec0543e6916cc1f9be?s=96&d=blank&r=g\",\"contentUrl\":\"https:\\\/\\\/secure.gravatar.com\\\/avatar\\\/e523100f284110b2ecca7e17b2be9cf140a5e8f35294c9ec0543e6916cc1f9be?s=96&d=blank&r=g\",\"caption\":\"Conexi\u00f3n Nacional\"},\"sameAs\":[\"https:\\\/\\\/conexionnacional.mx\"],\"url\":\"https:\\\/\\\/conexionnacional.mx\\\/index.php\\\/author\\\/administrador\\\/\"}]}<\/script>\n<!-- \/ Yoast SEO plugin. -->","yoast_head_json":{"title":"Entrega de la Guardia Nacional a la Sedena se aprueba en la C\u00e1mara de Diputados |","robots":{"index":"index","follow":"follow","max-snippet":"max-snippet:-1","max-image-preview":"max-image-preview:large","max-video-preview":"max-video-preview:-1"},"canonical":"https:\/\/conexionnacional.mx\/index.php\/2024\/09\/20\/entrega-de-la-guardia-nacional-a-la-sedena-se-aprueba-en-la-camara-de-diputados\/","og_locale":"es_MX","og_type":"article","og_title":"Entrega de la Guardia Nacional a la Sedena se aprueba en la C\u00e1mara de Diputados |","og_description":"La\u00a0C\u00e1mara de Diputados\u00a0aprob\u00f3 en el\u00a0Pleno, el tercero de los dict\u00e1menes correspondiente a una de las 18 reformas enviadas por el Presidente saliente de la Rep\u00fablica, en este caso en materia de\u00a0Guardia Nacional\u00a0(GN). El proyecto entrega el mando operativo y la administraci\u00f3n de la corporaci\u00f3n de seguridad a la Secretar\u00eda de la Defensa Nacional (SEDENA), se [&hellip;]","og_url":"https:\/\/conexionnacional.mx\/index.php\/2024\/09\/20\/entrega-de-la-guardia-nacional-a-la-sedena-se-aprueba-en-la-camara-de-diputados\/","og_site_name":"Conexi\u00f3n Nacional","article_publisher":"https:\/\/www.facebook.com\/cnmxradio","article_published_time":"2024-09-20T17:31:28+00:00","article_modified_time":"2024-09-20T17:32:29+00:00","og_image":[{"width":960,"height":540,"url":"https:\/\/conexionnacional.mx\/wp-content\/uploads\/2024\/09\/f960x540-650178_724253_6835.jpeg","type":"image\/jpeg"}],"author":"Conexi\u00f3n Nacional","twitter_card":"summary_large_image","twitter_misc":{"Escrito por":"Conexi\u00f3n Nacional","Tiempo de lectura":"7 minutos"},"schema":{"@context":"https:\/\/schema.org","@graph":[{"@type":"Article","@id":"https:\/\/conexionnacional.mx\/index.php\/2024\/09\/20\/entrega-de-la-guardia-nacional-a-la-sedena-se-aprueba-en-la-camara-de-diputados\/#article","isPartOf":{"@id":"https:\/\/conexionnacional.mx\/index.php\/2024\/09\/20\/entrega-de-la-guardia-nacional-a-la-sedena-se-aprueba-en-la-camara-de-diputados\/"},"author":{"name":"Conexi\u00f3n Nacional","@id":"https:\/\/conexionnacional.mx\/#\/schema\/person\/dd14aeda902120f5e0e021903fdb6931"},"headline":"Entrega de la Guardia Nacional a la Sedena se aprueba en la C\u00e1mara de Diputados","datePublished":"2024-09-20T17:31:28+00:00","dateModified":"2024-09-20T17:32:29+00:00","mainEntityOfPage":{"@id":"https:\/\/conexionnacional.mx\/index.php\/2024\/09\/20\/entrega-de-la-guardia-nacional-a-la-sedena-se-aprueba-en-la-camara-de-diputados\/"},"wordCount":1631,"publisher":{"@id":"https:\/\/conexionnacional.mx\/#organization"},"image":{"@id":"https:\/\/conexionnacional.mx\/index.php\/2024\/09\/20\/entrega-de-la-guardia-nacional-a-la-sedena-se-aprueba-en-la-camara-de-diputados\/#primaryimage"},"thumbnailUrl":"https:\/\/conexionnacional.mx\/wp-content\/uploads\/2024\/09\/f960x540-650178_724253_6835.jpeg","keywords":["SEDENA"],"articleSection":["Nacional"],"inLanguage":"es"},{"@type":"WebPage","@id":"https:\/\/conexionnacional.mx\/index.php\/2024\/09\/20\/entrega-de-la-guardia-nacional-a-la-sedena-se-aprueba-en-la-camara-de-diputados\/","url":"https:\/\/conexionnacional.mx\/index.php\/2024\/09\/20\/entrega-de-la-guardia-nacional-a-la-sedena-se-aprueba-en-la-camara-de-diputados\/","name":"Entrega de la Guardia Nacional a la Sedena se aprueba en la C\u00e1mara de Diputados |","isPartOf":{"@id":"https:\/\/conexionnacional.mx\/#website"},"primaryImageOfPage":{"@id":"https:\/\/conexionnacional.mx\/index.php\/2024\/09\/20\/entrega-de-la-guardia-nacional-a-la-sedena-se-aprueba-en-la-camara-de-diputados\/#primaryimage"},"image":{"@id":"https:\/\/conexionnacional.mx\/index.php\/2024\/09\/20\/entrega-de-la-guardia-nacional-a-la-sedena-se-aprueba-en-la-camara-de-diputados\/#primaryimage"},"thumbnailUrl":"https:\/\/conexionnacional.mx\/wp-content\/uploads\/2024\/09\/f960x540-650178_724253_6835.jpeg","datePublished":"2024-09-20T17:31:28+00:00","dateModified":"2024-09-20T17:32:29+00:00","breadcrumb":{"@id":"https:\/\/conexionnacional.mx\/index.php\/2024\/09\/20\/entrega-de-la-guardia-nacional-a-la-sedena-se-aprueba-en-la-camara-de-diputados\/#breadcrumb"},"inLanguage":"es","potentialAction":[{"@type":"ReadAction","target":["https:\/\/conexionnacional.mx\/index.php\/2024\/09\/20\/entrega-de-la-guardia-nacional-a-la-sedena-se-aprueba-en-la-camara-de-diputados\/"]}]},{"@type":"ImageObject","inLanguage":"es","@id":"https:\/\/conexionnacional.mx\/index.php\/2024\/09\/20\/entrega-de-la-guardia-nacional-a-la-sedena-se-aprueba-en-la-camara-de-diputados\/#primaryimage","url":"https:\/\/conexionnacional.mx\/wp-content\/uploads\/2024\/09\/f960x540-650178_724253_6835.jpeg","contentUrl":"https:\/\/conexionnacional.mx\/wp-content\/uploads\/2024\/09\/f960x540-650178_724253_6835.jpeg","width":960,"height":540},{"@type":"BreadcrumbList","@id":"https:\/\/conexionnacional.mx\/index.php\/2024\/09\/20\/entrega-de-la-guardia-nacional-a-la-sedena-se-aprueba-en-la-camara-de-diputados\/#breadcrumb","itemListElement":[{"@type":"ListItem","position":1,"name":"Inicio","item":"https:\/\/conexionnacional.mx\/"},{"@type":"ListItem","position":2,"name":"Entrega de la Guardia Nacional a la Sedena se aprueba en la C\u00e1mara de Diputados"}]},{"@type":"WebSite","@id":"https:\/\/conexionnacional.mx\/#website","url":"https:\/\/conexionnacional.mx\/","name":"Conexi\u00f3n Nacional","description":"Noticias al momento","publisher":{"@id":"https:\/\/conexionnacional.mx\/#organization"},"alternateName":"Noticias nacionales","potentialAction":[{"@type":"SearchAction","target":{"@type":"EntryPoint","urlTemplate":"https:\/\/conexionnacional.mx\/?s={search_term_string}"},"query-input":{"@type":"PropertyValueSpecification","valueRequired":true,"valueName":"search_term_string"}}],"inLanguage":"es"},{"@type":"Organization","@id":"https:\/\/conexionnacional.mx\/#organization","name":"Conexi\u00f3n Nacional","url":"https:\/\/conexionnacional.mx\/","logo":{"@type":"ImageObject","inLanguage":"es","@id":"https:\/\/conexionnacional.mx\/#\/schema\/logo\/image\/","url":"https:\/\/conexionnacional.mx\/wp-content\/uploads\/2022\/09\/conexion_nacional.png","contentUrl":"https:\/\/conexionnacional.mx\/wp-content\/uploads\/2022\/09\/conexion_nacional.png","width":2964,"height":1173,"caption":"Conexi\u00f3n Nacional"},"image":{"@id":"https:\/\/conexionnacional.mx\/#\/schema\/logo\/image\/"},"sameAs":["https:\/\/www.facebook.com\/cnmxradio"]},{"@type":"Person","@id":"https:\/\/conexionnacional.mx\/#\/schema\/person\/dd14aeda902120f5e0e021903fdb6931","name":"Conexi\u00f3n Nacional","image":{"@type":"ImageObject","inLanguage":"es","@id":"https:\/\/secure.gravatar.com\/avatar\/e523100f284110b2ecca7e17b2be9cf140a5e8f35294c9ec0543e6916cc1f9be?s=96&d=blank&r=g","url":"https:\/\/secure.gravatar.com\/avatar\/e523100f284110b2ecca7e17b2be9cf140a5e8f35294c9ec0543e6916cc1f9be?s=96&d=blank&r=g","contentUrl":"https:\/\/secure.gravatar.com\/avatar\/e523100f284110b2ecca7e17b2be9cf140a5e8f35294c9ec0543e6916cc1f9be?s=96&d=blank&r=g","caption":"Conexi\u00f3n Nacional"},"sameAs":["https:\/\/conexionnacional.mx"],"url":"https:\/\/conexionnacional.mx\/index.php\/author\/administrador\/"}]}},"_links":{"self":[{"href":"https:\/\/conexionnacional.mx\/index.php\/wp-json\/wp\/v2\/posts\/22299","targetHints":{"allow":["GET"]}}],"collection":[{"href":"https:\/\/conexionnacional.mx\/index.php\/wp-json\/wp\/v2\/posts"}],"about":[{"href":"https:\/\/conexionnacional.mx\/index.php\/wp-json\/wp\/v2\/types\/post"}],"author":[{"embeddable":true,"href":"https:\/\/conexionnacional.mx\/index.php\/wp-json\/wp\/v2\/users\/1"}],"replies":[{"embeddable":true,"href":"https:\/\/conexionnacional.mx\/index.php\/wp-json\/wp\/v2\/comments?post=22299"}],"version-history":[{"count":1,"href":"https:\/\/conexionnacional.mx\/index.php\/wp-json\/wp\/v2\/posts\/22299\/revisions"}],"predecessor-version":[{"id":22301,"href":"https:\/\/conexionnacional.mx\/index.php\/wp-json\/wp\/v2\/posts\/22299\/revisions\/22301"}],"wp:featuredmedia":[{"embeddable":true,"href":"https:\/\/conexionnacional.mx\/index.php\/wp-json\/wp\/v2\/media\/22300"}],"wp:attachment":[{"href":"https:\/\/conexionnacional.mx\/index.php\/wp-json\/wp\/v2\/media?parent=22299"}],"wp:term":[{"taxonomy":"category","embeddable":true,"href":"https:\/\/conexionnacional.mx\/index.php\/wp-json\/wp\/v2\/categories?post=22299"},{"taxonomy":"post_tag","embeddable":true,"href":"https:\/\/conexionnacional.mx\/index.php\/wp-json\/wp\/v2\/tags?post=22299"}],"curies":[{"name":"wp","href":"https:\/\/api.w.org\/{rel}","templated":true}]}}