{"id":22296,"date":"2024-09-20T11:20:31","date_gmt":"2024-09-20T17:20:31","guid":{"rendered":"https:\/\/conexionnacional.mx\/?p=22296"},"modified":"2024-09-20T11:20:33","modified_gmt":"2024-09-20T17:20:33","slug":"en-un-mercado-chino-de-pescado-se-origino-el-covid-19-segun-un-nuevo-estudio","status":"publish","type":"post","link":"https:\/\/conexionnacional.mx\/index.php\/2024\/09\/20\/en-un-mercado-chino-de-pescado-se-origino-el-covid-19-segun-un-nuevo-estudio\/","title":{"rendered":"En un mercado chino de pescado se origin\u00f3 el Covid-19, seg\u00fan un nuevo estudio"},"content":{"rendered":"\n<p>Un nuevo estudio, el que han participado investigadores de varios pa\u00edses, ha corroborado que el origen del coronavirus SARS-CoV-2, responsable de la pandemia por Covid, se sit\u00faa en el mercado de pescado de Huanan, en China.<\/p>\n\n\n\n<p>Lo han comprobado cient\u00edficos de varios pa\u00edses, coordinados por el Centro Nacional de Investigaci\u00f3n Cient\u00edfica de Francia (CNRS) y la Universidad de Arizona (Estados Unidos), y los resultados de este trabajo colaborativo se han publicado en la revista cient\u00edfica Cell.<\/p>\n\n\n\n<p>El trabajo proporciona una lista de las especies de fauna silvestre presentes en el mercado del que muy probablemente surgi\u00f3 el SARS-CoV-2, el virus responsable de la pandemia Covid-19, a finales de 2019, informa el extracto que han facilitado a la revista los centros de investigaci\u00f3n.<\/p>\n\n\n\n<p>El estudio se basa en un nuevo an\u00e1lisis de los datos publicados por el Centro Chino para el Control y la Prevenci\u00f3n de Enfermedades (CDC), unos datos que proceden de m\u00e1s de 800 muestras recogidas en el mercado mayorista de marisco de Huanan y sus alrededores a partir del 1 de enero de 2020, y de genomas v\u00edricos notificados de los primeros pacientes de covid.<\/p>\n\n\n\n<h2 class=\"wp-block-heading\" id=\"h-el-volumen-de-datos-recopilados-mas-importante\">El volumen de datos recopilados m\u00e1s importante<\/h2>\n\n\n\n<p>Los investigadores mantienen que se trata de uno de los conjuntos de datos m\u00e1s importantes que existen sobre el origen de la pandemia, y que los nuevos resultados apuntalan la idea de que los animales infectados se introdujeron en el mercado a mediados o finales de noviembre de 2019, lo que desencaden\u00f3 la pandemia.<\/p>\n\n\n\n<p>El 1 de enero de 2020, despu\u00e9s de que se retiraran los animales y apenas unas horas despu\u00e9s de que se cerrara el mercado, los investigadores del CDC chino fueron al mercado a recoger muestras.<\/p>\n\n\n\n<p>Los investigadores tomaron muestras del suelo, las paredes y otras superficies de los puestos; volvieron d\u00edas despu\u00e9s para centrarse en las superficies de los puestos de venta de animales salvajes, como una jaula y los carros utilizados para trasladar a los animales, y tambi\u00e9n recogieron muestras de los desag\u00fces y las alcantarillas.<\/p>\n\n\n\n<p>El equipo chino llev\u00f3 a cabo la secuenciaci\u00f3n de las muestras para obtener todas las secuencias de ARN (y que tambi\u00e9n puede captar ADN) de todos los organismos presentes en las muestras: virus, bacterias, plantas, animales y seres humanos.<\/p>\n\n\n\n<p>Los investigadores del CDC publicaron sus datos y resultados en 2023 en la revista Nature, pero han se\u00f1alado ahora en Cell que aquel art\u00edculo dejaba sin resolver las identidades exactas de las especies animales encontradas en los datos que podr\u00edan representar hu\u00e9spedes intermedios plausibles, aunque aquellos datos de su secuenciaci\u00f3n quedaron en repositorios p\u00fablicos y abiertos.<\/p>\n\n\n\n<h2 class=\"wp-block-heading\" id=\"h-virus-en-perros-mapache-y-gatos-civeta\">Virus en \u201cperros mapache\u201d y \u201cgatos civeta\u201d<\/h2>\n\n\n\n<p>Seg\u00fan el \u00faltimo an\u00e1lisis de estos datos, el virus del SRAS-CoV-2 estaba presente en algunos de los mismos puestos que los animales salvajes que se vend\u00edan en el mercado, incluidos \u201cperros mapache\u201d (peque\u00f1os animales parecidos a zorros con marcas similares a las de los mapaches) y \u201cgatos civeta\u201d (peque\u00f1os mam\u00edferos carn\u00edvoros emparentados con mangostas y hienas).<\/p>\n\n\n\n<p>En algunos casos, incluso se encontr\u00f3 material gen\u00e9tico del virus del SRAS-CoV-2 y de estos animales en los mismos hisopos.<\/p>\n\n\n\n<p>Muchas de las especies animales clave hab\u00edan sido eliminadas antes de que llegaran los equipos chinos de investigaci\u00f3n, seg\u00fan refleja el art\u00edculo publicado en Cell, por lo que no existen pruebas directas de que los animales estuvieran infectados.<\/p>\n\n\n\n<p>Se trata del mismo tipo de animales que facilitaron la propagaci\u00f3n del coronavirus del SRAS a los humanos en 2002, mantienen los investigadores, que han alertado de que esto es lo m\u00e1s arriesgado que se puede hacer: \u201ccoger animales salvajes repletos de virus y luego jugar con fuego poni\u00e9ndolos en contacto con seres humanos que viven en el coraz\u00f3n de las grandes ciudades, cuya densidad de poblaci\u00f3n facilita el arraigo de estos virus\u201d.<\/p>\n\n\n\n<h2 class=\"wp-block-heading\" id=\"h-amenazas-para-la-seguridad-y-la-salud-mundial\">Amenazas para la seguridad y la salud mundial<\/h2>\n\n\n\n<p>El nuevo estudio encontr\u00f3 una breve lista de especies animales del mercado de animales silvestres encontradas en las muestras virales o cerca de ellas que podr\u00edan representar los hospedadores intermediarios m\u00e1s probables del SARS-CoV-2.<\/p>\n\n\n\n<p>Figuran ah\u00ed el \u201cperro mapache com\u00fan\u201d, una especie susceptible al SARS-CoV-2 y que port\u00f3 el SARS-CoV en 2003, y que result\u00f3 ser el animal gen\u00e9ticamente m\u00e1s abundante en las muestras de los puestos de animales salvajes del mercado.<\/p>\n\n\n\n<p>En un puesto tambi\u00e9n se encontr\u00f3 material gen\u00e9tico del coronavirus en \u201ccivetas de palma\u201d, que tambi\u00e9n se asociaron con el brote anterior de SARS-CoV; y en otras especies, como la \u201crata de bamb\u00fa\u201d y los puercoespines malayos, tambi\u00e9n se hallaron en muestras positivas para el SARS-CoV-2, adem\u00e1s de en \u201cmultitud de otras especies\u201d.<\/p>\n\n\n\n<p>Los investigadores han subrayado la importancia de comprender los or\u00edgenes de la pandemia de Covid-19, sobre todo a la luz de otras propagaciones recientes, como la del virus de la gripe aviar en el ganado en Estados Unidos.<\/p>\n\n\n\n<p>Y han incidido en que ha habido mucha desinformaci\u00f3n sobre d\u00f3nde se origin\u00f3 el SARS-CoV-2, y en que desvelar ese origen es muy importante porque afecta a la seguridad y a la salud p\u00fablica en todo el mundo.<\/p>\n\n\n\n<p>Los investigadores han advertido que, desde que empez\u00f3 la pandemia hace m\u00e1s de cuatro a\u00f1os, aunque se ha prestado m\u00e1s atenci\u00f3n a la seguridad en los laboratorios, \u201cno se ha hecho mucho para disminuir la posibilidad de que vuelva a producirse un escenario zoon\u00f3tico como \u00e9ste\u201d.&nbsp;<\/p>\n\n\n\n<p><\/p>\n","protected":false},"excerpt":{"rendered":"<p>Un nuevo estudio, el que han participado investigadores de varios pa\u00edses, ha corroborado que el origen del coronavirus SARS-CoV-2, responsable de la pandemia por Covid, se sit\u00faa en el mercado de pescado de Huanan, en China. Lo han comprobado cient\u00edficos de varios pa\u00edses, coordinados por el Centro Nacional de Investigaci\u00f3n Cient\u00edfica de Francia (CNRS) y [&hellip;]<\/p>\n","protected":false},"author":1,"featured_media":22297,"comment_status":"closed","ping_status":"closed","sticky":false,"template":"","format":"aside","meta":{"googlesitekit_rrm_CAowytPeCw:productID":"","footnotes":""},"categories":[8],"tags":[1900],"class_list":["post-22296","post","type-post","status-publish","format-aside","has-post-thumbnail","hentry","category-internacional","tag-covid-19-2","post_format-post-format-aside"],"yoast_head":"<!-- This site is optimized with the Yoast SEO plugin v27.5 - https:\/\/yoast.com\/product\/yoast-seo-wordpress\/ -->\n<title>En un mercado chino de pescado se origin\u00f3 el Covid-19, seg\u00fan un nuevo estudio |<\/title>\n<meta name=\"robots\" content=\"index, follow, max-snippet:-1, max-image-preview:large, max-video-preview:-1\" \/>\n<link rel=\"canonical\" href=\"https:\/\/conexionnacional.mx\/index.php\/2024\/09\/20\/en-un-mercado-chino-de-pescado-se-origino-el-covid-19-segun-un-nuevo-estudio\/\" \/>\n<meta property=\"og:locale\" content=\"es_MX\" \/>\n<meta property=\"og:type\" content=\"article\" \/>\n<meta property=\"og:title\" content=\"En un mercado chino de pescado se origin\u00f3 el Covid-19, seg\u00fan un nuevo estudio |\" \/>\n<meta property=\"og:description\" content=\"Un nuevo estudio, el que han participado investigadores de varios pa\u00edses, ha corroborado que el origen del coronavirus SARS-CoV-2, responsable de la pandemia por Covid, se sit\u00faa en el mercado de pescado de Huanan, en China. Lo han comprobado cient\u00edficos de varios pa\u00edses, coordinados por el Centro Nacional de Investigaci\u00f3n Cient\u00edfica de Francia (CNRS) y [&hellip;]\" \/>\n<meta property=\"og:url\" content=\"https:\/\/conexionnacional.mx\/index.php\/2024\/09\/20\/en-un-mercado-chino-de-pescado-se-origino-el-covid-19-segun-un-nuevo-estudio\/\" \/>\n<meta property=\"og:site_name\" content=\"Conexi\u00f3n Nacional\" \/>\n<meta property=\"article:publisher\" content=\"https:\/\/www.facebook.com\/cnmxradio\" \/>\n<meta property=\"article:published_time\" content=\"2024-09-20T17:20:31+00:00\" \/>\n<meta property=\"article:modified_time\" content=\"2024-09-20T17:20:33+00:00\" \/>\n<meta property=\"og:image\" content=\"https:\/\/conexionnacional.mx\/wp-content\/uploads\/2024\/09\/covid-19-coronavirus-scaled-e1626729307943-640x360-1.webp\" \/>\n\t<meta property=\"og:image:width\" content=\"640\" \/>\n\t<meta property=\"og:image:height\" content=\"360\" \/>\n\t<meta property=\"og:image:type\" content=\"image\/webp\" \/>\n<meta name=\"author\" content=\"Conexi\u00f3n Nacional\" \/>\n<meta name=\"twitter:card\" content=\"summary_large_image\" \/>\n<meta name=\"twitter:label1\" content=\"Escrito por\" \/>\n\t<meta name=\"twitter:data1\" content=\"Conexi\u00f3n Nacional\" \/>\n\t<meta name=\"twitter:label2\" content=\"Tiempo de lectura\" \/>\n\t<meta name=\"twitter:data2\" content=\"5 minutos\" \/>\n<script type=\"application\/ld+json\" class=\"yoast-schema-graph\">{\"@context\":\"https:\\\/\\\/schema.org\",\"@graph\":[{\"@type\":\"Article\",\"@id\":\"https:\\\/\\\/conexionnacional.mx\\\/index.php\\\/2024\\\/09\\\/20\\\/en-un-mercado-chino-de-pescado-se-origino-el-covid-19-segun-un-nuevo-estudio\\\/#article\",\"isPartOf\":{\"@id\":\"https:\\\/\\\/conexionnacional.mx\\\/index.php\\\/2024\\\/09\\\/20\\\/en-un-mercado-chino-de-pescado-se-origino-el-covid-19-segun-un-nuevo-estudio\\\/\"},\"author\":{\"name\":\"Conexi\u00f3n Nacional\",\"@id\":\"https:\\\/\\\/conexionnacional.mx\\\/#\\\/schema\\\/person\\\/dd14aeda902120f5e0e021903fdb6931\"},\"headline\":\"En un mercado chino de pescado se origin\u00f3 el Covid-19, seg\u00fan un nuevo estudio\",\"datePublished\":\"2024-09-20T17:20:31+00:00\",\"dateModified\":\"2024-09-20T17:20:33+00:00\",\"mainEntityOfPage\":{\"@id\":\"https:\\\/\\\/conexionnacional.mx\\\/index.php\\\/2024\\\/09\\\/20\\\/en-un-mercado-chino-de-pescado-se-origino-el-covid-19-segun-un-nuevo-estudio\\\/\"},\"wordCount\":949,\"publisher\":{\"@id\":\"https:\\\/\\\/conexionnacional.mx\\\/#organization\"},\"image\":{\"@id\":\"https:\\\/\\\/conexionnacional.mx\\\/index.php\\\/2024\\\/09\\\/20\\\/en-un-mercado-chino-de-pescado-se-origino-el-covid-19-segun-un-nuevo-estudio\\\/#primaryimage\"},\"thumbnailUrl\":\"https:\\\/\\\/conexionnacional.mx\\\/wp-content\\\/uploads\\\/2024\\\/09\\\/covid-19-coronavirus-scaled-e1626729307943-640x360-1.webp\",\"keywords\":[\"COVID-19\"],\"articleSection\":[\"Internacional\"],\"inLanguage\":\"es\"},{\"@type\":\"WebPage\",\"@id\":\"https:\\\/\\\/conexionnacional.mx\\\/index.php\\\/2024\\\/09\\\/20\\\/en-un-mercado-chino-de-pescado-se-origino-el-covid-19-segun-un-nuevo-estudio\\\/\",\"url\":\"https:\\\/\\\/conexionnacional.mx\\\/index.php\\\/2024\\\/09\\\/20\\\/en-un-mercado-chino-de-pescado-se-origino-el-covid-19-segun-un-nuevo-estudio\\\/\",\"name\":\"En un mercado chino de pescado se origin\u00f3 el Covid-19, seg\u00fan un nuevo estudio |\",\"isPartOf\":{\"@id\":\"https:\\\/\\\/conexionnacional.mx\\\/#website\"},\"primaryImageOfPage\":{\"@id\":\"https:\\\/\\\/conexionnacional.mx\\\/index.php\\\/2024\\\/09\\\/20\\\/en-un-mercado-chino-de-pescado-se-origino-el-covid-19-segun-un-nuevo-estudio\\\/#primaryimage\"},\"image\":{\"@id\":\"https:\\\/\\\/conexionnacional.mx\\\/index.php\\\/2024\\\/09\\\/20\\\/en-un-mercado-chino-de-pescado-se-origino-el-covid-19-segun-un-nuevo-estudio\\\/#primaryimage\"},\"thumbnailUrl\":\"https:\\\/\\\/conexionnacional.mx\\\/wp-content\\\/uploads\\\/2024\\\/09\\\/covid-19-coronavirus-scaled-e1626729307943-640x360-1.webp\",\"datePublished\":\"2024-09-20T17:20:31+00:00\",\"dateModified\":\"2024-09-20T17:20:33+00:00\",\"breadcrumb\":{\"@id\":\"https:\\\/\\\/conexionnacional.mx\\\/index.php\\\/2024\\\/09\\\/20\\\/en-un-mercado-chino-de-pescado-se-origino-el-covid-19-segun-un-nuevo-estudio\\\/#breadcrumb\"},\"inLanguage\":\"es\",\"potentialAction\":[{\"@type\":\"ReadAction\",\"target\":[\"https:\\\/\\\/conexionnacional.mx\\\/index.php\\\/2024\\\/09\\\/20\\\/en-un-mercado-chino-de-pescado-se-origino-el-covid-19-segun-un-nuevo-estudio\\\/\"]}]},{\"@type\":\"ImageObject\",\"inLanguage\":\"es\",\"@id\":\"https:\\\/\\\/conexionnacional.mx\\\/index.php\\\/2024\\\/09\\\/20\\\/en-un-mercado-chino-de-pescado-se-origino-el-covid-19-segun-un-nuevo-estudio\\\/#primaryimage\",\"url\":\"https:\\\/\\\/conexionnacional.mx\\\/wp-content\\\/uploads\\\/2024\\\/09\\\/covid-19-coronavirus-scaled-e1626729307943-640x360-1.webp\",\"contentUrl\":\"https:\\\/\\\/conexionnacional.mx\\\/wp-content\\\/uploads\\\/2024\\\/09\\\/covid-19-coronavirus-scaled-e1626729307943-640x360-1.webp\",\"width\":640,\"height\":360},{\"@type\":\"BreadcrumbList\",\"@id\":\"https:\\\/\\\/conexionnacional.mx\\\/index.php\\\/2024\\\/09\\\/20\\\/en-un-mercado-chino-de-pescado-se-origino-el-covid-19-segun-un-nuevo-estudio\\\/#breadcrumb\",\"itemListElement\":[{\"@type\":\"ListItem\",\"position\":1,\"name\":\"Inicio\",\"item\":\"https:\\\/\\\/conexionnacional.mx\\\/\"},{\"@type\":\"ListItem\",\"position\":2,\"name\":\"En un mercado chino de pescado se origin\u00f3 el Covid-19, seg\u00fan un nuevo estudio\"}]},{\"@type\":\"WebSite\",\"@id\":\"https:\\\/\\\/conexionnacional.mx\\\/#website\",\"url\":\"https:\\\/\\\/conexionnacional.mx\\\/\",\"name\":\"Conexi\u00f3n Nacional\",\"description\":\"Noticias al momento\",\"publisher\":{\"@id\":\"https:\\\/\\\/conexionnacional.mx\\\/#organization\"},\"alternateName\":\"Noticias nacionales\",\"potentialAction\":[{\"@type\":\"SearchAction\",\"target\":{\"@type\":\"EntryPoint\",\"urlTemplate\":\"https:\\\/\\\/conexionnacional.mx\\\/?s={search_term_string}\"},\"query-input\":{\"@type\":\"PropertyValueSpecification\",\"valueRequired\":true,\"valueName\":\"search_term_string\"}}],\"inLanguage\":\"es\"},{\"@type\":\"Organization\",\"@id\":\"https:\\\/\\\/conexionnacional.mx\\\/#organization\",\"name\":\"Conexi\u00f3n Nacional\",\"url\":\"https:\\\/\\\/conexionnacional.mx\\\/\",\"logo\":{\"@type\":\"ImageObject\",\"inLanguage\":\"es\",\"@id\":\"https:\\\/\\\/conexionnacional.mx\\\/#\\\/schema\\\/logo\\\/image\\\/\",\"url\":\"https:\\\/\\\/conexionnacional.mx\\\/wp-content\\\/uploads\\\/2022\\\/09\\\/conexion_nacional.png\",\"contentUrl\":\"https:\\\/\\\/conexionnacional.mx\\\/wp-content\\\/uploads\\\/2022\\\/09\\\/conexion_nacional.png\",\"width\":2964,\"height\":1173,\"caption\":\"Conexi\u00f3n Nacional\"},\"image\":{\"@id\":\"https:\\\/\\\/conexionnacional.mx\\\/#\\\/schema\\\/logo\\\/image\\\/\"},\"sameAs\":[\"https:\\\/\\\/www.facebook.com\\\/cnmxradio\"]},{\"@type\":\"Person\",\"@id\":\"https:\\\/\\\/conexionnacional.mx\\\/#\\\/schema\\\/person\\\/dd14aeda902120f5e0e021903fdb6931\",\"name\":\"Conexi\u00f3n Nacional\",\"image\":{\"@type\":\"ImageObject\",\"inLanguage\":\"es\",\"@id\":\"https:\\\/\\\/secure.gravatar.com\\\/avatar\\\/e523100f284110b2ecca7e17b2be9cf140a5e8f35294c9ec0543e6916cc1f9be?s=96&d=blank&r=g\",\"url\":\"https:\\\/\\\/secure.gravatar.com\\\/avatar\\\/e523100f284110b2ecca7e17b2be9cf140a5e8f35294c9ec0543e6916cc1f9be?s=96&d=blank&r=g\",\"contentUrl\":\"https:\\\/\\\/secure.gravatar.com\\\/avatar\\\/e523100f284110b2ecca7e17b2be9cf140a5e8f35294c9ec0543e6916cc1f9be?s=96&d=blank&r=g\",\"caption\":\"Conexi\u00f3n Nacional\"},\"sameAs\":[\"https:\\\/\\\/conexionnacional.mx\"],\"url\":\"https:\\\/\\\/conexionnacional.mx\\\/index.php\\\/author\\\/administrador\\\/\"}]}<\/script>\n<!-- \/ Yoast SEO plugin. -->","yoast_head_json":{"title":"En un mercado chino de pescado se origin\u00f3 el Covid-19, seg\u00fan un nuevo estudio |","robots":{"index":"index","follow":"follow","max-snippet":"max-snippet:-1","max-image-preview":"max-image-preview:large","max-video-preview":"max-video-preview:-1"},"canonical":"https:\/\/conexionnacional.mx\/index.php\/2024\/09\/20\/en-un-mercado-chino-de-pescado-se-origino-el-covid-19-segun-un-nuevo-estudio\/","og_locale":"es_MX","og_type":"article","og_title":"En un mercado chino de pescado se origin\u00f3 el Covid-19, seg\u00fan un nuevo estudio |","og_description":"Un nuevo estudio, el que han participado investigadores de varios pa\u00edses, ha corroborado que el origen del coronavirus SARS-CoV-2, responsable de la pandemia por Covid, se sit\u00faa en el mercado de pescado de Huanan, en China. Lo han comprobado cient\u00edficos de varios pa\u00edses, coordinados por el Centro Nacional de Investigaci\u00f3n Cient\u00edfica de Francia (CNRS) y [&hellip;]","og_url":"https:\/\/conexionnacional.mx\/index.php\/2024\/09\/20\/en-un-mercado-chino-de-pescado-se-origino-el-covid-19-segun-un-nuevo-estudio\/","og_site_name":"Conexi\u00f3n Nacional","article_publisher":"https:\/\/www.facebook.com\/cnmxradio","article_published_time":"2024-09-20T17:20:31+00:00","article_modified_time":"2024-09-20T17:20:33+00:00","og_image":[{"width":640,"height":360,"url":"https:\/\/conexionnacional.mx\/wp-content\/uploads\/2024\/09\/covid-19-coronavirus-scaled-e1626729307943-640x360-1.webp","type":"image\/webp"}],"author":"Conexi\u00f3n Nacional","twitter_card":"summary_large_image","twitter_misc":{"Escrito por":"Conexi\u00f3n Nacional","Tiempo de lectura":"5 minutos"},"schema":{"@context":"https:\/\/schema.org","@graph":[{"@type":"Article","@id":"https:\/\/conexionnacional.mx\/index.php\/2024\/09\/20\/en-un-mercado-chino-de-pescado-se-origino-el-covid-19-segun-un-nuevo-estudio\/#article","isPartOf":{"@id":"https:\/\/conexionnacional.mx\/index.php\/2024\/09\/20\/en-un-mercado-chino-de-pescado-se-origino-el-covid-19-segun-un-nuevo-estudio\/"},"author":{"name":"Conexi\u00f3n Nacional","@id":"https:\/\/conexionnacional.mx\/#\/schema\/person\/dd14aeda902120f5e0e021903fdb6931"},"headline":"En un mercado chino de pescado se origin\u00f3 el Covid-19, seg\u00fan un nuevo estudio","datePublished":"2024-09-20T17:20:31+00:00","dateModified":"2024-09-20T17:20:33+00:00","mainEntityOfPage":{"@id":"https:\/\/conexionnacional.mx\/index.php\/2024\/09\/20\/en-un-mercado-chino-de-pescado-se-origino-el-covid-19-segun-un-nuevo-estudio\/"},"wordCount":949,"publisher":{"@id":"https:\/\/conexionnacional.mx\/#organization"},"image":{"@id":"https:\/\/conexionnacional.mx\/index.php\/2024\/09\/20\/en-un-mercado-chino-de-pescado-se-origino-el-covid-19-segun-un-nuevo-estudio\/#primaryimage"},"thumbnailUrl":"https:\/\/conexionnacional.mx\/wp-content\/uploads\/2024\/09\/covid-19-coronavirus-scaled-e1626729307943-640x360-1.webp","keywords":["COVID-19"],"articleSection":["Internacional"],"inLanguage":"es"},{"@type":"WebPage","@id":"https:\/\/conexionnacional.mx\/index.php\/2024\/09\/20\/en-un-mercado-chino-de-pescado-se-origino-el-covid-19-segun-un-nuevo-estudio\/","url":"https:\/\/conexionnacional.mx\/index.php\/2024\/09\/20\/en-un-mercado-chino-de-pescado-se-origino-el-covid-19-segun-un-nuevo-estudio\/","name":"En un mercado chino de pescado se origin\u00f3 el Covid-19, seg\u00fan un nuevo estudio |","isPartOf":{"@id":"https:\/\/conexionnacional.mx\/#website"},"primaryImageOfPage":{"@id":"https:\/\/conexionnacional.mx\/index.php\/2024\/09\/20\/en-un-mercado-chino-de-pescado-se-origino-el-covid-19-segun-un-nuevo-estudio\/#primaryimage"},"image":{"@id":"https:\/\/conexionnacional.mx\/index.php\/2024\/09\/20\/en-un-mercado-chino-de-pescado-se-origino-el-covid-19-segun-un-nuevo-estudio\/#primaryimage"},"thumbnailUrl":"https:\/\/conexionnacional.mx\/wp-content\/uploads\/2024\/09\/covid-19-coronavirus-scaled-e1626729307943-640x360-1.webp","datePublished":"2024-09-20T17:20:31+00:00","dateModified":"2024-09-20T17:20:33+00:00","breadcrumb":{"@id":"https:\/\/conexionnacional.mx\/index.php\/2024\/09\/20\/en-un-mercado-chino-de-pescado-se-origino-el-covid-19-segun-un-nuevo-estudio\/#breadcrumb"},"inLanguage":"es","potentialAction":[{"@type":"ReadAction","target":["https:\/\/conexionnacional.mx\/index.php\/2024\/09\/20\/en-un-mercado-chino-de-pescado-se-origino-el-covid-19-segun-un-nuevo-estudio\/"]}]},{"@type":"ImageObject","inLanguage":"es","@id":"https:\/\/conexionnacional.mx\/index.php\/2024\/09\/20\/en-un-mercado-chino-de-pescado-se-origino-el-covid-19-segun-un-nuevo-estudio\/#primaryimage","url":"https:\/\/conexionnacional.mx\/wp-content\/uploads\/2024\/09\/covid-19-coronavirus-scaled-e1626729307943-640x360-1.webp","contentUrl":"https:\/\/conexionnacional.mx\/wp-content\/uploads\/2024\/09\/covid-19-coronavirus-scaled-e1626729307943-640x360-1.webp","width":640,"height":360},{"@type":"BreadcrumbList","@id":"https:\/\/conexionnacional.mx\/index.php\/2024\/09\/20\/en-un-mercado-chino-de-pescado-se-origino-el-covid-19-segun-un-nuevo-estudio\/#breadcrumb","itemListElement":[{"@type":"ListItem","position":1,"name":"Inicio","item":"https:\/\/conexionnacional.mx\/"},{"@type":"ListItem","position":2,"name":"En un mercado chino de pescado se origin\u00f3 el Covid-19, seg\u00fan un nuevo estudio"}]},{"@type":"WebSite","@id":"https:\/\/conexionnacional.mx\/#website","url":"https:\/\/conexionnacional.mx\/","name":"Conexi\u00f3n Nacional","description":"Noticias al momento","publisher":{"@id":"https:\/\/conexionnacional.mx\/#organization"},"alternateName":"Noticias nacionales","potentialAction":[{"@type":"SearchAction","target":{"@type":"EntryPoint","urlTemplate":"https:\/\/conexionnacional.mx\/?s={search_term_string}"},"query-input":{"@type":"PropertyValueSpecification","valueRequired":true,"valueName":"search_term_string"}}],"inLanguage":"es"},{"@type":"Organization","@id":"https:\/\/conexionnacional.mx\/#organization","name":"Conexi\u00f3n Nacional","url":"https:\/\/conexionnacional.mx\/","logo":{"@type":"ImageObject","inLanguage":"es","@id":"https:\/\/conexionnacional.mx\/#\/schema\/logo\/image\/","url":"https:\/\/conexionnacional.mx\/wp-content\/uploads\/2022\/09\/conexion_nacional.png","contentUrl":"https:\/\/conexionnacional.mx\/wp-content\/uploads\/2022\/09\/conexion_nacional.png","width":2964,"height":1173,"caption":"Conexi\u00f3n Nacional"},"image":{"@id":"https:\/\/conexionnacional.mx\/#\/schema\/logo\/image\/"},"sameAs":["https:\/\/www.facebook.com\/cnmxradio"]},{"@type":"Person","@id":"https:\/\/conexionnacional.mx\/#\/schema\/person\/dd14aeda902120f5e0e021903fdb6931","name":"Conexi\u00f3n Nacional","image":{"@type":"ImageObject","inLanguage":"es","@id":"https:\/\/secure.gravatar.com\/avatar\/e523100f284110b2ecca7e17b2be9cf140a5e8f35294c9ec0543e6916cc1f9be?s=96&d=blank&r=g","url":"https:\/\/secure.gravatar.com\/avatar\/e523100f284110b2ecca7e17b2be9cf140a5e8f35294c9ec0543e6916cc1f9be?s=96&d=blank&r=g","contentUrl":"https:\/\/secure.gravatar.com\/avatar\/e523100f284110b2ecca7e17b2be9cf140a5e8f35294c9ec0543e6916cc1f9be?s=96&d=blank&r=g","caption":"Conexi\u00f3n Nacional"},"sameAs":["https:\/\/conexionnacional.mx"],"url":"https:\/\/conexionnacional.mx\/index.php\/author\/administrador\/"}]}},"_links":{"self":[{"href":"https:\/\/conexionnacional.mx\/index.php\/wp-json\/wp\/v2\/posts\/22296","targetHints":{"allow":["GET"]}}],"collection":[{"href":"https:\/\/conexionnacional.mx\/index.php\/wp-json\/wp\/v2\/posts"}],"about":[{"href":"https:\/\/conexionnacional.mx\/index.php\/wp-json\/wp\/v2\/types\/post"}],"author":[{"embeddable":true,"href":"https:\/\/conexionnacional.mx\/index.php\/wp-json\/wp\/v2\/users\/1"}],"replies":[{"embeddable":true,"href":"https:\/\/conexionnacional.mx\/index.php\/wp-json\/wp\/v2\/comments?post=22296"}],"version-history":[{"count":1,"href":"https:\/\/conexionnacional.mx\/index.php\/wp-json\/wp\/v2\/posts\/22296\/revisions"}],"predecessor-version":[{"id":22298,"href":"https:\/\/conexionnacional.mx\/index.php\/wp-json\/wp\/v2\/posts\/22296\/revisions\/22298"}],"wp:featuredmedia":[{"embeddable":true,"href":"https:\/\/conexionnacional.mx\/index.php\/wp-json\/wp\/v2\/media\/22297"}],"wp:attachment":[{"href":"https:\/\/conexionnacional.mx\/index.php\/wp-json\/wp\/v2\/media?parent=22296"}],"wp:term":[{"taxonomy":"category","embeddable":true,"href":"https:\/\/conexionnacional.mx\/index.php\/wp-json\/wp\/v2\/categories?post=22296"},{"taxonomy":"post_tag","embeddable":true,"href":"https:\/\/conexionnacional.mx\/index.php\/wp-json\/wp\/v2\/tags?post=22296"}],"curies":[{"name":"wp","href":"https:\/\/api.w.org\/{rel}","templated":true}]}}