{"id":22034,"date":"2024-08-27T16:16:17","date_gmt":"2024-08-27T22:16:17","guid":{"rendered":"https:\/\/conexionnacional.mx\/?p=22034"},"modified":"2024-08-27T16:16:19","modified_gmt":"2024-08-27T22:16:19","slug":"la-primera-esquirol-del-prd-vende-al-pais-por-intereses-personales","status":"publish","type":"post","link":"https:\/\/conexionnacional.mx\/index.php\/2024\/08\/27\/la-primera-esquirol-del-prd-vende-al-pais-por-intereses-personales\/","title":{"rendered":"La primera, esquirol del PRD, Vende al pa\u00eds por intereses\u00a0personales"},"content":{"rendered":"\n<p>Este martes se dio a conocer que la senadora electa por el PRD, Araceli Saucedo, brinc\u00f3 a Morena tras un presunto acuerdo con Claudia Sheinbaum, la presidenta electa de M\u00e9xico.<\/p>\n\n\n\n<p>Seg\u00fan se ha informado en el medio de comunicaci\u00f3n\u00a0red Michoac\u00e1n,\u00a0Saucedo no militar\u00e1 en Morena, solo brincar\u00e1 a la bancada del partido en el Senado.<\/p>\n\n\n\n<p>El movimiento de Saucedo se concret\u00f3 gracias a un presunto acuerdo directo con la presidenta electa de M\u00e9xico, Claudia Sheinbaum.<\/p>\n\n\n\n<p>Esta alianza estrat\u00e9gica refuerza la presencia de Morena en el Senado, para concretar el llamado \u201cPLAN C\u201d, mientras que Saucedo mantendr\u00eda su independencia partidista, operando dentro del grupo parlamentario del partido en el poder.<\/p>\n","protected":false},"excerpt":{"rendered":"<p>Este martes se dio a conocer que la senadora electa por el PRD, Araceli Saucedo, brinc\u00f3 a Morena tras un presunto acuerdo con Claudia Sheinbaum, la presidenta electa de M\u00e9xico. Seg\u00fan se ha informado en el medio de comunicaci\u00f3n\u00a0red Michoac\u00e1n,\u00a0Saucedo no militar\u00e1 en Morena, solo brincar\u00e1 a la bancada del partido en el Senado. El [&hellip;]<\/p>\n","protected":false},"author":1,"featured_media":22035,"comment_status":"closed","ping_status":"closed","sticky":false,"template":"","format":"aside","meta":{"googlesitekit_rrm_CAowytPeCw:productID":"","footnotes":""},"categories":[17],"tags":[8657,8659,2201,8658],"class_list":["post-22034","post","type-post","status-publish","format-aside","has-post-thumbnail","hentry","category-estados","tag-esquirol","tag-pais-2","tag-prd","tag-vende","post_format-post-format-aside"],"yoast_head":"<!-- This site is optimized with the Yoast SEO plugin v27.4 - https:\/\/yoast.com\/product\/yoast-seo-wordpress\/ -->\n<title>La primera, esquirol del PRD, Vende al pa\u00eds por intereses\u00a0personales<\/title>\n<meta name=\"description\" content=\"Este martes se dio a conocer que la senadora electa por el PRD, Araceli Saucedo, brinc\u00f3 a Morena tras un presunto acuerdo con Claudia Sheinbaum, la presidenta electa de M\u00e9xico.\" \/>\n<meta name=\"robots\" content=\"index, follow, max-snippet:-1, max-image-preview:large, max-video-preview:-1\" \/>\n<link rel=\"canonical\" href=\"https:\/\/conexionnacional.mx\/index.php\/2024\/08\/27\/la-primera-esquirol-del-prd-vende-al-pais-por-intereses-personales\/\" \/>\n<meta property=\"og:locale\" content=\"es_MX\" \/>\n<meta property=\"og:type\" content=\"article\" \/>\n<meta property=\"og:title\" content=\"La primera, esquirol del PRD, Vende al pa\u00eds por intereses\u00a0personales\" \/>\n<meta property=\"og:description\" content=\"Este martes se dio a conocer que la senadora electa por el PRD, Araceli Saucedo, brinc\u00f3 a Morena tras un presunto acuerdo con Claudia Sheinbaum, la presidenta electa de M\u00e9xico.\" \/>\n<meta property=\"og:url\" content=\"https:\/\/conexionnacional.mx\/index.php\/2024\/08\/27\/la-primera-esquirol-del-prd-vende-al-pais-por-intereses-personales\/\" \/>\n<meta property=\"og:site_name\" content=\"Conexi\u00f3n Nacional\" \/>\n<meta property=\"article:publisher\" content=\"https:\/\/www.facebook.com\/cnmxradio\" \/>\n<meta property=\"article:published_time\" content=\"2024-08-27T22:16:17+00:00\" \/>\n<meta property=\"article:modified_time\" content=\"2024-08-27T22:16:19+00:00\" \/>\n<meta property=\"og:image\" content=\"https:\/\/conexionnacional.mx\/wp-content\/uploads\/2024\/08\/PRD_logo_Mexico.svg_.png\" \/>\n\t<meta property=\"og:image:width\" content=\"1200\" \/>\n\t<meta property=\"og:image:height\" content=\"1200\" \/>\n\t<meta property=\"og:image:type\" content=\"image\/png\" \/>\n<meta name=\"author\" content=\"Conexi\u00f3n Nacional\" \/>\n<meta name=\"twitter:card\" content=\"summary_large_image\" \/>\n<meta name=\"twitter:label1\" content=\"Escrito por\" \/>\n\t<meta name=\"twitter:data1\" content=\"Conexi\u00f3n Nacional\" \/>\n\t<meta name=\"twitter:label2\" content=\"Tiempo de lectura\" \/>\n\t<meta name=\"twitter:data2\" content=\"1 minuto\" \/>\n<script type=\"application\/ld+json\" class=\"yoast-schema-graph\">{\"@context\":\"https:\\\/\\\/schema.org\",\"@graph\":[{\"@type\":\"Article\",\"@id\":\"https:\\\/\\\/conexionnacional.mx\\\/index.php\\\/2024\\\/08\\\/27\\\/la-primera-esquirol-del-prd-vende-al-pais-por-intereses-personales\\\/#article\",\"isPartOf\":{\"@id\":\"https:\\\/\\\/conexionnacional.mx\\\/index.php\\\/2024\\\/08\\\/27\\\/la-primera-esquirol-del-prd-vende-al-pais-por-intereses-personales\\\/\"},\"author\":{\"name\":\"Conexi\u00f3n Nacional\",\"@id\":\"https:\\\/\\\/conexionnacional.mx\\\/#\\\/schema\\\/person\\\/dd14aeda902120f5e0e021903fdb6931\"},\"headline\":\"La primera, esquirol del PRD, Vende al pa\u00eds por intereses\u00a0personales\",\"datePublished\":\"2024-08-27T22:16:17+00:00\",\"dateModified\":\"2024-08-27T22:16:19+00:00\",\"mainEntityOfPage\":{\"@id\":\"https:\\\/\\\/conexionnacional.mx\\\/index.php\\\/2024\\\/08\\\/27\\\/la-primera-esquirol-del-prd-vende-al-pais-por-intereses-personales\\\/\"},\"wordCount\":129,\"publisher\":{\"@id\":\"https:\\\/\\\/conexionnacional.mx\\\/#organization\"},\"image\":{\"@id\":\"https:\\\/\\\/conexionnacional.mx\\\/index.php\\\/2024\\\/08\\\/27\\\/la-primera-esquirol-del-prd-vende-al-pais-por-intereses-personales\\\/#primaryimage\"},\"thumbnailUrl\":\"https:\\\/\\\/conexionnacional.mx\\\/wp-content\\\/uploads\\\/2024\\\/08\\\/PRD_logo_Mexico.svg_.png\",\"keywords\":[\"Esquirol\",\"Pais\",\"PRD\",\"Vende\"],\"articleSection\":[\"Estados\"],\"inLanguage\":\"es\"},{\"@type\":\"WebPage\",\"@id\":\"https:\\\/\\\/conexionnacional.mx\\\/index.php\\\/2024\\\/08\\\/27\\\/la-primera-esquirol-del-prd-vende-al-pais-por-intereses-personales\\\/\",\"url\":\"https:\\\/\\\/conexionnacional.mx\\\/index.php\\\/2024\\\/08\\\/27\\\/la-primera-esquirol-del-prd-vende-al-pais-por-intereses-personales\\\/\",\"name\":\"La primera, esquirol del PRD, Vende al pa\u00eds por intereses\u00a0personales\",\"isPartOf\":{\"@id\":\"https:\\\/\\\/conexionnacional.mx\\\/#website\"},\"primaryImageOfPage\":{\"@id\":\"https:\\\/\\\/conexionnacional.mx\\\/index.php\\\/2024\\\/08\\\/27\\\/la-primera-esquirol-del-prd-vende-al-pais-por-intereses-personales\\\/#primaryimage\"},\"image\":{\"@id\":\"https:\\\/\\\/conexionnacional.mx\\\/index.php\\\/2024\\\/08\\\/27\\\/la-primera-esquirol-del-prd-vende-al-pais-por-intereses-personales\\\/#primaryimage\"},\"thumbnailUrl\":\"https:\\\/\\\/conexionnacional.mx\\\/wp-content\\\/uploads\\\/2024\\\/08\\\/PRD_logo_Mexico.svg_.png\",\"datePublished\":\"2024-08-27T22:16:17+00:00\",\"dateModified\":\"2024-08-27T22:16:19+00:00\",\"description\":\"Este martes se dio a conocer que la senadora electa por el PRD, Araceli Saucedo, brinc\u00f3 a Morena tras un presunto acuerdo con Claudia Sheinbaum, la presidenta electa de M\u00e9xico.\",\"breadcrumb\":{\"@id\":\"https:\\\/\\\/conexionnacional.mx\\\/index.php\\\/2024\\\/08\\\/27\\\/la-primera-esquirol-del-prd-vende-al-pais-por-intereses-personales\\\/#breadcrumb\"},\"inLanguage\":\"es\",\"potentialAction\":[{\"@type\":\"ReadAction\",\"target\":[\"https:\\\/\\\/conexionnacional.mx\\\/index.php\\\/2024\\\/08\\\/27\\\/la-primera-esquirol-del-prd-vende-al-pais-por-intereses-personales\\\/\"]}]},{\"@type\":\"ImageObject\",\"inLanguage\":\"es\",\"@id\":\"https:\\\/\\\/conexionnacional.mx\\\/index.php\\\/2024\\\/08\\\/27\\\/la-primera-esquirol-del-prd-vende-al-pais-por-intereses-personales\\\/#primaryimage\",\"url\":\"https:\\\/\\\/conexionnacional.mx\\\/wp-content\\\/uploads\\\/2024\\\/08\\\/PRD_logo_Mexico.svg_.png\",\"contentUrl\":\"https:\\\/\\\/conexionnacional.mx\\\/wp-content\\\/uploads\\\/2024\\\/08\\\/PRD_logo_Mexico.svg_.png\",\"width\":1200,\"height\":1200},{\"@type\":\"BreadcrumbList\",\"@id\":\"https:\\\/\\\/conexionnacional.mx\\\/index.php\\\/2024\\\/08\\\/27\\\/la-primera-esquirol-del-prd-vende-al-pais-por-intereses-personales\\\/#breadcrumb\",\"itemListElement\":[{\"@type\":\"ListItem\",\"position\":1,\"name\":\"Inicio\",\"item\":\"https:\\\/\\\/conexionnacional.mx\\\/\"},{\"@type\":\"ListItem\",\"position\":2,\"name\":\"La primera, esquirol del PRD, Vende al pa\u00eds por intereses\u00a0personales\"}]},{\"@type\":\"WebSite\",\"@id\":\"https:\\\/\\\/conexionnacional.mx\\\/#website\",\"url\":\"https:\\\/\\\/conexionnacional.mx\\\/\",\"name\":\"Conexi\u00f3n Nacional\",\"description\":\"Noticias al momento\",\"publisher\":{\"@id\":\"https:\\\/\\\/conexionnacional.mx\\\/#organization\"},\"alternateName\":\"Noticias nacionales\",\"potentialAction\":[{\"@type\":\"SearchAction\",\"target\":{\"@type\":\"EntryPoint\",\"urlTemplate\":\"https:\\\/\\\/conexionnacional.mx\\\/?s={search_term_string}\"},\"query-input\":{\"@type\":\"PropertyValueSpecification\",\"valueRequired\":true,\"valueName\":\"search_term_string\"}}],\"inLanguage\":\"es\"},{\"@type\":\"Organization\",\"@id\":\"https:\\\/\\\/conexionnacional.mx\\\/#organization\",\"name\":\"Conexi\u00f3n Nacional\",\"url\":\"https:\\\/\\\/conexionnacional.mx\\\/\",\"logo\":{\"@type\":\"ImageObject\",\"inLanguage\":\"es\",\"@id\":\"https:\\\/\\\/conexionnacional.mx\\\/#\\\/schema\\\/logo\\\/image\\\/\",\"url\":\"https:\\\/\\\/conexionnacional.mx\\\/wp-content\\\/uploads\\\/2022\\\/09\\\/conexion_nacional.png\",\"contentUrl\":\"https:\\\/\\\/conexionnacional.mx\\\/wp-content\\\/uploads\\\/2022\\\/09\\\/conexion_nacional.png\",\"width\":2964,\"height\":1173,\"caption\":\"Conexi\u00f3n Nacional\"},\"image\":{\"@id\":\"https:\\\/\\\/conexionnacional.mx\\\/#\\\/schema\\\/logo\\\/image\\\/\"},\"sameAs\":[\"https:\\\/\\\/www.facebook.com\\\/cnmxradio\"]},{\"@type\":\"Person\",\"@id\":\"https:\\\/\\\/conexionnacional.mx\\\/#\\\/schema\\\/person\\\/dd14aeda902120f5e0e021903fdb6931\",\"name\":\"Conexi\u00f3n Nacional\",\"image\":{\"@type\":\"ImageObject\",\"inLanguage\":\"es\",\"@id\":\"https:\\\/\\\/secure.gravatar.com\\\/avatar\\\/e523100f284110b2ecca7e17b2be9cf140a5e8f35294c9ec0543e6916cc1f9be?s=96&d=blank&r=g\",\"url\":\"https:\\\/\\\/secure.gravatar.com\\\/avatar\\\/e523100f284110b2ecca7e17b2be9cf140a5e8f35294c9ec0543e6916cc1f9be?s=96&d=blank&r=g\",\"contentUrl\":\"https:\\\/\\\/secure.gravatar.com\\\/avatar\\\/e523100f284110b2ecca7e17b2be9cf140a5e8f35294c9ec0543e6916cc1f9be?s=96&d=blank&r=g\",\"caption\":\"Conexi\u00f3n Nacional\"},\"sameAs\":[\"https:\\\/\\\/conexionnacional.mx\"],\"url\":\"https:\\\/\\\/conexionnacional.mx\\\/index.php\\\/author\\\/administrador\\\/\"}]}<\/script>\n<!-- \/ Yoast SEO plugin. -->","yoast_head_json":{"title":"La primera, esquirol del PRD, Vende al pa\u00eds por intereses\u00a0personales","description":"Este martes se dio a conocer que la senadora electa por el PRD, Araceli Saucedo, brinc\u00f3 a Morena tras un presunto acuerdo con Claudia Sheinbaum, la presidenta electa de M\u00e9xico.","robots":{"index":"index","follow":"follow","max-snippet":"max-snippet:-1","max-image-preview":"max-image-preview:large","max-video-preview":"max-video-preview:-1"},"canonical":"https:\/\/conexionnacional.mx\/index.php\/2024\/08\/27\/la-primera-esquirol-del-prd-vende-al-pais-por-intereses-personales\/","og_locale":"es_MX","og_type":"article","og_title":"La primera, esquirol del PRD, Vende al pa\u00eds por intereses\u00a0personales","og_description":"Este martes se dio a conocer que la senadora electa por el PRD, Araceli Saucedo, brinc\u00f3 a Morena tras un presunto acuerdo con Claudia Sheinbaum, la presidenta electa de M\u00e9xico.","og_url":"https:\/\/conexionnacional.mx\/index.php\/2024\/08\/27\/la-primera-esquirol-del-prd-vende-al-pais-por-intereses-personales\/","og_site_name":"Conexi\u00f3n Nacional","article_publisher":"https:\/\/www.facebook.com\/cnmxradio","article_published_time":"2024-08-27T22:16:17+00:00","article_modified_time":"2024-08-27T22:16:19+00:00","og_image":[{"width":1200,"height":1200,"url":"https:\/\/conexionnacional.mx\/wp-content\/uploads\/2024\/08\/PRD_logo_Mexico.svg_.png","type":"image\/png"}],"author":"Conexi\u00f3n Nacional","twitter_card":"summary_large_image","twitter_misc":{"Escrito por":"Conexi\u00f3n Nacional","Tiempo de lectura":"1 minuto"},"schema":{"@context":"https:\/\/schema.org","@graph":[{"@type":"Article","@id":"https:\/\/conexionnacional.mx\/index.php\/2024\/08\/27\/la-primera-esquirol-del-prd-vende-al-pais-por-intereses-personales\/#article","isPartOf":{"@id":"https:\/\/conexionnacional.mx\/index.php\/2024\/08\/27\/la-primera-esquirol-del-prd-vende-al-pais-por-intereses-personales\/"},"author":{"name":"Conexi\u00f3n Nacional","@id":"https:\/\/conexionnacional.mx\/#\/schema\/person\/dd14aeda902120f5e0e021903fdb6931"},"headline":"La primera, esquirol del PRD, Vende al pa\u00eds por intereses\u00a0personales","datePublished":"2024-08-27T22:16:17+00:00","dateModified":"2024-08-27T22:16:19+00:00","mainEntityOfPage":{"@id":"https:\/\/conexionnacional.mx\/index.php\/2024\/08\/27\/la-primera-esquirol-del-prd-vende-al-pais-por-intereses-personales\/"},"wordCount":129,"publisher":{"@id":"https:\/\/conexionnacional.mx\/#organization"},"image":{"@id":"https:\/\/conexionnacional.mx\/index.php\/2024\/08\/27\/la-primera-esquirol-del-prd-vende-al-pais-por-intereses-personales\/#primaryimage"},"thumbnailUrl":"https:\/\/conexionnacional.mx\/wp-content\/uploads\/2024\/08\/PRD_logo_Mexico.svg_.png","keywords":["Esquirol","Pais","PRD","Vende"],"articleSection":["Estados"],"inLanguage":"es"},{"@type":"WebPage","@id":"https:\/\/conexionnacional.mx\/index.php\/2024\/08\/27\/la-primera-esquirol-del-prd-vende-al-pais-por-intereses-personales\/","url":"https:\/\/conexionnacional.mx\/index.php\/2024\/08\/27\/la-primera-esquirol-del-prd-vende-al-pais-por-intereses-personales\/","name":"La primera, esquirol del PRD, Vende al pa\u00eds por intereses\u00a0personales","isPartOf":{"@id":"https:\/\/conexionnacional.mx\/#website"},"primaryImageOfPage":{"@id":"https:\/\/conexionnacional.mx\/index.php\/2024\/08\/27\/la-primera-esquirol-del-prd-vende-al-pais-por-intereses-personales\/#primaryimage"},"image":{"@id":"https:\/\/conexionnacional.mx\/index.php\/2024\/08\/27\/la-primera-esquirol-del-prd-vende-al-pais-por-intereses-personales\/#primaryimage"},"thumbnailUrl":"https:\/\/conexionnacional.mx\/wp-content\/uploads\/2024\/08\/PRD_logo_Mexico.svg_.png","datePublished":"2024-08-27T22:16:17+00:00","dateModified":"2024-08-27T22:16:19+00:00","description":"Este martes se dio a conocer que la senadora electa por el PRD, Araceli Saucedo, brinc\u00f3 a Morena tras un presunto acuerdo con Claudia Sheinbaum, la presidenta electa de M\u00e9xico.","breadcrumb":{"@id":"https:\/\/conexionnacional.mx\/index.php\/2024\/08\/27\/la-primera-esquirol-del-prd-vende-al-pais-por-intereses-personales\/#breadcrumb"},"inLanguage":"es","potentialAction":[{"@type":"ReadAction","target":["https:\/\/conexionnacional.mx\/index.php\/2024\/08\/27\/la-primera-esquirol-del-prd-vende-al-pais-por-intereses-personales\/"]}]},{"@type":"ImageObject","inLanguage":"es","@id":"https:\/\/conexionnacional.mx\/index.php\/2024\/08\/27\/la-primera-esquirol-del-prd-vende-al-pais-por-intereses-personales\/#primaryimage","url":"https:\/\/conexionnacional.mx\/wp-content\/uploads\/2024\/08\/PRD_logo_Mexico.svg_.png","contentUrl":"https:\/\/conexionnacional.mx\/wp-content\/uploads\/2024\/08\/PRD_logo_Mexico.svg_.png","width":1200,"height":1200},{"@type":"BreadcrumbList","@id":"https:\/\/conexionnacional.mx\/index.php\/2024\/08\/27\/la-primera-esquirol-del-prd-vende-al-pais-por-intereses-personales\/#breadcrumb","itemListElement":[{"@type":"ListItem","position":1,"name":"Inicio","item":"https:\/\/conexionnacional.mx\/"},{"@type":"ListItem","position":2,"name":"La primera, esquirol del PRD, Vende al pa\u00eds por intereses\u00a0personales"}]},{"@type":"WebSite","@id":"https:\/\/conexionnacional.mx\/#website","url":"https:\/\/conexionnacional.mx\/","name":"Conexi\u00f3n Nacional","description":"Noticias al momento","publisher":{"@id":"https:\/\/conexionnacional.mx\/#organization"},"alternateName":"Noticias nacionales","potentialAction":[{"@type":"SearchAction","target":{"@type":"EntryPoint","urlTemplate":"https:\/\/conexionnacional.mx\/?s={search_term_string}"},"query-input":{"@type":"PropertyValueSpecification","valueRequired":true,"valueName":"search_term_string"}}],"inLanguage":"es"},{"@type":"Organization","@id":"https:\/\/conexionnacional.mx\/#organization","name":"Conexi\u00f3n Nacional","url":"https:\/\/conexionnacional.mx\/","logo":{"@type":"ImageObject","inLanguage":"es","@id":"https:\/\/conexionnacional.mx\/#\/schema\/logo\/image\/","url":"https:\/\/conexionnacional.mx\/wp-content\/uploads\/2022\/09\/conexion_nacional.png","contentUrl":"https:\/\/conexionnacional.mx\/wp-content\/uploads\/2022\/09\/conexion_nacional.png","width":2964,"height":1173,"caption":"Conexi\u00f3n Nacional"},"image":{"@id":"https:\/\/conexionnacional.mx\/#\/schema\/logo\/image\/"},"sameAs":["https:\/\/www.facebook.com\/cnmxradio"]},{"@type":"Person","@id":"https:\/\/conexionnacional.mx\/#\/schema\/person\/dd14aeda902120f5e0e021903fdb6931","name":"Conexi\u00f3n Nacional","image":{"@type":"ImageObject","inLanguage":"es","@id":"https:\/\/secure.gravatar.com\/avatar\/e523100f284110b2ecca7e17b2be9cf140a5e8f35294c9ec0543e6916cc1f9be?s=96&d=blank&r=g","url":"https:\/\/secure.gravatar.com\/avatar\/e523100f284110b2ecca7e17b2be9cf140a5e8f35294c9ec0543e6916cc1f9be?s=96&d=blank&r=g","contentUrl":"https:\/\/secure.gravatar.com\/avatar\/e523100f284110b2ecca7e17b2be9cf140a5e8f35294c9ec0543e6916cc1f9be?s=96&d=blank&r=g","caption":"Conexi\u00f3n Nacional"},"sameAs":["https:\/\/conexionnacional.mx"],"url":"https:\/\/conexionnacional.mx\/index.php\/author\/administrador\/"}]}},"_links":{"self":[{"href":"https:\/\/conexionnacional.mx\/index.php\/wp-json\/wp\/v2\/posts\/22034","targetHints":{"allow":["GET"]}}],"collection":[{"href":"https:\/\/conexionnacional.mx\/index.php\/wp-json\/wp\/v2\/posts"}],"about":[{"href":"https:\/\/conexionnacional.mx\/index.php\/wp-json\/wp\/v2\/types\/post"}],"author":[{"embeddable":true,"href":"https:\/\/conexionnacional.mx\/index.php\/wp-json\/wp\/v2\/users\/1"}],"replies":[{"embeddable":true,"href":"https:\/\/conexionnacional.mx\/index.php\/wp-json\/wp\/v2\/comments?post=22034"}],"version-history":[{"count":1,"href":"https:\/\/conexionnacional.mx\/index.php\/wp-json\/wp\/v2\/posts\/22034\/revisions"}],"predecessor-version":[{"id":22036,"href":"https:\/\/conexionnacional.mx\/index.php\/wp-json\/wp\/v2\/posts\/22034\/revisions\/22036"}],"wp:featuredmedia":[{"embeddable":true,"href":"https:\/\/conexionnacional.mx\/index.php\/wp-json\/wp\/v2\/media\/22035"}],"wp:attachment":[{"href":"https:\/\/conexionnacional.mx\/index.php\/wp-json\/wp\/v2\/media?parent=22034"}],"wp:term":[{"taxonomy":"category","embeddable":true,"href":"https:\/\/conexionnacional.mx\/index.php\/wp-json\/wp\/v2\/categories?post=22034"},{"taxonomy":"post_tag","embeddable":true,"href":"https:\/\/conexionnacional.mx\/index.php\/wp-json\/wp\/v2\/tags?post=22034"}],"curies":[{"name":"wp","href":"https:\/\/api.w.org\/{rel}","templated":true}]}}