{"id":21883,"date":"2024-08-19T17:45:38","date_gmt":"2024-08-19T23:45:38","guid":{"rendered":"https:\/\/conexionnacional.mx\/?p=21883"},"modified":"2024-08-19T17:45:40","modified_gmt":"2024-08-19T23:45:40","slug":"hallan-brazaletes-de-plata-en-tesoro-vikingo-milenario-en-dinamarca","status":"publish","type":"post","link":"https:\/\/conexionnacional.mx\/index.php\/2024\/08\/19\/hallan-brazaletes-de-plata-en-tesoro-vikingo-milenario-en-dinamarca\/","title":{"rendered":"Hallan brazaletes de plata en tesoro vikingo milenario en Dinamarca"},"content":{"rendered":"\n<p>Siete brazaletes de plata de la era vikinga, que dan cuenta de los abundantes v\u00ednculos entre Escandinavia y el resto del mundo, fueron hallados en el oeste de Dinamarca, anunci\u00f3 el lunes un museo de Aarhus, donde est\u00e1n expuestos.<\/p>\n\n\n\n<blockquote class=\"wp-block-quote is-layout-flow wp-block-quote-is-layout-flow\">\n<p>Es la primera vez que encontramos un tesoro de este tipo tan cerca de Aarhus. Es al mismo tiempo excepcional y muy interesante&#8221;, declar\u00f3 a AFP Kasper Andersen, historiador en el museo de Moesgaard.<\/p>\n<\/blockquote>\n\n\n\n<p>Los brazaletes, que datan del siglo IX, se usaban como joyas, pero tambi\u00e9n como moneda de cambio, pues cada uno de ellos est\u00e1 fabricado seg\u00fan un est\u00e1ndar de peso.<\/p>\n\n\n\n<h2 class=\"wp-block-heading\">Da pistas de c\u00f3mo operaban los vikingos<\/h2>\n\n\n\n<blockquote class=\"wp-block-quote is-layout-flow wp-block-quote-is-layout-flow\">\n<p>Esto nos permite entender mejor c\u00f3mo operaban los vikingos de esta parte de Escandinavia en un mundo global, desde Asia occidental hasta el Atl\u00e1ntico Norte&#8221;, afirm\u00f3 el historiador.<\/p>\n<\/blockquote>\n\n\n\n<p>Una de las pulseras, en espiral, es una pieza que se inspira de modelos rusos o ucranianos, mientras que otros brazaletes similares fueron hallados en Irlanda, explic\u00f3 Andersen.<\/p>\n\n\n\n<blockquote class=\"wp-block-quote is-layout-flow wp-block-quote-is-layout-flow\">\n<p>Ya conoc\u00edamos este tipo de aros, pero estos son ejemplares antiguos, que conectan Escandinavia, y especialmente Aarhus, a Oriente y Occidente&#8221;, subray\u00f3.<\/p>\n<\/blockquote>\n\n\n\n<h2 class=\"wp-block-heading\">Redes comerciales vikingas desde Groenlandia<\/h2>\n\n\n\n<p>En su apogeo, las redes comerciales vikingas se extend\u00edan desde Groenlandia y los confines de Am\u00e9rica del Norte hasta Turqu\u00eda y Asia Central.<\/p>\n\n\n\n<p>Un estudiante de arqueolog\u00eda, equipado con un detector de metales, realiz\u00f3 el hallazgo la pasada primavera boreal.&nbsp;<\/p>\n\n\n\n<p>Gustav Bruunsgaard, de 22 a\u00f1os, encontr\u00f3 una primera pulsera en un sitio al norte de Aarhus, segunda ciudad del pa\u00eds. Unos d\u00edas despu\u00e9s, regres\u00f3 y descubri\u00f3 las otras seis joyas.<\/p>\n\n\n\n<blockquote class=\"wp-block-quote is-layout-flow wp-block-quote-is-layout-flow\">\n<p>Hemos realizado una excavaci\u00f3n en el sitio donde fueron hallados, pero no hemos descubierto ning\u00fan otro objeto, por lo que suponemos que alguien los enterr\u00f3 para esconderlos y nunca los recuper\u00f3&#8221;, concluy\u00f3 Andersen.<\/p>\n<\/blockquote>\n","protected":false},"excerpt":{"rendered":"<p>Siete brazaletes de plata de la era vikinga, que dan cuenta de los abundantes v\u00ednculos entre Escandinavia y el resto del mundo, fueron hallados en el oeste de Dinamarca, anunci\u00f3 el lunes un museo de Aarhus, donde est\u00e1n expuestos. Es la primera vez que encontramos un tesoro de este tipo tan cerca de Aarhus. Es [&hellip;]<\/p>\n","protected":false},"author":1,"featured_media":21884,"comment_status":"closed","ping_status":"closed","sticky":false,"template":"","format":"aside","meta":{"googlesitekit_rrm_CAowytPeCw:productID":"","footnotes":""},"categories":[8],"tags":[8610,1324,6835],"class_list":["post-21883","post","type-post","status-publish","format-aside","has-post-thumbnail","hentry","category-internacional","tag-brazalete","tag-dinamarca","tag-hallan","post_format-post-format-aside"],"yoast_head":"<!-- This site is optimized with the Yoast SEO plugin v27.4 - https:\/\/yoast.com\/product\/yoast-seo-wordpress\/ -->\n<title>Hallan brazaletes de plata en tesoro vikingo milenario en Dinamarca<\/title>\n<meta name=\"description\" content=\"Siete brazaletes de plata de la era vikinga, que dan cuenta de los abundantes v\u00ednculos entre Escandinavia y el resto del mundo, fueron hallados en el oeste de Dinamarca, anunci\u00f3 el lunes un museo de Aarhus, donde est\u00e1n expuestos.\" \/>\n<meta name=\"robots\" content=\"index, follow, max-snippet:-1, max-image-preview:large, max-video-preview:-1\" \/>\n<link rel=\"canonical\" href=\"https:\/\/conexionnacional.mx\/index.php\/2024\/08\/19\/hallan-brazaletes-de-plata-en-tesoro-vikingo-milenario-en-dinamarca\/\" \/>\n<meta property=\"og:locale\" content=\"es_MX\" \/>\n<meta property=\"og:type\" content=\"article\" \/>\n<meta property=\"og:title\" content=\"Hallan brazaletes de plata en tesoro vikingo milenario en Dinamarca\" \/>\n<meta property=\"og:description\" content=\"Siete brazaletes de plata de la era vikinga, que dan cuenta de los abundantes v\u00ednculos entre Escandinavia y el resto del mundo, fueron hallados en el oeste de Dinamarca, anunci\u00f3 el lunes un museo de Aarhus, donde est\u00e1n expuestos.\" \/>\n<meta property=\"og:url\" content=\"https:\/\/conexionnacional.mx\/index.php\/2024\/08\/19\/hallan-brazaletes-de-plata-en-tesoro-vikingo-milenario-en-dinamarca\/\" \/>\n<meta property=\"og:site_name\" content=\"Conexi\u00f3n Nacional\" \/>\n<meta property=\"article:publisher\" content=\"https:\/\/www.facebook.com\/cnmxradio\" \/>\n<meta property=\"article:published_time\" content=\"2024-08-19T23:45:38+00:00\" \/>\n<meta property=\"article:modified_time\" content=\"2024-08-19T23:45:40+00:00\" \/>\n<meta property=\"og:image\" content=\"https:\/\/conexionnacional.mx\/wp-content\/uploads\/2024\/08\/3165440.jpg\" \/>\n\t<meta property=\"og:image:width\" content=\"800\" \/>\n\t<meta property=\"og:image:height\" content=\"600\" \/>\n\t<meta property=\"og:image:type\" content=\"image\/jpeg\" \/>\n<meta name=\"author\" content=\"Conexi\u00f3n Nacional\" \/>\n<meta name=\"twitter:card\" content=\"summary_large_image\" \/>\n<meta name=\"twitter:label1\" content=\"Escrito por\" \/>\n\t<meta name=\"twitter:data1\" content=\"Conexi\u00f3n Nacional\" \/>\n\t<meta name=\"twitter:label2\" content=\"Tiempo de lectura\" \/>\n\t<meta name=\"twitter:data2\" content=\"1 minuto\" \/>\n<script type=\"application\/ld+json\" class=\"yoast-schema-graph\">{\"@context\":\"https:\\\/\\\/schema.org\",\"@graph\":[{\"@type\":\"Article\",\"@id\":\"https:\\\/\\\/conexionnacional.mx\\\/index.php\\\/2024\\\/08\\\/19\\\/hallan-brazaletes-de-plata-en-tesoro-vikingo-milenario-en-dinamarca\\\/#article\",\"isPartOf\":{\"@id\":\"https:\\\/\\\/conexionnacional.mx\\\/index.php\\\/2024\\\/08\\\/19\\\/hallan-brazaletes-de-plata-en-tesoro-vikingo-milenario-en-dinamarca\\\/\"},\"author\":{\"name\":\"Conexi\u00f3n Nacional\",\"@id\":\"https:\\\/\\\/conexionnacional.mx\\\/#\\\/schema\\\/person\\\/dd14aeda902120f5e0e021903fdb6931\"},\"headline\":\"Hallan brazaletes de plata en tesoro vikingo milenario en Dinamarca\",\"datePublished\":\"2024-08-19T23:45:38+00:00\",\"dateModified\":\"2024-08-19T23:45:40+00:00\",\"mainEntityOfPage\":{\"@id\":\"https:\\\/\\\/conexionnacional.mx\\\/index.php\\\/2024\\\/08\\\/19\\\/hallan-brazaletes-de-plata-en-tesoro-vikingo-milenario-en-dinamarca\\\/\"},\"wordCount\":324,\"publisher\":{\"@id\":\"https:\\\/\\\/conexionnacional.mx\\\/#organization\"},\"image\":{\"@id\":\"https:\\\/\\\/conexionnacional.mx\\\/index.php\\\/2024\\\/08\\\/19\\\/hallan-brazaletes-de-plata-en-tesoro-vikingo-milenario-en-dinamarca\\\/#primaryimage\"},\"thumbnailUrl\":\"https:\\\/\\\/conexionnacional.mx\\\/wp-content\\\/uploads\\\/2024\\\/08\\\/3165440.jpg\",\"keywords\":[\"Brazalete\",\"dinamarca\",\"Hallan\"],\"articleSection\":[\"Internacional\"],\"inLanguage\":\"es\"},{\"@type\":\"WebPage\",\"@id\":\"https:\\\/\\\/conexionnacional.mx\\\/index.php\\\/2024\\\/08\\\/19\\\/hallan-brazaletes-de-plata-en-tesoro-vikingo-milenario-en-dinamarca\\\/\",\"url\":\"https:\\\/\\\/conexionnacional.mx\\\/index.php\\\/2024\\\/08\\\/19\\\/hallan-brazaletes-de-plata-en-tesoro-vikingo-milenario-en-dinamarca\\\/\",\"name\":\"Hallan brazaletes de plata en tesoro vikingo milenario en Dinamarca\",\"isPartOf\":{\"@id\":\"https:\\\/\\\/conexionnacional.mx\\\/#website\"},\"primaryImageOfPage\":{\"@id\":\"https:\\\/\\\/conexionnacional.mx\\\/index.php\\\/2024\\\/08\\\/19\\\/hallan-brazaletes-de-plata-en-tesoro-vikingo-milenario-en-dinamarca\\\/#primaryimage\"},\"image\":{\"@id\":\"https:\\\/\\\/conexionnacional.mx\\\/index.php\\\/2024\\\/08\\\/19\\\/hallan-brazaletes-de-plata-en-tesoro-vikingo-milenario-en-dinamarca\\\/#primaryimage\"},\"thumbnailUrl\":\"https:\\\/\\\/conexionnacional.mx\\\/wp-content\\\/uploads\\\/2024\\\/08\\\/3165440.jpg\",\"datePublished\":\"2024-08-19T23:45:38+00:00\",\"dateModified\":\"2024-08-19T23:45:40+00:00\",\"description\":\"Siete brazaletes de plata de la era vikinga, que dan cuenta de los abundantes v\u00ednculos entre Escandinavia y el resto del mundo, fueron hallados en el oeste de Dinamarca, anunci\u00f3 el lunes un museo de Aarhus, donde est\u00e1n expuestos.\",\"breadcrumb\":{\"@id\":\"https:\\\/\\\/conexionnacional.mx\\\/index.php\\\/2024\\\/08\\\/19\\\/hallan-brazaletes-de-plata-en-tesoro-vikingo-milenario-en-dinamarca\\\/#breadcrumb\"},\"inLanguage\":\"es\",\"potentialAction\":[{\"@type\":\"ReadAction\",\"target\":[\"https:\\\/\\\/conexionnacional.mx\\\/index.php\\\/2024\\\/08\\\/19\\\/hallan-brazaletes-de-plata-en-tesoro-vikingo-milenario-en-dinamarca\\\/\"]}]},{\"@type\":\"ImageObject\",\"inLanguage\":\"es\",\"@id\":\"https:\\\/\\\/conexionnacional.mx\\\/index.php\\\/2024\\\/08\\\/19\\\/hallan-brazaletes-de-plata-en-tesoro-vikingo-milenario-en-dinamarca\\\/#primaryimage\",\"url\":\"https:\\\/\\\/conexionnacional.mx\\\/wp-content\\\/uploads\\\/2024\\\/08\\\/3165440.jpg\",\"contentUrl\":\"https:\\\/\\\/conexionnacional.mx\\\/wp-content\\\/uploads\\\/2024\\\/08\\\/3165440.jpg\",\"width\":800,\"height\":600},{\"@type\":\"BreadcrumbList\",\"@id\":\"https:\\\/\\\/conexionnacional.mx\\\/index.php\\\/2024\\\/08\\\/19\\\/hallan-brazaletes-de-plata-en-tesoro-vikingo-milenario-en-dinamarca\\\/#breadcrumb\",\"itemListElement\":[{\"@type\":\"ListItem\",\"position\":1,\"name\":\"Inicio\",\"item\":\"https:\\\/\\\/conexionnacional.mx\\\/\"},{\"@type\":\"ListItem\",\"position\":2,\"name\":\"Hallan brazaletes de plata en tesoro vikingo milenario en Dinamarca\"}]},{\"@type\":\"WebSite\",\"@id\":\"https:\\\/\\\/conexionnacional.mx\\\/#website\",\"url\":\"https:\\\/\\\/conexionnacional.mx\\\/\",\"name\":\"Conexi\u00f3n Nacional\",\"description\":\"Noticias al momento\",\"publisher\":{\"@id\":\"https:\\\/\\\/conexionnacional.mx\\\/#organization\"},\"alternateName\":\"Noticias nacionales\",\"potentialAction\":[{\"@type\":\"SearchAction\",\"target\":{\"@type\":\"EntryPoint\",\"urlTemplate\":\"https:\\\/\\\/conexionnacional.mx\\\/?s={search_term_string}\"},\"query-input\":{\"@type\":\"PropertyValueSpecification\",\"valueRequired\":true,\"valueName\":\"search_term_string\"}}],\"inLanguage\":\"es\"},{\"@type\":\"Organization\",\"@id\":\"https:\\\/\\\/conexionnacional.mx\\\/#organization\",\"name\":\"Conexi\u00f3n Nacional\",\"url\":\"https:\\\/\\\/conexionnacional.mx\\\/\",\"logo\":{\"@type\":\"ImageObject\",\"inLanguage\":\"es\",\"@id\":\"https:\\\/\\\/conexionnacional.mx\\\/#\\\/schema\\\/logo\\\/image\\\/\",\"url\":\"https:\\\/\\\/conexionnacional.mx\\\/wp-content\\\/uploads\\\/2022\\\/09\\\/conexion_nacional.png\",\"contentUrl\":\"https:\\\/\\\/conexionnacional.mx\\\/wp-content\\\/uploads\\\/2022\\\/09\\\/conexion_nacional.png\",\"width\":2964,\"height\":1173,\"caption\":\"Conexi\u00f3n Nacional\"},\"image\":{\"@id\":\"https:\\\/\\\/conexionnacional.mx\\\/#\\\/schema\\\/logo\\\/image\\\/\"},\"sameAs\":[\"https:\\\/\\\/www.facebook.com\\\/cnmxradio\"]},{\"@type\":\"Person\",\"@id\":\"https:\\\/\\\/conexionnacional.mx\\\/#\\\/schema\\\/person\\\/dd14aeda902120f5e0e021903fdb6931\",\"name\":\"Conexi\u00f3n Nacional\",\"image\":{\"@type\":\"ImageObject\",\"inLanguage\":\"es\",\"@id\":\"https:\\\/\\\/secure.gravatar.com\\\/avatar\\\/e523100f284110b2ecca7e17b2be9cf140a5e8f35294c9ec0543e6916cc1f9be?s=96&d=blank&r=g\",\"url\":\"https:\\\/\\\/secure.gravatar.com\\\/avatar\\\/e523100f284110b2ecca7e17b2be9cf140a5e8f35294c9ec0543e6916cc1f9be?s=96&d=blank&r=g\",\"contentUrl\":\"https:\\\/\\\/secure.gravatar.com\\\/avatar\\\/e523100f284110b2ecca7e17b2be9cf140a5e8f35294c9ec0543e6916cc1f9be?s=96&d=blank&r=g\",\"caption\":\"Conexi\u00f3n Nacional\"},\"sameAs\":[\"https:\\\/\\\/conexionnacional.mx\"],\"url\":\"https:\\\/\\\/conexionnacional.mx\\\/index.php\\\/author\\\/administrador\\\/\"}]}<\/script>\n<!-- \/ Yoast SEO plugin. -->","yoast_head_json":{"title":"Hallan brazaletes de plata en tesoro vikingo milenario en Dinamarca","description":"Siete brazaletes de plata de la era vikinga, que dan cuenta de los abundantes v\u00ednculos entre Escandinavia y el resto del mundo, fueron hallados en el oeste de Dinamarca, anunci\u00f3 el lunes un museo de Aarhus, donde est\u00e1n expuestos.","robots":{"index":"index","follow":"follow","max-snippet":"max-snippet:-1","max-image-preview":"max-image-preview:large","max-video-preview":"max-video-preview:-1"},"canonical":"https:\/\/conexionnacional.mx\/index.php\/2024\/08\/19\/hallan-brazaletes-de-plata-en-tesoro-vikingo-milenario-en-dinamarca\/","og_locale":"es_MX","og_type":"article","og_title":"Hallan brazaletes de plata en tesoro vikingo milenario en Dinamarca","og_description":"Siete brazaletes de plata de la era vikinga, que dan cuenta de los abundantes v\u00ednculos entre Escandinavia y el resto del mundo, fueron hallados en el oeste de Dinamarca, anunci\u00f3 el lunes un museo de Aarhus, donde est\u00e1n expuestos.","og_url":"https:\/\/conexionnacional.mx\/index.php\/2024\/08\/19\/hallan-brazaletes-de-plata-en-tesoro-vikingo-milenario-en-dinamarca\/","og_site_name":"Conexi\u00f3n Nacional","article_publisher":"https:\/\/www.facebook.com\/cnmxradio","article_published_time":"2024-08-19T23:45:38+00:00","article_modified_time":"2024-08-19T23:45:40+00:00","og_image":[{"width":800,"height":600,"url":"https:\/\/conexionnacional.mx\/wp-content\/uploads\/2024\/08\/3165440.jpg","type":"image\/jpeg"}],"author":"Conexi\u00f3n Nacional","twitter_card":"summary_large_image","twitter_misc":{"Escrito por":"Conexi\u00f3n Nacional","Tiempo de lectura":"1 minuto"},"schema":{"@context":"https:\/\/schema.org","@graph":[{"@type":"Article","@id":"https:\/\/conexionnacional.mx\/index.php\/2024\/08\/19\/hallan-brazaletes-de-plata-en-tesoro-vikingo-milenario-en-dinamarca\/#article","isPartOf":{"@id":"https:\/\/conexionnacional.mx\/index.php\/2024\/08\/19\/hallan-brazaletes-de-plata-en-tesoro-vikingo-milenario-en-dinamarca\/"},"author":{"name":"Conexi\u00f3n Nacional","@id":"https:\/\/conexionnacional.mx\/#\/schema\/person\/dd14aeda902120f5e0e021903fdb6931"},"headline":"Hallan brazaletes de plata en tesoro vikingo milenario en Dinamarca","datePublished":"2024-08-19T23:45:38+00:00","dateModified":"2024-08-19T23:45:40+00:00","mainEntityOfPage":{"@id":"https:\/\/conexionnacional.mx\/index.php\/2024\/08\/19\/hallan-brazaletes-de-plata-en-tesoro-vikingo-milenario-en-dinamarca\/"},"wordCount":324,"publisher":{"@id":"https:\/\/conexionnacional.mx\/#organization"},"image":{"@id":"https:\/\/conexionnacional.mx\/index.php\/2024\/08\/19\/hallan-brazaletes-de-plata-en-tesoro-vikingo-milenario-en-dinamarca\/#primaryimage"},"thumbnailUrl":"https:\/\/conexionnacional.mx\/wp-content\/uploads\/2024\/08\/3165440.jpg","keywords":["Brazalete","dinamarca","Hallan"],"articleSection":["Internacional"],"inLanguage":"es"},{"@type":"WebPage","@id":"https:\/\/conexionnacional.mx\/index.php\/2024\/08\/19\/hallan-brazaletes-de-plata-en-tesoro-vikingo-milenario-en-dinamarca\/","url":"https:\/\/conexionnacional.mx\/index.php\/2024\/08\/19\/hallan-brazaletes-de-plata-en-tesoro-vikingo-milenario-en-dinamarca\/","name":"Hallan brazaletes de plata en tesoro vikingo milenario en Dinamarca","isPartOf":{"@id":"https:\/\/conexionnacional.mx\/#website"},"primaryImageOfPage":{"@id":"https:\/\/conexionnacional.mx\/index.php\/2024\/08\/19\/hallan-brazaletes-de-plata-en-tesoro-vikingo-milenario-en-dinamarca\/#primaryimage"},"image":{"@id":"https:\/\/conexionnacional.mx\/index.php\/2024\/08\/19\/hallan-brazaletes-de-plata-en-tesoro-vikingo-milenario-en-dinamarca\/#primaryimage"},"thumbnailUrl":"https:\/\/conexionnacional.mx\/wp-content\/uploads\/2024\/08\/3165440.jpg","datePublished":"2024-08-19T23:45:38+00:00","dateModified":"2024-08-19T23:45:40+00:00","description":"Siete brazaletes de plata de la era vikinga, que dan cuenta de los abundantes v\u00ednculos entre Escandinavia y el resto del mundo, fueron hallados en el oeste de Dinamarca, anunci\u00f3 el lunes un museo de Aarhus, donde est\u00e1n expuestos.","breadcrumb":{"@id":"https:\/\/conexionnacional.mx\/index.php\/2024\/08\/19\/hallan-brazaletes-de-plata-en-tesoro-vikingo-milenario-en-dinamarca\/#breadcrumb"},"inLanguage":"es","potentialAction":[{"@type":"ReadAction","target":["https:\/\/conexionnacional.mx\/index.php\/2024\/08\/19\/hallan-brazaletes-de-plata-en-tesoro-vikingo-milenario-en-dinamarca\/"]}]},{"@type":"ImageObject","inLanguage":"es","@id":"https:\/\/conexionnacional.mx\/index.php\/2024\/08\/19\/hallan-brazaletes-de-plata-en-tesoro-vikingo-milenario-en-dinamarca\/#primaryimage","url":"https:\/\/conexionnacional.mx\/wp-content\/uploads\/2024\/08\/3165440.jpg","contentUrl":"https:\/\/conexionnacional.mx\/wp-content\/uploads\/2024\/08\/3165440.jpg","width":800,"height":600},{"@type":"BreadcrumbList","@id":"https:\/\/conexionnacional.mx\/index.php\/2024\/08\/19\/hallan-brazaletes-de-plata-en-tesoro-vikingo-milenario-en-dinamarca\/#breadcrumb","itemListElement":[{"@type":"ListItem","position":1,"name":"Inicio","item":"https:\/\/conexionnacional.mx\/"},{"@type":"ListItem","position":2,"name":"Hallan brazaletes de plata en tesoro vikingo milenario en Dinamarca"}]},{"@type":"WebSite","@id":"https:\/\/conexionnacional.mx\/#website","url":"https:\/\/conexionnacional.mx\/","name":"Conexi\u00f3n Nacional","description":"Noticias al momento","publisher":{"@id":"https:\/\/conexionnacional.mx\/#organization"},"alternateName":"Noticias nacionales","potentialAction":[{"@type":"SearchAction","target":{"@type":"EntryPoint","urlTemplate":"https:\/\/conexionnacional.mx\/?s={search_term_string}"},"query-input":{"@type":"PropertyValueSpecification","valueRequired":true,"valueName":"search_term_string"}}],"inLanguage":"es"},{"@type":"Organization","@id":"https:\/\/conexionnacional.mx\/#organization","name":"Conexi\u00f3n Nacional","url":"https:\/\/conexionnacional.mx\/","logo":{"@type":"ImageObject","inLanguage":"es","@id":"https:\/\/conexionnacional.mx\/#\/schema\/logo\/image\/","url":"https:\/\/conexionnacional.mx\/wp-content\/uploads\/2022\/09\/conexion_nacional.png","contentUrl":"https:\/\/conexionnacional.mx\/wp-content\/uploads\/2022\/09\/conexion_nacional.png","width":2964,"height":1173,"caption":"Conexi\u00f3n Nacional"},"image":{"@id":"https:\/\/conexionnacional.mx\/#\/schema\/logo\/image\/"},"sameAs":["https:\/\/www.facebook.com\/cnmxradio"]},{"@type":"Person","@id":"https:\/\/conexionnacional.mx\/#\/schema\/person\/dd14aeda902120f5e0e021903fdb6931","name":"Conexi\u00f3n Nacional","image":{"@type":"ImageObject","inLanguage":"es","@id":"https:\/\/secure.gravatar.com\/avatar\/e523100f284110b2ecca7e17b2be9cf140a5e8f35294c9ec0543e6916cc1f9be?s=96&d=blank&r=g","url":"https:\/\/secure.gravatar.com\/avatar\/e523100f284110b2ecca7e17b2be9cf140a5e8f35294c9ec0543e6916cc1f9be?s=96&d=blank&r=g","contentUrl":"https:\/\/secure.gravatar.com\/avatar\/e523100f284110b2ecca7e17b2be9cf140a5e8f35294c9ec0543e6916cc1f9be?s=96&d=blank&r=g","caption":"Conexi\u00f3n Nacional"},"sameAs":["https:\/\/conexionnacional.mx"],"url":"https:\/\/conexionnacional.mx\/index.php\/author\/administrador\/"}]}},"_links":{"self":[{"href":"https:\/\/conexionnacional.mx\/index.php\/wp-json\/wp\/v2\/posts\/21883","targetHints":{"allow":["GET"]}}],"collection":[{"href":"https:\/\/conexionnacional.mx\/index.php\/wp-json\/wp\/v2\/posts"}],"about":[{"href":"https:\/\/conexionnacional.mx\/index.php\/wp-json\/wp\/v2\/types\/post"}],"author":[{"embeddable":true,"href":"https:\/\/conexionnacional.mx\/index.php\/wp-json\/wp\/v2\/users\/1"}],"replies":[{"embeddable":true,"href":"https:\/\/conexionnacional.mx\/index.php\/wp-json\/wp\/v2\/comments?post=21883"}],"version-history":[{"count":1,"href":"https:\/\/conexionnacional.mx\/index.php\/wp-json\/wp\/v2\/posts\/21883\/revisions"}],"predecessor-version":[{"id":21885,"href":"https:\/\/conexionnacional.mx\/index.php\/wp-json\/wp\/v2\/posts\/21883\/revisions\/21885"}],"wp:featuredmedia":[{"embeddable":true,"href":"https:\/\/conexionnacional.mx\/index.php\/wp-json\/wp\/v2\/media\/21884"}],"wp:attachment":[{"href":"https:\/\/conexionnacional.mx\/index.php\/wp-json\/wp\/v2\/media?parent=21883"}],"wp:term":[{"taxonomy":"category","embeddable":true,"href":"https:\/\/conexionnacional.mx\/index.php\/wp-json\/wp\/v2\/categories?post=21883"},{"taxonomy":"post_tag","embeddable":true,"href":"https:\/\/conexionnacional.mx\/index.php\/wp-json\/wp\/v2\/tags?post=21883"}],"curies":[{"name":"wp","href":"https:\/\/api.w.org\/{rel}","templated":true}]}}