{"id":21880,"date":"2024-08-19T17:41:58","date_gmt":"2024-08-19T23:41:58","guid":{"rendered":"https:\/\/conexionnacional.mx\/?p=21880"},"modified":"2024-08-19T17:41:59","modified_gmt":"2024-08-19T23:41:59","slug":"tiktoker-japones-capta-intento-de-asalto-en-cdmx-el-fue-la-victima","status":"publish","type":"post","link":"https:\/\/conexionnacional.mx\/index.php\/2024\/08\/19\/tiktoker-japones-capta-intento-de-asalto-en-cdmx-el-fue-la-victima\/","title":{"rendered":"Tiktoker japon\u00e9s capta intento de asalto en CDMX; \u00e9l fue la v\u00edctima"},"content":{"rendered":"\n<p>La\u00a0<strong>Ciudad de M\u00e9xico<\/strong>\u00a0(<strong>CDMX<\/strong>)\u00a0ha lidiado con problemas de\u00a0<strong>inseguridad<\/strong>\u00a0durante a\u00f1os, y la situaci\u00f3n parece no mejorar. Ejemplo de ello fue el reciente incidente captado por un\u00a0<strong>tiktoker<\/strong>\u00a0japon\u00e9s, quien experiment\u00f3 un intento de\u00a0<strong>asalto<\/strong>\u00a0mientras exploraba las calles de la capital.<\/p>\n\n\n\n<figure class=\"wp-block-image\"><img decoding=\"async\" src=\"data:image\/gif;base64,R0lGODlhAQABAAAAACH5BAEKAAEALAAAAAABAAEAAAICTAEAOw==\" data-src=\"https:\/\/cdn2.excelsior.com.mx\/media\/inside-the-note\/pictures\/2024\/08\/19\/tiktoker_japones_capta_intento_asalto_cdmx_video.jpg\" alt=\"Tiktoker Yu siendo asaltado en calles de CDMX y hombre con paliacate en rostro\/Tiktok @yuenmexico\" class=\"lazyload\" title=\"\"\/><\/figure>\n\n\n\n<p>El&nbsp;<strong>video<\/strong>, publicado y captado por un&nbsp;<strong>tiktoker<\/strong>&nbsp;japon\u00e9s en M\u00e9xico, muestra de manera impactante un intento de&nbsp;<strong>asalto<\/strong>&nbsp;en una de las muchas avenidas bulliciosas de la&nbsp;<strong>CDMX<\/strong>. La situaci\u00f3n no solo destaca la preocupante realidad de la&nbsp;<strong>inseguridad<\/strong>&nbsp;en la ciudad, sino que tambi\u00e9n ilustra c\u00f3mo las redes sociales pueden servir como una herramienta poderosa para documentar y exponer tales incidentes.<\/p>\n\n\n\n<h2 class=\"wp-block-heading\">As\u00ed&nbsp;<strong>capt\u00f3<\/strong>&nbsp;<strong>asalto<\/strong>&nbsp;en&nbsp;<strong>CDMX<\/strong>&nbsp;el&nbsp;<strong>tiktoker<\/strong>&nbsp;japon\u00e9s<\/h2>\n\n\n\n<p>El&nbsp;<strong>tiktoker<\/strong>&nbsp;japon\u00e9s, conocido en la plataforma como \u2018<strong>Yu<\/strong>\u2019 y con m\u00e1s de 27 mil seguidores,&nbsp;<strong>capt\u00f3<\/strong>&nbsp;un momento inquietante mientras caminaba por las calles de la&nbsp;<strong>CDMX<\/strong>.<\/p>\n\n\n\n<p>En el&nbsp;<strong>video<\/strong>&nbsp;<strong>viral<\/strong>&nbsp;que ha circulado por internet, se observa a&nbsp;<strong>Yu<\/strong>&nbsp;grab\u00e1ndose mientras explora la ciudad, disfrutando del ambiente y documentando su&nbsp;<strong>experiencia<\/strong>. Sin embargo, el tono del&nbsp;<strong>video<\/strong>&nbsp;cambi\u00f3 dr\u00e1sticamente cuando un hombre con una camisa azul y un paliacate en el cuello se acerc\u00f3 a \u00e9l.<\/p>\n\n\n\n<figure class=\"wp-block-image\"><img decoding=\"async\" src=\"data:image\/gif;base64,R0lGODlhAQABAAAAACH5BAEKAAEALAAAAAABAAEAAAICTAEAOw==\" data-src=\"https:\/\/cdn2.excelsior.com.mx\/media\/inside-the-note\/pictures\/2024\/08\/19\/captura_de_pantalla_2024-08-19_141359.png\" alt=\"Tiktoker Yu siendo asaltado en calles de CDMX y hombre con paliacate en rostro\/Tiktok @yuenmexico\" class=\"lazyload\" title=\"\"\/><\/figure>\n\n\n\n<p>El hombre se dirigi\u00f3 a&nbsp;<strong>Yu<\/strong>&nbsp;y le solicit\u00f3 una moneda, a lo que el&nbsp;<strong>tiktoker<\/strong>&nbsp;respondi\u00f3 educadamente que no lo pod\u00eda ayudar. Ante la negativa, el sujeto comenz\u00f3 a seguir a&nbsp;<strong>Yu<\/strong>&nbsp;y a emitir amenazas, insinuando que podr\u00eda ser v\u00edctima de un&nbsp;<strong>asalto<\/strong>.<\/p>\n\n\n\n<p>En un intento por ocultar su identidad, el agresor se cubri\u00f3 el rostro con un paliacate mientras continuaba su amenaza. La tensi\u00f3n disminuy\u00f3 cuando&nbsp;<strong>Yu<\/strong>, al percibir la amenaza inminente, decidi\u00f3 mantenerse firme y alzar la voz para defenderse.<\/p>\n\n\n\n<figure class=\"wp-block-embed is-type-video is-provider-tiktok wp-block-embed-tiktok\"><div class=\"wp-block-embed__wrapper\">\n<blockquote class=\"tiktok-embed\" cite=\"https:\/\/www.tiktok.com\/@yuenmexico\/video\/7402457081715985670\" data-video-id=\"7402457081715985670\" data-embed-from=\"oembed\" style=\"max-width:605px; min-width:325px;\"> <section> <a target=\"_blank\" title=\"@yuenmexico\" href=\"https:\/\/www.tiktok.com\/@yuenmexico?refer=embed\">@yuenmexico<\/a> <p><a title=\"livehighlights\" target=\"_blank\" href=\"https:\/\/www.tiktok.com\/tag\/livehighlights?refer=embed\">#LIVEhighlights<\/a> <a title=\"tiktoklive\" target=\"_blank\" href=\"https:\/\/www.tiktok.com\/tag\/tiktoklive?refer=embed\">#TikTokLIVE<\/a> <a title=\"live\" target=\"_blank\" href=\"https:\/\/www.tiktok.com\/tag\/live?refer=embed\">#LIVE<\/a> <\/p> <a target=\"_blank\" title=\"\u266c \u30aa\u30ea\u30b8\u30ca\u30eb\u697d\u66f2 - \ud83c\uddef\ud83c\uddf5Yuenmexico\ud83c\uddf2\ud83c\uddfd - \ud83c\uddef\ud83c\uddf5Yuenmexico\ud83c\uddf2\ud83c\uddfd\" href=\"https:\/\/www.tiktok.com\/music\/\u30aa\u30ea\u30b8\u30ca\u30eb\u697d\u66f2-\ud83c\uddef\ud83c\uddf5Yuenmexico\ud83c\uddf2\ud83c\uddfd-7402457097088781061?refer=embed\">\u266c \u30aa\u30ea\u30b8\u30ca\u30eb\u697d\u66f2 &#8211; \ud83c\uddef\ud83c\uddf5Yuenmexico\ud83c\uddf2\ud83c\uddfd &#8211; \ud83c\uddef\ud83c\uddf5Yuenmexico\ud83c\uddf2\ud83c\uddfd<\/a> <\/section> <\/blockquote> <script async src=\"https:\/\/www.tiktok.com\/embed.js\"><\/script>\n<\/div><\/figure>\n\n\n\n<h2 class=\"wp-block-heading\">Reencuentro inesperado:&nbsp;<strong>tiktoker<\/strong>&nbsp;encontrar\u00eda al mismo&nbsp;<strong>asaltante<\/strong><\/h2>\n\n\n\n<p>D\u00edas despu\u00e9s del tenso episodio,&nbsp;<strong>Yu<\/strong>&nbsp;subi\u00f3 otro&nbsp;<strong>video<\/strong>&nbsp;en su cuenta de&nbsp;<strong>TikTok<\/strong>&nbsp;que llam\u00f3 la atenci\u00f3n de sus seguidores y de los medios de comunicaci\u00f3n. En esta nueva grabaci\u00f3n, el creador de contenido parece que se encuentra en el Monumento a la Revoluci\u00f3n, un famoso punto de referencia en la&nbsp;<strong>CDMX<\/strong>.<\/p>\n\n\n\n<p>Mientras el&nbsp;<strong>tiktoker<\/strong>&nbsp;estaba sentado en el piso, un sujeto se acerc\u00f3 y le pidi\u00f3 dinero. La situaci\u00f3n se vuelve a\u00fan m\u00e1s tensa cuando el&nbsp;<strong>tiktoker<\/strong>&nbsp;decide huir r\u00e1pidamente para evitar cualquier confrontaci\u00f3n, ya que reconoci\u00f3 al individuo como el mismo hombre que intent\u00f3&nbsp;<strong>asaltarlo<\/strong>&nbsp;d\u00edas antes.<\/p>\n\n\n\n<p>El&nbsp;<strong>video<\/strong>&nbsp;del intento de&nbsp;<strong>asalto<\/strong>&nbsp;en&nbsp;<strong>CDMX<\/strong>&nbsp;ha generado una considerable cantidad de comentarios y discusiones en las redes sociales. Muchos usuarios han expresado su preocupaci\u00f3n por la seguridad en la ciudad y han compartido sus propias experiencias con la delincuencia.<\/p>\n\n\n\n<blockquote class=\"wp-block-quote is-layout-flow wp-block-quote-is-layout-flow\">\n<p>\u201cTen mucho cuidado&nbsp;<strong>Yu<\/strong>, en M\u00e9xico es peligroso\u201d, escribi\u00f3 un internauta.<\/p>\n<\/blockquote>\n\n\n\n<p>El caso del&nbsp;<strong>tiktoker<\/strong>&nbsp;japon\u00e9s&nbsp;<strong>Yu<\/strong>, al&nbsp;<strong>captar<\/strong>&nbsp;su&nbsp;<strong>experiencia<\/strong>&nbsp;de intento de&nbsp;<strong>asalto<\/strong>, no solo pone de manifiesto la&nbsp;<strong>inseguridad<\/strong>&nbsp;en la&nbsp;<strong>Ciudad de M\u00e9xico<\/strong>, sino tambi\u00e9n el papel que juegan las redes sociales en la visibilidad de estos problemas.<\/p>\n\n\n\n<figure class=\"wp-block-embed is-type-video is-provider-tiktok wp-block-embed-tiktok\"><div class=\"wp-block-embed__wrapper\">\n<blockquote class=\"tiktok-embed\" cite=\"https:\/\/www.tiktok.com\/@yuenmexico\/video\/7403259194067176710\" data-video-id=\"7403259194067176710\" data-embed-from=\"oembed\" style=\"max-width:605px; min-width:325px;\"> <section> <a target=\"_blank\" title=\"@yuenmexico\" href=\"https:\/\/www.tiktok.com\/@yuenmexico?refer=embed\">@yuenmexico<\/a> <p><a title=\"livehighlights\" target=\"_blank\" href=\"https:\/\/www.tiktok.com\/tag\/livehighlights?refer=embed\">#LIVEhighlights<\/a> <a title=\"tiktoklive\" target=\"_blank\" href=\"https:\/\/www.tiktok.com\/tag\/tiktoklive?refer=embed\">#TikTokLIVE<\/a> <a title=\"live\" target=\"_blank\" href=\"https:\/\/www.tiktok.com\/tag\/live?refer=embed\">#LIVE<\/a> <\/p> <a target=\"_blank\" title=\"\u266c \u30aa\u30ea\u30b8\u30ca\u30eb\u697d\u66f2 - \ud83c\uddef\ud83c\uddf5Yuenmexico\ud83c\uddf2\ud83c\uddfd - \ud83c\uddef\ud83c\uddf5Yuenmexico\ud83c\uddf2\ud83c\uddfd\" href=\"https:\/\/www.tiktok.com\/music\/\u30aa\u30ea\u30b8\u30ca\u30eb\u697d\u66f2-\ud83c\uddef\ud83c\uddf5Yuenmexico\ud83c\uddf2\ud83c\uddfd-7403259213188696837?refer=embed\">\u266c \u30aa\u30ea\u30b8\u30ca\u30eb\u697d\u66f2 &#8211; \ud83c\uddef\ud83c\uddf5Yuenmexico\ud83c\uddf2\ud83c\uddfd &#8211; \ud83c\uddef\ud83c\uddf5Yuenmexico\ud83c\uddf2\ud83c\uddfd<\/a> <\/section> <\/blockquote> <script async src=\"https:\/\/www.tiktok.com\/embed.js\"><\/script>\n<\/div><\/figure>\n","protected":false},"excerpt":{"rendered":"<p>La\u00a0Ciudad de M\u00e9xico\u00a0(CDMX)\u00a0ha lidiado con problemas de\u00a0inseguridad\u00a0durante a\u00f1os, y la situaci\u00f3n parece no mejorar. Ejemplo de ello fue el reciente incidente captado por un\u00a0tiktoker\u00a0japon\u00e9s, quien experiment\u00f3 un intento de\u00a0asalto\u00a0mientras exploraba las calles de la capital. El&nbsp;video, publicado y captado por un&nbsp;tiktoker&nbsp;japon\u00e9s en M\u00e9xico, muestra de manera impactante un intento de&nbsp;asalto&nbsp;en una de las muchas avenidas [&hellip;]<\/p>\n","protected":false},"author":1,"featured_media":21881,"comment_status":"closed","ping_status":"closed","sticky":false,"template":"","format":"aside","meta":{"googlesitekit_rrm_CAowytPeCw:productID":"","footnotes":""},"categories":[5063],"tags":[2567,41,8609],"class_list":["post-21880","post","type-post","status-publish","format-aside","has-post-thumbnail","hentry","category-redes-sociales","tag-asaltan","tag-cdmx","tag-japones","post_format-post-format-aside"],"yoast_head":"<!-- This site is optimized with the Yoast SEO plugin v27.4 - https:\/\/yoast.com\/product\/yoast-seo-wordpress\/ -->\n<title>Tiktoker japon\u00e9s capta intento de asalto en CDMX; \u00e9l fue la v\u00edctima<\/title>\n<meta name=\"description\" content=\"La\u00a0Ciudad de M\u00e9xico\u00a0(CDMX)\u00a0ha lidiado con problemas de\u00a0inseguridad\u00a0durante a\u00f1os, y la situaci\u00f3n parece no mejorar. Ejemplo de ello fue el reciente incidente captado por un\u00a0tiktoker\u00a0japon\u00e9s, quien experiment\u00f3 un intento de\u00a0asalto\u00a0mientras exploraba las calles de la capital.\" \/>\n<meta name=\"robots\" content=\"index, follow, max-snippet:-1, max-image-preview:large, max-video-preview:-1\" \/>\n<link rel=\"canonical\" href=\"https:\/\/conexionnacional.mx\/index.php\/2024\/08\/19\/tiktoker-japones-capta-intento-de-asalto-en-cdmx-el-fue-la-victima\/\" \/>\n<meta property=\"og:locale\" content=\"es_MX\" \/>\n<meta property=\"og:type\" content=\"article\" \/>\n<meta property=\"og:title\" content=\"Tiktoker japon\u00e9s capta intento de asalto en CDMX; \u00e9l fue la v\u00edctima\" \/>\n<meta property=\"og:description\" content=\"La\u00a0Ciudad de M\u00e9xico\u00a0(CDMX)\u00a0ha lidiado con problemas de\u00a0inseguridad\u00a0durante a\u00f1os, y la situaci\u00f3n parece no mejorar. Ejemplo de ello fue el reciente incidente captado por un\u00a0tiktoker\u00a0japon\u00e9s, quien experiment\u00f3 un intento de\u00a0asalto\u00a0mientras exploraba las calles de la capital.\" \/>\n<meta property=\"og:url\" content=\"https:\/\/conexionnacional.mx\/index.php\/2024\/08\/19\/tiktoker-japones-capta-intento-de-asalto-en-cdmx-el-fue-la-victima\/\" \/>\n<meta property=\"og:site_name\" content=\"Conexi\u00f3n Nacional\" \/>\n<meta property=\"article:publisher\" content=\"https:\/\/www.facebook.com\/cnmxradio\" \/>\n<meta property=\"article:published_time\" content=\"2024-08-19T23:41:58+00:00\" \/>\n<meta property=\"article:modified_time\" content=\"2024-08-19T23:41:59+00:00\" \/>\n<meta property=\"og:image\" content=\"https:\/\/conexionnacional.mx\/wp-content\/uploads\/2024\/08\/3165630.jpg\" \/>\n\t<meta property=\"og:image:width\" content=\"800\" \/>\n\t<meta property=\"og:image:height\" content=\"600\" \/>\n\t<meta property=\"og:image:type\" content=\"image\/jpeg\" \/>\n<meta name=\"author\" content=\"Conexi\u00f3n Nacional\" \/>\n<meta name=\"twitter:card\" content=\"summary_large_image\" \/>\n<meta name=\"twitter:label1\" content=\"Escrito por\" \/>\n\t<meta name=\"twitter:data1\" content=\"Conexi\u00f3n Nacional\" \/>\n\t<meta name=\"twitter:label2\" content=\"Tiempo de lectura\" \/>\n\t<meta name=\"twitter:data2\" content=\"3 minutos\" \/>\n<script type=\"application\/ld+json\" class=\"yoast-schema-graph\">{\"@context\":\"https:\\\/\\\/schema.org\",\"@graph\":[{\"@type\":\"Article\",\"@id\":\"https:\\\/\\\/conexionnacional.mx\\\/index.php\\\/2024\\\/08\\\/19\\\/tiktoker-japones-capta-intento-de-asalto-en-cdmx-el-fue-la-victima\\\/#article\",\"isPartOf\":{\"@id\":\"https:\\\/\\\/conexionnacional.mx\\\/index.php\\\/2024\\\/08\\\/19\\\/tiktoker-japones-capta-intento-de-asalto-en-cdmx-el-fue-la-victima\\\/\"},\"author\":{\"name\":\"Conexi\u00f3n Nacional\",\"@id\":\"https:\\\/\\\/conexionnacional.mx\\\/#\\\/schema\\\/person\\\/dd14aeda902120f5e0e021903fdb6931\"},\"headline\":\"Tiktoker japon\u00e9s capta intento de asalto en CDMX; \u00e9l fue la v\u00edctima\",\"datePublished\":\"2024-08-19T23:41:58+00:00\",\"dateModified\":\"2024-08-19T23:41:59+00:00\",\"mainEntityOfPage\":{\"@id\":\"https:\\\/\\\/conexionnacional.mx\\\/index.php\\\/2024\\\/08\\\/19\\\/tiktoker-japones-capta-intento-de-asalto-en-cdmx-el-fue-la-victima\\\/\"},\"wordCount\":609,\"publisher\":{\"@id\":\"https:\\\/\\\/conexionnacional.mx\\\/#organization\"},\"image\":{\"@id\":\"https:\\\/\\\/conexionnacional.mx\\\/index.php\\\/2024\\\/08\\\/19\\\/tiktoker-japones-capta-intento-de-asalto-en-cdmx-el-fue-la-victima\\\/#primaryimage\"},\"thumbnailUrl\":\"https:\\\/\\\/conexionnacional.mx\\\/wp-content\\\/uploads\\\/2024\\\/08\\\/3165630.jpg\",\"keywords\":[\"asaltan\",\"CDMX\",\"Japones\"],\"articleSection\":[\"Redes Sociales\"],\"inLanguage\":\"es\"},{\"@type\":\"WebPage\",\"@id\":\"https:\\\/\\\/conexionnacional.mx\\\/index.php\\\/2024\\\/08\\\/19\\\/tiktoker-japones-capta-intento-de-asalto-en-cdmx-el-fue-la-victima\\\/\",\"url\":\"https:\\\/\\\/conexionnacional.mx\\\/index.php\\\/2024\\\/08\\\/19\\\/tiktoker-japones-capta-intento-de-asalto-en-cdmx-el-fue-la-victima\\\/\",\"name\":\"Tiktoker japon\u00e9s capta intento de asalto en CDMX; \u00e9l fue la v\u00edctima\",\"isPartOf\":{\"@id\":\"https:\\\/\\\/conexionnacional.mx\\\/#website\"},\"primaryImageOfPage\":{\"@id\":\"https:\\\/\\\/conexionnacional.mx\\\/index.php\\\/2024\\\/08\\\/19\\\/tiktoker-japones-capta-intento-de-asalto-en-cdmx-el-fue-la-victima\\\/#primaryimage\"},\"image\":{\"@id\":\"https:\\\/\\\/conexionnacional.mx\\\/index.php\\\/2024\\\/08\\\/19\\\/tiktoker-japones-capta-intento-de-asalto-en-cdmx-el-fue-la-victima\\\/#primaryimage\"},\"thumbnailUrl\":\"https:\\\/\\\/conexionnacional.mx\\\/wp-content\\\/uploads\\\/2024\\\/08\\\/3165630.jpg\",\"datePublished\":\"2024-08-19T23:41:58+00:00\",\"dateModified\":\"2024-08-19T23:41:59+00:00\",\"description\":\"La\u00a0Ciudad de M\u00e9xico\u00a0(CDMX)\u00a0ha lidiado con problemas de\u00a0inseguridad\u00a0durante a\u00f1os, y la situaci\u00f3n parece no mejorar. Ejemplo de ello fue el reciente incidente captado por un\u00a0tiktoker\u00a0japon\u00e9s, quien experiment\u00f3 un intento de\u00a0asalto\u00a0mientras exploraba las calles de la capital.\",\"breadcrumb\":{\"@id\":\"https:\\\/\\\/conexionnacional.mx\\\/index.php\\\/2024\\\/08\\\/19\\\/tiktoker-japones-capta-intento-de-asalto-en-cdmx-el-fue-la-victima\\\/#breadcrumb\"},\"inLanguage\":\"es\",\"potentialAction\":[{\"@type\":\"ReadAction\",\"target\":[\"https:\\\/\\\/conexionnacional.mx\\\/index.php\\\/2024\\\/08\\\/19\\\/tiktoker-japones-capta-intento-de-asalto-en-cdmx-el-fue-la-victima\\\/\"]}]},{\"@type\":\"ImageObject\",\"inLanguage\":\"es\",\"@id\":\"https:\\\/\\\/conexionnacional.mx\\\/index.php\\\/2024\\\/08\\\/19\\\/tiktoker-japones-capta-intento-de-asalto-en-cdmx-el-fue-la-victima\\\/#primaryimage\",\"url\":\"https:\\\/\\\/conexionnacional.mx\\\/wp-content\\\/uploads\\\/2024\\\/08\\\/3165630.jpg\",\"contentUrl\":\"https:\\\/\\\/conexionnacional.mx\\\/wp-content\\\/uploads\\\/2024\\\/08\\\/3165630.jpg\",\"width\":800,\"height\":600},{\"@type\":\"BreadcrumbList\",\"@id\":\"https:\\\/\\\/conexionnacional.mx\\\/index.php\\\/2024\\\/08\\\/19\\\/tiktoker-japones-capta-intento-de-asalto-en-cdmx-el-fue-la-victima\\\/#breadcrumb\",\"itemListElement\":[{\"@type\":\"ListItem\",\"position\":1,\"name\":\"Inicio\",\"item\":\"https:\\\/\\\/conexionnacional.mx\\\/\"},{\"@type\":\"ListItem\",\"position\":2,\"name\":\"Tiktoker japon\u00e9s capta intento de asalto en CDMX; \u00e9l fue la v\u00edctima\"}]},{\"@type\":\"WebSite\",\"@id\":\"https:\\\/\\\/conexionnacional.mx\\\/#website\",\"url\":\"https:\\\/\\\/conexionnacional.mx\\\/\",\"name\":\"Conexi\u00f3n Nacional\",\"description\":\"Noticias al momento\",\"publisher\":{\"@id\":\"https:\\\/\\\/conexionnacional.mx\\\/#organization\"},\"alternateName\":\"Noticias nacionales\",\"potentialAction\":[{\"@type\":\"SearchAction\",\"target\":{\"@type\":\"EntryPoint\",\"urlTemplate\":\"https:\\\/\\\/conexionnacional.mx\\\/?s={search_term_string}\"},\"query-input\":{\"@type\":\"PropertyValueSpecification\",\"valueRequired\":true,\"valueName\":\"search_term_string\"}}],\"inLanguage\":\"es\"},{\"@type\":\"Organization\",\"@id\":\"https:\\\/\\\/conexionnacional.mx\\\/#organization\",\"name\":\"Conexi\u00f3n Nacional\",\"url\":\"https:\\\/\\\/conexionnacional.mx\\\/\",\"logo\":{\"@type\":\"ImageObject\",\"inLanguage\":\"es\",\"@id\":\"https:\\\/\\\/conexionnacional.mx\\\/#\\\/schema\\\/logo\\\/image\\\/\",\"url\":\"https:\\\/\\\/conexionnacional.mx\\\/wp-content\\\/uploads\\\/2022\\\/09\\\/conexion_nacional.png\",\"contentUrl\":\"https:\\\/\\\/conexionnacional.mx\\\/wp-content\\\/uploads\\\/2022\\\/09\\\/conexion_nacional.png\",\"width\":2964,\"height\":1173,\"caption\":\"Conexi\u00f3n Nacional\"},\"image\":{\"@id\":\"https:\\\/\\\/conexionnacional.mx\\\/#\\\/schema\\\/logo\\\/image\\\/\"},\"sameAs\":[\"https:\\\/\\\/www.facebook.com\\\/cnmxradio\"]},{\"@type\":\"Person\",\"@id\":\"https:\\\/\\\/conexionnacional.mx\\\/#\\\/schema\\\/person\\\/dd14aeda902120f5e0e021903fdb6931\",\"name\":\"Conexi\u00f3n Nacional\",\"image\":{\"@type\":\"ImageObject\",\"inLanguage\":\"es\",\"@id\":\"https:\\\/\\\/secure.gravatar.com\\\/avatar\\\/e523100f284110b2ecca7e17b2be9cf140a5e8f35294c9ec0543e6916cc1f9be?s=96&d=blank&r=g\",\"url\":\"https:\\\/\\\/secure.gravatar.com\\\/avatar\\\/e523100f284110b2ecca7e17b2be9cf140a5e8f35294c9ec0543e6916cc1f9be?s=96&d=blank&r=g\",\"contentUrl\":\"https:\\\/\\\/secure.gravatar.com\\\/avatar\\\/e523100f284110b2ecca7e17b2be9cf140a5e8f35294c9ec0543e6916cc1f9be?s=96&d=blank&r=g\",\"caption\":\"Conexi\u00f3n Nacional\"},\"sameAs\":[\"https:\\\/\\\/conexionnacional.mx\"],\"url\":\"https:\\\/\\\/conexionnacional.mx\\\/index.php\\\/author\\\/administrador\\\/\"}]}<\/script>\n<!-- \/ Yoast SEO plugin. -->","yoast_head_json":{"title":"Tiktoker japon\u00e9s capta intento de asalto en CDMX; \u00e9l fue la v\u00edctima","description":"La\u00a0Ciudad de M\u00e9xico\u00a0(CDMX)\u00a0ha lidiado con problemas de\u00a0inseguridad\u00a0durante a\u00f1os, y la situaci\u00f3n parece no mejorar. Ejemplo de ello fue el reciente incidente captado por un\u00a0tiktoker\u00a0japon\u00e9s, quien experiment\u00f3 un intento de\u00a0asalto\u00a0mientras exploraba las calles de la capital.","robots":{"index":"index","follow":"follow","max-snippet":"max-snippet:-1","max-image-preview":"max-image-preview:large","max-video-preview":"max-video-preview:-1"},"canonical":"https:\/\/conexionnacional.mx\/index.php\/2024\/08\/19\/tiktoker-japones-capta-intento-de-asalto-en-cdmx-el-fue-la-victima\/","og_locale":"es_MX","og_type":"article","og_title":"Tiktoker japon\u00e9s capta intento de asalto en CDMX; \u00e9l fue la v\u00edctima","og_description":"La\u00a0Ciudad de M\u00e9xico\u00a0(CDMX)\u00a0ha lidiado con problemas de\u00a0inseguridad\u00a0durante a\u00f1os, y la situaci\u00f3n parece no mejorar. Ejemplo de ello fue el reciente incidente captado por un\u00a0tiktoker\u00a0japon\u00e9s, quien experiment\u00f3 un intento de\u00a0asalto\u00a0mientras exploraba las calles de la capital.","og_url":"https:\/\/conexionnacional.mx\/index.php\/2024\/08\/19\/tiktoker-japones-capta-intento-de-asalto-en-cdmx-el-fue-la-victima\/","og_site_name":"Conexi\u00f3n Nacional","article_publisher":"https:\/\/www.facebook.com\/cnmxradio","article_published_time":"2024-08-19T23:41:58+00:00","article_modified_time":"2024-08-19T23:41:59+00:00","og_image":[{"width":800,"height":600,"url":"https:\/\/conexionnacional.mx\/wp-content\/uploads\/2024\/08\/3165630.jpg","type":"image\/jpeg"}],"author":"Conexi\u00f3n Nacional","twitter_card":"summary_large_image","twitter_misc":{"Escrito por":"Conexi\u00f3n Nacional","Tiempo de lectura":"3 minutos"},"schema":{"@context":"https:\/\/schema.org","@graph":[{"@type":"Article","@id":"https:\/\/conexionnacional.mx\/index.php\/2024\/08\/19\/tiktoker-japones-capta-intento-de-asalto-en-cdmx-el-fue-la-victima\/#article","isPartOf":{"@id":"https:\/\/conexionnacional.mx\/index.php\/2024\/08\/19\/tiktoker-japones-capta-intento-de-asalto-en-cdmx-el-fue-la-victima\/"},"author":{"name":"Conexi\u00f3n Nacional","@id":"https:\/\/conexionnacional.mx\/#\/schema\/person\/dd14aeda902120f5e0e021903fdb6931"},"headline":"Tiktoker japon\u00e9s capta intento de asalto en CDMX; \u00e9l fue la v\u00edctima","datePublished":"2024-08-19T23:41:58+00:00","dateModified":"2024-08-19T23:41:59+00:00","mainEntityOfPage":{"@id":"https:\/\/conexionnacional.mx\/index.php\/2024\/08\/19\/tiktoker-japones-capta-intento-de-asalto-en-cdmx-el-fue-la-victima\/"},"wordCount":609,"publisher":{"@id":"https:\/\/conexionnacional.mx\/#organization"},"image":{"@id":"https:\/\/conexionnacional.mx\/index.php\/2024\/08\/19\/tiktoker-japones-capta-intento-de-asalto-en-cdmx-el-fue-la-victima\/#primaryimage"},"thumbnailUrl":"https:\/\/conexionnacional.mx\/wp-content\/uploads\/2024\/08\/3165630.jpg","keywords":["asaltan","CDMX","Japones"],"articleSection":["Redes Sociales"],"inLanguage":"es"},{"@type":"WebPage","@id":"https:\/\/conexionnacional.mx\/index.php\/2024\/08\/19\/tiktoker-japones-capta-intento-de-asalto-en-cdmx-el-fue-la-victima\/","url":"https:\/\/conexionnacional.mx\/index.php\/2024\/08\/19\/tiktoker-japones-capta-intento-de-asalto-en-cdmx-el-fue-la-victima\/","name":"Tiktoker japon\u00e9s capta intento de asalto en CDMX; \u00e9l fue la v\u00edctima","isPartOf":{"@id":"https:\/\/conexionnacional.mx\/#website"},"primaryImageOfPage":{"@id":"https:\/\/conexionnacional.mx\/index.php\/2024\/08\/19\/tiktoker-japones-capta-intento-de-asalto-en-cdmx-el-fue-la-victima\/#primaryimage"},"image":{"@id":"https:\/\/conexionnacional.mx\/index.php\/2024\/08\/19\/tiktoker-japones-capta-intento-de-asalto-en-cdmx-el-fue-la-victima\/#primaryimage"},"thumbnailUrl":"https:\/\/conexionnacional.mx\/wp-content\/uploads\/2024\/08\/3165630.jpg","datePublished":"2024-08-19T23:41:58+00:00","dateModified":"2024-08-19T23:41:59+00:00","description":"La\u00a0Ciudad de M\u00e9xico\u00a0(CDMX)\u00a0ha lidiado con problemas de\u00a0inseguridad\u00a0durante a\u00f1os, y la situaci\u00f3n parece no mejorar. Ejemplo de ello fue el reciente incidente captado por un\u00a0tiktoker\u00a0japon\u00e9s, quien experiment\u00f3 un intento de\u00a0asalto\u00a0mientras exploraba las calles de la capital.","breadcrumb":{"@id":"https:\/\/conexionnacional.mx\/index.php\/2024\/08\/19\/tiktoker-japones-capta-intento-de-asalto-en-cdmx-el-fue-la-victima\/#breadcrumb"},"inLanguage":"es","potentialAction":[{"@type":"ReadAction","target":["https:\/\/conexionnacional.mx\/index.php\/2024\/08\/19\/tiktoker-japones-capta-intento-de-asalto-en-cdmx-el-fue-la-victima\/"]}]},{"@type":"ImageObject","inLanguage":"es","@id":"https:\/\/conexionnacional.mx\/index.php\/2024\/08\/19\/tiktoker-japones-capta-intento-de-asalto-en-cdmx-el-fue-la-victima\/#primaryimage","url":"https:\/\/conexionnacional.mx\/wp-content\/uploads\/2024\/08\/3165630.jpg","contentUrl":"https:\/\/conexionnacional.mx\/wp-content\/uploads\/2024\/08\/3165630.jpg","width":800,"height":600},{"@type":"BreadcrumbList","@id":"https:\/\/conexionnacional.mx\/index.php\/2024\/08\/19\/tiktoker-japones-capta-intento-de-asalto-en-cdmx-el-fue-la-victima\/#breadcrumb","itemListElement":[{"@type":"ListItem","position":1,"name":"Inicio","item":"https:\/\/conexionnacional.mx\/"},{"@type":"ListItem","position":2,"name":"Tiktoker japon\u00e9s capta intento de asalto en CDMX; \u00e9l fue la v\u00edctima"}]},{"@type":"WebSite","@id":"https:\/\/conexionnacional.mx\/#website","url":"https:\/\/conexionnacional.mx\/","name":"Conexi\u00f3n Nacional","description":"Noticias al momento","publisher":{"@id":"https:\/\/conexionnacional.mx\/#organization"},"alternateName":"Noticias nacionales","potentialAction":[{"@type":"SearchAction","target":{"@type":"EntryPoint","urlTemplate":"https:\/\/conexionnacional.mx\/?s={search_term_string}"},"query-input":{"@type":"PropertyValueSpecification","valueRequired":true,"valueName":"search_term_string"}}],"inLanguage":"es"},{"@type":"Organization","@id":"https:\/\/conexionnacional.mx\/#organization","name":"Conexi\u00f3n Nacional","url":"https:\/\/conexionnacional.mx\/","logo":{"@type":"ImageObject","inLanguage":"es","@id":"https:\/\/conexionnacional.mx\/#\/schema\/logo\/image\/","url":"https:\/\/conexionnacional.mx\/wp-content\/uploads\/2022\/09\/conexion_nacional.png","contentUrl":"https:\/\/conexionnacional.mx\/wp-content\/uploads\/2022\/09\/conexion_nacional.png","width":2964,"height":1173,"caption":"Conexi\u00f3n Nacional"},"image":{"@id":"https:\/\/conexionnacional.mx\/#\/schema\/logo\/image\/"},"sameAs":["https:\/\/www.facebook.com\/cnmxradio"]},{"@type":"Person","@id":"https:\/\/conexionnacional.mx\/#\/schema\/person\/dd14aeda902120f5e0e021903fdb6931","name":"Conexi\u00f3n Nacional","image":{"@type":"ImageObject","inLanguage":"es","@id":"https:\/\/secure.gravatar.com\/avatar\/e523100f284110b2ecca7e17b2be9cf140a5e8f35294c9ec0543e6916cc1f9be?s=96&d=blank&r=g","url":"https:\/\/secure.gravatar.com\/avatar\/e523100f284110b2ecca7e17b2be9cf140a5e8f35294c9ec0543e6916cc1f9be?s=96&d=blank&r=g","contentUrl":"https:\/\/secure.gravatar.com\/avatar\/e523100f284110b2ecca7e17b2be9cf140a5e8f35294c9ec0543e6916cc1f9be?s=96&d=blank&r=g","caption":"Conexi\u00f3n Nacional"},"sameAs":["https:\/\/conexionnacional.mx"],"url":"https:\/\/conexionnacional.mx\/index.php\/author\/administrador\/"}]}},"_links":{"self":[{"href":"https:\/\/conexionnacional.mx\/index.php\/wp-json\/wp\/v2\/posts\/21880","targetHints":{"allow":["GET"]}}],"collection":[{"href":"https:\/\/conexionnacional.mx\/index.php\/wp-json\/wp\/v2\/posts"}],"about":[{"href":"https:\/\/conexionnacional.mx\/index.php\/wp-json\/wp\/v2\/types\/post"}],"author":[{"embeddable":true,"href":"https:\/\/conexionnacional.mx\/index.php\/wp-json\/wp\/v2\/users\/1"}],"replies":[{"embeddable":true,"href":"https:\/\/conexionnacional.mx\/index.php\/wp-json\/wp\/v2\/comments?post=21880"}],"version-history":[{"count":1,"href":"https:\/\/conexionnacional.mx\/index.php\/wp-json\/wp\/v2\/posts\/21880\/revisions"}],"predecessor-version":[{"id":21882,"href":"https:\/\/conexionnacional.mx\/index.php\/wp-json\/wp\/v2\/posts\/21880\/revisions\/21882"}],"wp:featuredmedia":[{"embeddable":true,"href":"https:\/\/conexionnacional.mx\/index.php\/wp-json\/wp\/v2\/media\/21881"}],"wp:attachment":[{"href":"https:\/\/conexionnacional.mx\/index.php\/wp-json\/wp\/v2\/media?parent=21880"}],"wp:term":[{"taxonomy":"category","embeddable":true,"href":"https:\/\/conexionnacional.mx\/index.php\/wp-json\/wp\/v2\/categories?post=21880"},{"taxonomy":"post_tag","embeddable":true,"href":"https:\/\/conexionnacional.mx\/index.php\/wp-json\/wp\/v2\/tags?post=21880"}],"curies":[{"name":"wp","href":"https:\/\/api.w.org\/{rel}","templated":true}]}}